{"id":48958,"date":"2025-01-09T21:57:08","date_gmt":"2025-01-09T20:57:08","guid":{"rendered":"https:\/\/www.apfelpatient.de\/?p=48958"},"modified":"2025-01-09T21:57:10","modified_gmt":"2025-01-09T20:57:10","slug":"airtag-2-is-coming-in-2025-what-to-expect-from-the-successor","status":"publish","type":"post","link":"https:\/\/www.apfelpatient.de\/en\/allgemein\/airtag-2-kommt-2025-das-erwartet-dich-beim-nachfolger","title":{"rendered":"AirTag 2 coming in 2025: What to expect from the successor"},"content":{"rendered":"<p class=\"has-drop-cap\"><strong>The AirTag, Apple&#039;s popular tracker for locating lost items, is getting a successor soon. With new technologies and improved features, the AirTag 2 promises to usher in the next generation of item tracking. When will the new model be launched, and what will it do differently or better? Here you can find out everything you need to know.<\/strong><\/p>\n\n\n\n<p>Since the launch of the first AirTag in 2021, Apple has shown how practical smart trackers can be. Whether it&#039;s keys, luggage or other valuables - with an AirTag you always have an eye on where your things are. But since then, technology has evolved and Apple is preparing to release the AirTag 2. Rumor has it that the new model will not only offer a greater range but will also improve security features and optimize integration into the Apple universe.<\/p>\n\n\n\n<h4 class=\"wp-block-heading\" id=\"h-wann-kommt-der-airtag-2\">When will the AirTag 2 be released?<\/h4>\n\n\n\n<p>Bloomberg&#039;s Mark Gurman has reported that Apple plans to release the AirTag 2 in mid-2025. An exact announcement is currently expected by the end of June 2025. This would be four years after the launch of the original model - enough time for Apple to thoroughly develop the product.<\/p>\n\n\n\n<h4 class=\"wp-block-heading\" id=\"h-welche-neuerungen-bringt-der-airtag-2\">What new features does the AirTag 2 bring?<\/h4>\n\n\n\n<p>Apple will equip the AirTag 2 with some significant improvements that set it apart from its predecessor:<\/p>\n\n\n\n<ul class=\"wp-block-list\">\n<li>New ultra-wideband technology: The AirTag 2 will be equipped with a second-generation ultra-wideband chip. This chip offers a range up to three times greater than its predecessor. While the current version of the AirTag is limited to around 10 - 30 meters, the new AirTag can cover 60 to 90 meters.<\/li>\n\n\n\n<li>Improved security measures: A commonly criticized issue with the first AirTag was that the speaker could be easily removed, making stalking easier in some cases. Apple has reportedly taken this feedback seriously: The AirTag 2&#039;s speaker will be installed in such a way that it can no longer be easily removed. This makes the device more secure and harder to tamper with.<\/li>\n<\/ul>\n\n\n\n<figure class=\"wp-block-image size-large\"><img decoding=\"async\" width=\"1024\" height=\"576\" src=\"https:\/\/www.apfelpatient.de\/wp-content\/uploads\/2021\/04\/Apple_airtag-front-and-back-emoji-2up_042021-1024x576.jpg\" alt=\"AirTag\" class=\"wp-image-21475\" srcset=\"https:\/\/www.apfelpatient.de\/wp-content\/uploads\/2021\/04\/Apple_airtag-front-and-back-emoji-2up_042021-1024x576.jpg 1024w, https:\/\/www.apfelpatient.de\/wp-content\/uploads\/2021\/04\/Apple_airtag-front-and-back-emoji-2up_042021-300x169.jpg 300w, https:\/\/www.apfelpatient.de\/wp-content\/uploads\/2021\/04\/Apple_airtag-front-and-back-emoji-2up_042021-768x432.jpg 768w, https:\/\/www.apfelpatient.de\/wp-content\/uploads\/2021\/04\/Apple_airtag-front-and-back-emoji-2up_042021-1536x864.jpg 1536w, https:\/\/www.apfelpatient.de\/wp-content\/uploads\/2021\/04\/Apple_airtag-front-and-back-emoji-2up_042021-750x422.jpg 750w, https:\/\/www.apfelpatient.de\/wp-content\/uploads\/2021\/04\/Apple_airtag-front-and-back-emoji-2up_042021-1140x641.jpg 1140w, https:\/\/www.apfelpatient.de\/wp-content\/uploads\/2021\/04\/Apple_airtag-front-and-back-emoji-2up_042021.jpg 1960w\" sizes=\"(max-width: 1024px) 100vw, 1024px\" \/><figcaption class=\"wp-element-caption\">Image: Apple<\/figcaption><\/figure>\n\n\n\n<ul class=\"wp-block-list\">\n<li>Integration with the Apple Vision Pro: Another point that is causing a stir among technology fans is the expected better integration of the AirTag 2 with the Apple Vision Pro. What exactly that means is not yet clear, but there may be new visual features for tracking that have been specifically developed for use in the Vision Pro glasses.<\/li>\n<\/ul>\n\n\n\n<h4 class=\"wp-block-heading\" id=\"h-design-und-batterie\">design and battery<\/h4>\n\n\n\n<p>When it comes to design, Apple remains true to its simple and functional style. No major changes are expected and the battery will remain a replaceable button cell, just like its predecessor. Apple is therefore continuing to focus on a simple solution that is practical and user-friendly.<\/p>\n\n\n\n<h4 class=\"wp-block-heading\" id=\"h-preis-und-verfugbarkeit\">Price and availability<\/h4>\n\n\n\n<p class=\"translation-block\">The current AirTag costs \u20ac39 in Germany for a single piece or \u20ac129 for a pack of four. Whether Apple will adjust the price of the AirTag 2 is not yet known. However, it is likely that it will remain one of the more affordable products in Apple&#039;s portfolio. Anyone considering an AirTag 2 should also look for deals, as Apple products are often <a href=\"https:\/\/amzn.to\/40vy37J\" target=\"_blank\" rel=\"noreferrer noopener follow\" data-wpel-link=\"exclude\">available at lower prices<\/a> on Amazon.<\/p>\n\n\n\n<h3 class=\"wp-block-heading\" id=\"h-ein-upgrade-das-sich-lohnt-der-airtag-2-in-der-ubersicht\">An upgrade that&#039;s worth it: The AirTag 2 at a glance<\/h3>\n\n\n\n<p class=\"translation-block\">The AirTag 2 could be the next big step in smart tracking. With a significantly longer range, improved security measures, and new features like integration with the Vision Pro, Apple aims to make it even more convenient and secure. If you&#039;re already a fan of the original AirTag or are considering buying a tracker for your valuables, it&#039;s worth waiting for the announcement of the AirTag 2. This way, you&#039;ll stay up to date with the latest technology and benefit from all the improvements. Looking for new accessories? <a href=\"https:\/\/www.amazon.de\/shop\/apfelpatientofficial\" target=\"_blank\" rel=\"noreferrer noopener follow\" data-wpel-link=\"exclude\">Visit our Amazon Storefront<\/a> \u2013 there you&#039;ll find a wide variety of products from leading manufacturers, including HomeKit and more! (Photo by Unsplash \/ Daniel Romero)<\/p>\n\n\n\n<ul class=\"wp-block-list\">\n<li><a href=\"https:\/\/www.apfelpatient.de\/en\/generally\/iphone-18-fold-rumors-facts-and-first-details\">iPhone 18 Fold: Rumors, facts and first details<\/a><\/li>\n\n\n\n<li><a href=\"https:\/\/www.apfelpatient.de\/en\/rumors\/future-of-apple-oled-ipads-and-foldable-pro-model-in-focus\">Future of Apple: OLED iPads and foldable Pro model in focus<\/a><\/li>\n\n\n\n<li><a href=\"https:\/\/www.apfelpatient.de\/en\/rumors\/apples-foldable-iphone-hope-for-a-struggling-market\">Apple&#039;s foldable iPhone: Hope for a struggling market<\/a><\/li>\n\n\n\n<li><a href=\"https:\/\/www.apfelpatient.de\/en\/generally\/apple-vision-pro-why-this-headset-changes-the-market\">Apple Vision Pro: Why this headset is changing the market<\/a><\/li>\n\n\n\n<li><a href=\"https:\/\/www.apfelpatient.de\/en\/generally\/new-generation-apple-tv-homepod-mini-share-a-feature\">New generation: Apple TV &amp; HomePod mini share a feature<\/a><\/li>\n\n\n\n<li><a href=\"https:\/\/www.apfelpatient.de\/en\/generally\/when-will-apple-intelligence-come-to-apple-tv-apple-watch\">When will Apple Intelligence come to Apple TV &amp; Apple Watch?<\/a><\/li>\n<\/ul>\n\n\n\n<h6 class=\"wp-block-heading translation-block\" id=\"h-kennt-ihr-schon-unsere-amazon-storefront-dort-findet-ihr-eine-handverlesene-auswahl-von-diversen-produkten-f-r-euer-iphone-und-co-viel-spa-beim-st-bern\"><em>Have you already visited our Amazon Storefront? There you&#039;ll find a hand-picked selection of various products for your iPhone and other devices \u2013 <span class=\"has-inline-color has-vivid-red-color\"><a href=\"https:\/\/www.amazon.de\/shop\/apfelpatientofficial\" class=\"ek-link\" data-wpel-link=\"exclude\" rel=\"follow noopener\" target=\"_self\"><span style=\"text-decoration: underline\" class=\"ek-underline\">enjoy browsing<\/span><\/a> !<\/span><\/em><\/h6>\n\n\n\n<h6 class=\"wp-block-heading translation-block\" id=\"h-der-beitrag-enthalt-partnerlinks\">This post contains <a data-type=\"URL\" data-id=\"https:\/\/www.apfelpatient.de\/partnerprogramm\" href=\"https:\/\/www.apfelpatient.de\/en\/partner-program\" data-wpel-link=\"internal\" target=\"_self\">affiliate links<\/a>.<\/h6>","protected":false},"excerpt":{"rendered":"<p>The AirTag 2 is on the way! Discover all the new features: better range, improved security and integration with Apple Vision Pro.<\/p>","protected":false},"author":2,"featured_media":48960,"comment_status":"closed","ping_status":"closed","sticky":false,"template":"","format":"standard","meta":{"jnews-multi-image_gallery":[],"jnews_single_post":{"format":"standard","override":[{"template":"2","parallax":"1","fullscreen":"1","layout":"right-sidebar","sidebar":"default-sidebar","second_sidebar":"default-sidebar","sticky_sidebar":"1","share_position":"top","share_float_style":"share-monocrhome","show_featured":"1","show_post_meta":"1","show_post_author":"1","show_post_author_image":"1","show_post_date":"1","post_date_format":"default","post_date_format_custom":"Y\/m\/d","show_post_category":"1","show_post_reading_time":"0","post_reading_time_wpm":"300","post_calculate_word_method":"str_word_count","show_zoom_button":"0","zoom_button_out_step":"2","zoom_button_in_step":"3","show_post_tag":"1","show_prev_next_post":"1","show_popup_post":"1","number_popup_post":"1","show_author_box":"0","show_post_related":"0","show_inline_post_related":"0"}],"image_override":[{"single_post_thumbnail_size":"crop-500","single_post_gallery_size":"crop-500"}],"trending_post_position":"meta","trending_post_label":"Trending","sponsored_post_label":"Sponsored by","disable_ad":"0"},"jnews_primary_category":{"id":"2"},"footnotes":""},"categories":[2],"tags":[328],"class_list":["post-48958","post","type-post","status-publish","format-standard","has-post-thumbnail","hentry","category-allgemein","tag-airtag"],"yoast_head":"<!-- This site is optimized with the Yoast SEO Premium plugin v27.5 (Yoast SEO v27.5) - https:\/\/yoast.com\/product\/yoast-seo-premium-wordpress\/ -->\n<title>AirTag 2 kommt 2025: Das erwartet dich beim Nachfolger Apfelpatient<\/title>\n<meta name=\"description\" content=\"Der AirTag 2 ist auf dem Weg! Entdecke alle Neuerungen: Bessere Reichweite, verbesserte Sicherheit und Integration mit Apple Vision Pro.\" \/>\n<meta name=\"robots\" content=\"index, follow, max-snippet:-1, max-image-preview:large, max-video-preview:-1\" \/>\n<link rel=\"canonical\" href=\"https:\/\/www.apfelpatient.de\/en\/generally\/airtag-2-is-coming-in-2025-what-to-expect-from-the-successor\" \/>\n<meta property=\"og:locale\" content=\"en_US\" \/>\n<meta property=\"og:type\" content=\"article\" \/>\n<meta property=\"og:title\" content=\"AirTag 2 kommt 2025: Das erwartet dich beim Nachfolger\" \/>\n<meta property=\"og:description\" content=\"Der AirTag 2 ist auf dem Weg! Entdecke alle Neuerungen: Bessere Reichweite, verbesserte Sicherheit und Integration mit Apple Vision Pro.\" \/>\n<meta property=\"og:url\" content=\"https:\/\/www.apfelpatient.de\/en\/generally\/airtag-2-is-coming-in-2025-what-to-expect-from-the-successor\" \/>\n<meta property=\"og:site_name\" content=\"Apfelpatient\" \/>\n<meta property=\"article:publisher\" content=\"https:\/\/www.facebook.com\/apfelpatientOfficial\" \/>\n<meta property=\"article:author\" content=\"https:\/\/www.facebook.com\/apfelpatientOfficial\" \/>\n<meta property=\"article:published_time\" content=\"2025-01-09T20:57:08+00:00\" \/>\n<meta property=\"article:modified_time\" content=\"2025-01-09T20:57:10+00:00\" \/>\n<meta property=\"og:image\" content=\"https:\/\/www.apfelpatient.de\/wp-content\/uploads\/2025\/01\/daniel-romero-7Oxnu9lcVD0-unsplash.jpg\" \/>\n\t<meta property=\"og:image:width\" content=\"1600\" \/>\n\t<meta property=\"og:image:height\" content=\"900\" \/>\n\t<meta property=\"og:image:type\" content=\"image\/jpeg\" \/>\n<meta name=\"author\" content=\"Milan\" \/>\n<meta name=\"twitter:card\" content=\"summary_large_image\" \/>\n<meta name=\"twitter:description\" content=\"Der AirTag 2 ist auf dem Weg! Entdecke alle Neuerungen: Bessere Reichweite, verbesserte Sicherheit und Integration mit Apple Vision Pro.\" \/>\n<meta name=\"twitter:label1\" content=\"Written by\" \/>\n\t<meta name=\"twitter:data1\" content=\"Milan\" \/>\n\t<meta name=\"twitter:label2\" content=\"Est. reading time\" \/>\n\t<meta name=\"twitter:data2\" content=\"12 minutes\" \/>\n<script type=\"application\/ld+json\" class=\"yoast-schema-graph\">{\"@context\":\"https:\\\/\\\/schema.org\",\"@graph\":[{\"@type\":\"NewsArticle\",\"@id\":\"https:\\\/\\\/www.apfelpatient.de\\\/allgemein\\\/airtag-2-kommt-2025-das-erwartet-dich-beim-nachfolger#article\",\"isPartOf\":{\"@id\":\"https:\\\/\\\/www.apfelpatient.de\\\/allgemein\\\/airtag-2-kommt-2025-das-erwartet-dich-beim-nachfolger\"},\"author\":{\"@type\":\"Organization\",\"@id\":\"https:\\\/\\\/www.apfelpatient.de\\\/en\\\/#organization\",\"name\":\"Apfelpatient\",\"url\":\"https:\\\/\\\/www.apfelpatient.de\\\/en\\\/\"},\"headline\":\"AirTag 2 kommt 2025: Das erwartet dich beim Nachfolger\",\"datePublished\":\"2025-01-09T20:57:08+00:00\",\"dateModified\":\"2025-01-09T20:57:10+00:00\",\"mainEntityOfPage\":{\"@id\":\"https:\\\/\\\/www.apfelpatient.de\\\/allgemein\\\/airtag-2-kommt-2025-das-erwartet-dich-beim-nachfolger\"},\"wordCount\":705,\"publisher\":{\"@type\":\"Organization\",\"@id\":\"https:\\\/\\\/www.apfelpatient.de\\\/en\\\/#organization\",\"name\":\"Apfelpatient\",\"url\":\"https:\\\/\\\/www.apfelpatient.de\\\/en\\\/\"},\"image\":{\"@id\":\"https:\\\/\\\/www.apfelpatient.de\\\/allgemein\\\/airtag-2-kommt-2025-das-erwartet-dich-beim-nachfolger#primaryimage\"},\"thumbnailUrl\":\"https:\\\/\\\/www.apfelpatient.de\\\/wp-content\\\/uploads\\\/2025\\\/01\\\/daniel-romero-7Oxnu9lcVD0-unsplash.jpg\",\"keywords\":[\"AirTags\"],\"articleSection\":\"Allgemein\",\"inLanguage\":\"en-US\",\"copyrightYear\":\"2025\",\"copyrightHolder\":{\"@id\":\"https:\\\/\\\/www.apfelpatient.de\\\/en\\\/#organization\"}},{\"@type\":\"WebPage\",\"@id\":\"https:\\\/\\\/www.apfelpatient.de\\\/allgemein\\\/airtag-2-kommt-2025-das-erwartet-dich-beim-nachfolger\",\"url\":\"https:\\\/\\\/www.apfelpatient.de\\\/allgemein\\\/airtag-2-kommt-2025-das-erwartet-dich-beim-nachfolger\",\"name\":\"AirTag 2 kommt 2025: Das erwartet dich beim Nachfolger Apfelpatient\",\"isPartOf\":{\"@id\":\"https:\\\/\\\/www.apfelpatient.de\\\/#website\"},\"primaryImageOfPage\":{\"@id\":\"https:\\\/\\\/www.apfelpatient.de\\\/allgemein\\\/airtag-2-kommt-2025-das-erwartet-dich-beim-nachfolger#primaryimage\"},\"image\":{\"@id\":\"https:\\\/\\\/www.apfelpatient.de\\\/allgemein\\\/airtag-2-kommt-2025-das-erwartet-dich-beim-nachfolger#primaryimage\"},\"thumbnailUrl\":\"https:\\\/\\\/www.apfelpatient.de\\\/wp-content\\\/uploads\\\/2025\\\/01\\\/daniel-romero-7Oxnu9lcVD0-unsplash.jpg\",\"datePublished\":\"2025-01-09T20:57:08+00:00\",\"dateModified\":\"2025-01-09T20:57:10+00:00\",\"description\":\"Der AirTag 2 ist auf dem Weg! Entdecke alle Neuerungen: Bessere Reichweite, verbesserte Sicherheit und Integration mit Apple Vision Pro.\",\"breadcrumb\":{\"@id\":\"https:\\\/\\\/www.apfelpatient.de\\\/allgemein\\\/airtag-2-kommt-2025-das-erwartet-dich-beim-nachfolger#breadcrumb\"},\"inLanguage\":\"en-US\",\"potentialAction\":[{\"@type\":\"ReadAction\",\"target\":[\"https:\\\/\\\/www.apfelpatient.de\\\/allgemein\\\/airtag-2-kommt-2025-das-erwartet-dich-beim-nachfolger\"]}]},{\"@type\":\"ImageObject\",\"inLanguage\":\"en-US\",\"@id\":\"https:\\\/\\\/www.apfelpatient.de\\\/allgemein\\\/airtag-2-kommt-2025-das-erwartet-dich-beim-nachfolger#primaryimage\",\"url\":\"https:\\\/\\\/www.apfelpatient.de\\\/wp-content\\\/uploads\\\/2025\\\/01\\\/daniel-romero-7Oxnu9lcVD0-unsplash.jpg\",\"contentUrl\":\"https:\\\/\\\/www.apfelpatient.de\\\/wp-content\\\/uploads\\\/2025\\\/01\\\/daniel-romero-7Oxnu9lcVD0-unsplash.jpg\",\"width\":1600,\"height\":900,\"caption\":\"Photo by Unsplash \\\/ Daniel Romero\"},{\"@type\":\"BreadcrumbList\",\"@id\":\"https:\\\/\\\/www.apfelpatient.de\\\/allgemein\\\/airtag-2-kommt-2025-das-erwartet-dich-beim-nachfolger#breadcrumb\",\"itemListElement\":[{\"@type\":\"ListItem\",\"position\":1,\"name\":\"Startseite\",\"item\":\"https:\\\/\\\/www.apfelpatient.de\\\/\"},{\"@type\":\"ListItem\",\"position\":2,\"name\":\"AirTag 2 kommt 2025: Das erwartet dich beim Nachfolger\"}]},{\"@type\":\"WebSite\",\"@id\":\"https:\\\/\\\/www.apfelpatient.de\\\/#website\",\"url\":\"https:\\\/\\\/www.apfelpatient.de\\\/\",\"name\":\"Apfelpatient\",\"description\":\"Alles rund um Apple!\",\"publisher\":{\"@type\":\"Organization\",\"@id\":\"https:\\\/\\\/www.apfelpatient.de\\\/en\\\/#organization\",\"name\":\"Apfelpatient\",\"url\":\"https:\\\/\\\/www.apfelpatient.de\\\/en\\\/\"},\"alternateName\":\"Apfelpatient\",\"potentialAction\":[{\"@type\":\"SearchAction\",\"target\":{\"@type\":\"EntryPoint\",\"urlTemplate\":\"https:\\\/\\\/www.apfelpatient.de\\\/?s={search_term_string}\"},\"query-input\":{\"@type\":\"PropertyValueSpecification\",\"valueRequired\":true,\"valueName\":\"search_term_string\"}}],\"inLanguage\":\"en-US\"},{\"@type\":[\"Person\",\"Organization\"],\"@id\":\"https:\\\/\\\/www.apfelpatient.de\\\/#\\\/schema\\\/person\\\/7dc56ad6c8e9824b76d2c08d4c140e13\",\"name\":\"Milan\",\"logo\":{\"@id\":\"https:\\\/\\\/www.apfelpatient.de\\\/#\\\/schema\\\/person\\\/image\\\/\"},\"description\":\"Hallo und herzlich willkommen auf meinem Technik-Blog! Als gro\u00dfer Apple-Fan berichte ich hier \u00fcber alles, was mit Apple zu tun hat: von den neuesten News und spannenden Ger\u00fcchten \u00fcber hilfreiche Tipps und Tricks bis hin zu ausf\u00fchrlichen Produkttests. Wenn du genauso technikbegeistert bist wie ich, bist du hier genau richtig!\",\"sameAs\":[\"https:\\\/\\\/www.facebook.com\\\/apfelpatientOfficial\",\"https:\\\/\\\/www.linkedin.com\\\/in\\\/milan-jovicic-42aa0231b\"],\"url\":\"https:\\\/\\\/www.apfelpatient.de\\\/en\\\/author\\\/apfeladmin\"}]}<\/script>\n<!-- \/ Yoast SEO Premium plugin. -->","yoast_head_json":{"title":"AirTag 2 is coming in 2025: What to expect from the successor Apfelpatient","description":"The AirTag 2 is on the way! Discover all the new features: better range, improved security and integration with Apple Vision Pro.","robots":{"index":"index","follow":"follow","max-snippet":"max-snippet:-1","max-image-preview":"max-image-preview:large","max-video-preview":"max-video-preview:-1"},"canonical":"https:\/\/www.apfelpatient.de\/en\/generally\/airtag-2-is-coming-in-2025-what-to-expect-from-the-successor","og_locale":"en_US","og_type":"article","og_title":"AirTag 2 kommt 2025: Das erwartet dich beim Nachfolger","og_description":"Der AirTag 2 ist auf dem Weg! Entdecke alle Neuerungen: Bessere Reichweite, verbesserte Sicherheit und Integration mit Apple Vision Pro.","og_url":"https:\/\/www.apfelpatient.de\/en\/generally\/airtag-2-is-coming-in-2025-what-to-expect-from-the-successor","og_site_name":"Apfelpatient","article_publisher":"https:\/\/www.facebook.com\/apfelpatientOfficial","article_author":"https:\/\/www.facebook.com\/apfelpatientOfficial","article_published_time":"2025-01-09T20:57:08+00:00","article_modified_time":"2025-01-09T20:57:10+00:00","og_image":[{"width":1600,"height":900,"url":"https:\/\/www.apfelpatient.de\/wp-content\/uploads\/2025\/01\/daniel-romero-7Oxnu9lcVD0-unsplash.jpg","type":"image\/jpeg"}],"author":"Milan","twitter_card":"summary_large_image","twitter_description":"Der AirTag 2 ist auf dem Weg! Entdecke alle Neuerungen: Bessere Reichweite, verbesserte Sicherheit und Integration mit Apple Vision Pro.","twitter_misc":{"Written by":"Milan","Est. reading time":"12 minutes"},"schema":{"@context":"https:\/\/schema.org","@graph":[{"@type":"NewsArticle","@id":"https:\/\/www.apfelpatient.de\/allgemein\/airtag-2-kommt-2025-das-erwartet-dich-beim-nachfolger#article","isPartOf":{"@id":"https:\/\/www.apfelpatient.de\/allgemein\/airtag-2-kommt-2025-das-erwartet-dich-beim-nachfolger"},"author":{"@type":"Organization","@id":"https:\/\/www.apfelpatient.de\/en\/#organization","name":"Apfelpatient","url":"https:\/\/www.apfelpatient.de\/en\/"},"headline":"AirTag 2 kommt 2025: Das erwartet dich beim Nachfolger","datePublished":"2025-01-09T20:57:08+00:00","dateModified":"2025-01-09T20:57:10+00:00","mainEntityOfPage":{"@id":"https:\/\/www.apfelpatient.de\/allgemein\/airtag-2-kommt-2025-das-erwartet-dich-beim-nachfolger"},"wordCount":705,"publisher":{"@type":"Organization","@id":"https:\/\/www.apfelpatient.de\/en\/#organization","name":"Apfelpatient","url":"https:\/\/www.apfelpatient.de\/en\/"},"image":{"@id":"https:\/\/www.apfelpatient.de\/allgemein\/airtag-2-kommt-2025-das-erwartet-dich-beim-nachfolger#primaryimage"},"thumbnailUrl":"https:\/\/www.apfelpatient.de\/wp-content\/uploads\/2025\/01\/daniel-romero-7Oxnu9lcVD0-unsplash.jpg","keywords":["AirTags"],"articleSection":"Allgemein","inLanguage":"en-US","copyrightYear":"2025","copyrightHolder":{"@id":"https:\/\/www.apfelpatient.de\/en\/#organization"}},{"@type":"WebPage","@id":"https:\/\/www.apfelpatient.de\/allgemein\/airtag-2-kommt-2025-das-erwartet-dich-beim-nachfolger","url":"https:\/\/www.apfelpatient.de\/allgemein\/airtag-2-kommt-2025-das-erwartet-dich-beim-nachfolger","name":"AirTag 2 is coming in 2025: What to expect from the successor Apfelpatient","isPartOf":{"@id":"https:\/\/www.apfelpatient.de\/#website"},"primaryImageOfPage":{"@id":"https:\/\/www.apfelpatient.de\/allgemein\/airtag-2-kommt-2025-das-erwartet-dich-beim-nachfolger#primaryimage"},"image":{"@id":"https:\/\/www.apfelpatient.de\/allgemein\/airtag-2-kommt-2025-das-erwartet-dich-beim-nachfolger#primaryimage"},"thumbnailUrl":"https:\/\/www.apfelpatient.de\/wp-content\/uploads\/2025\/01\/daniel-romero-7Oxnu9lcVD0-unsplash.jpg","datePublished":"2025-01-09T20:57:08+00:00","dateModified":"2025-01-09T20:57:10+00:00","description":"The AirTag 2 is on the way! Discover all the new features: better range, improved security and integration with Apple Vision Pro.","breadcrumb":{"@id":"https:\/\/www.apfelpatient.de\/allgemein\/airtag-2-kommt-2025-das-erwartet-dich-beim-nachfolger#breadcrumb"},"inLanguage":"en-US","potentialAction":[{"@type":"ReadAction","target":["https:\/\/www.apfelpatient.de\/allgemein\/airtag-2-kommt-2025-das-erwartet-dich-beim-nachfolger"]}]},{"@type":"ImageObject","inLanguage":"en-US","@id":"https:\/\/www.apfelpatient.de\/allgemein\/airtag-2-kommt-2025-das-erwartet-dich-beim-nachfolger#primaryimage","url":"https:\/\/www.apfelpatient.de\/wp-content\/uploads\/2025\/01\/daniel-romero-7Oxnu9lcVD0-unsplash.jpg","contentUrl":"https:\/\/www.apfelpatient.de\/wp-content\/uploads\/2025\/01\/daniel-romero-7Oxnu9lcVD0-unsplash.jpg","width":1600,"height":900,"caption":"Photo by Unsplash \/ Daniel Romero"},{"@type":"BreadcrumbList","@id":"https:\/\/www.apfelpatient.de\/allgemein\/airtag-2-kommt-2025-das-erwartet-dich-beim-nachfolger#breadcrumb","itemListElement":[{"@type":"ListItem","position":1,"name":"Startseite","item":"https:\/\/www.apfelpatient.de\/"},{"@type":"ListItem","position":2,"name":"AirTag 2 kommt 2025: Das erwartet dich beim Nachfolger"}]},{"@type":"WebSite","@id":"https:\/\/www.apfelpatient.de\/#website","url":"https:\/\/www.apfelpatient.de\/","name":"apple patient","description":"Everything about Apple!","publisher":{"@type":"Organization","@id":"https:\/\/www.apfelpatient.de\/en\/#organization","name":"Apfelpatient","url":"https:\/\/www.apfelpatient.de\/en\/"},"alternateName":"Apfelpatient","potentialAction":[{"@type":"SearchAction","target":{"@type":"EntryPoint","urlTemplate":"https:\/\/www.apfelpatient.de\/?s={search_term_string}"},"query-input":{"@type":"PropertyValueSpecification","valueRequired":true,"valueName":"search_term_string"}}],"inLanguage":"en-US"},{"@type":["Person","Organization"],"@id":"https:\/\/www.apfelpatient.de\/#\/schema\/person\/7dc56ad6c8e9824b76d2c08d4c140e13","name":"Milan","logo":{"@id":"https:\/\/www.apfelpatient.de\/#\/schema\/person\/image\/"},"description":"Hello and welcome to my technology blog! As a big Apple fan, I report on everything to do with Apple: from the latest news and exciting rumors to helpful tips and tricks and detailed product tests. If you are as enthusiastic about technology as I am, you have come to the right place!","sameAs":["https:\/\/www.facebook.com\/apfelpatientOfficial","https:\/\/www.linkedin.com\/in\/milan-jovicic-42aa0231b"],"url":"https:\/\/www.apfelpatient.de\/en\/author\/apfeladmin"}]}},"_links":{"self":[{"href":"https:\/\/www.apfelpatient.de\/en\/wp-json\/wp\/v2\/posts\/48958","targetHints":{"allow":["GET"]}}],"collection":[{"href":"https:\/\/www.apfelpatient.de\/en\/wp-json\/wp\/v2\/posts"}],"about":[{"href":"https:\/\/www.apfelpatient.de\/en\/wp-json\/wp\/v2\/types\/post"}],"author":[{"embeddable":true,"href":"https:\/\/www.apfelpatient.de\/en\/wp-json\/wp\/v2\/users\/2"}],"replies":[{"embeddable":true,"href":"https:\/\/www.apfelpatient.de\/en\/wp-json\/wp\/v2\/comments?post=48958"}],"version-history":[{"count":0,"href":"https:\/\/www.apfelpatient.de\/en\/wp-json\/wp\/v2\/posts\/48958\/revisions"}],"wp:featuredmedia":[{"embeddable":true,"href":"https:\/\/www.apfelpatient.de\/en\/wp-json\/wp\/v2\/media\/48960"}],"wp:attachment":[{"href":"https:\/\/www.apfelpatient.de\/en\/wp-json\/wp\/v2\/media?parent=48958"}],"wp:term":[{"taxonomy":"category","embeddable":true,"href":"https:\/\/www.apfelpatient.de\/en\/wp-json\/wp\/v2\/categories?post=48958"},{"taxonomy":"post_tag","embeddable":true,"href":"https:\/\/www.apfelpatient.de\/en\/wp-json\/wp\/v2\/tags?post=48958"}],"curies":[{"name":"wp","href":"https:\/\/api.w.org\/{rel}","templated":true}]}}