{"id":4889,"date":"2019-06-24T20:14:17","date_gmt":"2019-06-24T18:14:17","guid":{"rendered":"https:\/\/www.apfelpatient.de\/?p=4889"},"modified":"2025-02-06T07:36:57","modified_gmt":"2025-02-06T06:36:57","slug":"apple-releases-first-public-beta-for-ios-13-ipados-13-and-macos-10-15-catalina","status":"publish","type":"post","link":"https:\/\/www.apfelpatient.de\/en\/news\/apple-gibt-erste-public-beta-zu-ios-13-ipados-13-und-macos-10-15-catalina-frei","title":{"rendered":"Apple releases first public beta of iOS 13, iPadOS 13 and macOS 10.15 Catalina"},"content":{"rendered":"<p><strong>Apple released the first public beta of iOS 13, iPadOS 13 and macOS 10.15 Catalina this evening. <\/strong><strong>The updates are now available for registered beta testers.<\/strong><\/p>\n<p>Apple originally announced the first public beta for iOS 13, iPadOS 13 and macOS 10.15 Catalina for July. Now, completely unexpectedly, the company has brought the updates forward. Although all three versions are now running quite stably, there are still various bugs and general performance problems. Many apps are also still incompatible. Volunteer testers should of course also be prepared for problems with battery life.<\/p>\n<p class=\"p1\"><\/p>\n<p><a href=\"https:\/\/www.apfelpatient.de\/en\">iOS 13<\/a> contains numerous updates and improvements. In addition to the long-awaited Dark Mode, there are general performance improvements and many new features. A particularly important function is the \u201c<a href=\"https:\/\/www.apfelpatient.de\/en\">Optimized battery charging<\/a>\u201d \u2013 this should have a positive effect on the battery status of the iOS device. <a href=\"https:\/\/www.apfelpatient.de\/en\">iPadOS 13<\/a> includes a redesigned Files app, home screen updates, key improvements to Safari, folder sharing for iCloud Drive, and more\u2014read more here.<\/p>\n<p><strong>Bye Bye iTunes<\/strong><\/p>\n<p>With macOS 10.15 Catalina, <a href=\"https:\/\/www.apfelpatient.de\/en\">iTunes<\/a> buried for good. What was previously found in iTunes will be independent with the new operating system from autumn. Music, podcasts, films and series will each have their own application. The new podcast app offers a special search function - it finds texts that were spoken in podcasts. <a href=\"https:\/\/www.apfelpatient.de\/en\">iOS backups<\/a> are stored in the Finder under Catalina. The new TV app under macOS looks like the TV app under iOS. Playback of compatible content includes 4K HDR and Atmos content. Users will also be able to use their iPad as a second screen in the future. The feature is called \u201cSidecar\u201d. Problems with iOS 13, iPadOS 13 and macOS Catalina can be reported using the integrated feedback application on the respective test device. Apple&#039;s beta website is still offline for many users. Would you like to take part in the voluntary beta program for iOS 13? No problem - <a href=\"https:\/\/www.apfelpatient.de\/en\">we accompany you<\/a> included. <em>(Photo by Unsplash)<\/em><\/p>\n<h6><a href=\"https:\/\/t.me\/apfelpatient_official\"><em><strong>Don&#039;t want to miss any more news? Then subscribe to our Telegram channel here<\/strong><\/em><\/a><\/h6>\n<div class=\"brlbs-cmpnt-container brlbs-cmpnt-content-blocker brlbs-cmpnt-with-individual-styles\" data-borlabs-cookie-content-blocker-id=\"default\" data-borlabs-cookie-content=\"PGlmcmFtZSBzdHlsZT0id2lkdGg6IDEyMHB4OyBoZWlnaHQ6IDI0MHB4OyIgc3JjPSIvL3dzLWV1LmFtYXpvbi1hZHN5c3RlbS5jb20vd2lkZ2V0cy9xP1NlcnZpY2VWZXJzaW9uPTIwMDcwODIyJmFtcDtPbmVKUz0xJmFtcDtPcGVyYXRpb249R2V0QWRIdG1sJmFtcDtNYXJrZXRQbGFjZT1ERSZhbXA7c291cmNlPWFjJmFtcDtyZWY9dGZfdGlsJmFtcDthZF90eXBlPXByb2R1Y3RfbGluayZhbXA7dHJhY2tpbmdfaWQ9YXBmZWxwYXRpZW50LTIxJmFtcDttYXJrZXRwbGFjZT1hbWF6b24mYW1wO3JlZ2lvbj1ERSZhbXA7cGxhY2VtZW50PUIwN05ZMlk3MlImYW1wO2FzaW5zPUIwN05ZMlk3MlImYW1wO2xpbmtJZD0zZjFhYmZiNDJiMGFjMzNlY2NiYzE2ZTBlZGE2ODE1ZCZhbXA7c2hvd19ib3JkZXI9dHJ1ZSZhbXA7bGlua19vcGVuc19pbl9uZXdfd2luZG93PXRydWUmYW1wO3ByaWNlX2NvbG9yPTMzMzMzMyZhbXA7dGl0bGVfY29sb3I9MDA2NmMwJmFtcDtiZ19jb2xvcj1mZmZmZmYiIGZyYW1lYm9yZGVyPSIwIiBtYXJnaW53aWR0aD0iMCIgbWFyZ2luaGVpZ2h0PSIwIiBzY3JvbGxpbmc9Im5vIj4KPC9pZnJhbWU+\">\n<div class=\"brlbs-cmpnt-cb-preset-a\">\n<p class=\"brlbs-cmpnt-cb-description\">You are currently seeing a placeholder content of <strong>Standard<\/strong>. To access the actual content, click on the button below. Please note that data will be passed on to third-party providers.<\/p>\n<div class=\"brlbs-cmpnt-cb-buttons\"> <a class=\"brlbs-cmpnt-cb-btn\" href=\"#\" data-borlabs-cookie-unblock role=\"button\">Unlock content<\/a> <a class=\"brlbs-cmpnt-cb-btn\" href=\"#\" data-borlabs-cookie-accept-service role=\"button\" style=\"display: none\">Accept required service and unblock content<\/a> <\/div>\n<p> <a class=\"brlbs-cmpnt-cb-provider-toggle\" href=\"#\" data-borlabs-cookie-show-provider-information role=\"button\">Further information<\/a> <\/div>\n<\/div>","protected":false},"excerpt":{"rendered":"<p>Apple hat am heutigen Abend die erste Public Beta zu iOS 13, iPadOS 13 und macOS 10.15 Catalina freigegeben. Die Updates sind ab sofort f\u00fcr registrierte Beta-Tester verf\u00fcgbar. Apple hat urspr\u00fcnglich die erste \u00f6ffentliche Beta zu iOS 13, iPadOS 13 und macOS 10.15 Catalina f\u00fcr Juli angek\u00fcndigt. Nun hat der Konzern v\u00f6llig \u00fcberraschend die Aktualisierungen [&hellip;]<\/p>\n","protected":false},"author":2,"featured_media":4662,"comment_status":"open","ping_status":"open","sticky":false,"template":"","format":"standard","meta":{"jnews-multi-image_gallery":[],"jnews_single_post":[],"jnews_primary_category":[],"footnotes":""},"categories":[9],"tags":[56,3,199,33,4,289],"class_list":["post-4889","post","type-post","status-publish","format-standard","has-post-thumbnail","hentry","category-news","tag-beta","tag-ios","tag-ios-13","tag-ipados","tag-macos","tag-macos-10-15-catalina"],"yoast_head":"<!-- This site is optimized with the Yoast SEO Premium plugin v27.5 (Yoast SEO v27.5) - https:\/\/yoast.com\/product\/yoast-seo-premium-wordpress\/ -->\n<title>Apple gibt erste Public Beta zu iOS 13, iPadOS 13 und macOS 10.15 Catalina frei Apfelpatient<\/title>\n<meta name=\"description\" content=\"- Apple hat am heutigen Abend die erste Public Beta zu iOS 13, iPadOS 13 und macOS 10.15 Catalina freigegeben.Die Updates sind ab sofort f\u00fcr registrierte Beta-Tester verf\u00fcgbar.\" \/>\n<meta name=\"robots\" content=\"index, follow, max-snippet:-1, max-image-preview:large, max-video-preview:-1\" \/>\n<link rel=\"canonical\" href=\"https:\/\/www.apfelpatient.de\/en\/news\/apple-releases-first-public-beta-for-ios-13-ipados-13-and-macos-10-15-catalina\" \/>\n<meta property=\"og:locale\" content=\"en_US\" \/>\n<meta property=\"og:type\" content=\"article\" \/>\n<meta property=\"og:title\" content=\"Apple gibt erste Public Beta zu iOS 13, iPadOS 13 und macOS 10.15 Catalina frei\" \/>\n<meta property=\"og:description\" content=\"- Apple hat am heutigen Abend die erste Public Beta zu iOS 13, iPadOS 13 und macOS 10.15 Catalina freigegeben.Die Updates sind ab sofort f\u00fcr registrierte Beta-Tester verf\u00fcgbar.\" \/>\n<meta property=\"og:url\" content=\"https:\/\/www.apfelpatient.de\/en\/news\/apple-releases-first-public-beta-for-ios-13-ipados-13-and-macos-10-15-catalina\" \/>\n<meta property=\"og:site_name\" content=\"Apfelpatient\" \/>\n<meta property=\"article:publisher\" content=\"https:\/\/www.facebook.com\/apfelpatientOfficial\" \/>\n<meta property=\"article:author\" content=\"https:\/\/www.facebook.com\/apfelpatientOfficial\" \/>\n<meta property=\"article:published_time\" content=\"2019-06-24T18:14:17+00:00\" \/>\n<meta property=\"article:modified_time\" content=\"2025-02-06T06:36:57+00:00\" \/>\n<meta property=\"og:image\" content=\"https:\/\/www.apfelpatient.de\/wp-content\/uploads\/2019\/06\/austin-distel-1645543-unsplash.jpg\" \/>\n\t<meta property=\"og:image:width\" content=\"3946\" \/>\n\t<meta property=\"og:image:height\" content=\"2631\" \/>\n\t<meta property=\"og:image:type\" content=\"image\/jpeg\" \/>\n<meta name=\"author\" content=\"Milan\" \/>\n<meta name=\"twitter:card\" content=\"summary_large_image\" \/>\n<meta name=\"twitter:label1\" content=\"Written by\" \/>\n\t<meta name=\"twitter:data1\" content=\"Milan\" \/>\n\t<meta name=\"twitter:label2\" content=\"Est. reading time\" \/>\n\t<meta name=\"twitter:data2\" content=\"2 minutes\" \/>\n<script type=\"application\/ld+json\" class=\"yoast-schema-graph\">{\"@context\":\"https:\\\/\\\/schema.org\",\"@graph\":[{\"@type\":\"NewsArticle\",\"@id\":\"https:\\\/\\\/www.apfelpatient.de\\\/news\\\/apple-gibt-erste-public-beta-zu-ios-13-ipados-13-und-macos-10-15-catalina-frei#article\",\"isPartOf\":{\"@id\":\"https:\\\/\\\/www.apfelpatient.de\\\/news\\\/apple-gibt-erste-public-beta-zu-ios-13-ipados-13-und-macos-10-15-catalina-frei\"},\"author\":{\"@type\":\"Organization\",\"@id\":\"https:\\\/\\\/www.apfelpatient.de\\\/en\\\/#organization\",\"name\":\"Apfelpatient\",\"url\":\"https:\\\/\\\/www.apfelpatient.de\\\/en\\\/\"},\"headline\":\"Apple gibt erste Public Beta zu iOS 13, iPadOS 13 und macOS 10.15 Catalina frei\",\"datePublished\":\"2019-06-24T18:14:17+00:00\",\"dateModified\":\"2025-02-06T06:36:57+00:00\",\"mainEntityOfPage\":{\"@id\":\"https:\\\/\\\/www.apfelpatient.de\\\/news\\\/apple-gibt-erste-public-beta-zu-ios-13-ipados-13-und-macos-10-15-catalina-frei\"},\"wordCount\":337,\"commentCount\":0,\"publisher\":{\"@type\":\"Organization\",\"@id\":\"https:\\\/\\\/www.apfelpatient.de\\\/en\\\/#organization\",\"name\":\"Apfelpatient\",\"url\":\"https:\\\/\\\/www.apfelpatient.de\\\/en\\\/\"},\"image\":{\"@id\":\"https:\\\/\\\/www.apfelpatient.de\\\/news\\\/apple-gibt-erste-public-beta-zu-ios-13-ipados-13-und-macos-10-15-catalina-frei#primaryimage\"},\"thumbnailUrl\":\"https:\\\/\\\/www.apfelpatient.de\\\/wp-content\\\/uploads\\\/2019\\\/06\\\/austin-distel-1645543-unsplash.jpg\",\"keywords\":[\"Beta\",\"iOS\",\"iOS 13\",\"iPadOS\",\"macOS\",\"macOS 10.15 Catalina\"],\"articleSection\":\"News\",\"inLanguage\":\"en-US\",\"potentialAction\":[{\"@type\":\"CommentAction\",\"name\":\"Comment\",\"target\":[\"https:\\\/\\\/www.apfelpatient.de\\\/news\\\/apple-gibt-erste-public-beta-zu-ios-13-ipados-13-und-macos-10-15-catalina-frei#respond\"]}],\"copyrightYear\":\"2019\",\"copyrightHolder\":{\"@id\":\"https:\\\/\\\/www.apfelpatient.de\\\/en\\\/#organization\"}},{\"@type\":\"WebPage\",\"@id\":\"https:\\\/\\\/www.apfelpatient.de\\\/news\\\/apple-gibt-erste-public-beta-zu-ios-13-ipados-13-und-macos-10-15-catalina-frei\",\"url\":\"https:\\\/\\\/www.apfelpatient.de\\\/news\\\/apple-gibt-erste-public-beta-zu-ios-13-ipados-13-und-macos-10-15-catalina-frei\",\"name\":\"Apple gibt erste Public Beta zu iOS 13, iPadOS 13 und macOS 10.15 Catalina frei Apfelpatient\",\"isPartOf\":{\"@id\":\"https:\\\/\\\/www.apfelpatient.de\\\/#website\"},\"primaryImageOfPage\":{\"@id\":\"https:\\\/\\\/www.apfelpatient.de\\\/news\\\/apple-gibt-erste-public-beta-zu-ios-13-ipados-13-und-macos-10-15-catalina-frei#primaryimage\"},\"image\":{\"@id\":\"https:\\\/\\\/www.apfelpatient.de\\\/news\\\/apple-gibt-erste-public-beta-zu-ios-13-ipados-13-und-macos-10-15-catalina-frei#primaryimage\"},\"thumbnailUrl\":\"https:\\\/\\\/www.apfelpatient.de\\\/wp-content\\\/uploads\\\/2019\\\/06\\\/austin-distel-1645543-unsplash.jpg\",\"datePublished\":\"2019-06-24T18:14:17+00:00\",\"dateModified\":\"2025-02-06T06:36:57+00:00\",\"description\":\"- Apple hat am heutigen Abend die erste Public Beta zu iOS 13, iPadOS 13 und macOS 10.15 Catalina freigegeben.Die Updates sind ab sofort f\u00fcr registrierte Beta-Tester verf\u00fcgbar.\",\"breadcrumb\":{\"@id\":\"https:\\\/\\\/www.apfelpatient.de\\\/news\\\/apple-gibt-erste-public-beta-zu-ios-13-ipados-13-und-macos-10-15-catalina-frei#breadcrumb\"},\"inLanguage\":\"en-US\",\"potentialAction\":[{\"@type\":\"ReadAction\",\"target\":[\"https:\\\/\\\/www.apfelpatient.de\\\/news\\\/apple-gibt-erste-public-beta-zu-ios-13-ipados-13-und-macos-10-15-catalina-frei\"]}]},{\"@type\":\"ImageObject\",\"inLanguage\":\"en-US\",\"@id\":\"https:\\\/\\\/www.apfelpatient.de\\\/news\\\/apple-gibt-erste-public-beta-zu-ios-13-ipados-13-und-macos-10-15-catalina-frei#primaryimage\",\"url\":\"https:\\\/\\\/www.apfelpatient.de\\\/wp-content\\\/uploads\\\/2019\\\/06\\\/austin-distel-1645543-unsplash.jpg\",\"contentUrl\":\"https:\\\/\\\/www.apfelpatient.de\\\/wp-content\\\/uploads\\\/2019\\\/06\\\/austin-distel-1645543-unsplash.jpg\",\"width\":3946,\"height\":2631,\"caption\":\"Photo by Unsplash\"},{\"@type\":\"BreadcrumbList\",\"@id\":\"https:\\\/\\\/www.apfelpatient.de\\\/news\\\/apple-gibt-erste-public-beta-zu-ios-13-ipados-13-und-macos-10-15-catalina-frei#breadcrumb\",\"itemListElement\":[{\"@type\":\"ListItem\",\"position\":1,\"name\":\"Startseite\",\"item\":\"https:\\\/\\\/www.apfelpatient.de\\\/\"},{\"@type\":\"ListItem\",\"position\":2,\"name\":\"Apple gibt erste Public Beta zu iOS 13, iPadOS 13 und macOS 10.15 Catalina frei\"}]},{\"@type\":\"WebSite\",\"@id\":\"https:\\\/\\\/www.apfelpatient.de\\\/#website\",\"url\":\"https:\\\/\\\/www.apfelpatient.de\\\/\",\"name\":\"Apfelpatient\",\"description\":\"Alles rund um Apple!\",\"publisher\":{\"@type\":\"Organization\",\"@id\":\"https:\\\/\\\/www.apfelpatient.de\\\/en\\\/#organization\",\"name\":\"Apfelpatient\",\"url\":\"https:\\\/\\\/www.apfelpatient.de\\\/en\\\/\"},\"alternateName\":\"Apfelpatient\",\"potentialAction\":[{\"@type\":\"SearchAction\",\"target\":{\"@type\":\"EntryPoint\",\"urlTemplate\":\"https:\\\/\\\/www.apfelpatient.de\\\/?s={search_term_string}\"},\"query-input\":{\"@type\":\"PropertyValueSpecification\",\"valueRequired\":true,\"valueName\":\"search_term_string\"}}],\"inLanguage\":\"en-US\"},{\"@type\":[\"Person\",\"Organization\"],\"@id\":\"https:\\\/\\\/www.apfelpatient.de\\\/#\\\/schema\\\/person\\\/35b3ddba5832f2bfc7fff5206d4f6b7b\",\"name\":\"Milan\",\"logo\":{\"@id\":\"https:\\\/\\\/www.apfelpatient.de\\\/#\\\/schema\\\/person\\\/image\\\/\"},\"description\":\"Hallo und herzlich willkommen auf meinem Technik-Blog! Als gro\u00dfer Apple-Fan berichte ich hier \u00fcber alles, was mit Apple zu tun hat: von den neuesten News und spannenden Ger\u00fcchten \u00fcber hilfreiche Tipps und Tricks bis hin zu ausf\u00fchrlichen Produkttests. Wenn du genauso technikbegeistert bist wie ich, bist du hier genau richtig!\",\"sameAs\":[\"https:\\\/\\\/www.facebook.com\\\/apfelpatientOfficial\",\"https:\\\/\\\/www.linkedin.com\\\/in\\\/milan-jovicic-42aa0231b\"],\"url\":\"https:\\\/\\\/www.apfelpatient.de\\\/en\\\/author\\\/apfeladmin\"}]}<\/script>\n<!-- \/ Yoast SEO Premium plugin. -->","yoast_head_json":{"title":"Apple releases first public beta of iOS 13, iPadOS 13 and macOS 10.15 Catalina Apfelpatient","description":"- Apple released the first public beta for iOS 13, iPadOS 13 and macOS 10.15 Catalina this evening. The updates are now available to registered beta testers.","robots":{"index":"index","follow":"follow","max-snippet":"max-snippet:-1","max-image-preview":"max-image-preview:large","max-video-preview":"max-video-preview:-1"},"canonical":"https:\/\/www.apfelpatient.de\/en\/news\/apple-releases-first-public-beta-for-ios-13-ipados-13-and-macos-10-15-catalina","og_locale":"en_US","og_type":"article","og_title":"Apple gibt erste Public Beta zu iOS 13, iPadOS 13 und macOS 10.15 Catalina frei","og_description":"- Apple hat am heutigen Abend die erste Public Beta zu iOS 13, iPadOS 13 und macOS 10.15 Catalina freigegeben.Die Updates sind ab sofort f\u00fcr registrierte Beta-Tester verf\u00fcgbar.","og_url":"https:\/\/www.apfelpatient.de\/en\/news\/apple-releases-first-public-beta-for-ios-13-ipados-13-and-macos-10-15-catalina","og_site_name":"Apfelpatient","article_publisher":"https:\/\/www.facebook.com\/apfelpatientOfficial","article_author":"https:\/\/www.facebook.com\/apfelpatientOfficial","article_published_time":"2019-06-24T18:14:17+00:00","article_modified_time":"2025-02-06T06:36:57+00:00","og_image":[{"width":3946,"height":2631,"url":"https:\/\/www.apfelpatient.de\/wp-content\/uploads\/2019\/06\/austin-distel-1645543-unsplash.jpg","type":"image\/jpeg"}],"author":"Milan","twitter_card":"summary_large_image","twitter_misc":{"Written by":"Milan","Est. reading time":"2 minutes"},"schema":{"@context":"https:\/\/schema.org","@graph":[{"@type":"NewsArticle","@id":"https:\/\/www.apfelpatient.de\/news\/apple-gibt-erste-public-beta-zu-ios-13-ipados-13-und-macos-10-15-catalina-frei#article","isPartOf":{"@id":"https:\/\/www.apfelpatient.de\/news\/apple-gibt-erste-public-beta-zu-ios-13-ipados-13-und-macos-10-15-catalina-frei"},"author":{"@type":"Organization","@id":"https:\/\/www.apfelpatient.de\/en\/#organization","name":"Apfelpatient","url":"https:\/\/www.apfelpatient.de\/en\/"},"headline":"Apple gibt erste Public Beta zu iOS 13, iPadOS 13 und macOS 10.15 Catalina frei","datePublished":"2019-06-24T18:14:17+00:00","dateModified":"2025-02-06T06:36:57+00:00","mainEntityOfPage":{"@id":"https:\/\/www.apfelpatient.de\/news\/apple-gibt-erste-public-beta-zu-ios-13-ipados-13-und-macos-10-15-catalina-frei"},"wordCount":337,"commentCount":0,"publisher":{"@type":"Organization","@id":"https:\/\/www.apfelpatient.de\/en\/#organization","name":"Apfelpatient","url":"https:\/\/www.apfelpatient.de\/en\/"},"image":{"@id":"https:\/\/www.apfelpatient.de\/news\/apple-gibt-erste-public-beta-zu-ios-13-ipados-13-und-macos-10-15-catalina-frei#primaryimage"},"thumbnailUrl":"https:\/\/www.apfelpatient.de\/wp-content\/uploads\/2019\/06\/austin-distel-1645543-unsplash.jpg","keywords":["Beta","iOS","iOS 13","iPadOS","macOS","macOS 10.15 Catalina"],"articleSection":"News","inLanguage":"en-US","potentialAction":[{"@type":"CommentAction","name":"Comment","target":["https:\/\/www.apfelpatient.de\/news\/apple-gibt-erste-public-beta-zu-ios-13-ipados-13-und-macos-10-15-catalina-frei#respond"]}],"copyrightYear":"2019","copyrightHolder":{"@id":"https:\/\/www.apfelpatient.de\/en\/#organization"}},{"@type":"WebPage","@id":"https:\/\/www.apfelpatient.de\/news\/apple-gibt-erste-public-beta-zu-ios-13-ipados-13-und-macos-10-15-catalina-frei","url":"https:\/\/www.apfelpatient.de\/news\/apple-gibt-erste-public-beta-zu-ios-13-ipados-13-und-macos-10-15-catalina-frei","name":"Apple releases first public beta of iOS 13, iPadOS 13 and macOS 10.15 Catalina Apfelpatient","isPartOf":{"@id":"https:\/\/www.apfelpatient.de\/#website"},"primaryImageOfPage":{"@id":"https:\/\/www.apfelpatient.de\/news\/apple-gibt-erste-public-beta-zu-ios-13-ipados-13-und-macos-10-15-catalina-frei#primaryimage"},"image":{"@id":"https:\/\/www.apfelpatient.de\/news\/apple-gibt-erste-public-beta-zu-ios-13-ipados-13-und-macos-10-15-catalina-frei#primaryimage"},"thumbnailUrl":"https:\/\/www.apfelpatient.de\/wp-content\/uploads\/2019\/06\/austin-distel-1645543-unsplash.jpg","datePublished":"2019-06-24T18:14:17+00:00","dateModified":"2025-02-06T06:36:57+00:00","description":"- Apple released the first public beta for iOS 13, iPadOS 13 and macOS 10.15 Catalina this evening. The updates are now available to registered beta testers.","breadcrumb":{"@id":"https:\/\/www.apfelpatient.de\/news\/apple-gibt-erste-public-beta-zu-ios-13-ipados-13-und-macos-10-15-catalina-frei#breadcrumb"},"inLanguage":"en-US","potentialAction":[{"@type":"ReadAction","target":["https:\/\/www.apfelpatient.de\/news\/apple-gibt-erste-public-beta-zu-ios-13-ipados-13-und-macos-10-15-catalina-frei"]}]},{"@type":"ImageObject","inLanguage":"en-US","@id":"https:\/\/www.apfelpatient.de\/news\/apple-gibt-erste-public-beta-zu-ios-13-ipados-13-und-macos-10-15-catalina-frei#primaryimage","url":"https:\/\/www.apfelpatient.de\/wp-content\/uploads\/2019\/06\/austin-distel-1645543-unsplash.jpg","contentUrl":"https:\/\/www.apfelpatient.de\/wp-content\/uploads\/2019\/06\/austin-distel-1645543-unsplash.jpg","width":3946,"height":2631,"caption":"Photo by Unsplash"},{"@type":"BreadcrumbList","@id":"https:\/\/www.apfelpatient.de\/news\/apple-gibt-erste-public-beta-zu-ios-13-ipados-13-und-macos-10-15-catalina-frei#breadcrumb","itemListElement":[{"@type":"ListItem","position":1,"name":"Startseite","item":"https:\/\/www.apfelpatient.de\/"},{"@type":"ListItem","position":2,"name":"Apple gibt erste Public Beta zu iOS 13, iPadOS 13 und macOS 10.15 Catalina frei"}]},{"@type":"WebSite","@id":"https:\/\/www.apfelpatient.de\/#website","url":"https:\/\/www.apfelpatient.de\/","name":"apple patient","description":"Everything about Apple!","publisher":{"@type":"Organization","@id":"https:\/\/www.apfelpatient.de\/en\/#organization","name":"Apfelpatient","url":"https:\/\/www.apfelpatient.de\/en\/"},"alternateName":"Apfelpatient","potentialAction":[{"@type":"SearchAction","target":{"@type":"EntryPoint","urlTemplate":"https:\/\/www.apfelpatient.de\/?s={search_term_string}"},"query-input":{"@type":"PropertyValueSpecification","valueRequired":true,"valueName":"search_term_string"}}],"inLanguage":"en-US"},{"@type":["Person","Organization"],"@id":"https:\/\/www.apfelpatient.de\/#\/schema\/person\/35b3ddba5832f2bfc7fff5206d4f6b7b","name":"Milan","logo":{"@id":"https:\/\/www.apfelpatient.de\/#\/schema\/person\/image\/"},"description":"Hello and welcome to my technology blog! As a big Apple fan, I report on everything to do with Apple: from the latest news and exciting rumors to helpful tips and tricks and detailed product tests. If you are as enthusiastic about technology as I am, you have come to the right place!","sameAs":["https:\/\/www.facebook.com\/apfelpatientOfficial","https:\/\/www.linkedin.com\/in\/milan-jovicic-42aa0231b"],"url":"https:\/\/www.apfelpatient.de\/en\/author\/apfeladmin"}]}},"_links":{"self":[{"href":"https:\/\/www.apfelpatient.de\/en\/wp-json\/wp\/v2\/posts\/4889","targetHints":{"allow":["GET"]}}],"collection":[{"href":"https:\/\/www.apfelpatient.de\/en\/wp-json\/wp\/v2\/posts"}],"about":[{"href":"https:\/\/www.apfelpatient.de\/en\/wp-json\/wp\/v2\/types\/post"}],"author":[{"embeddable":true,"href":"https:\/\/www.apfelpatient.de\/en\/wp-json\/wp\/v2\/users\/2"}],"replies":[{"embeddable":true,"href":"https:\/\/www.apfelpatient.de\/en\/wp-json\/wp\/v2\/comments?post=4889"}],"version-history":[{"count":0,"href":"https:\/\/www.apfelpatient.de\/en\/wp-json\/wp\/v2\/posts\/4889\/revisions"}],"wp:featuredmedia":[{"embeddable":true,"href":"https:\/\/www.apfelpatient.de\/en\/wp-json\/wp\/v2\/media\/4662"}],"wp:attachment":[{"href":"https:\/\/www.apfelpatient.de\/en\/wp-json\/wp\/v2\/media?parent=4889"}],"wp:term":[{"taxonomy":"category","embeddable":true,"href":"https:\/\/www.apfelpatient.de\/en\/wp-json\/wp\/v2\/categories?post=4889"},{"taxonomy":"post_tag","embeddable":true,"href":"https:\/\/www.apfelpatient.de\/en\/wp-json\/wp\/v2\/tags?post=4889"}],"curies":[{"name":"wp","href":"https:\/\/api.w.org\/{rel}","templated":true}]}}