{"id":48842,"date":"2025-01-04T17:26:40","date_gmt":"2025-01-04T16:26:40","guid":{"rendered":"https:\/\/www.apfelpatient.de\/?p=48842"},"modified":"2025-01-04T17:26:41","modified_gmt":"2025-01-04T16:26:41","slug":"apple-confirms-cfo-change-maestri-hands-over-to-parekh","status":"publish","type":"post","link":"https:\/\/www.apfelpatient.de\/en\/news\/apple-bestaetigt-cfo-wechsel-maestri-uebergibt-an-parekh","title":{"rendered":"Apple confirms CFO change: Maestri hands over to Parekh"},"content":{"rendered":"<p class=\"has-drop-cap\"><strong>Apple has officially confirmed that Luca Maestri, the company&#039;s long-time Chief Financial Officer (CFO), has left his position. This news comes as no surprise, as the transition was announced back in 2024. But now it&#039;s official: Kevin Parekh has taken over the role of CFO as of January 1, 2025. This move marks the end of a significant era and the beginning of a new chapter in Apple&#039;s history.<\/strong><\/p>\n\n\n\n<p>In a company of Apple&#039;s size, the position of CFO is of central importance. The CFO not only manages the finances but also plays a key role in strategic direction and communication with investors. A change in this role can have a profound impact on the direction of the company - especially in such an influential technology group. The official confirmation of the change by the <a href=\"https:\/\/www.sec.gov\/ix?doc=\/Archives\/edgar\/data\/320193\/000114036125000228\/ef20040370_8k.htm\" target=\"_blank\" rel=\"noreferrer noopener\">Form 8-K<\/a>, which Apple issued to investors, underlines the importance of this decision.<\/p>\n\n\n\n<h3 class=\"wp-block-heading\" id=\"h-die-details-des-wechsels\">The details of the change<\/h3>\n\n\n\n<h4 class=\"wp-block-heading\" id=\"h-luca-maestri-verlasst-seine-rolle-als-cfo\">Luca Maestri leaves his role as CFO<\/h4>\n\n\n\n<p>Luca Maestri, who was appointed Apple&#039;s CFO in 2014, led the company through a period of massive growth. Under his leadership, Apple achieved numerous milestones, including a market capitalization of over $1 trillion. Maestri was highly respected by investors and was known for his strategic foresight. Apple CEO Tim Cook <a href=\"https:\/\/www.apfelpatient.de\/en\/news\/luca-maestri-tim-cook-pays-tribute-to-apples-outgoing-cfo\">paid tribute to him in his last phone call with investors<\/a> as someone who played a crucial role in making Apple the company it is today. Maestri himself described his time at Apple as &quot;an amazing journey&quot; and &quot;a real privilege.&quot; Although he is stepping down as CFO, Maestri will remain part of the company. He will lead the corporate services teams, including information systems, technology, information security, and real estate and development.<\/p>\n\n\n\n<h4 class=\"wp-block-heading\" id=\"h-kevin-parekh-der-neue-cfo\">Kevin Parekh: The new CFO<\/h4>\n\n\n\n<p>Luca Maestri will be succeeded by Kevin Parekh, who will officially take over as CFO from January 1, 2025. Parekh is no newcomer to Apple - he has been with the company since 2013 and was most recently responsible for key areas such as financial planning and analysis, investor relations and market research. Parekh not only brings extensive knowledge of Apple&#039;s internal processes but also valuable experience from previous management positions at Thomson Reuters and General Motors. He will take over Apple&#039;s financial strategy and communication with investors, playing a key role in the future of the company. His salary has been set at one million US dollars from 2025, and he will also participate in the Apple Inc. Executive Cash Incentive Plan, which underlines his new responsibility.<\/p>\n\n\n\n<h4 class=\"wp-block-heading\" id=\"h-auswirkungen-des-wechsels\">effects of the change<\/h4>\n\n\n\n<p>This transition has been long in the making and reflects Apple&#039;s approach of combining continuity with freshness. Parekh has a strong foundation within the company and understands Apple&#039;s vision and culture, which will help him further develop the company&#039;s financial strategy. At the same time, Maestri will remain in an advisory and supportive role, which will provide stability.<\/p>\n\n\n\n<h3 class=\"wp-block-heading\" id=\"h-apple-bleibt-zukunftssicher\">Apple remains future-proof<\/h3>\n\n\n\n<p>With the transition from Luca Maestri to Kevin Parekh, Apple is sending a clear signal of thoughtful succession planning. Parekh brings both experience and fresh impetus to the role of CFO, while Maestri&#039;s continued presence in the company ensures continuity. For Apple, which operates in a highly competitive market, this transition is further proof of the company&#039;s strategic foresight. Whether you are an investor, a long-time Apple fan or an interested party - this change shows that Apple leaves nothing to chance, even when it comes to important management decisions. (Photo by Unsplash \/ Shekai)<\/p>\n\n\n\n<ul class=\"wp-block-list\">\n<li><a href=\"https:\/\/www.apfelpatient.de\/en\/news\/q1-2025-apple-opens-the-books-at-the-end-of-january\">Q1\/2025: Apple opens its books at the end of January<\/a><\/li>\n<\/ul>\n\n\n\n<h6 class=\"wp-block-heading translation-block\" id=\"h-kennt-ihr-schon-unsere-amazon-storefront-dort-findet-ihr-eine-handverlesene-auswahl-von-diversen-produkten-f-r-euer-iphone-und-co-viel-spa-beim-st-bern\"><em>Have you already visited our Amazon Storefront? There you&#039;ll find a hand-picked selection of various products for your iPhone and other devices \u2013 <span class=\"has-inline-color has-vivid-red-color\"><a href=\"https:\/\/www.amazon.de\/shop\/apfelpatientofficial\" class=\"ek-link\" data-wpel-link=\"exclude\" rel=\"follow noopener\" target=\"_self\"><span style=\"text-decoration: underline\" class=\"ek-underline\">enjoy browsing<\/span><\/a> !<\/span><\/em><\/h6>\n\n\n\n<h6 class=\"wp-block-heading translation-block\" id=\"h-der-beitrag-enthalt-partnerlinks\">This post contains <a data-type=\"URL\" data-id=\"https:\/\/www.apfelpatient.de\/partnerprogramm\" href=\"https:\/\/www.apfelpatient.de\/en\/partner-program\" data-wpel-link=\"internal\" target=\"_self\">affiliate links<\/a>.<\/h6>","protected":false},"excerpt":{"rendered":"<p>Apple confirms CFO change: Luca Maestri resigns, Kevin Parekh takes over. Find out all the details and what this means.<\/p>","protected":false},"author":2,"featured_media":48838,"comment_status":"closed","ping_status":"closed","sticky":false,"template":"","format":"standard","meta":{"jnews-multi-image_gallery":[],"jnews_single_post":{"format":"standard","override":[{"template":"2","parallax":"1","fullscreen":"1","layout":"right-sidebar","sidebar":"default-sidebar","second_sidebar":"default-sidebar","sticky_sidebar":"1","share_position":"top","share_float_style":"share-monocrhome","show_featured":"1","show_post_meta":"1","show_post_author":"1","show_post_author_image":"1","show_post_date":"1","post_date_format":"default","post_date_format_custom":"Y\/m\/d","show_post_category":"1","show_post_reading_time":"0","post_reading_time_wpm":"300","post_calculate_word_method":"str_word_count","show_zoom_button":"0","zoom_button_out_step":"2","zoom_button_in_step":"3","show_post_tag":"1","show_prev_next_post":"1","show_popup_post":"1","number_popup_post":"1","show_author_box":"0","show_post_related":"0","show_inline_post_related":"0"}],"image_override":[{"single_post_thumbnail_size":"crop-500","single_post_gallery_size":"crop-500"}],"trending_post_position":"meta","trending_post_label":"Trending","sponsored_post_label":"Sponsored by","disable_ad":"0"},"jnews_primary_category":{"id":"9"},"footnotes":""},"categories":[9],"tags":[61,13],"class_list":["post-48842","post","type-post","status-publish","format-standard","has-post-thumbnail","hentry","category-news","tag-quartalszahlen","tag-techpatient"],"yoast_head":"<!-- This site is optimized with the Yoast SEO Premium plugin v27.5 (Yoast SEO v27.5) - https:\/\/yoast.com\/product\/yoast-seo-premium-wordpress\/ -->\n<title>Apple best\u00e4tigt CFO-Wechsel: Maestri \u00fcbergibt an Parekh Apfelpatient<\/title>\n<meta name=\"description\" content=\"Apple best\u00e4tigt den CFO-Wechsel: Luca Maestri tritt zur\u00fcck, Kevin Parekh \u00fcbernimmt. Erfahre alles \u00fcber die Details und was dies bedeutet.\" \/>\n<meta name=\"robots\" content=\"index, follow, max-snippet:-1, max-image-preview:large, max-video-preview:-1\" \/>\n<link rel=\"canonical\" href=\"https:\/\/www.apfelpatient.de\/en\/news\/apple-confirms-cfo-change-maestri-hands-over-to-parekh\" \/>\n<meta property=\"og:locale\" content=\"en_US\" \/>\n<meta property=\"og:type\" content=\"article\" \/>\n<meta property=\"og:title\" content=\"Apple best\u00e4tigt CFO-Wechsel: Maestri \u00fcbergibt an Parekh\" \/>\n<meta property=\"og:description\" content=\"Apple best\u00e4tigt den CFO-Wechsel: Luca Maestri tritt zur\u00fcck, Kevin Parekh \u00fcbernimmt. Erfahre alles \u00fcber die Details und was dies bedeutet.\" \/>\n<meta property=\"og:url\" content=\"https:\/\/www.apfelpatient.de\/en\/news\/apple-confirms-cfo-change-maestri-hands-over-to-parekh\" \/>\n<meta property=\"og:site_name\" content=\"Apfelpatient\" \/>\n<meta property=\"article:publisher\" content=\"https:\/\/www.facebook.com\/apfelpatientOfficial\" \/>\n<meta property=\"article:author\" content=\"https:\/\/www.facebook.com\/apfelpatientOfficial\" \/>\n<meta property=\"article:published_time\" content=\"2025-01-04T16:26:40+00:00\" \/>\n<meta property=\"article:modified_time\" content=\"2025-01-04T16:26:41+00:00\" \/>\n<meta property=\"og:image\" content=\"https:\/\/www.apfelpatient.de\/wp-content\/uploads\/2025\/01\/shekai-rtBBOEUo4mw-unsplash.jpg\" \/>\n\t<meta property=\"og:image:width\" content=\"1600\" \/>\n\t<meta property=\"og:image:height\" content=\"901\" \/>\n\t<meta property=\"og:image:type\" content=\"image\/jpeg\" \/>\n<meta name=\"author\" content=\"Milan\" \/>\n<meta name=\"twitter:card\" content=\"summary_large_image\" \/>\n<meta name=\"twitter:description\" content=\"Apple best\u00e4tigt den CFO-Wechsel: Luca Maestri tritt zur\u00fcck, Kevin Parekh \u00fcbernimmt. Erfahre alles \u00fcber die Details und was dies bedeutet.\" \/>\n<meta name=\"twitter:label1\" content=\"Written by\" \/>\n\t<meta name=\"twitter:data1\" content=\"Milan\" \/>\n\t<meta name=\"twitter:label2\" content=\"Est. reading time\" \/>\n\t<meta name=\"twitter:data2\" content=\"4 minutes\" \/>\n<script type=\"application\/ld+json\" class=\"yoast-schema-graph\">{\"@context\":\"https:\\\/\\\/schema.org\",\"@graph\":[{\"@type\":\"NewsArticle\",\"@id\":\"https:\\\/\\\/www.apfelpatient.de\\\/news\\\/apple-bestaetigt-cfo-wechsel-maestri-uebergibt-an-parekh#article\",\"isPartOf\":{\"@id\":\"https:\\\/\\\/www.apfelpatient.de\\\/news\\\/apple-bestaetigt-cfo-wechsel-maestri-uebergibt-an-parekh\"},\"author\":{\"@type\":\"Organization\",\"@id\":\"https:\\\/\\\/www.apfelpatient.de\\\/en\\\/#organization\",\"name\":\"Apfelpatient\",\"url\":\"https:\\\/\\\/www.apfelpatient.de\\\/en\\\/\"},\"headline\":\"Apple best\u00e4tigt CFO-Wechsel: Maestri \u00fcbergibt an Parekh\",\"datePublished\":\"2025-01-04T16:26:40+00:00\",\"dateModified\":\"2025-01-04T16:26:41+00:00\",\"mainEntityOfPage\":{\"@id\":\"https:\\\/\\\/www.apfelpatient.de\\\/news\\\/apple-bestaetigt-cfo-wechsel-maestri-uebergibt-an-parekh\"},\"wordCount\":580,\"publisher\":{\"@type\":\"Organization\",\"@id\":\"https:\\\/\\\/www.apfelpatient.de\\\/en\\\/#organization\",\"name\":\"Apfelpatient\",\"url\":\"https:\\\/\\\/www.apfelpatient.de\\\/en\\\/\"},\"image\":{\"@id\":\"https:\\\/\\\/www.apfelpatient.de\\\/news\\\/apple-bestaetigt-cfo-wechsel-maestri-uebergibt-an-parekh#primaryimage\"},\"thumbnailUrl\":\"https:\\\/\\\/www.apfelpatient.de\\\/wp-content\\\/uploads\\\/2025\\\/01\\\/shekai-rtBBOEUo4mw-unsplash.jpg\",\"keywords\":[\"Quartalszahlen\",\"TechPatient\"],\"articleSection\":\"News\",\"inLanguage\":\"en-US\",\"copyrightYear\":\"2025\",\"copyrightHolder\":{\"@id\":\"https:\\\/\\\/www.apfelpatient.de\\\/en\\\/#organization\"}},{\"@type\":\"WebPage\",\"@id\":\"https:\\\/\\\/www.apfelpatient.de\\\/news\\\/apple-bestaetigt-cfo-wechsel-maestri-uebergibt-an-parekh\",\"url\":\"https:\\\/\\\/www.apfelpatient.de\\\/news\\\/apple-bestaetigt-cfo-wechsel-maestri-uebergibt-an-parekh\",\"name\":\"Apple best\u00e4tigt CFO-Wechsel: Maestri \u00fcbergibt an Parekh Apfelpatient\",\"isPartOf\":{\"@id\":\"https:\\\/\\\/www.apfelpatient.de\\\/#website\"},\"primaryImageOfPage\":{\"@id\":\"https:\\\/\\\/www.apfelpatient.de\\\/news\\\/apple-bestaetigt-cfo-wechsel-maestri-uebergibt-an-parekh#primaryimage\"},\"image\":{\"@id\":\"https:\\\/\\\/www.apfelpatient.de\\\/news\\\/apple-bestaetigt-cfo-wechsel-maestri-uebergibt-an-parekh#primaryimage\"},\"thumbnailUrl\":\"https:\\\/\\\/www.apfelpatient.de\\\/wp-content\\\/uploads\\\/2025\\\/01\\\/shekai-rtBBOEUo4mw-unsplash.jpg\",\"datePublished\":\"2025-01-04T16:26:40+00:00\",\"dateModified\":\"2025-01-04T16:26:41+00:00\",\"description\":\"Apple best\u00e4tigt den CFO-Wechsel: Luca Maestri tritt zur\u00fcck, Kevin Parekh \u00fcbernimmt. Erfahre alles \u00fcber die Details und was dies bedeutet.\",\"breadcrumb\":{\"@id\":\"https:\\\/\\\/www.apfelpatient.de\\\/news\\\/apple-bestaetigt-cfo-wechsel-maestri-uebergibt-an-parekh#breadcrumb\"},\"inLanguage\":\"en-US\",\"potentialAction\":[{\"@type\":\"ReadAction\",\"target\":[\"https:\\\/\\\/www.apfelpatient.de\\\/news\\\/apple-bestaetigt-cfo-wechsel-maestri-uebergibt-an-parekh\"]}]},{\"@type\":\"ImageObject\",\"inLanguage\":\"en-US\",\"@id\":\"https:\\\/\\\/www.apfelpatient.de\\\/news\\\/apple-bestaetigt-cfo-wechsel-maestri-uebergibt-an-parekh#primaryimage\",\"url\":\"https:\\\/\\\/www.apfelpatient.de\\\/wp-content\\\/uploads\\\/2025\\\/01\\\/shekai-rtBBOEUo4mw-unsplash.jpg\",\"contentUrl\":\"https:\\\/\\\/www.apfelpatient.de\\\/wp-content\\\/uploads\\\/2025\\\/01\\\/shekai-rtBBOEUo4mw-unsplash.jpg\",\"width\":1600,\"height\":901,\"caption\":\"Photo by Unsplash \\\/ Shekai\"},{\"@type\":\"BreadcrumbList\",\"@id\":\"https:\\\/\\\/www.apfelpatient.de\\\/news\\\/apple-bestaetigt-cfo-wechsel-maestri-uebergibt-an-parekh#breadcrumb\",\"itemListElement\":[{\"@type\":\"ListItem\",\"position\":1,\"name\":\"Startseite\",\"item\":\"https:\\\/\\\/www.apfelpatient.de\\\/\"},{\"@type\":\"ListItem\",\"position\":2,\"name\":\"Apple best\u00e4tigt CFO-Wechsel: Maestri \u00fcbergibt an Parekh\"}]},{\"@type\":\"WebSite\",\"@id\":\"https:\\\/\\\/www.apfelpatient.de\\\/#website\",\"url\":\"https:\\\/\\\/www.apfelpatient.de\\\/\",\"name\":\"Apfelpatient\",\"description\":\"Alles rund um Apple!\",\"publisher\":{\"@type\":\"Organization\",\"@id\":\"https:\\\/\\\/www.apfelpatient.de\\\/en\\\/#organization\",\"name\":\"Apfelpatient\",\"url\":\"https:\\\/\\\/www.apfelpatient.de\\\/en\\\/\"},\"alternateName\":\"Apfelpatient\",\"potentialAction\":[{\"@type\":\"SearchAction\",\"target\":{\"@type\":\"EntryPoint\",\"urlTemplate\":\"https:\\\/\\\/www.apfelpatient.de\\\/?s={search_term_string}\"},\"query-input\":{\"@type\":\"PropertyValueSpecification\",\"valueRequired\":true,\"valueName\":\"search_term_string\"}}],\"inLanguage\":\"en-US\"},{\"@type\":[\"Person\",\"Organization\"],\"@id\":\"https:\\\/\\\/www.apfelpatient.de\\\/#\\\/schema\\\/person\\\/7dc56ad6c8e9824b76d2c08d4c140e13\",\"name\":\"Milan\",\"logo\":{\"@id\":\"https:\\\/\\\/www.apfelpatient.de\\\/#\\\/schema\\\/person\\\/image\\\/\"},\"description\":\"Hallo und herzlich willkommen auf meinem Technik-Blog! Als gro\u00dfer Apple-Fan berichte ich hier \u00fcber alles, was mit Apple zu tun hat: von den neuesten News und spannenden Ger\u00fcchten \u00fcber hilfreiche Tipps und Tricks bis hin zu ausf\u00fchrlichen Produkttests. Wenn du genauso technikbegeistert bist wie ich, bist du hier genau richtig!\",\"sameAs\":[\"https:\\\/\\\/www.facebook.com\\\/apfelpatientOfficial\",\"https:\\\/\\\/www.linkedin.com\\\/in\\\/milan-jovicic-42aa0231b\"],\"url\":\"https:\\\/\\\/www.apfelpatient.de\\\/en\\\/author\\\/apfeladmin\"}]}<\/script>\n<!-- \/ Yoast SEO Premium plugin. -->","yoast_head_json":{"title":"Apple confirms CFO change: Maestri hands over to Parekh Apfelpatient","description":"Apple confirms CFO change: Luca Maestri resigns, Kevin Parekh takes over. Find out all the details and what this means.","robots":{"index":"index","follow":"follow","max-snippet":"max-snippet:-1","max-image-preview":"max-image-preview:large","max-video-preview":"max-video-preview:-1"},"canonical":"https:\/\/www.apfelpatient.de\/en\/news\/apple-confirms-cfo-change-maestri-hands-over-to-parekh","og_locale":"en_US","og_type":"article","og_title":"Apple best\u00e4tigt CFO-Wechsel: Maestri \u00fcbergibt an Parekh","og_description":"Apple best\u00e4tigt den CFO-Wechsel: Luca Maestri tritt zur\u00fcck, Kevin Parekh \u00fcbernimmt. Erfahre alles \u00fcber die Details und was dies bedeutet.","og_url":"https:\/\/www.apfelpatient.de\/en\/news\/apple-confirms-cfo-change-maestri-hands-over-to-parekh","og_site_name":"Apfelpatient","article_publisher":"https:\/\/www.facebook.com\/apfelpatientOfficial","article_author":"https:\/\/www.facebook.com\/apfelpatientOfficial","article_published_time":"2025-01-04T16:26:40+00:00","article_modified_time":"2025-01-04T16:26:41+00:00","og_image":[{"width":1600,"height":901,"url":"https:\/\/www.apfelpatient.de\/wp-content\/uploads\/2025\/01\/shekai-rtBBOEUo4mw-unsplash.jpg","type":"image\/jpeg"}],"author":"Milan","twitter_card":"summary_large_image","twitter_description":"Apple best\u00e4tigt den CFO-Wechsel: Luca Maestri tritt zur\u00fcck, Kevin Parekh \u00fcbernimmt. Erfahre alles \u00fcber die Details und was dies bedeutet.","twitter_misc":{"Written by":"Milan","Est. reading time":"4 minutes"},"schema":{"@context":"https:\/\/schema.org","@graph":[{"@type":"NewsArticle","@id":"https:\/\/www.apfelpatient.de\/news\/apple-bestaetigt-cfo-wechsel-maestri-uebergibt-an-parekh#article","isPartOf":{"@id":"https:\/\/www.apfelpatient.de\/news\/apple-bestaetigt-cfo-wechsel-maestri-uebergibt-an-parekh"},"author":{"@type":"Organization","@id":"https:\/\/www.apfelpatient.de\/en\/#organization","name":"Apfelpatient","url":"https:\/\/www.apfelpatient.de\/en\/"},"headline":"Apple best\u00e4tigt CFO-Wechsel: Maestri \u00fcbergibt an Parekh","datePublished":"2025-01-04T16:26:40+00:00","dateModified":"2025-01-04T16:26:41+00:00","mainEntityOfPage":{"@id":"https:\/\/www.apfelpatient.de\/news\/apple-bestaetigt-cfo-wechsel-maestri-uebergibt-an-parekh"},"wordCount":580,"publisher":{"@type":"Organization","@id":"https:\/\/www.apfelpatient.de\/en\/#organization","name":"Apfelpatient","url":"https:\/\/www.apfelpatient.de\/en\/"},"image":{"@id":"https:\/\/www.apfelpatient.de\/news\/apple-bestaetigt-cfo-wechsel-maestri-uebergibt-an-parekh#primaryimage"},"thumbnailUrl":"https:\/\/www.apfelpatient.de\/wp-content\/uploads\/2025\/01\/shekai-rtBBOEUo4mw-unsplash.jpg","keywords":["Quartalszahlen","TechPatient"],"articleSection":"News","inLanguage":"en-US","copyrightYear":"2025","copyrightHolder":{"@id":"https:\/\/www.apfelpatient.de\/en\/#organization"}},{"@type":"WebPage","@id":"https:\/\/www.apfelpatient.de\/news\/apple-bestaetigt-cfo-wechsel-maestri-uebergibt-an-parekh","url":"https:\/\/www.apfelpatient.de\/news\/apple-bestaetigt-cfo-wechsel-maestri-uebergibt-an-parekh","name":"Apple confirms CFO change: Maestri hands over to Parekh Apfelpatient","isPartOf":{"@id":"https:\/\/www.apfelpatient.de\/#website"},"primaryImageOfPage":{"@id":"https:\/\/www.apfelpatient.de\/news\/apple-bestaetigt-cfo-wechsel-maestri-uebergibt-an-parekh#primaryimage"},"image":{"@id":"https:\/\/www.apfelpatient.de\/news\/apple-bestaetigt-cfo-wechsel-maestri-uebergibt-an-parekh#primaryimage"},"thumbnailUrl":"https:\/\/www.apfelpatient.de\/wp-content\/uploads\/2025\/01\/shekai-rtBBOEUo4mw-unsplash.jpg","datePublished":"2025-01-04T16:26:40+00:00","dateModified":"2025-01-04T16:26:41+00:00","description":"Apple confirms CFO change: Luca Maestri resigns, Kevin Parekh takes over. Find out all the details and what this means.","breadcrumb":{"@id":"https:\/\/www.apfelpatient.de\/news\/apple-bestaetigt-cfo-wechsel-maestri-uebergibt-an-parekh#breadcrumb"},"inLanguage":"en-US","potentialAction":[{"@type":"ReadAction","target":["https:\/\/www.apfelpatient.de\/news\/apple-bestaetigt-cfo-wechsel-maestri-uebergibt-an-parekh"]}]},{"@type":"ImageObject","inLanguage":"en-US","@id":"https:\/\/www.apfelpatient.de\/news\/apple-bestaetigt-cfo-wechsel-maestri-uebergibt-an-parekh#primaryimage","url":"https:\/\/www.apfelpatient.de\/wp-content\/uploads\/2025\/01\/shekai-rtBBOEUo4mw-unsplash.jpg","contentUrl":"https:\/\/www.apfelpatient.de\/wp-content\/uploads\/2025\/01\/shekai-rtBBOEUo4mw-unsplash.jpg","width":1600,"height":901,"caption":"Photo by Unsplash \/ Shekai"},{"@type":"BreadcrumbList","@id":"https:\/\/www.apfelpatient.de\/news\/apple-bestaetigt-cfo-wechsel-maestri-uebergibt-an-parekh#breadcrumb","itemListElement":[{"@type":"ListItem","position":1,"name":"Startseite","item":"https:\/\/www.apfelpatient.de\/"},{"@type":"ListItem","position":2,"name":"Apple best\u00e4tigt CFO-Wechsel: Maestri \u00fcbergibt an Parekh"}]},{"@type":"WebSite","@id":"https:\/\/www.apfelpatient.de\/#website","url":"https:\/\/www.apfelpatient.de\/","name":"apple patient","description":"Everything about Apple!","publisher":{"@type":"Organization","@id":"https:\/\/www.apfelpatient.de\/en\/#organization","name":"Apfelpatient","url":"https:\/\/www.apfelpatient.de\/en\/"},"alternateName":"Apfelpatient","potentialAction":[{"@type":"SearchAction","target":{"@type":"EntryPoint","urlTemplate":"https:\/\/www.apfelpatient.de\/?s={search_term_string}"},"query-input":{"@type":"PropertyValueSpecification","valueRequired":true,"valueName":"search_term_string"}}],"inLanguage":"en-US"},{"@type":["Person","Organization"],"@id":"https:\/\/www.apfelpatient.de\/#\/schema\/person\/7dc56ad6c8e9824b76d2c08d4c140e13","name":"Milan","logo":{"@id":"https:\/\/www.apfelpatient.de\/#\/schema\/person\/image\/"},"description":"Hello and welcome to my technology blog! As a big Apple fan, I report on everything to do with Apple: from the latest news and exciting rumors to helpful tips and tricks and detailed product tests. If you are as enthusiastic about technology as I am, you have come to the right place!","sameAs":["https:\/\/www.facebook.com\/apfelpatientOfficial","https:\/\/www.linkedin.com\/in\/milan-jovicic-42aa0231b"],"url":"https:\/\/www.apfelpatient.de\/en\/author\/apfeladmin"}]}},"_links":{"self":[{"href":"https:\/\/www.apfelpatient.de\/en\/wp-json\/wp\/v2\/posts\/48842","targetHints":{"allow":["GET"]}}],"collection":[{"href":"https:\/\/www.apfelpatient.de\/en\/wp-json\/wp\/v2\/posts"}],"about":[{"href":"https:\/\/www.apfelpatient.de\/en\/wp-json\/wp\/v2\/types\/post"}],"author":[{"embeddable":true,"href":"https:\/\/www.apfelpatient.de\/en\/wp-json\/wp\/v2\/users\/2"}],"replies":[{"embeddable":true,"href":"https:\/\/www.apfelpatient.de\/en\/wp-json\/wp\/v2\/comments?post=48842"}],"version-history":[{"count":0,"href":"https:\/\/www.apfelpatient.de\/en\/wp-json\/wp\/v2\/posts\/48842\/revisions"}],"wp:featuredmedia":[{"embeddable":true,"href":"https:\/\/www.apfelpatient.de\/en\/wp-json\/wp\/v2\/media\/48838"}],"wp:attachment":[{"href":"https:\/\/www.apfelpatient.de\/en\/wp-json\/wp\/v2\/media?parent=48842"}],"wp:term":[{"taxonomy":"category","embeddable":true,"href":"https:\/\/www.apfelpatient.de\/en\/wp-json\/wp\/v2\/categories?post=48842"},{"taxonomy":"post_tag","embeddable":true,"href":"https:\/\/www.apfelpatient.de\/en\/wp-json\/wp\/v2\/tags?post=48842"}],"curies":[{"name":"wp","href":"https:\/\/api.w.org\/{rel}","templated":true}]}}