{"id":48683,"date":"2025-01-04T19:12:37","date_gmt":"2025-01-04T18:12:37","guid":{"rendered":"https:\/\/www.apfelpatient.de\/?p=48683"},"modified":"2025-01-04T23:03:03","modified_gmt":"2025-01-04T22:03:03","slug":"apple-vision-pro-why-this-headset-changes-the-market","status":"publish","type":"post","link":"https:\/\/www.apfelpatient.de\/en\/allgemein\/apple-vision-pro-warum-dieses-headset-den-markt-veraendert","title":{"rendered":"Apple Vision Pro: Why this headset is changing the market"},"content":{"rendered":"<p class=\"has-drop-cap\"><strong>The market for virtual reality (VR) and mixed reality (MR) is in flux. While manufacturers such as Meta and Sony dominate the market with affordable devices, Apple has created a high-end alternative with its new Vision Pro that sets new standards. With the latest technology and a clear focus on professional applications, the Vision Pro is aimed at demanding users who are looking for more than just entertainment. But what makes this device so special and why is it considered revolutionary? An overview of the facts shows the full range of the Vision Pro and its significance.<\/strong><\/p>\n\n\n\n<p>According to a recent report by TrendForce, the global market for VR and MR headsets is expected to reach 9.6 million units sold in 2024, a year-on-year growth of 8.8%. In this moderately growing market, Apple has already captured a 5% market share with the Vision Pro. This is remarkable when you consider that the starting price is a proud 4,000 euros. In comparison, Meta holds a 73% market share, mainly thanks to the affordable Quest 3S for 329 euros. Sony is at 9% with its PS VR2, but is struggling with declining sales and criticism of limited features. The Vision Pro clearly stands out here, especially with its focus on quality and innovation.<\/p>\n\n\n\n<h4 class=\"wp-block-heading\" id=\"h-technologische-innovationen-im-detail\">Technological Innovations in Detail<\/h4>\n\n\n\n<p class=\"translation-block\">A key advantage of the Apple Vision Pro is its superior display technology. The so-called OLEDoS display (OLED on Silicon) offers exceptional visual quality that leaves conventional LCD displays far behind. The higher resolution, richer colors, and deep blacks create an immersive experience that is particularly crucial for professional applications. However, this technology also contributes significantly to the headset&#039;s high price. TrendForce <a href=\"https:\/\/www.apfelpatient.de\/en\/rumors\/apples-vision-for-the-future-more-mixed-reality-less-costs\" data-wpel-link=\"internal\" target=\"_self\">predicts<\/a> that Apple could introduce both a successor model for the high-end segment and a more affordable version for the mass market by 2026. This could help expand the reach of the Vision Pro and make it accessible to a wider audience.<\/p>\n\n\n\n<h4 class=\"wp-block-heading\" id=\"h-revolution-im-gesundheitswesen\">revolution in healthcare<\/h4>\n\n\n\n<p>Since its launch in February 2024, the Vision Pro has not only found favor in gaming and entertainment, but also in medicine. The device is showing its potential particularly in the operating room. Surgeons such as Dr. Santiago Horgan from UC San Diego are already using the Vision Pro successfully. Horgan compares the introduction of the headset with the robotics revolution in surgery that he witnessed in 2000. For him, the Vision Pro is a transformative technology that impresses with intuitive operation and high-quality visualization.<\/p>\n\n\n\n<figure class=\"wp-block-image size-large\"><img decoding=\"async\" width=\"1024\" height=\"575\" src=\"https:\/\/www.apfelpatient.de\/wp-content\/uploads\/2024\/03\/Apple-Vision-Pro-health-apps-CyranoHealth-1024x575.jpg\" alt=\"Apple Vision Pro\" class=\"wp-image-42306\" srcset=\"https:\/\/www.apfelpatient.de\/wp-content\/uploads\/2024\/03\/Apple-Vision-Pro-health-apps-CyranoHealth-1024x575.jpg 1024w, https:\/\/www.apfelpatient.de\/wp-content\/uploads\/2024\/03\/Apple-Vision-Pro-health-apps-CyranoHealth-300x169.jpg 300w, https:\/\/www.apfelpatient.de\/wp-content\/uploads\/2024\/03\/Apple-Vision-Pro-health-apps-CyranoHealth-768x432.jpg 768w, https:\/\/www.apfelpatient.de\/wp-content\/uploads\/2024\/03\/Apple-Vision-Pro-health-apps-CyranoHealth-1536x863.jpg 1536w, https:\/\/www.apfelpatient.de\/wp-content\/uploads\/2024\/03\/Apple-Vision-Pro-health-apps-CyranoHealth-750x421.jpg 750w, https:\/\/www.apfelpatient.de\/wp-content\/uploads\/2024\/03\/Apple-Vision-Pro-health-apps-CyranoHealth-1140x641.jpg 1140w, https:\/\/www.apfelpatient.de\/wp-content\/uploads\/2024\/03\/Apple-Vision-Pro-health-apps-CyranoHealth.jpg 1600w\" sizes=\"(max-width: 1024px) 100vw, 1024px\" \/><figcaption class=\"wp-element-caption\">Image: Apple<\/figcaption><\/figure>\n\n\n\n<p>The headset has also delivered impressive results in Brazil. Dr. Bruno Gobbato used the Vision Pro during a shoulder arthroscopy to access 3D models and patient information in real time. The better camera resolution and the ability to provide clear images even under bright operating lights make the device the preferred choice over other technologies such as the HoloLens. Another advantage of the Vision Pro in the medical field is its price-performance ratio. At 4,000 euros, it is significantly cheaper than conventional surgical monitors, which can cost up to 30,000 US dollars. At the same time, it offers an ergonomic design and enables improved precision and reduced physical strain during operations.<\/p>\n\n\n\n<h4 class=\"wp-block-heading\" id=\"h-vielseitige-einsatzmoglichkeiten\">Versatile applications<\/h4>\n\n\n\n<p>While many VR headsets focus on gaming and entertainment, the Vision Pro stands out due to its versatility. In addition to classic VR applications, users can use the headset to:<\/p>\n\n\n\n<ul class=\"wp-block-list\">\n<li>Edit and share documents<\/li>\n\n\n\n<li>Attend virtual meetings<\/li>\n\n\n\n<li>Use specialized applications for healthcare and education<\/li>\n<\/ul>\n\n\n\n<p>This multifunctional approach positions the Vision Pro as a professional tool that goes beyond pure entertainment and is also suitable for productive and creative tasks.<\/p>\n\n\n\n<h4 class=\"wp-block-heading\" id=\"h-konkurrenzanalyse-wie-schlagt-sich-apple\">Competitive analysis: How is Apple doing?<\/h4>\n\n\n\n<p>Compared to the competition, it is clear that Apple has found a clear niche in the high-end segment. Meta dominates the market thanks to the affordable Quest 3S, while Sony&#039;s PS VR2 is falling short of expectations. Sales of the PS VR2 even fell by 25% in 2024, mainly due to a lack of features and apps. The Vision Pro, on the other hand, impresses with technological innovation and versatility, which makes it attractive despite the high price.<\/p>\n\n\n\n<h3 class=\"wp-block-heading\" id=\"h-apple-vision-pro-mehr-als-ein-headset-ein-wendepunkt\">Apple Vision Pro: More than a headset \u2013 a turning point<\/h3>\n\n\n\n<p class=\"translation-block\">The Apple Vision Pro marks a turning point for VR and MR technology. With its focus on advanced display technology, versatile applications, and professional use, the headset clearly stands out from the competition. Especially in healthcare, it has already proven how transformative technology can change lives. Despite its high price, the Vision Pro&#039;s success demonstrates that quality and innovation are valued. If Apple does indeed launch a more affordable model in the coming years, the Vision Pro could have a lasting impact on the market and provide access to advanced technology for a broader audience. Need useful tips for your Apple Vision Pro? <a href=\"https:\/\/www.apfelpatient.de\/en\/day\/apple-vision-pro-tips-and-tricks\" data-wpel-link=\"internal\" target=\"_self\">Here you&#039;ll discover everything you need to know about your new Apple device<\/a> \u2013 enjoy reading! Time for fresh accessories? Visit <a href=\"https:\/\/www.amazon.de\/shop\/apfelpatientofficial\" target=\"_blank\" rel=\"noreferrer noopener follow\" data-wpel-link=\"exclude\">our Amazon Storefront<\/a> and discover a wide selection of products from leading manufacturers, including HomeKit-compatible ones! (Image: Apple)<\/p>\n\n\n\n<ul class=\"wp-block-list\">\n<li><a href=\"https:\/\/www.apfelpatient.de\/en\/news\/apple-vision-pro-the-biggest-innovation-of-2024\">Apple Vision Pro: The biggest innovation of 2024<\/a><\/li>\n\n\n\n<li><a href=\"https:\/\/www.apfelpatient.de\/en\/generally\/apple-vision-pro-m5-a-unique-dilemma-for-apple\">Apple Vision Pro M5: A unique dilemma for Apple<\/a><\/li>\n<\/ul>\n\n\n\n<h6 class=\"wp-block-heading translation-block\" id=\"h-kennt-ihr-schon-unsere-amazon-storefront-dort-findet-ihr-eine-handverlesene-auswahl-von-diversen-produkten-f-r-euer-iphone-und-co-viel-spa-beim-st-bern\"><em>Have you already visited our Amazon Storefront? There you&#039;ll find a hand-picked selection of various products for your iPhone and other devices \u2013 <span class=\"has-inline-color has-vivid-red-color\"><a href=\"https:\/\/www.amazon.de\/shop\/apfelpatientofficial\" class=\"ek-link\" data-wpel-link=\"exclude\" rel=\"follow noopener\" target=\"_self\"><span style=\"text-decoration: underline\" class=\"ek-underline\">enjoy browsing<\/span><\/a> !<\/span><\/em><\/h6>\n\n\n\n<h6 class=\"wp-block-heading translation-block\" id=\"h-der-beitrag-enthalt-partnerlinks\">This post contains <a data-type=\"URL\" data-id=\"https:\/\/www.apfelpatient.de\/partnerprogramm\" href=\"https:\/\/www.apfelpatient.de\/en\/partner-program\" data-wpel-link=\"internal\" target=\"_self\">affiliate links<\/a>.<\/h6>","protected":false},"excerpt":{"rendered":"<p>Apple Vision Pro: Find out why this headset sets new standards and could have a lasting impact on the VR and mixed reality market.<\/p>","protected":false},"author":2,"featured_media":48682,"comment_status":"closed","ping_status":"closed","sticky":false,"template":"","format":"standard","meta":{"jnews-multi-image_gallery":[],"jnews_single_post":{"format":"standard","override":[{"template":"2","parallax":"1","fullscreen":"1","layout":"right-sidebar","sidebar":"default-sidebar","second_sidebar":"default-sidebar","sticky_sidebar":"1","share_position":"top","share_float_style":"share-monocrhome","show_featured":"1","show_post_meta":"1","show_post_author":"1","show_post_author_image":"1","show_post_date":"1","post_date_format":"default","post_date_format_custom":"Y\/m\/d","show_post_category":"1","show_post_reading_time":"0","post_reading_time_wpm":"300","post_calculate_word_method":"str_word_count","show_zoom_button":"0","zoom_button_out_step":"2","zoom_button_in_step":"3","show_post_tag":"1","show_prev_next_post":"1","show_popup_post":"1","number_popup_post":"1","show_author_box":"0","show_post_related":"0","show_inline_post_related":"0"}],"image_override":[{"single_post_thumbnail_size":"crop-500","single_post_gallery_size":"crop-500"}],"trending_post_position":"meta","trending_post_label":"Trending","sponsored_post_label":"Sponsored by","disable_ad":"0"},"jnews_primary_category":{"id":"2"},"footnotes":""},"categories":[2],"tags":[843,609],"class_list":["post-48683","post","type-post","status-publish","format-standard","has-post-thumbnail","hentry","category-allgemein","tag-apple-vision-pro","tag-apple-vr-ar"],"yoast_head":"<!-- This site is optimized with the Yoast SEO Premium plugin v27.5 (Yoast SEO v27.5) - https:\/\/yoast.com\/product\/yoast-seo-premium-wordpress\/ -->\n<title>Apple Vision Pro: Warum dieses Headset den Markt ver\u00e4ndert Apfelpatient<\/title>\n<meta name=\"description\" content=\"Apple Vision Pro: Erfahre, warum dieses Headset neue Ma\u00dfst\u00e4be setzt und den Markt f\u00fcr VR und Mixed Reality nachhaltig pr\u00e4gen k\u00f6nnte.\" \/>\n<meta name=\"robots\" content=\"index, follow, max-snippet:-1, max-image-preview:large, max-video-preview:-1\" \/>\n<link rel=\"canonical\" href=\"https:\/\/www.apfelpatient.de\/en\/generally\/apple-vision-pro-why-this-headset-changes-the-market\" \/>\n<meta property=\"og:locale\" content=\"en_US\" \/>\n<meta property=\"og:type\" content=\"article\" \/>\n<meta property=\"og:title\" content=\"Apple Vision Pro: Warum dieses Headset den Markt ver\u00e4ndert\" \/>\n<meta property=\"og:description\" content=\"Apple Vision Pro: Erfahre, warum dieses Headset neue Ma\u00dfst\u00e4be setzt und den Markt f\u00fcr VR und Mixed Reality nachhaltig pr\u00e4gen k\u00f6nnte.\" \/>\n<meta property=\"og:url\" content=\"https:\/\/www.apfelpatient.de\/en\/generally\/apple-vision-pro-why-this-headset-changes-the-market\" \/>\n<meta property=\"og:site_name\" content=\"Apfelpatient\" \/>\n<meta property=\"article:publisher\" content=\"https:\/\/www.facebook.com\/apfelpatientOfficial\" \/>\n<meta property=\"article:author\" content=\"https:\/\/www.facebook.com\/apfelpatientOfficial\" \/>\n<meta property=\"article:published_time\" content=\"2025-01-04T18:12:37+00:00\" \/>\n<meta property=\"article:modified_time\" content=\"2025-01-04T22:03:03+00:00\" \/>\n<meta property=\"og:image\" content=\"https:\/\/www.apfelpatient.de\/wp-content\/uploads\/2024\/12\/Apple-Vision-Pro-availability-customer-demo-02.jpg\" \/>\n\t<meta property=\"og:image:width\" content=\"1600\" \/>\n\t<meta property=\"og:image:height\" content=\"1066\" \/>\n\t<meta property=\"og:image:type\" content=\"image\/jpeg\" \/>\n<meta name=\"author\" content=\"Milan\" \/>\n<meta name=\"twitter:card\" content=\"summary_large_image\" \/>\n<meta name=\"twitter:description\" content=\"Apple Vision Pro: Erfahre, warum dieses Headset neue Ma\u00dfst\u00e4be setzt und den Markt f\u00fcr VR und Mixed Reality nachhaltig pr\u00e4gen k\u00f6nnte.\" \/>\n<meta name=\"twitter:label1\" content=\"Written by\" \/>\n\t<meta name=\"twitter:data1\" content=\"Milan\" \/>\n\t<meta name=\"twitter:label2\" content=\"Est. reading time\" \/>\n\t<meta name=\"twitter:data2\" content=\"6 minutes\" \/>\n<script type=\"application\/ld+json\" class=\"yoast-schema-graph\">{\"@context\":\"https:\\\/\\\/schema.org\",\"@graph\":[{\"@type\":\"NewsArticle\",\"@id\":\"https:\\\/\\\/www.apfelpatient.de\\\/allgemein\\\/apple-vision-pro-warum-dieses-headset-den-markt-veraendert#article\",\"isPartOf\":{\"@id\":\"https:\\\/\\\/www.apfelpatient.de\\\/allgemein\\\/apple-vision-pro-warum-dieses-headset-den-markt-veraendert\"},\"author\":{\"@type\":\"Organization\",\"@id\":\"https:\\\/\\\/www.apfelpatient.de\\\/en\\\/#organization\",\"name\":\"Apfelpatient\",\"url\":\"https:\\\/\\\/www.apfelpatient.de\\\/en\\\/\"},\"headline\":\"Apple Vision Pro: Warum dieses Headset den Markt ver\u00e4ndert\",\"datePublished\":\"2025-01-04T18:12:37+00:00\",\"dateModified\":\"2025-01-04T22:03:03+00:00\",\"mainEntityOfPage\":{\"@id\":\"https:\\\/\\\/www.apfelpatient.de\\\/allgemein\\\/apple-vision-pro-warum-dieses-headset-den-markt-veraendert\"},\"wordCount\":894,\"publisher\":{\"@type\":\"Organization\",\"@id\":\"https:\\\/\\\/www.apfelpatient.de\\\/en\\\/#organization\",\"name\":\"Apfelpatient\",\"url\":\"https:\\\/\\\/www.apfelpatient.de\\\/en\\\/\"},\"image\":{\"@id\":\"https:\\\/\\\/www.apfelpatient.de\\\/allgemein\\\/apple-vision-pro-warum-dieses-headset-den-markt-veraendert#primaryimage\"},\"thumbnailUrl\":\"https:\\\/\\\/www.apfelpatient.de\\\/wp-content\\\/uploads\\\/2024\\\/12\\\/Apple-Vision-Pro-availability-customer-demo-02.jpg\",\"keywords\":[\"Apple Vision Pro\",\"Apple VR\\\/AR\"],\"articleSection\":\"Allgemein\",\"inLanguage\":\"en-US\",\"copyrightYear\":\"2025\",\"copyrightHolder\":{\"@id\":\"https:\\\/\\\/www.apfelpatient.de\\\/en\\\/#organization\"}},{\"@type\":\"WebPage\",\"@id\":\"https:\\\/\\\/www.apfelpatient.de\\\/allgemein\\\/apple-vision-pro-warum-dieses-headset-den-markt-veraendert\",\"url\":\"https:\\\/\\\/www.apfelpatient.de\\\/allgemein\\\/apple-vision-pro-warum-dieses-headset-den-markt-veraendert\",\"name\":\"Apple Vision Pro: Warum dieses Headset den Markt ver\u00e4ndert Apfelpatient\",\"isPartOf\":{\"@id\":\"https:\\\/\\\/www.apfelpatient.de\\\/#website\"},\"primaryImageOfPage\":{\"@id\":\"https:\\\/\\\/www.apfelpatient.de\\\/allgemein\\\/apple-vision-pro-warum-dieses-headset-den-markt-veraendert#primaryimage\"},\"image\":{\"@id\":\"https:\\\/\\\/www.apfelpatient.de\\\/allgemein\\\/apple-vision-pro-warum-dieses-headset-den-markt-veraendert#primaryimage\"},\"thumbnailUrl\":\"https:\\\/\\\/www.apfelpatient.de\\\/wp-content\\\/uploads\\\/2024\\\/12\\\/Apple-Vision-Pro-availability-customer-demo-02.jpg\",\"datePublished\":\"2025-01-04T18:12:37+00:00\",\"dateModified\":\"2025-01-04T22:03:03+00:00\",\"description\":\"Apple Vision Pro: Erfahre, warum dieses Headset neue Ma\u00dfst\u00e4be setzt und den Markt f\u00fcr VR und Mixed Reality nachhaltig pr\u00e4gen k\u00f6nnte.\",\"breadcrumb\":{\"@id\":\"https:\\\/\\\/www.apfelpatient.de\\\/allgemein\\\/apple-vision-pro-warum-dieses-headset-den-markt-veraendert#breadcrumb\"},\"inLanguage\":\"en-US\",\"potentialAction\":[{\"@type\":\"ReadAction\",\"target\":[\"https:\\\/\\\/www.apfelpatient.de\\\/allgemein\\\/apple-vision-pro-warum-dieses-headset-den-markt-veraendert\"]}]},{\"@type\":\"ImageObject\",\"inLanguage\":\"en-US\",\"@id\":\"https:\\\/\\\/www.apfelpatient.de\\\/allgemein\\\/apple-vision-pro-warum-dieses-headset-den-markt-veraendert#primaryimage\",\"url\":\"https:\\\/\\\/www.apfelpatient.de\\\/wp-content\\\/uploads\\\/2024\\\/12\\\/Apple-Vision-Pro-availability-customer-demo-02.jpg\",\"contentUrl\":\"https:\\\/\\\/www.apfelpatient.de\\\/wp-content\\\/uploads\\\/2024\\\/12\\\/Apple-Vision-Pro-availability-customer-demo-02.jpg\",\"width\":1600,\"height\":1066,\"caption\":\"Bild: Apple\"},{\"@type\":\"BreadcrumbList\",\"@id\":\"https:\\\/\\\/www.apfelpatient.de\\\/allgemein\\\/apple-vision-pro-warum-dieses-headset-den-markt-veraendert#breadcrumb\",\"itemListElement\":[{\"@type\":\"ListItem\",\"position\":1,\"name\":\"Startseite\",\"item\":\"https:\\\/\\\/www.apfelpatient.de\\\/\"},{\"@type\":\"ListItem\",\"position\":2,\"name\":\"Apple Vision Pro: Warum dieses Headset den Markt ver\u00e4ndert\"}]},{\"@type\":\"WebSite\",\"@id\":\"https:\\\/\\\/www.apfelpatient.de\\\/#website\",\"url\":\"https:\\\/\\\/www.apfelpatient.de\\\/\",\"name\":\"Apfelpatient\",\"description\":\"Alles rund um Apple!\",\"publisher\":{\"@type\":\"Organization\",\"@id\":\"https:\\\/\\\/www.apfelpatient.de\\\/en\\\/#organization\",\"name\":\"Apfelpatient\",\"url\":\"https:\\\/\\\/www.apfelpatient.de\\\/en\\\/\"},\"alternateName\":\"Apfelpatient\",\"potentialAction\":[{\"@type\":\"SearchAction\",\"target\":{\"@type\":\"EntryPoint\",\"urlTemplate\":\"https:\\\/\\\/www.apfelpatient.de\\\/?s={search_term_string}\"},\"query-input\":{\"@type\":\"PropertyValueSpecification\",\"valueRequired\":true,\"valueName\":\"search_term_string\"}}],\"inLanguage\":\"en-US\"},{\"@type\":[\"Person\",\"Organization\"],\"@id\":\"https:\\\/\\\/www.apfelpatient.de\\\/#\\\/schema\\\/person\\\/7dc56ad6c8e9824b76d2c08d4c140e13\",\"name\":\"Milan\",\"logo\":{\"@id\":\"https:\\\/\\\/www.apfelpatient.de\\\/#\\\/schema\\\/person\\\/image\\\/\"},\"description\":\"Hallo und herzlich willkommen auf meinem Technik-Blog! Als gro\u00dfer Apple-Fan berichte ich hier \u00fcber alles, was mit Apple zu tun hat: von den neuesten News und spannenden Ger\u00fcchten \u00fcber hilfreiche Tipps und Tricks bis hin zu ausf\u00fchrlichen Produkttests. Wenn du genauso technikbegeistert bist wie ich, bist du hier genau richtig!\",\"sameAs\":[\"https:\\\/\\\/www.facebook.com\\\/apfelpatientOfficial\",\"https:\\\/\\\/www.linkedin.com\\\/in\\\/milan-jovicic-42aa0231b\"],\"url\":\"https:\\\/\\\/www.apfelpatient.de\\\/en\\\/author\\\/apfeladmin\"}]}<\/script>\n<!-- \/ Yoast SEO Premium plugin. -->","yoast_head_json":{"title":"Apple Vision Pro: Why this headset is changing the market Apfelpatient","description":"Apple Vision Pro: Find out why this headset sets new standards and could have a lasting impact on the VR and mixed reality market.","robots":{"index":"index","follow":"follow","max-snippet":"max-snippet:-1","max-image-preview":"max-image-preview:large","max-video-preview":"max-video-preview:-1"},"canonical":"https:\/\/www.apfelpatient.de\/en\/generally\/apple-vision-pro-why-this-headset-changes-the-market","og_locale":"en_US","og_type":"article","og_title":"Apple Vision Pro: Warum dieses Headset den Markt ver\u00e4ndert","og_description":"Apple Vision Pro: Erfahre, warum dieses Headset neue Ma\u00dfst\u00e4be setzt und den Markt f\u00fcr VR und Mixed Reality nachhaltig pr\u00e4gen k\u00f6nnte.","og_url":"https:\/\/www.apfelpatient.de\/en\/generally\/apple-vision-pro-why-this-headset-changes-the-market","og_site_name":"Apfelpatient","article_publisher":"https:\/\/www.facebook.com\/apfelpatientOfficial","article_author":"https:\/\/www.facebook.com\/apfelpatientOfficial","article_published_time":"2025-01-04T18:12:37+00:00","article_modified_time":"2025-01-04T22:03:03+00:00","og_image":[{"width":1600,"height":1066,"url":"https:\/\/www.apfelpatient.de\/wp-content\/uploads\/2024\/12\/Apple-Vision-Pro-availability-customer-demo-02.jpg","type":"image\/jpeg"}],"author":"Milan","twitter_card":"summary_large_image","twitter_description":"Apple Vision Pro: Erfahre, warum dieses Headset neue Ma\u00dfst\u00e4be setzt und den Markt f\u00fcr VR und Mixed Reality nachhaltig pr\u00e4gen k\u00f6nnte.","twitter_misc":{"Written by":"Milan","Est. reading time":"6 minutes"},"schema":{"@context":"https:\/\/schema.org","@graph":[{"@type":"NewsArticle","@id":"https:\/\/www.apfelpatient.de\/allgemein\/apple-vision-pro-warum-dieses-headset-den-markt-veraendert#article","isPartOf":{"@id":"https:\/\/www.apfelpatient.de\/allgemein\/apple-vision-pro-warum-dieses-headset-den-markt-veraendert"},"author":{"@type":"Organization","@id":"https:\/\/www.apfelpatient.de\/en\/#organization","name":"Apfelpatient","url":"https:\/\/www.apfelpatient.de\/en\/"},"headline":"Apple Vision Pro: Warum dieses Headset den Markt ver\u00e4ndert","datePublished":"2025-01-04T18:12:37+00:00","dateModified":"2025-01-04T22:03:03+00:00","mainEntityOfPage":{"@id":"https:\/\/www.apfelpatient.de\/allgemein\/apple-vision-pro-warum-dieses-headset-den-markt-veraendert"},"wordCount":894,"publisher":{"@type":"Organization","@id":"https:\/\/www.apfelpatient.de\/en\/#organization","name":"Apfelpatient","url":"https:\/\/www.apfelpatient.de\/en\/"},"image":{"@id":"https:\/\/www.apfelpatient.de\/allgemein\/apple-vision-pro-warum-dieses-headset-den-markt-veraendert#primaryimage"},"thumbnailUrl":"https:\/\/www.apfelpatient.de\/wp-content\/uploads\/2024\/12\/Apple-Vision-Pro-availability-customer-demo-02.jpg","keywords":["Apple Vision Pro","Apple VR\/AR"],"articleSection":"Allgemein","inLanguage":"en-US","copyrightYear":"2025","copyrightHolder":{"@id":"https:\/\/www.apfelpatient.de\/en\/#organization"}},{"@type":"WebPage","@id":"https:\/\/www.apfelpatient.de\/allgemein\/apple-vision-pro-warum-dieses-headset-den-markt-veraendert","url":"https:\/\/www.apfelpatient.de\/allgemein\/apple-vision-pro-warum-dieses-headset-den-markt-veraendert","name":"Apple Vision Pro: Why this headset is changing the market Apfelpatient","isPartOf":{"@id":"https:\/\/www.apfelpatient.de\/#website"},"primaryImageOfPage":{"@id":"https:\/\/www.apfelpatient.de\/allgemein\/apple-vision-pro-warum-dieses-headset-den-markt-veraendert#primaryimage"},"image":{"@id":"https:\/\/www.apfelpatient.de\/allgemein\/apple-vision-pro-warum-dieses-headset-den-markt-veraendert#primaryimage"},"thumbnailUrl":"https:\/\/www.apfelpatient.de\/wp-content\/uploads\/2024\/12\/Apple-Vision-Pro-availability-customer-demo-02.jpg","datePublished":"2025-01-04T18:12:37+00:00","dateModified":"2025-01-04T22:03:03+00:00","description":"Apple Vision Pro: Find out why this headset sets new standards and could have a lasting impact on the VR and mixed reality market.","breadcrumb":{"@id":"https:\/\/www.apfelpatient.de\/allgemein\/apple-vision-pro-warum-dieses-headset-den-markt-veraendert#breadcrumb"},"inLanguage":"en-US","potentialAction":[{"@type":"ReadAction","target":["https:\/\/www.apfelpatient.de\/allgemein\/apple-vision-pro-warum-dieses-headset-den-markt-veraendert"]}]},{"@type":"ImageObject","inLanguage":"en-US","@id":"https:\/\/www.apfelpatient.de\/allgemein\/apple-vision-pro-warum-dieses-headset-den-markt-veraendert#primaryimage","url":"https:\/\/www.apfelpatient.de\/wp-content\/uploads\/2024\/12\/Apple-Vision-Pro-availability-customer-demo-02.jpg","contentUrl":"https:\/\/www.apfelpatient.de\/wp-content\/uploads\/2024\/12\/Apple-Vision-Pro-availability-customer-demo-02.jpg","width":1600,"height":1066,"caption":"Bild: Apple"},{"@type":"BreadcrumbList","@id":"https:\/\/www.apfelpatient.de\/allgemein\/apple-vision-pro-warum-dieses-headset-den-markt-veraendert#breadcrumb","itemListElement":[{"@type":"ListItem","position":1,"name":"Startseite","item":"https:\/\/www.apfelpatient.de\/"},{"@type":"ListItem","position":2,"name":"Apple Vision Pro: Warum dieses Headset den Markt ver\u00e4ndert"}]},{"@type":"WebSite","@id":"https:\/\/www.apfelpatient.de\/#website","url":"https:\/\/www.apfelpatient.de\/","name":"apple patient","description":"Everything about Apple!","publisher":{"@type":"Organization","@id":"https:\/\/www.apfelpatient.de\/en\/#organization","name":"Apfelpatient","url":"https:\/\/www.apfelpatient.de\/en\/"},"alternateName":"Apfelpatient","potentialAction":[{"@type":"SearchAction","target":{"@type":"EntryPoint","urlTemplate":"https:\/\/www.apfelpatient.de\/?s={search_term_string}"},"query-input":{"@type":"PropertyValueSpecification","valueRequired":true,"valueName":"search_term_string"}}],"inLanguage":"en-US"},{"@type":["Person","Organization"],"@id":"https:\/\/www.apfelpatient.de\/#\/schema\/person\/7dc56ad6c8e9824b76d2c08d4c140e13","name":"Milan","logo":{"@id":"https:\/\/www.apfelpatient.de\/#\/schema\/person\/image\/"},"description":"Hello and welcome to my technology blog! As a big Apple fan, I report on everything to do with Apple: from the latest news and exciting rumors to helpful tips and tricks and detailed product tests. If you are as enthusiastic about technology as I am, you have come to the right place!","sameAs":["https:\/\/www.facebook.com\/apfelpatientOfficial","https:\/\/www.linkedin.com\/in\/milan-jovicic-42aa0231b"],"url":"https:\/\/www.apfelpatient.de\/en\/author\/apfeladmin"}]}},"_links":{"self":[{"href":"https:\/\/www.apfelpatient.de\/en\/wp-json\/wp\/v2\/posts\/48683","targetHints":{"allow":["GET"]}}],"collection":[{"href":"https:\/\/www.apfelpatient.de\/en\/wp-json\/wp\/v2\/posts"}],"about":[{"href":"https:\/\/www.apfelpatient.de\/en\/wp-json\/wp\/v2\/types\/post"}],"author":[{"embeddable":true,"href":"https:\/\/www.apfelpatient.de\/en\/wp-json\/wp\/v2\/users\/2"}],"replies":[{"embeddable":true,"href":"https:\/\/www.apfelpatient.de\/en\/wp-json\/wp\/v2\/comments?post=48683"}],"version-history":[{"count":0,"href":"https:\/\/www.apfelpatient.de\/en\/wp-json\/wp\/v2\/posts\/48683\/revisions"}],"wp:featuredmedia":[{"embeddable":true,"href":"https:\/\/www.apfelpatient.de\/en\/wp-json\/wp\/v2\/media\/48682"}],"wp:attachment":[{"href":"https:\/\/www.apfelpatient.de\/en\/wp-json\/wp\/v2\/media?parent=48683"}],"wp:term":[{"taxonomy":"category","embeddable":true,"href":"https:\/\/www.apfelpatient.de\/en\/wp-json\/wp\/v2\/categories?post=48683"},{"taxonomy":"post_tag","embeddable":true,"href":"https:\/\/www.apfelpatient.de\/en\/wp-json\/wp\/v2\/tags?post=48683"}],"curies":[{"name":"wp","href":"https:\/\/api.w.org\/{rel}","templated":true}]}}