{"id":48495,"date":"2024-12-13T17:26:23","date_gmt":"2024-12-13T16:26:23","guid":{"rendered":"https:\/\/www.apfelpatient.de\/?p=48495"},"modified":"2024-12-13T17:26:24","modified_gmt":"2024-12-13T16:26:24","slug":"apple-prepares-to-end-sales-of-iphone-se-14-in-europe","status":"publish","type":"post","link":"https:\/\/www.apfelpatient.de\/en\/news\/apple-bereitet-verkaufsende-von-iphone-se-14-in-europa-vor","title":{"rendered":"Apple prepares to end sales of iPhone SE &amp; 14 in Europe"},"content":{"rendered":"<p class=\"has-drop-cap\"><strong>According to a report, Apple is apparently planning to stop selling the third-generation iPhone SE and the iPhone 14 series in Europe. The background to this is the new EU directive, which requires a uniform USB-C port for all new and still sold smartphones from January 2025. This regulation forces manufacturers to adapt their product strategies, and Apple seems to be responding to this with a clear decision.<\/strong><\/p>\n\n\n\n<p>With the USB-C regulation, the EU aims to standardize chargers and reduce electronic waste. For Apple, which has so far relied on the proprietary Lightning connector, this marks the end of an era. While newer iPhone models, such as the iPhone 15, are already equipped with USB-C, the change affects older devices such as the iPhone SE (3rd generation) and the iPhone 14 series.<\/p>\n\n\n\n<h4 class=\"wp-block-heading\" id=\"h-warum-stehen-iphone-se-und-iphone-14-im-fokus\">Why are iPhone SE and iPhone 14 in focus?<\/h4>\n\n\n\n<p>The EU directive requires that from January 2025, all newly launched smartphones and devices still sold in Europe must be equipped with a USB-C port. The iPhone SE (3rd generation) as well as the iPhone 14 series have the Lightning port, which does not meet these requirements. Instead of selling these models beyond the legally required period, as would normally be the case, Apple seems to be planning to remove them from the European market at the end of 2024.<\/p>\n\n\n\n<h4 class=\"wp-block-heading\" id=\"h-welche-modelle-sind-betroffen\">Which models are affected?<\/h4>\n\n\n\n<p>After <a href=\"https:\/\/www.igen.fr\/iphone\/2024\/12\/apple-va-arreter-la-vente-des-iphone-se-et-iphone-14-dans-lunion-europeenne-147523\" target=\"_blank\" rel=\"noreferrer noopener\">report<\/a> According to iGeneration, the decision affects the following iPhone models:<\/p>\n\n\n\n<ul class=\"wp-block-list\">\n<li>iPhone SE (3rd generation)<\/li>\n\n\n\n<li>iPhone 14<\/li>\n\n\n\n<li>iPhone 14 Plus<\/li>\n<\/ul>\n\n\n\n<p>These devices are unlikely to be available in Europe after 2024. However, in other markets, such as the US and Asia, these models may continue to be sold regularly until they reach their natural life cycle.<\/p>\n\n\n\n<h4 class=\"wp-block-heading\" id=\"h-was-bedeutet-das-fur-dich-als-nutzer\">What does this mean for you as a user?<\/h4>\n\n\n\n<p>If you own one of these devices, you can continue to use it as usual. The suspension of sales only affects the purchase of new devices. Accessories for the Lightning connector will continue to be available for the time being, as demand remains global. However, if you are planning to buy a new iPhone SE (3rd generation) or iPhone 14, you only have a limited time in Europe before these models are discontinued. For buyers who want a modern and USB-C compatible model, Apple will introduce the iPhone SE (4th generation) as early as spring 2025. This new device will reportedly have a design similar to the iPhone 14 and will be equipped with USB-C. It will also feature an improved camera and an edge-to-edge display.<\/p>\n\n\n\n<h4 class=\"wp-block-heading\" id=\"h-warum-beendet-apple-den-verkauf-fruher\">Why is Apple ending the sale early?<\/h4>\n\n\n\n<p>Under normal circumstances, Apple would probably have offered the iPhone 14 and iPhone 14 Plus until fall 2025 as a cheaper alternative to the current models. The EU directive eliminates this option, as devices without a USB-C port can no longer be sold. The decision to end sales early could be strategic. Apple prefers to focus on upcoming models that comply with EU requirements right from the start, rather than on older technology that will no longer meet legal standards in the foreseeable future.<\/p>\n\n\n\n<h3 class=\"wp-block-heading\" id=\"h-von-exklusiv-zu-universell-der-ubergang-zu-usb-c-bei-apple\">From exclusive to universal: The transition to USB-C at Apple<\/h3>\n\n\n\n<p>The switch to USB-C will bring long-term benefits for Apple users. From 2025, all new iPhones will be equipped with this universal connector, which will improve compatibility between devices from different manufacturers. It will also make your everyday life easier, as you will only need one cable for different devices. For Apple, the end of the Lightning connector means closing a chapter that has existed since 2012. However, the switch to USB-C makes Apple future-proof and the company meets the requirements of the European market. (Photo by blackzheep \/ Bigstockphoto)<\/p>\n\n\n\n<ul class=\"wp-block-list\">\n<li><a href=\"https:\/\/www.apfelpatient.de\/en\/rumors\/iphone-se-4-rumors-about-new-camera-features\">iPhone SE 4: Rumors about new camera features<\/a><\/li>\n<\/ul>\n\n\n\n<h6 class=\"wp-block-heading translation-block\" id=\"h-kennt-ihr-schon-unsere-amazon-storefront-dort-findet-ihr-eine-handverlesene-auswahl-von-diversen-produkten-f-r-euer-iphone-und-co-viel-spa-beim-st-bern\"><em>Have you already visited our Amazon Storefront? There you&#039;ll find a hand-picked selection of various products for your iPhone and other devices \u2013 <span class=\"has-inline-color has-vivid-red-color\"><a href=\"https:\/\/www.amazon.de\/shop\/apfelpatientofficial\" class=\"ek-link\" data-wpel-link=\"exclude\" rel=\"follow noopener\" target=\"_self\"><span style=\"text-decoration: underline\" class=\"ek-underline\">enjoy browsing<\/span><\/a> !<\/span><\/em><\/h6>\n\n\n\n<h6 class=\"wp-block-heading translation-block\" id=\"h-der-beitrag-enthalt-partnerlinks\">This post contains <a data-type=\"URL\" data-id=\"https:\/\/www.apfelpatient.de\/partnerprogramm\" href=\"https:\/\/www.apfelpatient.de\/en\/partner-program\" data-wpel-link=\"internal\" target=\"_self\">affiliate links<\/a>.<\/h6>","protected":false},"excerpt":{"rendered":"<p>Apple will soon end sales of the iPhone SE and iPhone 14 in Europe. Read here what the EU directive has to do with it and what to expect.<\/p>","protected":false},"author":2,"featured_media":48494,"comment_status":"closed","ping_status":"closed","sticky":false,"template":"","format":"standard","meta":{"jnews-multi-image_gallery":[],"jnews_single_post":{"format":"standard"},"jnews_primary_category":[],"footnotes":""},"categories":[9],"tags":[8,683,70],"class_list":["post-48495","post","type-post","status-publish","format-standard","has-post-thumbnail","hentry","category-news","tag-iphone","tag-iphone-14","tag-iphone-se"],"yoast_head":"<!-- This site is optimized with the Yoast SEO Premium plugin v27.5 (Yoast SEO v27.5) - https:\/\/yoast.com\/product\/yoast-seo-premium-wordpress\/ -->\n<title>Apple bereitet Verkaufsende von iPhone SE &amp; 14 in Europa vor Apfelpatient<\/title>\n<meta name=\"description\" content=\"Apple beendet bald den Verkauf von iPhone SE &amp; iPhone 14 in Europa. Lies hier, was die EU-Richtlinie damit zu tun hat und was dich erwartet.\" \/>\n<meta name=\"robots\" content=\"index, follow, max-snippet:-1, max-image-preview:large, max-video-preview:-1\" \/>\n<link rel=\"canonical\" href=\"https:\/\/www.apfelpatient.de\/en\/news\/apple-prepares-to-end-sales-of-iphone-se-14-in-europe\" \/>\n<meta property=\"og:locale\" content=\"en_US\" \/>\n<meta property=\"og:type\" content=\"article\" \/>\n<meta property=\"og:title\" content=\"Apple bereitet Verkaufsende von iPhone SE &amp; 14 in Europa vor\" \/>\n<meta property=\"og:description\" content=\"Apple beendet bald den Verkauf von iPhone SE &amp; iPhone 14 in Europa. Lies hier, was die EU-Richtlinie damit zu tun hat und was dich erwartet.\" \/>\n<meta property=\"og:url\" content=\"https:\/\/www.apfelpatient.de\/en\/news\/apple-prepares-to-end-sales-of-iphone-se-14-in-europe\" \/>\n<meta property=\"og:site_name\" content=\"Apfelpatient\" \/>\n<meta property=\"article:publisher\" content=\"https:\/\/www.facebook.com\/apfelpatientOfficial\" \/>\n<meta property=\"article:author\" content=\"https:\/\/www.facebook.com\/apfelpatientOfficial\" \/>\n<meta property=\"article:published_time\" content=\"2024-12-13T16:26:23+00:00\" \/>\n<meta property=\"article:modified_time\" content=\"2024-12-13T16:26:24+00:00\" \/>\n<meta property=\"og:image\" content=\"https:\/\/www.apfelpatient.de\/wp-content\/uploads\/2024\/12\/bigstock-191773999.jpg\" \/>\n\t<meta property=\"og:image:width\" content=\"1600\" \/>\n\t<meta property=\"og:image:height\" content=\"1067\" \/>\n\t<meta property=\"og:image:type\" content=\"image\/jpeg\" \/>\n<meta name=\"author\" content=\"Milan\" \/>\n<meta name=\"twitter:card\" content=\"summary_large_image\" \/>\n<meta name=\"twitter:description\" content=\"Apple beendet bald den Verkauf von iPhone SE &amp; iPhone 14 in Europa. Lies hier, was die EU-Richtlinie damit zu tun hat und was dich erwartet.\" \/>\n<meta name=\"twitter:label1\" content=\"Written by\" \/>\n\t<meta name=\"twitter:data1\" content=\"Milan\" \/>\n\t<meta name=\"twitter:label2\" content=\"Est. reading time\" \/>\n\t<meta name=\"twitter:data2\" content=\"4 minutes\" \/>\n<script type=\"application\/ld+json\" class=\"yoast-schema-graph\">{\"@context\":\"https:\\\/\\\/schema.org\",\"@graph\":[{\"@type\":\"NewsArticle\",\"@id\":\"https:\\\/\\\/www.apfelpatient.de\\\/news\\\/apple-bereitet-verkaufsende-von-iphone-se-14-in-europa-vor#article\",\"isPartOf\":{\"@id\":\"https:\\\/\\\/www.apfelpatient.de\\\/news\\\/apple-bereitet-verkaufsende-von-iphone-se-14-in-europa-vor\"},\"author\":{\"@type\":\"Organization\",\"@id\":\"https:\\\/\\\/www.apfelpatient.de\\\/en\\\/#organization\",\"name\":\"Apfelpatient\",\"url\":\"https:\\\/\\\/www.apfelpatient.de\\\/en\\\/\"},\"headline\":\"Apple bereitet Verkaufsende von iPhone SE &amp; 14 in Europa vor\",\"datePublished\":\"2024-12-13T16:26:23+00:00\",\"dateModified\":\"2024-12-13T16:26:24+00:00\",\"mainEntityOfPage\":{\"@id\":\"https:\\\/\\\/www.apfelpatient.de\\\/news\\\/apple-bereitet-verkaufsende-von-iphone-se-14-in-europa-vor\"},\"wordCount\":610,\"publisher\":{\"@type\":\"Organization\",\"@id\":\"https:\\\/\\\/www.apfelpatient.de\\\/en\\\/#organization\",\"name\":\"Apfelpatient\",\"url\":\"https:\\\/\\\/www.apfelpatient.de\\\/en\\\/\"},\"image\":{\"@id\":\"https:\\\/\\\/www.apfelpatient.de\\\/news\\\/apple-bereitet-verkaufsende-von-iphone-se-14-in-europa-vor#primaryimage\"},\"thumbnailUrl\":\"https:\\\/\\\/www.apfelpatient.de\\\/wp-content\\\/uploads\\\/2024\\\/12\\\/bigstock-191773999.jpg\",\"keywords\":[\"iPhone\",\"iPhone 14\",\"iPhone SE\"],\"articleSection\":\"News\",\"inLanguage\":\"en-US\",\"copyrightYear\":\"2024\",\"copyrightHolder\":{\"@id\":\"https:\\\/\\\/www.apfelpatient.de\\\/en\\\/#organization\"}},{\"@type\":\"WebPage\",\"@id\":\"https:\\\/\\\/www.apfelpatient.de\\\/news\\\/apple-bereitet-verkaufsende-von-iphone-se-14-in-europa-vor\",\"url\":\"https:\\\/\\\/www.apfelpatient.de\\\/news\\\/apple-bereitet-verkaufsende-von-iphone-se-14-in-europa-vor\",\"name\":\"Apple bereitet Verkaufsende von iPhone SE &amp; 14 in Europa vor Apfelpatient\",\"isPartOf\":{\"@id\":\"https:\\\/\\\/www.apfelpatient.de\\\/#website\"},\"primaryImageOfPage\":{\"@id\":\"https:\\\/\\\/www.apfelpatient.de\\\/news\\\/apple-bereitet-verkaufsende-von-iphone-se-14-in-europa-vor#primaryimage\"},\"image\":{\"@id\":\"https:\\\/\\\/www.apfelpatient.de\\\/news\\\/apple-bereitet-verkaufsende-von-iphone-se-14-in-europa-vor#primaryimage\"},\"thumbnailUrl\":\"https:\\\/\\\/www.apfelpatient.de\\\/wp-content\\\/uploads\\\/2024\\\/12\\\/bigstock-191773999.jpg\",\"datePublished\":\"2024-12-13T16:26:23+00:00\",\"dateModified\":\"2024-12-13T16:26:24+00:00\",\"description\":\"Apple beendet bald den Verkauf von iPhone SE & iPhone 14 in Europa. Lies hier, was die EU-Richtlinie damit zu tun hat und was dich erwartet.\",\"breadcrumb\":{\"@id\":\"https:\\\/\\\/www.apfelpatient.de\\\/news\\\/apple-bereitet-verkaufsende-von-iphone-se-14-in-europa-vor#breadcrumb\"},\"inLanguage\":\"en-US\",\"potentialAction\":[{\"@type\":\"ReadAction\",\"target\":[\"https:\\\/\\\/www.apfelpatient.de\\\/news\\\/apple-bereitet-verkaufsende-von-iphone-se-14-in-europa-vor\"]}]},{\"@type\":\"ImageObject\",\"inLanguage\":\"en-US\",\"@id\":\"https:\\\/\\\/www.apfelpatient.de\\\/news\\\/apple-bereitet-verkaufsende-von-iphone-se-14-in-europa-vor#primaryimage\",\"url\":\"https:\\\/\\\/www.apfelpatient.de\\\/wp-content\\\/uploads\\\/2024\\\/12\\\/bigstock-191773999.jpg\",\"contentUrl\":\"https:\\\/\\\/www.apfelpatient.de\\\/wp-content\\\/uploads\\\/2024\\\/12\\\/bigstock-191773999.jpg\",\"width\":1600,\"height\":1067,\"caption\":\"Photo by blackzheep \\\/ Bigstockphoto\"},{\"@type\":\"BreadcrumbList\",\"@id\":\"https:\\\/\\\/www.apfelpatient.de\\\/news\\\/apple-bereitet-verkaufsende-von-iphone-se-14-in-europa-vor#breadcrumb\",\"itemListElement\":[{\"@type\":\"ListItem\",\"position\":1,\"name\":\"Startseite\",\"item\":\"https:\\\/\\\/www.apfelpatient.de\\\/\"},{\"@type\":\"ListItem\",\"position\":2,\"name\":\"Apple bereitet Verkaufsende von iPhone SE &amp; 14 in Europa vor\"}]},{\"@type\":\"WebSite\",\"@id\":\"https:\\\/\\\/www.apfelpatient.de\\\/#website\",\"url\":\"https:\\\/\\\/www.apfelpatient.de\\\/\",\"name\":\"Apfelpatient\",\"description\":\"Alles rund um Apple!\",\"publisher\":{\"@type\":\"Organization\",\"@id\":\"https:\\\/\\\/www.apfelpatient.de\\\/en\\\/#organization\",\"name\":\"Apfelpatient\",\"url\":\"https:\\\/\\\/www.apfelpatient.de\\\/en\\\/\"},\"alternateName\":\"Apfelpatient\",\"potentialAction\":[{\"@type\":\"SearchAction\",\"target\":{\"@type\":\"EntryPoint\",\"urlTemplate\":\"https:\\\/\\\/www.apfelpatient.de\\\/?s={search_term_string}\"},\"query-input\":{\"@type\":\"PropertyValueSpecification\",\"valueRequired\":true,\"valueName\":\"search_term_string\"}}],\"inLanguage\":\"en-US\"},{\"@type\":[\"Person\",\"Organization\"],\"@id\":\"https:\\\/\\\/www.apfelpatient.de\\\/#\\\/schema\\\/person\\\/7dc56ad6c8e9824b76d2c08d4c140e13\",\"name\":\"Milan\",\"logo\":{\"@id\":\"https:\\\/\\\/www.apfelpatient.de\\\/#\\\/schema\\\/person\\\/image\\\/\"},\"description\":\"Hallo und herzlich willkommen auf meinem Technik-Blog! Als gro\u00dfer Apple-Fan berichte ich hier \u00fcber alles, was mit Apple zu tun hat: von den neuesten News und spannenden Ger\u00fcchten \u00fcber hilfreiche Tipps und Tricks bis hin zu ausf\u00fchrlichen Produkttests. Wenn du genauso technikbegeistert bist wie ich, bist du hier genau richtig!\",\"sameAs\":[\"https:\\\/\\\/www.facebook.com\\\/apfelpatientOfficial\",\"https:\\\/\\\/www.linkedin.com\\\/in\\\/milan-jovicic-42aa0231b\"],\"url\":\"https:\\\/\\\/www.apfelpatient.de\\\/en\\\/author\\\/apfeladmin\"}]}<\/script>\n<!-- \/ Yoast SEO Premium plugin. -->","yoast_head_json":{"title":"Apple prepares to end sales of iPhone SE &amp; 14 in Europe Apfelpatient","description":"Apple will soon stop selling iPhone SE &amp; iPhone 14 in Europe. Read here what the EU directive has to do with it and what to expect.","robots":{"index":"index","follow":"follow","max-snippet":"max-snippet:-1","max-image-preview":"max-image-preview:large","max-video-preview":"max-video-preview:-1"},"canonical":"https:\/\/www.apfelpatient.de\/en\/news\/apple-prepares-to-end-sales-of-iphone-se-14-in-europe","og_locale":"en_US","og_type":"article","og_title":"Apple bereitet Verkaufsende von iPhone SE &amp; 14 in Europa vor","og_description":"Apple beendet bald den Verkauf von iPhone SE & iPhone 14 in Europa. Lies hier, was die EU-Richtlinie damit zu tun hat und was dich erwartet.","og_url":"https:\/\/www.apfelpatient.de\/en\/news\/apple-prepares-to-end-sales-of-iphone-se-14-in-europe","og_site_name":"Apfelpatient","article_publisher":"https:\/\/www.facebook.com\/apfelpatientOfficial","article_author":"https:\/\/www.facebook.com\/apfelpatientOfficial","article_published_time":"2024-12-13T16:26:23+00:00","article_modified_time":"2024-12-13T16:26:24+00:00","og_image":[{"width":1600,"height":1067,"url":"https:\/\/www.apfelpatient.de\/wp-content\/uploads\/2024\/12\/bigstock-191773999.jpg","type":"image\/jpeg"}],"author":"Milan","twitter_card":"summary_large_image","twitter_description":"Apple beendet bald den Verkauf von iPhone SE & iPhone 14 in Europa. Lies hier, was die EU-Richtlinie damit zu tun hat und was dich erwartet.","twitter_misc":{"Written by":"Milan","Est. reading time":"4 minutes"},"schema":{"@context":"https:\/\/schema.org","@graph":[{"@type":"NewsArticle","@id":"https:\/\/www.apfelpatient.de\/news\/apple-bereitet-verkaufsende-von-iphone-se-14-in-europa-vor#article","isPartOf":{"@id":"https:\/\/www.apfelpatient.de\/news\/apple-bereitet-verkaufsende-von-iphone-se-14-in-europa-vor"},"author":{"@type":"Organization","@id":"https:\/\/www.apfelpatient.de\/en\/#organization","name":"Apfelpatient","url":"https:\/\/www.apfelpatient.de\/en\/"},"headline":"Apple bereitet Verkaufsende von iPhone SE &amp; 14 in Europa vor","datePublished":"2024-12-13T16:26:23+00:00","dateModified":"2024-12-13T16:26:24+00:00","mainEntityOfPage":{"@id":"https:\/\/www.apfelpatient.de\/news\/apple-bereitet-verkaufsende-von-iphone-se-14-in-europa-vor"},"wordCount":610,"publisher":{"@type":"Organization","@id":"https:\/\/www.apfelpatient.de\/en\/#organization","name":"Apfelpatient","url":"https:\/\/www.apfelpatient.de\/en\/"},"image":{"@id":"https:\/\/www.apfelpatient.de\/news\/apple-bereitet-verkaufsende-von-iphone-se-14-in-europa-vor#primaryimage"},"thumbnailUrl":"https:\/\/www.apfelpatient.de\/wp-content\/uploads\/2024\/12\/bigstock-191773999.jpg","keywords":["iPhone","iPhone 14","iPhone SE"],"articleSection":"News","inLanguage":"en-US","copyrightYear":"2024","copyrightHolder":{"@id":"https:\/\/www.apfelpatient.de\/en\/#organization"}},{"@type":"WebPage","@id":"https:\/\/www.apfelpatient.de\/news\/apple-bereitet-verkaufsende-von-iphone-se-14-in-europa-vor","url":"https:\/\/www.apfelpatient.de\/news\/apple-bereitet-verkaufsende-von-iphone-se-14-in-europa-vor","name":"Apple prepares to end sales of iPhone SE &amp; 14 in Europe Apfelpatient","isPartOf":{"@id":"https:\/\/www.apfelpatient.de\/#website"},"primaryImageOfPage":{"@id":"https:\/\/www.apfelpatient.de\/news\/apple-bereitet-verkaufsende-von-iphone-se-14-in-europa-vor#primaryimage"},"image":{"@id":"https:\/\/www.apfelpatient.de\/news\/apple-bereitet-verkaufsende-von-iphone-se-14-in-europa-vor#primaryimage"},"thumbnailUrl":"https:\/\/www.apfelpatient.de\/wp-content\/uploads\/2024\/12\/bigstock-191773999.jpg","datePublished":"2024-12-13T16:26:23+00:00","dateModified":"2024-12-13T16:26:24+00:00","description":"Apple will soon stop selling iPhone SE &amp; iPhone 14 in Europe. Read here what the EU directive has to do with it and what to expect.","breadcrumb":{"@id":"https:\/\/www.apfelpatient.de\/news\/apple-bereitet-verkaufsende-von-iphone-se-14-in-europa-vor#breadcrumb"},"inLanguage":"en-US","potentialAction":[{"@type":"ReadAction","target":["https:\/\/www.apfelpatient.de\/news\/apple-bereitet-verkaufsende-von-iphone-se-14-in-europa-vor"]}]},{"@type":"ImageObject","inLanguage":"en-US","@id":"https:\/\/www.apfelpatient.de\/news\/apple-bereitet-verkaufsende-von-iphone-se-14-in-europa-vor#primaryimage","url":"https:\/\/www.apfelpatient.de\/wp-content\/uploads\/2024\/12\/bigstock-191773999.jpg","contentUrl":"https:\/\/www.apfelpatient.de\/wp-content\/uploads\/2024\/12\/bigstock-191773999.jpg","width":1600,"height":1067,"caption":"Photo by blackzheep \/ Bigstockphoto"},{"@type":"BreadcrumbList","@id":"https:\/\/www.apfelpatient.de\/news\/apple-bereitet-verkaufsende-von-iphone-se-14-in-europa-vor#breadcrumb","itemListElement":[{"@type":"ListItem","position":1,"name":"Startseite","item":"https:\/\/www.apfelpatient.de\/"},{"@type":"ListItem","position":2,"name":"Apple bereitet Verkaufsende von iPhone SE &amp; 14 in Europa vor"}]},{"@type":"WebSite","@id":"https:\/\/www.apfelpatient.de\/#website","url":"https:\/\/www.apfelpatient.de\/","name":"apple patient","description":"Everything about Apple!","publisher":{"@type":"Organization","@id":"https:\/\/www.apfelpatient.de\/en\/#organization","name":"Apfelpatient","url":"https:\/\/www.apfelpatient.de\/en\/"},"alternateName":"Apfelpatient","potentialAction":[{"@type":"SearchAction","target":{"@type":"EntryPoint","urlTemplate":"https:\/\/www.apfelpatient.de\/?s={search_term_string}"},"query-input":{"@type":"PropertyValueSpecification","valueRequired":true,"valueName":"search_term_string"}}],"inLanguage":"en-US"},{"@type":["Person","Organization"],"@id":"https:\/\/www.apfelpatient.de\/#\/schema\/person\/7dc56ad6c8e9824b76d2c08d4c140e13","name":"Milan","logo":{"@id":"https:\/\/www.apfelpatient.de\/#\/schema\/person\/image\/"},"description":"Hello and welcome to my technology blog! As a big Apple fan, I report on everything to do with Apple: from the latest news and exciting rumors to helpful tips and tricks and detailed product tests. If you are as enthusiastic about technology as I am, you have come to the right place!","sameAs":["https:\/\/www.facebook.com\/apfelpatientOfficial","https:\/\/www.linkedin.com\/in\/milan-jovicic-42aa0231b"],"url":"https:\/\/www.apfelpatient.de\/en\/author\/apfeladmin"}]}},"_links":{"self":[{"href":"https:\/\/www.apfelpatient.de\/en\/wp-json\/wp\/v2\/posts\/48495","targetHints":{"allow":["GET"]}}],"collection":[{"href":"https:\/\/www.apfelpatient.de\/en\/wp-json\/wp\/v2\/posts"}],"about":[{"href":"https:\/\/www.apfelpatient.de\/en\/wp-json\/wp\/v2\/types\/post"}],"author":[{"embeddable":true,"href":"https:\/\/www.apfelpatient.de\/en\/wp-json\/wp\/v2\/users\/2"}],"replies":[{"embeddable":true,"href":"https:\/\/www.apfelpatient.de\/en\/wp-json\/wp\/v2\/comments?post=48495"}],"version-history":[{"count":0,"href":"https:\/\/www.apfelpatient.de\/en\/wp-json\/wp\/v2\/posts\/48495\/revisions"}],"wp:featuredmedia":[{"embeddable":true,"href":"https:\/\/www.apfelpatient.de\/en\/wp-json\/wp\/v2\/media\/48494"}],"wp:attachment":[{"href":"https:\/\/www.apfelpatient.de\/en\/wp-json\/wp\/v2\/media?parent=48495"}],"wp:term":[{"taxonomy":"category","embeddable":true,"href":"https:\/\/www.apfelpatient.de\/en\/wp-json\/wp\/v2\/categories?post=48495"},{"taxonomy":"post_tag","embeddable":true,"href":"https:\/\/www.apfelpatient.de\/en\/wp-json\/wp\/v2\/tags?post=48495"}],"curies":[{"name":"wp","href":"https:\/\/api.w.org\/{rel}","templated":true}]}}