{"id":48491,"date":"2024-12-13T00:13:43","date_gmt":"2024-12-12T23:13:43","guid":{"rendered":"https:\/\/www.apfelpatient.de\/?p=48491"},"modified":"2024-12-13T00:13:44","modified_gmt":"2024-12-12T23:13:44","slug":"iphone-17-pro-in-detail-rumors-about-the-new-camera-module","status":"publish","type":"post","link":"https:\/\/www.apfelpatient.de\/en\/rumors\/iphone-17-pro-im-detail-geruechte-um-das-neue-kameramodul","title":{"rendered":"iPhone 17 Pro in detail: Rumors about the new camera module"},"content":{"rendered":"<p class=\"has-drop-cap\"><strong>The iPhone 17 Pro is the focus of rumors and leaks that promise a drastic design change. The camera module in particular is said to be completely overhauled. This information comes from the supply chain and has been backed up by several trustworthy leaks. Could the iPhone 17 Pro really redefine Apple&#039;s previous design language? Here you can find out all the details about the possible changes.<\/strong><\/p>\n\n\n\n<p>Since the launch of the iPhone 11, Apple has kept its square camera module. But the competition never sleeps and the design standards of the smartphone world are constantly evolving. A new leak now suggests that Apple is ready to introduce one of the biggest visual changes in recent years - and that mainly affects the back of the iPhone 17 Pro.<\/p>\n\n\n\n<h4 class=\"wp-block-heading\" id=\"h-ein-aluminium-kameramodul-die-mutige-designentscheidung\">An aluminum camera module: The bold design decision<\/h4>\n\n\n\n<p>According to a report from The Information and statements from well-known leaker Digital Chat Station, the iPhone 17 Pro could be the first to feature a rectangular or oval camera module made of aluminum. This aluminum section would replace the traditional 3D glass that has been used on all models so far. The lower part of the iPhone back will continue to be made of glass to enable features such as wireless charging.<\/p>\n\n\n\n<h4 class=\"wp-block-heading\" id=\"h-warum-aluminium\">Why aluminum?<\/h4>\n\n\n\n<p>Aluminum has several advantages:<\/p>\n\n\n\n<ul class=\"wp-block-list\">\n<li>Durability: It is more resistant to shocks and scratches.<\/li>\n\n\n\n<li>Lightweight: The material could reduce the overall weight of the iPhone.<\/li>\n\n\n\n<li>Aesthetics: Aluminum offers a high-quality and modern look that could give the device a fresh appearance.<\/li>\n<\/ul>\n\n\n\n<p>The design is also described as a functional step that may also optimize the camera technology inside.<\/p>\n\n\n\n<h4 class=\"wp-block-heading\" id=\"h-das-kameramodul-von-quadratisch-zu-oval\">The Camera Module: From Square to Oval<\/h4>\n\n\n\n<p>One of the most noticeable changes concerns the shape of the camera module. While iPhones have used a square module since the iPhone 11, the new leaks speak of an elongated, oval shape. This design is very reminiscent of the camera module of the Google Pixel and could become a new trend in the smartphone industry.<\/p>\n\n\n\n<h4 class=\"wp-block-heading\" id=\"h-was-sagt-die-lieferkette\">What does the supply chain say?<\/h4>\n\n\n\n<p>Leaker Digital Chat Station&#039;s claims are based on supply chain materials that seemingly confirm this design change. It describes the module as &quot;oval in shape with unclear details on camera placement.&quot; Interestingly, a similar design is also expected to appear on Android smartphones next year, which could challenge Apple&#039;s position as a trendsetter.<\/p>\n\n\n\n<h4 class=\"wp-block-heading\" id=\"h-apples-bisherige-designsprache-ein-blick-zuruck\">Apple&#039;s previous design language: A look back<\/h4>\n\n\n\n<p>The current square camera module was introduced in 2019 with the iPhone 11. It was necessary to make room for a third camera, including the ultra-wide-angle lens. Since then, Apple has kept the design and made minor tweaks with each generation. If Apple does indeed introduce an oval module with the iPhone 17 Pro, it would be the first fundamental change in five years.<\/p>\n\n\n\n<h4 class=\"wp-block-heading\" id=\"h-herausforderungen-beim-redesign\">Challenges of redesign<\/h4>\n\n\n\n<p>According to the <a href=\"https:\/\/weibo.com\/5673255066\/P4wzui1cf\" target=\"_blank\" rel=\"noreferrer noopener\">leaker<\/a> According to Ice Universe, such a radical redesign also requires a fundamental overhaul of the iPhone&#039;s internal structure. He compares the process to redesigning a house, where every component must be repositioned. Such changes are time-consuming and risky, but could demonstrate Apple&#039;s innovative spirit.<\/p>\n\n\n\n<h4 class=\"wp-block-heading\" id=\"h-konkurrenzdruck-und-einfluss-auf-die-branche\">competitive pressure and influence on the industry<\/h4>\n\n\n\n<p>An interesting detail is the similarity to the Google Pixel design. If the iPhone 17 Pro does indeed get an oval camera module, this could also be a reaction to trends in the Android world. At the same time, it shows that Apple is not only setting standards but is also willing to be inspired by the competition.<\/p>\n\n\n\n<h4 class=\"wp-block-heading\" id=\"h-wird-das-neue-design-zum-standard\">Will the new design become the standard?<\/h4>\n\n\n\n<p>If the rumors are true, the iPhone 17 Pro with its aluminum hump and oval shape could once again serve as a role model for other manufacturers. Apple has already influenced the entire industry with its design decisions in the past.<\/p>\n\n\n\n<h3 class=\"wp-block-heading\" id=\"h-iphone-17-pro-kamera-evolution-oder-revolution\">iPhone 17 Pro camera: evolution or revolution?<\/h3>\n\n\n\n<p>The rumors about the iPhone 17 Pro promise one of the most exciting redesigns in Apple&#039;s history. A new camera module made of aluminum, a departure from the square design and an optimized back could take the device to a new level both aesthetically and functionally. But the question remains: Will Apple actually dare to take this bold step? (Photo by Unsplash \/ Amanz)<\/p>\n\n\n\n<ul class=\"wp-block-list\">\n<li><a href=\"https:\/\/www.apfelpatient.de\/en\/rumors\/apples-bluetooth-wifi-chips-launch-in-2025\">Apple&#039;s Bluetooth &amp; WiFi chips: launch in 2025<\/a><\/li>\n\n\n\n<li><a href=\"https:\/\/www.apfelpatient.de\/en\/rumors\/iphone-se-4-rumors-about-new-camera-features\">iPhone SE 4: Rumors about new camera features<\/a><\/li>\n\n\n\n<li><a href=\"https:\/\/www.apfelpatient.de\/en\/rumors\/new-apple-tv-and-homepod-mini-to-be-released-in-2025\">New Apple TV and HomePod mini to be released in 2025<\/a><\/li>\n\n\n\n<li><a href=\"https:\/\/www.apfelpatient.de\/en\/rumors\/ios-19-development-further-delayed-by-ios-18-updates\">iOS 19 development further delayed by iOS 18 updates<\/a><\/li>\n\n\n\n<li><a href=\"https:\/\/www.apfelpatient.de\/en\/news\/ios-18-2-macos-15-2-important-security-holes-closed\">iOS 18.2 &amp; macOS 15.2: Important security vulnerabilities closed<\/a><\/li>\n<\/ul>\n\n\n\n<h6 class=\"wp-block-heading translation-block\" id=\"h-kennt-ihr-schon-unsere-amazon-storefront-dort-findet-ihr-eine-handverlesene-auswahl-von-diversen-produkten-f-r-euer-iphone-und-co-viel-spa-beim-st-bern\"><em>Have you already visited our Amazon Storefront? There you&#039;ll find a hand-picked selection of various products for your iPhone and other devices \u2013 <span class=\"has-inline-color has-vivid-red-color\"><a href=\"https:\/\/www.amazon.de\/shop\/apfelpatientofficial\" class=\"ek-link\" data-wpel-link=\"exclude\" rel=\"follow noopener\" target=\"_self\"><span style=\"text-decoration: underline\" class=\"ek-underline\">enjoy browsing<\/span><\/a> !<\/span><\/em><\/h6>\n\n\n\n<h6 class=\"wp-block-heading translation-block\" id=\"h-der-beitrag-enthalt-partnerlinks\">This post contains <a data-type=\"URL\" data-id=\"https:\/\/www.apfelpatient.de\/partnerprogramm\" href=\"https:\/\/www.apfelpatient.de\/en\/partner-program\" data-wpel-link=\"internal\" target=\"_self\">affiliate links<\/a>.<\/h6>","protected":false},"excerpt":{"rendered":"<p>The iPhone 17 Pro is facing a design revolution! New leaks suggest an oval camera module and an aluminum back.<\/p>","protected":false},"author":2,"featured_media":48490,"comment_status":"closed","ping_status":"closed","sticky":false,"template":"","format":"standard","meta":{"jnews-multi-image_gallery":[],"jnews_single_post":{"format":"standard","override":[{"template":"2","parallax":"1","fullscreen":"1","layout":"right-sidebar","sidebar":"default-sidebar","second_sidebar":"default-sidebar","sticky_sidebar":"1","share_position":"top","share_float_style":"share-monocrhome","show_featured":"1","show_post_meta":"1","show_post_author":"1","show_post_author_image":"1","show_post_date":"1","post_date_format":"default","post_date_format_custom":"Y\/m\/d","show_post_category":"1","show_post_reading_time":"0","post_reading_time_wpm":"300","post_calculate_word_method":"str_word_count","show_zoom_button":"0","zoom_button_out_step":"2","zoom_button_in_step":"3","show_post_tag":"1","show_prev_next_post":"1","show_popup_post":"1","number_popup_post":"1","show_author_box":"0","show_post_related":"0","show_inline_post_related":"0"}],"image_override":[{"single_post_thumbnail_size":"crop-500","single_post_gallery_size":"crop-500"}],"trending_post_position":"meta","trending_post_label":"Trending","sponsored_post_label":"Sponsored by","disable_ad":"0"},"jnews_primary_category":{"id":"25"},"footnotes":""},"categories":[25],"tags":[8,819,820],"class_list":["post-48491","post","type-post","status-publish","format-standard","has-post-thumbnail","hentry","category-rumors","tag-iphone","tag-iphone-17","tag-iphone-2025"],"yoast_head":"<!-- This site is optimized with the Yoast SEO Premium plugin v27.5 (Yoast SEO v27.5) - https:\/\/yoast.com\/product\/yoast-seo-premium-wordpress\/ -->\n<title>iPhone 17 Pro im Detail: Ger\u00fcchte um das neue Kameramodul Apfelpatient<\/title>\n<meta name=\"description\" content=\"Das iPhone 17 Pro steht vor einer Design-Revolution! Neue Leaks deuten auf ein ovales Kameramodul und eine R\u00fcckseite aus Aluminium hin.\" \/>\n<meta name=\"robots\" content=\"index, follow, max-snippet:-1, max-image-preview:large, max-video-preview:-1\" \/>\n<link rel=\"canonical\" href=\"https:\/\/www.apfelpatient.de\/en\/rumors\/iphone-17-pro-in-detail-rumors-about-the-new-camera-module\" \/>\n<meta property=\"og:locale\" content=\"en_US\" \/>\n<meta property=\"og:type\" content=\"article\" \/>\n<meta property=\"og:title\" content=\"iPhone 17 Pro im Detail: Ger\u00fcchte um das neue Kameramodul\" \/>\n<meta property=\"og:description\" content=\"Das iPhone 17 Pro steht vor einer Design-Revolution! Neue Leaks deuten auf ein ovales Kameramodul und eine R\u00fcckseite aus Aluminium hin.\" \/>\n<meta property=\"og:url\" content=\"https:\/\/www.apfelpatient.de\/en\/rumors\/iphone-17-pro-in-detail-rumors-about-the-new-camera-module\" \/>\n<meta property=\"og:site_name\" content=\"Apfelpatient\" \/>\n<meta property=\"article:publisher\" content=\"https:\/\/www.facebook.com\/apfelpatientOfficial\" \/>\n<meta property=\"article:author\" content=\"https:\/\/www.facebook.com\/apfelpatientOfficial\" \/>\n<meta property=\"article:published_time\" content=\"2024-12-12T23:13:43+00:00\" \/>\n<meta property=\"article:modified_time\" content=\"2024-12-12T23:13:44+00:00\" \/>\n<meta property=\"og:image\" content=\"https:\/\/www.apfelpatient.de\/wp-content\/uploads\/2024\/12\/amanz-LqMK_dwsaxs-unsplash.jpg\" \/>\n\t<meta property=\"og:image:width\" content=\"1600\" \/>\n\t<meta property=\"og:image:height\" content=\"900\" \/>\n\t<meta property=\"og:image:type\" content=\"image\/jpeg\" \/>\n<meta name=\"author\" content=\"Milan\" \/>\n<meta name=\"twitter:card\" content=\"summary_large_image\" \/>\n<meta name=\"twitter:description\" content=\"Das iPhone 17 Pro steht vor einer Design-Revolution! Neue Leaks deuten auf ein ovales Kameramodul und eine R\u00fcckseite aus Aluminium hin.\" \/>\n<meta name=\"twitter:label1\" content=\"Written by\" \/>\n\t<meta name=\"twitter:data1\" content=\"Milan\" \/>\n\t<meta name=\"twitter:label2\" content=\"Est. reading time\" \/>\n\t<meta name=\"twitter:data2\" content=\"5 minutes\" \/>\n<script type=\"application\/ld+json\" class=\"yoast-schema-graph\">{\"@context\":\"https:\\\/\\\/schema.org\",\"@graph\":[{\"@type\":\"NewsArticle\",\"@id\":\"https:\\\/\\\/www.apfelpatient.de\\\/rumors\\\/iphone-17-pro-im-detail-geruechte-um-das-neue-kameramodul#article\",\"isPartOf\":{\"@id\":\"https:\\\/\\\/www.apfelpatient.de\\\/rumors\\\/iphone-17-pro-im-detail-geruechte-um-das-neue-kameramodul\"},\"author\":{\"@type\":\"Organization\",\"@id\":\"https:\\\/\\\/www.apfelpatient.de\\\/en\\\/#organization\",\"name\":\"Apfelpatient\",\"url\":\"https:\\\/\\\/www.apfelpatient.de\\\/en\\\/\"},\"headline\":\"iPhone 17 Pro im Detail: Ger\u00fcchte um das neue Kameramodul\",\"datePublished\":\"2024-12-12T23:13:43+00:00\",\"dateModified\":\"2024-12-12T23:13:44+00:00\",\"mainEntityOfPage\":{\"@id\":\"https:\\\/\\\/www.apfelpatient.de\\\/rumors\\\/iphone-17-pro-im-detail-geruechte-um-das-neue-kameramodul\"},\"wordCount\":705,\"publisher\":{\"@type\":\"Organization\",\"@id\":\"https:\\\/\\\/www.apfelpatient.de\\\/en\\\/#organization\",\"name\":\"Apfelpatient\",\"url\":\"https:\\\/\\\/www.apfelpatient.de\\\/en\\\/\"},\"image\":{\"@id\":\"https:\\\/\\\/www.apfelpatient.de\\\/rumors\\\/iphone-17-pro-im-detail-geruechte-um-das-neue-kameramodul#primaryimage\"},\"thumbnailUrl\":\"https:\\\/\\\/www.apfelpatient.de\\\/wp-content\\\/uploads\\\/2024\\\/12\\\/amanz-LqMK_dwsaxs-unsplash.jpg\",\"keywords\":[\"iPhone\",\"iPhone 17\",\"iPhone 2025\"],\"articleSection\":\"Rumors\",\"inLanguage\":\"en-US\",\"copyrightYear\":\"2024\",\"copyrightHolder\":{\"@id\":\"https:\\\/\\\/www.apfelpatient.de\\\/en\\\/#organization\"}},{\"@type\":\"WebPage\",\"@id\":\"https:\\\/\\\/www.apfelpatient.de\\\/rumors\\\/iphone-17-pro-im-detail-geruechte-um-das-neue-kameramodul\",\"url\":\"https:\\\/\\\/www.apfelpatient.de\\\/rumors\\\/iphone-17-pro-im-detail-geruechte-um-das-neue-kameramodul\",\"name\":\"iPhone 17 Pro im Detail: Ger\u00fcchte um das neue Kameramodul Apfelpatient\",\"isPartOf\":{\"@id\":\"https:\\\/\\\/www.apfelpatient.de\\\/#website\"},\"primaryImageOfPage\":{\"@id\":\"https:\\\/\\\/www.apfelpatient.de\\\/rumors\\\/iphone-17-pro-im-detail-geruechte-um-das-neue-kameramodul#primaryimage\"},\"image\":{\"@id\":\"https:\\\/\\\/www.apfelpatient.de\\\/rumors\\\/iphone-17-pro-im-detail-geruechte-um-das-neue-kameramodul#primaryimage\"},\"thumbnailUrl\":\"https:\\\/\\\/www.apfelpatient.de\\\/wp-content\\\/uploads\\\/2024\\\/12\\\/amanz-LqMK_dwsaxs-unsplash.jpg\",\"datePublished\":\"2024-12-12T23:13:43+00:00\",\"dateModified\":\"2024-12-12T23:13:44+00:00\",\"description\":\"Das iPhone 17 Pro steht vor einer Design-Revolution! Neue Leaks deuten auf ein ovales Kameramodul und eine R\u00fcckseite aus Aluminium hin.\",\"breadcrumb\":{\"@id\":\"https:\\\/\\\/www.apfelpatient.de\\\/rumors\\\/iphone-17-pro-im-detail-geruechte-um-das-neue-kameramodul#breadcrumb\"},\"inLanguage\":\"en-US\",\"potentialAction\":[{\"@type\":\"ReadAction\",\"target\":[\"https:\\\/\\\/www.apfelpatient.de\\\/rumors\\\/iphone-17-pro-im-detail-geruechte-um-das-neue-kameramodul\"]}]},{\"@type\":\"ImageObject\",\"inLanguage\":\"en-US\",\"@id\":\"https:\\\/\\\/www.apfelpatient.de\\\/rumors\\\/iphone-17-pro-im-detail-geruechte-um-das-neue-kameramodul#primaryimage\",\"url\":\"https:\\\/\\\/www.apfelpatient.de\\\/wp-content\\\/uploads\\\/2024\\\/12\\\/amanz-LqMK_dwsaxs-unsplash.jpg\",\"contentUrl\":\"https:\\\/\\\/www.apfelpatient.de\\\/wp-content\\\/uploads\\\/2024\\\/12\\\/amanz-LqMK_dwsaxs-unsplash.jpg\",\"width\":1600,\"height\":900,\"caption\":\"Photo by Unsplash \\\/ Amanz\"},{\"@type\":\"BreadcrumbList\",\"@id\":\"https:\\\/\\\/www.apfelpatient.de\\\/rumors\\\/iphone-17-pro-im-detail-geruechte-um-das-neue-kameramodul#breadcrumb\",\"itemListElement\":[{\"@type\":\"ListItem\",\"position\":1,\"name\":\"Startseite\",\"item\":\"https:\\\/\\\/www.apfelpatient.de\\\/\"},{\"@type\":\"ListItem\",\"position\":2,\"name\":\"iPhone 17 Pro im Detail: Ger\u00fcchte um das neue Kameramodul\"}]},{\"@type\":\"WebSite\",\"@id\":\"https:\\\/\\\/www.apfelpatient.de\\\/#website\",\"url\":\"https:\\\/\\\/www.apfelpatient.de\\\/\",\"name\":\"Apfelpatient\",\"description\":\"Alles rund um Apple!\",\"publisher\":{\"@type\":\"Organization\",\"@id\":\"https:\\\/\\\/www.apfelpatient.de\\\/en\\\/#organization\",\"name\":\"Apfelpatient\",\"url\":\"https:\\\/\\\/www.apfelpatient.de\\\/en\\\/\"},\"alternateName\":\"Apfelpatient\",\"potentialAction\":[{\"@type\":\"SearchAction\",\"target\":{\"@type\":\"EntryPoint\",\"urlTemplate\":\"https:\\\/\\\/www.apfelpatient.de\\\/?s={search_term_string}\"},\"query-input\":{\"@type\":\"PropertyValueSpecification\",\"valueRequired\":true,\"valueName\":\"search_term_string\"}}],\"inLanguage\":\"en-US\"},{\"@type\":[\"Person\",\"Organization\"],\"@id\":\"https:\\\/\\\/www.apfelpatient.de\\\/#\\\/schema\\\/person\\\/7dc56ad6c8e9824b76d2c08d4c140e13\",\"name\":\"Milan\",\"logo\":{\"@id\":\"https:\\\/\\\/www.apfelpatient.de\\\/#\\\/schema\\\/person\\\/image\\\/\"},\"description\":\"Hallo und herzlich willkommen auf meinem Technik-Blog! Als gro\u00dfer Apple-Fan berichte ich hier \u00fcber alles, was mit Apple zu tun hat: von den neuesten News und spannenden Ger\u00fcchten \u00fcber hilfreiche Tipps und Tricks bis hin zu ausf\u00fchrlichen Produkttests. Wenn du genauso technikbegeistert bist wie ich, bist du hier genau richtig!\",\"sameAs\":[\"https:\\\/\\\/www.facebook.com\\\/apfelpatientOfficial\",\"https:\\\/\\\/www.linkedin.com\\\/in\\\/milan-jovicic-42aa0231b\"],\"url\":\"https:\\\/\\\/www.apfelpatient.de\\\/en\\\/author\\\/apfeladmin\"}]}<\/script>\n<!-- \/ Yoast SEO Premium plugin. -->","yoast_head_json":{"title":"iPhone 17 Pro in detail: Rumors about the new camera module Apfelpatient","description":"The iPhone 17 Pro is facing a design revolution! New leaks suggest an oval camera module and an aluminum back.","robots":{"index":"index","follow":"follow","max-snippet":"max-snippet:-1","max-image-preview":"max-image-preview:large","max-video-preview":"max-video-preview:-1"},"canonical":"https:\/\/www.apfelpatient.de\/en\/rumors\/iphone-17-pro-in-detail-rumors-about-the-new-camera-module","og_locale":"en_US","og_type":"article","og_title":"iPhone 17 Pro im Detail: Ger\u00fcchte um das neue Kameramodul","og_description":"Das iPhone 17 Pro steht vor einer Design-Revolution! Neue Leaks deuten auf ein ovales Kameramodul und eine R\u00fcckseite aus Aluminium hin.","og_url":"https:\/\/www.apfelpatient.de\/en\/rumors\/iphone-17-pro-in-detail-rumors-about-the-new-camera-module","og_site_name":"Apfelpatient","article_publisher":"https:\/\/www.facebook.com\/apfelpatientOfficial","article_author":"https:\/\/www.facebook.com\/apfelpatientOfficial","article_published_time":"2024-12-12T23:13:43+00:00","article_modified_time":"2024-12-12T23:13:44+00:00","og_image":[{"width":1600,"height":900,"url":"https:\/\/www.apfelpatient.de\/wp-content\/uploads\/2024\/12\/amanz-LqMK_dwsaxs-unsplash.jpg","type":"image\/jpeg"}],"author":"Milan","twitter_card":"summary_large_image","twitter_description":"Das iPhone 17 Pro steht vor einer Design-Revolution! Neue Leaks deuten auf ein ovales Kameramodul und eine R\u00fcckseite aus Aluminium hin.","twitter_misc":{"Written by":"Milan","Est. reading time":"5 minutes"},"schema":{"@context":"https:\/\/schema.org","@graph":[{"@type":"NewsArticle","@id":"https:\/\/www.apfelpatient.de\/rumors\/iphone-17-pro-im-detail-geruechte-um-das-neue-kameramodul#article","isPartOf":{"@id":"https:\/\/www.apfelpatient.de\/rumors\/iphone-17-pro-im-detail-geruechte-um-das-neue-kameramodul"},"author":{"@type":"Organization","@id":"https:\/\/www.apfelpatient.de\/en\/#organization","name":"Apfelpatient","url":"https:\/\/www.apfelpatient.de\/en\/"},"headline":"iPhone 17 Pro im Detail: Ger\u00fcchte um das neue Kameramodul","datePublished":"2024-12-12T23:13:43+00:00","dateModified":"2024-12-12T23:13:44+00:00","mainEntityOfPage":{"@id":"https:\/\/www.apfelpatient.de\/rumors\/iphone-17-pro-im-detail-geruechte-um-das-neue-kameramodul"},"wordCount":705,"publisher":{"@type":"Organization","@id":"https:\/\/www.apfelpatient.de\/en\/#organization","name":"Apfelpatient","url":"https:\/\/www.apfelpatient.de\/en\/"},"image":{"@id":"https:\/\/www.apfelpatient.de\/rumors\/iphone-17-pro-im-detail-geruechte-um-das-neue-kameramodul#primaryimage"},"thumbnailUrl":"https:\/\/www.apfelpatient.de\/wp-content\/uploads\/2024\/12\/amanz-LqMK_dwsaxs-unsplash.jpg","keywords":["iPhone","iPhone 17","iPhone 2025"],"articleSection":"Rumors","inLanguage":"en-US","copyrightYear":"2024","copyrightHolder":{"@id":"https:\/\/www.apfelpatient.de\/en\/#organization"}},{"@type":"WebPage","@id":"https:\/\/www.apfelpatient.de\/rumors\/iphone-17-pro-im-detail-geruechte-um-das-neue-kameramodul","url":"https:\/\/www.apfelpatient.de\/rumors\/iphone-17-pro-im-detail-geruechte-um-das-neue-kameramodul","name":"iPhone 17 Pro in detail: Rumors about the new camera module Apfelpatient","isPartOf":{"@id":"https:\/\/www.apfelpatient.de\/#website"},"primaryImageOfPage":{"@id":"https:\/\/www.apfelpatient.de\/rumors\/iphone-17-pro-im-detail-geruechte-um-das-neue-kameramodul#primaryimage"},"image":{"@id":"https:\/\/www.apfelpatient.de\/rumors\/iphone-17-pro-im-detail-geruechte-um-das-neue-kameramodul#primaryimage"},"thumbnailUrl":"https:\/\/www.apfelpatient.de\/wp-content\/uploads\/2024\/12\/amanz-LqMK_dwsaxs-unsplash.jpg","datePublished":"2024-12-12T23:13:43+00:00","dateModified":"2024-12-12T23:13:44+00:00","description":"The iPhone 17 Pro is facing a design revolution! New leaks suggest an oval camera module and an aluminum back.","breadcrumb":{"@id":"https:\/\/www.apfelpatient.de\/rumors\/iphone-17-pro-im-detail-geruechte-um-das-neue-kameramodul#breadcrumb"},"inLanguage":"en-US","potentialAction":[{"@type":"ReadAction","target":["https:\/\/www.apfelpatient.de\/rumors\/iphone-17-pro-im-detail-geruechte-um-das-neue-kameramodul"]}]},{"@type":"ImageObject","inLanguage":"en-US","@id":"https:\/\/www.apfelpatient.de\/rumors\/iphone-17-pro-im-detail-geruechte-um-das-neue-kameramodul#primaryimage","url":"https:\/\/www.apfelpatient.de\/wp-content\/uploads\/2024\/12\/amanz-LqMK_dwsaxs-unsplash.jpg","contentUrl":"https:\/\/www.apfelpatient.de\/wp-content\/uploads\/2024\/12\/amanz-LqMK_dwsaxs-unsplash.jpg","width":1600,"height":900,"caption":"Photo by Unsplash \/ Amanz"},{"@type":"BreadcrumbList","@id":"https:\/\/www.apfelpatient.de\/rumors\/iphone-17-pro-im-detail-geruechte-um-das-neue-kameramodul#breadcrumb","itemListElement":[{"@type":"ListItem","position":1,"name":"Startseite","item":"https:\/\/www.apfelpatient.de\/"},{"@type":"ListItem","position":2,"name":"iPhone 17 Pro im Detail: Ger\u00fcchte um das neue Kameramodul"}]},{"@type":"WebSite","@id":"https:\/\/www.apfelpatient.de\/#website","url":"https:\/\/www.apfelpatient.de\/","name":"apple patient","description":"Everything about Apple!","publisher":{"@type":"Organization","@id":"https:\/\/www.apfelpatient.de\/en\/#organization","name":"Apfelpatient","url":"https:\/\/www.apfelpatient.de\/en\/"},"alternateName":"Apfelpatient","potentialAction":[{"@type":"SearchAction","target":{"@type":"EntryPoint","urlTemplate":"https:\/\/www.apfelpatient.de\/?s={search_term_string}"},"query-input":{"@type":"PropertyValueSpecification","valueRequired":true,"valueName":"search_term_string"}}],"inLanguage":"en-US"},{"@type":["Person","Organization"],"@id":"https:\/\/www.apfelpatient.de\/#\/schema\/person\/7dc56ad6c8e9824b76d2c08d4c140e13","name":"Milan","logo":{"@id":"https:\/\/www.apfelpatient.de\/#\/schema\/person\/image\/"},"description":"Hello and welcome to my technology blog! As a big Apple fan, I report on everything to do with Apple: from the latest news and exciting rumors to helpful tips and tricks and detailed product tests. If you are as enthusiastic about technology as I am, you have come to the right place!","sameAs":["https:\/\/www.facebook.com\/apfelpatientOfficial","https:\/\/www.linkedin.com\/in\/milan-jovicic-42aa0231b"],"url":"https:\/\/www.apfelpatient.de\/en\/author\/apfeladmin"}]}},"_links":{"self":[{"href":"https:\/\/www.apfelpatient.de\/en\/wp-json\/wp\/v2\/posts\/48491","targetHints":{"allow":["GET"]}}],"collection":[{"href":"https:\/\/www.apfelpatient.de\/en\/wp-json\/wp\/v2\/posts"}],"about":[{"href":"https:\/\/www.apfelpatient.de\/en\/wp-json\/wp\/v2\/types\/post"}],"author":[{"embeddable":true,"href":"https:\/\/www.apfelpatient.de\/en\/wp-json\/wp\/v2\/users\/2"}],"replies":[{"embeddable":true,"href":"https:\/\/www.apfelpatient.de\/en\/wp-json\/wp\/v2\/comments?post=48491"}],"version-history":[{"count":0,"href":"https:\/\/www.apfelpatient.de\/en\/wp-json\/wp\/v2\/posts\/48491\/revisions"}],"wp:featuredmedia":[{"embeddable":true,"href":"https:\/\/www.apfelpatient.de\/en\/wp-json\/wp\/v2\/media\/48490"}],"wp:attachment":[{"href":"https:\/\/www.apfelpatient.de\/en\/wp-json\/wp\/v2\/media?parent=48491"}],"wp:term":[{"taxonomy":"category","embeddable":true,"href":"https:\/\/www.apfelpatient.de\/en\/wp-json\/wp\/v2\/categories?post=48491"},{"taxonomy":"post_tag","embeddable":true,"href":"https:\/\/www.apfelpatient.de\/en\/wp-json\/wp\/v2\/tags?post=48491"}],"curies":[{"name":"wp","href":"https:\/\/api.w.org\/{rel}","templated":true}]}}