{"id":48422,"date":"2024-12-09T17:42:01","date_gmt":"2024-12-09T16:42:01","guid":{"rendered":"https:\/\/www.apfelpatient.de\/?p=48422"},"modified":"2024-12-09T17:42:03","modified_gmt":"2024-12-09T16:42:03","slug":"macbook-pro-future-models-without-notch-with-oled-display","status":"publish","type":"post","link":"https:\/\/www.apfelpatient.de\/en\/rumors\/macbook-pro-zukuenftige-modelle-ohne-kerbe-mit-oled-display","title":{"rendered":"MacBook Pro: Future models without notch &amp; with OLED display"},"content":{"rendered":"<p class=\"has-drop-cap\"><strong>Apple is planning something big again. According to a current roadmap from market research company Omdia, the MacBook Pro could soon undergo an important change. The so-called &quot;notch&quot; at the top of the screen, which has been a trademark of the devices since 2021, is to disappear. But that&#039;s not all. In addition to a hole-punch camera, the introduction of OLED displays is also expected.<\/strong><\/p>\n\n\n\n<p>Since its launch, the MacBook Pro has set standards time and again - in terms of performance, design and technology. But the notch in the display, introduced as part of a larger redesign, was a controversial point for many. Now it looks like Apple wants to take a new path to put the criticism behind it. At the same time, the upcoming update could be more than just a visual improvement.<\/p>\n\n\n\n<h4 class=\"wp-block-heading\" id=\"h-das-ende-der-kerbe-apples-neues-design\">The end of the notch: Apple&#039;s new design<\/h4>\n\n\n\n<p>According to the roadmap of <a href=\"https:\/\/omdia.tech.informa.com\/pr\/2024\/may\/omdia-forecasts-oleds-for-mobile-pc-market-to-grow-37-cagr-by-2031\" target=\"_blank\" rel=\"noreferrer noopener\">Omdia<\/a> Apple plans to replace the notch with a hole-punch camera on the 14- and 16-inch MacBook Pro models from 2026. This change would optimize the use of the macOS menu bar, as the additional space would be available for visible pixels. This means that the top bar of the screen would be more widely usable - a small but not unimportant step forward for user-friendliness. Another interesting detail is the possibility that Apple could transfer the concept of the &quot;Dynamic Island&quot; (known from the iPhone) to the Mac. With this feature, warnings such as low battery or notifications could be integrated into the area of the hole-punch camera. Whether this will actually happen remains unclear.<\/p>\n\n\n\n<h4 class=\"wp-block-heading\" id=\"h-oled-displays-der-nachste-grosse-schritt\">OLED displays: The next big step<\/h4>\n\n\n\n<p>The introduction of OLED displays in the MacBook Pro is another point that is due in 2026. So far, Apple has relied on mini-LED technology for these models, but OLED brings some decisive advantages:<\/p>\n\n\n\n<ul class=\"wp-block-list\">\n<li>Higher brightness: This makes working in bright environments easier.<\/li>\n\n\n\n<li>Better contrast: Blacks are deeper and colors are more vivid.<\/li>\n\n\n\n<li>Energy efficiency: The new display technology consumes less power, which could improve battery life.<\/li>\n\n\n\n<li>Thinner design: OLED screens take up less space, which could make the device slimmer overall.<\/li>\n<\/ul>\n\n\n\n<p>The switch to OLED will be part of a larger redesign, the first since 2021. With this step, Apple seems to want to set new standards not only technically but also visually.<\/p>\n\n\n\n<h4 class=\"wp-block-heading\" id=\"h-was-passiert-bis-dahin\">What happens until then?<\/h4>\n\n\n\n<p>The basic design of the MacBook Pro will remain unchanged until 2026. However, regular hardware updates are planned. Models with the new M5, M5 Pro and M5 Max chips are expected to appear next year. These processors will probably offer even more performance and keep the devices competitive. It is also interesting that, according to Omdia, the MacBook Air will retain a notch until at least 2028. Apple seems to be deliberately maintaining differences between its product lines in order to further differentiate the MacBook Pro as a premium model.<\/p>\n\n\n\n<h3 class=\"wp-block-heading\" id=\"h-macbook-pro-update-ein-grosser-sprung-voraus\">MacBook Pro Update: A Big Leap Ahead<\/h3>\n\n\n\n<p>The future of the MacBook Pro looks exciting. By removing the notch and introducing OLED technology, Apple will once again show why its devices are leaders in the technology industry. However, we will have to wait until 2026 - until then, Apple will mainly be turning the performance screw. But it can already be said that the upcoming updates will make the MacBook Pro even more attractive. It remains exciting to see how these changes will work in practice and what surprises Apple may still have in store. (Photo by Unsplash \/ Joshua Woroniecki)<\/p>\n\n\n\n<ul class=\"wp-block-list\">\n<li><a href=\"https:\/\/www.apfelpatient.de\/en\/rumors\/ipad-mini-oled-technology-expected-from-2026\">iPad mini: OLED technology expected from 2026<\/a><\/li>\n<\/ul>\n\n\n\n<h6 class=\"wp-block-heading translation-block\" id=\"h-kennt-ihr-schon-unsere-amazon-storefront-dort-findet-ihr-eine-handverlesene-auswahl-von-diversen-produkten-f-r-euer-iphone-und-co-viel-spa-beim-st-bern\"><em>Have you already visited our Amazon Storefront? There you&#039;ll find a hand-picked selection of various products for your iPhone and other devices \u2013 <span class=\"has-inline-color has-vivid-red-color\"><a href=\"https:\/\/www.amazon.de\/shop\/apfelpatientofficial\" class=\"ek-link\" data-wpel-link=\"exclude\" rel=\"follow noopener\" target=\"_self\"><span style=\"text-decoration: underline\" class=\"ek-underline\">enjoy browsing<\/span><\/a> !<\/span><\/em><\/h6>\n\n\n\n<h6 class=\"wp-block-heading translation-block\" id=\"h-der-beitrag-enthalt-partnerlinks\">This post contains <a data-type=\"URL\" data-id=\"https:\/\/www.apfelpatient.de\/partnerprogramm\" href=\"https:\/\/www.apfelpatient.de\/en\/partner-program\" data-wpel-link=\"internal\" target=\"_self\">affiliate links<\/a>.<\/h6>","protected":false},"excerpt":{"rendered":"<p>The MacBook Pro is being redefined: OLED display and no notch from 2026. You can find all information about Apple&#039;s exciting roadmap here! <\/p>","protected":false},"author":2,"featured_media":48416,"comment_status":"closed","ping_status":"closed","sticky":false,"template":"","format":"standard","meta":{"jnews-multi-image_gallery":[],"jnews_single_post":{"format":"standard","override":[{"template":"2","parallax":"1","fullscreen":"1","layout":"right-sidebar","sidebar":"default-sidebar","second_sidebar":"default-sidebar","sticky_sidebar":"1","share_position":"top","share_float_style":"share-monocrhome","show_featured":"1","show_post_meta":"1","show_post_author":"1","show_post_author_image":"1","show_post_date":"1","post_date_format":"default","post_date_format_custom":"Y\/m\/d","show_post_category":"1","show_post_reading_time":"0","post_reading_time_wpm":"300","post_calculate_word_method":"str_word_count","show_zoom_button":"0","zoom_button_out_step":"2","zoom_button_in_step":"3","show_post_tag":"1","show_prev_next_post":"1","show_popup_post":"1","number_popup_post":"1","show_author_box":"0","show_post_related":"0","show_inline_post_related":"0"}],"image_override":[{"single_post_thumbnail_size":"crop-500","single_post_gallery_size":"crop-500"}],"trending_post_position":"meta","trending_post_label":"Trending","sponsored_post_label":"Sponsored by","disable_ad":"0"},"jnews_primary_category":{"id":"25"},"footnotes":""},"categories":[25],"tags":[40,41,50],"class_list":["post-48422","post","type-post","status-publish","format-standard","has-post-thumbnail","hentry","category-rumors","tag-mac","tag-macbook-air","tag-macbook-pro"],"yoast_head":"<!-- This site is optimized with the Yoast SEO Premium plugin v27.5 (Yoast SEO v27.5) - https:\/\/yoast.com\/product\/yoast-seo-premium-wordpress\/ -->\n<title>MacBook Pro: Zuk\u00fcnftige Modelle ohne Kerbe &amp; mit OLED-Display Apfelpatient<\/title>\n<meta name=\"description\" content=\"Das MacBook Pro wird neu definiert: OLED-Display und keine Kerbe ab 2026. Alle Infos zu Apples spannender Roadmap findest du hier!\" \/>\n<meta name=\"robots\" content=\"index, follow, max-snippet:-1, max-image-preview:large, max-video-preview:-1\" \/>\n<link rel=\"canonical\" href=\"https:\/\/www.apfelpatient.de\/en\/rumors\/macbook-pro-future-models-without-notch-with-oled-display\" \/>\n<meta property=\"og:locale\" content=\"en_US\" \/>\n<meta property=\"og:type\" content=\"article\" \/>\n<meta property=\"og:title\" content=\"MacBook Pro: Zuk\u00fcnftige Modelle ohne Kerbe &amp; mit OLED-Display\" \/>\n<meta property=\"og:description\" content=\"Das MacBook Pro wird neu definiert: OLED-Display und keine Kerbe ab 2026. Alle Infos zu Apples spannender Roadmap findest du hier!\" \/>\n<meta property=\"og:url\" content=\"https:\/\/www.apfelpatient.de\/en\/rumors\/macbook-pro-future-models-without-notch-with-oled-display\" \/>\n<meta property=\"og:site_name\" content=\"Apfelpatient\" \/>\n<meta property=\"article:publisher\" content=\"https:\/\/www.facebook.com\/apfelpatientOfficial\" \/>\n<meta property=\"article:author\" content=\"https:\/\/www.facebook.com\/apfelpatientOfficial\" \/>\n<meta property=\"article:published_time\" content=\"2024-12-09T16:42:01+00:00\" \/>\n<meta property=\"article:modified_time\" content=\"2024-12-09T16:42:03+00:00\" \/>\n<meta property=\"og:image\" content=\"https:\/\/www.apfelpatient.de\/wp-content\/uploads\/2024\/12\/joshua-woroniecki-bRuaLZ302lY-unsplash.jpg\" \/>\n\t<meta property=\"og:image:width\" content=\"1600\" \/>\n\t<meta property=\"og:image:height\" content=\"1040\" \/>\n\t<meta property=\"og:image:type\" content=\"image\/jpeg\" \/>\n<meta name=\"author\" content=\"Milan\" \/>\n<meta name=\"twitter:card\" content=\"summary_large_image\" \/>\n<meta name=\"twitter:description\" content=\"Das MacBook Pro wird neu definiert: OLED-Display und keine Kerbe ab 2026. Alle Infos zu Apples spannender Roadmap findest du hier!\" \/>\n<meta name=\"twitter:label1\" content=\"Written by\" \/>\n\t<meta name=\"twitter:data1\" content=\"Milan\" \/>\n\t<meta name=\"twitter:label2\" content=\"Est. reading time\" \/>\n\t<meta name=\"twitter:data2\" content=\"4 minutes\" \/>\n<script type=\"application\/ld+json\" class=\"yoast-schema-graph\">{\"@context\":\"https:\\\/\\\/schema.org\",\"@graph\":[{\"@type\":\"NewsArticle\",\"@id\":\"https:\\\/\\\/www.apfelpatient.de\\\/rumors\\\/macbook-pro-zukuenftige-modelle-ohne-kerbe-mit-oled-display#article\",\"isPartOf\":{\"@id\":\"https:\\\/\\\/www.apfelpatient.de\\\/rumors\\\/macbook-pro-zukuenftige-modelle-ohne-kerbe-mit-oled-display\"},\"author\":{\"@type\":\"Organization\",\"@id\":\"https:\\\/\\\/www.apfelpatient.de\\\/en\\\/#organization\",\"name\":\"Apfelpatient\",\"url\":\"https:\\\/\\\/www.apfelpatient.de\\\/en\\\/\"},\"headline\":\"MacBook Pro: Zuk\u00fcnftige Modelle ohne Kerbe &amp; mit OLED-Display\",\"datePublished\":\"2024-12-09T16:42:01+00:00\",\"dateModified\":\"2024-12-09T16:42:03+00:00\",\"mainEntityOfPage\":{\"@id\":\"https:\\\/\\\/www.apfelpatient.de\\\/rumors\\\/macbook-pro-zukuenftige-modelle-ohne-kerbe-mit-oled-display\"},\"wordCount\":580,\"publisher\":{\"@type\":\"Organization\",\"@id\":\"https:\\\/\\\/www.apfelpatient.de\\\/en\\\/#organization\",\"name\":\"Apfelpatient\",\"url\":\"https:\\\/\\\/www.apfelpatient.de\\\/en\\\/\"},\"image\":{\"@id\":\"https:\\\/\\\/www.apfelpatient.de\\\/rumors\\\/macbook-pro-zukuenftige-modelle-ohne-kerbe-mit-oled-display#primaryimage\"},\"thumbnailUrl\":\"https:\\\/\\\/www.apfelpatient.de\\\/wp-content\\\/uploads\\\/2024\\\/12\\\/joshua-woroniecki-bRuaLZ302lY-unsplash.jpg\",\"keywords\":[\"Mac\",\"MacBook Air\",\"MacBook Pro\"],\"articleSection\":\"Rumors\",\"inLanguage\":\"en-US\",\"copyrightYear\":\"2024\",\"copyrightHolder\":{\"@id\":\"https:\\\/\\\/www.apfelpatient.de\\\/en\\\/#organization\"}},{\"@type\":\"WebPage\",\"@id\":\"https:\\\/\\\/www.apfelpatient.de\\\/rumors\\\/macbook-pro-zukuenftige-modelle-ohne-kerbe-mit-oled-display\",\"url\":\"https:\\\/\\\/www.apfelpatient.de\\\/rumors\\\/macbook-pro-zukuenftige-modelle-ohne-kerbe-mit-oled-display\",\"name\":\"MacBook Pro: Zuk\u00fcnftige Modelle ohne Kerbe &amp; mit OLED-Display Apfelpatient\",\"isPartOf\":{\"@id\":\"https:\\\/\\\/www.apfelpatient.de\\\/#website\"},\"primaryImageOfPage\":{\"@id\":\"https:\\\/\\\/www.apfelpatient.de\\\/rumors\\\/macbook-pro-zukuenftige-modelle-ohne-kerbe-mit-oled-display#primaryimage\"},\"image\":{\"@id\":\"https:\\\/\\\/www.apfelpatient.de\\\/rumors\\\/macbook-pro-zukuenftige-modelle-ohne-kerbe-mit-oled-display#primaryimage\"},\"thumbnailUrl\":\"https:\\\/\\\/www.apfelpatient.de\\\/wp-content\\\/uploads\\\/2024\\\/12\\\/joshua-woroniecki-bRuaLZ302lY-unsplash.jpg\",\"datePublished\":\"2024-12-09T16:42:01+00:00\",\"dateModified\":\"2024-12-09T16:42:03+00:00\",\"description\":\"Das MacBook Pro wird neu definiert: OLED-Display und keine Kerbe ab 2026. Alle Infos zu Apples spannender Roadmap findest du hier!\",\"breadcrumb\":{\"@id\":\"https:\\\/\\\/www.apfelpatient.de\\\/rumors\\\/macbook-pro-zukuenftige-modelle-ohne-kerbe-mit-oled-display#breadcrumb\"},\"inLanguage\":\"en-US\",\"potentialAction\":[{\"@type\":\"ReadAction\",\"target\":[\"https:\\\/\\\/www.apfelpatient.de\\\/rumors\\\/macbook-pro-zukuenftige-modelle-ohne-kerbe-mit-oled-display\"]}]},{\"@type\":\"ImageObject\",\"inLanguage\":\"en-US\",\"@id\":\"https:\\\/\\\/www.apfelpatient.de\\\/rumors\\\/macbook-pro-zukuenftige-modelle-ohne-kerbe-mit-oled-display#primaryimage\",\"url\":\"https:\\\/\\\/www.apfelpatient.de\\\/wp-content\\\/uploads\\\/2024\\\/12\\\/joshua-woroniecki-bRuaLZ302lY-unsplash.jpg\",\"contentUrl\":\"https:\\\/\\\/www.apfelpatient.de\\\/wp-content\\\/uploads\\\/2024\\\/12\\\/joshua-woroniecki-bRuaLZ302lY-unsplash.jpg\",\"width\":1600,\"height\":1040,\"caption\":\"Photo by Unsplash \\\/ Joshua Woroniecki\"},{\"@type\":\"BreadcrumbList\",\"@id\":\"https:\\\/\\\/www.apfelpatient.de\\\/rumors\\\/macbook-pro-zukuenftige-modelle-ohne-kerbe-mit-oled-display#breadcrumb\",\"itemListElement\":[{\"@type\":\"ListItem\",\"position\":1,\"name\":\"Startseite\",\"item\":\"https:\\\/\\\/www.apfelpatient.de\\\/\"},{\"@type\":\"ListItem\",\"position\":2,\"name\":\"MacBook Pro: Zuk\u00fcnftige Modelle ohne Kerbe &amp; mit OLED-Display\"}]},{\"@type\":\"WebSite\",\"@id\":\"https:\\\/\\\/www.apfelpatient.de\\\/#website\",\"url\":\"https:\\\/\\\/www.apfelpatient.de\\\/\",\"name\":\"Apfelpatient\",\"description\":\"Alles rund um Apple!\",\"publisher\":{\"@type\":\"Organization\",\"@id\":\"https:\\\/\\\/www.apfelpatient.de\\\/en\\\/#organization\",\"name\":\"Apfelpatient\",\"url\":\"https:\\\/\\\/www.apfelpatient.de\\\/en\\\/\"},\"alternateName\":\"Apfelpatient\",\"potentialAction\":[{\"@type\":\"SearchAction\",\"target\":{\"@type\":\"EntryPoint\",\"urlTemplate\":\"https:\\\/\\\/www.apfelpatient.de\\\/?s={search_term_string}\"},\"query-input\":{\"@type\":\"PropertyValueSpecification\",\"valueRequired\":true,\"valueName\":\"search_term_string\"}}],\"inLanguage\":\"en-US\"},{\"@type\":[\"Person\",\"Organization\"],\"@id\":\"https:\\\/\\\/www.apfelpatient.de\\\/#\\\/schema\\\/person\\\/7dc56ad6c8e9824b76d2c08d4c140e13\",\"name\":\"Milan\",\"logo\":{\"@id\":\"https:\\\/\\\/www.apfelpatient.de\\\/#\\\/schema\\\/person\\\/image\\\/\"},\"description\":\"Hallo und herzlich willkommen auf meinem Technik-Blog! Als gro\u00dfer Apple-Fan berichte ich hier \u00fcber alles, was mit Apple zu tun hat: von den neuesten News und spannenden Ger\u00fcchten \u00fcber hilfreiche Tipps und Tricks bis hin zu ausf\u00fchrlichen Produkttests. Wenn du genauso technikbegeistert bist wie ich, bist du hier genau richtig!\",\"sameAs\":[\"https:\\\/\\\/www.facebook.com\\\/apfelpatientOfficial\",\"https:\\\/\\\/www.linkedin.com\\\/in\\\/milan-jovicic-42aa0231b\"],\"url\":\"https:\\\/\\\/www.apfelpatient.de\\\/en\\\/author\\\/apfeladmin\"}]}<\/script>\n<!-- \/ Yoast SEO Premium plugin. -->","yoast_head_json":{"title":"MacBook Pro: Future models without notch &amp; with OLED display Apfelpatient","description":"The MacBook Pro is being redefined: OLED display and no notch from 2026. You can find all information about Apple&#039;s exciting roadmap here!","robots":{"index":"index","follow":"follow","max-snippet":"max-snippet:-1","max-image-preview":"max-image-preview:large","max-video-preview":"max-video-preview:-1"},"canonical":"https:\/\/www.apfelpatient.de\/en\/rumors\/macbook-pro-future-models-without-notch-with-oled-display","og_locale":"en_US","og_type":"article","og_title":"MacBook Pro: Zuk\u00fcnftige Modelle ohne Kerbe &amp; mit OLED-Display","og_description":"Das MacBook Pro wird neu definiert: OLED-Display und keine Kerbe ab 2026. Alle Infos zu Apples spannender Roadmap findest du hier!","og_url":"https:\/\/www.apfelpatient.de\/en\/rumors\/macbook-pro-future-models-without-notch-with-oled-display","og_site_name":"Apfelpatient","article_publisher":"https:\/\/www.facebook.com\/apfelpatientOfficial","article_author":"https:\/\/www.facebook.com\/apfelpatientOfficial","article_published_time":"2024-12-09T16:42:01+00:00","article_modified_time":"2024-12-09T16:42:03+00:00","og_image":[{"width":1600,"height":1040,"url":"https:\/\/www.apfelpatient.de\/wp-content\/uploads\/2024\/12\/joshua-woroniecki-bRuaLZ302lY-unsplash.jpg","type":"image\/jpeg"}],"author":"Milan","twitter_card":"summary_large_image","twitter_description":"Das MacBook Pro wird neu definiert: OLED-Display und keine Kerbe ab 2026. Alle Infos zu Apples spannender Roadmap findest du hier!","twitter_misc":{"Written by":"Milan","Est. reading time":"4 minutes"},"schema":{"@context":"https:\/\/schema.org","@graph":[{"@type":"NewsArticle","@id":"https:\/\/www.apfelpatient.de\/rumors\/macbook-pro-zukuenftige-modelle-ohne-kerbe-mit-oled-display#article","isPartOf":{"@id":"https:\/\/www.apfelpatient.de\/rumors\/macbook-pro-zukuenftige-modelle-ohne-kerbe-mit-oled-display"},"author":{"@type":"Organization","@id":"https:\/\/www.apfelpatient.de\/en\/#organization","name":"Apfelpatient","url":"https:\/\/www.apfelpatient.de\/en\/"},"headline":"MacBook Pro: Zuk\u00fcnftige Modelle ohne Kerbe &amp; mit OLED-Display","datePublished":"2024-12-09T16:42:01+00:00","dateModified":"2024-12-09T16:42:03+00:00","mainEntityOfPage":{"@id":"https:\/\/www.apfelpatient.de\/rumors\/macbook-pro-zukuenftige-modelle-ohne-kerbe-mit-oled-display"},"wordCount":580,"publisher":{"@type":"Organization","@id":"https:\/\/www.apfelpatient.de\/en\/#organization","name":"Apfelpatient","url":"https:\/\/www.apfelpatient.de\/en\/"},"image":{"@id":"https:\/\/www.apfelpatient.de\/rumors\/macbook-pro-zukuenftige-modelle-ohne-kerbe-mit-oled-display#primaryimage"},"thumbnailUrl":"https:\/\/www.apfelpatient.de\/wp-content\/uploads\/2024\/12\/joshua-woroniecki-bRuaLZ302lY-unsplash.jpg","keywords":["Mac","MacBook Air","MacBook Pro"],"articleSection":"Rumors","inLanguage":"en-US","copyrightYear":"2024","copyrightHolder":{"@id":"https:\/\/www.apfelpatient.de\/en\/#organization"}},{"@type":"WebPage","@id":"https:\/\/www.apfelpatient.de\/rumors\/macbook-pro-zukuenftige-modelle-ohne-kerbe-mit-oled-display","url":"https:\/\/www.apfelpatient.de\/rumors\/macbook-pro-zukuenftige-modelle-ohne-kerbe-mit-oled-display","name":"MacBook Pro: Future models without notch &amp; with OLED display Apfelpatient","isPartOf":{"@id":"https:\/\/www.apfelpatient.de\/#website"},"primaryImageOfPage":{"@id":"https:\/\/www.apfelpatient.de\/rumors\/macbook-pro-zukuenftige-modelle-ohne-kerbe-mit-oled-display#primaryimage"},"image":{"@id":"https:\/\/www.apfelpatient.de\/rumors\/macbook-pro-zukuenftige-modelle-ohne-kerbe-mit-oled-display#primaryimage"},"thumbnailUrl":"https:\/\/www.apfelpatient.de\/wp-content\/uploads\/2024\/12\/joshua-woroniecki-bRuaLZ302lY-unsplash.jpg","datePublished":"2024-12-09T16:42:01+00:00","dateModified":"2024-12-09T16:42:03+00:00","description":"The MacBook Pro is being redefined: OLED display and no notch from 2026. You can find all information about Apple&#039;s exciting roadmap here!","breadcrumb":{"@id":"https:\/\/www.apfelpatient.de\/rumors\/macbook-pro-zukuenftige-modelle-ohne-kerbe-mit-oled-display#breadcrumb"},"inLanguage":"en-US","potentialAction":[{"@type":"ReadAction","target":["https:\/\/www.apfelpatient.de\/rumors\/macbook-pro-zukuenftige-modelle-ohne-kerbe-mit-oled-display"]}]},{"@type":"ImageObject","inLanguage":"en-US","@id":"https:\/\/www.apfelpatient.de\/rumors\/macbook-pro-zukuenftige-modelle-ohne-kerbe-mit-oled-display#primaryimage","url":"https:\/\/www.apfelpatient.de\/wp-content\/uploads\/2024\/12\/joshua-woroniecki-bRuaLZ302lY-unsplash.jpg","contentUrl":"https:\/\/www.apfelpatient.de\/wp-content\/uploads\/2024\/12\/joshua-woroniecki-bRuaLZ302lY-unsplash.jpg","width":1600,"height":1040,"caption":"Photo by Unsplash \/ Joshua Woroniecki"},{"@type":"BreadcrumbList","@id":"https:\/\/www.apfelpatient.de\/rumors\/macbook-pro-zukuenftige-modelle-ohne-kerbe-mit-oled-display#breadcrumb","itemListElement":[{"@type":"ListItem","position":1,"name":"Startseite","item":"https:\/\/www.apfelpatient.de\/"},{"@type":"ListItem","position":2,"name":"MacBook Pro: Zuk\u00fcnftige Modelle ohne Kerbe &amp; mit OLED-Display"}]},{"@type":"WebSite","@id":"https:\/\/www.apfelpatient.de\/#website","url":"https:\/\/www.apfelpatient.de\/","name":"apple patient","description":"Everything about Apple!","publisher":{"@type":"Organization","@id":"https:\/\/www.apfelpatient.de\/en\/#organization","name":"Apfelpatient","url":"https:\/\/www.apfelpatient.de\/en\/"},"alternateName":"Apfelpatient","potentialAction":[{"@type":"SearchAction","target":{"@type":"EntryPoint","urlTemplate":"https:\/\/www.apfelpatient.de\/?s={search_term_string}"},"query-input":{"@type":"PropertyValueSpecification","valueRequired":true,"valueName":"search_term_string"}}],"inLanguage":"en-US"},{"@type":["Person","Organization"],"@id":"https:\/\/www.apfelpatient.de\/#\/schema\/person\/7dc56ad6c8e9824b76d2c08d4c140e13","name":"Milan","logo":{"@id":"https:\/\/www.apfelpatient.de\/#\/schema\/person\/image\/"},"description":"Hello and welcome to my technology blog! As a big Apple fan, I report on everything to do with Apple: from the latest news and exciting rumors to helpful tips and tricks and detailed product tests. If you are as enthusiastic about technology as I am, you have come to the right place!","sameAs":["https:\/\/www.facebook.com\/apfelpatientOfficial","https:\/\/www.linkedin.com\/in\/milan-jovicic-42aa0231b"],"url":"https:\/\/www.apfelpatient.de\/en\/author\/apfeladmin"}]}},"_links":{"self":[{"href":"https:\/\/www.apfelpatient.de\/en\/wp-json\/wp\/v2\/posts\/48422","targetHints":{"allow":["GET"]}}],"collection":[{"href":"https:\/\/www.apfelpatient.de\/en\/wp-json\/wp\/v2\/posts"}],"about":[{"href":"https:\/\/www.apfelpatient.de\/en\/wp-json\/wp\/v2\/types\/post"}],"author":[{"embeddable":true,"href":"https:\/\/www.apfelpatient.de\/en\/wp-json\/wp\/v2\/users\/2"}],"replies":[{"embeddable":true,"href":"https:\/\/www.apfelpatient.de\/en\/wp-json\/wp\/v2\/comments?post=48422"}],"version-history":[{"count":0,"href":"https:\/\/www.apfelpatient.de\/en\/wp-json\/wp\/v2\/posts\/48422\/revisions"}],"wp:featuredmedia":[{"embeddable":true,"href":"https:\/\/www.apfelpatient.de\/en\/wp-json\/wp\/v2\/media\/48416"}],"wp:attachment":[{"href":"https:\/\/www.apfelpatient.de\/en\/wp-json\/wp\/v2\/media?parent=48422"}],"wp:term":[{"taxonomy":"category","embeddable":true,"href":"https:\/\/www.apfelpatient.de\/en\/wp-json\/wp\/v2\/categories?post=48422"},{"taxonomy":"post_tag","embeddable":true,"href":"https:\/\/www.apfelpatient.de\/en\/wp-json\/wp\/v2\/tags?post=48422"}],"curies":[{"name":"wp","href":"https:\/\/api.w.org\/{rel}","templated":true}]}}