{"id":48403,"date":"2024-12-08T16:55:56","date_gmt":"2024-12-08T15:55:56","guid":{"rendered":"https:\/\/www.apfelpatient.de\/?p=48403"},"modified":"2024-12-08T16:55:57","modified_gmt":"2024-12-08T15:55:57","slug":"apple-vision-pro-could-offer-mobile-communications-in-future-models","status":"publish","type":"post","link":"https:\/\/www.apfelpatient.de\/en\/rumors\/apple-vision-pro-koennte-in-zukuenftigen-modellen-mobilfunk-bieten","title":{"rendered":"Apple Vision Pro could offer cellular connectivity in future models"},"content":{"rendered":"<p class=\"has-drop-cap\"><strong>The Apple Vision Pro is at the heart of Apple&#039;s technological innovation. With its futuristic design and powerful features, it has already delighted many technology fans. But a new report is causing a stir: Apple may be planning to equip future models of the Vision Pro with a cellular connection.<\/strong><\/p>\n\n\n\n<p>Apple is known for not only developing new technologies but also perfecting them. The Vision Pro, which is considered one of the most advanced mixed reality headsets, could soon become even more versatile. Thanks to work on its own 5G modems, which are set to debut in other Apple devices as early as 2025, cellular support for the Vision Pro could become a reality.<\/p>\n\n\n\n<h4 class=\"wp-block-heading\" id=\"h-kompromiss-zwischen-leistung-und-effizienz-apples-modem-plane\">Compromise between performance and efficiency: Apple&#039;s modem plans<\/h4>\n\n\n\n<p>According to a <a href=\"https:\/\/www.bloomberg.com\/news\/articles\/2024-12-06\/apple-s-modem-chips-pave-way-for-slimmer-iphone-cellular-macs-and-headsets\" target=\"_blank\" rel=\"noreferrer noopener\">report<\/a> According to Bloomberg, Apple is considering using 5G modems in future Vision Pro models. These modems are <a href=\"https:\/\/www.apfelpatient.de\/en\/rumors\/new-apple-modem-the-roadmap-to-the-complete-changeover\">in two variants<\/a> be developed:<\/p>\n\n\n\n<ul class=\"wp-block-list\">\n<li>The first generation, designed for cost and energy efficiency, is expected to be used in the iPhone SE 4, cheaper iPads and other affordable devices. A second, higher-end version is expected to be available from 2026. It promises faster connections and is intended for high-end devices such as the iPhone 18 Pro and Macs.<\/li>\n<\/ul>\n\n\n\n<p>Although it is not yet known which modem will be used in the Vision Pro, energy efficiency is a crucial factor. Since the Vision Pro is powered by a compact battery, Apple could rely on the energy-optimized model of the first generation.<\/p>\n\n\n\n<h4 class=\"wp-block-heading\" id=\"h-produktivitat-und-unterhaltung-ohne-wlan-vision-pro-mit-mobilfunk\">Productivity and entertainment without Wi-Fi: Vision Pro with cellular<\/h4>\n\n\n\n<p>A cellular connection would greatly expand the Vision Pro&#039;s usage options. You could work, study or relax on the go, independent of Wi-Fi networks. For professionals who travel a lot or work in places where Wi-Fi is not available, cellular support could significantly increase productivity. Gaming and augmented reality applications would also benefit from a direct and fast 5G connection. Of course, there are challenges too. The Vision Pro is powered by a small battery, which means that the modem technology has to be extremely power-efficient. However, Apple&#039;s expertise in chip development, combined with a focus on energy efficiency, could offer the solution here. Data consumption is also an important factor. However, thanks to Apple&#039;s own-developed modems, users could benefit from optimized 5G connections that enable both fast downloads and moderate data costs.<\/p>\n\n\n\n<h3 class=\"wp-block-heading\" id=\"h-vision-pro-mit-mobilfunk-apples-nachster-schritt\">Vision Pro with cellular: Apple&#039;s next step?<\/h3>\n\n\n\n<p>The idea of equipping the Apple Vision Pro with a cellular connection is more than just a technical advancement - it&#039;s a look into the future. It would mean that you can use the Vision Pro more flexibly and independently, no matter where you are. A cellular connection could be crucial, especially with regard to the development of lighter and slimmer AR glasses. Apple proves once again that innovation and user-friendliness go hand in hand. Whether for entertainment, work or creative projects - the Vision Pro could soon become the universal companion you want. If you want to find out more about the latest developments surrounding the Vision Pro and Apple&#039;s plans, stay tuned. (Image: Apple)<\/p>\n\n\n\n<ul class=\"wp-block-list\">\n<li><a href=\"https:\/\/www.apfelpatient.de\/en\/rumors\/ps-vr2-controller-soon-compatible-with-the-apple-vision-pro\">PS VR2 controller: Soon compatible with the Apple Vision Pro<\/a><\/li>\n<\/ul>\n\n\n\n<h6 class=\"wp-block-heading translation-block\" id=\"h-kennt-ihr-schon-unsere-amazon-storefront-dort-findet-ihr-eine-handverlesene-auswahl-von-diversen-produkten-f-r-euer-iphone-und-co-viel-spa-beim-st-bern\"><em>Have you already visited our Amazon Storefront? There you&#039;ll find a hand-picked selection of various products for your iPhone and other devices \u2013 <span class=\"has-inline-color has-vivid-red-color\"><a href=\"https:\/\/www.amazon.de\/shop\/apfelpatientofficial\" class=\"ek-link\" data-wpel-link=\"exclude\" rel=\"follow noopener\" target=\"_self\"><span style=\"text-decoration: underline\" class=\"ek-underline\">enjoy browsing<\/span><\/a> !<\/span><\/em><\/h6>\n\n\n\n<h6 class=\"wp-block-heading translation-block\" id=\"h-der-beitrag-enthalt-partnerlinks\">This post contains <a data-type=\"URL\" data-id=\"https:\/\/www.apfelpatient.de\/partnerprogramm\" href=\"https:\/\/www.apfelpatient.de\/en\/partner-program\" data-wpel-link=\"internal\" target=\"_self\">affiliate links<\/a>.<\/h6>","protected":false},"excerpt":{"rendered":"<p>Cellular for the Apple Vision Pro: How future models could expand the freedom and versatility of the mixed reality headset.<\/p>","protected":false},"author":2,"featured_media":48402,"comment_status":"closed","ping_status":"closed","sticky":false,"template":"","format":"standard","meta":{"jnews-multi-image_gallery":[],"jnews_single_post":{"format":"standard","override":[{"template":"2","parallax":"1","fullscreen":"1","layout":"right-sidebar","sidebar":"default-sidebar","second_sidebar":"default-sidebar","sticky_sidebar":"1","share_position":"top","share_float_style":"share-monocrhome","show_featured":"1","show_post_meta":"1","show_post_author":"1","show_post_author_image":"1","show_post_date":"1","post_date_format":"default","post_date_format_custom":"Y\/m\/d","show_post_category":"1","show_post_reading_time":"0","post_reading_time_wpm":"300","post_calculate_word_method":"str_word_count","show_zoom_button":"0","zoom_button_out_step":"2","zoom_button_in_step":"3","show_post_tag":"1","show_prev_next_post":"1","show_popup_post":"1","number_popup_post":"1","show_author_box":"0","show_post_related":"0","show_inline_post_related":"0"}],"image_override":[{"single_post_thumbnail_size":"crop-500","single_post_gallery_size":"crop-500"}],"trending_post_position":"meta","trending_post_label":"Trending","sponsored_post_label":"Sponsored by","disable_ad":"0"},"jnews_primary_category":{"id":"25"},"footnotes":""},"categories":[25],"tags":[843,609],"class_list":["post-48403","post","type-post","status-publish","format-standard","has-post-thumbnail","hentry","category-rumors","tag-apple-vision-pro","tag-apple-vr-ar"],"yoast_head":"<!-- This site is optimized with the Yoast SEO Premium plugin v27.5 (Yoast SEO v27.5) - https:\/\/yoast.com\/product\/yoast-seo-premium-wordpress\/ -->\n<title>Apple Vision Pro k\u00f6nnte in zuk\u00fcnftigen Modellen Mobilfunk bieten Apfelpatient<\/title>\n<meta name=\"description\" content=\"Mobilfunk f\u00fcr die Apple Vision Pro: Wie zuk\u00fcnftige Modelle die Freiheit und Vielseitigkeit des Mixed-Reality-Headsets erweitern k\u00f6nnten.\" \/>\n<meta name=\"robots\" content=\"index, follow, max-snippet:-1, max-image-preview:large, max-video-preview:-1\" \/>\n<link rel=\"canonical\" href=\"https:\/\/www.apfelpatient.de\/en\/rumors\/apple-vision-pro-could-offer-mobile-communications-in-future-models\" \/>\n<meta property=\"og:locale\" content=\"en_US\" \/>\n<meta property=\"og:type\" content=\"article\" \/>\n<meta property=\"og:title\" content=\"Apple Vision Pro k\u00f6nnte in zuk\u00fcnftigen Modellen Mobilfunk bieten\" \/>\n<meta property=\"og:description\" content=\"Mobilfunk f\u00fcr die Apple Vision Pro: Wie zuk\u00fcnftige Modelle die Freiheit und Vielseitigkeit des Mixed-Reality-Headsets erweitern k\u00f6nnten.\" \/>\n<meta property=\"og:url\" content=\"https:\/\/www.apfelpatient.de\/en\/rumors\/apple-vision-pro-could-offer-mobile-communications-in-future-models\" \/>\n<meta property=\"og:site_name\" content=\"Apfelpatient\" \/>\n<meta property=\"article:publisher\" content=\"https:\/\/www.facebook.com\/apfelpatientOfficial\" \/>\n<meta property=\"article:author\" content=\"https:\/\/www.facebook.com\/apfelpatientOfficial\" \/>\n<meta property=\"article:published_time\" content=\"2024-12-08T15:55:56+00:00\" \/>\n<meta property=\"article:modified_time\" content=\"2024-12-08T15:55:57+00:00\" \/>\n<meta property=\"og:image\" content=\"https:\/\/www.apfelpatient.de\/wp-content\/uploads\/2024\/12\/Apple-Vision-Pro-availability-customer-demo-01-1.jpg\" \/>\n\t<meta property=\"og:image:width\" content=\"1600\" \/>\n\t<meta property=\"og:image:height\" content=\"1066\" \/>\n\t<meta property=\"og:image:type\" content=\"image\/jpeg\" \/>\n<meta name=\"author\" content=\"Milan\" \/>\n<meta name=\"twitter:card\" content=\"summary_large_image\" \/>\n<meta name=\"twitter:description\" content=\"Mobilfunk f\u00fcr die Apple Vision Pro: Wie zuk\u00fcnftige Modelle die Freiheit und Vielseitigkeit des Mixed-Reality-Headsets erweitern k\u00f6nnten.\" \/>\n<meta name=\"twitter:label1\" content=\"Written by\" \/>\n\t<meta name=\"twitter:data1\" content=\"Milan\" \/>\n\t<meta name=\"twitter:label2\" content=\"Est. reading time\" \/>\n\t<meta name=\"twitter:data2\" content=\"3 minutes\" \/>\n<script type=\"application\/ld+json\" class=\"yoast-schema-graph\">{\"@context\":\"https:\\\/\\\/schema.org\",\"@graph\":[{\"@type\":\"NewsArticle\",\"@id\":\"https:\\\/\\\/www.apfelpatient.de\\\/rumors\\\/apple-vision-pro-koennte-in-zukuenftigen-modellen-mobilfunk-bieten#article\",\"isPartOf\":{\"@id\":\"https:\\\/\\\/www.apfelpatient.de\\\/rumors\\\/apple-vision-pro-koennte-in-zukuenftigen-modellen-mobilfunk-bieten\"},\"author\":{\"@type\":\"Organization\",\"@id\":\"https:\\\/\\\/www.apfelpatient.de\\\/en\\\/#organization\",\"name\":\"Apfelpatient\",\"url\":\"https:\\\/\\\/www.apfelpatient.de\\\/en\\\/\"},\"headline\":\"Apple Vision Pro k\u00f6nnte in zuk\u00fcnftigen Modellen Mobilfunk bieten\",\"datePublished\":\"2024-12-08T15:55:56+00:00\",\"dateModified\":\"2024-12-08T15:55:57+00:00\",\"mainEntityOfPage\":{\"@id\":\"https:\\\/\\\/www.apfelpatient.de\\\/rumors\\\/apple-vision-pro-koennte-in-zukuenftigen-modellen-mobilfunk-bieten\"},\"wordCount\":528,\"publisher\":{\"@type\":\"Organization\",\"@id\":\"https:\\\/\\\/www.apfelpatient.de\\\/en\\\/#organization\",\"name\":\"Apfelpatient\",\"url\":\"https:\\\/\\\/www.apfelpatient.de\\\/en\\\/\"},\"image\":{\"@id\":\"https:\\\/\\\/www.apfelpatient.de\\\/rumors\\\/apple-vision-pro-koennte-in-zukuenftigen-modellen-mobilfunk-bieten#primaryimage\"},\"thumbnailUrl\":\"https:\\\/\\\/www.apfelpatient.de\\\/wp-content\\\/uploads\\\/2024\\\/12\\\/Apple-Vision-Pro-availability-customer-demo-01-1.jpg\",\"keywords\":[\"Apple Vision Pro\",\"Apple VR\\\/AR\"],\"articleSection\":\"Rumors\",\"inLanguage\":\"en-US\",\"copyrightYear\":\"2024\",\"copyrightHolder\":{\"@id\":\"https:\\\/\\\/www.apfelpatient.de\\\/en\\\/#organization\"}},{\"@type\":\"WebPage\",\"@id\":\"https:\\\/\\\/www.apfelpatient.de\\\/rumors\\\/apple-vision-pro-koennte-in-zukuenftigen-modellen-mobilfunk-bieten\",\"url\":\"https:\\\/\\\/www.apfelpatient.de\\\/rumors\\\/apple-vision-pro-koennte-in-zukuenftigen-modellen-mobilfunk-bieten\",\"name\":\"Apple Vision Pro k\u00f6nnte in zuk\u00fcnftigen Modellen Mobilfunk bieten Apfelpatient\",\"isPartOf\":{\"@id\":\"https:\\\/\\\/www.apfelpatient.de\\\/#website\"},\"primaryImageOfPage\":{\"@id\":\"https:\\\/\\\/www.apfelpatient.de\\\/rumors\\\/apple-vision-pro-koennte-in-zukuenftigen-modellen-mobilfunk-bieten#primaryimage\"},\"image\":{\"@id\":\"https:\\\/\\\/www.apfelpatient.de\\\/rumors\\\/apple-vision-pro-koennte-in-zukuenftigen-modellen-mobilfunk-bieten#primaryimage\"},\"thumbnailUrl\":\"https:\\\/\\\/www.apfelpatient.de\\\/wp-content\\\/uploads\\\/2024\\\/12\\\/Apple-Vision-Pro-availability-customer-demo-01-1.jpg\",\"datePublished\":\"2024-12-08T15:55:56+00:00\",\"dateModified\":\"2024-12-08T15:55:57+00:00\",\"description\":\"Mobilfunk f\u00fcr die Apple Vision Pro: Wie zuk\u00fcnftige Modelle die Freiheit und Vielseitigkeit des Mixed-Reality-Headsets erweitern k\u00f6nnten.\",\"breadcrumb\":{\"@id\":\"https:\\\/\\\/www.apfelpatient.de\\\/rumors\\\/apple-vision-pro-koennte-in-zukuenftigen-modellen-mobilfunk-bieten#breadcrumb\"},\"inLanguage\":\"en-US\",\"potentialAction\":[{\"@type\":\"ReadAction\",\"target\":[\"https:\\\/\\\/www.apfelpatient.de\\\/rumors\\\/apple-vision-pro-koennte-in-zukuenftigen-modellen-mobilfunk-bieten\"]}]},{\"@type\":\"ImageObject\",\"inLanguage\":\"en-US\",\"@id\":\"https:\\\/\\\/www.apfelpatient.de\\\/rumors\\\/apple-vision-pro-koennte-in-zukuenftigen-modellen-mobilfunk-bieten#primaryimage\",\"url\":\"https:\\\/\\\/www.apfelpatient.de\\\/wp-content\\\/uploads\\\/2024\\\/12\\\/Apple-Vision-Pro-availability-customer-demo-01-1.jpg\",\"contentUrl\":\"https:\\\/\\\/www.apfelpatient.de\\\/wp-content\\\/uploads\\\/2024\\\/12\\\/Apple-Vision-Pro-availability-customer-demo-01-1.jpg\",\"width\":1600,\"height\":1066,\"caption\":\"Bild: Apple\"},{\"@type\":\"BreadcrumbList\",\"@id\":\"https:\\\/\\\/www.apfelpatient.de\\\/rumors\\\/apple-vision-pro-koennte-in-zukuenftigen-modellen-mobilfunk-bieten#breadcrumb\",\"itemListElement\":[{\"@type\":\"ListItem\",\"position\":1,\"name\":\"Startseite\",\"item\":\"https:\\\/\\\/www.apfelpatient.de\\\/\"},{\"@type\":\"ListItem\",\"position\":2,\"name\":\"Apple Vision Pro k\u00f6nnte in zuk\u00fcnftigen Modellen Mobilfunk bieten\"}]},{\"@type\":\"WebSite\",\"@id\":\"https:\\\/\\\/www.apfelpatient.de\\\/#website\",\"url\":\"https:\\\/\\\/www.apfelpatient.de\\\/\",\"name\":\"Apfelpatient\",\"description\":\"Alles rund um Apple!\",\"publisher\":{\"@type\":\"Organization\",\"@id\":\"https:\\\/\\\/www.apfelpatient.de\\\/en\\\/#organization\",\"name\":\"Apfelpatient\",\"url\":\"https:\\\/\\\/www.apfelpatient.de\\\/en\\\/\"},\"alternateName\":\"Apfelpatient\",\"potentialAction\":[{\"@type\":\"SearchAction\",\"target\":{\"@type\":\"EntryPoint\",\"urlTemplate\":\"https:\\\/\\\/www.apfelpatient.de\\\/?s={search_term_string}\"},\"query-input\":{\"@type\":\"PropertyValueSpecification\",\"valueRequired\":true,\"valueName\":\"search_term_string\"}}],\"inLanguage\":\"en-US\"},{\"@type\":[\"Person\",\"Organization\"],\"@id\":\"https:\\\/\\\/www.apfelpatient.de\\\/#\\\/schema\\\/person\\\/7dc56ad6c8e9824b76d2c08d4c140e13\",\"name\":\"Milan\",\"logo\":{\"@id\":\"https:\\\/\\\/www.apfelpatient.de\\\/#\\\/schema\\\/person\\\/image\\\/\"},\"description\":\"Hallo und herzlich willkommen auf meinem Technik-Blog! Als gro\u00dfer Apple-Fan berichte ich hier \u00fcber alles, was mit Apple zu tun hat: von den neuesten News und spannenden Ger\u00fcchten \u00fcber hilfreiche Tipps und Tricks bis hin zu ausf\u00fchrlichen Produkttests. Wenn du genauso technikbegeistert bist wie ich, bist du hier genau richtig!\",\"sameAs\":[\"https:\\\/\\\/www.facebook.com\\\/apfelpatientOfficial\",\"https:\\\/\\\/www.linkedin.com\\\/in\\\/milan-jovicic-42aa0231b\"],\"url\":\"https:\\\/\\\/www.apfelpatient.de\\\/en\\\/author\\\/apfeladmin\"}]}<\/script>\n<!-- \/ Yoast SEO Premium plugin. -->","yoast_head_json":{"title":"Apple Vision Pro could offer cellular in future models Apfelpatient","description":"Cellular for the Apple Vision Pro: How future models could expand the freedom and versatility of the mixed reality headset.","robots":{"index":"index","follow":"follow","max-snippet":"max-snippet:-1","max-image-preview":"max-image-preview:large","max-video-preview":"max-video-preview:-1"},"canonical":"https:\/\/www.apfelpatient.de\/en\/rumors\/apple-vision-pro-could-offer-mobile-communications-in-future-models","og_locale":"en_US","og_type":"article","og_title":"Apple Vision Pro k\u00f6nnte in zuk\u00fcnftigen Modellen Mobilfunk bieten","og_description":"Mobilfunk f\u00fcr die Apple Vision Pro: Wie zuk\u00fcnftige Modelle die Freiheit und Vielseitigkeit des Mixed-Reality-Headsets erweitern k\u00f6nnten.","og_url":"https:\/\/www.apfelpatient.de\/en\/rumors\/apple-vision-pro-could-offer-mobile-communications-in-future-models","og_site_name":"Apfelpatient","article_publisher":"https:\/\/www.facebook.com\/apfelpatientOfficial","article_author":"https:\/\/www.facebook.com\/apfelpatientOfficial","article_published_time":"2024-12-08T15:55:56+00:00","article_modified_time":"2024-12-08T15:55:57+00:00","og_image":[{"width":1600,"height":1066,"url":"https:\/\/www.apfelpatient.de\/wp-content\/uploads\/2024\/12\/Apple-Vision-Pro-availability-customer-demo-01-1.jpg","type":"image\/jpeg"}],"author":"Milan","twitter_card":"summary_large_image","twitter_description":"Mobilfunk f\u00fcr die Apple Vision Pro: Wie zuk\u00fcnftige Modelle die Freiheit und Vielseitigkeit des Mixed-Reality-Headsets erweitern k\u00f6nnten.","twitter_misc":{"Written by":"Milan","Est. reading time":"3 minutes"},"schema":{"@context":"https:\/\/schema.org","@graph":[{"@type":"NewsArticle","@id":"https:\/\/www.apfelpatient.de\/rumors\/apple-vision-pro-koennte-in-zukuenftigen-modellen-mobilfunk-bieten#article","isPartOf":{"@id":"https:\/\/www.apfelpatient.de\/rumors\/apple-vision-pro-koennte-in-zukuenftigen-modellen-mobilfunk-bieten"},"author":{"@type":"Organization","@id":"https:\/\/www.apfelpatient.de\/en\/#organization","name":"Apfelpatient","url":"https:\/\/www.apfelpatient.de\/en\/"},"headline":"Apple Vision Pro k\u00f6nnte in zuk\u00fcnftigen Modellen Mobilfunk bieten","datePublished":"2024-12-08T15:55:56+00:00","dateModified":"2024-12-08T15:55:57+00:00","mainEntityOfPage":{"@id":"https:\/\/www.apfelpatient.de\/rumors\/apple-vision-pro-koennte-in-zukuenftigen-modellen-mobilfunk-bieten"},"wordCount":528,"publisher":{"@type":"Organization","@id":"https:\/\/www.apfelpatient.de\/en\/#organization","name":"Apfelpatient","url":"https:\/\/www.apfelpatient.de\/en\/"},"image":{"@id":"https:\/\/www.apfelpatient.de\/rumors\/apple-vision-pro-koennte-in-zukuenftigen-modellen-mobilfunk-bieten#primaryimage"},"thumbnailUrl":"https:\/\/www.apfelpatient.de\/wp-content\/uploads\/2024\/12\/Apple-Vision-Pro-availability-customer-demo-01-1.jpg","keywords":["Apple Vision Pro","Apple VR\/AR"],"articleSection":"Rumors","inLanguage":"en-US","copyrightYear":"2024","copyrightHolder":{"@id":"https:\/\/www.apfelpatient.de\/en\/#organization"}},{"@type":"WebPage","@id":"https:\/\/www.apfelpatient.de\/rumors\/apple-vision-pro-koennte-in-zukuenftigen-modellen-mobilfunk-bieten","url":"https:\/\/www.apfelpatient.de\/rumors\/apple-vision-pro-koennte-in-zukuenftigen-modellen-mobilfunk-bieten","name":"Apple Vision Pro could offer cellular in future models Apfelpatient","isPartOf":{"@id":"https:\/\/www.apfelpatient.de\/#website"},"primaryImageOfPage":{"@id":"https:\/\/www.apfelpatient.de\/rumors\/apple-vision-pro-koennte-in-zukuenftigen-modellen-mobilfunk-bieten#primaryimage"},"image":{"@id":"https:\/\/www.apfelpatient.de\/rumors\/apple-vision-pro-koennte-in-zukuenftigen-modellen-mobilfunk-bieten#primaryimage"},"thumbnailUrl":"https:\/\/www.apfelpatient.de\/wp-content\/uploads\/2024\/12\/Apple-Vision-Pro-availability-customer-demo-01-1.jpg","datePublished":"2024-12-08T15:55:56+00:00","dateModified":"2024-12-08T15:55:57+00:00","description":"Cellular for the Apple Vision Pro: How future models could expand the freedom and versatility of the mixed reality headset.","breadcrumb":{"@id":"https:\/\/www.apfelpatient.de\/rumors\/apple-vision-pro-koennte-in-zukuenftigen-modellen-mobilfunk-bieten#breadcrumb"},"inLanguage":"en-US","potentialAction":[{"@type":"ReadAction","target":["https:\/\/www.apfelpatient.de\/rumors\/apple-vision-pro-koennte-in-zukuenftigen-modellen-mobilfunk-bieten"]}]},{"@type":"ImageObject","inLanguage":"en-US","@id":"https:\/\/www.apfelpatient.de\/rumors\/apple-vision-pro-koennte-in-zukuenftigen-modellen-mobilfunk-bieten#primaryimage","url":"https:\/\/www.apfelpatient.de\/wp-content\/uploads\/2024\/12\/Apple-Vision-Pro-availability-customer-demo-01-1.jpg","contentUrl":"https:\/\/www.apfelpatient.de\/wp-content\/uploads\/2024\/12\/Apple-Vision-Pro-availability-customer-demo-01-1.jpg","width":1600,"height":1066,"caption":"Bild: Apple"},{"@type":"BreadcrumbList","@id":"https:\/\/www.apfelpatient.de\/rumors\/apple-vision-pro-koennte-in-zukuenftigen-modellen-mobilfunk-bieten#breadcrumb","itemListElement":[{"@type":"ListItem","position":1,"name":"Startseite","item":"https:\/\/www.apfelpatient.de\/"},{"@type":"ListItem","position":2,"name":"Apple Vision Pro k\u00f6nnte in zuk\u00fcnftigen Modellen Mobilfunk bieten"}]},{"@type":"WebSite","@id":"https:\/\/www.apfelpatient.de\/#website","url":"https:\/\/www.apfelpatient.de\/","name":"apple patient","description":"Everything about Apple!","publisher":{"@type":"Organization","@id":"https:\/\/www.apfelpatient.de\/en\/#organization","name":"Apfelpatient","url":"https:\/\/www.apfelpatient.de\/en\/"},"alternateName":"Apfelpatient","potentialAction":[{"@type":"SearchAction","target":{"@type":"EntryPoint","urlTemplate":"https:\/\/www.apfelpatient.de\/?s={search_term_string}"},"query-input":{"@type":"PropertyValueSpecification","valueRequired":true,"valueName":"search_term_string"}}],"inLanguage":"en-US"},{"@type":["Person","Organization"],"@id":"https:\/\/www.apfelpatient.de\/#\/schema\/person\/7dc56ad6c8e9824b76d2c08d4c140e13","name":"Milan","logo":{"@id":"https:\/\/www.apfelpatient.de\/#\/schema\/person\/image\/"},"description":"Hello and welcome to my technology blog! As a big Apple fan, I report on everything to do with Apple: from the latest news and exciting rumors to helpful tips and tricks and detailed product tests. If you are as enthusiastic about technology as I am, you have come to the right place!","sameAs":["https:\/\/www.facebook.com\/apfelpatientOfficial","https:\/\/www.linkedin.com\/in\/milan-jovicic-42aa0231b"],"url":"https:\/\/www.apfelpatient.de\/en\/author\/apfeladmin"}]}},"_links":{"self":[{"href":"https:\/\/www.apfelpatient.de\/en\/wp-json\/wp\/v2\/posts\/48403","targetHints":{"allow":["GET"]}}],"collection":[{"href":"https:\/\/www.apfelpatient.de\/en\/wp-json\/wp\/v2\/posts"}],"about":[{"href":"https:\/\/www.apfelpatient.de\/en\/wp-json\/wp\/v2\/types\/post"}],"author":[{"embeddable":true,"href":"https:\/\/www.apfelpatient.de\/en\/wp-json\/wp\/v2\/users\/2"}],"replies":[{"embeddable":true,"href":"https:\/\/www.apfelpatient.de\/en\/wp-json\/wp\/v2\/comments?post=48403"}],"version-history":[{"count":0,"href":"https:\/\/www.apfelpatient.de\/en\/wp-json\/wp\/v2\/posts\/48403\/revisions"}],"wp:featuredmedia":[{"embeddable":true,"href":"https:\/\/www.apfelpatient.de\/en\/wp-json\/wp\/v2\/media\/48402"}],"wp:attachment":[{"href":"https:\/\/www.apfelpatient.de\/en\/wp-json\/wp\/v2\/media?parent=48403"}],"wp:term":[{"taxonomy":"category","embeddable":true,"href":"https:\/\/www.apfelpatient.de\/en\/wp-json\/wp\/v2\/categories?post=48403"},{"taxonomy":"post_tag","embeddable":true,"href":"https:\/\/www.apfelpatient.de\/en\/wp-json\/wp\/v2\/tags?post=48403"}],"curies":[{"name":"wp","href":"https:\/\/api.w.org\/{rel}","templated":true}]}}