{"id":4837,"date":"2019-06-20T21:35:58","date_gmt":"2019-06-20T19:35:58","guid":{"rendered":"https:\/\/www.apfelpatient.de\/?p=4837"},"modified":"2025-02-06T07:34:54","modified_gmt":"2025-02-06T06:34:54","slug":"macbook-pro-15-apple-launches-new-repair-program","status":"publish","type":"post","link":"https:\/\/www.apfelpatient.de\/en\/news\/macbook-pro-15-apple-startet-neues-reparaturprogramm","title":{"rendered":"MacBook Pro 15\u2033 \u2013 Apple launches new repair program"},"content":{"rendered":"<p><strong>Apple today launched a new recall and replacement program via a press release. This affects MacBook Pro 15\u2033 models sold between September 2015 and February 2017.<\/strong><\/p>\n<p>The reason for the latest recall and replacement program is defective batteries in the MacBook Pro 15&quot; model in question. In some cases, the battery in the MacBook Pro devices in question can overheat and pose a safety risk - according to Apple. Affected customers can have their battery replaced free of charge by Apple or an authorized Apple reseller. Apple emphasizes that the recall only affects 15&quot; MacBook Pro devices that were sold between September 2015 and February 2017. &quot;The recall does not affect other 15&quot; MacBook Pro models or other Mac notebooks&quot; - according to Apple.<\/p>\n<p><strong>Please stop using qualified 15\u2033 MacBook Pro models<\/strong><\/p>\n<p class=\"p1\"><\/p>\n<p>As a result, Apple has launched a new <a href=\"https:\/\/support.apple.com\/de-de\/15-inch-macbook-pro-battery-recall\" target=\"_blank\" rel=\"noopener noreferrer\">support page<\/a> where users can verify their MacBook Pro using the serial number. This is how you can start verifying your MacBook Pro model. (<a href=\"https:\/\/www.apfelpatient.de\/en\">Apple expands exchange program for butterfly keyboards<\/a>) Select the Apple symbol in the top left corner and open the &quot;About this Mac&quot; category. A small window will now appear - the serial number of your 15&quot; MacBook Pro model will be displayed further down. You can now enter this in the corresponding bar on the support page. If the query is positive, users should stop using the affected 15&quot; MacBook Pro and contact the service department. The repair or replacement will be carried out free of charge by Apple or an authorized Apple dealer. <a href=\"https:\/\/www.apfelpatient.de\/en\">How to check the battery status of a MacBook<\/a><em>(Photo by Unsplash)<\/em><\/p>\n<h6><a href=\"https:\/\/t.me\/apfelpatient_official\"><em><strong>Don&#039;t want to miss any more news? Then subscribe to our Telegram channel here<\/strong><\/em><\/a><\/h6>","protected":false},"excerpt":{"rendered":"<p>Apple hat heute mittels einer Pressemitteilung ein neues R\u00fcckruf- und Austauschprogramm gestartet. Betroffen sind MacBook Pro 15&#8243; Modelle die zwischen September 2015 und Februar 2017 verkauft wurden. Der Grund f\u00fcr das j\u00fcngste R\u00fcckruf- und Austauschprogramm sind defekte Batterien in dem besagten MacBook Pro 15&#8243; Modell. In einigen F\u00e4llen kann die Batterie in besagten MacBook Pro [&hellip;]<\/p>\n","protected":false},"author":2,"featured_media":4838,"comment_status":"open","ping_status":"open","sticky":false,"template":"","format":"standard","meta":{"jnews-multi-image_gallery":[],"jnews_single_post":[],"jnews_primary_category":[],"footnotes":""},"categories":[9],"tags":[48,40,50,139],"class_list":["post-4837","post","type-post","status-publish","format-standard","has-post-thumbnail","hentry","category-news","tag-austauschprogramm","tag-mac","tag-macbook-pro","tag-reparaturprogramm"],"yoast_head":"<!-- This site is optimized with the Yoast SEO Premium plugin v27.5 (Yoast SEO v27.5) - https:\/\/yoast.com\/product\/yoast-seo-premium-wordpress\/ -->\n<title>MacBook Pro 15&quot; - Apple startet neues Reparaturprogramm Apfelpatient<\/title>\n<meta name=\"description\" content=\"- Apple hat heute mittels einer Pressemitteilung ein neues R\u00fcckruf- und Austauschprogramm gestartet. Betroffen sind MacBook Pro 15&quot; Modelle die zwischen September 2015 und Februar 2017 verkauft wurden.\" \/>\n<meta name=\"robots\" content=\"index, follow, max-snippet:-1, max-image-preview:large, max-video-preview:-1\" \/>\n<link rel=\"canonical\" href=\"https:\/\/www.apfelpatient.de\/en\/news\/macbook-pro-15-apple-launches-new-repair-program\" \/>\n<meta property=\"og:locale\" content=\"en_US\" \/>\n<meta property=\"og:type\" content=\"article\" \/>\n<meta property=\"og:title\" content=\"MacBook Pro 15&quot; - Apple startet neues Reparaturprogramm\" \/>\n<meta property=\"og:description\" content=\"- Apple hat heute mittels einer Pressemitteilung ein neues R\u00fcckruf- und Austauschprogramm gestartet. Betroffen sind MacBook Pro 15&quot; Modelle die zwischen September 2015 und Februar 2017 verkauft wurden.\" \/>\n<meta property=\"og:url\" content=\"https:\/\/www.apfelpatient.de\/en\/news\/macbook-pro-15-apple-launches-new-repair-program\" \/>\n<meta property=\"og:site_name\" content=\"Apfelpatient\" \/>\n<meta property=\"article:publisher\" content=\"https:\/\/www.facebook.com\/apfelpatientOfficial\" \/>\n<meta property=\"article:author\" content=\"https:\/\/www.facebook.com\/apfelpatientOfficial\" \/>\n<meta property=\"article:published_time\" content=\"2019-06-20T19:35:58+00:00\" \/>\n<meta property=\"article:modified_time\" content=\"2025-02-06T06:34:54+00:00\" \/>\n<meta property=\"og:image\" content=\"https:\/\/www.apfelpatient.de\/wp-content\/uploads\/2019\/06\/michail-sapiton-234263-unsplash.jpg\" \/>\n\t<meta property=\"og:image:width\" content=\"1024\" \/>\n\t<meta property=\"og:image:height\" content=\"672\" \/>\n\t<meta property=\"og:image:type\" content=\"image\/jpeg\" \/>\n<meta name=\"author\" content=\"Milan\" \/>\n<meta name=\"twitter:card\" content=\"summary_large_image\" \/>\n<meta name=\"twitter:label1\" content=\"Written by\" \/>\n\t<meta name=\"twitter:data1\" content=\"Milan\" \/>\n\t<meta name=\"twitter:label2\" content=\"Est. reading time\" \/>\n\t<meta name=\"twitter:data2\" content=\"1 minute\" \/>\n<script type=\"application\/ld+json\" class=\"yoast-schema-graph\">{\"@context\":\"https:\\\/\\\/schema.org\",\"@graph\":[{\"@type\":\"NewsArticle\",\"@id\":\"https:\\\/\\\/www.apfelpatient.de\\\/news\\\/macbook-pro-15-apple-startet-neues-reparaturprogramm#article\",\"isPartOf\":{\"@id\":\"https:\\\/\\\/www.apfelpatient.de\\\/news\\\/macbook-pro-15-apple-startet-neues-reparaturprogramm\"},\"author\":{\"@type\":\"Organization\",\"@id\":\"https:\\\/\\\/www.apfelpatient.de\\\/en\\\/#organization\",\"name\":\"Apfelpatient\",\"url\":\"https:\\\/\\\/www.apfelpatient.de\\\/en\\\/\"},\"headline\":\"MacBook Pro 15&#8243; &#8211; Apple startet neues Reparaturprogramm\",\"datePublished\":\"2019-06-20T19:35:58+00:00\",\"dateModified\":\"2025-02-06T06:34:54+00:00\",\"mainEntityOfPage\":{\"@id\":\"https:\\\/\\\/www.apfelpatient.de\\\/news\\\/macbook-pro-15-apple-startet-neues-reparaturprogramm\"},\"wordCount\":274,\"commentCount\":0,\"publisher\":{\"@type\":\"Organization\",\"@id\":\"https:\\\/\\\/www.apfelpatient.de\\\/en\\\/#organization\",\"name\":\"Apfelpatient\",\"url\":\"https:\\\/\\\/www.apfelpatient.de\\\/en\\\/\"},\"image\":{\"@id\":\"https:\\\/\\\/www.apfelpatient.de\\\/news\\\/macbook-pro-15-apple-startet-neues-reparaturprogramm#primaryimage\"},\"thumbnailUrl\":\"https:\\\/\\\/www.apfelpatient.de\\\/wp-content\\\/uploads\\\/2019\\\/06\\\/michail-sapiton-234263-unsplash.jpg\",\"keywords\":[\"Austauschprogramm\",\"Mac\",\"MacBook Pro\",\"Reparaturprogramm\"],\"articleSection\":\"News\",\"inLanguage\":\"en-US\",\"potentialAction\":[{\"@type\":\"CommentAction\",\"name\":\"Comment\",\"target\":[\"https:\\\/\\\/www.apfelpatient.de\\\/news\\\/macbook-pro-15-apple-startet-neues-reparaturprogramm#respond\"]}],\"copyrightYear\":\"2019\",\"copyrightHolder\":{\"@id\":\"https:\\\/\\\/www.apfelpatient.de\\\/en\\\/#organization\"}},{\"@type\":\"WebPage\",\"@id\":\"https:\\\/\\\/www.apfelpatient.de\\\/news\\\/macbook-pro-15-apple-startet-neues-reparaturprogramm\",\"url\":\"https:\\\/\\\/www.apfelpatient.de\\\/news\\\/macbook-pro-15-apple-startet-neues-reparaturprogramm\",\"name\":\"MacBook Pro 15\\\" - Apple startet neues Reparaturprogramm Apfelpatient\",\"isPartOf\":{\"@id\":\"https:\\\/\\\/www.apfelpatient.de\\\/#website\"},\"primaryImageOfPage\":{\"@id\":\"https:\\\/\\\/www.apfelpatient.de\\\/news\\\/macbook-pro-15-apple-startet-neues-reparaturprogramm#primaryimage\"},\"image\":{\"@id\":\"https:\\\/\\\/www.apfelpatient.de\\\/news\\\/macbook-pro-15-apple-startet-neues-reparaturprogramm#primaryimage\"},\"thumbnailUrl\":\"https:\\\/\\\/www.apfelpatient.de\\\/wp-content\\\/uploads\\\/2019\\\/06\\\/michail-sapiton-234263-unsplash.jpg\",\"datePublished\":\"2019-06-20T19:35:58+00:00\",\"dateModified\":\"2025-02-06T06:34:54+00:00\",\"description\":\"- Apple hat heute mittels einer Pressemitteilung ein neues R\u00fcckruf- und Austauschprogramm gestartet. Betroffen sind MacBook Pro 15\\\" Modelle die zwischen September 2015 und Februar 2017 verkauft wurden.\",\"breadcrumb\":{\"@id\":\"https:\\\/\\\/www.apfelpatient.de\\\/news\\\/macbook-pro-15-apple-startet-neues-reparaturprogramm#breadcrumb\"},\"inLanguage\":\"en-US\",\"potentialAction\":[{\"@type\":\"ReadAction\",\"target\":[\"https:\\\/\\\/www.apfelpatient.de\\\/news\\\/macbook-pro-15-apple-startet-neues-reparaturprogramm\"]}]},{\"@type\":\"ImageObject\",\"inLanguage\":\"en-US\",\"@id\":\"https:\\\/\\\/www.apfelpatient.de\\\/news\\\/macbook-pro-15-apple-startet-neues-reparaturprogramm#primaryimage\",\"url\":\"https:\\\/\\\/www.apfelpatient.de\\\/wp-content\\\/uploads\\\/2019\\\/06\\\/michail-sapiton-234263-unsplash.jpg\",\"contentUrl\":\"https:\\\/\\\/www.apfelpatient.de\\\/wp-content\\\/uploads\\\/2019\\\/06\\\/michail-sapiton-234263-unsplash.jpg\",\"width\":5898,\"height\":3870,\"caption\":\"Photo by Unsplash\"},{\"@type\":\"BreadcrumbList\",\"@id\":\"https:\\\/\\\/www.apfelpatient.de\\\/news\\\/macbook-pro-15-apple-startet-neues-reparaturprogramm#breadcrumb\",\"itemListElement\":[{\"@type\":\"ListItem\",\"position\":1,\"name\":\"Startseite\",\"item\":\"https:\\\/\\\/www.apfelpatient.de\\\/\"},{\"@type\":\"ListItem\",\"position\":2,\"name\":\"MacBook Pro 15&#8243; &#8211; Apple startet neues Reparaturprogramm\"}]},{\"@type\":\"WebSite\",\"@id\":\"https:\\\/\\\/www.apfelpatient.de\\\/#website\",\"url\":\"https:\\\/\\\/www.apfelpatient.de\\\/\",\"name\":\"Apfelpatient\",\"description\":\"Alles rund um Apple!\",\"publisher\":{\"@type\":\"Organization\",\"@id\":\"https:\\\/\\\/www.apfelpatient.de\\\/en\\\/#organization\",\"name\":\"Apfelpatient\",\"url\":\"https:\\\/\\\/www.apfelpatient.de\\\/en\\\/\"},\"alternateName\":\"Apfelpatient\",\"potentialAction\":[{\"@type\":\"SearchAction\",\"target\":{\"@type\":\"EntryPoint\",\"urlTemplate\":\"https:\\\/\\\/www.apfelpatient.de\\\/?s={search_term_string}\"},\"query-input\":{\"@type\":\"PropertyValueSpecification\",\"valueRequired\":true,\"valueName\":\"search_term_string\"}}],\"inLanguage\":\"en-US\"},{\"@type\":[\"Person\",\"Organization\"],\"@id\":\"https:\\\/\\\/www.apfelpatient.de\\\/#\\\/schema\\\/person\\\/7dc56ad6c8e9824b76d2c08d4c140e13\",\"name\":\"Milan\",\"logo\":{\"@id\":\"https:\\\/\\\/www.apfelpatient.de\\\/#\\\/schema\\\/person\\\/image\\\/\"},\"description\":\"Hallo und herzlich willkommen auf meinem Technik-Blog! Als gro\u00dfer Apple-Fan berichte ich hier \u00fcber alles, was mit Apple zu tun hat: von den neuesten News und spannenden Ger\u00fcchten \u00fcber hilfreiche Tipps und Tricks bis hin zu ausf\u00fchrlichen Produkttests. Wenn du genauso technikbegeistert bist wie ich, bist du hier genau richtig!\",\"sameAs\":[\"https:\\\/\\\/www.facebook.com\\\/apfelpatientOfficial\",\"https:\\\/\\\/www.linkedin.com\\\/in\\\/milan-jovicic-42aa0231b\"],\"url\":\"https:\\\/\\\/www.apfelpatient.de\\\/en\\\/author\\\/apfeladmin\"}]}<\/script>\n<!-- \/ Yoast SEO Premium plugin. -->","yoast_head_json":{"title":"MacBook Pro 15&quot; - Apple launches new repair program Apfelpatient","description":"- Apple today launched a new recall and replacement program via a press release. This affects MacBook Pro 15&quot; models sold between September 2015 and February 2017.","robots":{"index":"index","follow":"follow","max-snippet":"max-snippet:-1","max-image-preview":"max-image-preview:large","max-video-preview":"max-video-preview:-1"},"canonical":"https:\/\/www.apfelpatient.de\/en\/news\/macbook-pro-15-apple-launches-new-repair-program","og_locale":"en_US","og_type":"article","og_title":"MacBook Pro 15\" - Apple startet neues Reparaturprogramm","og_description":"- Apple hat heute mittels einer Pressemitteilung ein neues R\u00fcckruf- und Austauschprogramm gestartet. Betroffen sind MacBook Pro 15\" Modelle die zwischen September 2015 und Februar 2017 verkauft wurden.","og_url":"https:\/\/www.apfelpatient.de\/en\/news\/macbook-pro-15-apple-launches-new-repair-program","og_site_name":"Apfelpatient","article_publisher":"https:\/\/www.facebook.com\/apfelpatientOfficial","article_author":"https:\/\/www.facebook.com\/apfelpatientOfficial","article_published_time":"2019-06-20T19:35:58+00:00","article_modified_time":"2025-02-06T06:34:54+00:00","og_image":[{"url":"https:\/\/www.apfelpatient.de\/wp-content\/uploads\/2019\/06\/michail-sapiton-234263-unsplash.jpg","width":1024,"height":672,"type":"image\/jpeg"}],"author":"Milan","twitter_card":"summary_large_image","twitter_misc":{"Written by":"Milan","Est. reading time":"1 minute"},"schema":{"@context":"https:\/\/schema.org","@graph":[{"@type":"NewsArticle","@id":"https:\/\/www.apfelpatient.de\/news\/macbook-pro-15-apple-startet-neues-reparaturprogramm#article","isPartOf":{"@id":"https:\/\/www.apfelpatient.de\/news\/macbook-pro-15-apple-startet-neues-reparaturprogramm"},"author":{"@type":"Organization","@id":"https:\/\/www.apfelpatient.de\/en\/#organization","name":"Apfelpatient","url":"https:\/\/www.apfelpatient.de\/en\/"},"headline":"MacBook Pro 15&#8243; &#8211; Apple startet neues Reparaturprogramm","datePublished":"2019-06-20T19:35:58+00:00","dateModified":"2025-02-06T06:34:54+00:00","mainEntityOfPage":{"@id":"https:\/\/www.apfelpatient.de\/news\/macbook-pro-15-apple-startet-neues-reparaturprogramm"},"wordCount":274,"commentCount":0,"publisher":{"@type":"Organization","@id":"https:\/\/www.apfelpatient.de\/en\/#organization","name":"Apfelpatient","url":"https:\/\/www.apfelpatient.de\/en\/"},"image":{"@id":"https:\/\/www.apfelpatient.de\/news\/macbook-pro-15-apple-startet-neues-reparaturprogramm#primaryimage"},"thumbnailUrl":"https:\/\/www.apfelpatient.de\/wp-content\/uploads\/2019\/06\/michail-sapiton-234263-unsplash.jpg","keywords":["Austauschprogramm","Mac","MacBook Pro","Reparaturprogramm"],"articleSection":"News","inLanguage":"en-US","potentialAction":[{"@type":"CommentAction","name":"Comment","target":["https:\/\/www.apfelpatient.de\/news\/macbook-pro-15-apple-startet-neues-reparaturprogramm#respond"]}],"copyrightYear":"2019","copyrightHolder":{"@id":"https:\/\/www.apfelpatient.de\/en\/#organization"}},{"@type":"WebPage","@id":"https:\/\/www.apfelpatient.de\/news\/macbook-pro-15-apple-startet-neues-reparaturprogramm","url":"https:\/\/www.apfelpatient.de\/news\/macbook-pro-15-apple-startet-neues-reparaturprogramm","name":"MacBook Pro 15&quot; - Apple launches new repair program Apfelpatient","isPartOf":{"@id":"https:\/\/www.apfelpatient.de\/#website"},"primaryImageOfPage":{"@id":"https:\/\/www.apfelpatient.de\/news\/macbook-pro-15-apple-startet-neues-reparaturprogramm#primaryimage"},"image":{"@id":"https:\/\/www.apfelpatient.de\/news\/macbook-pro-15-apple-startet-neues-reparaturprogramm#primaryimage"},"thumbnailUrl":"https:\/\/www.apfelpatient.de\/wp-content\/uploads\/2019\/06\/michail-sapiton-234263-unsplash.jpg","datePublished":"2019-06-20T19:35:58+00:00","dateModified":"2025-02-06T06:34:54+00:00","description":"- Apple today launched a new recall and replacement program via a press release. This affects MacBook Pro 15&quot; models sold between September 2015 and February 2017.","breadcrumb":{"@id":"https:\/\/www.apfelpatient.de\/news\/macbook-pro-15-apple-startet-neues-reparaturprogramm#breadcrumb"},"inLanguage":"en-US","potentialAction":[{"@type":"ReadAction","target":["https:\/\/www.apfelpatient.de\/news\/macbook-pro-15-apple-startet-neues-reparaturprogramm"]}]},{"@type":"ImageObject","inLanguage":"en-US","@id":"https:\/\/www.apfelpatient.de\/news\/macbook-pro-15-apple-startet-neues-reparaturprogramm#primaryimage","url":"https:\/\/www.apfelpatient.de\/wp-content\/uploads\/2019\/06\/michail-sapiton-234263-unsplash.jpg","contentUrl":"https:\/\/www.apfelpatient.de\/wp-content\/uploads\/2019\/06\/michail-sapiton-234263-unsplash.jpg","width":5898,"height":3870,"caption":"Photo by Unsplash"},{"@type":"BreadcrumbList","@id":"https:\/\/www.apfelpatient.de\/news\/macbook-pro-15-apple-startet-neues-reparaturprogramm#breadcrumb","itemListElement":[{"@type":"ListItem","position":1,"name":"Startseite","item":"https:\/\/www.apfelpatient.de\/"},{"@type":"ListItem","position":2,"name":"MacBook Pro 15&#8243; &#8211; Apple startet neues Reparaturprogramm"}]},{"@type":"WebSite","@id":"https:\/\/www.apfelpatient.de\/#website","url":"https:\/\/www.apfelpatient.de\/","name":"apple patient","description":"Everything about Apple!","publisher":{"@type":"Organization","@id":"https:\/\/www.apfelpatient.de\/en\/#organization","name":"Apfelpatient","url":"https:\/\/www.apfelpatient.de\/en\/"},"alternateName":"Apfelpatient","potentialAction":[{"@type":"SearchAction","target":{"@type":"EntryPoint","urlTemplate":"https:\/\/www.apfelpatient.de\/?s={search_term_string}"},"query-input":{"@type":"PropertyValueSpecification","valueRequired":true,"valueName":"search_term_string"}}],"inLanguage":"en-US"},{"@type":["Person","Organization"],"@id":"https:\/\/www.apfelpatient.de\/#\/schema\/person\/7dc56ad6c8e9824b76d2c08d4c140e13","name":"Milan","logo":{"@id":"https:\/\/www.apfelpatient.de\/#\/schema\/person\/image\/"},"description":"Hello and welcome to my technology blog! As a big Apple fan, I report on everything to do with Apple: from the latest news and exciting rumors to helpful tips and tricks and detailed product tests. If you are as enthusiastic about technology as I am, you have come to the right place!","sameAs":["https:\/\/www.facebook.com\/apfelpatientOfficial","https:\/\/www.linkedin.com\/in\/milan-jovicic-42aa0231b"],"url":"https:\/\/www.apfelpatient.de\/en\/author\/apfeladmin"}]}},"_links":{"self":[{"href":"https:\/\/www.apfelpatient.de\/en\/wp-json\/wp\/v2\/posts\/4837","targetHints":{"allow":["GET"]}}],"collection":[{"href":"https:\/\/www.apfelpatient.de\/en\/wp-json\/wp\/v2\/posts"}],"about":[{"href":"https:\/\/www.apfelpatient.de\/en\/wp-json\/wp\/v2\/types\/post"}],"author":[{"embeddable":true,"href":"https:\/\/www.apfelpatient.de\/en\/wp-json\/wp\/v2\/users\/2"}],"replies":[{"embeddable":true,"href":"https:\/\/www.apfelpatient.de\/en\/wp-json\/wp\/v2\/comments?post=4837"}],"version-history":[{"count":0,"href":"https:\/\/www.apfelpatient.de\/en\/wp-json\/wp\/v2\/posts\/4837\/revisions"}],"wp:featuredmedia":[{"embeddable":true,"href":"https:\/\/www.apfelpatient.de\/en\/wp-json\/wp\/v2\/media\/4838"}],"wp:attachment":[{"href":"https:\/\/www.apfelpatient.de\/en\/wp-json\/wp\/v2\/media?parent=4837"}],"wp:term":[{"taxonomy":"category","embeddable":true,"href":"https:\/\/www.apfelpatient.de\/en\/wp-json\/wp\/v2\/categories?post=4837"},{"taxonomy":"post_tag","embeddable":true,"href":"https:\/\/www.apfelpatient.de\/en\/wp-json\/wp\/v2\/tags?post=4837"}],"curies":[{"name":"wp","href":"https:\/\/api.w.org\/{rel}","templated":true}]}}