{"id":48358,"date":"2024-12-04T23:26:06","date_gmt":"2024-12-04T22:26:06","guid":{"rendered":"https:\/\/www.apfelpatient.de\/?p=48358"},"modified":"2024-12-04T23:26:23","modified_gmt":"2024-12-04T22:26:23","slug":"m5-ipad-pro-starts-series-production-at-the-end-of-2025","status":"publish","type":"post","link":"https:\/\/www.apfelpatient.de\/en\/rumors\/m5-ipad-pro-startet-ende-2025-in-die-serienproduktion","title":{"rendered":"M5 iPad Pro will go into series production at the end of 2025"},"content":{"rendered":"<p class=\"has-drop-cap\"><strong>Apple fans and technology enthusiasts can rejoice: With the M5 iPad Pro, a new generation of the popular high-end tablet is in the starting blocks. Equipped with the M5 chip, Apple&#039;s latest processor technology, and other possible innovations, this model promises to raise the bar even higher.<\/strong><\/p>\n\n\n\n<p>Apple has placed itself at the forefront of the technology industry in recent years through constant innovation. With the M5 iPad Pro, the company plans to continue this successful course.<\/p>\n\n\n\n<h4 class=\"wp-block-heading\" id=\"h-der-neue-m5-chip-herzstuck-des-ipad-pro\">The new M5 chip: the heart of the iPad Pro<\/h4>\n\n\n\n<p>The central highlight of the new iPad Pro is the M5 chip, which is designed to take the tablet&#039;s performance and efficiency to a new level. The processor will be based on the latest ARM architecture and manufactured by TSMC using advanced 3-nanometer process technology. These details make the M5 chip particularly interesting:<\/p>\n\n\n\n<ul class=\"wp-block-list\">\n<li>Performance leap through SoIC technology: Apple is using TSMC&#039;s System on Integrated Chip (SoIC) technology for the first time, which makes it possible to integrate even more functions into a single chip. The result is faster computing performance while consuming less energy.<\/li>\n\n\n\n<li>3-nanometer manufacturing: Although TSMC has already developed a more advanced 2-nanometer process, Apple opted for 3nm technology for cost reasons. Nevertheless, the M5 will be significantly more powerful than its predecessor, the M4 chip.<\/li>\n\n\n\n<li>Orders already placed: According to reports, Apple has already started ordering M5 chips from TSMC in preparation for the start of mass production.<\/li>\n<\/ul>\n\n\n\n<p>The M5 chip will not only make the iPad Pro faster but also more efficient and future-proof.<\/p>\n\n\n\n<h4 class=\"wp-block-heading\" id=\"h-produktionsplane-und-marktstart\">production plans and market launch<\/h4>\n\n\n\n<p>Apple plans to start mass production of the M5 iPad Pro in the second half of 2025. As the well-known analyst Ming-Chi Kuo <a href=\"https:\/\/medium.com\/@mingchikuo\/byd-electronic-and-tianma-microelectronics-as-key-suppliers-for-apples-smart-home-products-de1b8d079b06\" target=\"_blank\" rel=\"noreferrer noopener\">reported<\/a>, the Chinese company BYD Electronics will act as the main producer. BYD is also responsible for the production of the upcoming <a href=\"https:\/\/www.apfelpatient.de\/en\/rumors\/homepod-with-display-release-not-expected-until-the-end-of-2025\">HomePod with display<\/a> which is also expected at the end of 2025.<\/p>\n\n\n\n<h4 class=\"wp-block-heading\" id=\"h-design-und-mogliche-anderungen\">design and possible changes<\/h4>\n\n\n\n<p>The current iPad Pro, which was launched in May 2024 with an OLED display and M4 chip, set new standards in terms of design. There are only a few rumors about design changes for the M5 iPad Pro so far. One of them concerns the Apple logo on the back: It is rumored that Apple could move the logo to landscape format in the future to better adapt it to the use of the tablet. This would make sense, especially since many applications and users use the iPad predominantly in landscape format.<\/p>\n\n\n\n<h3 class=\"wp-block-heading\" id=\"h-m5-ipad-pro-ein-neuer-meilenstein-in-der-tablet-technologie\">M5 iPad Pro: A new milestone in tablet technology<\/h3>\n\n\n\n<p>The M5 iPad Pro will undoubtedly be an exciting product. With the groundbreaking M5 chip, the innovative SoIC technology and possibly minor design changes, Apple is once again showing that it is significantly driving the development of modern tablets forward. Even if not all the details are known yet, the anticipation is justified - the M5 iPad Pro promises to be a new milestone in the tablet world. (Image: Apple)<\/p>\n\n\n\n<ul class=\"wp-block-list\">\n<li><a href=\"https:\/\/www.apfelpatient.de\/en\/news\/apple-intelligence-a-product-of-seven-years-of-development\">Apple Intelligence: A product of seven years of development<\/a><\/li>\n<\/ul>\n\n\n\n<h6 class=\"wp-block-heading translation-block\" id=\"h-kennt-ihr-schon-unsere-amazon-storefront-dort-findet-ihr-eine-handverlesene-auswahl-von-diversen-produkten-f-r-euer-iphone-und-co-viel-spa-beim-st-bern\"><em>Have you already visited our Amazon Storefront? There you&#039;ll find a hand-picked selection of various products for your iPhone and other devices \u2013 <span class=\"has-inline-color has-vivid-red-color\"><a href=\"https:\/\/www.amazon.de\/shop\/apfelpatientofficial\" class=\"ek-link\" data-wpel-link=\"exclude\" rel=\"follow noopener\" target=\"_self\"><span style=\"text-decoration: underline\" class=\"ek-underline\">enjoy browsing<\/span><\/a> !<\/span><\/em><\/h6>\n\n\n\n<h6 class=\"wp-block-heading translation-block\" id=\"h-der-beitrag-enthalt-partnerlinks\">This post contains <a data-type=\"URL\" data-id=\"https:\/\/www.apfelpatient.de\/partnerprogramm\" href=\"https:\/\/www.apfelpatient.de\/en\/partner-program\" data-wpel-link=\"internal\" target=\"_self\">affiliate links<\/a>.<\/h6>","protected":false},"excerpt":{"rendered":"<p>M5 iPad Pro: Apple will start production of the powerful tablet with innovative M5 chip and more at the end of 2025.<\/p>","protected":false},"author":2,"featured_media":48357,"comment_status":"closed","ping_status":"closed","sticky":false,"template":"","format":"standard","meta":{"jnews-multi-image_gallery":[],"jnews_single_post":{"format":"standard"},"jnews_primary_category":[],"footnotes":""},"categories":[25],"tags":[18,66],"class_list":["post-48358","post","type-post","status-publish","format-standard","has-post-thumbnail","hentry","category-rumors","tag-ipad","tag-ipad-pro"],"yoast_head":"<!-- This site is optimized with the Yoast SEO Premium plugin v27.5 (Yoast SEO v27.5) - https:\/\/yoast.com\/product\/yoast-seo-premium-wordpress\/ -->\n<title>M5 iPad Pro startet Ende 2025 in die Serienproduktion Apfelpatient<\/title>\n<meta name=\"description\" content=\"M5 iPad Pro: Apple startet Ende 2025 die Produktion des leistungsstarken Tablets mit innovativem M5-Chip und mehr.\" \/>\n<meta name=\"robots\" content=\"index, follow, max-snippet:-1, max-image-preview:large, max-video-preview:-1\" \/>\n<link rel=\"canonical\" href=\"https:\/\/www.apfelpatient.de\/en\/rumors\/m5-ipad-pro-starts-series-production-at-the-end-of-2025\" \/>\n<meta property=\"og:locale\" content=\"en_US\" \/>\n<meta property=\"og:type\" content=\"article\" \/>\n<meta property=\"og:title\" content=\"M5 iPad Pro startet Ende 2025 in die Serienproduktion\" \/>\n<meta property=\"og:description\" content=\"M5 iPad Pro: Apple startet Ende 2025 die Produktion des leistungsstarken Tablets mit innovativem M5-Chip und mehr.\" \/>\n<meta property=\"og:url\" content=\"https:\/\/www.apfelpatient.de\/en\/rumors\/m5-ipad-pro-starts-series-production-at-the-end-of-2025\" \/>\n<meta property=\"og:site_name\" content=\"Apfelpatient\" \/>\n<meta property=\"article:publisher\" content=\"https:\/\/www.facebook.com\/apfelpatientOfficial\" \/>\n<meta property=\"article:author\" content=\"https:\/\/www.facebook.com\/apfelpatientOfficial\" \/>\n<meta property=\"article:published_time\" content=\"2024-12-04T22:26:06+00:00\" \/>\n<meta property=\"article:modified_time\" content=\"2024-12-04T22:26:23+00:00\" \/>\n<meta property=\"og:image\" content=\"https:\/\/www.apfelpatient.de\/wp-content\/uploads\/2024\/12\/Apple-iPad-Pro-thin-profile-240507.jpg\" \/>\n\t<meta property=\"og:image:width\" content=\"1600\" \/>\n\t<meta property=\"og:image:height\" content=\"900\" \/>\n\t<meta property=\"og:image:type\" content=\"image\/jpeg\" \/>\n<meta name=\"author\" content=\"Milan\" \/>\n<meta name=\"twitter:card\" content=\"summary_large_image\" \/>\n<meta name=\"twitter:description\" content=\"M5 iPad Pro: Apple startet Ende 2025 die Produktion des leistungsstarken Tablets mit innovativem M5-Chip und mehr.\" \/>\n<meta name=\"twitter:label1\" content=\"Written by\" \/>\n\t<meta name=\"twitter:data1\" content=\"Milan\" \/>\n\t<meta name=\"twitter:label2\" content=\"Est. reading time\" \/>\n\t<meta name=\"twitter:data2\" content=\"3 minutes\" \/>\n<script type=\"application\/ld+json\" class=\"yoast-schema-graph\">{\"@context\":\"https:\\\/\\\/schema.org\",\"@graph\":[{\"@type\":\"NewsArticle\",\"@id\":\"https:\\\/\\\/www.apfelpatient.de\\\/rumors\\\/m5-ipad-pro-startet-ende-2025-in-die-serienproduktion#article\",\"isPartOf\":{\"@id\":\"https:\\\/\\\/www.apfelpatient.de\\\/rumors\\\/m5-ipad-pro-startet-ende-2025-in-die-serienproduktion\"},\"author\":{\"@type\":\"Organization\",\"@id\":\"https:\\\/\\\/www.apfelpatient.de\\\/en\\\/#organization\",\"name\":\"Apfelpatient\",\"url\":\"https:\\\/\\\/www.apfelpatient.de\\\/en\\\/\"},\"headline\":\"M5 iPad Pro startet Ende 2025 in die Serienproduktion\",\"datePublished\":\"2024-12-04T22:26:06+00:00\",\"dateModified\":\"2024-12-04T22:26:23+00:00\",\"mainEntityOfPage\":{\"@id\":\"https:\\\/\\\/www.apfelpatient.de\\\/rumors\\\/m5-ipad-pro-startet-ende-2025-in-die-serienproduktion\"},\"wordCount\":479,\"publisher\":{\"@type\":\"Organization\",\"@id\":\"https:\\\/\\\/www.apfelpatient.de\\\/en\\\/#organization\",\"name\":\"Apfelpatient\",\"url\":\"https:\\\/\\\/www.apfelpatient.de\\\/en\\\/\"},\"image\":{\"@id\":\"https:\\\/\\\/www.apfelpatient.de\\\/rumors\\\/m5-ipad-pro-startet-ende-2025-in-die-serienproduktion#primaryimage\"},\"thumbnailUrl\":\"https:\\\/\\\/www.apfelpatient.de\\\/wp-content\\\/uploads\\\/2024\\\/12\\\/Apple-iPad-Pro-thin-profile-240507.jpg\",\"keywords\":[\"iPad\",\"iPad Pro\"],\"articleSection\":\"Rumors\",\"inLanguage\":\"en-US\",\"copyrightYear\":\"2024\",\"copyrightHolder\":{\"@id\":\"https:\\\/\\\/www.apfelpatient.de\\\/en\\\/#organization\"}},{\"@type\":\"WebPage\",\"@id\":\"https:\\\/\\\/www.apfelpatient.de\\\/rumors\\\/m5-ipad-pro-startet-ende-2025-in-die-serienproduktion\",\"url\":\"https:\\\/\\\/www.apfelpatient.de\\\/rumors\\\/m5-ipad-pro-startet-ende-2025-in-die-serienproduktion\",\"name\":\"M5 iPad Pro startet Ende 2025 in die Serienproduktion Apfelpatient\",\"isPartOf\":{\"@id\":\"https:\\\/\\\/www.apfelpatient.de\\\/#website\"},\"primaryImageOfPage\":{\"@id\":\"https:\\\/\\\/www.apfelpatient.de\\\/rumors\\\/m5-ipad-pro-startet-ende-2025-in-die-serienproduktion#primaryimage\"},\"image\":{\"@id\":\"https:\\\/\\\/www.apfelpatient.de\\\/rumors\\\/m5-ipad-pro-startet-ende-2025-in-die-serienproduktion#primaryimage\"},\"thumbnailUrl\":\"https:\\\/\\\/www.apfelpatient.de\\\/wp-content\\\/uploads\\\/2024\\\/12\\\/Apple-iPad-Pro-thin-profile-240507.jpg\",\"datePublished\":\"2024-12-04T22:26:06+00:00\",\"dateModified\":\"2024-12-04T22:26:23+00:00\",\"description\":\"M5 iPad Pro: Apple startet Ende 2025 die Produktion des leistungsstarken Tablets mit innovativem M5-Chip und mehr.\",\"breadcrumb\":{\"@id\":\"https:\\\/\\\/www.apfelpatient.de\\\/rumors\\\/m5-ipad-pro-startet-ende-2025-in-die-serienproduktion#breadcrumb\"},\"inLanguage\":\"en-US\",\"potentialAction\":[{\"@type\":\"ReadAction\",\"target\":[\"https:\\\/\\\/www.apfelpatient.de\\\/rumors\\\/m5-ipad-pro-startet-ende-2025-in-die-serienproduktion\"]}]},{\"@type\":\"ImageObject\",\"inLanguage\":\"en-US\",\"@id\":\"https:\\\/\\\/www.apfelpatient.de\\\/rumors\\\/m5-ipad-pro-startet-ende-2025-in-die-serienproduktion#primaryimage\",\"url\":\"https:\\\/\\\/www.apfelpatient.de\\\/wp-content\\\/uploads\\\/2024\\\/12\\\/Apple-iPad-Pro-thin-profile-240507.jpg\",\"contentUrl\":\"https:\\\/\\\/www.apfelpatient.de\\\/wp-content\\\/uploads\\\/2024\\\/12\\\/Apple-iPad-Pro-thin-profile-240507.jpg\",\"width\":1600,\"height\":900,\"caption\":\"Bild: Apple\"},{\"@type\":\"BreadcrumbList\",\"@id\":\"https:\\\/\\\/www.apfelpatient.de\\\/rumors\\\/m5-ipad-pro-startet-ende-2025-in-die-serienproduktion#breadcrumb\",\"itemListElement\":[{\"@type\":\"ListItem\",\"position\":1,\"name\":\"Startseite\",\"item\":\"https:\\\/\\\/www.apfelpatient.de\\\/\"},{\"@type\":\"ListItem\",\"position\":2,\"name\":\"M5 iPad Pro startet Ende 2025 in die Serienproduktion\"}]},{\"@type\":\"WebSite\",\"@id\":\"https:\\\/\\\/www.apfelpatient.de\\\/#website\",\"url\":\"https:\\\/\\\/www.apfelpatient.de\\\/\",\"name\":\"Apfelpatient\",\"description\":\"Alles rund um Apple!\",\"publisher\":{\"@type\":\"Organization\",\"@id\":\"https:\\\/\\\/www.apfelpatient.de\\\/en\\\/#organization\",\"name\":\"Apfelpatient\",\"url\":\"https:\\\/\\\/www.apfelpatient.de\\\/en\\\/\"},\"alternateName\":\"Apfelpatient\",\"potentialAction\":[{\"@type\":\"SearchAction\",\"target\":{\"@type\":\"EntryPoint\",\"urlTemplate\":\"https:\\\/\\\/www.apfelpatient.de\\\/?s={search_term_string}\"},\"query-input\":{\"@type\":\"PropertyValueSpecification\",\"valueRequired\":true,\"valueName\":\"search_term_string\"}}],\"inLanguage\":\"en-US\"},{\"@type\":[\"Person\",\"Organization\"],\"@id\":\"https:\\\/\\\/www.apfelpatient.de\\\/#\\\/schema\\\/person\\\/7dc56ad6c8e9824b76d2c08d4c140e13\",\"name\":\"Milan\",\"logo\":{\"@id\":\"https:\\\/\\\/www.apfelpatient.de\\\/#\\\/schema\\\/person\\\/image\\\/\"},\"description\":\"Hallo und herzlich willkommen auf meinem Technik-Blog! Als gro\u00dfer Apple-Fan berichte ich hier \u00fcber alles, was mit Apple zu tun hat: von den neuesten News und spannenden Ger\u00fcchten \u00fcber hilfreiche Tipps und Tricks bis hin zu ausf\u00fchrlichen Produkttests. Wenn du genauso technikbegeistert bist wie ich, bist du hier genau richtig!\",\"sameAs\":[\"https:\\\/\\\/www.facebook.com\\\/apfelpatientOfficial\",\"https:\\\/\\\/www.linkedin.com\\\/in\\\/milan-jovicic-42aa0231b\"],\"url\":\"https:\\\/\\\/www.apfelpatient.de\\\/en\\\/author\\\/apfeladmin\"}]}<\/script>\n<!-- \/ Yoast SEO Premium plugin. -->","yoast_head_json":{"title":"M5 iPad Pro will go into series production at the end of 2025 Apfelpatient","description":"M5 iPad Pro: Apple will start production of the powerful tablet with innovative M5 chip and more at the end of 2025.","robots":{"index":"index","follow":"follow","max-snippet":"max-snippet:-1","max-image-preview":"max-image-preview:large","max-video-preview":"max-video-preview:-1"},"canonical":"https:\/\/www.apfelpatient.de\/en\/rumors\/m5-ipad-pro-starts-series-production-at-the-end-of-2025","og_locale":"en_US","og_type":"article","og_title":"M5 iPad Pro startet Ende 2025 in die Serienproduktion","og_description":"M5 iPad Pro: Apple startet Ende 2025 die Produktion des leistungsstarken Tablets mit innovativem M5-Chip und mehr.","og_url":"https:\/\/www.apfelpatient.de\/en\/rumors\/m5-ipad-pro-starts-series-production-at-the-end-of-2025","og_site_name":"Apfelpatient","article_publisher":"https:\/\/www.facebook.com\/apfelpatientOfficial","article_author":"https:\/\/www.facebook.com\/apfelpatientOfficial","article_published_time":"2024-12-04T22:26:06+00:00","article_modified_time":"2024-12-04T22:26:23+00:00","og_image":[{"width":1600,"height":900,"url":"https:\/\/www.apfelpatient.de\/wp-content\/uploads\/2024\/12\/Apple-iPad-Pro-thin-profile-240507.jpg","type":"image\/jpeg"}],"author":"Milan","twitter_card":"summary_large_image","twitter_description":"M5 iPad Pro: Apple startet Ende 2025 die Produktion des leistungsstarken Tablets mit innovativem M5-Chip und mehr.","twitter_misc":{"Written by":"Milan","Est. reading time":"3 minutes"},"schema":{"@context":"https:\/\/schema.org","@graph":[{"@type":"NewsArticle","@id":"https:\/\/www.apfelpatient.de\/rumors\/m5-ipad-pro-startet-ende-2025-in-die-serienproduktion#article","isPartOf":{"@id":"https:\/\/www.apfelpatient.de\/rumors\/m5-ipad-pro-startet-ende-2025-in-die-serienproduktion"},"author":{"@type":"Organization","@id":"https:\/\/www.apfelpatient.de\/en\/#organization","name":"Apfelpatient","url":"https:\/\/www.apfelpatient.de\/en\/"},"headline":"M5 iPad Pro startet Ende 2025 in die Serienproduktion","datePublished":"2024-12-04T22:26:06+00:00","dateModified":"2024-12-04T22:26:23+00:00","mainEntityOfPage":{"@id":"https:\/\/www.apfelpatient.de\/rumors\/m5-ipad-pro-startet-ende-2025-in-die-serienproduktion"},"wordCount":479,"publisher":{"@type":"Organization","@id":"https:\/\/www.apfelpatient.de\/en\/#organization","name":"Apfelpatient","url":"https:\/\/www.apfelpatient.de\/en\/"},"image":{"@id":"https:\/\/www.apfelpatient.de\/rumors\/m5-ipad-pro-startet-ende-2025-in-die-serienproduktion#primaryimage"},"thumbnailUrl":"https:\/\/www.apfelpatient.de\/wp-content\/uploads\/2024\/12\/Apple-iPad-Pro-thin-profile-240507.jpg","keywords":["iPad","iPad Pro"],"articleSection":"Rumors","inLanguage":"en-US","copyrightYear":"2024","copyrightHolder":{"@id":"https:\/\/www.apfelpatient.de\/en\/#organization"}},{"@type":"WebPage","@id":"https:\/\/www.apfelpatient.de\/rumors\/m5-ipad-pro-startet-ende-2025-in-die-serienproduktion","url":"https:\/\/www.apfelpatient.de\/rumors\/m5-ipad-pro-startet-ende-2025-in-die-serienproduktion","name":"M5 iPad Pro will go into series production at the end of 2025 Apfelpatient","isPartOf":{"@id":"https:\/\/www.apfelpatient.de\/#website"},"primaryImageOfPage":{"@id":"https:\/\/www.apfelpatient.de\/rumors\/m5-ipad-pro-startet-ende-2025-in-die-serienproduktion#primaryimage"},"image":{"@id":"https:\/\/www.apfelpatient.de\/rumors\/m5-ipad-pro-startet-ende-2025-in-die-serienproduktion#primaryimage"},"thumbnailUrl":"https:\/\/www.apfelpatient.de\/wp-content\/uploads\/2024\/12\/Apple-iPad-Pro-thin-profile-240507.jpg","datePublished":"2024-12-04T22:26:06+00:00","dateModified":"2024-12-04T22:26:23+00:00","description":"M5 iPad Pro: Apple will start production of the powerful tablet with innovative M5 chip and more at the end of 2025.","breadcrumb":{"@id":"https:\/\/www.apfelpatient.de\/rumors\/m5-ipad-pro-startet-ende-2025-in-die-serienproduktion#breadcrumb"},"inLanguage":"en-US","potentialAction":[{"@type":"ReadAction","target":["https:\/\/www.apfelpatient.de\/rumors\/m5-ipad-pro-startet-ende-2025-in-die-serienproduktion"]}]},{"@type":"ImageObject","inLanguage":"en-US","@id":"https:\/\/www.apfelpatient.de\/rumors\/m5-ipad-pro-startet-ende-2025-in-die-serienproduktion#primaryimage","url":"https:\/\/www.apfelpatient.de\/wp-content\/uploads\/2024\/12\/Apple-iPad-Pro-thin-profile-240507.jpg","contentUrl":"https:\/\/www.apfelpatient.de\/wp-content\/uploads\/2024\/12\/Apple-iPad-Pro-thin-profile-240507.jpg","width":1600,"height":900,"caption":"Bild: Apple"},{"@type":"BreadcrumbList","@id":"https:\/\/www.apfelpatient.de\/rumors\/m5-ipad-pro-startet-ende-2025-in-die-serienproduktion#breadcrumb","itemListElement":[{"@type":"ListItem","position":1,"name":"Startseite","item":"https:\/\/www.apfelpatient.de\/"},{"@type":"ListItem","position":2,"name":"M5 iPad Pro startet Ende 2025 in die Serienproduktion"}]},{"@type":"WebSite","@id":"https:\/\/www.apfelpatient.de\/#website","url":"https:\/\/www.apfelpatient.de\/","name":"apple patient","description":"Everything about Apple!","publisher":{"@type":"Organization","@id":"https:\/\/www.apfelpatient.de\/en\/#organization","name":"Apfelpatient","url":"https:\/\/www.apfelpatient.de\/en\/"},"alternateName":"Apfelpatient","potentialAction":[{"@type":"SearchAction","target":{"@type":"EntryPoint","urlTemplate":"https:\/\/www.apfelpatient.de\/?s={search_term_string}"},"query-input":{"@type":"PropertyValueSpecification","valueRequired":true,"valueName":"search_term_string"}}],"inLanguage":"en-US"},{"@type":["Person","Organization"],"@id":"https:\/\/www.apfelpatient.de\/#\/schema\/person\/7dc56ad6c8e9824b76d2c08d4c140e13","name":"Milan","logo":{"@id":"https:\/\/www.apfelpatient.de\/#\/schema\/person\/image\/"},"description":"Hello and welcome to my technology blog! As a big Apple fan, I report on everything to do with Apple: from the latest news and exciting rumors to helpful tips and tricks and detailed product tests. If you are as enthusiastic about technology as I am, you have come to the right place!","sameAs":["https:\/\/www.facebook.com\/apfelpatientOfficial","https:\/\/www.linkedin.com\/in\/milan-jovicic-42aa0231b"],"url":"https:\/\/www.apfelpatient.de\/en\/author\/apfeladmin"}]}},"_links":{"self":[{"href":"https:\/\/www.apfelpatient.de\/en\/wp-json\/wp\/v2\/posts\/48358","targetHints":{"allow":["GET"]}}],"collection":[{"href":"https:\/\/www.apfelpatient.de\/en\/wp-json\/wp\/v2\/posts"}],"about":[{"href":"https:\/\/www.apfelpatient.de\/en\/wp-json\/wp\/v2\/types\/post"}],"author":[{"embeddable":true,"href":"https:\/\/www.apfelpatient.de\/en\/wp-json\/wp\/v2\/users\/2"}],"replies":[{"embeddable":true,"href":"https:\/\/www.apfelpatient.de\/en\/wp-json\/wp\/v2\/comments?post=48358"}],"version-history":[{"count":0,"href":"https:\/\/www.apfelpatient.de\/en\/wp-json\/wp\/v2\/posts\/48358\/revisions"}],"wp:featuredmedia":[{"embeddable":true,"href":"https:\/\/www.apfelpatient.de\/en\/wp-json\/wp\/v2\/media\/48357"}],"wp:attachment":[{"href":"https:\/\/www.apfelpatient.de\/en\/wp-json\/wp\/v2\/media?parent=48358"}],"wp:term":[{"taxonomy":"category","embeddable":true,"href":"https:\/\/www.apfelpatient.de\/en\/wp-json\/wp\/v2\/categories?post=48358"},{"taxonomy":"post_tag","embeddable":true,"href":"https:\/\/www.apfelpatient.de\/en\/wp-json\/wp\/v2\/tags?post=48358"}],"curies":[{"name":"wp","href":"https:\/\/api.w.org\/{rel}","templated":true}]}}