{"id":4835,"date":"2019-06-20T16:12:42","date_gmt":"2019-06-20T14:12:42","guid":{"rendered":"https:\/\/www.apfelpatient.de\/?p=4835"},"modified":"2025-02-06T07:30:29","modified_gmt":"2025-02-06T06:30:29","slug":"samsung-galaxy-fold-reportedly-ready-for-market-launch","status":"publish","type":"post","link":"https:\/\/www.apfelpatient.de\/en\/news\/samsung-galaxy-fold-angeblich-bereit-fuer-den-marktstart","title":{"rendered":"Samsung Galaxy Fold \u2013 allegedly ready for market launch"},"content":{"rendered":"<p><strong>The generation of folding smartphones has begun - one of the first models was the Samsung Galaxy Fold. But this turned into a PR debacle even before it was launched on the market. Now, according to Samsung, it is ready for the market - but the announcement raises doubts.<\/strong><\/p>\n<p>In February, Samsung introduced its folding smartphone, the Samsung Galaxy Fold \u2013 the world&#039;s first, is said to cost a whopping $2,000. The device has a 4.6&quot; external display \u2013 when the smartphone is opened, the user can enjoy a total of 7.3&quot; OLED screen. Inside is a processor with eight cores \u2013 a whopping 12 GB RAM and 512 GB storage capacity \u2013 actually a high-end smartphone if it weren&#039;t for the problem with the display. The company was forced to <a href=\"https:\/\/www.apfelpatient.de\/en\">market launch<\/a> to be postponed after the first test devices failed in series due to various display problems. Since then, the Korean-based company has been working on improving durability, including sealing against foreign objects.<\/p>\n<p><strong>statement raises doubts<\/strong><\/p>\n<p>&quot;Most of the display issues have been resolved and the Galaxy Fold is finally ready to hit the market.&quot; That&#039;s what Samsung&#039;s vice president Kim Seong-Cheol claimed at an event in Seoul earlier this week, according to the Korea Herald. The company itself has not yet announced an official release date, although it has repeatedly promised news &quot;in the coming weeks.&quot;<\/p>\n<p class=\"p1\"><\/p>\n<p>The interesting thing about the statement are the words &quot;Most display problems have been eliminated&quot; - and what about the remaining ones? Many observers continue to doubt that the Samsung Galaxy Fold is ready for the market. Whether the device will really be successful remains doubtful - let&#039;s wait and see. It is still unclear whether Apple will ever release a foldable iPhone, but there are <a href=\"https:\/\/www.apfelpatient.de\/en\">patents<\/a>that confirm Apple&#039;s research into such technology. <em>(Image: Samsung)<\/em><\/p>\n<h6><a href=\"https:\/\/t.me\/apfelpatient_official\"><em><strong>Don&#039;t want to miss any more news? Then subscribe to our Telegram channel here<\/strong><\/em><\/a><\/h6>","protected":false},"excerpt":{"rendered":"<p>Die Generation der Falt-Smartphones wurde eingel\u00e4utet \u2013 eines der ersten Modelle war das Samsung Galaxy Fold. Doch dieses entwickelte sich noch vor dem Marktstart zu einem PR-Debakel. Nun soll es Samsung zufolge bereit f\u00fcr den Markt sein &#8211; die Mitteilung l\u00e4sst jedoch zweifeln. Im Februar hat Samsung sein Falt-Smartphone Samsung Galaxy Fold vorgestellt \u2013 satte [&hellip;]<\/p>\n","protected":false},"author":2,"featured_media":0,"comment_status":"open","ping_status":"open","sticky":false,"template":"","format":"standard","meta":{"jnews-multi-image_gallery":[],"jnews_single_post":{"subtitle":"","format":"standard","video":"","gallery":"","source_name":"","source_url":"","via_name":"","via_url":"","override":[{"single_blog_custom":"","sidebar":"","second_sidebar":"","share_position":"","share_float_style":"","post_date_format":"","post_date_format_custom":"","post_reading_time_wpm":"","zoom_button_out_step":"1","zoom_button_in_step":"1","number_popup_post":"1"}],"image_override":[{"single_post_thumbnail_size":"","single_post_gallery_size":""}],"trending_post_position":"","trending_post_label":"","sponsored_post_label":"","sponsored_post_name":"","sponsored_post_url":"","sponsored_post_logo":"","sponsored_post_desc":""},"jnews_primary_category":{"id":""},"footnotes":""},"categories":[9],"tags":[42,13],"class_list":["post-4835","post","type-post","status-publish","format-standard","hentry","category-news","tag-samsung","tag-techpatient"],"yoast_head":"<!-- This site is optimized with the Yoast SEO Premium plugin v27.5 (Yoast SEO v27.5) - https:\/\/yoast.com\/product\/yoast-seo-premium-wordpress\/ -->\n<title>Samsung Galaxy Fold - angeblich bereit f\u00fcr den Marktstart Apfelpatient<\/title>\n<meta name=\"description\" content=\"- Die Generation der Falt-Smartphones wurde eingel\u00e4utet \u2013 eines der ersten Modelle war das Samsung Galaxy Fold. Doch dieses entwickelte sich noch vor dem Marktstart zu einem PR-Debakel. Nun soll es Samsung zufolge bereit f\u00fcr den Markt sein - die Mitteilung l\u00e4sst jedoch zweifeln.\" \/>\n<meta name=\"robots\" content=\"index, follow, max-snippet:-1, max-image-preview:large, max-video-preview:-1\" \/>\n<link rel=\"canonical\" href=\"https:\/\/www.apfelpatient.de\/en\/news\/samsung-galaxy-fold-reportedly-ready-for-market-launch\" \/>\n<meta property=\"og:locale\" content=\"en_US\" \/>\n<meta property=\"og:type\" content=\"article\" \/>\n<meta property=\"og:title\" content=\"Samsung Galaxy Fold - angeblich bereit f\u00fcr den Marktstart\" \/>\n<meta property=\"og:description\" content=\"- Die Generation der Falt-Smartphones wurde eingel\u00e4utet \u2013 eines der ersten Modelle war das Samsung Galaxy Fold. Doch dieses entwickelte sich noch vor dem Marktstart zu einem PR-Debakel. Nun soll es Samsung zufolge bereit f\u00fcr den Markt sein - die Mitteilung l\u00e4sst jedoch zweifeln.\" \/>\n<meta property=\"og:url\" content=\"https:\/\/www.apfelpatient.de\/en\/news\/samsung-galaxy-fold-reportedly-ready-for-market-launch\" \/>\n<meta property=\"og:site_name\" content=\"Apfelpatient\" \/>\n<meta property=\"article:publisher\" content=\"https:\/\/www.facebook.com\/apfelpatientOfficial\" \/>\n<meta property=\"article:author\" content=\"https:\/\/www.facebook.com\/apfelpatientOfficial\" \/>\n<meta property=\"article:published_time\" content=\"2019-06-20T14:12:42+00:00\" \/>\n<meta property=\"article:modified_time\" content=\"2025-02-06T06:30:29+00:00\" \/>\n<meta property=\"og:image\" content=\"https:\/\/www.apfelpatient.de\/wp-content\/uploads\/2020\/09\/APP_Apfelpatient_RZ.png\" \/>\n\t<meta property=\"og:image:width\" content=\"992\" \/>\n\t<meta property=\"og:image:height\" content=\"992\" \/>\n\t<meta property=\"og:image:type\" content=\"image\/png\" \/>\n<meta name=\"author\" content=\"Milan\" \/>\n<meta name=\"twitter:card\" content=\"summary_large_image\" \/>\n<meta name=\"twitter:label1\" content=\"Written by\" \/>\n\t<meta name=\"twitter:data1\" content=\"Milan\" \/>\n\t<meta name=\"twitter:label2\" content=\"Est. reading time\" \/>\n\t<meta name=\"twitter:data2\" content=\"2 minutes\" \/>\n<script type=\"application\/ld+json\" class=\"yoast-schema-graph\">{\"@context\":\"https:\\\/\\\/schema.org\",\"@graph\":[{\"@type\":\"NewsArticle\",\"@id\":\"https:\\\/\\\/www.apfelpatient.de\\\/news\\\/samsung-galaxy-fold-angeblich-bereit-fuer-den-marktstart#article\",\"isPartOf\":{\"@id\":\"https:\\\/\\\/www.apfelpatient.de\\\/news\\\/samsung-galaxy-fold-angeblich-bereit-fuer-den-marktstart\"},\"author\":{\"@type\":\"Organization\",\"@id\":\"https:\\\/\\\/www.apfelpatient.de\\\/en\\\/#organization\",\"name\":\"Apfelpatient\",\"url\":\"https:\\\/\\\/www.apfelpatient.de\\\/en\\\/\"},\"headline\":\"Samsung Galaxy Fold &#8211; angeblich bereit f\u00fcr den Marktstart\",\"datePublished\":\"2019-06-20T14:12:42+00:00\",\"dateModified\":\"2025-02-06T06:30:29+00:00\",\"mainEntityOfPage\":{\"@id\":\"https:\\\/\\\/www.apfelpatient.de\\\/news\\\/samsung-galaxy-fold-angeblich-bereit-fuer-den-marktstart\"},\"wordCount\":315,\"commentCount\":0,\"publisher\":{\"@type\":\"Organization\",\"@id\":\"https:\\\/\\\/www.apfelpatient.de\\\/en\\\/#organization\",\"name\":\"Apfelpatient\",\"url\":\"https:\\\/\\\/www.apfelpatient.de\\\/en\\\/\"},\"keywords\":[\"Samsung\",\"TechPatient\"],\"articleSection\":\"News\",\"inLanguage\":\"en-US\",\"potentialAction\":[{\"@type\":\"CommentAction\",\"name\":\"Comment\",\"target\":[\"https:\\\/\\\/www.apfelpatient.de\\\/news\\\/samsung-galaxy-fold-angeblich-bereit-fuer-den-marktstart#respond\"]}],\"copyrightYear\":\"2019\",\"copyrightHolder\":{\"@id\":\"https:\\\/\\\/www.apfelpatient.de\\\/en\\\/#organization\"}},{\"@type\":\"WebPage\",\"@id\":\"https:\\\/\\\/www.apfelpatient.de\\\/news\\\/samsung-galaxy-fold-angeblich-bereit-fuer-den-marktstart\",\"url\":\"https:\\\/\\\/www.apfelpatient.de\\\/news\\\/samsung-galaxy-fold-angeblich-bereit-fuer-den-marktstart\",\"name\":\"Samsung Galaxy Fold - angeblich bereit f\u00fcr den Marktstart Apfelpatient\",\"isPartOf\":{\"@id\":\"https:\\\/\\\/www.apfelpatient.de\\\/#website\"},\"datePublished\":\"2019-06-20T14:12:42+00:00\",\"dateModified\":\"2025-02-06T06:30:29+00:00\",\"description\":\"- Die Generation der Falt-Smartphones wurde eingel\u00e4utet \u2013 eines der ersten Modelle war das Samsung Galaxy Fold. Doch dieses entwickelte sich noch vor dem Marktstart zu einem PR-Debakel. Nun soll es Samsung zufolge bereit f\u00fcr den Markt sein - die Mitteilung l\u00e4sst jedoch zweifeln.\",\"breadcrumb\":{\"@id\":\"https:\\\/\\\/www.apfelpatient.de\\\/news\\\/samsung-galaxy-fold-angeblich-bereit-fuer-den-marktstart#breadcrumb\"},\"inLanguage\":\"en-US\",\"potentialAction\":[{\"@type\":\"ReadAction\",\"target\":[\"https:\\\/\\\/www.apfelpatient.de\\\/news\\\/samsung-galaxy-fold-angeblich-bereit-fuer-den-marktstart\"]}]},{\"@type\":\"BreadcrumbList\",\"@id\":\"https:\\\/\\\/www.apfelpatient.de\\\/news\\\/samsung-galaxy-fold-angeblich-bereit-fuer-den-marktstart#breadcrumb\",\"itemListElement\":[{\"@type\":\"ListItem\",\"position\":1,\"name\":\"Startseite\",\"item\":\"https:\\\/\\\/www.apfelpatient.de\\\/\"},{\"@type\":\"ListItem\",\"position\":2,\"name\":\"Samsung Galaxy Fold &#8211; angeblich bereit f\u00fcr den Marktstart\"}]},{\"@type\":\"WebSite\",\"@id\":\"https:\\\/\\\/www.apfelpatient.de\\\/#website\",\"url\":\"https:\\\/\\\/www.apfelpatient.de\\\/\",\"name\":\"Apfelpatient\",\"description\":\"Alles rund um Apple!\",\"publisher\":{\"@type\":\"Organization\",\"@id\":\"https:\\\/\\\/www.apfelpatient.de\\\/en\\\/#organization\",\"name\":\"Apfelpatient\",\"url\":\"https:\\\/\\\/www.apfelpatient.de\\\/en\\\/\"},\"alternateName\":\"Apfelpatient\",\"potentialAction\":[{\"@type\":\"SearchAction\",\"target\":{\"@type\":\"EntryPoint\",\"urlTemplate\":\"https:\\\/\\\/www.apfelpatient.de\\\/?s={search_term_string}\"},\"query-input\":{\"@type\":\"PropertyValueSpecification\",\"valueRequired\":true,\"valueName\":\"search_term_string\"}}],\"inLanguage\":\"en-US\"},{\"@type\":[\"Person\",\"Organization\"],\"@id\":\"https:\\\/\\\/www.apfelpatient.de\\\/#\\\/schema\\\/person\\\/7dc56ad6c8e9824b76d2c08d4c140e13\",\"name\":\"Milan\",\"logo\":{\"@id\":\"https:\\\/\\\/www.apfelpatient.de\\\/#\\\/schema\\\/person\\\/image\\\/\"},\"description\":\"Hallo und herzlich willkommen auf meinem Technik-Blog! Als gro\u00dfer Apple-Fan berichte ich hier \u00fcber alles, was mit Apple zu tun hat: von den neuesten News und spannenden Ger\u00fcchten \u00fcber hilfreiche Tipps und Tricks bis hin zu ausf\u00fchrlichen Produkttests. Wenn du genauso technikbegeistert bist wie ich, bist du hier genau richtig!\",\"sameAs\":[\"https:\\\/\\\/www.facebook.com\\\/apfelpatientOfficial\",\"https:\\\/\\\/www.linkedin.com\\\/in\\\/milan-jovicic-42aa0231b\"],\"url\":\"https:\\\/\\\/www.apfelpatient.de\\\/en\\\/author\\\/apfeladmin\"}]}<\/script>\n<!-- \/ Yoast SEO Premium plugin. -->","yoast_head_json":{"title":"Samsung Galaxy Fold - allegedly ready for market launch Apfelpatient","description":"- The generation of folding smartphones has begun - one of the first models was the Samsung Galaxy Fold. But this turned into a PR debacle even before it was launched on the market. Now, according to Samsung, it is ready for the market - but the announcement raises doubts.","robots":{"index":"index","follow":"follow","max-snippet":"max-snippet:-1","max-image-preview":"max-image-preview:large","max-video-preview":"max-video-preview:-1"},"canonical":"https:\/\/www.apfelpatient.de\/en\/news\/samsung-galaxy-fold-reportedly-ready-for-market-launch","og_locale":"en_US","og_type":"article","og_title":"Samsung Galaxy Fold - angeblich bereit f\u00fcr den Marktstart","og_description":"- Die Generation der Falt-Smartphones wurde eingel\u00e4utet \u2013 eines der ersten Modelle war das Samsung Galaxy Fold. Doch dieses entwickelte sich noch vor dem Marktstart zu einem PR-Debakel. Nun soll es Samsung zufolge bereit f\u00fcr den Markt sein - die Mitteilung l\u00e4sst jedoch zweifeln.","og_url":"https:\/\/www.apfelpatient.de\/en\/news\/samsung-galaxy-fold-reportedly-ready-for-market-launch","og_site_name":"Apfelpatient","article_publisher":"https:\/\/www.facebook.com\/apfelpatientOfficial","article_author":"https:\/\/www.facebook.com\/apfelpatientOfficial","article_published_time":"2019-06-20T14:12:42+00:00","article_modified_time":"2025-02-06T06:30:29+00:00","og_image":[{"width":992,"height":992,"url":"https:\/\/www.apfelpatient.de\/wp-content\/uploads\/2020\/09\/APP_Apfelpatient_RZ.png","type":"image\/png"}],"author":"Milan","twitter_card":"summary_large_image","twitter_misc":{"Written by":"Milan","Est. reading time":"2 minutes"},"schema":{"@context":"https:\/\/schema.org","@graph":[{"@type":"NewsArticle","@id":"https:\/\/www.apfelpatient.de\/news\/samsung-galaxy-fold-angeblich-bereit-fuer-den-marktstart#article","isPartOf":{"@id":"https:\/\/www.apfelpatient.de\/news\/samsung-galaxy-fold-angeblich-bereit-fuer-den-marktstart"},"author":{"@type":"Organization","@id":"https:\/\/www.apfelpatient.de\/en\/#organization","name":"Apfelpatient","url":"https:\/\/www.apfelpatient.de\/en\/"},"headline":"Samsung Galaxy Fold &#8211; angeblich bereit f\u00fcr den Marktstart","datePublished":"2019-06-20T14:12:42+00:00","dateModified":"2025-02-06T06:30:29+00:00","mainEntityOfPage":{"@id":"https:\/\/www.apfelpatient.de\/news\/samsung-galaxy-fold-angeblich-bereit-fuer-den-marktstart"},"wordCount":315,"commentCount":0,"publisher":{"@type":"Organization","@id":"https:\/\/www.apfelpatient.de\/en\/#organization","name":"Apfelpatient","url":"https:\/\/www.apfelpatient.de\/en\/"},"keywords":["Samsung","TechPatient"],"articleSection":"News","inLanguage":"en-US","potentialAction":[{"@type":"CommentAction","name":"Comment","target":["https:\/\/www.apfelpatient.de\/news\/samsung-galaxy-fold-angeblich-bereit-fuer-den-marktstart#respond"]}],"copyrightYear":"2019","copyrightHolder":{"@id":"https:\/\/www.apfelpatient.de\/en\/#organization"}},{"@type":"WebPage","@id":"https:\/\/www.apfelpatient.de\/news\/samsung-galaxy-fold-angeblich-bereit-fuer-den-marktstart","url":"https:\/\/www.apfelpatient.de\/news\/samsung-galaxy-fold-angeblich-bereit-fuer-den-marktstart","name":"Samsung Galaxy Fold - allegedly ready for market launch Apfelpatient","isPartOf":{"@id":"https:\/\/www.apfelpatient.de\/#website"},"datePublished":"2019-06-20T14:12:42+00:00","dateModified":"2025-02-06T06:30:29+00:00","description":"- The generation of folding smartphones has begun - one of the first models was the Samsung Galaxy Fold. But this turned into a PR debacle even before it was launched on the market. Now, according to Samsung, it is ready for the market - but the announcement raises doubts.","breadcrumb":{"@id":"https:\/\/www.apfelpatient.de\/news\/samsung-galaxy-fold-angeblich-bereit-fuer-den-marktstart#breadcrumb"},"inLanguage":"en-US","potentialAction":[{"@type":"ReadAction","target":["https:\/\/www.apfelpatient.de\/news\/samsung-galaxy-fold-angeblich-bereit-fuer-den-marktstart"]}]},{"@type":"BreadcrumbList","@id":"https:\/\/www.apfelpatient.de\/news\/samsung-galaxy-fold-angeblich-bereit-fuer-den-marktstart#breadcrumb","itemListElement":[{"@type":"ListItem","position":1,"name":"Startseite","item":"https:\/\/www.apfelpatient.de\/"},{"@type":"ListItem","position":2,"name":"Samsung Galaxy Fold &#8211; angeblich bereit f\u00fcr den Marktstart"}]},{"@type":"WebSite","@id":"https:\/\/www.apfelpatient.de\/#website","url":"https:\/\/www.apfelpatient.de\/","name":"apple patient","description":"Everything about Apple!","publisher":{"@type":"Organization","@id":"https:\/\/www.apfelpatient.de\/en\/#organization","name":"Apfelpatient","url":"https:\/\/www.apfelpatient.de\/en\/"},"alternateName":"Apfelpatient","potentialAction":[{"@type":"SearchAction","target":{"@type":"EntryPoint","urlTemplate":"https:\/\/www.apfelpatient.de\/?s={search_term_string}"},"query-input":{"@type":"PropertyValueSpecification","valueRequired":true,"valueName":"search_term_string"}}],"inLanguage":"en-US"},{"@type":["Person","Organization"],"@id":"https:\/\/www.apfelpatient.de\/#\/schema\/person\/7dc56ad6c8e9824b76d2c08d4c140e13","name":"Milan","logo":{"@id":"https:\/\/www.apfelpatient.de\/#\/schema\/person\/image\/"},"description":"Hello and welcome to my technology blog! As a big Apple fan, I report on everything to do with Apple: from the latest news and exciting rumors to helpful tips and tricks and detailed product tests. If you are as enthusiastic about technology as I am, you have come to the right place!","sameAs":["https:\/\/www.facebook.com\/apfelpatientOfficial","https:\/\/www.linkedin.com\/in\/milan-jovicic-42aa0231b"],"url":"https:\/\/www.apfelpatient.de\/en\/author\/apfeladmin"}]}},"_links":{"self":[{"href":"https:\/\/www.apfelpatient.de\/en\/wp-json\/wp\/v2\/posts\/4835","targetHints":{"allow":["GET"]}}],"collection":[{"href":"https:\/\/www.apfelpatient.de\/en\/wp-json\/wp\/v2\/posts"}],"about":[{"href":"https:\/\/www.apfelpatient.de\/en\/wp-json\/wp\/v2\/types\/post"}],"author":[{"embeddable":true,"href":"https:\/\/www.apfelpatient.de\/en\/wp-json\/wp\/v2\/users\/2"}],"replies":[{"embeddable":true,"href":"https:\/\/www.apfelpatient.de\/en\/wp-json\/wp\/v2\/comments?post=4835"}],"version-history":[{"count":0,"href":"https:\/\/www.apfelpatient.de\/en\/wp-json\/wp\/v2\/posts\/4835\/revisions"}],"wp:attachment":[{"href":"https:\/\/www.apfelpatient.de\/en\/wp-json\/wp\/v2\/media?parent=4835"}],"wp:term":[{"taxonomy":"category","embeddable":true,"href":"https:\/\/www.apfelpatient.de\/en\/wp-json\/wp\/v2\/categories?post=4835"},{"taxonomy":"post_tag","embeddable":true,"href":"https:\/\/www.apfelpatient.de\/en\/wp-json\/wp\/v2\/tags?post=4835"}],"curies":[{"name":"wp","href":"https:\/\/api.w.org\/{rel}","templated":true}]}}