{"id":48300,"date":"2024-12-02T19:07:05","date_gmt":"2024-12-02T18:07:05","guid":{"rendered":"https:\/\/www.apfelpatient.de\/?p=48300"},"modified":"2024-12-02T19:07:05","modified_gmt":"2024-12-02T18:07:05","slug":"apple-in-the-crossfire-employee-makes-serious-allegations","status":"publish","type":"post","link":"https:\/\/www.apfelpatient.de\/en\/news\/apple-im-kreuzfeuer-mitarbeiter-erhebt-schwere-anschuldigungen","title":{"rendered":"Apple under fire: Employee makes serious allegations"},"content":{"rendered":"<p class=\"has-drop-cap\"><strong>Apple, the tech giant from Cupertino, stands for data protection and data security like no other company. But a recently filed case casts a shadow on this self-portrayal. An employee is suing the company and making serious allegations: Apple monitors its own employees, both during working hours and in their private lives. How does this fit with Apple&#039;s promise of data protection?<\/strong><\/p>\n\n\n\n<p>Apple has built a reputation as a privacy custodian over the years. From encrypting iPhones to refusing to create backdoors for government agencies, the company presents itself as a leader in data protection. But what happens when these principles are not applied to its own employees? This conflict is precisely at the heart of the current lawsuit by an Apple employee that has sent the industry into turmoil.<\/p>\n\n\n\n<h4 class=\"wp-block-heading\" id=\"h-die-klage-uberwachung-statt-privatsphare\">The lawsuit: surveillance instead of privacy<\/h4>\n\n\n\n<p>Amar Bhakta, an advertising technology employee, has made serious allegations against Apple <a href=\"https:\/\/www.semafor.com\/article\/12\/02\/2024\/employee-lawsuit-accuses-apple-of-spying-on-its-workers\" target=\"_blank\" rel=\"noreferrer noopener\">raised<\/a>In his lawsuit, he describes a system of surveillance that goes far beyond what is necessary for the security of a company. In particular, he makes the following points:<\/p>\n\n\n\n<ul class=\"wp-block-list\">\n<li>Forced use of personal devices: Employees should also use private devices and iCloud accounts for their work. According to Bhakta, this gives Apple access to private data such as emails, photos and notes.<\/li>\n\n\n\n<li>Restrictions on free speech: Bhakta claims that Apple banned him from speaking publicly about his field and even forced him to remove information from his LinkedIn page.<\/li>\n\n\n\n<li>Surveillance outside working hours: Apple should also have access to personal data outside of the office, which, in the plaintiffs&#039; opinion, massively restricts privacy.<\/li>\n<\/ul>\n\n\n\n<h4 class=\"wp-block-heading\" id=\"h-apple-verteidigt-sich-sicherheitsmassnahmen-statt-uberwachung\">Apple defends itself: security measures instead of surveillance<\/h4>\n\n\n\n<p>Apple firmly denies the allegations. In a statement, the company emphasizes that all employees are informed of their rights and that its internal policies explicitly promote the protection of privacy and freedom of expression. The company argues that the use of mobile device management (MDM) and similar technologies does not constitute surveillance but is a necessary means of ensuring the security of sensitive company data. Such systems are standard in the industry and serve to ensure the integrity of networks and devices.<\/p>\n\n\n\n<h4 class=\"wp-block-heading\" id=\"h-ein-balanceakt-unternehmenskontrolle-vs-privatsphare\">A Balancing Act: Corporate Control vs. Privacy<\/h4>\n\n\n\n<p>The lawsuit raises a fundamental question: How much control can a company exercise over its employees?<\/p>\n\n\n\n<ul class=\"wp-block-list\">\n<li>Apple&#039;s position: From Apple&#039;s perspective, it is logical that employees who access confidential company data should also be subject to stricter security measures.<\/li>\n\n\n\n<li>The employee perspective: For many employees, however, the connection of private and work devices represents a potential threat to their own privacy.<\/li>\n<\/ul>\n\n\n\n<p>This conflict is not new but the severity of the allegations and public perception could put Apple in a difficult position.<\/p>\n\n\n\n<h4 class=\"wp-block-heading\" id=\"h-chancen-und-risiken-fur-den-klager\">Opportunities and risks for the plaintiff<\/h4>\n\n\n\n<p>Bhakta is risking a lot with his lawsuit. If he can prove that Apple has actually violated data protection guidelines, the company could be sentenced to heavy fines. But the facts known so far indicate that Bhakta will have a hard time proving his allegations.<\/p>\n\n\n\n<h3 class=\"wp-block-heading\" id=\"h-apple-ein-blick-in-die-zukunft\">Apple: A Look into the Future<\/h3>\n\n\n\n<p>The Bhakta v. Apple case shows how sensitive the issue of data protection is in the modern working world. For Apple, not only is its credibility as a pioneer in data protection at stake, but also the trust of its own employees. Data protection in companies is often a double-edged sword: while companies want to protect their data, they must not violate the privacy of their employees. (Photo by Unsplash \/ Shekai)<\/p>\n\n\n\n<ul class=\"wp-block-list\">\n<li><a href=\"https:\/\/www.apfelpatient.de\/en\/generally\/what-apple-will-bring-in-december-2024-all-updates-at-a-glance\">What Apple is bringing in December 2024: All updates at a glance<\/a><\/li>\n<\/ul>\n\n\n\n<h6 class=\"wp-block-heading translation-block\" id=\"h-kennt-ihr-schon-unsere-amazon-storefront-dort-findet-ihr-eine-handverlesene-auswahl-von-diversen-produkten-f-r-euer-iphone-und-co-viel-spa-beim-st-bern\"><em>Have you already visited our Amazon Storefront? There you&#039;ll find a hand-picked selection of various products for your iPhone and other devices \u2013 <span class=\"has-inline-color has-vivid-red-color\"><a href=\"https:\/\/www.amazon.de\/shop\/apfelpatientofficial\" class=\"ek-link\" data-wpel-link=\"exclude\" rel=\"follow noopener\" target=\"_self\"><span style=\"text-decoration: underline\" class=\"ek-underline\">enjoy browsing<\/span><\/a> !<\/span><\/em><\/h6>\n\n\n\n<h6 class=\"wp-block-heading translation-block\" id=\"h-der-beitrag-enthalt-partnerlinks\">This post contains <a data-type=\"URL\" data-id=\"https:\/\/www.apfelpatient.de\/partnerprogramm\" href=\"https:\/\/www.apfelpatient.de\/en\/partner-program\" data-wpel-link=\"internal\" target=\"_self\">affiliate links<\/a>.<\/h6>","protected":false},"excerpt":{"rendered":"<p>Data protection and privacy at Apple under criticism: Employee complains about surveillance. Find out how Apple is responding to the allegations.<\/p>","protected":false},"author":2,"featured_media":48299,"comment_status":"closed","ping_status":"closed","sticky":false,"template":"","format":"standard","meta":{"jnews-multi-image_gallery":[],"jnews_single_post":{"format":"standard","override":[{"template":"2","parallax":"1","fullscreen":"1","layout":"right-sidebar","sidebar":"default-sidebar","second_sidebar":"default-sidebar","sticky_sidebar":"1","share_position":"top","share_float_style":"share-monocrhome","show_featured":"1","show_post_meta":"1","show_post_author":"1","show_post_author_image":"1","show_post_date":"1","post_date_format":"default","post_date_format_custom":"Y\/m\/d","show_post_category":"1","show_post_reading_time":"0","post_reading_time_wpm":"300","post_calculate_word_method":"str_word_count","show_zoom_button":"0","zoom_button_out_step":"2","zoom_button_in_step":"3","show_post_tag":"1","show_prev_next_post":"1","show_popup_post":"1","number_popup_post":"1","show_author_box":"0","show_post_related":"0","show_inline_post_related":"0"}],"image_override":[{"single_post_thumbnail_size":"crop-500","single_post_gallery_size":"crop-500"}],"trending_post_position":"meta","trending_post_label":"Trending","sponsored_post_label":"Sponsored by","disable_ad":"0"},"jnews_primary_category":{"id":"9"},"footnotes":""},"categories":[9],"tags":[13],"class_list":["post-48300","post","type-post","status-publish","format-standard","has-post-thumbnail","hentry","category-news","tag-techpatient"],"yoast_head":"<!-- This site is optimized with the Yoast SEO Premium plugin v27.5 (Yoast SEO v27.5) - https:\/\/yoast.com\/product\/yoast-seo-premium-wordpress\/ -->\n<title>Apple im Kreuzfeuer: Mitarbeiter erhebt schwere Anschuldigungen Apfelpatient<\/title>\n<meta name=\"description\" content=\"Datenschutz und Privatsph\u00e4re bei Apple in der Kritik: Mitarbeiter klagt \u00fcber \u00dcberwachung. Erfahre, wie Apple auf die Vorw\u00fcrfe reagiert.\" \/>\n<meta name=\"robots\" content=\"index, follow, max-snippet:-1, max-image-preview:large, max-video-preview:-1\" \/>\n<link rel=\"canonical\" href=\"https:\/\/www.apfelpatient.de\/en\/news\/apple-in-the-crossfire-employee-makes-serious-allegations\" \/>\n<meta property=\"og:locale\" content=\"en_US\" \/>\n<meta property=\"og:type\" content=\"article\" \/>\n<meta property=\"og:title\" content=\"Apple im Kreuzfeuer: Mitarbeiter erhebt schwere Anschuldigungen\" \/>\n<meta property=\"og:description\" content=\"Datenschutz und Privatsph\u00e4re bei Apple in der Kritik: Mitarbeiter klagt \u00fcber \u00dcberwachung. Erfahre, wie Apple auf die Vorw\u00fcrfe reagiert.\" \/>\n<meta property=\"og:url\" content=\"https:\/\/www.apfelpatient.de\/en\/news\/apple-in-the-crossfire-employee-makes-serious-allegations\" \/>\n<meta property=\"og:site_name\" content=\"Apfelpatient\" \/>\n<meta property=\"article:publisher\" content=\"https:\/\/www.facebook.com\/apfelpatientOfficial\" \/>\n<meta property=\"article:author\" content=\"https:\/\/www.facebook.com\/apfelpatientOfficial\" \/>\n<meta property=\"article:published_time\" content=\"2024-12-02T18:07:05+00:00\" \/>\n<meta property=\"og:image\" content=\"https:\/\/www.apfelpatient.de\/wp-content\/uploads\/2024\/12\/shekai-rtBBOEUo4mw-unsplash.jpg\" \/>\n\t<meta property=\"og:image:width\" content=\"1600\" \/>\n\t<meta property=\"og:image:height\" content=\"901\" \/>\n\t<meta property=\"og:image:type\" content=\"image\/jpeg\" \/>\n<meta name=\"author\" content=\"Milan\" \/>\n<meta name=\"twitter:card\" content=\"summary_large_image\" \/>\n<meta name=\"twitter:description\" content=\"Datenschutz und Privatsph\u00e4re bei Apple in der Kritik: Mitarbeiter klagt \u00fcber \u00dcberwachung. Erfahre, wie Apple auf die Vorw\u00fcrfe reagiert.\" \/>\n<meta name=\"twitter:label1\" content=\"Written by\" \/>\n\t<meta name=\"twitter:data1\" content=\"Milan\" \/>\n\t<meta name=\"twitter:label2\" content=\"Est. reading time\" \/>\n\t<meta name=\"twitter:data2\" content=\"4 minutes\" \/>\n<script type=\"application\/ld+json\" class=\"yoast-schema-graph\">{\"@context\":\"https:\\\/\\\/schema.org\",\"@graph\":[{\"@type\":\"NewsArticle\",\"@id\":\"https:\\\/\\\/www.apfelpatient.de\\\/news\\\/apple-im-kreuzfeuer-mitarbeiter-erhebt-schwere-anschuldigungen#article\",\"isPartOf\":{\"@id\":\"https:\\\/\\\/www.apfelpatient.de\\\/news\\\/apple-im-kreuzfeuer-mitarbeiter-erhebt-schwere-anschuldigungen\"},\"author\":{\"@type\":\"Organization\",\"@id\":\"https:\\\/\\\/www.apfelpatient.de\\\/en\\\/#organization\",\"name\":\"Apfelpatient\",\"url\":\"https:\\\/\\\/www.apfelpatient.de\\\/en\\\/\"},\"headline\":\"Apple im Kreuzfeuer: Mitarbeiter erhebt schwere Anschuldigungen\",\"datePublished\":\"2024-12-02T18:07:05+00:00\",\"mainEntityOfPage\":{\"@id\":\"https:\\\/\\\/www.apfelpatient.de\\\/news\\\/apple-im-kreuzfeuer-mitarbeiter-erhebt-schwere-anschuldigungen\"},\"wordCount\":613,\"publisher\":{\"@type\":\"Organization\",\"@id\":\"https:\\\/\\\/www.apfelpatient.de\\\/en\\\/#organization\",\"name\":\"Apfelpatient\",\"url\":\"https:\\\/\\\/www.apfelpatient.de\\\/en\\\/\"},\"image\":{\"@id\":\"https:\\\/\\\/www.apfelpatient.de\\\/news\\\/apple-im-kreuzfeuer-mitarbeiter-erhebt-schwere-anschuldigungen#primaryimage\"},\"thumbnailUrl\":\"https:\\\/\\\/www.apfelpatient.de\\\/wp-content\\\/uploads\\\/2024\\\/12\\\/shekai-rtBBOEUo4mw-unsplash.jpg\",\"keywords\":[\"TechPatient\"],\"articleSection\":\"News\",\"inLanguage\":\"en-US\",\"copyrightYear\":\"2024\",\"copyrightHolder\":{\"@id\":\"https:\\\/\\\/www.apfelpatient.de\\\/en\\\/#organization\"}},{\"@type\":\"WebPage\",\"@id\":\"https:\\\/\\\/www.apfelpatient.de\\\/news\\\/apple-im-kreuzfeuer-mitarbeiter-erhebt-schwere-anschuldigungen\",\"url\":\"https:\\\/\\\/www.apfelpatient.de\\\/news\\\/apple-im-kreuzfeuer-mitarbeiter-erhebt-schwere-anschuldigungen\",\"name\":\"Apple im Kreuzfeuer: Mitarbeiter erhebt schwere Anschuldigungen Apfelpatient\",\"isPartOf\":{\"@id\":\"https:\\\/\\\/www.apfelpatient.de\\\/#website\"},\"primaryImageOfPage\":{\"@id\":\"https:\\\/\\\/www.apfelpatient.de\\\/news\\\/apple-im-kreuzfeuer-mitarbeiter-erhebt-schwere-anschuldigungen#primaryimage\"},\"image\":{\"@id\":\"https:\\\/\\\/www.apfelpatient.de\\\/news\\\/apple-im-kreuzfeuer-mitarbeiter-erhebt-schwere-anschuldigungen#primaryimage\"},\"thumbnailUrl\":\"https:\\\/\\\/www.apfelpatient.de\\\/wp-content\\\/uploads\\\/2024\\\/12\\\/shekai-rtBBOEUo4mw-unsplash.jpg\",\"datePublished\":\"2024-12-02T18:07:05+00:00\",\"description\":\"Datenschutz und Privatsph\u00e4re bei Apple in der Kritik: Mitarbeiter klagt \u00fcber \u00dcberwachung. Erfahre, wie Apple auf die Vorw\u00fcrfe reagiert.\",\"breadcrumb\":{\"@id\":\"https:\\\/\\\/www.apfelpatient.de\\\/news\\\/apple-im-kreuzfeuer-mitarbeiter-erhebt-schwere-anschuldigungen#breadcrumb\"},\"inLanguage\":\"en-US\",\"potentialAction\":[{\"@type\":\"ReadAction\",\"target\":[\"https:\\\/\\\/www.apfelpatient.de\\\/news\\\/apple-im-kreuzfeuer-mitarbeiter-erhebt-schwere-anschuldigungen\"]}]},{\"@type\":\"ImageObject\",\"inLanguage\":\"en-US\",\"@id\":\"https:\\\/\\\/www.apfelpatient.de\\\/news\\\/apple-im-kreuzfeuer-mitarbeiter-erhebt-schwere-anschuldigungen#primaryimage\",\"url\":\"https:\\\/\\\/www.apfelpatient.de\\\/wp-content\\\/uploads\\\/2024\\\/12\\\/shekai-rtBBOEUo4mw-unsplash.jpg\",\"contentUrl\":\"https:\\\/\\\/www.apfelpatient.de\\\/wp-content\\\/uploads\\\/2024\\\/12\\\/shekai-rtBBOEUo4mw-unsplash.jpg\",\"width\":1600,\"height\":901,\"caption\":\"Photo by Unsplash \\\/ Shekai\"},{\"@type\":\"BreadcrumbList\",\"@id\":\"https:\\\/\\\/www.apfelpatient.de\\\/news\\\/apple-im-kreuzfeuer-mitarbeiter-erhebt-schwere-anschuldigungen#breadcrumb\",\"itemListElement\":[{\"@type\":\"ListItem\",\"position\":1,\"name\":\"Startseite\",\"item\":\"https:\\\/\\\/www.apfelpatient.de\\\/\"},{\"@type\":\"ListItem\",\"position\":2,\"name\":\"Apple im Kreuzfeuer: Mitarbeiter erhebt schwere Anschuldigungen\"}]},{\"@type\":\"WebSite\",\"@id\":\"https:\\\/\\\/www.apfelpatient.de\\\/#website\",\"url\":\"https:\\\/\\\/www.apfelpatient.de\\\/\",\"name\":\"Apfelpatient\",\"description\":\"Alles rund um Apple!\",\"publisher\":{\"@type\":\"Organization\",\"@id\":\"https:\\\/\\\/www.apfelpatient.de\\\/en\\\/#organization\",\"name\":\"Apfelpatient\",\"url\":\"https:\\\/\\\/www.apfelpatient.de\\\/en\\\/\"},\"alternateName\":\"Apfelpatient\",\"potentialAction\":[{\"@type\":\"SearchAction\",\"target\":{\"@type\":\"EntryPoint\",\"urlTemplate\":\"https:\\\/\\\/www.apfelpatient.de\\\/?s={search_term_string}\"},\"query-input\":{\"@type\":\"PropertyValueSpecification\",\"valueRequired\":true,\"valueName\":\"search_term_string\"}}],\"inLanguage\":\"en-US\"},{\"@type\":[\"Person\",\"Organization\"],\"@id\":\"https:\\\/\\\/www.apfelpatient.de\\\/#\\\/schema\\\/person\\\/7dc56ad6c8e9824b76d2c08d4c140e13\",\"name\":\"Milan\",\"logo\":{\"@id\":\"https:\\\/\\\/www.apfelpatient.de\\\/#\\\/schema\\\/person\\\/image\\\/\"},\"description\":\"Hallo und herzlich willkommen auf meinem Technik-Blog! Als gro\u00dfer Apple-Fan berichte ich hier \u00fcber alles, was mit Apple zu tun hat: von den neuesten News und spannenden Ger\u00fcchten \u00fcber hilfreiche Tipps und Tricks bis hin zu ausf\u00fchrlichen Produkttests. Wenn du genauso technikbegeistert bist wie ich, bist du hier genau richtig!\",\"sameAs\":[\"https:\\\/\\\/www.facebook.com\\\/apfelpatientOfficial\",\"https:\\\/\\\/www.linkedin.com\\\/in\\\/milan-jovicic-42aa0231b\"],\"url\":\"https:\\\/\\\/www.apfelpatient.de\\\/en\\\/author\\\/apfeladmin\"}]}<\/script>\n<!-- \/ Yoast SEO Premium plugin. -->","yoast_head_json":{"title":"Apple in the crossfire: Employee makes serious allegations Apfelpatient","description":"Data protection and privacy at Apple under criticism: Employee complains about surveillance. Find out how Apple is responding to the allegations.","robots":{"index":"index","follow":"follow","max-snippet":"max-snippet:-1","max-image-preview":"max-image-preview:large","max-video-preview":"max-video-preview:-1"},"canonical":"https:\/\/www.apfelpatient.de\/en\/news\/apple-in-the-crossfire-employee-makes-serious-allegations","og_locale":"en_US","og_type":"article","og_title":"Apple im Kreuzfeuer: Mitarbeiter erhebt schwere Anschuldigungen","og_description":"Datenschutz und Privatsph\u00e4re bei Apple in der Kritik: Mitarbeiter klagt \u00fcber \u00dcberwachung. Erfahre, wie Apple auf die Vorw\u00fcrfe reagiert.","og_url":"https:\/\/www.apfelpatient.de\/en\/news\/apple-in-the-crossfire-employee-makes-serious-allegations","og_site_name":"Apfelpatient","article_publisher":"https:\/\/www.facebook.com\/apfelpatientOfficial","article_author":"https:\/\/www.facebook.com\/apfelpatientOfficial","article_published_time":"2024-12-02T18:07:05+00:00","og_image":[{"width":1600,"height":901,"url":"https:\/\/www.apfelpatient.de\/wp-content\/uploads\/2024\/12\/shekai-rtBBOEUo4mw-unsplash.jpg","type":"image\/jpeg"}],"author":"Milan","twitter_card":"summary_large_image","twitter_description":"Datenschutz und Privatsph\u00e4re bei Apple in der Kritik: Mitarbeiter klagt \u00fcber \u00dcberwachung. Erfahre, wie Apple auf die Vorw\u00fcrfe reagiert.","twitter_misc":{"Written by":"Milan","Est. reading time":"4 minutes"},"schema":{"@context":"https:\/\/schema.org","@graph":[{"@type":"NewsArticle","@id":"https:\/\/www.apfelpatient.de\/news\/apple-im-kreuzfeuer-mitarbeiter-erhebt-schwere-anschuldigungen#article","isPartOf":{"@id":"https:\/\/www.apfelpatient.de\/news\/apple-im-kreuzfeuer-mitarbeiter-erhebt-schwere-anschuldigungen"},"author":{"@type":"Organization","@id":"https:\/\/www.apfelpatient.de\/en\/#organization","name":"Apfelpatient","url":"https:\/\/www.apfelpatient.de\/en\/"},"headline":"Apple im Kreuzfeuer: Mitarbeiter erhebt schwere Anschuldigungen","datePublished":"2024-12-02T18:07:05+00:00","mainEntityOfPage":{"@id":"https:\/\/www.apfelpatient.de\/news\/apple-im-kreuzfeuer-mitarbeiter-erhebt-schwere-anschuldigungen"},"wordCount":613,"publisher":{"@type":"Organization","@id":"https:\/\/www.apfelpatient.de\/en\/#organization","name":"Apfelpatient","url":"https:\/\/www.apfelpatient.de\/en\/"},"image":{"@id":"https:\/\/www.apfelpatient.de\/news\/apple-im-kreuzfeuer-mitarbeiter-erhebt-schwere-anschuldigungen#primaryimage"},"thumbnailUrl":"https:\/\/www.apfelpatient.de\/wp-content\/uploads\/2024\/12\/shekai-rtBBOEUo4mw-unsplash.jpg","keywords":["TechPatient"],"articleSection":"News","inLanguage":"en-US","copyrightYear":"2024","copyrightHolder":{"@id":"https:\/\/www.apfelpatient.de\/en\/#organization"}},{"@type":"WebPage","@id":"https:\/\/www.apfelpatient.de\/news\/apple-im-kreuzfeuer-mitarbeiter-erhebt-schwere-anschuldigungen","url":"https:\/\/www.apfelpatient.de\/news\/apple-im-kreuzfeuer-mitarbeiter-erhebt-schwere-anschuldigungen","name":"Apple in the crossfire: Employee makes serious allegations Apfelpatient","isPartOf":{"@id":"https:\/\/www.apfelpatient.de\/#website"},"primaryImageOfPage":{"@id":"https:\/\/www.apfelpatient.de\/news\/apple-im-kreuzfeuer-mitarbeiter-erhebt-schwere-anschuldigungen#primaryimage"},"image":{"@id":"https:\/\/www.apfelpatient.de\/news\/apple-im-kreuzfeuer-mitarbeiter-erhebt-schwere-anschuldigungen#primaryimage"},"thumbnailUrl":"https:\/\/www.apfelpatient.de\/wp-content\/uploads\/2024\/12\/shekai-rtBBOEUo4mw-unsplash.jpg","datePublished":"2024-12-02T18:07:05+00:00","description":"Data protection and privacy at Apple under criticism: Employee complains about surveillance. Find out how Apple is responding to the allegations.","breadcrumb":{"@id":"https:\/\/www.apfelpatient.de\/news\/apple-im-kreuzfeuer-mitarbeiter-erhebt-schwere-anschuldigungen#breadcrumb"},"inLanguage":"en-US","potentialAction":[{"@type":"ReadAction","target":["https:\/\/www.apfelpatient.de\/news\/apple-im-kreuzfeuer-mitarbeiter-erhebt-schwere-anschuldigungen"]}]},{"@type":"ImageObject","inLanguage":"en-US","@id":"https:\/\/www.apfelpatient.de\/news\/apple-im-kreuzfeuer-mitarbeiter-erhebt-schwere-anschuldigungen#primaryimage","url":"https:\/\/www.apfelpatient.de\/wp-content\/uploads\/2024\/12\/shekai-rtBBOEUo4mw-unsplash.jpg","contentUrl":"https:\/\/www.apfelpatient.de\/wp-content\/uploads\/2024\/12\/shekai-rtBBOEUo4mw-unsplash.jpg","width":1600,"height":901,"caption":"Photo by Unsplash \/ Shekai"},{"@type":"BreadcrumbList","@id":"https:\/\/www.apfelpatient.de\/news\/apple-im-kreuzfeuer-mitarbeiter-erhebt-schwere-anschuldigungen#breadcrumb","itemListElement":[{"@type":"ListItem","position":1,"name":"Startseite","item":"https:\/\/www.apfelpatient.de\/"},{"@type":"ListItem","position":2,"name":"Apple im Kreuzfeuer: Mitarbeiter erhebt schwere Anschuldigungen"}]},{"@type":"WebSite","@id":"https:\/\/www.apfelpatient.de\/#website","url":"https:\/\/www.apfelpatient.de\/","name":"apple patient","description":"Everything about Apple!","publisher":{"@type":"Organization","@id":"https:\/\/www.apfelpatient.de\/en\/#organization","name":"Apfelpatient","url":"https:\/\/www.apfelpatient.de\/en\/"},"alternateName":"Apfelpatient","potentialAction":[{"@type":"SearchAction","target":{"@type":"EntryPoint","urlTemplate":"https:\/\/www.apfelpatient.de\/?s={search_term_string}"},"query-input":{"@type":"PropertyValueSpecification","valueRequired":true,"valueName":"search_term_string"}}],"inLanguage":"en-US"},{"@type":["Person","Organization"],"@id":"https:\/\/www.apfelpatient.de\/#\/schema\/person\/7dc56ad6c8e9824b76d2c08d4c140e13","name":"Milan","logo":{"@id":"https:\/\/www.apfelpatient.de\/#\/schema\/person\/image\/"},"description":"Hello and welcome to my technology blog! As a big Apple fan, I report on everything to do with Apple: from the latest news and exciting rumors to helpful tips and tricks and detailed product tests. If you are as enthusiastic about technology as I am, you have come to the right place!","sameAs":["https:\/\/www.facebook.com\/apfelpatientOfficial","https:\/\/www.linkedin.com\/in\/milan-jovicic-42aa0231b"],"url":"https:\/\/www.apfelpatient.de\/en\/author\/apfeladmin"}]}},"_links":{"self":[{"href":"https:\/\/www.apfelpatient.de\/en\/wp-json\/wp\/v2\/posts\/48300","targetHints":{"allow":["GET"]}}],"collection":[{"href":"https:\/\/www.apfelpatient.de\/en\/wp-json\/wp\/v2\/posts"}],"about":[{"href":"https:\/\/www.apfelpatient.de\/en\/wp-json\/wp\/v2\/types\/post"}],"author":[{"embeddable":true,"href":"https:\/\/www.apfelpatient.de\/en\/wp-json\/wp\/v2\/users\/2"}],"replies":[{"embeddable":true,"href":"https:\/\/www.apfelpatient.de\/en\/wp-json\/wp\/v2\/comments?post=48300"}],"version-history":[{"count":0,"href":"https:\/\/www.apfelpatient.de\/en\/wp-json\/wp\/v2\/posts\/48300\/revisions"}],"wp:featuredmedia":[{"embeddable":true,"href":"https:\/\/www.apfelpatient.de\/en\/wp-json\/wp\/v2\/media\/48299"}],"wp:attachment":[{"href":"https:\/\/www.apfelpatient.de\/en\/wp-json\/wp\/v2\/media?parent=48300"}],"wp:term":[{"taxonomy":"category","embeddable":true,"href":"https:\/\/www.apfelpatient.de\/en\/wp-json\/wp\/v2\/categories?post=48300"},{"taxonomy":"post_tag","embeddable":true,"href":"https:\/\/www.apfelpatient.de\/en\/wp-json\/wp\/v2\/tags?post=48300"}],"curies":[{"name":"wp","href":"https:\/\/api.w.org\/{rel}","templated":true}]}}