{"id":48245,"date":"2024-11-27T17:29:25","date_gmt":"2024-11-27T16:29:25","guid":{"rendered":"https:\/\/www.apfelpatient.de\/?p=48245"},"modified":"2024-11-27T17:29:28","modified_gmt":"2024-11-27T16:29:28","slug":"apple-vision-pro-an-innovation-15-years-in-the-making","status":"publish","type":"post","link":"https:\/\/www.apfelpatient.de\/en\/news\/apple-vision-pro-eine-innovation-15-jahre-in-der-entstehung","title":{"rendered":"Apple Vision Pro: An innovation 15 years in the making"},"content":{"rendered":"<p class=\"has-drop-cap\"><strong>Apple is known for its ability to drive innovation but also for taking its time before launching a new product. The Apple Vision Pro, released in 2024, is a prime example of this strategy. What many people don&#039;t know is that the idea for this mixed reality headset is not new. Back in 2008, a patent laid the foundation for what became reality 15 years later.<\/strong><\/p>\n\n\n\n<p>The release of the Apple Vision Pro has attracted a lot of attention. This mixed reality headset marks a new step in Apple&#039;s product lineup and shows just how multifaceted technology can be. But behind the shiny final product lies a long development time, stretching back to at least 2008. It&#039;s another example of Apple patiently working on a vision until the technology is mature enough to meet its claims.<\/p>\n\n\n\n<h4 class=\"wp-block-heading\" id=\"h-die-anfange-ein-patent-aus-2008\">The beginnings: A patent from 2008<\/h4>\n\n\n\n<p>In 2008, Apple filed a patent describing a wearable display. This device was supposed to be able to simulate virtual environments using intelligent sensors. These sensors were supposed to detect not only head movements but also eye movements and adjust the display in real time. Apple was planning an immersive experience that sounded like pure science fiction at the time. The journalist Dan Moren, who was writing for Macworld&#039;s MacUser blog at the time, <a href=\"https:\/\/www.macworld.com\/article\/2535266\/there-may-be-no-company-more-patient-than-apple.html\" target=\"_blank\" rel=\"noreferrer noopener\">wrote<\/a>, rediscovered this patent while browsing through an archive. The sketches and descriptions in the patent show a striking similarity to the final product, which was launched in 2024. Even then, it was clear that Apple had big plans, even if the technology needed to make them happen had yet to be developed.<\/p>\n\n\n\n<h4 class=\"wp-block-heading\" id=\"h-herausforderungen-auf-dem-weg\">challenges along the way<\/h4>\n\n\n\n<p>In 2008, the technology was still far from what Apple needed for the Vision Pro. Displays were not high-resolution enough, processors were too slow, and the sensors described in the patent existed only in theory. Nevertheless, Apple had a clear vision and relied on long-term development to make that vision a reality. It is typical for Apple to wait for perfection before releasing a product. While other companies try to be first in new markets, Apple focuses on delivering the best - even if that means waiting longer.<\/p>\n\n\n\n<h4 class=\"wp-block-heading\" id=\"h-die-apple-vision-pro-ein-technologisches-meisterwerk\">The Apple Vision Pro: A technological masterpiece<\/h4>\n\n\n\n<p>Released in 2024, the Apple Vision Pro is a mixed reality headset that allows you to seamlessly switch between virtual and augmented realities. It uses cutting-edge technology to create an immersive experience. Key features of the Vision Pro:<\/p>\n\n\n\n<ul class=\"wp-block-list\">\n<li>High-resolution displays: Two micro-OLED displays deliver razor-sharp images suitable for VR and AR.<\/li>\n\n\n\n<li>Intelligent sensors: Precise sensors analyze head and eye movements and adjust the display in real time.<\/li>\n\n\n\n<li>Mixed reality functionality: You can overlay virtual content on top of the real world or immerse yourself completely in virtual environments.<\/li>\n<\/ul>\n\n\n\n<p>With this device, Apple has not only set new standards for mixed reality products but has also shown how technology and user experience can merge at the highest level.<\/p>\n\n\n\n<h4 class=\"wp-block-heading\" id=\"h-warum-hat-es-so-lange-gedauert\">Why did it take so long?<\/h4>\n\n\n\n<p>Apple&#039;s approach of not rushing anything has paid off with the Vision Pro. The idea behind the device was ambitious from the start. But it was only with the technological advances of recent years that Apple was able to achieve the desired result. Displays with the necessary resolution, powerful processors such as the M2 chip and precise sensors have only been at a level that meets Apple&#039;s high standards in recent years.<\/p>\n\n\n\n<h4 class=\"wp-block-heading\" id=\"h-die-zukunft-der-vision-pro\">The Future of Vision Pro<\/h4>\n\n\n\n<p>A key question is if and when Apple will launch a more affordable version of the Vision Pro. According to reports, the company is currently focused on developing the second generation of the Pro device, which will feature an even more powerful M5 chip. Plans for a cheaper model are said to have been paused for now as Apple focuses its resources on further developing the Pro model. This means that the Vision Pro currently remains a product for early adopters and tech enthusiasts. However, it remains interesting to see how Apple&#039;s strategy will evolve in the coming years. A wider range of products with more affordable options would be a logical next step, but Apple will not compromise on quality and functionality.<\/p>\n\n\n\n<h3 class=\"wp-block-heading\" id=\"h-apple-vision-pro-ein-zeugnis-fur-innovation-und-weitsicht\">Apple Vision Pro: A Testimony to Innovation and Foresight<\/h3>\n\n\n\n<p>The Apple Vision Pro is not just a technical device, but a testament to Apple&#039;s ability to think long-term and overcome technological challenges. Since 2008, Apple has worked to realize this vision, staying true to its philosophy of only bringing products to market that are truly well-developed. With the Vision Pro, Apple has once again set a milestone and shown that patience and innovation can go hand in hand. The technology behind this device is impressive, and the story of its creation shows how much work and planning goes into each new product category that Apple introduces. Whether cheaper or more powerful, the future of the Vision Pro will show which direction Apple will take in this area. Do you need useful tips for your Apple Vision Pro?\u00a0<a href=\"https:\/\/www.apfelpatient.de\/en\/day\/apple-vision-pro-tips-and-tricks\">Here you can discover everything you need to know about your new Apple device<\/a>\u00a0\u2013 enjoy reading! Looking for the best accessories? Visit\u00a0<a href=\"https:\/\/www.amazon.de\/shop\/apfelpatientofficial\" target=\"_blank\" rel=\"noreferrer noopener\">our Amazon Storefront<\/a>\u00a0and discover a variety of products from top providers, including for HomeKit! (Photo by Unsplash \/ Mylo Kaye)<\/p>\n\n\n\n<ul class=\"wp-block-list\">\n<li><a href=\"https:\/\/www.apfelpatient.de\/en\/generally\/apple-vision-pro-m5-a-unique-dilemma-for-apple\">Apple Vision Pro M5: A unique dilemma for Apple<\/a><\/li>\n\n\n\n<li><a href=\"https:\/\/www.apfelpatient.de\/en\/generally\/apple-vision-pro-2-the-right-step-thanks-to-ai-and-m5\">Apple Vision Pro 2: The right step thanks to AI and M5<\/a><\/li>\n\n\n\n<li><a href=\"https:\/\/www.apfelpatient.de\/en\/tips-tricks\/how-to-use-airpods-pro-2-for-hearing-tests\">Using AirPods Pro 2 for hearing tests: How it works<\/a><\/li>\n<\/ul>\n\n\n\n<h6 class=\"wp-block-heading translation-block\" id=\"h-kennt-ihr-schon-unsere-amazon-storefront-dort-findet-ihr-eine-handverlesene-auswahl-von-diversen-produkten-f-r-euer-iphone-und-co-viel-spa-beim-st-bern\"><em>Have you already visited our Amazon Storefront? There you&#039;ll find a hand-picked selection of various products for your iPhone and other devices \u2013 <span class=\"has-inline-color has-vivid-red-color\"><a href=\"https:\/\/www.amazon.de\/shop\/apfelpatientofficial\" class=\"ek-link\" data-wpel-link=\"exclude\" rel=\"follow noopener\" target=\"_self\"><span style=\"text-decoration: underline\" class=\"ek-underline\">enjoy browsing<\/span><\/a> !<\/span><\/em><\/h6>\n\n\n\n<h6 class=\"wp-block-heading translation-block\" id=\"h-der-beitrag-enthalt-partnerlinks\">This post contains <a data-type=\"URL\" data-id=\"https:\/\/www.apfelpatient.de\/partnerprogramm\" href=\"https:\/\/www.apfelpatient.de\/en\/partner-program\" data-wpel-link=\"internal\" target=\"_self\">affiliate links<\/a>.<\/h6>","protected":false},"excerpt":{"rendered":"<p>Apple Vision Pro: 15 years of research and technological perfection. Find out how this mixed reality headset sets new standards.<\/p>","protected":false},"author":2,"featured_media":48244,"comment_status":"closed","ping_status":"closed","sticky":false,"template":"","format":"standard","meta":{"jnews-multi-image_gallery":[],"jnews_single_post":{"format":"standard","override":[{"template":"2","parallax":"1","fullscreen":"1","layout":"right-sidebar","sidebar":"default-sidebar","second_sidebar":"default-sidebar","sticky_sidebar":"1","share_position":"top","share_float_style":"share-monocrhome","show_featured":"1","show_post_meta":"1","show_post_author":"1","show_post_author_image":"1","show_post_date":"1","post_date_format":"default","post_date_format_custom":"Y\/m\/d","show_post_category":"1","show_post_reading_time":"0","post_reading_time_wpm":"300","post_calculate_word_method":"str_word_count","show_zoom_button":"0","zoom_button_out_step":"2","zoom_button_in_step":"3","show_post_tag":"1","show_prev_next_post":"1","show_popup_post":"1","number_popup_post":"1","show_author_box":"0","show_post_related":"0","show_inline_post_related":"0"}],"image_override":[{"single_post_thumbnail_size":"crop-500","single_post_gallery_size":"crop-500"}],"trending_post_position":"meta","trending_post_label":"Trending","sponsored_post_label":"Sponsored by","disable_ad":"0"},"jnews_primary_category":{"id":"9"},"footnotes":""},"categories":[9],"tags":[843,609],"class_list":["post-48245","post","type-post","status-publish","format-standard","has-post-thumbnail","hentry","category-news","tag-apple-vision-pro","tag-apple-vr-ar"],"yoast_head":"<!-- This site is optimized with the Yoast SEO Premium plugin v27.5 (Yoast SEO v27.5) - https:\/\/yoast.com\/product\/yoast-seo-premium-wordpress\/ -->\n<title>Apple Vision Pro: Eine Innovation, 15 Jahre in der Entstehung Apfelpatient<\/title>\n<meta name=\"description\" content=\"Apple Vision Pro: 15 Jahre Forschung und technologische Perfektion. Erfahre, wie dieses Mixed-Reality-Headset neue Ma\u00dfst\u00e4be setzt.\" \/>\n<meta name=\"robots\" content=\"index, follow, max-snippet:-1, max-image-preview:large, max-video-preview:-1\" \/>\n<link rel=\"canonical\" href=\"https:\/\/www.apfelpatient.de\/en\/news\/apple-vision-pro-an-innovation-15-years-in-the-making\" \/>\n<meta property=\"og:locale\" content=\"en_US\" \/>\n<meta property=\"og:type\" content=\"article\" \/>\n<meta property=\"og:title\" content=\"Apple Vision Pro: Eine Innovation, 15 Jahre in der Entstehung\" \/>\n<meta property=\"og:description\" content=\"Apple Vision Pro: 15 Jahre Forschung und technologische Perfektion. Erfahre, wie dieses Mixed-Reality-Headset neue Ma\u00dfst\u00e4be setzt.\" \/>\n<meta property=\"og:url\" content=\"https:\/\/www.apfelpatient.de\/en\/news\/apple-vision-pro-an-innovation-15-years-in-the-making\" \/>\n<meta property=\"og:site_name\" content=\"Apfelpatient\" \/>\n<meta property=\"article:publisher\" content=\"https:\/\/www.facebook.com\/apfelpatientOfficial\" \/>\n<meta property=\"article:author\" content=\"https:\/\/www.facebook.com\/apfelpatientOfficial\" \/>\n<meta property=\"article:published_time\" content=\"2024-11-27T16:29:25+00:00\" \/>\n<meta property=\"article:modified_time\" content=\"2024-11-27T16:29:28+00:00\" \/>\n<meta property=\"og:image\" content=\"https:\/\/www.apfelpatient.de\/wp-content\/uploads\/2024\/11\/mylo-kaye-2KsHAfo223A-unsplash.jpg\" \/>\n\t<meta property=\"og:image:width\" content=\"1600\" \/>\n\t<meta property=\"og:image:height\" content=\"1200\" \/>\n\t<meta property=\"og:image:type\" content=\"image\/jpeg\" \/>\n<meta name=\"author\" content=\"Milan\" \/>\n<meta name=\"twitter:card\" content=\"summary_large_image\" \/>\n<meta name=\"twitter:description\" content=\"Apple Vision Pro: 15 Jahre Forschung und technologische Perfektion. Erfahre, wie dieses Mixed-Reality-Headset neue Ma\u00dfst\u00e4be setzt.\" \/>\n<meta name=\"twitter:label1\" content=\"Written by\" \/>\n\t<meta name=\"twitter:data1\" content=\"Milan\" \/>\n\t<meta name=\"twitter:label2\" content=\"Est. reading time\" \/>\n\t<meta name=\"twitter:data2\" content=\"6 minutes\" \/>\n<script type=\"application\/ld+json\" class=\"yoast-schema-graph\">{\"@context\":\"https:\\\/\\\/schema.org\",\"@graph\":[{\"@type\":\"NewsArticle\",\"@id\":\"https:\\\/\\\/www.apfelpatient.de\\\/news\\\/apple-vision-pro-eine-innovation-15-jahre-in-der-entstehung#article\",\"isPartOf\":{\"@id\":\"https:\\\/\\\/www.apfelpatient.de\\\/news\\\/apple-vision-pro-eine-innovation-15-jahre-in-der-entstehung\"},\"author\":{\"@type\":\"Organization\",\"@id\":\"https:\\\/\\\/www.apfelpatient.de\\\/en\\\/#organization\",\"name\":\"Apfelpatient\",\"url\":\"https:\\\/\\\/www.apfelpatient.de\\\/en\\\/\"},\"headline\":\"Apple Vision Pro: Eine Innovation, 15 Jahre in der Entstehung\",\"datePublished\":\"2024-11-27T16:29:25+00:00\",\"dateModified\":\"2024-11-27T16:29:28+00:00\",\"mainEntityOfPage\":{\"@id\":\"https:\\\/\\\/www.apfelpatient.de\\\/news\\\/apple-vision-pro-eine-innovation-15-jahre-in-der-entstehung\"},\"wordCount\":943,\"publisher\":{\"@type\":\"Organization\",\"@id\":\"https:\\\/\\\/www.apfelpatient.de\\\/en\\\/#organization\",\"name\":\"Apfelpatient\",\"url\":\"https:\\\/\\\/www.apfelpatient.de\\\/en\\\/\"},\"image\":{\"@id\":\"https:\\\/\\\/www.apfelpatient.de\\\/news\\\/apple-vision-pro-eine-innovation-15-jahre-in-der-entstehung#primaryimage\"},\"thumbnailUrl\":\"https:\\\/\\\/www.apfelpatient.de\\\/wp-content\\\/uploads\\\/2024\\\/11\\\/mylo-kaye-2KsHAfo223A-unsplash.jpg\",\"keywords\":[\"Apple Vision Pro\",\"Apple VR\\\/AR\"],\"articleSection\":\"News\",\"inLanguage\":\"en-US\",\"copyrightYear\":\"2024\",\"copyrightHolder\":{\"@id\":\"https:\\\/\\\/www.apfelpatient.de\\\/en\\\/#organization\"}},{\"@type\":\"WebPage\",\"@id\":\"https:\\\/\\\/www.apfelpatient.de\\\/news\\\/apple-vision-pro-eine-innovation-15-jahre-in-der-entstehung\",\"url\":\"https:\\\/\\\/www.apfelpatient.de\\\/news\\\/apple-vision-pro-eine-innovation-15-jahre-in-der-entstehung\",\"name\":\"Apple Vision Pro: Eine Innovation, 15 Jahre in der Entstehung Apfelpatient\",\"isPartOf\":{\"@id\":\"https:\\\/\\\/www.apfelpatient.de\\\/#website\"},\"primaryImageOfPage\":{\"@id\":\"https:\\\/\\\/www.apfelpatient.de\\\/news\\\/apple-vision-pro-eine-innovation-15-jahre-in-der-entstehung#primaryimage\"},\"image\":{\"@id\":\"https:\\\/\\\/www.apfelpatient.de\\\/news\\\/apple-vision-pro-eine-innovation-15-jahre-in-der-entstehung#primaryimage\"},\"thumbnailUrl\":\"https:\\\/\\\/www.apfelpatient.de\\\/wp-content\\\/uploads\\\/2024\\\/11\\\/mylo-kaye-2KsHAfo223A-unsplash.jpg\",\"datePublished\":\"2024-11-27T16:29:25+00:00\",\"dateModified\":\"2024-11-27T16:29:28+00:00\",\"description\":\"Apple Vision Pro: 15 Jahre Forschung und technologische Perfektion. Erfahre, wie dieses Mixed-Reality-Headset neue Ma\u00dfst\u00e4be setzt.\",\"breadcrumb\":{\"@id\":\"https:\\\/\\\/www.apfelpatient.de\\\/news\\\/apple-vision-pro-eine-innovation-15-jahre-in-der-entstehung#breadcrumb\"},\"inLanguage\":\"en-US\",\"potentialAction\":[{\"@type\":\"ReadAction\",\"target\":[\"https:\\\/\\\/www.apfelpatient.de\\\/news\\\/apple-vision-pro-eine-innovation-15-jahre-in-der-entstehung\"]}]},{\"@type\":\"ImageObject\",\"inLanguage\":\"en-US\",\"@id\":\"https:\\\/\\\/www.apfelpatient.de\\\/news\\\/apple-vision-pro-eine-innovation-15-jahre-in-der-entstehung#primaryimage\",\"url\":\"https:\\\/\\\/www.apfelpatient.de\\\/wp-content\\\/uploads\\\/2024\\\/11\\\/mylo-kaye-2KsHAfo223A-unsplash.jpg\",\"contentUrl\":\"https:\\\/\\\/www.apfelpatient.de\\\/wp-content\\\/uploads\\\/2024\\\/11\\\/mylo-kaye-2KsHAfo223A-unsplash.jpg\",\"width\":1600,\"height\":1200,\"caption\":\"Photo by Unsplash \\\/ Mylo Kaye\"},{\"@type\":\"BreadcrumbList\",\"@id\":\"https:\\\/\\\/www.apfelpatient.de\\\/news\\\/apple-vision-pro-eine-innovation-15-jahre-in-der-entstehung#breadcrumb\",\"itemListElement\":[{\"@type\":\"ListItem\",\"position\":1,\"name\":\"Startseite\",\"item\":\"https:\\\/\\\/www.apfelpatient.de\\\/\"},{\"@type\":\"ListItem\",\"position\":2,\"name\":\"Apple Vision Pro: Eine Innovation, 15 Jahre in der Entstehung\"}]},{\"@type\":\"WebSite\",\"@id\":\"https:\\\/\\\/www.apfelpatient.de\\\/#website\",\"url\":\"https:\\\/\\\/www.apfelpatient.de\\\/\",\"name\":\"Apfelpatient\",\"description\":\"Alles rund um Apple!\",\"publisher\":{\"@type\":\"Organization\",\"@id\":\"https:\\\/\\\/www.apfelpatient.de\\\/en\\\/#organization\",\"name\":\"Apfelpatient\",\"url\":\"https:\\\/\\\/www.apfelpatient.de\\\/en\\\/\"},\"alternateName\":\"Apfelpatient\",\"potentialAction\":[{\"@type\":\"SearchAction\",\"target\":{\"@type\":\"EntryPoint\",\"urlTemplate\":\"https:\\\/\\\/www.apfelpatient.de\\\/?s={search_term_string}\"},\"query-input\":{\"@type\":\"PropertyValueSpecification\",\"valueRequired\":true,\"valueName\":\"search_term_string\"}}],\"inLanguage\":\"en-US\"},{\"@type\":[\"Person\",\"Organization\"],\"@id\":\"https:\\\/\\\/www.apfelpatient.de\\\/#\\\/schema\\\/person\\\/7dc56ad6c8e9824b76d2c08d4c140e13\",\"name\":\"Milan\",\"logo\":{\"@id\":\"https:\\\/\\\/www.apfelpatient.de\\\/#\\\/schema\\\/person\\\/image\\\/\"},\"description\":\"Hallo und herzlich willkommen auf meinem Technik-Blog! Als gro\u00dfer Apple-Fan berichte ich hier \u00fcber alles, was mit Apple zu tun hat: von den neuesten News und spannenden Ger\u00fcchten \u00fcber hilfreiche Tipps und Tricks bis hin zu ausf\u00fchrlichen Produkttests. Wenn du genauso technikbegeistert bist wie ich, bist du hier genau richtig!\",\"sameAs\":[\"https:\\\/\\\/www.facebook.com\\\/apfelpatientOfficial\",\"https:\\\/\\\/www.linkedin.com\\\/in\\\/milan-jovicic-42aa0231b\"],\"url\":\"https:\\\/\\\/www.apfelpatient.de\\\/en\\\/author\\\/apfeladmin\"}]}<\/script>\n<!-- \/ Yoast SEO Premium plugin. -->","yoast_head_json":{"title":"Apple Vision Pro: An innovation 15 years in the making Apfelpatient","description":"Apple Vision Pro: 15 years of research and technological perfection. Find out how this mixed reality headset sets new standards.","robots":{"index":"index","follow":"follow","max-snippet":"max-snippet:-1","max-image-preview":"max-image-preview:large","max-video-preview":"max-video-preview:-1"},"canonical":"https:\/\/www.apfelpatient.de\/en\/news\/apple-vision-pro-an-innovation-15-years-in-the-making","og_locale":"en_US","og_type":"article","og_title":"Apple Vision Pro: Eine Innovation, 15 Jahre in der Entstehung","og_description":"Apple Vision Pro: 15 Jahre Forschung und technologische Perfektion. Erfahre, wie dieses Mixed-Reality-Headset neue Ma\u00dfst\u00e4be setzt.","og_url":"https:\/\/www.apfelpatient.de\/en\/news\/apple-vision-pro-an-innovation-15-years-in-the-making","og_site_name":"Apfelpatient","article_publisher":"https:\/\/www.facebook.com\/apfelpatientOfficial","article_author":"https:\/\/www.facebook.com\/apfelpatientOfficial","article_published_time":"2024-11-27T16:29:25+00:00","article_modified_time":"2024-11-27T16:29:28+00:00","og_image":[{"width":1600,"height":1200,"url":"https:\/\/www.apfelpatient.de\/wp-content\/uploads\/2024\/11\/mylo-kaye-2KsHAfo223A-unsplash.jpg","type":"image\/jpeg"}],"author":"Milan","twitter_card":"summary_large_image","twitter_description":"Apple Vision Pro: 15 Jahre Forschung und technologische Perfektion. Erfahre, wie dieses Mixed-Reality-Headset neue Ma\u00dfst\u00e4be setzt.","twitter_misc":{"Written by":"Milan","Est. reading time":"6 minutes"},"schema":{"@context":"https:\/\/schema.org","@graph":[{"@type":"NewsArticle","@id":"https:\/\/www.apfelpatient.de\/news\/apple-vision-pro-eine-innovation-15-jahre-in-der-entstehung#article","isPartOf":{"@id":"https:\/\/www.apfelpatient.de\/news\/apple-vision-pro-eine-innovation-15-jahre-in-der-entstehung"},"author":{"@type":"Organization","@id":"https:\/\/www.apfelpatient.de\/en\/#organization","name":"Apfelpatient","url":"https:\/\/www.apfelpatient.de\/en\/"},"headline":"Apple Vision Pro: Eine Innovation, 15 Jahre in der Entstehung","datePublished":"2024-11-27T16:29:25+00:00","dateModified":"2024-11-27T16:29:28+00:00","mainEntityOfPage":{"@id":"https:\/\/www.apfelpatient.de\/news\/apple-vision-pro-eine-innovation-15-jahre-in-der-entstehung"},"wordCount":943,"publisher":{"@type":"Organization","@id":"https:\/\/www.apfelpatient.de\/en\/#organization","name":"Apfelpatient","url":"https:\/\/www.apfelpatient.de\/en\/"},"image":{"@id":"https:\/\/www.apfelpatient.de\/news\/apple-vision-pro-eine-innovation-15-jahre-in-der-entstehung#primaryimage"},"thumbnailUrl":"https:\/\/www.apfelpatient.de\/wp-content\/uploads\/2024\/11\/mylo-kaye-2KsHAfo223A-unsplash.jpg","keywords":["Apple Vision Pro","Apple VR\/AR"],"articleSection":"News","inLanguage":"en-US","copyrightYear":"2024","copyrightHolder":{"@id":"https:\/\/www.apfelpatient.de\/en\/#organization"}},{"@type":"WebPage","@id":"https:\/\/www.apfelpatient.de\/news\/apple-vision-pro-eine-innovation-15-jahre-in-der-entstehung","url":"https:\/\/www.apfelpatient.de\/news\/apple-vision-pro-eine-innovation-15-jahre-in-der-entstehung","name":"Apple Vision Pro: An innovation 15 years in the making Apfelpatient","isPartOf":{"@id":"https:\/\/www.apfelpatient.de\/#website"},"primaryImageOfPage":{"@id":"https:\/\/www.apfelpatient.de\/news\/apple-vision-pro-eine-innovation-15-jahre-in-der-entstehung#primaryimage"},"image":{"@id":"https:\/\/www.apfelpatient.de\/news\/apple-vision-pro-eine-innovation-15-jahre-in-der-entstehung#primaryimage"},"thumbnailUrl":"https:\/\/www.apfelpatient.de\/wp-content\/uploads\/2024\/11\/mylo-kaye-2KsHAfo223A-unsplash.jpg","datePublished":"2024-11-27T16:29:25+00:00","dateModified":"2024-11-27T16:29:28+00:00","description":"Apple Vision Pro: 15 years of research and technological perfection. Find out how this mixed reality headset sets new standards.","breadcrumb":{"@id":"https:\/\/www.apfelpatient.de\/news\/apple-vision-pro-eine-innovation-15-jahre-in-der-entstehung#breadcrumb"},"inLanguage":"en-US","potentialAction":[{"@type":"ReadAction","target":["https:\/\/www.apfelpatient.de\/news\/apple-vision-pro-eine-innovation-15-jahre-in-der-entstehung"]}]},{"@type":"ImageObject","inLanguage":"en-US","@id":"https:\/\/www.apfelpatient.de\/news\/apple-vision-pro-eine-innovation-15-jahre-in-der-entstehung#primaryimage","url":"https:\/\/www.apfelpatient.de\/wp-content\/uploads\/2024\/11\/mylo-kaye-2KsHAfo223A-unsplash.jpg","contentUrl":"https:\/\/www.apfelpatient.de\/wp-content\/uploads\/2024\/11\/mylo-kaye-2KsHAfo223A-unsplash.jpg","width":1600,"height":1200,"caption":"Photo by Unsplash \/ Mylo Kaye"},{"@type":"BreadcrumbList","@id":"https:\/\/www.apfelpatient.de\/news\/apple-vision-pro-eine-innovation-15-jahre-in-der-entstehung#breadcrumb","itemListElement":[{"@type":"ListItem","position":1,"name":"Startseite","item":"https:\/\/www.apfelpatient.de\/"},{"@type":"ListItem","position":2,"name":"Apple Vision Pro: Eine Innovation, 15 Jahre in der Entstehung"}]},{"@type":"WebSite","@id":"https:\/\/www.apfelpatient.de\/#website","url":"https:\/\/www.apfelpatient.de\/","name":"apple patient","description":"Everything about Apple!","publisher":{"@type":"Organization","@id":"https:\/\/www.apfelpatient.de\/en\/#organization","name":"Apfelpatient","url":"https:\/\/www.apfelpatient.de\/en\/"},"alternateName":"Apfelpatient","potentialAction":[{"@type":"SearchAction","target":{"@type":"EntryPoint","urlTemplate":"https:\/\/www.apfelpatient.de\/?s={search_term_string}"},"query-input":{"@type":"PropertyValueSpecification","valueRequired":true,"valueName":"search_term_string"}}],"inLanguage":"en-US"},{"@type":["Person","Organization"],"@id":"https:\/\/www.apfelpatient.de\/#\/schema\/person\/7dc56ad6c8e9824b76d2c08d4c140e13","name":"Milan","logo":{"@id":"https:\/\/www.apfelpatient.de\/#\/schema\/person\/image\/"},"description":"Hello and welcome to my technology blog! As a big Apple fan, I report on everything to do with Apple: from the latest news and exciting rumors to helpful tips and tricks and detailed product tests. If you are as enthusiastic about technology as I am, you have come to the right place!","sameAs":["https:\/\/www.facebook.com\/apfelpatientOfficial","https:\/\/www.linkedin.com\/in\/milan-jovicic-42aa0231b"],"url":"https:\/\/www.apfelpatient.de\/en\/author\/apfeladmin"}]}},"_links":{"self":[{"href":"https:\/\/www.apfelpatient.de\/en\/wp-json\/wp\/v2\/posts\/48245","targetHints":{"allow":["GET"]}}],"collection":[{"href":"https:\/\/www.apfelpatient.de\/en\/wp-json\/wp\/v2\/posts"}],"about":[{"href":"https:\/\/www.apfelpatient.de\/en\/wp-json\/wp\/v2\/types\/post"}],"author":[{"embeddable":true,"href":"https:\/\/www.apfelpatient.de\/en\/wp-json\/wp\/v2\/users\/2"}],"replies":[{"embeddable":true,"href":"https:\/\/www.apfelpatient.de\/en\/wp-json\/wp\/v2\/comments?post=48245"}],"version-history":[{"count":0,"href":"https:\/\/www.apfelpatient.de\/en\/wp-json\/wp\/v2\/posts\/48245\/revisions"}],"wp:featuredmedia":[{"embeddable":true,"href":"https:\/\/www.apfelpatient.de\/en\/wp-json\/wp\/v2\/media\/48244"}],"wp:attachment":[{"href":"https:\/\/www.apfelpatient.de\/en\/wp-json\/wp\/v2\/media?parent=48245"}],"wp:term":[{"taxonomy":"category","embeddable":true,"href":"https:\/\/www.apfelpatient.de\/en\/wp-json\/wp\/v2\/categories?post=48245"},{"taxonomy":"post_tag","embeddable":true,"href":"https:\/\/www.apfelpatient.de\/en\/wp-json\/wp\/v2\/tags?post=48245"}],"curies":[{"name":"wp","href":"https:\/\/api.w.org\/{rel}","templated":true}]}}