{"id":48241,"date":"2024-12-30T10:24:08","date_gmt":"2024-12-30T09:24:08","guid":{"rendered":"https:\/\/www.apfelpatient.de\/?p=48241"},"modified":"2024-12-30T10:31:31","modified_gmt":"2024-12-30T09:31:31","slug":"when-will-the-m4-macbook-air-mac-pro-mac-studio-models-launch","status":"publish","type":"post","link":"https:\/\/www.apfelpatient.de\/en\/allgemein\/wann-starten-die-m4-macbook-air-mac-pro-mac-studio-modelle","title":{"rendered":"When will the M4 MacBook Air, Mac Pro &amp; Mac Studio models launch?"},"content":{"rendered":"<p class=\"has-drop-cap\"><strong>Apple is always in the spotlight of the technology industry when it comes to innovation and powerful devices. The M-series chips have triggered a paradigm shift in the computer world and with the new M4 generation, Apple is setting the bar even higher. But when will the M4 MacBook Air, Mac Studio and Mac Pro models be launched? Below you will find out everything you need to know about the upcoming devices: from the planned release period to the technical innovations.<\/strong><\/p>\n\n\n\n<p>If you&#039;re an Apple fan or just interested in powerful tech, the announcement of new Apple devices is always a highlight. In particular, the introduction of new M chips has changed the way we think about performance, efficiency and design. The upcoming M4 MacBook Air, Mac Studio and Mac Pro models are no exception and promise to push the boundaries of what has been possible so far.<\/p>\n\n\n\n<h3 class=\"wp-block-heading\" id=\"h-m4-macbook-air-das-leichte-arbeitstier-der-zukunft\">M4 MacBook Air: The lightweight workhorse of the future<\/h3>\n\n\n\n<p>The MacBook Air remains Apple&#039;s flagship model for anyone who wants to combine mobility and performance. Apple updated the MacBook Air with M3 chips in spring 2024, but the next revolution is just around the corner.<\/p>\n\n\n\n<h4 class=\"wp-block-heading\" id=\"h-was-kannst-du-erwarten\">What can you expect?<\/h4>\n\n\n\n<p>The release period is between January and March 2025. Technically, you can look forward to the new M4 chip, which comes with at least 16 GB of RAM as standard. Another improvement could be the 12 MP center stage camera with desk view support, which is significantly better than the previous 1080p FaceTime HD camera. The design of the MacBook Air is expected to remain unchanged. The innovations focus entirely on hardware optimization, which continues to make the device the ideal choice for work, study and creative projects.<\/p>\n\n\n\n<h3 class=\"wp-block-heading\" id=\"h-m4-mac-studio-fur-kreative-kopfe-und-profis\">M4 Mac Studio: For creative minds and professionals<\/h3>\n\n\n\n<p>The Mac Studio has established itself as an indispensable tool for creatives and professionals, and with the introduction of the M4 Ultra and M4 Max, it becomes even more impressive.<\/p>\n\n\n\n<h4 class=\"wp-block-heading\" id=\"h-was-wissen-wir-uber-den-neuen-mac-studio\">What do we know about the new Mac Studio?<\/h4>\n\n\n\n<p>The update is planned for between March and June 2025. The Mac Studio is expected to be equipped with the M4 Ultra and M4 Max, which could offer CPUs with up to 32 cores and GPUs with up to 80 cores. It is also almost certain that the new models will include Thunderbolt 5 ports, as already found in the current high-end MacBook Pro models. Thanks to TSMC&#039;s improved manufacturing process, the M4 chip will not only be faster but also more energy efficient. The Mac Studio will therefore continue to be the first choice for video editing, 3D design and other demanding workflows.<\/p>\n\n\n\n<h3 class=\"wp-block-heading\" id=\"h-m4-mac-pro-apples-starkster-desktop-rechner\">M4 Mac Pro: Apple&#039;s most powerful desktop computer<\/h3>\n\n\n\n<p>The Mac Pro is Apple&#039;s most powerful machine and will further cement that position with the introduction of the M4 Ultra or possibly an M4 Extreme chip.<\/p>\n\n\n\n<h4 class=\"wp-block-heading\" id=\"h-was-macht-den-neuen-mac-pro-so-besonders\">What makes the new Mac Pro so special?<\/h4>\n\n\n\n<p>The release period is set for summer 2025. This new chip could offer a CPU with up to 32 cores and a GPU with up to 80 cores. Compared to previous models, the RAM will also be expanded: the next Mac Pro will support up to 512 GB, a significant jump compared to the current 192 GB. Thunderbolt 5 ports and other modern interfaces are also expected to be integrated. With these specifications, the Mac Pro is aimed at professionals with the highest demands, such as in film production, scientific research or artificial intelligence.<\/p>\n\n\n\n<h3 class=\"wp-block-heading\" id=\"h-die-leistung-der-m4-chips\">The performance of the M4 chips<\/h3>\n\n\n\n<p>The M4 chip series is manufactured using TSMC&#039;s improved 3nm process. This manufacturing process enables more performance and greater energy efficiency compared to its predecessors. The M4 chips also contain an advanced neural engine that has been specially optimized for AI-based applications. It can perform up to 38 trillion operations per second, setting new standards in the industry.<\/p>\n\n\n\n<h3 class=\"wp-block-heading\" id=\"h-apple-s-m4-generation-ein-meilenstein-fur-die-mac-reihe\">Apple&#039;s M4 generation: A milestone for the Mac series<\/h3>\n\n\n\n<p class=\"translation-block\">The upcoming M4 generation marks a significant step in Apple&#039;s Mac portfolio. From the MacBook Air to the Mac Studio to the Mac Pro, each of these devices will be faster, more efficient, and more future-proof thanks to the new chips. Users seeking peak performance should keep an eye on the launch of these models. Apple remains true to its philosophy of offering innovative and powerful technology in a distinctive design. Looking for the best accessories? Visit <a href=\"https:\/\/www.amazon.de\/shop\/apfelpatientofficial\" target=\"_blank\" rel=\"noreferrer noopener follow\" data-wpel-link=\"exclude\">our Amazon Storefront<\/a> and discover a wide variety of products from top suppliers, including HomeKit-compatible ones! (Image: Apple)<\/p>\n\n\n\n<ul class=\"wp-block-list\">\n<li><a href=\"https:\/\/www.apfelpatient.de\/en\/generally\/iphone-17-air-the-first-step-into-a-new-era\">iPhone 17 Air: The first step into a new era<\/a><\/li>\n\n\n\n<li><a href=\"https:\/\/www.apfelpatient.de\/en\/tips-tricks\/apple-silicon-how-much-ram-do-you-really-need\">Apple Silicon: How much RAM do you really need?<\/a><\/li>\n\n\n\n<li><a href=\"https:\/\/www.apfelpatient.de\/en\/generally\/homepod-mini-2-the-most-important-rumors-at-a-glance\">HomePod mini 2: The most important rumors at a glance<\/a><\/li>\n\n\n\n<li><a href=\"https:\/\/www.apfelpatient.de\/en\/generally\/apple-new-products-spring-2025-iphone-se-4-airtag-2-more\">Apple&#039;s new products for spring 2025: iPhone SE 4, AirTag 2 &amp; more<\/a><\/li>\n<\/ul>\n\n\n\n<h6 class=\"wp-block-heading translation-block\" id=\"h-kennt-ihr-schon-unsere-amazon-storefront-dort-findet-ihr-eine-handverlesene-auswahl-von-diversen-produkten-f-r-euer-iphone-und-co-viel-spa-beim-st-bern\"><em>Have you already visited our Amazon Storefront? There you&#039;ll find a hand-picked selection of various products for your iPhone and other devices \u2013 <span class=\"has-inline-color has-vivid-red-color\"><a href=\"https:\/\/www.amazon.de\/shop\/apfelpatientofficial\" class=\"ek-link\" data-wpel-link=\"exclude\" rel=\"follow noopener\" target=\"_self\"><span style=\"text-decoration: underline\" class=\"ek-underline\">enjoy browsing<\/span><\/a> !<\/span><\/em><\/h6>\n\n\n\n<h6 class=\"wp-block-heading translation-block\" id=\"h-der-beitrag-enthalt-partnerlinks\">This post contains <a data-type=\"URL\" data-id=\"https:\/\/www.apfelpatient.de\/partnerprogramm\" href=\"https:\/\/www.apfelpatient.de\/en\/partner-program\" data-wpel-link=\"internal\" target=\"_self\">affiliate links<\/a>.<\/h6>","protected":false},"excerpt":{"rendered":"<p>Apple launches the M4 generation: Find out when the new MacBook Air, Mac Studio and Mac Pro models will be available and what they offer.<\/p>","protected":false},"author":2,"featured_media":48240,"comment_status":"closed","ping_status":"closed","sticky":false,"template":"","format":"standard","meta":{"jnews-multi-image_gallery":[],"jnews_single_post":{"format":"standard","override":[{"template":"2","parallax":"1","fullscreen":"1","layout":"right-sidebar","sidebar":"default-sidebar","second_sidebar":"default-sidebar","sticky_sidebar":"1","share_position":"top","share_float_style":"share-monocrhome","show_featured":"1","show_post_meta":"1","show_post_author":"1","show_post_author_image":"1","show_post_date":"1","post_date_format":"default","post_date_format_custom":"Y\/m\/d","show_post_category":"1","show_post_reading_time":"0","post_reading_time_wpm":"300","post_calculate_word_method":"str_word_count","show_zoom_button":"0","zoom_button_out_step":"2","zoom_button_in_step":"3","show_post_tag":"1","show_prev_next_post":"1","show_popup_post":"1","number_popup_post":"1","show_author_box":"0","show_post_related":"0","show_inline_post_related":"0"}],"image_override":[{"single_post_thumbnail_size":"crop-500","single_post_gallery_size":"crop-500"}],"trending_post_position":"meta","trending_post_label":"Trending","sponsored_post_label":"Sponsored by","disable_ad":"0"},"jnews_primary_category":{"id":"2"},"footnotes":""},"categories":[2],"tags":[40,234,704,41],"class_list":["post-48241","post","type-post","status-publish","format-standard","has-post-thumbnail","hentry","category-allgemein","tag-mac","tag-mac-pro","tag-mac-studio","tag-macbook-air"],"yoast_head":"<!-- This site is optimized with the Yoast SEO Premium plugin v27.5 (Yoast SEO v27.5) - https:\/\/yoast.com\/product\/yoast-seo-premium-wordpress\/ -->\n<title>Wann starten die M4 MacBook Air, Mac Pro &amp; Mac Studio Modelle? Apfelpatient<\/title>\n<meta name=\"description\" content=\"Apple bringt die M4-Generation: Finde heraus, wann die neuen MacBook Air, Mac Studio und Mac Pro Modelle verf\u00fcgbar sind und was sie bieten.\" \/>\n<meta name=\"robots\" content=\"index, follow, max-snippet:-1, max-image-preview:large, max-video-preview:-1\" \/>\n<link rel=\"canonical\" href=\"https:\/\/www.apfelpatient.de\/en\/generally\/when-will-the-m4-macbook-air-mac-pro-mac-studio-models-launch\" \/>\n<meta property=\"og:locale\" content=\"en_US\" \/>\n<meta property=\"og:type\" content=\"article\" \/>\n<meta property=\"og:title\" content=\"Wann starten die M4 MacBook Air, Mac Pro &amp; Mac Studio Modelle?\" \/>\n<meta property=\"og:description\" content=\"Apple bringt die M4-Generation: Finde heraus, wann die neuen MacBook Air, Mac Studio und Mac Pro Modelle verf\u00fcgbar sind und was sie bieten.\" \/>\n<meta property=\"og:url\" content=\"https:\/\/www.apfelpatient.de\/en\/generally\/when-will-the-m4-macbook-air-mac-pro-mac-studio-models-launch\" \/>\n<meta property=\"og:site_name\" content=\"Apfelpatient\" \/>\n<meta property=\"article:publisher\" content=\"https:\/\/www.facebook.com\/apfelpatientOfficial\" \/>\n<meta property=\"article:author\" content=\"https:\/\/www.facebook.com\/apfelpatientOfficial\" \/>\n<meta property=\"article:published_time\" content=\"2024-12-30T09:24:08+00:00\" \/>\n<meta property=\"article:modified_time\" content=\"2024-12-30T09:31:31+00:00\" \/>\n<meta property=\"og:image\" content=\"https:\/\/www.apfelpatient.de\/wp-content\/uploads\/2024\/11\/Apple-MacBook-Pro-M4-chip-series-3up-1-2.jpg\" \/>\n\t<meta property=\"og:image:width\" content=\"1600\" \/>\n\t<meta property=\"og:image:height\" content=\"900\" \/>\n\t<meta property=\"og:image:type\" content=\"image\/jpeg\" \/>\n<meta name=\"author\" content=\"Milan\" \/>\n<meta name=\"twitter:card\" content=\"summary_large_image\" \/>\n<meta name=\"twitter:description\" content=\"Apple bringt die M4-Generation: Finde heraus, wann die neuen MacBook Air, Mac Studio und Mac Pro Modelle verf\u00fcgbar sind und was sie bieten.\" \/>\n<meta name=\"twitter:label1\" content=\"Written by\" \/>\n\t<meta name=\"twitter:data1\" content=\"Milan\" \/>\n\t<meta name=\"twitter:label2\" content=\"Est. reading time\" \/>\n\t<meta name=\"twitter:data2\" content=\"5 minutes\" \/>\n<script type=\"application\/ld+json\" class=\"yoast-schema-graph\">{\"@context\":\"https:\\\/\\\/schema.org\",\"@graph\":[{\"@type\":\"NewsArticle\",\"@id\":\"https:\\\/\\\/www.apfelpatient.de\\\/allgemein\\\/wann-starten-die-m4-macbook-air-mac-pro-mac-studio-modelle#article\",\"isPartOf\":{\"@id\":\"https:\\\/\\\/www.apfelpatient.de\\\/allgemein\\\/wann-starten-die-m4-macbook-air-mac-pro-mac-studio-modelle\"},\"author\":{\"@type\":\"Organization\",\"@id\":\"https:\\\/\\\/www.apfelpatient.de\\\/en\\\/#organization\",\"name\":\"Apfelpatient\",\"url\":\"https:\\\/\\\/www.apfelpatient.de\\\/en\\\/\"},\"headline\":\"Wann starten die M4 MacBook Air, Mac Pro &amp; Mac Studio Modelle?\",\"datePublished\":\"2024-12-30T09:24:08+00:00\",\"dateModified\":\"2024-12-30T09:31:31+00:00\",\"mainEntityOfPage\":{\"@id\":\"https:\\\/\\\/www.apfelpatient.de\\\/allgemein\\\/wann-starten-die-m4-macbook-air-mac-pro-mac-studio-modelle\"},\"wordCount\":796,\"publisher\":{\"@type\":\"Organization\",\"@id\":\"https:\\\/\\\/www.apfelpatient.de\\\/en\\\/#organization\",\"name\":\"Apfelpatient\",\"url\":\"https:\\\/\\\/www.apfelpatient.de\\\/en\\\/\"},\"image\":{\"@id\":\"https:\\\/\\\/www.apfelpatient.de\\\/allgemein\\\/wann-starten-die-m4-macbook-air-mac-pro-mac-studio-modelle#primaryimage\"},\"thumbnailUrl\":\"https:\\\/\\\/www.apfelpatient.de\\\/wp-content\\\/uploads\\\/2024\\\/11\\\/Apple-MacBook-Pro-M4-chip-series-3up-1-2.jpg\",\"keywords\":[\"Mac\",\"Mac Pro\",\"Mac Studio\",\"MacBook Air\"],\"articleSection\":\"Allgemein\",\"inLanguage\":\"en-US\",\"copyrightYear\":\"2024\",\"copyrightHolder\":{\"@id\":\"https:\\\/\\\/www.apfelpatient.de\\\/en\\\/#organization\"}},{\"@type\":\"WebPage\",\"@id\":\"https:\\\/\\\/www.apfelpatient.de\\\/allgemein\\\/wann-starten-die-m4-macbook-air-mac-pro-mac-studio-modelle\",\"url\":\"https:\\\/\\\/www.apfelpatient.de\\\/allgemein\\\/wann-starten-die-m4-macbook-air-mac-pro-mac-studio-modelle\",\"name\":\"Wann starten die M4 MacBook Air, Mac Pro &amp; Mac Studio Modelle? Apfelpatient\",\"isPartOf\":{\"@id\":\"https:\\\/\\\/www.apfelpatient.de\\\/#website\"},\"primaryImageOfPage\":{\"@id\":\"https:\\\/\\\/www.apfelpatient.de\\\/allgemein\\\/wann-starten-die-m4-macbook-air-mac-pro-mac-studio-modelle#primaryimage\"},\"image\":{\"@id\":\"https:\\\/\\\/www.apfelpatient.de\\\/allgemein\\\/wann-starten-die-m4-macbook-air-mac-pro-mac-studio-modelle#primaryimage\"},\"thumbnailUrl\":\"https:\\\/\\\/www.apfelpatient.de\\\/wp-content\\\/uploads\\\/2024\\\/11\\\/Apple-MacBook-Pro-M4-chip-series-3up-1-2.jpg\",\"datePublished\":\"2024-12-30T09:24:08+00:00\",\"dateModified\":\"2024-12-30T09:31:31+00:00\",\"description\":\"Apple bringt die M4-Generation: Finde heraus, wann die neuen MacBook Air, Mac Studio und Mac Pro Modelle verf\u00fcgbar sind und was sie bieten.\",\"breadcrumb\":{\"@id\":\"https:\\\/\\\/www.apfelpatient.de\\\/allgemein\\\/wann-starten-die-m4-macbook-air-mac-pro-mac-studio-modelle#breadcrumb\"},\"inLanguage\":\"en-US\",\"potentialAction\":[{\"@type\":\"ReadAction\",\"target\":[\"https:\\\/\\\/www.apfelpatient.de\\\/allgemein\\\/wann-starten-die-m4-macbook-air-mac-pro-mac-studio-modelle\"]}]},{\"@type\":\"ImageObject\",\"inLanguage\":\"en-US\",\"@id\":\"https:\\\/\\\/www.apfelpatient.de\\\/allgemein\\\/wann-starten-die-m4-macbook-air-mac-pro-mac-studio-modelle#primaryimage\",\"url\":\"https:\\\/\\\/www.apfelpatient.de\\\/wp-content\\\/uploads\\\/2024\\\/11\\\/Apple-MacBook-Pro-M4-chip-series-3up-1-2.jpg\",\"contentUrl\":\"https:\\\/\\\/www.apfelpatient.de\\\/wp-content\\\/uploads\\\/2024\\\/11\\\/Apple-MacBook-Pro-M4-chip-series-3up-1-2.jpg\",\"width\":1600,\"height\":900,\"caption\":\"Bild: Apple\"},{\"@type\":\"BreadcrumbList\",\"@id\":\"https:\\\/\\\/www.apfelpatient.de\\\/allgemein\\\/wann-starten-die-m4-macbook-air-mac-pro-mac-studio-modelle#breadcrumb\",\"itemListElement\":[{\"@type\":\"ListItem\",\"position\":1,\"name\":\"Startseite\",\"item\":\"https:\\\/\\\/www.apfelpatient.de\\\/\"},{\"@type\":\"ListItem\",\"position\":2,\"name\":\"Wann starten die M4 MacBook Air, Mac Pro &amp; Mac Studio Modelle?\"}]},{\"@type\":\"WebSite\",\"@id\":\"https:\\\/\\\/www.apfelpatient.de\\\/#website\",\"url\":\"https:\\\/\\\/www.apfelpatient.de\\\/\",\"name\":\"Apfelpatient\",\"description\":\"Alles rund um Apple!\",\"publisher\":{\"@type\":\"Organization\",\"@id\":\"https:\\\/\\\/www.apfelpatient.de\\\/en\\\/#organization\",\"name\":\"Apfelpatient\",\"url\":\"https:\\\/\\\/www.apfelpatient.de\\\/en\\\/\"},\"alternateName\":\"Apfelpatient\",\"potentialAction\":[{\"@type\":\"SearchAction\",\"target\":{\"@type\":\"EntryPoint\",\"urlTemplate\":\"https:\\\/\\\/www.apfelpatient.de\\\/?s={search_term_string}\"},\"query-input\":{\"@type\":\"PropertyValueSpecification\",\"valueRequired\":true,\"valueName\":\"search_term_string\"}}],\"inLanguage\":\"en-US\"},{\"@type\":[\"Person\",\"Organization\"],\"@id\":\"https:\\\/\\\/www.apfelpatient.de\\\/#\\\/schema\\\/person\\\/7dc56ad6c8e9824b76d2c08d4c140e13\",\"name\":\"Milan\",\"logo\":{\"@id\":\"https:\\\/\\\/www.apfelpatient.de\\\/#\\\/schema\\\/person\\\/image\\\/\"},\"description\":\"Hallo und herzlich willkommen auf meinem Technik-Blog! Als gro\u00dfer Apple-Fan berichte ich hier \u00fcber alles, was mit Apple zu tun hat: von den neuesten News und spannenden Ger\u00fcchten \u00fcber hilfreiche Tipps und Tricks bis hin zu ausf\u00fchrlichen Produkttests. Wenn du genauso technikbegeistert bist wie ich, bist du hier genau richtig!\",\"sameAs\":[\"https:\\\/\\\/www.facebook.com\\\/apfelpatientOfficial\",\"https:\\\/\\\/www.linkedin.com\\\/in\\\/milan-jovicic-42aa0231b\"],\"url\":\"https:\\\/\\\/www.apfelpatient.de\\\/en\\\/author\\\/apfeladmin\"}]}<\/script>\n<!-- \/ Yoast SEO Premium plugin. -->","yoast_head_json":{"title":"When will the M4 MacBook Air, Mac Pro &amp; Mac Studio models launch? Apfelpatient","description":"Apple launches the M4 generation: Find out when the new MacBook Air, Mac Studio and Mac Pro models will be available and what they offer.","robots":{"index":"index","follow":"follow","max-snippet":"max-snippet:-1","max-image-preview":"max-image-preview:large","max-video-preview":"max-video-preview:-1"},"canonical":"https:\/\/www.apfelpatient.de\/en\/generally\/when-will-the-m4-macbook-air-mac-pro-mac-studio-models-launch","og_locale":"en_US","og_type":"article","og_title":"Wann starten die M4 MacBook Air, Mac Pro &amp; Mac Studio Modelle?","og_description":"Apple bringt die M4-Generation: Finde heraus, wann die neuen MacBook Air, Mac Studio und Mac Pro Modelle verf\u00fcgbar sind und was sie bieten.","og_url":"https:\/\/www.apfelpatient.de\/en\/generally\/when-will-the-m4-macbook-air-mac-pro-mac-studio-models-launch","og_site_name":"Apfelpatient","article_publisher":"https:\/\/www.facebook.com\/apfelpatientOfficial","article_author":"https:\/\/www.facebook.com\/apfelpatientOfficial","article_published_time":"2024-12-30T09:24:08+00:00","article_modified_time":"2024-12-30T09:31:31+00:00","og_image":[{"width":1600,"height":900,"url":"https:\/\/www.apfelpatient.de\/wp-content\/uploads\/2024\/11\/Apple-MacBook-Pro-M4-chip-series-3up-1-2.jpg","type":"image\/jpeg"}],"author":"Milan","twitter_card":"summary_large_image","twitter_description":"Apple bringt die M4-Generation: Finde heraus, wann die neuen MacBook Air, Mac Studio und Mac Pro Modelle verf\u00fcgbar sind und was sie bieten.","twitter_misc":{"Written by":"Milan","Est. reading time":"5 minutes"},"schema":{"@context":"https:\/\/schema.org","@graph":[{"@type":"NewsArticle","@id":"https:\/\/www.apfelpatient.de\/allgemein\/wann-starten-die-m4-macbook-air-mac-pro-mac-studio-modelle#article","isPartOf":{"@id":"https:\/\/www.apfelpatient.de\/allgemein\/wann-starten-die-m4-macbook-air-mac-pro-mac-studio-modelle"},"author":{"@type":"Organization","@id":"https:\/\/www.apfelpatient.de\/en\/#organization","name":"Apfelpatient","url":"https:\/\/www.apfelpatient.de\/en\/"},"headline":"Wann starten die M4 MacBook Air, Mac Pro &amp; Mac Studio Modelle?","datePublished":"2024-12-30T09:24:08+00:00","dateModified":"2024-12-30T09:31:31+00:00","mainEntityOfPage":{"@id":"https:\/\/www.apfelpatient.de\/allgemein\/wann-starten-die-m4-macbook-air-mac-pro-mac-studio-modelle"},"wordCount":796,"publisher":{"@type":"Organization","@id":"https:\/\/www.apfelpatient.de\/en\/#organization","name":"Apfelpatient","url":"https:\/\/www.apfelpatient.de\/en\/"},"image":{"@id":"https:\/\/www.apfelpatient.de\/allgemein\/wann-starten-die-m4-macbook-air-mac-pro-mac-studio-modelle#primaryimage"},"thumbnailUrl":"https:\/\/www.apfelpatient.de\/wp-content\/uploads\/2024\/11\/Apple-MacBook-Pro-M4-chip-series-3up-1-2.jpg","keywords":["Mac","Mac Pro","Mac Studio","MacBook Air"],"articleSection":"Allgemein","inLanguage":"en-US","copyrightYear":"2024","copyrightHolder":{"@id":"https:\/\/www.apfelpatient.de\/en\/#organization"}},{"@type":"WebPage","@id":"https:\/\/www.apfelpatient.de\/allgemein\/wann-starten-die-m4-macbook-air-mac-pro-mac-studio-modelle","url":"https:\/\/www.apfelpatient.de\/allgemein\/wann-starten-die-m4-macbook-air-mac-pro-mac-studio-modelle","name":"When will the M4 MacBook Air, Mac Pro &amp; Mac Studio models launch? Apfelpatient","isPartOf":{"@id":"https:\/\/www.apfelpatient.de\/#website"},"primaryImageOfPage":{"@id":"https:\/\/www.apfelpatient.de\/allgemein\/wann-starten-die-m4-macbook-air-mac-pro-mac-studio-modelle#primaryimage"},"image":{"@id":"https:\/\/www.apfelpatient.de\/allgemein\/wann-starten-die-m4-macbook-air-mac-pro-mac-studio-modelle#primaryimage"},"thumbnailUrl":"https:\/\/www.apfelpatient.de\/wp-content\/uploads\/2024\/11\/Apple-MacBook-Pro-M4-chip-series-3up-1-2.jpg","datePublished":"2024-12-30T09:24:08+00:00","dateModified":"2024-12-30T09:31:31+00:00","description":"Apple launches the M4 generation: Find out when the new MacBook Air, Mac Studio and Mac Pro models will be available and what they offer.","breadcrumb":{"@id":"https:\/\/www.apfelpatient.de\/allgemein\/wann-starten-die-m4-macbook-air-mac-pro-mac-studio-modelle#breadcrumb"},"inLanguage":"en-US","potentialAction":[{"@type":"ReadAction","target":["https:\/\/www.apfelpatient.de\/allgemein\/wann-starten-die-m4-macbook-air-mac-pro-mac-studio-modelle"]}]},{"@type":"ImageObject","inLanguage":"en-US","@id":"https:\/\/www.apfelpatient.de\/allgemein\/wann-starten-die-m4-macbook-air-mac-pro-mac-studio-modelle#primaryimage","url":"https:\/\/www.apfelpatient.de\/wp-content\/uploads\/2024\/11\/Apple-MacBook-Pro-M4-chip-series-3up-1-2.jpg","contentUrl":"https:\/\/www.apfelpatient.de\/wp-content\/uploads\/2024\/11\/Apple-MacBook-Pro-M4-chip-series-3up-1-2.jpg","width":1600,"height":900,"caption":"Bild: Apple"},{"@type":"BreadcrumbList","@id":"https:\/\/www.apfelpatient.de\/allgemein\/wann-starten-die-m4-macbook-air-mac-pro-mac-studio-modelle#breadcrumb","itemListElement":[{"@type":"ListItem","position":1,"name":"Startseite","item":"https:\/\/www.apfelpatient.de\/"},{"@type":"ListItem","position":2,"name":"Wann starten die M4 MacBook Air, Mac Pro &amp; Mac Studio Modelle?"}]},{"@type":"WebSite","@id":"https:\/\/www.apfelpatient.de\/#website","url":"https:\/\/www.apfelpatient.de\/","name":"apple patient","description":"Everything about Apple!","publisher":{"@type":"Organization","@id":"https:\/\/www.apfelpatient.de\/en\/#organization","name":"Apfelpatient","url":"https:\/\/www.apfelpatient.de\/en\/"},"alternateName":"Apfelpatient","potentialAction":[{"@type":"SearchAction","target":{"@type":"EntryPoint","urlTemplate":"https:\/\/www.apfelpatient.de\/?s={search_term_string}"},"query-input":{"@type":"PropertyValueSpecification","valueRequired":true,"valueName":"search_term_string"}}],"inLanguage":"en-US"},{"@type":["Person","Organization"],"@id":"https:\/\/www.apfelpatient.de\/#\/schema\/person\/7dc56ad6c8e9824b76d2c08d4c140e13","name":"Milan","logo":{"@id":"https:\/\/www.apfelpatient.de\/#\/schema\/person\/image\/"},"description":"Hello and welcome to my technology blog! As a big Apple fan, I report on everything to do with Apple: from the latest news and exciting rumors to helpful tips and tricks and detailed product tests. If you are as enthusiastic about technology as I am, you have come to the right place!","sameAs":["https:\/\/www.facebook.com\/apfelpatientOfficial","https:\/\/www.linkedin.com\/in\/milan-jovicic-42aa0231b"],"url":"https:\/\/www.apfelpatient.de\/en\/author\/apfeladmin"}]}},"_links":{"self":[{"href":"https:\/\/www.apfelpatient.de\/en\/wp-json\/wp\/v2\/posts\/48241","targetHints":{"allow":["GET"]}}],"collection":[{"href":"https:\/\/www.apfelpatient.de\/en\/wp-json\/wp\/v2\/posts"}],"about":[{"href":"https:\/\/www.apfelpatient.de\/en\/wp-json\/wp\/v2\/types\/post"}],"author":[{"embeddable":true,"href":"https:\/\/www.apfelpatient.de\/en\/wp-json\/wp\/v2\/users\/2"}],"replies":[{"embeddable":true,"href":"https:\/\/www.apfelpatient.de\/en\/wp-json\/wp\/v2\/comments?post=48241"}],"version-history":[{"count":0,"href":"https:\/\/www.apfelpatient.de\/en\/wp-json\/wp\/v2\/posts\/48241\/revisions"}],"wp:featuredmedia":[{"embeddable":true,"href":"https:\/\/www.apfelpatient.de\/en\/wp-json\/wp\/v2\/media\/48240"}],"wp:attachment":[{"href":"https:\/\/www.apfelpatient.de\/en\/wp-json\/wp\/v2\/media?parent=48241"}],"wp:term":[{"taxonomy":"category","embeddable":true,"href":"https:\/\/www.apfelpatient.de\/en\/wp-json\/wp\/v2\/categories?post=48241"},{"taxonomy":"post_tag","embeddable":true,"href":"https:\/\/www.apfelpatient.de\/en\/wp-json\/wp\/v2\/tags?post=48241"}],"curies":[{"name":"wp","href":"https:\/\/api.w.org\/{rel}","templated":true}]}}