{"id":48086,"date":"2024-11-17T17:17:48","date_gmt":"2024-11-17T16:17:48","guid":{"rendered":"https:\/\/www.apfelpatient.de\/?p=48086"},"modified":"2024-11-17T17:17:49","modified_gmt":"2024-11-17T16:17:49","slug":"the-return-of-a-vision-comes-the-apple-tv","status":"publish","type":"post","link":"https:\/\/www.apfelpatient.de\/en\/rumors\/die-rueckkehr-einer-vision-kommt-der-apple-fernseher","title":{"rendered":"The return of a vision \u2013 Is the Apple TV coming?"},"content":{"rendered":"<p class=\"has-drop-cap\"><strong>Apple is known for revolutionizing industries. From the first iPhone to the launch of the Apple Watch, the company has regularly set new standards. Now Apple could once again take a bold step: returning to the idea of its own television. Rumors of a possible Apple television were already circulating between 2009 and 2011, but these came to nothing. But according to Mark Gurman of Bloomberg, this vision could be revived.<\/strong><\/p>\n\n\n\n<p>Before we delve into the details of the new rumors, it&#039;s worth looking back. Apple is a master at redefining technology. Just think of the music market with the iPod or the smartphone with the iPhone. But why has Apple held off on entering the TV market for so long? Steve Jobs announced over a decade ago that he wanted to &quot;reinvent&quot; the TV - a vision that went unnoticed at the time. Now, years later, the idea seems to be taking shape again.<\/p>\n\n\n\n<h4 class=\"wp-block-heading\" id=\"h-die-ruckkehr-der-vision\">The Return of the Vision<\/h4>\n\n\n\n<p>Mark Gurman <a href=\"https:\/\/www.bloomberg.com\/news\/newsletters\/2024-11-17\/how-will-president-donald-trump-s-new-tariffs-affect-apple-products-and-prices-m3lnfx64\" target=\"_blank\" rel=\"noreferrer noopener\">reported<\/a>that Apple is currently evaluating the development of a television. This project could be part of Apple&#039;s growing focus on smart home devices. While few details are currently known, an Apple TV would be a logical addition to the Apple ecosystem.<\/p>\n\n\n\n<h4 class=\"wp-block-heading\" id=\"h-warum-gerade-jetzt\">Why now?<\/h4>\n\n\n\n<p>The smart TV market is now more mature than ever, with many sets from brands like LG, Samsung, and Vizio already supporting Apple services like AirPlay, HomeKit, and Apple TV+. Having your own TV could allow for deeper integration that goes far beyond what third-party providers can deliver.<\/p>\n\n\n\n<h4 class=\"wp-block-heading\" id=\"h-apples-moglicher-marktvorteil\">Apple&#039;s possible market advantage<\/h4>\n\n\n\n<p>Apple is known for its ability to seamlessly combine design and function. A TV from Cupertino could:<\/p>\n\n\n\n<ul class=\"wp-block-list\">\n<li>Offer a minimalist, high-quality design that matches Apple&#039;s aesthetic.<\/li>\n\n\n\n<li>Enable optimized hardware-software integration, similar to the iPhone or Mac.<\/li>\n\n\n\n<li>Introduce revolutionary user interfaces that increase convenience.<\/li>\n<\/ul>\n\n\n\n<h4 class=\"wp-block-heading\" id=\"h-ein-beispiel-fur-die-zukunft\">An example for the future<\/h4>\n\n\n\n<p>Imagine being able to control your TV with Siri without the need for a remote. Your iPhone could act as a secondary screen while your Mac streams content seamlessly. All wrapped up in an intuitively designed interface - that&#039;s exactly what the Apple TV could offer.<\/p>\n\n\n\n<h4 class=\"wp-block-heading\" id=\"h-herausforderungen-im-tv-markt\">Challenges in the TV market<\/h4>\n\n\n\n<p>However, the TV industry is not easy to penetrate:<\/p>\n\n\n\n<ul class=\"wp-block-list\">\n<li>Tough competition: Brands like LG and Samsung dominate the market with first-class displays and competitive prices.<\/li>\n\n\n\n<li>Low profit margins: Selling televisions often offers little scope for high profits.<\/li>\n\n\n\n<li>High customer expectations: Apple would have to deliver exceptional performance and innovation to compete against established players.<\/li>\n<\/ul>\n\n\n\n<p>Nevertheless, Apple has often shown that it can succeed even in highly competitive markets. One potential approach could be a high-end model that specifically targets premium customers - similar to the Pro models of the iPhone.<\/p>\n\n\n\n<h4 class=\"wp-block-heading\" id=\"h-was-sagen-experten\">What do experts say?<\/h4>\n\n\n\n<p>Steve Jobs&#039; statement in 2010 that he had &quot;finally cracked&quot; the television is a cause for concern. His vision of a simple user interface could point the way. But Tim Cook once expressed skepticism about the TV market. This attitude could now change as smart home and entertainment grow ever closer together.<\/p>\n\n\n\n<h3 class=\"wp-block-heading\" id=\"h-der-traum-vom-apple-fernseher\">The dream of the Apple TV<\/h3>\n\n\n\n<p>The idea of an Apple TV is undoubtedly exciting. Even though the project is still in its early stages, it shows that Apple remains willing to explore new markets. If the company takes the plunge, it could change the TV market in ways it has already done in other areas. Whether and when an Apple TV will become a reality remains to be seen. But one thing is certain: if Apple does take this step, it won&#039;t be just another smart TV - it will create a completely new experience. Stay tuned, because the world of entertainment could soon be revolutionized! (Photo by Unsplash+ \/ Getty Images)<\/p>\n\n\n\n<ul class=\"wp-block-list\">\n<li><a href=\"https:\/\/www.apfelpatient.de\/en\/tests-experience-reports\/test-of-the-new-clicks-keyboard-for-iphone-16-pro-max\">The new Clicks Keyboard for iPhone 16 Pro Max in review<\/a><\/li>\n<\/ul>\n\n\n\n<h6 class=\"wp-block-heading translation-block\" id=\"h-kennt-ihr-schon-unsere-amazon-storefront-dort-findet-ihr-eine-handverlesene-auswahl-von-diversen-produkten-f-r-euer-iphone-und-co-viel-spa-beim-st-bern\"><em>Have you already visited our Amazon Storefront? There you&#039;ll find a hand-picked selection of various products for your iPhone and other devices \u2013 <span class=\"has-inline-color has-vivid-red-color\"><a href=\"https:\/\/www.amazon.de\/shop\/apfelpatientofficial\" class=\"ek-link\" data-wpel-link=\"exclude\" rel=\"follow noopener\" target=\"_self\"><span style=\"text-decoration: underline\" class=\"ek-underline\">enjoy browsing<\/span><\/a> !<\/span><\/em><\/h6>\n\n\n\n<h6 class=\"wp-block-heading translation-block\" id=\"h-der-beitrag-enthalt-partnerlinks\">This post contains <a data-type=\"URL\" data-id=\"https:\/\/www.apfelpatient.de\/partnerprogramm\" href=\"https:\/\/www.apfelpatient.de\/en\/partner-program\" data-wpel-link=\"internal\" target=\"_self\">affiliate links<\/a>.<\/h6>","protected":false},"excerpt":{"rendered":"<p>Is the Apple TV coming? New rumors suggest a return of this visionary idea. Find out more now!<\/p>","protected":false},"author":2,"featured_media":48082,"comment_status":"closed","ping_status":"closed","sticky":false,"template":"","format":"standard","meta":{"jnews-multi-image_gallery":[],"jnews_single_post":{"format":"standard","override":[{"template":"2","parallax":"1","fullscreen":"1","layout":"right-sidebar","sidebar":"default-sidebar","second_sidebar":"default-sidebar","sticky_sidebar":"1","share_position":"top","share_float_style":"share-monocrhome","show_featured":"1","show_post_meta":"1","show_post_author":"1","show_post_author_image":"1","show_post_date":"1","post_date_format":"default","post_date_format_custom":"Y\/m\/d","show_post_category":"1","show_post_reading_time":"0","post_reading_time_wpm":"300","post_calculate_word_method":"str_word_count","show_zoom_button":"0","zoom_button_out_step":"2","zoom_button_in_step":"3","show_post_tag":"1","show_prev_next_post":"1","show_popup_post":"1","number_popup_post":"1","show_author_box":"0","show_post_related":"0","show_inline_post_related":"0"}],"image_override":[{"single_post_thumbnail_size":"crop-500","single_post_gallery_size":"crop-500"}],"trending_post_position":"meta","trending_post_label":"Trending","sponsored_post_label":"Sponsored by","disable_ad":"0"},"jnews_primary_category":{"id":"25"},"footnotes":""},"categories":[25],"tags":[156,13],"class_list":["post-48086","post","type-post","status-publish","format-standard","has-post-thumbnail","hentry","category-rumors","tag-apple-tv","tag-techpatient"],"yoast_head":"<!-- This site is optimized with the Yoast SEO Premium plugin v27.5 (Yoast SEO v27.5) - https:\/\/yoast.com\/product\/yoast-seo-premium-wordpress\/ -->\n<title>Die R\u00fcckkehr einer Vision \u2013 Kommt der Apple-Fernseher? Apfelpatient<\/title>\n<meta name=\"description\" content=\"Kommt der Apple-Fernseher? Neue Ger\u00fcchte deuten auf eine R\u00fcckkehr dieser vision\u00e4ren Idee hin. Erfahre jetzt mehr!\" \/>\n<meta name=\"robots\" content=\"index, follow, max-snippet:-1, max-image-preview:large, max-video-preview:-1\" \/>\n<link rel=\"canonical\" href=\"https:\/\/www.apfelpatient.de\/en\/rumors\/the-return-of-a-vision-comes-the-apple-tv\" \/>\n<meta property=\"og:locale\" content=\"en_US\" \/>\n<meta property=\"og:type\" content=\"article\" \/>\n<meta property=\"og:title\" content=\"Die R\u00fcckkehr einer Vision \u2013 Kommt der Apple-Fernseher?\" \/>\n<meta property=\"og:description\" content=\"Kommt der Apple-Fernseher? Neue Ger\u00fcchte deuten auf eine R\u00fcckkehr dieser vision\u00e4ren Idee hin. Erfahre jetzt mehr!\" \/>\n<meta property=\"og:url\" content=\"https:\/\/www.apfelpatient.de\/en\/rumors\/the-return-of-a-vision-comes-the-apple-tv\" \/>\n<meta property=\"og:site_name\" content=\"Apfelpatient\" \/>\n<meta property=\"article:publisher\" content=\"https:\/\/www.facebook.com\/apfelpatientOfficial\" \/>\n<meta property=\"article:author\" content=\"https:\/\/www.facebook.com\/apfelpatientOfficial\" \/>\n<meta property=\"article:published_time\" content=\"2024-11-17T16:17:48+00:00\" \/>\n<meta property=\"article:modified_time\" content=\"2024-11-17T16:17:49+00:00\" \/>\n<meta property=\"og:image\" content=\"https:\/\/www.apfelpatient.de\/wp-content\/uploads\/2024\/11\/getty-images-DsIIE5mc2ZE-unsplash.jpg\" \/>\n\t<meta property=\"og:image:width\" content=\"1600\" \/>\n\t<meta property=\"og:image:height\" content=\"1200\" \/>\n\t<meta property=\"og:image:type\" content=\"image\/jpeg\" \/>\n<meta name=\"author\" content=\"Milan\" \/>\n<meta name=\"twitter:card\" content=\"summary_large_image\" \/>\n<meta name=\"twitter:description\" content=\"Kommt der Apple-Fernseher? Neue Ger\u00fcchte deuten auf eine R\u00fcckkehr dieser vision\u00e4ren Idee hin. Erfahre jetzt mehr!\" \/>\n<meta name=\"twitter:label1\" content=\"Written by\" \/>\n\t<meta name=\"twitter:data1\" content=\"Milan\" \/>\n\t<meta name=\"twitter:label2\" content=\"Est. reading time\" \/>\n\t<meta name=\"twitter:data2\" content=\"4 minutes\" \/>\n<script type=\"application\/ld+json\" class=\"yoast-schema-graph\">{\"@context\":\"https:\\\/\\\/schema.org\",\"@graph\":[{\"@type\":\"NewsArticle\",\"@id\":\"https:\\\/\\\/www.apfelpatient.de\\\/rumors\\\/die-rueckkehr-einer-vision-kommt-der-apple-fernseher#article\",\"isPartOf\":{\"@id\":\"https:\\\/\\\/www.apfelpatient.de\\\/rumors\\\/die-rueckkehr-einer-vision-kommt-der-apple-fernseher\"},\"author\":{\"@type\":\"Organization\",\"@id\":\"https:\\\/\\\/www.apfelpatient.de\\\/en\\\/#organization\",\"name\":\"Apfelpatient\",\"url\":\"https:\\\/\\\/www.apfelpatient.de\\\/en\\\/\"},\"headline\":\"Die R\u00fcckkehr einer Vision \u2013 Kommt der Apple-Fernseher?\",\"datePublished\":\"2024-11-17T16:17:48+00:00\",\"dateModified\":\"2024-11-17T16:17:49+00:00\",\"mainEntityOfPage\":{\"@id\":\"https:\\\/\\\/www.apfelpatient.de\\\/rumors\\\/die-rueckkehr-einer-vision-kommt-der-apple-fernseher\"},\"wordCount\":658,\"publisher\":{\"@type\":\"Organization\",\"@id\":\"https:\\\/\\\/www.apfelpatient.de\\\/en\\\/#organization\",\"name\":\"Apfelpatient\",\"url\":\"https:\\\/\\\/www.apfelpatient.de\\\/en\\\/\"},\"image\":{\"@id\":\"https:\\\/\\\/www.apfelpatient.de\\\/rumors\\\/die-rueckkehr-einer-vision-kommt-der-apple-fernseher#primaryimage\"},\"thumbnailUrl\":\"https:\\\/\\\/www.apfelpatient.de\\\/wp-content\\\/uploads\\\/2024\\\/11\\\/getty-images-DsIIE5mc2ZE-unsplash.jpg\",\"keywords\":[\"Apple TV\",\"TechPatient\"],\"articleSection\":\"Rumors\",\"inLanguage\":\"en-US\",\"copyrightYear\":\"2024\",\"copyrightHolder\":{\"@id\":\"https:\\\/\\\/www.apfelpatient.de\\\/en\\\/#organization\"}},{\"@type\":\"WebPage\",\"@id\":\"https:\\\/\\\/www.apfelpatient.de\\\/rumors\\\/die-rueckkehr-einer-vision-kommt-der-apple-fernseher\",\"url\":\"https:\\\/\\\/www.apfelpatient.de\\\/rumors\\\/die-rueckkehr-einer-vision-kommt-der-apple-fernseher\",\"name\":\"Die R\u00fcckkehr einer Vision \u2013 Kommt der Apple-Fernseher? Apfelpatient\",\"isPartOf\":{\"@id\":\"https:\\\/\\\/www.apfelpatient.de\\\/#website\"},\"primaryImageOfPage\":{\"@id\":\"https:\\\/\\\/www.apfelpatient.de\\\/rumors\\\/die-rueckkehr-einer-vision-kommt-der-apple-fernseher#primaryimage\"},\"image\":{\"@id\":\"https:\\\/\\\/www.apfelpatient.de\\\/rumors\\\/die-rueckkehr-einer-vision-kommt-der-apple-fernseher#primaryimage\"},\"thumbnailUrl\":\"https:\\\/\\\/www.apfelpatient.de\\\/wp-content\\\/uploads\\\/2024\\\/11\\\/getty-images-DsIIE5mc2ZE-unsplash.jpg\",\"datePublished\":\"2024-11-17T16:17:48+00:00\",\"dateModified\":\"2024-11-17T16:17:49+00:00\",\"description\":\"Kommt der Apple-Fernseher? Neue Ger\u00fcchte deuten auf eine R\u00fcckkehr dieser vision\u00e4ren Idee hin. Erfahre jetzt mehr!\",\"breadcrumb\":{\"@id\":\"https:\\\/\\\/www.apfelpatient.de\\\/rumors\\\/die-rueckkehr-einer-vision-kommt-der-apple-fernseher#breadcrumb\"},\"inLanguage\":\"en-US\",\"potentialAction\":[{\"@type\":\"ReadAction\",\"target\":[\"https:\\\/\\\/www.apfelpatient.de\\\/rumors\\\/die-rueckkehr-einer-vision-kommt-der-apple-fernseher\"]}]},{\"@type\":\"ImageObject\",\"inLanguage\":\"en-US\",\"@id\":\"https:\\\/\\\/www.apfelpatient.de\\\/rumors\\\/die-rueckkehr-einer-vision-kommt-der-apple-fernseher#primaryimage\",\"url\":\"https:\\\/\\\/www.apfelpatient.de\\\/wp-content\\\/uploads\\\/2024\\\/11\\\/getty-images-DsIIE5mc2ZE-unsplash.jpg\",\"contentUrl\":\"https:\\\/\\\/www.apfelpatient.de\\\/wp-content\\\/uploads\\\/2024\\\/11\\\/getty-images-DsIIE5mc2ZE-unsplash.jpg\",\"width\":1600,\"height\":1200,\"caption\":\"Photo by Unsplash+ \\\/ Getty Images\"},{\"@type\":\"BreadcrumbList\",\"@id\":\"https:\\\/\\\/www.apfelpatient.de\\\/rumors\\\/die-rueckkehr-einer-vision-kommt-der-apple-fernseher#breadcrumb\",\"itemListElement\":[{\"@type\":\"ListItem\",\"position\":1,\"name\":\"Startseite\",\"item\":\"https:\\\/\\\/www.apfelpatient.de\\\/\"},{\"@type\":\"ListItem\",\"position\":2,\"name\":\"Die R\u00fcckkehr einer Vision \u2013 Kommt der Apple-Fernseher?\"}]},{\"@type\":\"WebSite\",\"@id\":\"https:\\\/\\\/www.apfelpatient.de\\\/#website\",\"url\":\"https:\\\/\\\/www.apfelpatient.de\\\/\",\"name\":\"Apfelpatient\",\"description\":\"Alles rund um Apple!\",\"publisher\":{\"@type\":\"Organization\",\"@id\":\"https:\\\/\\\/www.apfelpatient.de\\\/en\\\/#organization\",\"name\":\"Apfelpatient\",\"url\":\"https:\\\/\\\/www.apfelpatient.de\\\/en\\\/\"},\"alternateName\":\"Apfelpatient\",\"potentialAction\":[{\"@type\":\"SearchAction\",\"target\":{\"@type\":\"EntryPoint\",\"urlTemplate\":\"https:\\\/\\\/www.apfelpatient.de\\\/?s={search_term_string}\"},\"query-input\":{\"@type\":\"PropertyValueSpecification\",\"valueRequired\":true,\"valueName\":\"search_term_string\"}}],\"inLanguage\":\"en-US\"},{\"@type\":[\"Person\",\"Organization\"],\"@id\":\"https:\\\/\\\/www.apfelpatient.de\\\/#\\\/schema\\\/person\\\/7dc56ad6c8e9824b76d2c08d4c140e13\",\"name\":\"Milan\",\"logo\":{\"@id\":\"https:\\\/\\\/www.apfelpatient.de\\\/#\\\/schema\\\/person\\\/image\\\/\"},\"description\":\"Hallo und herzlich willkommen auf meinem Technik-Blog! Als gro\u00dfer Apple-Fan berichte ich hier \u00fcber alles, was mit Apple zu tun hat: von den neuesten News und spannenden Ger\u00fcchten \u00fcber hilfreiche Tipps und Tricks bis hin zu ausf\u00fchrlichen Produkttests. Wenn du genauso technikbegeistert bist wie ich, bist du hier genau richtig!\",\"sameAs\":[\"https:\\\/\\\/www.facebook.com\\\/apfelpatientOfficial\",\"https:\\\/\\\/www.linkedin.com\\\/in\\\/milan-jovicic-42aa0231b\"],\"url\":\"https:\\\/\\\/www.apfelpatient.de\\\/en\\\/author\\\/apfeladmin\"}]}<\/script>\n<!-- \/ Yoast SEO Premium plugin. -->","yoast_head_json":{"title":"The return of a vision \u2013 Is the Apple TV coming? Apfelpatient","description":"Is the Apple TV coming? New rumors suggest a return of this visionary idea. Find out more now!","robots":{"index":"index","follow":"follow","max-snippet":"max-snippet:-1","max-image-preview":"max-image-preview:large","max-video-preview":"max-video-preview:-1"},"canonical":"https:\/\/www.apfelpatient.de\/en\/rumors\/the-return-of-a-vision-comes-the-apple-tv","og_locale":"en_US","og_type":"article","og_title":"Die R\u00fcckkehr einer Vision \u2013 Kommt der Apple-Fernseher?","og_description":"Kommt der Apple-Fernseher? Neue Ger\u00fcchte deuten auf eine R\u00fcckkehr dieser vision\u00e4ren Idee hin. Erfahre jetzt mehr!","og_url":"https:\/\/www.apfelpatient.de\/en\/rumors\/the-return-of-a-vision-comes-the-apple-tv","og_site_name":"Apfelpatient","article_publisher":"https:\/\/www.facebook.com\/apfelpatientOfficial","article_author":"https:\/\/www.facebook.com\/apfelpatientOfficial","article_published_time":"2024-11-17T16:17:48+00:00","article_modified_time":"2024-11-17T16:17:49+00:00","og_image":[{"width":1600,"height":1200,"url":"https:\/\/www.apfelpatient.de\/wp-content\/uploads\/2024\/11\/getty-images-DsIIE5mc2ZE-unsplash.jpg","type":"image\/jpeg"}],"author":"Milan","twitter_card":"summary_large_image","twitter_description":"Kommt der Apple-Fernseher? Neue Ger\u00fcchte deuten auf eine R\u00fcckkehr dieser vision\u00e4ren Idee hin. Erfahre jetzt mehr!","twitter_misc":{"Written by":"Milan","Est. reading time":"4 minutes"},"schema":{"@context":"https:\/\/schema.org","@graph":[{"@type":"NewsArticle","@id":"https:\/\/www.apfelpatient.de\/rumors\/die-rueckkehr-einer-vision-kommt-der-apple-fernseher#article","isPartOf":{"@id":"https:\/\/www.apfelpatient.de\/rumors\/die-rueckkehr-einer-vision-kommt-der-apple-fernseher"},"author":{"@type":"Organization","@id":"https:\/\/www.apfelpatient.de\/en\/#organization","name":"Apfelpatient","url":"https:\/\/www.apfelpatient.de\/en\/"},"headline":"Die R\u00fcckkehr einer Vision \u2013 Kommt der Apple-Fernseher?","datePublished":"2024-11-17T16:17:48+00:00","dateModified":"2024-11-17T16:17:49+00:00","mainEntityOfPage":{"@id":"https:\/\/www.apfelpatient.de\/rumors\/die-rueckkehr-einer-vision-kommt-der-apple-fernseher"},"wordCount":658,"publisher":{"@type":"Organization","@id":"https:\/\/www.apfelpatient.de\/en\/#organization","name":"Apfelpatient","url":"https:\/\/www.apfelpatient.de\/en\/"},"image":{"@id":"https:\/\/www.apfelpatient.de\/rumors\/die-rueckkehr-einer-vision-kommt-der-apple-fernseher#primaryimage"},"thumbnailUrl":"https:\/\/www.apfelpatient.de\/wp-content\/uploads\/2024\/11\/getty-images-DsIIE5mc2ZE-unsplash.jpg","keywords":["Apple TV","TechPatient"],"articleSection":"Rumors","inLanguage":"en-US","copyrightYear":"2024","copyrightHolder":{"@id":"https:\/\/www.apfelpatient.de\/en\/#organization"}},{"@type":"WebPage","@id":"https:\/\/www.apfelpatient.de\/rumors\/die-rueckkehr-einer-vision-kommt-der-apple-fernseher","url":"https:\/\/www.apfelpatient.de\/rumors\/die-rueckkehr-einer-vision-kommt-der-apple-fernseher","name":"The return of a vision \u2013 Is the Apple TV coming? Apfelpatient","isPartOf":{"@id":"https:\/\/www.apfelpatient.de\/#website"},"primaryImageOfPage":{"@id":"https:\/\/www.apfelpatient.de\/rumors\/die-rueckkehr-einer-vision-kommt-der-apple-fernseher#primaryimage"},"image":{"@id":"https:\/\/www.apfelpatient.de\/rumors\/die-rueckkehr-einer-vision-kommt-der-apple-fernseher#primaryimage"},"thumbnailUrl":"https:\/\/www.apfelpatient.de\/wp-content\/uploads\/2024\/11\/getty-images-DsIIE5mc2ZE-unsplash.jpg","datePublished":"2024-11-17T16:17:48+00:00","dateModified":"2024-11-17T16:17:49+00:00","description":"Is the Apple TV coming? New rumors suggest a return of this visionary idea. Find out more now!","breadcrumb":{"@id":"https:\/\/www.apfelpatient.de\/rumors\/die-rueckkehr-einer-vision-kommt-der-apple-fernseher#breadcrumb"},"inLanguage":"en-US","potentialAction":[{"@type":"ReadAction","target":["https:\/\/www.apfelpatient.de\/rumors\/die-rueckkehr-einer-vision-kommt-der-apple-fernseher"]}]},{"@type":"ImageObject","inLanguage":"en-US","@id":"https:\/\/www.apfelpatient.de\/rumors\/die-rueckkehr-einer-vision-kommt-der-apple-fernseher#primaryimage","url":"https:\/\/www.apfelpatient.de\/wp-content\/uploads\/2024\/11\/getty-images-DsIIE5mc2ZE-unsplash.jpg","contentUrl":"https:\/\/www.apfelpatient.de\/wp-content\/uploads\/2024\/11\/getty-images-DsIIE5mc2ZE-unsplash.jpg","width":1600,"height":1200,"caption":"Photo by Unsplash+ \/ Getty Images"},{"@type":"BreadcrumbList","@id":"https:\/\/www.apfelpatient.de\/rumors\/die-rueckkehr-einer-vision-kommt-der-apple-fernseher#breadcrumb","itemListElement":[{"@type":"ListItem","position":1,"name":"Startseite","item":"https:\/\/www.apfelpatient.de\/"},{"@type":"ListItem","position":2,"name":"Die R\u00fcckkehr einer Vision \u2013 Kommt der Apple-Fernseher?"}]},{"@type":"WebSite","@id":"https:\/\/www.apfelpatient.de\/#website","url":"https:\/\/www.apfelpatient.de\/","name":"apple patient","description":"Everything about Apple!","publisher":{"@type":"Organization","@id":"https:\/\/www.apfelpatient.de\/en\/#organization","name":"Apfelpatient","url":"https:\/\/www.apfelpatient.de\/en\/"},"alternateName":"Apfelpatient","potentialAction":[{"@type":"SearchAction","target":{"@type":"EntryPoint","urlTemplate":"https:\/\/www.apfelpatient.de\/?s={search_term_string}"},"query-input":{"@type":"PropertyValueSpecification","valueRequired":true,"valueName":"search_term_string"}}],"inLanguage":"en-US"},{"@type":["Person","Organization"],"@id":"https:\/\/www.apfelpatient.de\/#\/schema\/person\/7dc56ad6c8e9824b76d2c08d4c140e13","name":"Milan","logo":{"@id":"https:\/\/www.apfelpatient.de\/#\/schema\/person\/image\/"},"description":"Hello and welcome to my technology blog! As a big Apple fan, I report on everything to do with Apple: from the latest news and exciting rumors to helpful tips and tricks and detailed product tests. If you are as enthusiastic about technology as I am, you have come to the right place!","sameAs":["https:\/\/www.facebook.com\/apfelpatientOfficial","https:\/\/www.linkedin.com\/in\/milan-jovicic-42aa0231b"],"url":"https:\/\/www.apfelpatient.de\/en\/author\/apfeladmin"}]}},"_links":{"self":[{"href":"https:\/\/www.apfelpatient.de\/en\/wp-json\/wp\/v2\/posts\/48086","targetHints":{"allow":["GET"]}}],"collection":[{"href":"https:\/\/www.apfelpatient.de\/en\/wp-json\/wp\/v2\/posts"}],"about":[{"href":"https:\/\/www.apfelpatient.de\/en\/wp-json\/wp\/v2\/types\/post"}],"author":[{"embeddable":true,"href":"https:\/\/www.apfelpatient.de\/en\/wp-json\/wp\/v2\/users\/2"}],"replies":[{"embeddable":true,"href":"https:\/\/www.apfelpatient.de\/en\/wp-json\/wp\/v2\/comments?post=48086"}],"version-history":[{"count":0,"href":"https:\/\/www.apfelpatient.de\/en\/wp-json\/wp\/v2\/posts\/48086\/revisions"}],"wp:featuredmedia":[{"embeddable":true,"href":"https:\/\/www.apfelpatient.de\/en\/wp-json\/wp\/v2\/media\/48082"}],"wp:attachment":[{"href":"https:\/\/www.apfelpatient.de\/en\/wp-json\/wp\/v2\/media?parent=48086"}],"wp:term":[{"taxonomy":"category","embeddable":true,"href":"https:\/\/www.apfelpatient.de\/en\/wp-json\/wp\/v2\/categories?post=48086"},{"taxonomy":"post_tag","embeddable":true,"href":"https:\/\/www.apfelpatient.de\/en\/wp-json\/wp\/v2\/tags?post=48086"}],"curies":[{"name":"wp","href":"https:\/\/api.w.org\/{rel}","templated":true}]}}