{"id":47782,"date":"2024-11-03T19:54:57","date_gmt":"2024-11-03T18:54:57","guid":{"rendered":"https:\/\/www.apfelpatient.de\/?p=47782"},"modified":"2024-11-04T06:29:16","modified_gmt":"2024-11-04T05:29:16","slug":"apple-vision-pro-accessories-belkin-headband-for-better-comfort","status":"publish","type":"post","link":"https:\/\/www.apfelpatient.de\/en\/news\/apple-vision-pro-zubehoer-belkin-kopfband-fuer-besseren-komfort","title":{"rendered":"Apple Vision Pro Accessories: Belkin Headband for Better Comfort"},"content":{"rendered":"<p class=\"has-drop-cap\"><strong>Apple has introduced a special headband from Belkin for its Vision Pro headset. The new Belkin headband is designed to be used with the Solo Knit Band and is intended to provide additional support and comfort. This accessory could be of interest to those who use the Vision Pro for longer periods of time or during more active movements.<\/strong><\/p>\n\n\n\n<p>Since the Vision Pro was introduced at WWDC 2023, Apple has established itself as a serious player in the field of augmented reality and virtual reality. With a sophisticated design and a wide range of applications, the Vision Pro appeals to both technology enthusiasts and professional users. In Apple&#039;s presentations, the headset was often shown together with an additional headband, but this was not initially released for sale. This led to questions in the community, especially as some users complained about the weight of the Vision Pro and were looking for a more stable solution. Apple now seems to be responding to these needs and, in collaboration with Belkin, is releasing a headband specifically for the Solo Knit Band.<\/p>\n\n\n\n<h4 class=\"wp-block-heading\" id=\"h-design-und-stabilitat\">design and stability<\/h4>\n\n\n\n<p>The Belkin headband features a locking mechanism that is specifically designed to keep the Vision Pro headset securely in place, even during significant head movement. The product page <a href=\"https:\/\/www.apple.com\/de\/shop\/product\/HRYW2Z\/A\/belkin-kopfband-f\u00fcr-apple-vision-pro\" target=\"_blank\" rel=\"noreferrer noopener\">describes<\/a> the headband is described as &quot;aesthetically matching&quot; the Solo Knit Band and points to additional stabilization points. This means that the band is not only practical but also blends seamlessly into the design of the Vision Pro.<\/p>\n\n\n\n<figure class=\"wp-block-image size-large\"><img decoding=\"async\" width=\"1024\" height=\"683\" src=\"https:\/\/www.apfelpatient.de\/wp-content\/uploads\/2024\/11\/Belkin-Kopfband-fuer-Apple-Vision-Pro-3-1024x683.jpeg\" alt=\"\" class=\"wp-image-47780\" srcset=\"https:\/\/www.apfelpatient.de\/wp-content\/uploads\/2024\/11\/Belkin-Kopfband-fuer-Apple-Vision-Pro-3-1024x683.jpeg 1024w, https:\/\/www.apfelpatient.de\/wp-content\/uploads\/2024\/11\/Belkin-Kopfband-fuer-Apple-Vision-Pro-3-300x200.jpeg 300w, https:\/\/www.apfelpatient.de\/wp-content\/uploads\/2024\/11\/Belkin-Kopfband-fuer-Apple-Vision-Pro-3-768x512.jpeg 768w, https:\/\/www.apfelpatient.de\/wp-content\/uploads\/2024\/11\/Belkin-Kopfband-fuer-Apple-Vision-Pro-3-1536x1024.jpeg 1536w, https:\/\/www.apfelpatient.de\/wp-content\/uploads\/2024\/11\/Belkin-Kopfband-fuer-Apple-Vision-Pro-3-750x500.jpeg 750w, https:\/\/www.apfelpatient.de\/wp-content\/uploads\/2024\/11\/Belkin-Kopfband-fuer-Apple-Vision-Pro-3-1140x760.jpeg 1140w, https:\/\/www.apfelpatient.de\/wp-content\/uploads\/2024\/11\/Belkin-Kopfband-fuer-Apple-Vision-Pro-3.jpeg 1600w\" sizes=\"(max-width: 1024px) 100vw, 1024px\" \/><figcaption class=\"wp-element-caption\">Image: Apple<\/figcaption><\/figure>\n\n\n\n<h4 class=\"wp-block-heading\" id=\"h-verkaufsstart-und-preis\">sales start and price<\/h4>\n\n\n\n<p>The price for the new Belkin headband is 55 euros and it is sold through the Apple Online Store or Apple Store. Interested parties can already order it.<\/p>\n\n\n\n<h4 class=\"wp-block-heading\" id=\"h-funktion-und-zielgruppe\">function and target group<\/h4>\n\n\n\n<p>The Belkin headband is aimed at Vision Pro users who feel the need for a more secure hold either during more intensive movements or longer periods of use. The new headband seems to be a useful addition to the Solo Knit Band for such use cases. It is intended to help the headset sit more comfortably on the head and exert less pressure on the face, which many users found to be a burden.<\/p>\n\n\n\n<h4 class=\"wp-block-heading\" id=\"h-vergleich-mit-dem-dual-loop-band\">Comparison with the Dual Loop Band<\/h4>\n\n\n\n<p>While the Vision Pro comes with the Dual Loop Band for extra support, the Belkin headband offers a different type of stabilization. The Dual Loop Band consists of two thin bands that run along the top and bottom of the head to achieve even weight distribution. However, some users have criticized that these bands do not provide enough stabilization and the weight of the headset is uncomfortable over long periods of time. In fact, I share this opinion. The Belkin headband could be a useful alternative here, as it offers a firm attachment without restricting freedom of movement.<\/p>\n\n\n\n<figure class=\"wp-block-image size-large\"><img decoding=\"async\" width=\"1024\" height=\"576\" src=\"https:\/\/www.apfelpatient.de\/wp-content\/uploads\/2024\/01\/Apple-Vision-Pro-availability-back-angle-1024x576.jpg\" alt=\"Apple Vision Pro\" class=\"wp-image-41642\" srcset=\"https:\/\/www.apfelpatient.de\/wp-content\/uploads\/2024\/01\/Apple-Vision-Pro-availability-back-angle-1024x576.jpg 1024w, https:\/\/www.apfelpatient.de\/wp-content\/uploads\/2024\/01\/Apple-Vision-Pro-availability-back-angle-300x169.jpg 300w, https:\/\/www.apfelpatient.de\/wp-content\/uploads\/2024\/01\/Apple-Vision-Pro-availability-back-angle-768x432.jpg 768w, https:\/\/www.apfelpatient.de\/wp-content\/uploads\/2024\/01\/Apple-Vision-Pro-availability-back-angle-1536x864.jpg 1536w, https:\/\/www.apfelpatient.de\/wp-content\/uploads\/2024\/01\/Apple-Vision-Pro-availability-back-angle-750x422.jpg 750w, https:\/\/www.apfelpatient.de\/wp-content\/uploads\/2024\/01\/Apple-Vision-Pro-availability-back-angle-1140x641.jpg 1140w, https:\/\/www.apfelpatient.de\/wp-content\/uploads\/2024\/01\/Apple-Vision-Pro-availability-back-angle.jpg 1600w\" sizes=\"(max-width: 1024px) 100vw, 1024px\" \/><figcaption class=\"wp-element-caption\">Image: Apple<\/figcaption><\/figure>\n\n\n\n<h3 class=\"wp-block-heading\" id=\"h-apple-vision-pro-belkin-kopfband-apple-reagiert-auf-nutzerbedurfnisse\">Apple Vision Pro Belkin headband: Apple responds to user needs<\/h3>\n\n\n\n<p>With this new headband, Apple and Belkin are specifically responding to user feedback. The additional band makes the Vision Pro better suited for long periods of use and active movements. With a focus on comfort and stability, the Belkin headband could be a welcome addition for many Vision Pro users. The new Belkin headband shows that Apple is not only focusing on technical innovations but is also continually responding to user needs. Do you need useful tips for your Apple Vision Pro?&nbsp;<a href=\"https:\/\/www.apfelpatient.de\/en\/day\/apple-vision-pro-tips-and-tricks\">Here you can discover everything you need to know about your new Apple device<\/a>&nbsp;\u2013 enjoy reading! (Image: Apple)<\/p>\n\n\n\n<ul class=\"wp-block-list\">\n<li><a href=\"https:\/\/www.apfelpatient.de\/en\/rumors\/apple-is-planning-a-vision-headset-with-iphone-support\">Apple plans a Vision headset with iPhone support<\/a><\/li>\n\n\n\n<li><a href=\"https:\/\/www.apfelpatient.de\/en\/rumors\/apple-postpones-cheap-vision-headset-ar-remains-exclusive\">Apple postpones affordable Vision headset \u2013 AR remains exclusive<\/a><\/li>\n<\/ul>\n\n\n\n<h6 class=\"wp-block-heading translation-block\" id=\"h-kennt-ihr-schon-unsere-amazon-storefront-dort-findet-ihr-eine-handverlesene-auswahl-von-diversen-produkten-f-r-euer-iphone-und-co-viel-spa-beim-st-bern\"><em>Have you already visited our Amazon Storefront? There you&#039;ll find a hand-picked selection of various products for your iPhone and other devices \u2013 <span class=\"has-inline-color has-vivid-red-color\"><a href=\"https:\/\/www.amazon.de\/shop\/apfelpatientofficial\" class=\"ek-link\" data-wpel-link=\"exclude\" rel=\"follow noopener\" target=\"_self\"><span style=\"text-decoration: underline\" class=\"ek-underline\">enjoy browsing<\/span><\/a> !<\/span><\/em><\/h6>\n\n\n\n<h6 class=\"wp-block-heading translation-block\" id=\"h-der-beitrag-enthalt-partnerlinks\">This post contains <a data-type=\"URL\" data-id=\"https:\/\/www.apfelpatient.de\/partnerprogramm\" href=\"https:\/\/www.apfelpatient.de\/en\/partner-program\" data-wpel-link=\"internal\" target=\"_self\">affiliate links<\/a>.<\/h6>","protected":false},"excerpt":{"rendered":"<p>More comfort for your Apple Vision Pro: Discover the new Belkin headband for a stable hold and long-term wear without feeling of pressure.<\/p>","protected":false},"author":2,"featured_media":47781,"comment_status":"closed","ping_status":"closed","sticky":false,"template":"","format":"standard","meta":{"jnews-multi-image_gallery":[],"jnews_single_post":{"format":"standard","override":[{"template":"2","parallax":"1","fullscreen":"1","layout":"right-sidebar","sidebar":"default-sidebar","second_sidebar":"default-sidebar","sticky_sidebar":"1","share_position":"top","share_float_style":"share-monocrhome","show_featured":"1","show_post_meta":"1","show_post_author":"1","show_post_author_image":"1","show_post_date":"1","post_date_format":"default","post_date_format_custom":"Y\/m\/d","show_post_category":"1","show_post_reading_time":"0","post_reading_time_wpm":"300","post_calculate_word_method":"str_word_count","show_zoom_button":"0","zoom_button_out_step":"2","zoom_button_in_step":"3","show_post_tag":"1","show_prev_next_post":"1","show_popup_post":"1","number_popup_post":"1","show_author_box":"0","show_post_related":"0","show_inline_post_related":"0"}],"image_override":[{"single_post_thumbnail_size":"crop-500","single_post_gallery_size":"crop-500"}],"trending_post_position":"meta","trending_post_label":"Trending","sponsored_post_label":"Sponsored by","disable_ad":"0"},"jnews_primary_category":{"id":"9"},"footnotes":""},"categories":[9],"tags":[843,609],"class_list":["post-47782","post","type-post","status-publish","format-standard","has-post-thumbnail","hentry","category-news","tag-apple-vision-pro","tag-apple-vr-ar"],"yoast_head":"<!-- This site is optimized with the Yoast SEO Premium plugin v27.5 (Yoast SEO v27.5) - https:\/\/yoast.com\/product\/yoast-seo-premium-wordpress\/ -->\n<title>Apple Vision Pro Zubeh\u00f6r: Belkin-Kopfband f\u00fcr besseren Komfort Apfelpatient<\/title>\n<meta name=\"description\" content=\"Mehr Komfort f\u00fcr dein Apple Vision Pro: Entdecke das neue Belkin-Kopfband f\u00fcr stabilen Halt und langes Tragen ohne Druckgef\u00fchl.\" \/>\n<meta name=\"robots\" content=\"index, follow, max-snippet:-1, max-image-preview:large, max-video-preview:-1\" \/>\n<link rel=\"canonical\" href=\"https:\/\/www.apfelpatient.de\/en\/news\/apple-vision-pro-accessories-belkin-headband-for-better-comfort\" \/>\n<meta property=\"og:locale\" content=\"en_US\" \/>\n<meta property=\"og:type\" content=\"article\" \/>\n<meta property=\"og:title\" content=\"Apple Vision Pro Zubeh\u00f6r: Belkin-Kopfband f\u00fcr besseren Komfort\" \/>\n<meta property=\"og:description\" content=\"Mehr Komfort f\u00fcr dein Apple Vision Pro: Entdecke das neue Belkin-Kopfband f\u00fcr stabilen Halt und langes Tragen ohne Druckgef\u00fchl.\" \/>\n<meta property=\"og:url\" content=\"https:\/\/www.apfelpatient.de\/en\/news\/apple-vision-pro-accessories-belkin-headband-for-better-comfort\" \/>\n<meta property=\"og:site_name\" content=\"Apfelpatient\" \/>\n<meta property=\"article:publisher\" content=\"https:\/\/www.facebook.com\/apfelpatientOfficial\" \/>\n<meta property=\"article:author\" content=\"https:\/\/www.facebook.com\/apfelpatientOfficial\" \/>\n<meta property=\"article:published_time\" content=\"2024-11-03T18:54:57+00:00\" \/>\n<meta property=\"article:modified_time\" content=\"2024-11-04T05:29:16+00:00\" \/>\n<meta property=\"og:image\" content=\"https:\/\/www.apfelpatient.de\/wp-content\/uploads\/2024\/11\/Belkin-Kopfband-fuer-Apple-Vision-Pro.jpeg\" \/>\n\t<meta property=\"og:image:width\" content=\"1600\" \/>\n\t<meta property=\"og:image:height\" content=\"1067\" \/>\n\t<meta property=\"og:image:type\" content=\"image\/jpeg\" \/>\n<meta name=\"author\" content=\"Milan\" \/>\n<meta name=\"twitter:card\" content=\"summary_large_image\" \/>\n<meta name=\"twitter:description\" content=\"Mehr Komfort f\u00fcr dein Apple Vision Pro: Entdecke das neue Belkin-Kopfband f\u00fcr stabilen Halt und langes Tragen ohne Druckgef\u00fchl.\" \/>\n<meta name=\"twitter:label1\" content=\"Written by\" \/>\n\t<meta name=\"twitter:data1\" content=\"Milan\" \/>\n\t<meta name=\"twitter:label2\" content=\"Est. reading time\" \/>\n\t<meta name=\"twitter:data2\" content=\"4 minutes\" \/>\n<script type=\"application\/ld+json\" class=\"yoast-schema-graph\">{\"@context\":\"https:\\\/\\\/schema.org\",\"@graph\":[{\"@type\":\"NewsArticle\",\"@id\":\"https:\\\/\\\/www.apfelpatient.de\\\/news\\\/apple-vision-pro-zubehoer-belkin-kopfband-fuer-besseren-komfort#article\",\"isPartOf\":{\"@id\":\"https:\\\/\\\/www.apfelpatient.de\\\/news\\\/apple-vision-pro-zubehoer-belkin-kopfband-fuer-besseren-komfort\"},\"author\":{\"@type\":\"Organization\",\"@id\":\"https:\\\/\\\/www.apfelpatient.de\\\/en\\\/#organization\",\"name\":\"Apfelpatient\",\"url\":\"https:\\\/\\\/www.apfelpatient.de\\\/en\\\/\"},\"headline\":\"Apple Vision Pro Zubeh\u00f6r: Belkin-Kopfband f\u00fcr besseren Komfort\",\"datePublished\":\"2024-11-03T18:54:57+00:00\",\"dateModified\":\"2024-11-04T05:29:16+00:00\",\"mainEntityOfPage\":{\"@id\":\"https:\\\/\\\/www.apfelpatient.de\\\/news\\\/apple-vision-pro-zubehoer-belkin-kopfband-fuer-besseren-komfort\"},\"wordCount\":600,\"publisher\":{\"@type\":\"Organization\",\"@id\":\"https:\\\/\\\/www.apfelpatient.de\\\/en\\\/#organization\",\"name\":\"Apfelpatient\",\"url\":\"https:\\\/\\\/www.apfelpatient.de\\\/en\\\/\"},\"image\":{\"@id\":\"https:\\\/\\\/www.apfelpatient.de\\\/news\\\/apple-vision-pro-zubehoer-belkin-kopfband-fuer-besseren-komfort#primaryimage\"},\"thumbnailUrl\":\"https:\\\/\\\/www.apfelpatient.de\\\/wp-content\\\/uploads\\\/2024\\\/11\\\/Belkin-Kopfband-fuer-Apple-Vision-Pro.jpeg\",\"keywords\":[\"Apple Vision Pro\",\"Apple VR\\\/AR\"],\"articleSection\":\"News\",\"inLanguage\":\"en-US\",\"copyrightYear\":\"2024\",\"copyrightHolder\":{\"@id\":\"https:\\\/\\\/www.apfelpatient.de\\\/en\\\/#organization\"}},{\"@type\":\"WebPage\",\"@id\":\"https:\\\/\\\/www.apfelpatient.de\\\/news\\\/apple-vision-pro-zubehoer-belkin-kopfband-fuer-besseren-komfort\",\"url\":\"https:\\\/\\\/www.apfelpatient.de\\\/news\\\/apple-vision-pro-zubehoer-belkin-kopfband-fuer-besseren-komfort\",\"name\":\"Apple Vision Pro Zubeh\u00f6r: Belkin-Kopfband f\u00fcr besseren Komfort Apfelpatient\",\"isPartOf\":{\"@id\":\"https:\\\/\\\/www.apfelpatient.de\\\/#website\"},\"primaryImageOfPage\":{\"@id\":\"https:\\\/\\\/www.apfelpatient.de\\\/news\\\/apple-vision-pro-zubehoer-belkin-kopfband-fuer-besseren-komfort#primaryimage\"},\"image\":{\"@id\":\"https:\\\/\\\/www.apfelpatient.de\\\/news\\\/apple-vision-pro-zubehoer-belkin-kopfband-fuer-besseren-komfort#primaryimage\"},\"thumbnailUrl\":\"https:\\\/\\\/www.apfelpatient.de\\\/wp-content\\\/uploads\\\/2024\\\/11\\\/Belkin-Kopfband-fuer-Apple-Vision-Pro.jpeg\",\"datePublished\":\"2024-11-03T18:54:57+00:00\",\"dateModified\":\"2024-11-04T05:29:16+00:00\",\"description\":\"Mehr Komfort f\u00fcr dein Apple Vision Pro: Entdecke das neue Belkin-Kopfband f\u00fcr stabilen Halt und langes Tragen ohne Druckgef\u00fchl.\",\"breadcrumb\":{\"@id\":\"https:\\\/\\\/www.apfelpatient.de\\\/news\\\/apple-vision-pro-zubehoer-belkin-kopfband-fuer-besseren-komfort#breadcrumb\"},\"inLanguage\":\"en-US\",\"potentialAction\":[{\"@type\":\"ReadAction\",\"target\":[\"https:\\\/\\\/www.apfelpatient.de\\\/news\\\/apple-vision-pro-zubehoer-belkin-kopfband-fuer-besseren-komfort\"]}]},{\"@type\":\"ImageObject\",\"inLanguage\":\"en-US\",\"@id\":\"https:\\\/\\\/www.apfelpatient.de\\\/news\\\/apple-vision-pro-zubehoer-belkin-kopfband-fuer-besseren-komfort#primaryimage\",\"url\":\"https:\\\/\\\/www.apfelpatient.de\\\/wp-content\\\/uploads\\\/2024\\\/11\\\/Belkin-Kopfband-fuer-Apple-Vision-Pro.jpeg\",\"contentUrl\":\"https:\\\/\\\/www.apfelpatient.de\\\/wp-content\\\/uploads\\\/2024\\\/11\\\/Belkin-Kopfband-fuer-Apple-Vision-Pro.jpeg\",\"width\":1600,\"height\":1067,\"caption\":\"Bild: Apple\"},{\"@type\":\"BreadcrumbList\",\"@id\":\"https:\\\/\\\/www.apfelpatient.de\\\/news\\\/apple-vision-pro-zubehoer-belkin-kopfband-fuer-besseren-komfort#breadcrumb\",\"itemListElement\":[{\"@type\":\"ListItem\",\"position\":1,\"name\":\"Startseite\",\"item\":\"https:\\\/\\\/www.apfelpatient.de\\\/\"},{\"@type\":\"ListItem\",\"position\":2,\"name\":\"Apple Vision Pro Zubeh\u00f6r: Belkin-Kopfband f\u00fcr besseren Komfort\"}]},{\"@type\":\"WebSite\",\"@id\":\"https:\\\/\\\/www.apfelpatient.de\\\/#website\",\"url\":\"https:\\\/\\\/www.apfelpatient.de\\\/\",\"name\":\"Apfelpatient\",\"description\":\"Alles rund um Apple!\",\"publisher\":{\"@type\":\"Organization\",\"@id\":\"https:\\\/\\\/www.apfelpatient.de\\\/en\\\/#organization\",\"name\":\"Apfelpatient\",\"url\":\"https:\\\/\\\/www.apfelpatient.de\\\/en\\\/\"},\"alternateName\":\"Apfelpatient\",\"potentialAction\":[{\"@type\":\"SearchAction\",\"target\":{\"@type\":\"EntryPoint\",\"urlTemplate\":\"https:\\\/\\\/www.apfelpatient.de\\\/?s={search_term_string}\"},\"query-input\":{\"@type\":\"PropertyValueSpecification\",\"valueRequired\":true,\"valueName\":\"search_term_string\"}}],\"inLanguage\":\"en-US\"},{\"@type\":[\"Person\",\"Organization\"],\"@id\":\"https:\\\/\\\/www.apfelpatient.de\\\/#\\\/schema\\\/person\\\/7dc56ad6c8e9824b76d2c08d4c140e13\",\"name\":\"Milan\",\"logo\":{\"@id\":\"https:\\\/\\\/www.apfelpatient.de\\\/#\\\/schema\\\/person\\\/image\\\/\"},\"description\":\"Hallo und herzlich willkommen auf meinem Technik-Blog! Als gro\u00dfer Apple-Fan berichte ich hier \u00fcber alles, was mit Apple zu tun hat: von den neuesten News und spannenden Ger\u00fcchten \u00fcber hilfreiche Tipps und Tricks bis hin zu ausf\u00fchrlichen Produkttests. Wenn du genauso technikbegeistert bist wie ich, bist du hier genau richtig!\",\"sameAs\":[\"https:\\\/\\\/www.facebook.com\\\/apfelpatientOfficial\",\"https:\\\/\\\/www.linkedin.com\\\/in\\\/milan-jovicic-42aa0231b\"],\"url\":\"https:\\\/\\\/www.apfelpatient.de\\\/en\\\/author\\\/apfeladmin\"}]}<\/script>\n<!-- \/ Yoast SEO Premium plugin. -->","yoast_head_json":{"title":"Apple Vision Pro Accessories: Belkin Headband for Better Comfort Apfelpatient","description":"More comfort for your Apple Vision Pro: Discover the new Belkin headband for a stable hold and long-term wear without feeling of pressure.","robots":{"index":"index","follow":"follow","max-snippet":"max-snippet:-1","max-image-preview":"max-image-preview:large","max-video-preview":"max-video-preview:-1"},"canonical":"https:\/\/www.apfelpatient.de\/en\/news\/apple-vision-pro-accessories-belkin-headband-for-better-comfort","og_locale":"en_US","og_type":"article","og_title":"Apple Vision Pro Zubeh\u00f6r: Belkin-Kopfband f\u00fcr besseren Komfort","og_description":"Mehr Komfort f\u00fcr dein Apple Vision Pro: Entdecke das neue Belkin-Kopfband f\u00fcr stabilen Halt und langes Tragen ohne Druckgef\u00fchl.","og_url":"https:\/\/www.apfelpatient.de\/en\/news\/apple-vision-pro-accessories-belkin-headband-for-better-comfort","og_site_name":"Apfelpatient","article_publisher":"https:\/\/www.facebook.com\/apfelpatientOfficial","article_author":"https:\/\/www.facebook.com\/apfelpatientOfficial","article_published_time":"2024-11-03T18:54:57+00:00","article_modified_time":"2024-11-04T05:29:16+00:00","og_image":[{"width":1600,"height":1067,"url":"https:\/\/www.apfelpatient.de\/wp-content\/uploads\/2024\/11\/Belkin-Kopfband-fuer-Apple-Vision-Pro.jpeg","type":"image\/jpeg"}],"author":"Milan","twitter_card":"summary_large_image","twitter_description":"Mehr Komfort f\u00fcr dein Apple Vision Pro: Entdecke das neue Belkin-Kopfband f\u00fcr stabilen Halt und langes Tragen ohne Druckgef\u00fchl.","twitter_misc":{"Written by":"Milan","Est. reading time":"4 minutes"},"schema":{"@context":"https:\/\/schema.org","@graph":[{"@type":"NewsArticle","@id":"https:\/\/www.apfelpatient.de\/news\/apple-vision-pro-zubehoer-belkin-kopfband-fuer-besseren-komfort#article","isPartOf":{"@id":"https:\/\/www.apfelpatient.de\/news\/apple-vision-pro-zubehoer-belkin-kopfband-fuer-besseren-komfort"},"author":{"@type":"Organization","@id":"https:\/\/www.apfelpatient.de\/en\/#organization","name":"Apfelpatient","url":"https:\/\/www.apfelpatient.de\/en\/"},"headline":"Apple Vision Pro Zubeh\u00f6r: Belkin-Kopfband f\u00fcr besseren Komfort","datePublished":"2024-11-03T18:54:57+00:00","dateModified":"2024-11-04T05:29:16+00:00","mainEntityOfPage":{"@id":"https:\/\/www.apfelpatient.de\/news\/apple-vision-pro-zubehoer-belkin-kopfband-fuer-besseren-komfort"},"wordCount":600,"publisher":{"@type":"Organization","@id":"https:\/\/www.apfelpatient.de\/en\/#organization","name":"Apfelpatient","url":"https:\/\/www.apfelpatient.de\/en\/"},"image":{"@id":"https:\/\/www.apfelpatient.de\/news\/apple-vision-pro-zubehoer-belkin-kopfband-fuer-besseren-komfort#primaryimage"},"thumbnailUrl":"https:\/\/www.apfelpatient.de\/wp-content\/uploads\/2024\/11\/Belkin-Kopfband-fuer-Apple-Vision-Pro.jpeg","keywords":["Apple Vision Pro","Apple VR\/AR"],"articleSection":"News","inLanguage":"en-US","copyrightYear":"2024","copyrightHolder":{"@id":"https:\/\/www.apfelpatient.de\/en\/#organization"}},{"@type":"WebPage","@id":"https:\/\/www.apfelpatient.de\/news\/apple-vision-pro-zubehoer-belkin-kopfband-fuer-besseren-komfort","url":"https:\/\/www.apfelpatient.de\/news\/apple-vision-pro-zubehoer-belkin-kopfband-fuer-besseren-komfort","name":"Apple Vision Pro Accessories: Belkin Headband for Better Comfort Apfelpatient","isPartOf":{"@id":"https:\/\/www.apfelpatient.de\/#website"},"primaryImageOfPage":{"@id":"https:\/\/www.apfelpatient.de\/news\/apple-vision-pro-zubehoer-belkin-kopfband-fuer-besseren-komfort#primaryimage"},"image":{"@id":"https:\/\/www.apfelpatient.de\/news\/apple-vision-pro-zubehoer-belkin-kopfband-fuer-besseren-komfort#primaryimage"},"thumbnailUrl":"https:\/\/www.apfelpatient.de\/wp-content\/uploads\/2024\/11\/Belkin-Kopfband-fuer-Apple-Vision-Pro.jpeg","datePublished":"2024-11-03T18:54:57+00:00","dateModified":"2024-11-04T05:29:16+00:00","description":"More comfort for your Apple Vision Pro: Discover the new Belkin headband for a stable hold and long-term wear without feeling of pressure.","breadcrumb":{"@id":"https:\/\/www.apfelpatient.de\/news\/apple-vision-pro-zubehoer-belkin-kopfband-fuer-besseren-komfort#breadcrumb"},"inLanguage":"en-US","potentialAction":[{"@type":"ReadAction","target":["https:\/\/www.apfelpatient.de\/news\/apple-vision-pro-zubehoer-belkin-kopfband-fuer-besseren-komfort"]}]},{"@type":"ImageObject","inLanguage":"en-US","@id":"https:\/\/www.apfelpatient.de\/news\/apple-vision-pro-zubehoer-belkin-kopfband-fuer-besseren-komfort#primaryimage","url":"https:\/\/www.apfelpatient.de\/wp-content\/uploads\/2024\/11\/Belkin-Kopfband-fuer-Apple-Vision-Pro.jpeg","contentUrl":"https:\/\/www.apfelpatient.de\/wp-content\/uploads\/2024\/11\/Belkin-Kopfband-fuer-Apple-Vision-Pro.jpeg","width":1600,"height":1067,"caption":"Bild: Apple"},{"@type":"BreadcrumbList","@id":"https:\/\/www.apfelpatient.de\/news\/apple-vision-pro-zubehoer-belkin-kopfband-fuer-besseren-komfort#breadcrumb","itemListElement":[{"@type":"ListItem","position":1,"name":"Startseite","item":"https:\/\/www.apfelpatient.de\/"},{"@type":"ListItem","position":2,"name":"Apple Vision Pro Zubeh\u00f6r: Belkin-Kopfband f\u00fcr besseren Komfort"}]},{"@type":"WebSite","@id":"https:\/\/www.apfelpatient.de\/#website","url":"https:\/\/www.apfelpatient.de\/","name":"apple patient","description":"Everything about Apple!","publisher":{"@type":"Organization","@id":"https:\/\/www.apfelpatient.de\/en\/#organization","name":"Apfelpatient","url":"https:\/\/www.apfelpatient.de\/en\/"},"alternateName":"Apfelpatient","potentialAction":[{"@type":"SearchAction","target":{"@type":"EntryPoint","urlTemplate":"https:\/\/www.apfelpatient.de\/?s={search_term_string}"},"query-input":{"@type":"PropertyValueSpecification","valueRequired":true,"valueName":"search_term_string"}}],"inLanguage":"en-US"},{"@type":["Person","Organization"],"@id":"https:\/\/www.apfelpatient.de\/#\/schema\/person\/7dc56ad6c8e9824b76d2c08d4c140e13","name":"Milan","logo":{"@id":"https:\/\/www.apfelpatient.de\/#\/schema\/person\/image\/"},"description":"Hello and welcome to my technology blog! As a big Apple fan, I report on everything to do with Apple: from the latest news and exciting rumors to helpful tips and tricks and detailed product tests. If you are as enthusiastic about technology as I am, you have come to the right place!","sameAs":["https:\/\/www.facebook.com\/apfelpatientOfficial","https:\/\/www.linkedin.com\/in\/milan-jovicic-42aa0231b"],"url":"https:\/\/www.apfelpatient.de\/en\/author\/apfeladmin"}]}},"_links":{"self":[{"href":"https:\/\/www.apfelpatient.de\/en\/wp-json\/wp\/v2\/posts\/47782","targetHints":{"allow":["GET"]}}],"collection":[{"href":"https:\/\/www.apfelpatient.de\/en\/wp-json\/wp\/v2\/posts"}],"about":[{"href":"https:\/\/www.apfelpatient.de\/en\/wp-json\/wp\/v2\/types\/post"}],"author":[{"embeddable":true,"href":"https:\/\/www.apfelpatient.de\/en\/wp-json\/wp\/v2\/users\/2"}],"replies":[{"embeddable":true,"href":"https:\/\/www.apfelpatient.de\/en\/wp-json\/wp\/v2\/comments?post=47782"}],"version-history":[{"count":0,"href":"https:\/\/www.apfelpatient.de\/en\/wp-json\/wp\/v2\/posts\/47782\/revisions"}],"wp:featuredmedia":[{"embeddable":true,"href":"https:\/\/www.apfelpatient.de\/en\/wp-json\/wp\/v2\/media\/47781"}],"wp:attachment":[{"href":"https:\/\/www.apfelpatient.de\/en\/wp-json\/wp\/v2\/media?parent=47782"}],"wp:term":[{"taxonomy":"category","embeddable":true,"href":"https:\/\/www.apfelpatient.de\/en\/wp-json\/wp\/v2\/categories?post=47782"},{"taxonomy":"post_tag","embeddable":true,"href":"https:\/\/www.apfelpatient.de\/en\/wp-json\/wp\/v2\/tags?post=47782"}],"curies":[{"name":"wp","href":"https:\/\/api.w.org\/{rel}","templated":true}]}}