{"id":47771,"date":"2024-11-03T18:53:15","date_gmt":"2024-11-03T17:53:15","guid":{"rendered":"https:\/\/www.apfelpatient.de\/?p=47771"},"modified":"2024-11-03T19:04:20","modified_gmt":"2024-11-03T18:04:20","slug":"apple-postpones-cheap-vision-headset-ar-remains-exclusive","status":"publish","type":"post","link":"https:\/\/www.apfelpatient.de\/en\/rumors\/apple-verschiebt-guenstiges-vision-headset-ar-bleibt-exklusiv","title":{"rendered":"Apple postpones affordable Vision headset \u2013 AR remains exclusive"},"content":{"rendered":"<p class=\"has-drop-cap\"><strong>With its Vision Pro headset, Apple has introduced a highly acclaimed product in the field of augmented reality (AR) and spatial computing. The headset promises an innovative experience and is equipped with high-quality technology. However, many users were also interested in the prospect of a more affordable version of the device. According to information from the well-known analyst Ming-Chi Kuo, the launch of a cheaper &quot;Apple Vision&quot; headset will not take place in 2025 as originally planned, but probably only after 2027.<\/strong><\/p>\n\n\n\n<p>The idea of a cheaper &quot;Apple Vision&quot; headset sounded revolutionary to many fans: A more attractively priced model could have made spatial computing accessible to a wider market. But now this launch has been delayed, which raises questions about Apple&#039;s strategy. Why was the release postponed? What reasons could Apple have for this decision? And what does this mean for the future of augmented reality technology and Apple Vision Pro?<\/p>\n\n\n\n<h4 class=\"wp-block-heading\" id=\"h-was-ist-uber-das-gunstigere-apple-vision-headset-bekannt\">What is known about the cheaper \u201cApple Vision\u201d headset?<\/h4>\n\n\n\n<p>Rumors suggested that Apple was working on a lower-cost version of the Apple Vision headset that would lower the price by using cheaper materials and lower-resolution displays. Originally planned for 2025, this model would not have supported features like &quot;EyeSight&quot; - Apple&#039;s trademark for displaying information right in front of the user&#039;s eyes - in order to keep manufacturing costs low. The idea behind it: By making the headset more affordable, more users could have access to AR technology and become familiar with spatial computing. This would potentially have allowed Apple to tap into a wider market and further distribute visionOS, the operating system for AR and VR.<\/p>\n\n\n\n<h4 class=\"wp-block-heading\" id=\"h-warum-wird-das-gunstigere-modell-verzogert\">Why is the cheaper model being delayed?<\/h4>\n\n\n\n<p>According to Kuo, Apple has postponed plans for the cheaper version of the \u201cApple Vision\u201d headset for strategic reasons <a href=\"https:\/\/x.com\/mingchikuo\/status\/1853045198416490806\" target=\"_blank\" rel=\"noreferrer noopener\">covered<\/a>The delay beyond 2027 could indicate that Apple is hesitant to launch a low-cost model before it has gained sufficient experience with the premium product. One of the possible considerations: a cheaper headset might not necessarily generate more interest in visionOS and AR. Kuo compares this to the HomePod mini - a cheaper product that offers the functionality of the original HomePod but still failed to gain much market acceptance.<\/p>\n\n\n\n<h4 class=\"wp-block-heading\" id=\"h-homepod-mini-als-beispiel-preis-und-marktakzeptanz-im-vergleich\">HomePod mini as an example: price and market acceptance in comparison<\/h4>\n\n\n\n<p>The HomePod mini only moderately increased sales of Apple&#039;s smart speakers, showing that a low price alone is not enough to make a product a mass phenomenon. Apparently, Apple believes that offering a $2,000 headset would not necessarily expand the reach of visionOS. Instead, the company could focus on appealing to a more demanding group of customers willing to pay more for a fully immersive and high-quality AR experience.<\/p>\n\n\n\n<h4 class=\"wp-block-heading\" id=\"h-neue-version-des-apple-vision-pro-mit-m5-chip-in-arbeit\">New version of the Apple Vision Pro with M5 chip in the works<\/h4>\n\n\n\n<p>Despite the postponement of the cheaper model, Kuo said Apple is still working on a new version of the Apple Vision Pro, which is expected to be released next year. This will be equipped with a more powerful M5 chip and offer improved integration of &quot;Apple Intelligence&quot;. The M5 chip, which is a significant development of the previous M2 chip in the Vision Pro, is intended to make the device even more powerful and take the AR experience to a new level. It remains unclear whether there will be additional hardware upgrades that could significantly differentiate the new model from the current version.<\/p>\n\n\n\n<h4 class=\"wp-block-heading\" id=\"h-visionos-und-die-reichweite-von-augmented-reality\">visionOS and the reach of augmented reality<\/h4>\n\n\n\n<p>visionOS, the operating system for the Apple Vision headset, plays a central role in Apple&#039;s AR strategy. Apple has developed a comprehensive system for augmented and virtual reality that could potentially be used for a wide range of applications - from productivity to entertainment to education. By introducing a cheaper headset more widely, visionOS could theoretically be established more quickly and widely. But Apple&#039;s decision not to launch the cheaper headset immediately could indicate that they want to establish visionOS in a smaller but affluent market first before making it more widely available. This could have the advantage of giving Apple enough time to evaluate the feedback from the first group of users and further improve visionOS before it goes to the masses. This way, Apple can ensure that visionOS and its applications meet the high expectations that users have of Apple products.<\/p>\n\n\n\n<h3 class=\"wp-block-heading\" id=\"h-verschiebung-des-gunstigeren-apple-vision-strategie-statt-schnelligkeit\">Postponement of the cheaper Apple Vision: Strategy instead of speed<\/h3>\n\n\n\n<p>Apple&#039;s decision to postpone the cheaper &quot;Apple Vision&quot; headset indefinitely shows that the company is taking a strategically cautious approach to introducing new technologies. Instead of launching a low-cost AR headset as quickly as possible, Apple is focusing on the premium model for now - the Apple Vision Pro. The reasons for this probably lie in the belief that a cheaper headset would not automatically lead to greater adoption of visionOS and spatial computing. For you as a potential user, this means that a cheaper model will probably not be available until after 2027. In the meantime, the Apple Vision Pro remains the preferred option for anyone willing to dig deep into their pockets for a comprehensive AR experience. (Image: Apple)<\/p>\n\n\n\n<ul class=\"wp-block-list\">\n<li><a href=\"https:\/\/www.apfelpatient.de\/en\/rumors\/apple-postpones-cheap-vision-headset-ar-remains-exclusive\">Gurman: iOS 18.2 should be released a little earlier than usual<\/a><\/li>\n\n\n\n<li><a href=\"https:\/\/www.apfelpatient.de\/en\/rumors\/apple-vision-pro-meets-production-targets-despite-challenges\">Apple Vision Pro meets production goals despite challenges<\/a><\/li>\n<\/ul>\n\n\n\n<h6 class=\"wp-block-heading translation-block\" id=\"h-kennt-ihr-schon-unsere-amazon-storefront-dort-findet-ihr-eine-handverlesene-auswahl-von-diversen-produkten-f-r-euer-iphone-und-co-viel-spa-beim-st-bern\"><em>Have you already visited our Amazon Storefront? There you&#039;ll find a hand-picked selection of various products for your iPhone and other devices \u2013 <span class=\"has-inline-color has-vivid-red-color\"><a href=\"https:\/\/www.amazon.de\/shop\/apfelpatientofficial\" class=\"ek-link\" data-wpel-link=\"exclude\" rel=\"follow noopener\" target=\"_self\"><span style=\"text-decoration: underline\" class=\"ek-underline\">enjoy browsing<\/span><\/a> !<\/span><\/em><\/h6>\n\n\n\n<h6 class=\"wp-block-heading translation-block\" id=\"h-der-beitrag-enthalt-partnerlinks\">This post contains <a data-type=\"URL\" data-id=\"https:\/\/www.apfelpatient.de\/partnerprogramm\" href=\"https:\/\/www.apfelpatient.de\/en\/partner-program\" data-wpel-link=\"internal\" target=\"_self\">affiliate links<\/a>.<\/h6>","protected":false},"excerpt":{"rendered":"<p>Apple is postponing the affordable Vision headset and focusing on premium. Find out the reasons and what this means for visionOS and AR.<\/p>","protected":false},"author":2,"featured_media":47770,"comment_status":"closed","ping_status":"closed","sticky":false,"template":"","format":"standard","meta":{"jnews-multi-image_gallery":[],"jnews_single_post":{"format":"standard","override":[{"template":"2","parallax":"1","fullscreen":"1","layout":"right-sidebar","sidebar":"default-sidebar","second_sidebar":"default-sidebar","sticky_sidebar":"1","share_position":"top","share_float_style":"share-monocrhome","show_featured":"1","show_post_meta":"1","show_post_author":"1","show_post_author_image":"1","show_post_date":"1","post_date_format":"default","post_date_format_custom":"Y\/m\/d","show_post_category":"1","show_post_reading_time":"0","post_reading_time_wpm":"300","post_calculate_word_method":"str_word_count","show_zoom_button":"0","zoom_button_out_step":"2","zoom_button_in_step":"3","show_post_tag":"1","show_prev_next_post":"1","show_popup_post":"1","number_popup_post":"1","show_author_box":"0","show_post_related":"0","show_inline_post_related":"0"}],"image_override":[{"single_post_thumbnail_size":"crop-500","single_post_gallery_size":"crop-500"}],"trending_post_position":"meta","trending_post_label":"Trending","sponsored_post_label":"Sponsored by","disable_ad":"0"},"jnews_primary_category":{"id":"25"},"footnotes":""},"categories":[25],"tags":[843,609,844],"class_list":["post-47771","post","type-post","status-publish","format-standard","has-post-thumbnail","hentry","category-rumors","tag-apple-vision-pro","tag-apple-vr-ar","tag-visionos"],"yoast_head":"<!-- This site is optimized with the Yoast SEO Premium plugin v27.5 (Yoast SEO v27.5) - https:\/\/yoast.com\/product\/yoast-seo-premium-wordpress\/ -->\n<title>Apple verschiebt g\u00fcnstiges Vision-Headset \u2013 AR bleibt exklusiv Apfelpatient<\/title>\n<meta name=\"description\" content=\"Apple verschiebt das g\u00fcnstige Vision-Headset und fokussiert auf Premium. Erfahre die Gr\u00fcnde und was das f\u00fcr visionOS und AR bedeutet.\" \/>\n<meta name=\"robots\" content=\"index, follow, max-snippet:-1, max-image-preview:large, max-video-preview:-1\" \/>\n<link rel=\"canonical\" href=\"https:\/\/www.apfelpatient.de\/en\/rumors\/apple-postpones-cheap-vision-headset-ar-remains-exclusive\" \/>\n<meta property=\"og:locale\" content=\"en_US\" \/>\n<meta property=\"og:type\" content=\"article\" \/>\n<meta property=\"og:title\" content=\"Apple verschiebt g\u00fcnstiges Vision-Headset \u2013 AR bleibt exklusiv\" \/>\n<meta property=\"og:description\" content=\"Apple verschiebt das g\u00fcnstige Vision-Headset und fokussiert auf Premium. Erfahre die Gr\u00fcnde und was das f\u00fcr visionOS und AR bedeutet.\" \/>\n<meta property=\"og:url\" content=\"https:\/\/www.apfelpatient.de\/en\/rumors\/apple-postpones-cheap-vision-headset-ar-remains-exclusive\" \/>\n<meta property=\"og:site_name\" content=\"Apfelpatient\" \/>\n<meta property=\"article:publisher\" content=\"https:\/\/www.facebook.com\/apfelpatientOfficial\" \/>\n<meta property=\"article:author\" content=\"https:\/\/www.facebook.com\/apfelpatientOfficial\" \/>\n<meta property=\"article:published_time\" content=\"2024-11-03T17:53:15+00:00\" \/>\n<meta property=\"article:modified_time\" content=\"2024-11-03T18:04:20+00:00\" \/>\n<meta property=\"og:image\" content=\"https:\/\/www.apfelpatient.de\/wp-content\/uploads\/2024\/11\/Apple-Vision-Pro-availability-lifestyle-EyeSight.jpg\" \/>\n\t<meta property=\"og:image:width\" content=\"1600\" \/>\n\t<meta property=\"og:image:height\" content=\"1067\" \/>\n\t<meta property=\"og:image:type\" content=\"image\/jpeg\" \/>\n<meta name=\"author\" content=\"Milan\" \/>\n<meta name=\"twitter:card\" content=\"summary_large_image\" \/>\n<meta name=\"twitter:description\" content=\"Apple verschiebt das g\u00fcnstige Vision-Headset und fokussiert auf Premium. Erfahre die Gr\u00fcnde und was das f\u00fcr visionOS und AR bedeutet.\" \/>\n<meta name=\"twitter:label1\" content=\"Written by\" \/>\n\t<meta name=\"twitter:data1\" content=\"Milan\" \/>\n\t<meta name=\"twitter:label2\" content=\"Est. reading time\" \/>\n\t<meta name=\"twitter:data2\" content=\"5 minutes\" \/>\n<script type=\"application\/ld+json\" class=\"yoast-schema-graph\">{\"@context\":\"https:\\\/\\\/schema.org\",\"@graph\":[{\"@type\":\"NewsArticle\",\"@id\":\"https:\\\/\\\/www.apfelpatient.de\\\/rumors\\\/apple-verschiebt-guenstiges-vision-headset-ar-bleibt-exklusiv#article\",\"isPartOf\":{\"@id\":\"https:\\\/\\\/www.apfelpatient.de\\\/rumors\\\/apple-verschiebt-guenstiges-vision-headset-ar-bleibt-exklusiv\"},\"author\":{\"@type\":\"Organization\",\"@id\":\"https:\\\/\\\/www.apfelpatient.de\\\/en\\\/#organization\",\"name\":\"Apfelpatient\",\"url\":\"https:\\\/\\\/www.apfelpatient.de\\\/en\\\/\"},\"headline\":\"Apple verschiebt g\u00fcnstiges Vision-Headset \u2013 AR bleibt exklusiv\",\"datePublished\":\"2024-11-03T17:53:15+00:00\",\"dateModified\":\"2024-11-03T18:04:20+00:00\",\"mainEntityOfPage\":{\"@id\":\"https:\\\/\\\/www.apfelpatient.de\\\/rumors\\\/apple-verschiebt-guenstiges-vision-headset-ar-bleibt-exklusiv\"},\"wordCount\":914,\"publisher\":{\"@type\":\"Organization\",\"@id\":\"https:\\\/\\\/www.apfelpatient.de\\\/en\\\/#organization\",\"name\":\"Apfelpatient\",\"url\":\"https:\\\/\\\/www.apfelpatient.de\\\/en\\\/\"},\"image\":{\"@id\":\"https:\\\/\\\/www.apfelpatient.de\\\/rumors\\\/apple-verschiebt-guenstiges-vision-headset-ar-bleibt-exklusiv#primaryimage\"},\"thumbnailUrl\":\"https:\\\/\\\/www.apfelpatient.de\\\/wp-content\\\/uploads\\\/2024\\\/11\\\/Apple-Vision-Pro-availability-lifestyle-EyeSight.jpg\",\"keywords\":[\"Apple Vision Pro\",\"Apple VR\\\/AR\",\"visionOS\"],\"articleSection\":\"Rumors\",\"inLanguage\":\"en-US\",\"copyrightYear\":\"2024\",\"copyrightHolder\":{\"@id\":\"https:\\\/\\\/www.apfelpatient.de\\\/en\\\/#organization\"}},{\"@type\":\"WebPage\",\"@id\":\"https:\\\/\\\/www.apfelpatient.de\\\/rumors\\\/apple-verschiebt-guenstiges-vision-headset-ar-bleibt-exklusiv\",\"url\":\"https:\\\/\\\/www.apfelpatient.de\\\/rumors\\\/apple-verschiebt-guenstiges-vision-headset-ar-bleibt-exklusiv\",\"name\":\"Apple verschiebt g\u00fcnstiges Vision-Headset \u2013 AR bleibt exklusiv Apfelpatient\",\"isPartOf\":{\"@id\":\"https:\\\/\\\/www.apfelpatient.de\\\/#website\"},\"primaryImageOfPage\":{\"@id\":\"https:\\\/\\\/www.apfelpatient.de\\\/rumors\\\/apple-verschiebt-guenstiges-vision-headset-ar-bleibt-exklusiv#primaryimage\"},\"image\":{\"@id\":\"https:\\\/\\\/www.apfelpatient.de\\\/rumors\\\/apple-verschiebt-guenstiges-vision-headset-ar-bleibt-exklusiv#primaryimage\"},\"thumbnailUrl\":\"https:\\\/\\\/www.apfelpatient.de\\\/wp-content\\\/uploads\\\/2024\\\/11\\\/Apple-Vision-Pro-availability-lifestyle-EyeSight.jpg\",\"datePublished\":\"2024-11-03T17:53:15+00:00\",\"dateModified\":\"2024-11-03T18:04:20+00:00\",\"description\":\"Apple verschiebt das g\u00fcnstige Vision-Headset und fokussiert auf Premium. Erfahre die Gr\u00fcnde und was das f\u00fcr visionOS und AR bedeutet.\",\"breadcrumb\":{\"@id\":\"https:\\\/\\\/www.apfelpatient.de\\\/rumors\\\/apple-verschiebt-guenstiges-vision-headset-ar-bleibt-exklusiv#breadcrumb\"},\"inLanguage\":\"en-US\",\"potentialAction\":[{\"@type\":\"ReadAction\",\"target\":[\"https:\\\/\\\/www.apfelpatient.de\\\/rumors\\\/apple-verschiebt-guenstiges-vision-headset-ar-bleibt-exklusiv\"]}]},{\"@type\":\"ImageObject\",\"inLanguage\":\"en-US\",\"@id\":\"https:\\\/\\\/www.apfelpatient.de\\\/rumors\\\/apple-verschiebt-guenstiges-vision-headset-ar-bleibt-exklusiv#primaryimage\",\"url\":\"https:\\\/\\\/www.apfelpatient.de\\\/wp-content\\\/uploads\\\/2024\\\/11\\\/Apple-Vision-Pro-availability-lifestyle-EyeSight.jpg\",\"contentUrl\":\"https:\\\/\\\/www.apfelpatient.de\\\/wp-content\\\/uploads\\\/2024\\\/11\\\/Apple-Vision-Pro-availability-lifestyle-EyeSight.jpg\",\"width\":1600,\"height\":1067,\"caption\":\"Bild: Apple\"},{\"@type\":\"BreadcrumbList\",\"@id\":\"https:\\\/\\\/www.apfelpatient.de\\\/rumors\\\/apple-verschiebt-guenstiges-vision-headset-ar-bleibt-exklusiv#breadcrumb\",\"itemListElement\":[{\"@type\":\"ListItem\",\"position\":1,\"name\":\"Startseite\",\"item\":\"https:\\\/\\\/www.apfelpatient.de\\\/\"},{\"@type\":\"ListItem\",\"position\":2,\"name\":\"Apple verschiebt g\u00fcnstiges Vision-Headset \u2013 AR bleibt exklusiv\"}]},{\"@type\":\"WebSite\",\"@id\":\"https:\\\/\\\/www.apfelpatient.de\\\/#website\",\"url\":\"https:\\\/\\\/www.apfelpatient.de\\\/\",\"name\":\"Apfelpatient\",\"description\":\"Alles rund um Apple!\",\"publisher\":{\"@type\":\"Organization\",\"@id\":\"https:\\\/\\\/www.apfelpatient.de\\\/en\\\/#organization\",\"name\":\"Apfelpatient\",\"url\":\"https:\\\/\\\/www.apfelpatient.de\\\/en\\\/\"},\"alternateName\":\"Apfelpatient\",\"potentialAction\":[{\"@type\":\"SearchAction\",\"target\":{\"@type\":\"EntryPoint\",\"urlTemplate\":\"https:\\\/\\\/www.apfelpatient.de\\\/?s={search_term_string}\"},\"query-input\":{\"@type\":\"PropertyValueSpecification\",\"valueRequired\":true,\"valueName\":\"search_term_string\"}}],\"inLanguage\":\"en-US\"},{\"@type\":[\"Person\",\"Organization\"],\"@id\":\"https:\\\/\\\/www.apfelpatient.de\\\/#\\\/schema\\\/person\\\/7dc56ad6c8e9824b76d2c08d4c140e13\",\"name\":\"Milan\",\"logo\":{\"@id\":\"https:\\\/\\\/www.apfelpatient.de\\\/#\\\/schema\\\/person\\\/image\\\/\"},\"description\":\"Hallo und herzlich willkommen auf meinem Technik-Blog! Als gro\u00dfer Apple-Fan berichte ich hier \u00fcber alles, was mit Apple zu tun hat: von den neuesten News und spannenden Ger\u00fcchten \u00fcber hilfreiche Tipps und Tricks bis hin zu ausf\u00fchrlichen Produkttests. Wenn du genauso technikbegeistert bist wie ich, bist du hier genau richtig!\",\"sameAs\":[\"https:\\\/\\\/www.facebook.com\\\/apfelpatientOfficial\",\"https:\\\/\\\/www.linkedin.com\\\/in\\\/milan-jovicic-42aa0231b\"],\"url\":\"https:\\\/\\\/www.apfelpatient.de\\\/en\\\/author\\\/apfeladmin\"}]}<\/script>\n<!-- \/ Yoast SEO Premium plugin. -->","yoast_head_json":{"title":"Apple postpones affordable Vision headset \u2013 AR remains exclusive Apfelpatient","description":"Apple is postponing the affordable Vision headset and focusing on premium. Find out the reasons and what this means for visionOS and AR.","robots":{"index":"index","follow":"follow","max-snippet":"max-snippet:-1","max-image-preview":"max-image-preview:large","max-video-preview":"max-video-preview:-1"},"canonical":"https:\/\/www.apfelpatient.de\/en\/rumors\/apple-postpones-cheap-vision-headset-ar-remains-exclusive","og_locale":"en_US","og_type":"article","og_title":"Apple verschiebt g\u00fcnstiges Vision-Headset \u2013 AR bleibt exklusiv","og_description":"Apple verschiebt das g\u00fcnstige Vision-Headset und fokussiert auf Premium. Erfahre die Gr\u00fcnde und was das f\u00fcr visionOS und AR bedeutet.","og_url":"https:\/\/www.apfelpatient.de\/en\/rumors\/apple-postpones-cheap-vision-headset-ar-remains-exclusive","og_site_name":"Apfelpatient","article_publisher":"https:\/\/www.facebook.com\/apfelpatientOfficial","article_author":"https:\/\/www.facebook.com\/apfelpatientOfficial","article_published_time":"2024-11-03T17:53:15+00:00","article_modified_time":"2024-11-03T18:04:20+00:00","og_image":[{"width":1600,"height":1067,"url":"https:\/\/www.apfelpatient.de\/wp-content\/uploads\/2024\/11\/Apple-Vision-Pro-availability-lifestyle-EyeSight.jpg","type":"image\/jpeg"}],"author":"Milan","twitter_card":"summary_large_image","twitter_description":"Apple verschiebt das g\u00fcnstige Vision-Headset und fokussiert auf Premium. Erfahre die Gr\u00fcnde und was das f\u00fcr visionOS und AR bedeutet.","twitter_misc":{"Written by":"Milan","Est. reading time":"5 minutes"},"schema":{"@context":"https:\/\/schema.org","@graph":[{"@type":"NewsArticle","@id":"https:\/\/www.apfelpatient.de\/rumors\/apple-verschiebt-guenstiges-vision-headset-ar-bleibt-exklusiv#article","isPartOf":{"@id":"https:\/\/www.apfelpatient.de\/rumors\/apple-verschiebt-guenstiges-vision-headset-ar-bleibt-exklusiv"},"author":{"@type":"Organization","@id":"https:\/\/www.apfelpatient.de\/en\/#organization","name":"Apfelpatient","url":"https:\/\/www.apfelpatient.de\/en\/"},"headline":"Apple verschiebt g\u00fcnstiges Vision-Headset \u2013 AR bleibt exklusiv","datePublished":"2024-11-03T17:53:15+00:00","dateModified":"2024-11-03T18:04:20+00:00","mainEntityOfPage":{"@id":"https:\/\/www.apfelpatient.de\/rumors\/apple-verschiebt-guenstiges-vision-headset-ar-bleibt-exklusiv"},"wordCount":914,"publisher":{"@type":"Organization","@id":"https:\/\/www.apfelpatient.de\/en\/#organization","name":"Apfelpatient","url":"https:\/\/www.apfelpatient.de\/en\/"},"image":{"@id":"https:\/\/www.apfelpatient.de\/rumors\/apple-verschiebt-guenstiges-vision-headset-ar-bleibt-exklusiv#primaryimage"},"thumbnailUrl":"https:\/\/www.apfelpatient.de\/wp-content\/uploads\/2024\/11\/Apple-Vision-Pro-availability-lifestyle-EyeSight.jpg","keywords":["Apple Vision Pro","Apple VR\/AR","visionOS"],"articleSection":"Rumors","inLanguage":"en-US","copyrightYear":"2024","copyrightHolder":{"@id":"https:\/\/www.apfelpatient.de\/en\/#organization"}},{"@type":"WebPage","@id":"https:\/\/www.apfelpatient.de\/rumors\/apple-verschiebt-guenstiges-vision-headset-ar-bleibt-exklusiv","url":"https:\/\/www.apfelpatient.de\/rumors\/apple-verschiebt-guenstiges-vision-headset-ar-bleibt-exklusiv","name":"Apple postpones affordable Vision headset \u2013 AR remains exclusive Apfelpatient","isPartOf":{"@id":"https:\/\/www.apfelpatient.de\/#website"},"primaryImageOfPage":{"@id":"https:\/\/www.apfelpatient.de\/rumors\/apple-verschiebt-guenstiges-vision-headset-ar-bleibt-exklusiv#primaryimage"},"image":{"@id":"https:\/\/www.apfelpatient.de\/rumors\/apple-verschiebt-guenstiges-vision-headset-ar-bleibt-exklusiv#primaryimage"},"thumbnailUrl":"https:\/\/www.apfelpatient.de\/wp-content\/uploads\/2024\/11\/Apple-Vision-Pro-availability-lifestyle-EyeSight.jpg","datePublished":"2024-11-03T17:53:15+00:00","dateModified":"2024-11-03T18:04:20+00:00","description":"Apple is postponing the affordable Vision headset and focusing on premium. Find out the reasons and what this means for visionOS and AR.","breadcrumb":{"@id":"https:\/\/www.apfelpatient.de\/rumors\/apple-verschiebt-guenstiges-vision-headset-ar-bleibt-exklusiv#breadcrumb"},"inLanguage":"en-US","potentialAction":[{"@type":"ReadAction","target":["https:\/\/www.apfelpatient.de\/rumors\/apple-verschiebt-guenstiges-vision-headset-ar-bleibt-exklusiv"]}]},{"@type":"ImageObject","inLanguage":"en-US","@id":"https:\/\/www.apfelpatient.de\/rumors\/apple-verschiebt-guenstiges-vision-headset-ar-bleibt-exklusiv#primaryimage","url":"https:\/\/www.apfelpatient.de\/wp-content\/uploads\/2024\/11\/Apple-Vision-Pro-availability-lifestyle-EyeSight.jpg","contentUrl":"https:\/\/www.apfelpatient.de\/wp-content\/uploads\/2024\/11\/Apple-Vision-Pro-availability-lifestyle-EyeSight.jpg","width":1600,"height":1067,"caption":"Bild: Apple"},{"@type":"BreadcrumbList","@id":"https:\/\/www.apfelpatient.de\/rumors\/apple-verschiebt-guenstiges-vision-headset-ar-bleibt-exklusiv#breadcrumb","itemListElement":[{"@type":"ListItem","position":1,"name":"Startseite","item":"https:\/\/www.apfelpatient.de\/"},{"@type":"ListItem","position":2,"name":"Apple verschiebt g\u00fcnstiges Vision-Headset \u2013 AR bleibt exklusiv"}]},{"@type":"WebSite","@id":"https:\/\/www.apfelpatient.de\/#website","url":"https:\/\/www.apfelpatient.de\/","name":"apple patient","description":"Everything about Apple!","publisher":{"@type":"Organization","@id":"https:\/\/www.apfelpatient.de\/en\/#organization","name":"Apfelpatient","url":"https:\/\/www.apfelpatient.de\/en\/"},"alternateName":"Apfelpatient","potentialAction":[{"@type":"SearchAction","target":{"@type":"EntryPoint","urlTemplate":"https:\/\/www.apfelpatient.de\/?s={search_term_string}"},"query-input":{"@type":"PropertyValueSpecification","valueRequired":true,"valueName":"search_term_string"}}],"inLanguage":"en-US"},{"@type":["Person","Organization"],"@id":"https:\/\/www.apfelpatient.de\/#\/schema\/person\/7dc56ad6c8e9824b76d2c08d4c140e13","name":"Milan","logo":{"@id":"https:\/\/www.apfelpatient.de\/#\/schema\/person\/image\/"},"description":"Hello and welcome to my technology blog! As a big Apple fan, I report on everything to do with Apple: from the latest news and exciting rumors to helpful tips and tricks and detailed product tests. If you are as enthusiastic about technology as I am, you have come to the right place!","sameAs":["https:\/\/www.facebook.com\/apfelpatientOfficial","https:\/\/www.linkedin.com\/in\/milan-jovicic-42aa0231b"],"url":"https:\/\/www.apfelpatient.de\/en\/author\/apfeladmin"}]}},"_links":{"self":[{"href":"https:\/\/www.apfelpatient.de\/en\/wp-json\/wp\/v2\/posts\/47771","targetHints":{"allow":["GET"]}}],"collection":[{"href":"https:\/\/www.apfelpatient.de\/en\/wp-json\/wp\/v2\/posts"}],"about":[{"href":"https:\/\/www.apfelpatient.de\/en\/wp-json\/wp\/v2\/types\/post"}],"author":[{"embeddable":true,"href":"https:\/\/www.apfelpatient.de\/en\/wp-json\/wp\/v2\/users\/2"}],"replies":[{"embeddable":true,"href":"https:\/\/www.apfelpatient.de\/en\/wp-json\/wp\/v2\/comments?post=47771"}],"version-history":[{"count":0,"href":"https:\/\/www.apfelpatient.de\/en\/wp-json\/wp\/v2\/posts\/47771\/revisions"}],"wp:featuredmedia":[{"embeddable":true,"href":"https:\/\/www.apfelpatient.de\/en\/wp-json\/wp\/v2\/media\/47770"}],"wp:attachment":[{"href":"https:\/\/www.apfelpatient.de\/en\/wp-json\/wp\/v2\/media?parent=47771"}],"wp:term":[{"taxonomy":"category","embeddable":true,"href":"https:\/\/www.apfelpatient.de\/en\/wp-json\/wp\/v2\/categories?post=47771"},{"taxonomy":"post_tag","embeddable":true,"href":"https:\/\/www.apfelpatient.de\/en\/wp-json\/wp\/v2\/tags?post=47771"}],"curies":[{"name":"wp","href":"https:\/\/api.w.org\/{rel}","templated":true}]}}