{"id":47697,"date":"2024-10-30T21:51:48","date_gmt":"2024-10-30T20:51:48","guid":{"rendered":"https:\/\/www.apfelpatient.de\/?p=47697"},"modified":"2024-10-30T21:51:49","modified_gmt":"2024-10-30T20:51:49","slug":"apple-sets-new-standards-all-macs-start-with-16-gb-ram","status":"publish","type":"post","link":"https:\/\/www.apfelpatient.de\/en\/allgemein\/apple-setzt-neue-massstaebe-alle-macs-starten-mit-16-gb-ram","title":{"rendered":"Apple sets new standards \u2013 All Macs start with 16 GB RAM"},"content":{"rendered":"<p class=\"has-drop-cap\"><strong>Apple recently made a decision that takes the Mac portfolio into a new era. By announcing that all new Macs will come with at least 16GB of RAM, the company has officially abandoned the 8GB RAM standard. This surprising turnaround shows how Apple&#039;s product strategy is adapting to current technical requirements and, in particular, the increased focus on artificial intelligence (AI).<\/strong><\/p>\n\n\n\n<p>Apple has proven over many years that it can have a significant impact on the technology market. With each new product generation, innovations and new features are introduced that are designed to make everyday life easier for users. But the decision to discontinue the 8 GB RAM Mac not only marks an end but also a clear start for the future of the Mac and the increased use of Apple Intelligence. For you as a user, this means that Apple takes your expectations of performance and technology seriously and is working on constantly improving its portfolio.<\/p>\n\n\n\n<h3 class=\"wp-block-heading\" id=\"h-die-grunde-hinter-dem-16-gb-ram-standard\">The reasons behind the 16 GB RAM standard<\/h3>\n\n\n\n<h4 class=\"wp-block-heading\" id=\"h-abschied-von-8-gb-ram-ein-unerwarteter-schritt\">Farewell to 8 GB RAM \u2013 An unexpected step<\/h4>\n\n\n\n<p>Since 2016, 8GB of RAM has been standard for most base Mac models. But this year, Apple changed its strategy and now offers all new Macs - whether MacBook Air or MacBook Pro - with 16GB of RAM as standard. This change came as a surprise to many, especially since the company had always stressed in the past that 8GB would be enough for most basic applications, such as web browsing, media playback, and occasional photo editing. But Apple&#039;s plans for the future call for more power, which has necessitated the upgrade to 16GB for all models.<\/p>\n\n\n\n<h4 class=\"wp-block-heading\" id=\"h-apple-intelligence-der-neue-massstab-fur-leistung\">Apple Intelligence \u2013 The new benchmark for performance<\/h4>\n\n\n\n<p>A major driver for this decision is Apple&#039;s development and integration of new AI technologies, known as &quot;Apple Intelligence&quot;. These require more power and use more memory than traditional applications. Apple Intelligence is now integrated into various devices such as the iPhone 15 Pro, iPhone 16 and the new iPad mini and enables powerful applications and features. The move to 16 GB RAM is therefore a sign that Apple wants to support these functions across all devices so that you too can benefit from the latest technologies in the future.<\/p>\n\n\n\n<h3 class=\"wp-block-heading\" id=\"h-zukunftssicherheit-fur-kommende-entwicklungen\">Future security for future developments<\/h3>\n\n\n\n<p>When you think about the next few years, it quickly becomes clear that technological progress will continue to accelerate. Rumors suggest that the iPhone 17 Pro models will even come with 12GB of RAM to support future AI features. Apple seems prepared to offer hardware that is compatible not only with current but also future requirements. Especially with the Mac, more RAM is an advantage for many users, as it improves performance in demanding applications and makes multitasking smoother.<\/p>\n\n\n\n<h4 class=\"wp-block-heading\" id=\"h-benutzerfreundlichkeit-und-leistung-im-fokus\">Focus on user-friendliness and performance<\/h4>\n\n\n\n<p>Apple has clearly focused on the benefits of more RAM for you as a user. With 16 GB of RAM, you can easily handle more complex tasks such as editing large media files or working with multiple applications at once. In addition, the additional memory ensures that your devices will continue to function smoothly in the future and retain their value for a long time. This underlines Apple&#039;s strategy of delivering high-quality devices that will not only perform well now but also in the years to come.<\/p>\n\n\n\n<h3 class=\"wp-block-heading\" id=\"h-die-zukunft-von-apple-und-mogliche-neue-standards\">The future of Apple and possible new standards<\/h3>\n\n\n\n<p class=\"translation-block\">The introduction of 16 GB of RAM as standard on all Macs shows that Apple is taking its users&#039; needs and evolving technical requirements seriously. This change not only marks a departure from the old era of 8 GB RAM devices, but also a clear sign that the company is committed to providing you with the latest technologies. The upgrade to 16 GB RAM may just be the beginning, as Apple could also set new standards in other areas, such as storage, in the future. Overall, this decision underscores Apple&#039;s commitment to constantly evolving while ensuring that you, as a user, benefit from the latest technologies. The switch to 16 GB of RAM is more than just adapting to technical trends\u2014it&#039;s a move that will have a lasting impact on the future of the Mac. Looking for the best accessories? Visit <a href=\"https:\/\/www.amazon.de\/shop\/apfelpatientofficial\" target=\"_blank\" rel=\"noreferrer noopener follow\" data-wpel-link=\"exclude\">our Amazon Storefront<\/a> and discover a wide variety of products from top suppliers, including HomeKit-compatible ones! (Image: Apple)<\/p>\n\n\n\n<ul class=\"wp-block-list\">\n<li><a href=\"https:\/\/www.apfelpatient.de\/en\/news\/m4-macbook-pro-everything-about-improved-display-brightness-more\">M4 MacBook Pro: Everything about the improved display brightness &amp; more<\/a><\/li>\n\n\n\n<li><a href=\"https:\/\/www.apfelpatient.de\/en\/generally\/everything-about-apples-new-m4-macs-imac-mac-mini-macbook-pro\">Everything about Apple&#039;s new M4 Macs: iMac, Mac mini &amp; MacBook Pro<\/a><\/li>\n\n\n\n<li><a href=\"https:\/\/www.apfelpatient.de\/en\/news\/apple-intelligence-german-language-support-from-april-2025\">Apple Intelligence: German language support from April 2025<\/a><\/li>\n\n\n\n<li><a href=\"https:\/\/www.apfelpatient.de\/en\/news\/apple-doubles-the-ram-macbook-air-now-even-stronger\">Apple doubles the RAM: MacBook Air now even more powerful<\/a><\/li>\n\n\n\n<li><a href=\"https:\/\/www.apfelpatient.de\/en\/generally\/when-will-apple-stop-supporting-intel-macs\">When will Apple stop supporting Intel Macs?<\/a><\/li>\n\n\n\n<li><a href=\"https:\/\/www.apfelpatient.de\/en\/generally\/ai-and-apple-why-the-lag-is-only-apparent\">AI and Apple: Why the gap is only apparent<\/a><\/li>\n<\/ul>\n\n\n\n<h6 class=\"wp-block-heading translation-block\" id=\"h-kennt-ihr-schon-unsere-amazon-storefront-dort-findet-ihr-eine-handverlesene-auswahl-von-diversen-produkten-f-r-euer-iphone-und-co-viel-spa-beim-st-bern\"><em>Have you already visited our Amazon Storefront? There you&#039;ll find a hand-picked selection of various products for your iPhone and other devices \u2013 <span class=\"has-inline-color has-vivid-red-color\"><a href=\"https:\/\/www.amazon.de\/shop\/apfelpatientofficial\" class=\"ek-link\" data-wpel-link=\"exclude\" rel=\"follow noopener\" target=\"_self\"><span style=\"text-decoration: underline\" class=\"ek-underline\">enjoy browsing<\/span><\/a> !<\/span><\/em><\/h6>\n\n\n\n<h6 class=\"wp-block-heading translation-block\" id=\"h-der-beitrag-enthalt-partnerlinks\">This post contains <a data-type=\"URL\" data-id=\"https:\/\/www.apfelpatient.de\/partnerprogramm\" href=\"https:\/\/www.apfelpatient.de\/en\/partner-program\" data-wpel-link=\"internal\" target=\"_self\">affiliate links<\/a>.<\/h6>","protected":false},"excerpt":{"rendered":"<p>Apple ends the era of 8 GB Macs: New models with 16 GB RAM provide higher performance and make room for Apple Intelligence.<\/p>","protected":false},"author":2,"featured_media":47696,"comment_status":"closed","ping_status":"closed","sticky":false,"template":"","format":"standard","meta":{"jnews-multi-image_gallery":[],"jnews_single_post":{"format":"standard","override":[{"template":"2","parallax":"1","fullscreen":"1","layout":"right-sidebar","sidebar":"default-sidebar","second_sidebar":"default-sidebar","sticky_sidebar":"1","share_position":"top","share_float_style":"share-monocrhome","show_featured":"1","show_post_meta":"1","show_post_author":"1","show_post_author_image":"1","show_post_date":"1","post_date_format":"default","post_date_format_custom":"Y\/m\/d","show_post_category":"1","show_post_reading_time":"0","post_reading_time_wpm":"300","post_calculate_word_method":"str_word_count","show_zoom_button":"0","zoom_button_out_step":"2","zoom_button_in_step":"3","show_post_tag":"1","show_prev_next_post":"1","show_popup_post":"1","number_popup_post":"1","show_author_box":"0","show_post_related":"0","show_inline_post_related":"0"}],"image_override":[{"single_post_thumbnail_size":"crop-500","single_post_gallery_size":"crop-500"}],"trending_post_position":"meta","trending_post_label":"Trending","sponsored_post_label":"Sponsored by","disable_ad":"0"},"jnews_primary_category":{"id":"2"},"footnotes":""},"categories":[2],"tags":[34,1109,40],"class_list":["post-47697","post","type-post","status-publish","format-standard","has-post-thumbnail","hentry","category-allgemein","tag-apple-dienste","tag-apple-intelligence","tag-mac"],"yoast_head":"<!-- This site is optimized with the Yoast SEO Premium plugin v27.5 (Yoast SEO v27.5) - https:\/\/yoast.com\/product\/yoast-seo-premium-wordpress\/ -->\n<title>Apple setzt neue Ma\u00dfst\u00e4be \u2013 Alle Macs starten mit 16 GB RAM Apfelpatient<\/title>\n<meta name=\"description\" content=\"Apple beendet die \u00c4ra der 8-GB-Macs: Neue Modelle mit 16 GB RAM sorgen f\u00fcr h\u00f6here Leistung &amp; machen Platz f\u00fcr Apple Intelligence.\" \/>\n<meta name=\"robots\" content=\"index, follow, max-snippet:-1, max-image-preview:large, max-video-preview:-1\" \/>\n<link rel=\"canonical\" href=\"https:\/\/www.apfelpatient.de\/en\/generally\/apple-sets-new-standards-all-macs-start-with-16-gb-ram\" \/>\n<meta property=\"og:locale\" content=\"en_US\" \/>\n<meta property=\"og:type\" content=\"article\" \/>\n<meta property=\"og:title\" content=\"Apple setzt neue Ma\u00dfst\u00e4be \u2013 Alle Macs starten mit 16 GB RAM\" \/>\n<meta property=\"og:description\" content=\"Apple beendet die \u00c4ra der 8-GB-Macs: Neue Modelle mit 16 GB RAM sorgen f\u00fcr h\u00f6here Leistung &amp; machen Platz f\u00fcr Apple Intelligence.\" \/>\n<meta property=\"og:url\" content=\"https:\/\/www.apfelpatient.de\/en\/generally\/apple-sets-new-standards-all-macs-start-with-16-gb-ram\" \/>\n<meta property=\"og:site_name\" content=\"Apfelpatient\" \/>\n<meta property=\"article:publisher\" content=\"https:\/\/www.facebook.com\/apfelpatientOfficial\" \/>\n<meta property=\"article:author\" content=\"https:\/\/www.facebook.com\/apfelpatientOfficial\" \/>\n<meta property=\"article:published_time\" content=\"2024-10-30T20:51:48+00:00\" \/>\n<meta property=\"article:modified_time\" content=\"2024-10-30T20:51:49+00:00\" \/>\n<meta property=\"og:image\" content=\"https:\/\/www.apfelpatient.de\/wp-content\/uploads\/2024\/10\/Apple-Mac-Reihe.jpeg\" \/>\n\t<meta property=\"og:image:width\" content=\"1600\" \/>\n\t<meta property=\"og:image:height\" content=\"1067\" \/>\n\t<meta property=\"og:image:type\" content=\"image\/jpeg\" \/>\n<meta name=\"author\" content=\"Milan\" \/>\n<meta name=\"twitter:card\" content=\"summary_large_image\" \/>\n<meta name=\"twitter:description\" content=\"Apple beendet die \u00c4ra der 8-GB-Macs: Neue Modelle mit 16 GB RAM sorgen f\u00fcr h\u00f6here Leistung &amp; machen Platz f\u00fcr Apple Intelligence.\" \/>\n<meta name=\"twitter:label1\" content=\"Written by\" \/>\n\t<meta name=\"twitter:data1\" content=\"Milan\" \/>\n\t<meta name=\"twitter:label2\" content=\"Est. reading time\" \/>\n\t<meta name=\"twitter:data2\" content=\"5 minutes\" \/>\n<script type=\"application\/ld+json\" class=\"yoast-schema-graph\">{\"@context\":\"https:\\\/\\\/schema.org\",\"@graph\":[{\"@type\":\"NewsArticle\",\"@id\":\"https:\\\/\\\/www.apfelpatient.de\\\/allgemein\\\/apple-setzt-neue-massstaebe-alle-macs-starten-mit-16-gb-ram#article\",\"isPartOf\":{\"@id\":\"https:\\\/\\\/www.apfelpatient.de\\\/allgemein\\\/apple-setzt-neue-massstaebe-alle-macs-starten-mit-16-gb-ram\"},\"author\":{\"@type\":\"Organization\",\"@id\":\"https:\\\/\\\/www.apfelpatient.de\\\/en\\\/#organization\",\"name\":\"Apfelpatient\",\"url\":\"https:\\\/\\\/www.apfelpatient.de\\\/en\\\/\"},\"headline\":\"Apple setzt neue Ma\u00dfst\u00e4be \u2013 Alle Macs starten mit 16 GB RAM\",\"datePublished\":\"2024-10-30T20:51:48+00:00\",\"dateModified\":\"2024-10-30T20:51:49+00:00\",\"mainEntityOfPage\":{\"@id\":\"https:\\\/\\\/www.apfelpatient.de\\\/allgemein\\\/apple-setzt-neue-massstaebe-alle-macs-starten-mit-16-gb-ram\"},\"wordCount\":795,\"publisher\":{\"@type\":\"Organization\",\"@id\":\"https:\\\/\\\/www.apfelpatient.de\\\/en\\\/#organization\",\"name\":\"Apfelpatient\",\"url\":\"https:\\\/\\\/www.apfelpatient.de\\\/en\\\/\"},\"image\":{\"@id\":\"https:\\\/\\\/www.apfelpatient.de\\\/allgemein\\\/apple-setzt-neue-massstaebe-alle-macs-starten-mit-16-gb-ram#primaryimage\"},\"thumbnailUrl\":\"https:\\\/\\\/www.apfelpatient.de\\\/wp-content\\\/uploads\\\/2024\\\/10\\\/Apple-Mac-Reihe.jpeg\",\"keywords\":[\"Apple Dienste\",\"Apple Intelligence\",\"Mac\"],\"articleSection\":\"Allgemein\",\"inLanguage\":\"en-US\",\"copyrightYear\":\"2024\",\"copyrightHolder\":{\"@id\":\"https:\\\/\\\/www.apfelpatient.de\\\/en\\\/#organization\"}},{\"@type\":\"WebPage\",\"@id\":\"https:\\\/\\\/www.apfelpatient.de\\\/allgemein\\\/apple-setzt-neue-massstaebe-alle-macs-starten-mit-16-gb-ram\",\"url\":\"https:\\\/\\\/www.apfelpatient.de\\\/allgemein\\\/apple-setzt-neue-massstaebe-alle-macs-starten-mit-16-gb-ram\",\"name\":\"Apple setzt neue Ma\u00dfst\u00e4be \u2013 Alle Macs starten mit 16 GB RAM Apfelpatient\",\"isPartOf\":{\"@id\":\"https:\\\/\\\/www.apfelpatient.de\\\/#website\"},\"primaryImageOfPage\":{\"@id\":\"https:\\\/\\\/www.apfelpatient.de\\\/allgemein\\\/apple-setzt-neue-massstaebe-alle-macs-starten-mit-16-gb-ram#primaryimage\"},\"image\":{\"@id\":\"https:\\\/\\\/www.apfelpatient.de\\\/allgemein\\\/apple-setzt-neue-massstaebe-alle-macs-starten-mit-16-gb-ram#primaryimage\"},\"thumbnailUrl\":\"https:\\\/\\\/www.apfelpatient.de\\\/wp-content\\\/uploads\\\/2024\\\/10\\\/Apple-Mac-Reihe.jpeg\",\"datePublished\":\"2024-10-30T20:51:48+00:00\",\"dateModified\":\"2024-10-30T20:51:49+00:00\",\"description\":\"Apple beendet die \u00c4ra der 8-GB-Macs: Neue Modelle mit 16 GB RAM sorgen f\u00fcr h\u00f6here Leistung & machen Platz f\u00fcr Apple Intelligence.\",\"breadcrumb\":{\"@id\":\"https:\\\/\\\/www.apfelpatient.de\\\/allgemein\\\/apple-setzt-neue-massstaebe-alle-macs-starten-mit-16-gb-ram#breadcrumb\"},\"inLanguage\":\"en-US\",\"potentialAction\":[{\"@type\":\"ReadAction\",\"target\":[\"https:\\\/\\\/www.apfelpatient.de\\\/allgemein\\\/apple-setzt-neue-massstaebe-alle-macs-starten-mit-16-gb-ram\"]}]},{\"@type\":\"ImageObject\",\"inLanguage\":\"en-US\",\"@id\":\"https:\\\/\\\/www.apfelpatient.de\\\/allgemein\\\/apple-setzt-neue-massstaebe-alle-macs-starten-mit-16-gb-ram#primaryimage\",\"url\":\"https:\\\/\\\/www.apfelpatient.de\\\/wp-content\\\/uploads\\\/2024\\\/10\\\/Apple-Mac-Reihe.jpeg\",\"contentUrl\":\"https:\\\/\\\/www.apfelpatient.de\\\/wp-content\\\/uploads\\\/2024\\\/10\\\/Apple-Mac-Reihe.jpeg\",\"width\":1600,\"height\":1067,\"caption\":\"Bild: Apple\"},{\"@type\":\"BreadcrumbList\",\"@id\":\"https:\\\/\\\/www.apfelpatient.de\\\/allgemein\\\/apple-setzt-neue-massstaebe-alle-macs-starten-mit-16-gb-ram#breadcrumb\",\"itemListElement\":[{\"@type\":\"ListItem\",\"position\":1,\"name\":\"Startseite\",\"item\":\"https:\\\/\\\/www.apfelpatient.de\\\/\"},{\"@type\":\"ListItem\",\"position\":2,\"name\":\"Apple setzt neue Ma\u00dfst\u00e4be \u2013 Alle Macs starten mit 16 GB RAM\"}]},{\"@type\":\"WebSite\",\"@id\":\"https:\\\/\\\/www.apfelpatient.de\\\/#website\",\"url\":\"https:\\\/\\\/www.apfelpatient.de\\\/\",\"name\":\"Apfelpatient\",\"description\":\"Alles rund um Apple!\",\"publisher\":{\"@type\":\"Organization\",\"@id\":\"https:\\\/\\\/www.apfelpatient.de\\\/en\\\/#organization\",\"name\":\"Apfelpatient\",\"url\":\"https:\\\/\\\/www.apfelpatient.de\\\/en\\\/\"},\"alternateName\":\"Apfelpatient\",\"potentialAction\":[{\"@type\":\"SearchAction\",\"target\":{\"@type\":\"EntryPoint\",\"urlTemplate\":\"https:\\\/\\\/www.apfelpatient.de\\\/?s={search_term_string}\"},\"query-input\":{\"@type\":\"PropertyValueSpecification\",\"valueRequired\":true,\"valueName\":\"search_term_string\"}}],\"inLanguage\":\"en-US\"},{\"@type\":[\"Person\",\"Organization\"],\"@id\":\"https:\\\/\\\/www.apfelpatient.de\\\/#\\\/schema\\\/person\\\/7dc56ad6c8e9824b76d2c08d4c140e13\",\"name\":\"Milan\",\"logo\":{\"@id\":\"https:\\\/\\\/www.apfelpatient.de\\\/#\\\/schema\\\/person\\\/image\\\/\"},\"description\":\"Hallo und herzlich willkommen auf meinem Technik-Blog! Als gro\u00dfer Apple-Fan berichte ich hier \u00fcber alles, was mit Apple zu tun hat: von den neuesten News und spannenden Ger\u00fcchten \u00fcber hilfreiche Tipps und Tricks bis hin zu ausf\u00fchrlichen Produkttests. Wenn du genauso technikbegeistert bist wie ich, bist du hier genau richtig!\",\"sameAs\":[\"https:\\\/\\\/www.facebook.com\\\/apfelpatientOfficial\",\"https:\\\/\\\/www.linkedin.com\\\/in\\\/milan-jovicic-42aa0231b\"],\"url\":\"https:\\\/\\\/www.apfelpatient.de\\\/en\\\/author\\\/apfeladmin\"}]}<\/script>\n<!-- \/ Yoast SEO Premium plugin. -->","yoast_head_json":{"title":"Apple sets new standards \u2013 All Macs start with 16 GB RAM Apfelpatient","description":"Apple ends the era of 8 GB Macs: New models with 16 GB RAM ensure higher performance &amp; make room for Apple Intelligence.","robots":{"index":"index","follow":"follow","max-snippet":"max-snippet:-1","max-image-preview":"max-image-preview:large","max-video-preview":"max-video-preview:-1"},"canonical":"https:\/\/www.apfelpatient.de\/en\/generally\/apple-sets-new-standards-all-macs-start-with-16-gb-ram","og_locale":"en_US","og_type":"article","og_title":"Apple setzt neue Ma\u00dfst\u00e4be \u2013 Alle Macs starten mit 16 GB RAM","og_description":"Apple beendet die \u00c4ra der 8-GB-Macs: Neue Modelle mit 16 GB RAM sorgen f\u00fcr h\u00f6here Leistung & machen Platz f\u00fcr Apple Intelligence.","og_url":"https:\/\/www.apfelpatient.de\/en\/generally\/apple-sets-new-standards-all-macs-start-with-16-gb-ram","og_site_name":"Apfelpatient","article_publisher":"https:\/\/www.facebook.com\/apfelpatientOfficial","article_author":"https:\/\/www.facebook.com\/apfelpatientOfficial","article_published_time":"2024-10-30T20:51:48+00:00","article_modified_time":"2024-10-30T20:51:49+00:00","og_image":[{"width":1600,"height":1067,"url":"https:\/\/www.apfelpatient.de\/wp-content\/uploads\/2024\/10\/Apple-Mac-Reihe.jpeg","type":"image\/jpeg"}],"author":"Milan","twitter_card":"summary_large_image","twitter_description":"Apple beendet die \u00c4ra der 8-GB-Macs: Neue Modelle mit 16 GB RAM sorgen f\u00fcr h\u00f6here Leistung & machen Platz f\u00fcr Apple Intelligence.","twitter_misc":{"Written by":"Milan","Est. reading time":"5 minutes"},"schema":{"@context":"https:\/\/schema.org","@graph":[{"@type":"NewsArticle","@id":"https:\/\/www.apfelpatient.de\/allgemein\/apple-setzt-neue-massstaebe-alle-macs-starten-mit-16-gb-ram#article","isPartOf":{"@id":"https:\/\/www.apfelpatient.de\/allgemein\/apple-setzt-neue-massstaebe-alle-macs-starten-mit-16-gb-ram"},"author":{"@type":"Organization","@id":"https:\/\/www.apfelpatient.de\/en\/#organization","name":"Apfelpatient","url":"https:\/\/www.apfelpatient.de\/en\/"},"headline":"Apple setzt neue Ma\u00dfst\u00e4be \u2013 Alle Macs starten mit 16 GB RAM","datePublished":"2024-10-30T20:51:48+00:00","dateModified":"2024-10-30T20:51:49+00:00","mainEntityOfPage":{"@id":"https:\/\/www.apfelpatient.de\/allgemein\/apple-setzt-neue-massstaebe-alle-macs-starten-mit-16-gb-ram"},"wordCount":795,"publisher":{"@type":"Organization","@id":"https:\/\/www.apfelpatient.de\/en\/#organization","name":"Apfelpatient","url":"https:\/\/www.apfelpatient.de\/en\/"},"image":{"@id":"https:\/\/www.apfelpatient.de\/allgemein\/apple-setzt-neue-massstaebe-alle-macs-starten-mit-16-gb-ram#primaryimage"},"thumbnailUrl":"https:\/\/www.apfelpatient.de\/wp-content\/uploads\/2024\/10\/Apple-Mac-Reihe.jpeg","keywords":["Apple Dienste","Apple Intelligence","Mac"],"articleSection":"Allgemein","inLanguage":"en-US","copyrightYear":"2024","copyrightHolder":{"@id":"https:\/\/www.apfelpatient.de\/en\/#organization"}},{"@type":"WebPage","@id":"https:\/\/www.apfelpatient.de\/allgemein\/apple-setzt-neue-massstaebe-alle-macs-starten-mit-16-gb-ram","url":"https:\/\/www.apfelpatient.de\/allgemein\/apple-setzt-neue-massstaebe-alle-macs-starten-mit-16-gb-ram","name":"Apple sets new standards \u2013 All Macs start with 16 GB RAM Apfelpatient","isPartOf":{"@id":"https:\/\/www.apfelpatient.de\/#website"},"primaryImageOfPage":{"@id":"https:\/\/www.apfelpatient.de\/allgemein\/apple-setzt-neue-massstaebe-alle-macs-starten-mit-16-gb-ram#primaryimage"},"image":{"@id":"https:\/\/www.apfelpatient.de\/allgemein\/apple-setzt-neue-massstaebe-alle-macs-starten-mit-16-gb-ram#primaryimage"},"thumbnailUrl":"https:\/\/www.apfelpatient.de\/wp-content\/uploads\/2024\/10\/Apple-Mac-Reihe.jpeg","datePublished":"2024-10-30T20:51:48+00:00","dateModified":"2024-10-30T20:51:49+00:00","description":"Apple ends the era of 8 GB Macs: New models with 16 GB RAM ensure higher performance &amp; make room for Apple Intelligence.","breadcrumb":{"@id":"https:\/\/www.apfelpatient.de\/allgemein\/apple-setzt-neue-massstaebe-alle-macs-starten-mit-16-gb-ram#breadcrumb"},"inLanguage":"en-US","potentialAction":[{"@type":"ReadAction","target":["https:\/\/www.apfelpatient.de\/allgemein\/apple-setzt-neue-massstaebe-alle-macs-starten-mit-16-gb-ram"]}]},{"@type":"ImageObject","inLanguage":"en-US","@id":"https:\/\/www.apfelpatient.de\/allgemein\/apple-setzt-neue-massstaebe-alle-macs-starten-mit-16-gb-ram#primaryimage","url":"https:\/\/www.apfelpatient.de\/wp-content\/uploads\/2024\/10\/Apple-Mac-Reihe.jpeg","contentUrl":"https:\/\/www.apfelpatient.de\/wp-content\/uploads\/2024\/10\/Apple-Mac-Reihe.jpeg","width":1600,"height":1067,"caption":"Bild: Apple"},{"@type":"BreadcrumbList","@id":"https:\/\/www.apfelpatient.de\/allgemein\/apple-setzt-neue-massstaebe-alle-macs-starten-mit-16-gb-ram#breadcrumb","itemListElement":[{"@type":"ListItem","position":1,"name":"Startseite","item":"https:\/\/www.apfelpatient.de\/"},{"@type":"ListItem","position":2,"name":"Apple setzt neue Ma\u00dfst\u00e4be \u2013 Alle Macs starten mit 16 GB RAM"}]},{"@type":"WebSite","@id":"https:\/\/www.apfelpatient.de\/#website","url":"https:\/\/www.apfelpatient.de\/","name":"apple patient","description":"Everything about Apple!","publisher":{"@type":"Organization","@id":"https:\/\/www.apfelpatient.de\/en\/#organization","name":"Apfelpatient","url":"https:\/\/www.apfelpatient.de\/en\/"},"alternateName":"Apfelpatient","potentialAction":[{"@type":"SearchAction","target":{"@type":"EntryPoint","urlTemplate":"https:\/\/www.apfelpatient.de\/?s={search_term_string}"},"query-input":{"@type":"PropertyValueSpecification","valueRequired":true,"valueName":"search_term_string"}}],"inLanguage":"en-US"},{"@type":["Person","Organization"],"@id":"https:\/\/www.apfelpatient.de\/#\/schema\/person\/7dc56ad6c8e9824b76d2c08d4c140e13","name":"Milan","logo":{"@id":"https:\/\/www.apfelpatient.de\/#\/schema\/person\/image\/"},"description":"Hello and welcome to my technology blog! As a big Apple fan, I report on everything to do with Apple: from the latest news and exciting rumors to helpful tips and tricks and detailed product tests. If you are as enthusiastic about technology as I am, you have come to the right place!","sameAs":["https:\/\/www.facebook.com\/apfelpatientOfficial","https:\/\/www.linkedin.com\/in\/milan-jovicic-42aa0231b"],"url":"https:\/\/www.apfelpatient.de\/en\/author\/apfeladmin"}]}},"_links":{"self":[{"href":"https:\/\/www.apfelpatient.de\/en\/wp-json\/wp\/v2\/posts\/47697","targetHints":{"allow":["GET"]}}],"collection":[{"href":"https:\/\/www.apfelpatient.de\/en\/wp-json\/wp\/v2\/posts"}],"about":[{"href":"https:\/\/www.apfelpatient.de\/en\/wp-json\/wp\/v2\/types\/post"}],"author":[{"embeddable":true,"href":"https:\/\/www.apfelpatient.de\/en\/wp-json\/wp\/v2\/users\/2"}],"replies":[{"embeddable":true,"href":"https:\/\/www.apfelpatient.de\/en\/wp-json\/wp\/v2\/comments?post=47697"}],"version-history":[{"count":0,"href":"https:\/\/www.apfelpatient.de\/en\/wp-json\/wp\/v2\/posts\/47697\/revisions"}],"wp:featuredmedia":[{"embeddable":true,"href":"https:\/\/www.apfelpatient.de\/en\/wp-json\/wp\/v2\/media\/47696"}],"wp:attachment":[{"href":"https:\/\/www.apfelpatient.de\/en\/wp-json\/wp\/v2\/media?parent=47697"}],"wp:term":[{"taxonomy":"category","embeddable":true,"href":"https:\/\/www.apfelpatient.de\/en\/wp-json\/wp\/v2\/categories?post=47697"},{"taxonomy":"post_tag","embeddable":true,"href":"https:\/\/www.apfelpatient.de\/en\/wp-json\/wp\/v2\/tags?post=47697"}],"curies":[{"name":"wp","href":"https:\/\/api.w.org\/{rel}","templated":true}]}}