{"id":47690,"date":"2024-10-30T18:47:15","date_gmt":"2024-10-30T17:47:15","guid":{"rendered":"https:\/\/www.apfelpatient.de\/?p=47690"},"modified":"2024-10-30T18:47:16","modified_gmt":"2024-10-30T17:47:16","slug":"everything-about-apples-new-m4-macs-imac-mac-mini-macbook-pro","status":"publish","type":"post","link":"https:\/\/www.apfelpatient.de\/en\/allgemein\/alles-ueber-apples-neue-m4-macs-imac-mac-mini-macbook-pro","title":{"rendered":"Everything about Apple&#039;s new M4 Macs: iMac, Mac mini &amp; MacBook Pro"},"content":{"rendered":"<p class=\"has-drop-cap\"><strong>Apple raised the bar in high-performance computing this week with the launch of its new M4-based iMac, Mac mini and MacBook Pro models. Each of these devices brings impressive innovations and groundbreaking technology never seen before in the Apple world. The focus is particularly on the powerful M4 chip, which drives the latest Macs with unprecedented speed and efficiency. Here you can find out everything about Apple&#039;s latest models and what they have to offer.<\/strong><\/p>\n\n\n\n<p>With each product release, Apple strives to achieve the perfect balance between design, performance and usability. The new devices in Apple&#039;s Mac line continue this commitment by being designed for both professional users and creative minds who rely on top performance and efficiency. Whether you work with large amounts of data, create complex renderings or simply need a smooth workflow, Apple&#039;s latest products offer the power and flexibility you need.<\/p>\n\n\n\n<h4 class=\"wp-block-heading\" id=\"h-der-neue-imac-farben-leistung-und-konnektivitat\">The new iMac: colors, performance and connectivity<\/h4>\n\n\n\n<p>The new 24-inch iMac combines impressive performance with a fresh design and new color options. Thanks to the M4 chip, you get up to 1.7x faster performance for everyday tasks and 2.1x faster speeds for demanding applications like photo editing and gaming. This iMac is aimed at those who appreciate a sleek all-in-one design but still need top performance. Here are the key highlights of the new M4 iMac:<\/p>\n\n\n\n<ul class=\"wp-block-list\">\n<li>Performance and memory: Up to 32GB of RAM in the high-end model and a 10-core CPU and 10-core GPU that make multitasking a breeze.<\/li>\n\n\n\n<li>Connectivity: The four Thunderbolt 4 ports on the high-end models support transfers of up to 40 Gb\/s.<\/li>\n\n\n\n<li>Display and camera: An optional nano-texture display (at an additional cost) reduces glare while the 12-megapixel front camera with center stage and desk view support is ideal for video conferencing and creative applications.<\/li>\n\n\n\n<li>Color choices: The iMac is available in six different colors, from classic blue to striking orange, to perfectly match your style and setup.<\/li>\n<\/ul>\n\n\n\n<p class=\"translation-block\">The iMac with M4 is now available to order starting at <a href=\"https:\/\/www.apple.com\/de\/imac\/\" target=\"_blank\" rel=\"noreferrer noopener follow\" data-wpel-link=\"exclude\">\u20ac1,499<\/a> . It&#039;s an ideal device if you want to combine design and performance.<\/p>\n\n\n\n<figure class=\"wp-block-image size-large\"><img decoding=\"async\" width=\"1024\" height=\"576\" src=\"https:\/\/www.apfelpatient.de\/wp-content\/uploads\/2024\/10\/Apple-iMac-M4-hero-1024x576.jpg\" alt=\"M4 iMac Apple\" class=\"wp-image-47550\" srcset=\"https:\/\/www.apfelpatient.de\/wp-content\/uploads\/2024\/10\/Apple-iMac-M4-hero-1024x576.jpg 1024w, https:\/\/www.apfelpatient.de\/wp-content\/uploads\/2024\/10\/Apple-iMac-M4-hero-300x169.jpg 300w, https:\/\/www.apfelpatient.de\/wp-content\/uploads\/2024\/10\/Apple-iMac-M4-hero-768x432.jpg 768w, https:\/\/www.apfelpatient.de\/wp-content\/uploads\/2024\/10\/Apple-iMac-M4-hero-1536x864.jpg 1536w, https:\/\/www.apfelpatient.de\/wp-content\/uploads\/2024\/10\/Apple-iMac-M4-hero-750x422.jpg 750w, https:\/\/www.apfelpatient.de\/wp-content\/uploads\/2024\/10\/Apple-iMac-M4-hero-1140x641.jpg 1140w, https:\/\/www.apfelpatient.de\/wp-content\/uploads\/2024\/10\/Apple-iMac-M4-hero.jpg 1600w\" sizes=\"(max-width: 1024px) 100vw, 1024px\" \/><figcaption class=\"wp-element-caption\">Image: Apple<\/figcaption><\/figure>\n\n\n\n<h4 class=\"wp-block-heading\" id=\"h-der-neue-mac-mini-kompakt-und-leistungsstark\">The new Mac mini: Compact and powerful<\/h4>\n\n\n\n<p>The new Mac mini has been redesigned from the ground up and is now Apple&#039;s first carbon-neutral Mac. The device is ultra-compact, measuring just five inches square, and contains the powerful M4 or M4 Pro chip, making the Mac mini the ideal choice for anyone who needs big performance in a small space. Here are the key features of the new Mac mini:<\/p>\n\n\n\n<ul class=\"wp-block-list\">\n<li>Performance and chip options: Available with M4 chip (up to 10-core CPU and 10-core GPU) and M4 Pro chip (up to 14-core CPU and 20-core GPU), Mac mini delivers tremendous computing power.<\/li>\n\n\n\n<li>Connectivity: The M4 Pro model has two USB-C ports on the front and three Thunderbolt 5 ports on the back.<\/li>\n\n\n\n<li>Environmental friendliness: The Mac mini is Apple&#039;s first carbon-neutral Mac and thus sets a strong example for sustainability.<\/li>\n\n\n\n<li class=\"translation-block\">Price: Starting at just <a href=\"https:\/\/www.apple.com\/de\/mac-mini\/\" target=\"_blank\" rel=\"noreferrer noopener follow\" data-wpel-link=\"exclude\">\u20ac699,<\/a> the Mac mini is the most affordable new Mac model, yet still offers high-end performance and flexibility.<\/li>\n<\/ul>\n\n\n\n<p>These features make the Mac mini a solid choice for anyone who needs high computing power in a small footprint.<\/p>\n\n\n\n<figure class=\"wp-block-image size-large\"><img decoding=\"async\" width=\"1024\" height=\"683\" src=\"https:\/\/www.apfelpatient.de\/wp-content\/uploads\/2024\/10\/Apple-Mac-mini-hero-1024x683.jpg\" alt=\"M4 Mac mini Apple\" class=\"wp-image-47641\" srcset=\"https:\/\/www.apfelpatient.de\/wp-content\/uploads\/2024\/10\/Apple-Mac-mini-hero-1024x683.jpg 1024w, https:\/\/www.apfelpatient.de\/wp-content\/uploads\/2024\/10\/Apple-Mac-mini-hero-300x200.jpg 300w, https:\/\/www.apfelpatient.de\/wp-content\/uploads\/2024\/10\/Apple-Mac-mini-hero-768x512.jpg 768w, https:\/\/www.apfelpatient.de\/wp-content\/uploads\/2024\/10\/Apple-Mac-mini-hero-1536x1024.jpg 1536w, https:\/\/www.apfelpatient.de\/wp-content\/uploads\/2024\/10\/Apple-Mac-mini-hero-750x500.jpg 750w, https:\/\/www.apfelpatient.de\/wp-content\/uploads\/2024\/10\/Apple-Mac-mini-hero-1140x760.jpg 1140w, https:\/\/www.apfelpatient.de\/wp-content\/uploads\/2024\/10\/Apple-Mac-mini-hero.jpg 1600w\" sizes=\"(max-width: 1024px) 100vw, 1024px\" \/><figcaption class=\"wp-element-caption\">Image: Apple<\/figcaption><\/figure>\n\n\n\n<h4 class=\"wp-block-heading\" id=\"h-neues-macbook-pro-mobilitat-trifft-auf-kraft\">New MacBook Pro: Mobility meets power<\/h4>\n\n\n\n<p>The new MacBook Pro is available as a 14- and 16-inch model with M4 Pro and M4 Max chips. These laptops offer incredible computing power that meets even the most demanding creative and professional requirements. The base model with M4 chip impresses with its long battery life and performance, which even enables gigapixel photo editing smoothly. Here are the key improvements to the MacBook Pro series:<\/p>\n\n\n\n<ul class=\"wp-block-list\">\n<li>Battery life: Up to 24 hours on the M4 Pro model of the 16-inch MacBook Pro, greatly improving mobility and flexibility.<\/li>\n\n\n\n<li>Thunderbolt 5 ports: Three ports that offer high transfer speeds of up to 120 Gb\/s and support DisplayPort 2.1.<\/li>\n\n\n\n<li>Display and camera: The Liquid Retina XDR display with nano-texture option reduces glare and the 12-megapixel center stage camera offers Desk View for video calls.<\/li>\n\n\n\n<li>Color choices: Space Black, a color option previously only available on high-end models, makes the new MacBook Pro even more attractive.<\/li>\n<\/ul>\n\n\n\n<p class=\"translation-block\">The 14-inch and 16-inch MacBook Pro models are now available for pre-order. Starting at <a href=\"https:\/\/www.apple.com\/de\/macbook-pro\/\" target=\"_blank\" rel=\"noreferrer noopener follow\" data-wpel-link=\"exclude\">\u20ac1,899,<\/a> you get one of the most powerful and flexible devices on the market.<\/p>\n\n\n\n<figure class=\"wp-block-image size-large\"><img decoding=\"async\" width=\"1024\" height=\"732\" src=\"https:\/\/www.apfelpatient.de\/wp-content\/uploads\/2024\/10\/Apple-MacBook-Pro-M4-lineup-1024x732.jpg\" alt=\"M4 MacBook Pro Apple\" class=\"wp-image-47677\" srcset=\"https:\/\/www.apfelpatient.de\/wp-content\/uploads\/2024\/10\/Apple-MacBook-Pro-M4-lineup-1024x732.jpg 1024w, https:\/\/www.apfelpatient.de\/wp-content\/uploads\/2024\/10\/Apple-MacBook-Pro-M4-lineup-300x214.jpg 300w, https:\/\/www.apfelpatient.de\/wp-content\/uploads\/2024\/10\/Apple-MacBook-Pro-M4-lineup-768x549.jpg 768w, https:\/\/www.apfelpatient.de\/wp-content\/uploads\/2024\/10\/Apple-MacBook-Pro-M4-lineup-1536x1097.jpg 1536w, https:\/\/www.apfelpatient.de\/wp-content\/uploads\/2024\/10\/Apple-MacBook-Pro-M4-lineup-120x86.jpg 120w, https:\/\/www.apfelpatient.de\/wp-content\/uploads\/2024\/10\/Apple-MacBook-Pro-M4-lineup-350x250.jpg 350w, https:\/\/www.apfelpatient.de\/wp-content\/uploads\/2024\/10\/Apple-MacBook-Pro-M4-lineup-750x536.jpg 750w, https:\/\/www.apfelpatient.de\/wp-content\/uploads\/2024\/10\/Apple-MacBook-Pro-M4-lineup-1140x814.jpg 1140w, https:\/\/www.apfelpatient.de\/wp-content\/uploads\/2024\/10\/Apple-MacBook-Pro-M4-lineup.jpg 1600w\" sizes=\"(max-width: 1024px) 100vw, 1024px\" \/><figcaption class=\"wp-element-caption\">Image: Apple<\/figcaption><\/figure>\n\n\n\n<h3 class=\"wp-block-heading\" id=\"h-apple-bleibt-fuhrend-wie-die-m4-macs-die-technik-welt-bereichern\">Apple remains the leader: How the M4 Macs enrich the technology world<\/h3>\n\n\n\n<p class=\"translation-block\">With the new iMac, Mac mini, and MacBook Pro models, Apple is once again demonstrating why it is considered a leader in technology innovation. The introduction of the M4 chip to the Mac lineup represents a major step forward, especially for users who value performance, mobility, and design. Whether you prefer the compact Mac mini, the stylish iMac, or the powerful MacBook Pro, Apple&#039;s new Macs offer the right solution for every need. Don&#039;t miss the opportunity to try out one of these impressive devices and experience how the M4 chip takes your productivity and creativity to new levels. Looking for the best accessories? Visit <a href=\"https:\/\/www.amazon.de\/shop\/apfelpatientofficial\" target=\"_blank\" rel=\"noreferrer noopener follow\" data-wpel-link=\"exclude\">our Amazon Storefront<\/a> and discover a variety of products from top suppliers, including HomeKit-compatible ones! (Image: Apple)<\/p>\n\n\n\n<ul class=\"wp-block-list\">\n<li><a href=\"https:\/\/www.apfelpatient.de\/en\/news\/the-m4-macbook-pro-the-longest-battery-life-ever\">The M4 MacBook Pro: The Longest Battery Life Ever<\/a><\/li>\n\n\n\n<li><a href=\"https:\/\/www.apfelpatient.de\/en\/news\/apple-doubles-the-ram-macbook-air-now-even-stronger\">Apple doubles the RAM: MacBook Air now even more powerful<\/a><\/li>\n\n\n\n<li><a href=\"https:\/\/www.apfelpatient.de\/en\/news\/apple-m4-series-most-powerful-chips-for-professionals-creative\">Apple M4 series: Most powerful chips for professionals &amp; creatives<\/a><\/li>\n\n\n\n<li><a href=\"https:\/\/www.apfelpatient.de\/en\/news\/the-m4-macbook-pro-perfection-for-professionals-and-creatives\">The M4 MacBook Pro: Perfection for Professionals and Creatives<\/a><\/li>\n\n\n\n<li><a href=\"https:\/\/www.apfelpatient.de\/en\/news\/m4-mac-mini-in-detail-design-display-options-and-more\">M4 Mac mini in detail: design, display options and more<\/a><\/li>\n\n\n\n<li><a href=\"https:\/\/www.apfelpatient.de\/en\/news\/m4-mac-mini-apples-new-cooling-architecture-for-more-performance\">M4 Mac mini: Apple&#039;s new cooling architecture for more performance<\/a><\/li>\n\n\n\n<li><a href=\"https:\/\/www.apfelpatient.de\/en\/news\/the-new-m4-imac-from-apple-performance-meets-elegance\">The new M4 iMac from Apple \u2013 performance meets elegance<\/a><\/li>\n\n\n\n<li><a href=\"https:\/\/www.apfelpatient.de\/en\/news\/mac-mini-2024-more-compact-faster-and-more-environmentally-friendly\">Mac mini 2024: More compact, faster and more environmentally friendly<\/a><\/li>\n\n\n\n<li><a href=\"https:\/\/www.apfelpatient.de\/en\/news\/m4-pro-chip-in-detail-apple-sets-new-performance-standards\">M4 Pro chip in detail: Apple sets new performance standards<\/a><\/li>\n\n\n\n<li><a href=\"https:\/\/www.apfelpatient.de\/en\/news\/apple-thunderbolt-5-cable-now-available-in-the-online-store\">Apple Thunderbolt 5 Cable: Now available in the online store<\/a><\/li>\n\n\n\n<li><a href=\"https:\/\/www.apfelpatient.de\/en\/news\/usb-c-magic-mouse-evolution-with-a-well-known-problem\">USB-C Magic Mouse: Evolution with a well-known problem<\/a><\/li>\n\n\n\n<li><a href=\"https:\/\/www.apfelpatient.de\/en\/news\/apple-finally-usb-c-for-magic-keyboard-trackpad-and-mouse\">Apple: Finally USB-C for Magic Keyboard, Trackpad and Mouse<\/a><\/li>\n\n\n\n<li><a href=\"https:\/\/www.apfelpatient.de\/en\/news\/apple-intelligence-german-language-support-from-april-2025\">Apple Intelligence: German language support from April 2025<\/a><\/li>\n\n\n\n<li><a href=\"https:\/\/www.apfelpatient.de\/en\/generally\/when-will-apple-stop-supporting-intel-macs\">When will Apple stop supporting Intel Macs?<\/a><\/li>\n\n\n\n<li><a href=\"https:\/\/www.apfelpatient.de\/en\/generally\/ai-and-apple-why-the-lag-is-only-apparent\">AI and Apple: Why the gap is only apparent<\/a><\/li>\n<\/ul>\n\n\n\n<h6 class=\"wp-block-heading translation-block\" id=\"h-kennt-ihr-schon-unsere-amazon-storefront-dort-findet-ihr-eine-handverlesene-auswahl-von-diversen-produkten-f-r-euer-iphone-und-co-viel-spa-beim-st-bern\"><em>Have you already visited our Amazon Storefront? There you&#039;ll find a hand-picked selection of various products for your iPhone and other devices \u2013 <span class=\"has-inline-color has-vivid-red-color\"><a href=\"https:\/\/www.amazon.de\/shop\/apfelpatientofficial\" class=\"ek-link\" data-wpel-link=\"exclude\" rel=\"follow noopener\" target=\"_self\"><span style=\"text-decoration: underline\" class=\"ek-underline\">enjoy browsing<\/span><\/a> !<\/span><\/em><\/h6>\n\n\n\n<h6 class=\"wp-block-heading translation-block\" id=\"h-der-beitrag-enthalt-partnerlinks\">This post contains <a data-type=\"URL\" data-id=\"https:\/\/www.apfelpatient.de\/partnerprogramm\" href=\"https:\/\/www.apfelpatient.de\/en\/partner-program\" data-wpel-link=\"internal\" target=\"_self\">affiliate links<\/a>.<\/h6>","protected":false},"excerpt":{"rendered":"<p>Learn all about Apple&#039;s new M4 models: From the compact Mac mini to the powerful MacBook Pro, these devices offer performance and style.<\/p>","protected":false},"author":2,"featured_media":47689,"comment_status":"closed","ping_status":"closed","sticky":false,"template":"","format":"standard","meta":{"jnews-multi-image_gallery":[],"jnews_single_post":{"format":"standard","override":[{"template":"2","parallax":"1","fullscreen":"1","layout":"right-sidebar","sidebar":"default-sidebar","second_sidebar":"default-sidebar","sticky_sidebar":"1","share_position":"top","share_float_style":"share-monocrhome","show_featured":"1","show_post_meta":"1","show_post_author":"1","show_post_author_image":"1","show_post_date":"1","post_date_format":"default","post_date_format_custom":"Y\/m\/d","show_post_category":"1","show_post_reading_time":"0","post_reading_time_wpm":"300","post_calculate_word_method":"str_word_count","show_zoom_button":"0","zoom_button_out_step":"2","zoom_button_in_step":"3","show_post_tag":"1","show_prev_next_post":"1","show_popup_post":"1","number_popup_post":"1","show_author_box":"0","show_post_related":"0","show_inline_post_related":"0"}],"image_override":[{"single_post_thumbnail_size":"crop-500","single_post_gallery_size":"crop-500"}],"trending_post_position":"meta","trending_post_label":"Trending","sponsored_post_label":"Sponsored by","disable_ad":"0"},"jnews_primary_category":{"id":"2"},"footnotes":""},"categories":[2],"tags":[420,72,40,73,50],"class_list":["post-47690","post","type-post","status-publish","format-standard","has-post-thumbnail","hentry","category-allgemein","tag-apple-silicon","tag-imac","tag-mac","tag-mac-mini","tag-macbook-pro"],"yoast_head":"<!-- This site is optimized with the Yoast SEO Premium plugin v27.5 (Yoast SEO v27.5) - https:\/\/yoast.com\/product\/yoast-seo-premium-wordpress\/ -->\n<title>Alles \u00fcber Apple\u2019s neue M4 Macs: iMac, Mac mini &amp; MacBook Pro Apfelpatient<\/title>\n<meta name=\"description\" content=\"Erfahre alles \u00fcber Apples neue M4-Modelle: Vom kompakten Mac mini bis zum leistungsstarken MacBook Pro, diese Ger\u00e4te bieten Leistung &amp; Stil.\" \/>\n<meta name=\"robots\" content=\"index, follow, max-snippet:-1, max-image-preview:large, max-video-preview:-1\" \/>\n<link rel=\"canonical\" href=\"https:\/\/www.apfelpatient.de\/en\/generally\/everything-about-apples-new-m4-macs-imac-mac-mini-macbook-pro\" \/>\n<meta property=\"og:locale\" content=\"en_US\" \/>\n<meta property=\"og:type\" content=\"article\" \/>\n<meta property=\"og:title\" content=\"Alles \u00fcber Apple\u2019s neue M4 Macs: iMac, Mac mini &amp; MacBook Pro\" \/>\n<meta property=\"og:description\" content=\"Erfahre alles \u00fcber Apples neue M4-Modelle: Vom kompakten Mac mini bis zum leistungsstarken MacBook Pro, diese Ger\u00e4te bieten Leistung &amp; Stil.\" \/>\n<meta property=\"og:url\" content=\"https:\/\/www.apfelpatient.de\/en\/generally\/everything-about-apples-new-m4-macs-imac-mac-mini-macbook-pro\" \/>\n<meta property=\"og:site_name\" content=\"Apfelpatient\" \/>\n<meta property=\"article:publisher\" content=\"https:\/\/www.facebook.com\/apfelpatientOfficial\" \/>\n<meta property=\"article:author\" content=\"https:\/\/www.facebook.com\/apfelpatientOfficial\" \/>\n<meta property=\"article:published_time\" content=\"2024-10-30T17:47:15+00:00\" \/>\n<meta property=\"article:modified_time\" content=\"2024-10-30T17:47:16+00:00\" \/>\n<meta property=\"og:image\" content=\"https:\/\/www.apfelpatient.de\/wp-content\/uploads\/2024\/10\/Apple-MacBook-Pro-M4-chip-series-3up-1.jpg\" \/>\n\t<meta property=\"og:image:width\" content=\"1600\" \/>\n\t<meta property=\"og:image:height\" content=\"900\" \/>\n\t<meta property=\"og:image:type\" content=\"image\/jpeg\" \/>\n<meta name=\"author\" content=\"Milan\" \/>\n<meta name=\"twitter:card\" content=\"summary_large_image\" \/>\n<meta name=\"twitter:description\" content=\"Erfahre alles \u00fcber Apples neue M4-Modelle: Vom kompakten Mac mini bis zum leistungsstarken MacBook Pro, diese Ger\u00e4te bieten Leistung &amp; Stil.\" \/>\n<meta name=\"twitter:label1\" content=\"Written by\" \/>\n\t<meta name=\"twitter:data1\" content=\"Milan\" \/>\n\t<meta name=\"twitter:label2\" content=\"Est. reading time\" \/>\n\t<meta name=\"twitter:data2\" content=\"7 minutes\" \/>\n<script type=\"application\/ld+json\" class=\"yoast-schema-graph\">{\"@context\":\"https:\\\/\\\/schema.org\",\"@graph\":[{\"@type\":\"NewsArticle\",\"@id\":\"https:\\\/\\\/www.apfelpatient.de\\\/allgemein\\\/alles-ueber-apples-neue-m4-macs-imac-mac-mini-macbook-pro#article\",\"isPartOf\":{\"@id\":\"https:\\\/\\\/www.apfelpatient.de\\\/allgemein\\\/alles-ueber-apples-neue-m4-macs-imac-mac-mini-macbook-pro\"},\"author\":{\"@type\":\"Organization\",\"@id\":\"https:\\\/\\\/www.apfelpatient.de\\\/en\\\/#organization\",\"name\":\"Apfelpatient\",\"url\":\"https:\\\/\\\/www.apfelpatient.de\\\/en\\\/\"},\"headline\":\"Alles \u00fcber Apple\u2019s neue M4 Macs: iMac, Mac mini &#038; MacBook Pro\",\"datePublished\":\"2024-10-30T17:47:15+00:00\",\"dateModified\":\"2024-10-30T17:47:16+00:00\",\"mainEntityOfPage\":{\"@id\":\"https:\\\/\\\/www.apfelpatient.de\\\/allgemein\\\/alles-ueber-apples-neue-m4-macs-imac-mac-mini-macbook-pro\"},\"wordCount\":1020,\"publisher\":{\"@type\":\"Organization\",\"@id\":\"https:\\\/\\\/www.apfelpatient.de\\\/en\\\/#organization\",\"name\":\"Apfelpatient\",\"url\":\"https:\\\/\\\/www.apfelpatient.de\\\/en\\\/\"},\"image\":{\"@id\":\"https:\\\/\\\/www.apfelpatient.de\\\/allgemein\\\/alles-ueber-apples-neue-m4-macs-imac-mac-mini-macbook-pro#primaryimage\"},\"thumbnailUrl\":\"https:\\\/\\\/www.apfelpatient.de\\\/wp-content\\\/uploads\\\/2024\\\/10\\\/Apple-MacBook-Pro-M4-chip-series-3up-1.jpg\",\"keywords\":[\"Apple Silicon\",\"iMac\",\"Mac\",\"Mac mini\",\"MacBook Pro\"],\"articleSection\":\"Allgemein\",\"inLanguage\":\"en-US\",\"copyrightYear\":\"2024\",\"copyrightHolder\":{\"@id\":\"https:\\\/\\\/www.apfelpatient.de\\\/en\\\/#organization\"}},{\"@type\":\"WebPage\",\"@id\":\"https:\\\/\\\/www.apfelpatient.de\\\/allgemein\\\/alles-ueber-apples-neue-m4-macs-imac-mac-mini-macbook-pro\",\"url\":\"https:\\\/\\\/www.apfelpatient.de\\\/allgemein\\\/alles-ueber-apples-neue-m4-macs-imac-mac-mini-macbook-pro\",\"name\":\"Alles \u00fcber Apple\u2019s neue M4 Macs: iMac, Mac mini & MacBook Pro Apfelpatient\",\"isPartOf\":{\"@id\":\"https:\\\/\\\/www.apfelpatient.de\\\/#website\"},\"primaryImageOfPage\":{\"@id\":\"https:\\\/\\\/www.apfelpatient.de\\\/allgemein\\\/alles-ueber-apples-neue-m4-macs-imac-mac-mini-macbook-pro#primaryimage\"},\"image\":{\"@id\":\"https:\\\/\\\/www.apfelpatient.de\\\/allgemein\\\/alles-ueber-apples-neue-m4-macs-imac-mac-mini-macbook-pro#primaryimage\"},\"thumbnailUrl\":\"https:\\\/\\\/www.apfelpatient.de\\\/wp-content\\\/uploads\\\/2024\\\/10\\\/Apple-MacBook-Pro-M4-chip-series-3up-1.jpg\",\"datePublished\":\"2024-10-30T17:47:15+00:00\",\"dateModified\":\"2024-10-30T17:47:16+00:00\",\"description\":\"Erfahre alles \u00fcber Apples neue M4-Modelle: Vom kompakten Mac mini bis zum leistungsstarken MacBook Pro, diese Ger\u00e4te bieten Leistung & Stil.\",\"breadcrumb\":{\"@id\":\"https:\\\/\\\/www.apfelpatient.de\\\/allgemein\\\/alles-ueber-apples-neue-m4-macs-imac-mac-mini-macbook-pro#breadcrumb\"},\"inLanguage\":\"en-US\",\"potentialAction\":[{\"@type\":\"ReadAction\",\"target\":[\"https:\\\/\\\/www.apfelpatient.de\\\/allgemein\\\/alles-ueber-apples-neue-m4-macs-imac-mac-mini-macbook-pro\"]}]},{\"@type\":\"ImageObject\",\"inLanguage\":\"en-US\",\"@id\":\"https:\\\/\\\/www.apfelpatient.de\\\/allgemein\\\/alles-ueber-apples-neue-m4-macs-imac-mac-mini-macbook-pro#primaryimage\",\"url\":\"https:\\\/\\\/www.apfelpatient.de\\\/wp-content\\\/uploads\\\/2024\\\/10\\\/Apple-MacBook-Pro-M4-chip-series-3up-1.jpg\",\"contentUrl\":\"https:\\\/\\\/www.apfelpatient.de\\\/wp-content\\\/uploads\\\/2024\\\/10\\\/Apple-MacBook-Pro-M4-chip-series-3up-1.jpg\",\"width\":1600,\"height\":900,\"caption\":\"Bild: Apple\"},{\"@type\":\"BreadcrumbList\",\"@id\":\"https:\\\/\\\/www.apfelpatient.de\\\/allgemein\\\/alles-ueber-apples-neue-m4-macs-imac-mac-mini-macbook-pro#breadcrumb\",\"itemListElement\":[{\"@type\":\"ListItem\",\"position\":1,\"name\":\"Startseite\",\"item\":\"https:\\\/\\\/www.apfelpatient.de\\\/\"},{\"@type\":\"ListItem\",\"position\":2,\"name\":\"Alles \u00fcber Apple\u2019s neue M4 Macs: iMac, Mac mini &#038; MacBook Pro\"}]},{\"@type\":\"WebSite\",\"@id\":\"https:\\\/\\\/www.apfelpatient.de\\\/#website\",\"url\":\"https:\\\/\\\/www.apfelpatient.de\\\/\",\"name\":\"Apfelpatient\",\"description\":\"Alles rund um Apple!\",\"publisher\":{\"@type\":\"Organization\",\"@id\":\"https:\\\/\\\/www.apfelpatient.de\\\/en\\\/#organization\",\"name\":\"Apfelpatient\",\"url\":\"https:\\\/\\\/www.apfelpatient.de\\\/en\\\/\"},\"alternateName\":\"Apfelpatient\",\"potentialAction\":[{\"@type\":\"SearchAction\",\"target\":{\"@type\":\"EntryPoint\",\"urlTemplate\":\"https:\\\/\\\/www.apfelpatient.de\\\/?s={search_term_string}\"},\"query-input\":{\"@type\":\"PropertyValueSpecification\",\"valueRequired\":true,\"valueName\":\"search_term_string\"}}],\"inLanguage\":\"en-US\"},{\"@type\":[\"Person\",\"Organization\"],\"@id\":\"https:\\\/\\\/www.apfelpatient.de\\\/#\\\/schema\\\/person\\\/7dc56ad6c8e9824b76d2c08d4c140e13\",\"name\":\"Milan\",\"logo\":{\"@id\":\"https:\\\/\\\/www.apfelpatient.de\\\/#\\\/schema\\\/person\\\/image\\\/\"},\"description\":\"Hallo und herzlich willkommen auf meinem Technik-Blog! Als gro\u00dfer Apple-Fan berichte ich hier \u00fcber alles, was mit Apple zu tun hat: von den neuesten News und spannenden Ger\u00fcchten \u00fcber hilfreiche Tipps und Tricks bis hin zu ausf\u00fchrlichen Produkttests. Wenn du genauso technikbegeistert bist wie ich, bist du hier genau richtig!\",\"sameAs\":[\"https:\\\/\\\/www.facebook.com\\\/apfelpatientOfficial\",\"https:\\\/\\\/www.linkedin.com\\\/in\\\/milan-jovicic-42aa0231b\"],\"url\":\"https:\\\/\\\/www.apfelpatient.de\\\/en\\\/author\\\/apfeladmin\"}]}<\/script>\n<!-- \/ Yoast SEO Premium plugin. -->","yoast_head_json":{"title":"Everything about Apple&#039;s new M4 Macs: iMac, Mac mini &amp; MacBook Pro Apfelpatient","description":"Find out all about Apple&#039;s new M4 models: From the compact Mac mini to the powerful MacBook Pro, these devices offer performance &amp; style.","robots":{"index":"index","follow":"follow","max-snippet":"max-snippet:-1","max-image-preview":"max-image-preview:large","max-video-preview":"max-video-preview:-1"},"canonical":"https:\/\/www.apfelpatient.de\/en\/generally\/everything-about-apples-new-m4-macs-imac-mac-mini-macbook-pro","og_locale":"en_US","og_type":"article","og_title":"Alles \u00fcber Apple\u2019s neue M4 Macs: iMac, Mac mini & MacBook Pro","og_description":"Erfahre alles \u00fcber Apples neue M4-Modelle: Vom kompakten Mac mini bis zum leistungsstarken MacBook Pro, diese Ger\u00e4te bieten Leistung & Stil.","og_url":"https:\/\/www.apfelpatient.de\/en\/generally\/everything-about-apples-new-m4-macs-imac-mac-mini-macbook-pro","og_site_name":"Apfelpatient","article_publisher":"https:\/\/www.facebook.com\/apfelpatientOfficial","article_author":"https:\/\/www.facebook.com\/apfelpatientOfficial","article_published_time":"2024-10-30T17:47:15+00:00","article_modified_time":"2024-10-30T17:47:16+00:00","og_image":[{"width":1600,"height":900,"url":"https:\/\/www.apfelpatient.de\/wp-content\/uploads\/2024\/10\/Apple-MacBook-Pro-M4-chip-series-3up-1.jpg","type":"image\/jpeg"}],"author":"Milan","twitter_card":"summary_large_image","twitter_description":"Erfahre alles \u00fcber Apples neue M4-Modelle: Vom kompakten Mac mini bis zum leistungsstarken MacBook Pro, diese Ger\u00e4te bieten Leistung & Stil.","twitter_misc":{"Written by":"Milan","Est. reading time":"7 minutes"},"schema":{"@context":"https:\/\/schema.org","@graph":[{"@type":"NewsArticle","@id":"https:\/\/www.apfelpatient.de\/allgemein\/alles-ueber-apples-neue-m4-macs-imac-mac-mini-macbook-pro#article","isPartOf":{"@id":"https:\/\/www.apfelpatient.de\/allgemein\/alles-ueber-apples-neue-m4-macs-imac-mac-mini-macbook-pro"},"author":{"@type":"Organization","@id":"https:\/\/www.apfelpatient.de\/en\/#organization","name":"Apfelpatient","url":"https:\/\/www.apfelpatient.de\/en\/"},"headline":"Alles \u00fcber Apple\u2019s neue M4 Macs: iMac, Mac mini &#038; MacBook Pro","datePublished":"2024-10-30T17:47:15+00:00","dateModified":"2024-10-30T17:47:16+00:00","mainEntityOfPage":{"@id":"https:\/\/www.apfelpatient.de\/allgemein\/alles-ueber-apples-neue-m4-macs-imac-mac-mini-macbook-pro"},"wordCount":1020,"publisher":{"@type":"Organization","@id":"https:\/\/www.apfelpatient.de\/en\/#organization","name":"Apfelpatient","url":"https:\/\/www.apfelpatient.de\/en\/"},"image":{"@id":"https:\/\/www.apfelpatient.de\/allgemein\/alles-ueber-apples-neue-m4-macs-imac-mac-mini-macbook-pro#primaryimage"},"thumbnailUrl":"https:\/\/www.apfelpatient.de\/wp-content\/uploads\/2024\/10\/Apple-MacBook-Pro-M4-chip-series-3up-1.jpg","keywords":["Apple Silicon","iMac","Mac","Mac mini","MacBook Pro"],"articleSection":"Allgemein","inLanguage":"en-US","copyrightYear":"2024","copyrightHolder":{"@id":"https:\/\/www.apfelpatient.de\/en\/#organization"}},{"@type":"WebPage","@id":"https:\/\/www.apfelpatient.de\/allgemein\/alles-ueber-apples-neue-m4-macs-imac-mac-mini-macbook-pro","url":"https:\/\/www.apfelpatient.de\/allgemein\/alles-ueber-apples-neue-m4-macs-imac-mac-mini-macbook-pro","name":"Everything about Apple&#039;s new M4 Macs: iMac, Mac mini &amp; MacBook Pro Apfelpatient","isPartOf":{"@id":"https:\/\/www.apfelpatient.de\/#website"},"primaryImageOfPage":{"@id":"https:\/\/www.apfelpatient.de\/allgemein\/alles-ueber-apples-neue-m4-macs-imac-mac-mini-macbook-pro#primaryimage"},"image":{"@id":"https:\/\/www.apfelpatient.de\/allgemein\/alles-ueber-apples-neue-m4-macs-imac-mac-mini-macbook-pro#primaryimage"},"thumbnailUrl":"https:\/\/www.apfelpatient.de\/wp-content\/uploads\/2024\/10\/Apple-MacBook-Pro-M4-chip-series-3up-1.jpg","datePublished":"2024-10-30T17:47:15+00:00","dateModified":"2024-10-30T17:47:16+00:00","description":"Find out all about Apple&#039;s new M4 models: From the compact Mac mini to the powerful MacBook Pro, these devices offer performance &amp; style.","breadcrumb":{"@id":"https:\/\/www.apfelpatient.de\/allgemein\/alles-ueber-apples-neue-m4-macs-imac-mac-mini-macbook-pro#breadcrumb"},"inLanguage":"en-US","potentialAction":[{"@type":"ReadAction","target":["https:\/\/www.apfelpatient.de\/allgemein\/alles-ueber-apples-neue-m4-macs-imac-mac-mini-macbook-pro"]}]},{"@type":"ImageObject","inLanguage":"en-US","@id":"https:\/\/www.apfelpatient.de\/allgemein\/alles-ueber-apples-neue-m4-macs-imac-mac-mini-macbook-pro#primaryimage","url":"https:\/\/www.apfelpatient.de\/wp-content\/uploads\/2024\/10\/Apple-MacBook-Pro-M4-chip-series-3up-1.jpg","contentUrl":"https:\/\/www.apfelpatient.de\/wp-content\/uploads\/2024\/10\/Apple-MacBook-Pro-M4-chip-series-3up-1.jpg","width":1600,"height":900,"caption":"Bild: Apple"},{"@type":"BreadcrumbList","@id":"https:\/\/www.apfelpatient.de\/allgemein\/alles-ueber-apples-neue-m4-macs-imac-mac-mini-macbook-pro#breadcrumb","itemListElement":[{"@type":"ListItem","position":1,"name":"Startseite","item":"https:\/\/www.apfelpatient.de\/"},{"@type":"ListItem","position":2,"name":"Alles \u00fcber Apple\u2019s neue M4 Macs: iMac, Mac mini &#038; MacBook Pro"}]},{"@type":"WebSite","@id":"https:\/\/www.apfelpatient.de\/#website","url":"https:\/\/www.apfelpatient.de\/","name":"apple patient","description":"Everything about Apple!","publisher":{"@type":"Organization","@id":"https:\/\/www.apfelpatient.de\/en\/#organization","name":"Apfelpatient","url":"https:\/\/www.apfelpatient.de\/en\/"},"alternateName":"Apfelpatient","potentialAction":[{"@type":"SearchAction","target":{"@type":"EntryPoint","urlTemplate":"https:\/\/www.apfelpatient.de\/?s={search_term_string}"},"query-input":{"@type":"PropertyValueSpecification","valueRequired":true,"valueName":"search_term_string"}}],"inLanguage":"en-US"},{"@type":["Person","Organization"],"@id":"https:\/\/www.apfelpatient.de\/#\/schema\/person\/7dc56ad6c8e9824b76d2c08d4c140e13","name":"Milan","logo":{"@id":"https:\/\/www.apfelpatient.de\/#\/schema\/person\/image\/"},"description":"Hello and welcome to my technology blog! As a big Apple fan, I report on everything to do with Apple: from the latest news and exciting rumors to helpful tips and tricks and detailed product tests. If you are as enthusiastic about technology as I am, you have come to the right place!","sameAs":["https:\/\/www.facebook.com\/apfelpatientOfficial","https:\/\/www.linkedin.com\/in\/milan-jovicic-42aa0231b"],"url":"https:\/\/www.apfelpatient.de\/en\/author\/apfeladmin"}]}},"_links":{"self":[{"href":"https:\/\/www.apfelpatient.de\/en\/wp-json\/wp\/v2\/posts\/47690","targetHints":{"allow":["GET"]}}],"collection":[{"href":"https:\/\/www.apfelpatient.de\/en\/wp-json\/wp\/v2\/posts"}],"about":[{"href":"https:\/\/www.apfelpatient.de\/en\/wp-json\/wp\/v2\/types\/post"}],"author":[{"embeddable":true,"href":"https:\/\/www.apfelpatient.de\/en\/wp-json\/wp\/v2\/users\/2"}],"replies":[{"embeddable":true,"href":"https:\/\/www.apfelpatient.de\/en\/wp-json\/wp\/v2\/comments?post=47690"}],"version-history":[{"count":0,"href":"https:\/\/www.apfelpatient.de\/en\/wp-json\/wp\/v2\/posts\/47690\/revisions"}],"wp:featuredmedia":[{"embeddable":true,"href":"https:\/\/www.apfelpatient.de\/en\/wp-json\/wp\/v2\/media\/47689"}],"wp:attachment":[{"href":"https:\/\/www.apfelpatient.de\/en\/wp-json\/wp\/v2\/media?parent=47690"}],"wp:term":[{"taxonomy":"category","embeddable":true,"href":"https:\/\/www.apfelpatient.de\/en\/wp-json\/wp\/v2\/categories?post=47690"},{"taxonomy":"post_tag","embeddable":true,"href":"https:\/\/www.apfelpatient.de\/en\/wp-json\/wp\/v2\/tags?post=47690"}],"curies":[{"name":"wp","href":"https:\/\/api.w.org\/{rel}","templated":true}]}}