{"id":47541,"date":"2024-10-27T22:29:09","date_gmt":"2024-10-27T21:29:09","guid":{"rendered":"https:\/\/www.apfelpatient.de\/?p=47541"},"modified":"2024-10-27T22:29:10","modified_gmt":"2024-10-27T21:29:10","slug":"when-will-apple-stop-supporting-intel-macs","status":"publish","type":"post","link":"https:\/\/www.apfelpatient.de\/en\/allgemein\/wann-stellt-apple-die-unterstuetzung-fuer-intel-macs-ein","title":{"rendered":"When will Apple stop supporting Intel Macs?"},"content":{"rendered":"<p class=\"has-drop-cap\"><strong>Apple has moved away from Intel-based Macs since 2020 and is now fully committed to its own Apple Silicon technology. This transition has brought many benefits to the performance and efficiency of Mac devices, but it leaves the question open: how long will loyal Intel Mac users continue to receive software support? Below you will find a detailed overview of the current support situation and what the future holds for Intel Macs.<\/strong><\/p>\n\n\n\n<p>Apple announced the switch to Apple Silicon in 2020 and has since equipped every new Mac model with its own chips. The benefits of this change are clear: Apple Silicon offers impressive performance, longer battery life and deeper integration of hardware and software, resulting in an overall improved user experience. For owners of older Intel Macs, however, the question is how long their devices will remain relevant as Apple increasingly focuses on its own chip architecture.<\/p>\n\n\n\n<h3 class=\"wp-block-heading\" id=\"h-der-stand-der-unterstutzung-fur-intel-macs\">The status of support for Intel Macs<\/h3>\n\n\n\n<h4 class=\"wp-block-heading\" id=\"h-die-aktuelle-lage-mit-macos-sequoia\">The current situation with macOS Sequoia<\/h4>\n\n\n\n<p>With the latest macOS version, macOS Sequoia, Apple has already ended support for many older Intel Macs. The remaining Intel models that still receive updates include:<\/p>\n\n\n\n<ul class=\"wp-block-list\">\n<li>2018 Mac mini<\/li>\n\n\n\n<li>2019-20 iMac models<\/li>\n\n\n\n<li>2017 iMac Pro<\/li>\n\n\n\n<li>2020 MacBook Air<\/li>\n\n\n\n<li>2018-20 MacBook Pro models<\/li>\n\n\n\n<li>2019 Mac Pro<\/li>\n<\/ul>\n\n\n\n<p>These devices were released shortly before or during the transition to Apple Silicon and therefore still have limited support. The MacBook Pro 2018 in particular has received continuous software updates to date, as it is equipped with the 8th generation Intel Core i5 and i7 chipsets that can be found in several models of those years. Apple seems to be maximizing the transition period for users to allow them to use it for a longer period of time.<\/p>\n\n\n\n<h4 class=\"wp-block-heading\" id=\"h-ausnahmefall-imac-pro\">exceptional case iMac Pro<\/h4>\n\n\n\n<p>An interesting exception is the iMac Pro, which was introduced in 2017 and has already exceeded the usual support period of 5-6 years. Apple obviously wants to support professional users who may depend on the stable performance of this powerful device. This is good news for iMac Pro users, but the time for new software updates could soon run out here too.<\/p>\n\n\n\n<h4 class=\"wp-block-heading\" id=\"h-was-erwartet-uns-in-den-nachsten-jahren\">What awaits us in the next few years?<\/h4>\n\n\n\n<p>Given Apple&#039;s support approach so far, it&#039;s safe to predict that macOS 16, expected to be released in 2025, could be the last version to support Intel-based Macs. Models like the 2019 iMac or 2018 Mac mini could then lose support. macOS 17, expected to be released in 2026, will likely be the first version exclusive to Apple Silicon. So after 2026, it will become increasingly difficult for Intel users to get macOS updates. Since Apple usually provides security updates for about two years after feature support ends, Intel users could still receive security patches until about 2028. After that, however, it will probably be over for good.<\/p>\n\n\n\n<h4 class=\"wp-block-heading\" id=\"h-was-bedeutet-das-fur-intel-mac-nutzer\">What does this mean for Intel Mac users?<\/h4>\n\n\n\n<p class=\"translation-block\">For you as an Intel Mac owner, this means you should consider upgrading to Apple Silicon in the next two years. While your device will likely continue to receive updates until 2026, you&#039;ll have to prepare for the loss of new macOS features after that. Security updates may still be available until 2028, but without feature updates, it will become increasingly difficult to use modern software smoothly. If you&#039;re considering switching to Apple Silicon, there are already numerous attractive deals available, especially for the M2 MacBook Air, which is currently available at an all-time low price of <a href=\"https:\/\/amzn.to\/3NJ9n5E\" target=\"_blank\" rel=\"noreferrer noopener follow\" data-wpel-link=\"exclude\">\u20ac999<\/a> on Amazon.<\/p>\n\n\n\n<h3 class=\"wp-block-heading\" id=\"h-neue-technologie-neue-chancen-warum-der-umstieg-auf-apple-silicon-attraktiv-ist\">New technology, new opportunities: Why switching to Apple Silicon is attractive<\/h3>\n\n\n\n<p class=\"translation-block\">Apple is pursuing a clear strategy: The transition to Apple Silicon will shape the future of the Mac line. For Intel Mac users, this means that the time for software support is limited. Consider whether switching to Apple Silicon makes sense for you, especially if you want long-term support and the latest features. With attractive offers for Apple Silicon devices, now is a good time to consider making the switch and benefit from Apple&#039;s new technology. Looking for the best accessories? Visit <a href=\"https:\/\/www.amazon.de\/shop\/apfelpatientofficial\" target=\"_blank\" rel=\"noreferrer noopener follow\" data-wpel-link=\"exclude\">our Amazon Storefront<\/a> and discover a variety of products from top suppliers, including HomeKit-compatible ones! (Image: Apple)<\/p>\n\n\n\n<ul class=\"wp-block-list\">\n<li><a href=\"https:\/\/www.apfelpatient.de\/en\/generally\/ai-and-apple-why-the-lag-is-only-apparent\">AI and Apple: Why the gap is only apparent<\/a><\/li>\n\n\n\n<li><a href=\"https:\/\/www.apfelpatient.de\/en\/generally\/the-apple-roadmap-for-2025-macbook-air-iphone-and-more\">The Apple Roadmap for 2025: MacBook Air, iPhone and more<\/a><\/li>\n<\/ul>\n\n\n\n<h6 class=\"wp-block-heading translation-block\" id=\"h-kennt-ihr-schon-unsere-amazon-storefront-dort-findet-ihr-eine-handverlesene-auswahl-von-diversen-produkten-f-r-euer-iphone-und-co-viel-spa-beim-st-bern\"><em>Have you already visited our Amazon Storefront? There you&#039;ll find a hand-picked selection of various products for your iPhone and other devices \u2013 <span class=\"has-inline-color has-vivid-red-color\"><a href=\"https:\/\/www.amazon.de\/shop\/apfelpatientofficial\" class=\"ek-link\" data-wpel-link=\"exclude\" rel=\"follow noopener\" target=\"_self\"><span style=\"text-decoration: underline\" class=\"ek-underline\">enjoy browsing<\/span><\/a> !<\/span><\/em><\/h6>\n\n\n\n<h6 class=\"wp-block-heading translation-block\" id=\"h-der-beitrag-enthalt-partnerlinks\">This post contains <a data-type=\"URL\" data-id=\"https:\/\/www.apfelpatient.de\/partnerprogramm\" href=\"https:\/\/www.apfelpatient.de\/en\/partner-program\" data-wpel-link=\"internal\" target=\"_self\">affiliate links<\/a>.<\/h6>","protected":false},"excerpt":{"rendered":"<p>Is the end of Intel Macs near? Cupertino is betting on Apple Silicon! Find out how long your Mac will still receive updates and much more!<\/p>","protected":false},"author":2,"featured_media":47540,"comment_status":"closed","ping_status":"closed","sticky":false,"template":"","format":"standard","meta":{"jnews-multi-image_gallery":[],"jnews_single_post":{"format":"standard","override":[{"template":"2","parallax":"1","fullscreen":"1","layout":"right-sidebar","sidebar":"default-sidebar","second_sidebar":"default-sidebar","sticky_sidebar":"1","share_position":"top","share_float_style":"share-monocrhome","show_featured":"1","show_post_meta":"1","show_post_author":"1","show_post_author_image":"1","show_post_date":"1","post_date_format":"default","post_date_format_custom":"Y\/m\/d","show_post_category":"1","show_post_reading_time":"0","post_reading_time_wpm":"300","post_calculate_word_method":"str_word_count","show_zoom_button":"0","zoom_button_out_step":"2","zoom_button_in_step":"3","show_post_tag":"1","show_prev_next_post":"1","show_popup_post":"1","number_popup_post":"1","show_author_box":"0","show_post_related":"0","show_inline_post_related":"0"}],"image_override":[{"single_post_thumbnail_size":"crop-500","single_post_gallery_size":"crop-500"}],"trending_post_position":"meta","trending_post_label":"Trending","sponsored_post_label":"Sponsored by","disable_ad":"0"},"jnews_primary_category":{"id":"2"},"footnotes":""},"categories":[2],"tags":[420,40,4],"class_list":["post-47541","post","type-post","status-publish","format-standard","has-post-thumbnail","hentry","category-allgemein","tag-apple-silicon","tag-mac","tag-macos"],"yoast_head":"<!-- This site is optimized with the Yoast SEO Premium plugin v27.5 (Yoast SEO v27.5) - https:\/\/yoast.com\/product\/yoast-seo-premium-wordpress\/ -->\n<title>Wann stellt Apple die Unterst\u00fctzung f\u00fcr Intel-Macs ein? Apfelpatient<\/title>\n<meta name=\"description\" content=\"Steht das Ende f\u00fcr Intel-Macs bevor? Cupertino setzt auf Apple Silicon! Erfahre, wie lange dein Mac noch Updates erh\u00e4lt und vieles mehr!\" \/>\n<meta name=\"robots\" content=\"index, follow, max-snippet:-1, max-image-preview:large, max-video-preview:-1\" \/>\n<link rel=\"canonical\" href=\"https:\/\/www.apfelpatient.de\/en\/generally\/when-will-apple-stop-supporting-intel-macs\" \/>\n<meta property=\"og:locale\" content=\"en_US\" \/>\n<meta property=\"og:type\" content=\"article\" \/>\n<meta property=\"og:title\" content=\"Wann stellt Apple die Unterst\u00fctzung f\u00fcr Intel-Macs ein?\" \/>\n<meta property=\"og:description\" content=\"Steht das Ende f\u00fcr Intel-Macs bevor? Cupertino setzt auf Apple Silicon! Erfahre, wie lange dein Mac noch Updates erh\u00e4lt und vieles mehr!\" \/>\n<meta property=\"og:url\" content=\"https:\/\/www.apfelpatient.de\/en\/generally\/when-will-apple-stop-supporting-intel-macs\" \/>\n<meta property=\"og:site_name\" content=\"Apfelpatient\" \/>\n<meta property=\"article:publisher\" content=\"https:\/\/www.facebook.com\/apfelpatientOfficial\" \/>\n<meta property=\"article:author\" content=\"https:\/\/www.facebook.com\/apfelpatientOfficial\" \/>\n<meta property=\"article:published_time\" content=\"2024-10-27T21:29:09+00:00\" \/>\n<meta property=\"article:modified_time\" content=\"2024-10-27T21:29:10+00:00\" \/>\n<meta property=\"og:image\" content=\"https:\/\/www.apfelpatient.de\/wp-content\/uploads\/2024\/10\/apple_macos-bigsur_moreapps_06222020.jpg\" \/>\n\t<meta property=\"og:image:width\" content=\"2400\" \/>\n\t<meta property=\"og:image:height\" content=\"1550\" \/>\n\t<meta property=\"og:image:type\" content=\"image\/jpeg\" \/>\n<meta name=\"author\" content=\"Milan\" \/>\n<meta name=\"twitter:card\" content=\"summary_large_image\" \/>\n<meta name=\"twitter:description\" content=\"Steht das Ende f\u00fcr Intel-Macs bevor? Cupertino setzt auf Apple Silicon! Erfahre, wie lange dein Mac noch Updates erh\u00e4lt und vieles mehr!\" \/>\n<meta name=\"twitter:label1\" content=\"Written by\" \/>\n\t<meta name=\"twitter:data1\" content=\"Milan\" \/>\n\t<meta name=\"twitter:label2\" content=\"Est. reading time\" \/>\n\t<meta name=\"twitter:data2\" content=\"12 minutes\" \/>\n<script type=\"application\/ld+json\" class=\"yoast-schema-graph\">{\"@context\":\"https:\\\/\\\/schema.org\",\"@graph\":[{\"@type\":\"NewsArticle\",\"@id\":\"https:\\\/\\\/www.apfelpatient.de\\\/allgemein\\\/wann-stellt-apple-die-unterstuetzung-fuer-intel-macs-ein#article\",\"isPartOf\":{\"@id\":\"https:\\\/\\\/www.apfelpatient.de\\\/allgemein\\\/wann-stellt-apple-die-unterstuetzung-fuer-intel-macs-ein\"},\"author\":{\"@type\":\"Organization\",\"@id\":\"https:\\\/\\\/www.apfelpatient.de\\\/en\\\/#organization\",\"name\":\"Apfelpatient\",\"url\":\"https:\\\/\\\/www.apfelpatient.de\\\/en\\\/\"},\"headline\":\"Wann stellt Apple die Unterst\u00fctzung f\u00fcr Intel-Macs ein?\",\"datePublished\":\"2024-10-27T21:29:09+00:00\",\"dateModified\":\"2024-10-27T21:29:10+00:00\",\"mainEntityOfPage\":{\"@id\":\"https:\\\/\\\/www.apfelpatient.de\\\/allgemein\\\/wann-stellt-apple-die-unterstuetzung-fuer-intel-macs-ein\"},\"wordCount\":721,\"publisher\":{\"@type\":\"Organization\",\"@id\":\"https:\\\/\\\/www.apfelpatient.de\\\/en\\\/#organization\",\"name\":\"Apfelpatient\",\"url\":\"https:\\\/\\\/www.apfelpatient.de\\\/en\\\/\"},\"image\":{\"@id\":\"https:\\\/\\\/www.apfelpatient.de\\\/allgemein\\\/wann-stellt-apple-die-unterstuetzung-fuer-intel-macs-ein#primaryimage\"},\"thumbnailUrl\":\"https:\\\/\\\/www.apfelpatient.de\\\/wp-content\\\/uploads\\\/2024\\\/10\\\/apple_macos-bigsur_moreapps_06222020.jpg\",\"keywords\":[\"Apple Silicon\",\"Mac\",\"macOS\"],\"articleSection\":\"Allgemein\",\"inLanguage\":\"en-US\",\"copyrightYear\":\"2024\",\"copyrightHolder\":{\"@id\":\"https:\\\/\\\/www.apfelpatient.de\\\/en\\\/#organization\"}},{\"@type\":\"WebPage\",\"@id\":\"https:\\\/\\\/www.apfelpatient.de\\\/allgemein\\\/wann-stellt-apple-die-unterstuetzung-fuer-intel-macs-ein\",\"url\":\"https:\\\/\\\/www.apfelpatient.de\\\/allgemein\\\/wann-stellt-apple-die-unterstuetzung-fuer-intel-macs-ein\",\"name\":\"Wann stellt Apple die Unterst\u00fctzung f\u00fcr Intel-Macs ein? Apfelpatient\",\"isPartOf\":{\"@id\":\"https:\\\/\\\/www.apfelpatient.de\\\/#website\"},\"primaryImageOfPage\":{\"@id\":\"https:\\\/\\\/www.apfelpatient.de\\\/allgemein\\\/wann-stellt-apple-die-unterstuetzung-fuer-intel-macs-ein#primaryimage\"},\"image\":{\"@id\":\"https:\\\/\\\/www.apfelpatient.de\\\/allgemein\\\/wann-stellt-apple-die-unterstuetzung-fuer-intel-macs-ein#primaryimage\"},\"thumbnailUrl\":\"https:\\\/\\\/www.apfelpatient.de\\\/wp-content\\\/uploads\\\/2024\\\/10\\\/apple_macos-bigsur_moreapps_06222020.jpg\",\"datePublished\":\"2024-10-27T21:29:09+00:00\",\"dateModified\":\"2024-10-27T21:29:10+00:00\",\"description\":\"Steht das Ende f\u00fcr Intel-Macs bevor? Cupertino setzt auf Apple Silicon! Erfahre, wie lange dein Mac noch Updates erh\u00e4lt und vieles mehr!\",\"breadcrumb\":{\"@id\":\"https:\\\/\\\/www.apfelpatient.de\\\/allgemein\\\/wann-stellt-apple-die-unterstuetzung-fuer-intel-macs-ein#breadcrumb\"},\"inLanguage\":\"en-US\",\"potentialAction\":[{\"@type\":\"ReadAction\",\"target\":[\"https:\\\/\\\/www.apfelpatient.de\\\/allgemein\\\/wann-stellt-apple-die-unterstuetzung-fuer-intel-macs-ein\"]}]},{\"@type\":\"ImageObject\",\"inLanguage\":\"en-US\",\"@id\":\"https:\\\/\\\/www.apfelpatient.de\\\/allgemein\\\/wann-stellt-apple-die-unterstuetzung-fuer-intel-macs-ein#primaryimage\",\"url\":\"https:\\\/\\\/www.apfelpatient.de\\\/wp-content\\\/uploads\\\/2024\\\/10\\\/apple_macos-bigsur_moreapps_06222020.jpg\",\"contentUrl\":\"https:\\\/\\\/www.apfelpatient.de\\\/wp-content\\\/uploads\\\/2024\\\/10\\\/apple_macos-bigsur_moreapps_06222020.jpg\",\"width\":2400,\"height\":1550,\"caption\":\"Bild: Apple\"},{\"@type\":\"BreadcrumbList\",\"@id\":\"https:\\\/\\\/www.apfelpatient.de\\\/allgemein\\\/wann-stellt-apple-die-unterstuetzung-fuer-intel-macs-ein#breadcrumb\",\"itemListElement\":[{\"@type\":\"ListItem\",\"position\":1,\"name\":\"Startseite\",\"item\":\"https:\\\/\\\/www.apfelpatient.de\\\/\"},{\"@type\":\"ListItem\",\"position\":2,\"name\":\"Wann stellt Apple die Unterst\u00fctzung f\u00fcr Intel-Macs ein?\"}]},{\"@type\":\"WebSite\",\"@id\":\"https:\\\/\\\/www.apfelpatient.de\\\/#website\",\"url\":\"https:\\\/\\\/www.apfelpatient.de\\\/\",\"name\":\"Apfelpatient\",\"description\":\"Alles rund um Apple!\",\"publisher\":{\"@type\":\"Organization\",\"@id\":\"https:\\\/\\\/www.apfelpatient.de\\\/en\\\/#organization\",\"name\":\"Apfelpatient\",\"url\":\"https:\\\/\\\/www.apfelpatient.de\\\/en\\\/\"},\"alternateName\":\"Apfelpatient\",\"potentialAction\":[{\"@type\":\"SearchAction\",\"target\":{\"@type\":\"EntryPoint\",\"urlTemplate\":\"https:\\\/\\\/www.apfelpatient.de\\\/?s={search_term_string}\"},\"query-input\":{\"@type\":\"PropertyValueSpecification\",\"valueRequired\":true,\"valueName\":\"search_term_string\"}}],\"inLanguage\":\"en-US\"},{\"@type\":[\"Person\",\"Organization\"],\"@id\":\"https:\\\/\\\/www.apfelpatient.de\\\/#\\\/schema\\\/person\\\/7dc56ad6c8e9824b76d2c08d4c140e13\",\"name\":\"Milan\",\"logo\":{\"@id\":\"https:\\\/\\\/www.apfelpatient.de\\\/#\\\/schema\\\/person\\\/image\\\/\"},\"description\":\"Hallo und herzlich willkommen auf meinem Technik-Blog! Als gro\u00dfer Apple-Fan berichte ich hier \u00fcber alles, was mit Apple zu tun hat: von den neuesten News und spannenden Ger\u00fcchten \u00fcber hilfreiche Tipps und Tricks bis hin zu ausf\u00fchrlichen Produkttests. Wenn du genauso technikbegeistert bist wie ich, bist du hier genau richtig!\",\"sameAs\":[\"https:\\\/\\\/www.facebook.com\\\/apfelpatientOfficial\",\"https:\\\/\\\/www.linkedin.com\\\/in\\\/milan-jovicic-42aa0231b\"],\"url\":\"https:\\\/\\\/www.apfelpatient.de\\\/en\\\/author\\\/apfeladmin\"}]}<\/script>\n<!-- \/ Yoast SEO Premium plugin. -->","yoast_head_json":{"title":"When will Apple stop supporting Intel Macs? Apfelpatient","description":"Is the end of Intel Macs near? Cupertino is betting on Apple Silicon! Find out how long your Mac will still receive updates and much more!","robots":{"index":"index","follow":"follow","max-snippet":"max-snippet:-1","max-image-preview":"max-image-preview:large","max-video-preview":"max-video-preview:-1"},"canonical":"https:\/\/www.apfelpatient.de\/en\/generally\/when-will-apple-stop-supporting-intel-macs","og_locale":"en_US","og_type":"article","og_title":"Wann stellt Apple die Unterst\u00fctzung f\u00fcr Intel-Macs ein?","og_description":"Steht das Ende f\u00fcr Intel-Macs bevor? Cupertino setzt auf Apple Silicon! Erfahre, wie lange dein Mac noch Updates erh\u00e4lt und vieles mehr!","og_url":"https:\/\/www.apfelpatient.de\/en\/generally\/when-will-apple-stop-supporting-intel-macs","og_site_name":"Apfelpatient","article_publisher":"https:\/\/www.facebook.com\/apfelpatientOfficial","article_author":"https:\/\/www.facebook.com\/apfelpatientOfficial","article_published_time":"2024-10-27T21:29:09+00:00","article_modified_time":"2024-10-27T21:29:10+00:00","og_image":[{"width":2400,"height":1550,"url":"https:\/\/www.apfelpatient.de\/wp-content\/uploads\/2024\/10\/apple_macos-bigsur_moreapps_06222020.jpg","type":"image\/jpeg"}],"author":"Milan","twitter_card":"summary_large_image","twitter_description":"Steht das Ende f\u00fcr Intel-Macs bevor? Cupertino setzt auf Apple Silicon! Erfahre, wie lange dein Mac noch Updates erh\u00e4lt und vieles mehr!","twitter_misc":{"Written by":"Milan","Est. reading time":"12 minutes"},"schema":{"@context":"https:\/\/schema.org","@graph":[{"@type":"NewsArticle","@id":"https:\/\/www.apfelpatient.de\/allgemein\/wann-stellt-apple-die-unterstuetzung-fuer-intel-macs-ein#article","isPartOf":{"@id":"https:\/\/www.apfelpatient.de\/allgemein\/wann-stellt-apple-die-unterstuetzung-fuer-intel-macs-ein"},"author":{"@type":"Organization","@id":"https:\/\/www.apfelpatient.de\/en\/#organization","name":"Apfelpatient","url":"https:\/\/www.apfelpatient.de\/en\/"},"headline":"Wann stellt Apple die Unterst\u00fctzung f\u00fcr Intel-Macs ein?","datePublished":"2024-10-27T21:29:09+00:00","dateModified":"2024-10-27T21:29:10+00:00","mainEntityOfPage":{"@id":"https:\/\/www.apfelpatient.de\/allgemein\/wann-stellt-apple-die-unterstuetzung-fuer-intel-macs-ein"},"wordCount":721,"publisher":{"@type":"Organization","@id":"https:\/\/www.apfelpatient.de\/en\/#organization","name":"Apfelpatient","url":"https:\/\/www.apfelpatient.de\/en\/"},"image":{"@id":"https:\/\/www.apfelpatient.de\/allgemein\/wann-stellt-apple-die-unterstuetzung-fuer-intel-macs-ein#primaryimage"},"thumbnailUrl":"https:\/\/www.apfelpatient.de\/wp-content\/uploads\/2024\/10\/apple_macos-bigsur_moreapps_06222020.jpg","keywords":["Apple Silicon","Mac","macOS"],"articleSection":"Allgemein","inLanguage":"en-US","copyrightYear":"2024","copyrightHolder":{"@id":"https:\/\/www.apfelpatient.de\/en\/#organization"}},{"@type":"WebPage","@id":"https:\/\/www.apfelpatient.de\/allgemein\/wann-stellt-apple-die-unterstuetzung-fuer-intel-macs-ein","url":"https:\/\/www.apfelpatient.de\/allgemein\/wann-stellt-apple-die-unterstuetzung-fuer-intel-macs-ein","name":"When will Apple stop supporting Intel Macs? Apfelpatient","isPartOf":{"@id":"https:\/\/www.apfelpatient.de\/#website"},"primaryImageOfPage":{"@id":"https:\/\/www.apfelpatient.de\/allgemein\/wann-stellt-apple-die-unterstuetzung-fuer-intel-macs-ein#primaryimage"},"image":{"@id":"https:\/\/www.apfelpatient.de\/allgemein\/wann-stellt-apple-die-unterstuetzung-fuer-intel-macs-ein#primaryimage"},"thumbnailUrl":"https:\/\/www.apfelpatient.de\/wp-content\/uploads\/2024\/10\/apple_macos-bigsur_moreapps_06222020.jpg","datePublished":"2024-10-27T21:29:09+00:00","dateModified":"2024-10-27T21:29:10+00:00","description":"Is the end of Intel Macs near? Cupertino is betting on Apple Silicon! Find out how long your Mac will still receive updates and much more!","breadcrumb":{"@id":"https:\/\/www.apfelpatient.de\/allgemein\/wann-stellt-apple-die-unterstuetzung-fuer-intel-macs-ein#breadcrumb"},"inLanguage":"en-US","potentialAction":[{"@type":"ReadAction","target":["https:\/\/www.apfelpatient.de\/allgemein\/wann-stellt-apple-die-unterstuetzung-fuer-intel-macs-ein"]}]},{"@type":"ImageObject","inLanguage":"en-US","@id":"https:\/\/www.apfelpatient.de\/allgemein\/wann-stellt-apple-die-unterstuetzung-fuer-intel-macs-ein#primaryimage","url":"https:\/\/www.apfelpatient.de\/wp-content\/uploads\/2024\/10\/apple_macos-bigsur_moreapps_06222020.jpg","contentUrl":"https:\/\/www.apfelpatient.de\/wp-content\/uploads\/2024\/10\/apple_macos-bigsur_moreapps_06222020.jpg","width":2400,"height":1550,"caption":"Bild: Apple"},{"@type":"BreadcrumbList","@id":"https:\/\/www.apfelpatient.de\/allgemein\/wann-stellt-apple-die-unterstuetzung-fuer-intel-macs-ein#breadcrumb","itemListElement":[{"@type":"ListItem","position":1,"name":"Startseite","item":"https:\/\/www.apfelpatient.de\/"},{"@type":"ListItem","position":2,"name":"Wann stellt Apple die Unterst\u00fctzung f\u00fcr Intel-Macs ein?"}]},{"@type":"WebSite","@id":"https:\/\/www.apfelpatient.de\/#website","url":"https:\/\/www.apfelpatient.de\/","name":"apple patient","description":"Everything about Apple!","publisher":{"@type":"Organization","@id":"https:\/\/www.apfelpatient.de\/en\/#organization","name":"Apfelpatient","url":"https:\/\/www.apfelpatient.de\/en\/"},"alternateName":"Apfelpatient","potentialAction":[{"@type":"SearchAction","target":{"@type":"EntryPoint","urlTemplate":"https:\/\/www.apfelpatient.de\/?s={search_term_string}"},"query-input":{"@type":"PropertyValueSpecification","valueRequired":true,"valueName":"search_term_string"}}],"inLanguage":"en-US"},{"@type":["Person","Organization"],"@id":"https:\/\/www.apfelpatient.de\/#\/schema\/person\/7dc56ad6c8e9824b76d2c08d4c140e13","name":"Milan","logo":{"@id":"https:\/\/www.apfelpatient.de\/#\/schema\/person\/image\/"},"description":"Hello and welcome to my technology blog! As a big Apple fan, I report on everything to do with Apple: from the latest news and exciting rumors to helpful tips and tricks and detailed product tests. If you are as enthusiastic about technology as I am, you have come to the right place!","sameAs":["https:\/\/www.facebook.com\/apfelpatientOfficial","https:\/\/www.linkedin.com\/in\/milan-jovicic-42aa0231b"],"url":"https:\/\/www.apfelpatient.de\/en\/author\/apfeladmin"}]}},"_links":{"self":[{"href":"https:\/\/www.apfelpatient.de\/en\/wp-json\/wp\/v2\/posts\/47541","targetHints":{"allow":["GET"]}}],"collection":[{"href":"https:\/\/www.apfelpatient.de\/en\/wp-json\/wp\/v2\/posts"}],"about":[{"href":"https:\/\/www.apfelpatient.de\/en\/wp-json\/wp\/v2\/types\/post"}],"author":[{"embeddable":true,"href":"https:\/\/www.apfelpatient.de\/en\/wp-json\/wp\/v2\/users\/2"}],"replies":[{"embeddable":true,"href":"https:\/\/www.apfelpatient.de\/en\/wp-json\/wp\/v2\/comments?post=47541"}],"version-history":[{"count":0,"href":"https:\/\/www.apfelpatient.de\/en\/wp-json\/wp\/v2\/posts\/47541\/revisions"}],"wp:featuredmedia":[{"embeddable":true,"href":"https:\/\/www.apfelpatient.de\/en\/wp-json\/wp\/v2\/media\/47540"}],"wp:attachment":[{"href":"https:\/\/www.apfelpatient.de\/en\/wp-json\/wp\/v2\/media?parent=47541"}],"wp:term":[{"taxonomy":"category","embeddable":true,"href":"https:\/\/www.apfelpatient.de\/en\/wp-json\/wp\/v2\/categories?post=47541"},{"taxonomy":"post_tag","embeddable":true,"href":"https:\/\/www.apfelpatient.de\/en\/wp-json\/wp\/v2\/tags?post=47541"}],"curies":[{"name":"wp","href":"https:\/\/api.w.org\/{rel}","templated":true}]}}