{"id":47407,"date":"2024-10-17T19:25:09","date_gmt":"2024-10-17T17:25:09","guid":{"rendered":"https:\/\/www.apfelpatient.de\/?p=47407"},"modified":"2024-10-17T19:25:10","modified_gmt":"2024-10-17T17:25:10","slug":"tim-cook-spoke-to-trump-about-apples-billion-dollar-fine-from-the-eu","status":"publish","type":"post","link":"https:\/\/www.apfelpatient.de\/en\/news\/tim-cook-sprach-mit-trump-ueber-apples-milliardenstrafe-der-eu","title":{"rendered":"Tim Cook spoke to Trump about Apple&#039;s billion-dollar fine from the EU"},"content":{"rendered":"<p class=\"has-drop-cap\"><strong>In a recent episode of the PBD podcast, hosted by Patrick Bet-David, Donald Trump claimed to have had a conversation with Tim Cook, CEO of Apple. According to Trump, Cook informed him about the massive fines imposed on Apple by the European Union. These penalties total around $17 billion and concern several violations, including tax advantages and anti-competitive behavior.<\/strong><\/p>\n\n\n\n<p>The report is based on Trump\u2019s statements during his appearance on the PBD podcast, which is available on YouTube <a href=\"https:\/\/www.youtube.com\/watch?v=-dmwG54QsKc&amp;t=2771s\" target=\"_blank\" rel=\"noreferrer noopener\">published<\/a> and The Verge <a href=\"https:\/\/www.theverge.com\/2024\/10\/17\/24272648\/donald-trump-tim-cook-complain-european-union-fines\" target=\"_blank\" rel=\"noreferrer noopener\">taken up<\/a> The conversation was about economic issues, with Trump&#039;s claims about his phone call with Tim Cook taking center stage.<\/p>\n\n\n\n<h4 class=\"wp-block-heading\" id=\"h-trumps-gesprach-mit-tim-cook\">Trump&#039;s conversation with Tim Cook<\/h4>\n\n\n\n<p>In the podcast episode, Donald Trump explained that Tim Cook had called him a few hours before the interview. The topic of the conversation was the recent EU decisions against Apple. According to Trump, Cook said:<\/p>\n\n\n\n<blockquote class=\"wp-block-quote is-layout-flow wp-block-quote-is-layout-flow\">\n<p class=\"is-style-default\">The European Union has just fined us $15 billion.<\/p>\n<\/blockquote>\n\n\n\n<p>Shortly after, Cook added that Apple had been fined another $2 billion, bringing the total to around $17 billion. Trump stated that Cook had given the impression that the EU was using these fines as a means to further its own economic interests. In particular, Cook had mentioned that Europe &quot;uses this money to run their company,&quot; referring to the EU as an institution. Trump responded to Cook by saying that although he is not yet in office, if he is re-elected he would want to prevent the EU from taking such measures against US companies.<\/p>\n\n\n\n<h4 class=\"wp-block-heading\" id=\"h-hintergrund-zu-den-eu-geldbussen-gegen-apple\">Background to the EU fines against Apple<\/h4>\n\n\n\n<p>The fines mentioned by Trump relate to several legal disputes that Apple is having with the EU. One of the biggest concerns the so-called &quot;Irish tax case,&quot; in which Apple is alleged to have received illegal tax breaks from the Irish government. In 2016, the European Commission ruled that Apple must pay 13 billion euros (about $15 billion) in back taxes to Ireland. The EU argued that special tax arrangements gave Apple an unfair advantage over other companies, which violates European competition law. In addition to the tax issues, Apple is under the EU&#039;s scrutiny for anti-competitive behavior in the music streaming space. It is alleged that Apple uses its marketplace platform to disadvantage competitors such as Spotify. Another issue that could lead to possible further penalties is compliance with the Digital Markets Act (DMA). This new EU law aims to limit the market power of large technology companies and promote fair competition.<\/p>\n\n\n\n<h4 class=\"wp-block-heading\" id=\"h-tim-cooks-rolle-in-diesen-verhandlungen\">Tim Cook&#039;s role in these negotiations<\/h4>\n\n\n\n<p>As Apple&#039;s CEO, Tim Cook is tasked with representing the company&#039;s interests on a global level. He regularly engages with political decision-makers, both in the US and internationally. The fact that Cook is speaking personally with Trump about the EU fines shows how seriously Apple takes these matters. It is also not impossible that Cook has had similar discussions with other high-ranking politicians, such as Kamala Harris, the Vice President of the US. Apple has been trying to fight back against these EU fines for years, and Tim Cook is playing a key role in this. In the past, Apple has argued that the EU is deliberately targeting Apple to make an example of it and to enforce the rules of the single market.<\/p>\n\n\n\n<h3 class=\"wp-block-heading\" id=\"h-cooks-diplomatischer-balanceakt-der-versuch-apple-vor-milliardenstrafen-zu-bewahren\">Cook&#039;s diplomatic balancing act: The attempt to save Apple from billions in fines<\/h3>\n\n\n\n<p>Donald Trump&#039;s statements about his conversation with Tim Cook shed new light on the ongoing dispute between Apple and the European Union. The billions of dollars in fines that Apple is being asked to pay are a serious problem for the company and could have far-reaching effects on the global market. Tim Cook is working hard to protect Apple&#039;s interests and cultivate relationships with policymakers around the world. Whether these efforts will be successful in the long term remains to be seen. However, the EU remains committed to more regulation of large technology companies like Apple to ensure that they abide by competition rules. Meanwhile, Apple will continue to try to use its influence to defend its position in the market. (Photo by DFree \/ Bigstockphoto)<\/p>\n\n\n\n<ul class=\"wp-block-list\">\n<li><a href=\"https:\/\/www.apfelpatient.de\/en\/news\/10-years-of-apple-pay-how-apple-has-changed-payment\">10 Years of Apple Pay: How Apple Changed Payment<\/a><\/li>\n<\/ul>\n\n\n\n<h6 class=\"wp-block-heading translation-block\" id=\"h-kennt-ihr-schon-unsere-amazon-storefront-dort-findet-ihr-eine-handverlesene-auswahl-von-diversen-produkten-f-r-euer-iphone-und-co-viel-spa-beim-st-bern\"><em>Have you already visited our Amazon Storefront? There you&#039;ll find a hand-picked selection of various products for your iPhone and other devices \u2013 <span class=\"has-inline-color has-vivid-red-color\"><a href=\"https:\/\/www.amazon.de\/shop\/apfelpatientofficial\" class=\"ek-link\" data-wpel-link=\"exclude\" rel=\"follow noopener\" target=\"_self\"><span style=\"text-decoration: underline\" class=\"ek-underline\">enjoy browsing<\/span><\/a> !<\/span><\/em><\/h6>\n\n\n\n<h6 class=\"wp-block-heading translation-block\" id=\"h-der-beitrag-enthalt-partnerlinks\">This post contains <a data-type=\"URL\" data-id=\"https:\/\/www.apfelpatient.de\/partnerprogramm\" href=\"https:\/\/www.apfelpatient.de\/en\/partner-program\" data-wpel-link=\"internal\" target=\"_self\">affiliate links<\/a>.<\/h6>","protected":false},"excerpt":{"rendered":"<p>Apple and the 17 billion fine: Tim Cook spoke to Trump about the EU fine. Find out more about the background and Apple&#039;s strategy.<\/p>","protected":false},"author":2,"featured_media":47406,"comment_status":"closed","ping_status":"closed","sticky":false,"template":"","format":"standard","meta":{"jnews-multi-image_gallery":[],"jnews_single_post":{"format":"standard"},"jnews_primary_category":[],"footnotes":""},"categories":[9],"tags":[13],"class_list":["post-47407","post","type-post","status-publish","format-standard","has-post-thumbnail","hentry","category-news","tag-techpatient"],"yoast_head":"<!-- This site is optimized with the Yoast SEO Premium plugin v27.5 (Yoast SEO v27.5) - https:\/\/yoast.com\/product\/yoast-seo-premium-wordpress\/ -->\n<title>Tim Cook sprach mit Trump \u00fcber Apples Milliardenstrafe der EU Apfelpatient<\/title>\n<meta name=\"description\" content=\"Apple und die 17-Milliarden-Strafe: Tim Cook sprach mit Trump \u00fcber die EU-Geldbu\u00dfe. Erfahre mehr \u00fcber die Hintergr\u00fcnde und Apples Strategie.\" \/>\n<meta name=\"robots\" content=\"index, follow, max-snippet:-1, max-image-preview:large, max-video-preview:-1\" \/>\n<link rel=\"canonical\" href=\"https:\/\/www.apfelpatient.de\/en\/news\/tim-cook-spoke-to-trump-about-apples-billion-dollar-fine-from-the-eu\" \/>\n<meta property=\"og:locale\" content=\"en_US\" \/>\n<meta property=\"og:type\" content=\"article\" \/>\n<meta property=\"og:title\" content=\"Tim Cook sprach mit Trump \u00fcber Apples Milliardenstrafe der EU\" \/>\n<meta property=\"og:description\" content=\"Apple und die 17-Milliarden-Strafe: Tim Cook sprach mit Trump \u00fcber die EU-Geldbu\u00dfe. Erfahre mehr \u00fcber die Hintergr\u00fcnde und Apples Strategie.\" \/>\n<meta property=\"og:url\" content=\"https:\/\/www.apfelpatient.de\/en\/news\/tim-cook-spoke-to-trump-about-apples-billion-dollar-fine-from-the-eu\" \/>\n<meta property=\"og:site_name\" content=\"Apfelpatient\" \/>\n<meta property=\"article:publisher\" content=\"https:\/\/www.facebook.com\/apfelpatientOfficial\" \/>\n<meta property=\"article:author\" content=\"https:\/\/www.facebook.com\/apfelpatientOfficial\" \/>\n<meta property=\"article:published_time\" content=\"2024-10-17T17:25:09+00:00\" \/>\n<meta property=\"article:modified_time\" content=\"2024-10-17T17:25:10+00:00\" \/>\n<meta property=\"og:image\" content=\"https:\/\/www.apfelpatient.de\/wp-content\/uploads\/2024\/10\/bigstock-LOS-ANGELES-JUL-Tim-Cook-427580636.jpg\" \/>\n\t<meta property=\"og:image:width\" content=\"1600\" \/>\n\t<meta property=\"og:image:height\" content=\"1158\" \/>\n\t<meta property=\"og:image:type\" content=\"image\/jpeg\" \/>\n<meta name=\"author\" content=\"Milan\" \/>\n<meta name=\"twitter:card\" content=\"summary_large_image\" \/>\n<meta name=\"twitter:description\" content=\"Apple und die 17-Milliarden-Strafe: Tim Cook sprach mit Trump \u00fcber die EU-Geldbu\u00dfe. Erfahre mehr \u00fcber die Hintergr\u00fcnde und Apples Strategie.\" \/>\n<meta name=\"twitter:label1\" content=\"Written by\" \/>\n\t<meta name=\"twitter:data1\" content=\"Milan\" \/>\n\t<meta name=\"twitter:label2\" content=\"Est. reading time\" \/>\n\t<meta name=\"twitter:data2\" content=\"4 minutes\" \/>\n<script type=\"application\/ld+json\" class=\"yoast-schema-graph\">{\"@context\":\"https:\\\/\\\/schema.org\",\"@graph\":[{\"@type\":\"NewsArticle\",\"@id\":\"https:\\\/\\\/www.apfelpatient.de\\\/news\\\/tim-cook-sprach-mit-trump-ueber-apples-milliardenstrafe-der-eu#article\",\"isPartOf\":{\"@id\":\"https:\\\/\\\/www.apfelpatient.de\\\/news\\\/tim-cook-sprach-mit-trump-ueber-apples-milliardenstrafe-der-eu\"},\"author\":{\"@type\":\"Organization\",\"@id\":\"https:\\\/\\\/www.apfelpatient.de\\\/en\\\/#organization\",\"name\":\"Apfelpatient\",\"url\":\"https:\\\/\\\/www.apfelpatient.de\\\/en\\\/\"},\"headline\":\"Tim Cook sprach mit Trump \u00fcber Apples Milliardenstrafe der EU\",\"datePublished\":\"2024-10-17T17:25:09+00:00\",\"dateModified\":\"2024-10-17T17:25:10+00:00\",\"mainEntityOfPage\":{\"@id\":\"https:\\\/\\\/www.apfelpatient.de\\\/news\\\/tim-cook-sprach-mit-trump-ueber-apples-milliardenstrafe-der-eu\"},\"wordCount\":724,\"publisher\":{\"@type\":\"Organization\",\"@id\":\"https:\\\/\\\/www.apfelpatient.de\\\/en\\\/#organization\",\"name\":\"Apfelpatient\",\"url\":\"https:\\\/\\\/www.apfelpatient.de\\\/en\\\/\"},\"image\":{\"@id\":\"https:\\\/\\\/www.apfelpatient.de\\\/news\\\/tim-cook-sprach-mit-trump-ueber-apples-milliardenstrafe-der-eu#primaryimage\"},\"thumbnailUrl\":\"https:\\\/\\\/www.apfelpatient.de\\\/wp-content\\\/uploads\\\/2024\\\/10\\\/bigstock-LOS-ANGELES-JUL-Tim-Cook-427580636.jpg\",\"keywords\":[\"TechPatient\"],\"articleSection\":\"News\",\"inLanguage\":\"en-US\",\"copyrightYear\":\"2024\",\"copyrightHolder\":{\"@id\":\"https:\\\/\\\/www.apfelpatient.de\\\/en\\\/#organization\"}},{\"@type\":\"WebPage\",\"@id\":\"https:\\\/\\\/www.apfelpatient.de\\\/news\\\/tim-cook-sprach-mit-trump-ueber-apples-milliardenstrafe-der-eu\",\"url\":\"https:\\\/\\\/www.apfelpatient.de\\\/news\\\/tim-cook-sprach-mit-trump-ueber-apples-milliardenstrafe-der-eu\",\"name\":\"Tim Cook sprach mit Trump \u00fcber Apples Milliardenstrafe der EU Apfelpatient\",\"isPartOf\":{\"@id\":\"https:\\\/\\\/www.apfelpatient.de\\\/#website\"},\"primaryImageOfPage\":{\"@id\":\"https:\\\/\\\/www.apfelpatient.de\\\/news\\\/tim-cook-sprach-mit-trump-ueber-apples-milliardenstrafe-der-eu#primaryimage\"},\"image\":{\"@id\":\"https:\\\/\\\/www.apfelpatient.de\\\/news\\\/tim-cook-sprach-mit-trump-ueber-apples-milliardenstrafe-der-eu#primaryimage\"},\"thumbnailUrl\":\"https:\\\/\\\/www.apfelpatient.de\\\/wp-content\\\/uploads\\\/2024\\\/10\\\/bigstock-LOS-ANGELES-JUL-Tim-Cook-427580636.jpg\",\"datePublished\":\"2024-10-17T17:25:09+00:00\",\"dateModified\":\"2024-10-17T17:25:10+00:00\",\"description\":\"Apple und die 17-Milliarden-Strafe: Tim Cook sprach mit Trump \u00fcber die EU-Geldbu\u00dfe. Erfahre mehr \u00fcber die Hintergr\u00fcnde und Apples Strategie.\",\"breadcrumb\":{\"@id\":\"https:\\\/\\\/www.apfelpatient.de\\\/news\\\/tim-cook-sprach-mit-trump-ueber-apples-milliardenstrafe-der-eu#breadcrumb\"},\"inLanguage\":\"en-US\",\"potentialAction\":[{\"@type\":\"ReadAction\",\"target\":[\"https:\\\/\\\/www.apfelpatient.de\\\/news\\\/tim-cook-sprach-mit-trump-ueber-apples-milliardenstrafe-der-eu\"]}]},{\"@type\":\"ImageObject\",\"inLanguage\":\"en-US\",\"@id\":\"https:\\\/\\\/www.apfelpatient.de\\\/news\\\/tim-cook-sprach-mit-trump-ueber-apples-milliardenstrafe-der-eu#primaryimage\",\"url\":\"https:\\\/\\\/www.apfelpatient.de\\\/wp-content\\\/uploads\\\/2024\\\/10\\\/bigstock-LOS-ANGELES-JUL-Tim-Cook-427580636.jpg\",\"contentUrl\":\"https:\\\/\\\/www.apfelpatient.de\\\/wp-content\\\/uploads\\\/2024\\\/10\\\/bigstock-LOS-ANGELES-JUL-Tim-Cook-427580636.jpg\",\"width\":1600,\"height\":1158,\"caption\":\"Photo by DFree \\\/ Bigstockphoto\"},{\"@type\":\"BreadcrumbList\",\"@id\":\"https:\\\/\\\/www.apfelpatient.de\\\/news\\\/tim-cook-sprach-mit-trump-ueber-apples-milliardenstrafe-der-eu#breadcrumb\",\"itemListElement\":[{\"@type\":\"ListItem\",\"position\":1,\"name\":\"Startseite\",\"item\":\"https:\\\/\\\/www.apfelpatient.de\\\/\"},{\"@type\":\"ListItem\",\"position\":2,\"name\":\"Tim Cook sprach mit Trump \u00fcber Apples Milliardenstrafe der EU\"}]},{\"@type\":\"WebSite\",\"@id\":\"https:\\\/\\\/www.apfelpatient.de\\\/#website\",\"url\":\"https:\\\/\\\/www.apfelpatient.de\\\/\",\"name\":\"Apfelpatient\",\"description\":\"Alles rund um Apple!\",\"publisher\":{\"@type\":\"Organization\",\"@id\":\"https:\\\/\\\/www.apfelpatient.de\\\/en\\\/#organization\",\"name\":\"Apfelpatient\",\"url\":\"https:\\\/\\\/www.apfelpatient.de\\\/en\\\/\"},\"alternateName\":\"Apfelpatient\",\"potentialAction\":[{\"@type\":\"SearchAction\",\"target\":{\"@type\":\"EntryPoint\",\"urlTemplate\":\"https:\\\/\\\/www.apfelpatient.de\\\/?s={search_term_string}\"},\"query-input\":{\"@type\":\"PropertyValueSpecification\",\"valueRequired\":true,\"valueName\":\"search_term_string\"}}],\"inLanguage\":\"en-US\"},{\"@type\":[\"Person\",\"Organization\"],\"@id\":\"https:\\\/\\\/www.apfelpatient.de\\\/#\\\/schema\\\/person\\\/7dc56ad6c8e9824b76d2c08d4c140e13\",\"name\":\"Milan\",\"logo\":{\"@id\":\"https:\\\/\\\/www.apfelpatient.de\\\/#\\\/schema\\\/person\\\/image\\\/\"},\"description\":\"Hallo und herzlich willkommen auf meinem Technik-Blog! Als gro\u00dfer Apple-Fan berichte ich hier \u00fcber alles, was mit Apple zu tun hat: von den neuesten News und spannenden Ger\u00fcchten \u00fcber hilfreiche Tipps und Tricks bis hin zu ausf\u00fchrlichen Produkttests. Wenn du genauso technikbegeistert bist wie ich, bist du hier genau richtig!\",\"sameAs\":[\"https:\\\/\\\/www.facebook.com\\\/apfelpatientOfficial\",\"https:\\\/\\\/www.linkedin.com\\\/in\\\/milan-jovicic-42aa0231b\"],\"url\":\"https:\\\/\\\/www.apfelpatient.de\\\/en\\\/author\\\/apfeladmin\"}]}<\/script>\n<!-- \/ Yoast SEO Premium plugin. -->","yoast_head_json":{"title":"Tim Cook spoke to Trump about Apple&#039;s billion-dollar EU fine Apfelpatient","description":"Apple and the 17 billion fine: Tim Cook spoke to Trump about the EU fine. Find out more about the background and Apple&#039;s strategy.","robots":{"index":"index","follow":"follow","max-snippet":"max-snippet:-1","max-image-preview":"max-image-preview:large","max-video-preview":"max-video-preview:-1"},"canonical":"https:\/\/www.apfelpatient.de\/en\/news\/tim-cook-spoke-to-trump-about-apples-billion-dollar-fine-from-the-eu","og_locale":"en_US","og_type":"article","og_title":"Tim Cook sprach mit Trump \u00fcber Apples Milliardenstrafe der EU","og_description":"Apple und die 17-Milliarden-Strafe: Tim Cook sprach mit Trump \u00fcber die EU-Geldbu\u00dfe. Erfahre mehr \u00fcber die Hintergr\u00fcnde und Apples Strategie.","og_url":"https:\/\/www.apfelpatient.de\/en\/news\/tim-cook-spoke-to-trump-about-apples-billion-dollar-fine-from-the-eu","og_site_name":"Apfelpatient","article_publisher":"https:\/\/www.facebook.com\/apfelpatientOfficial","article_author":"https:\/\/www.facebook.com\/apfelpatientOfficial","article_published_time":"2024-10-17T17:25:09+00:00","article_modified_time":"2024-10-17T17:25:10+00:00","og_image":[{"width":1600,"height":1158,"url":"https:\/\/www.apfelpatient.de\/wp-content\/uploads\/2024\/10\/bigstock-LOS-ANGELES-JUL-Tim-Cook-427580636.jpg","type":"image\/jpeg"}],"author":"Milan","twitter_card":"summary_large_image","twitter_description":"Apple und die 17-Milliarden-Strafe: Tim Cook sprach mit Trump \u00fcber die EU-Geldbu\u00dfe. Erfahre mehr \u00fcber die Hintergr\u00fcnde und Apples Strategie.","twitter_misc":{"Written by":"Milan","Est. reading time":"4 minutes"},"schema":{"@context":"https:\/\/schema.org","@graph":[{"@type":"NewsArticle","@id":"https:\/\/www.apfelpatient.de\/news\/tim-cook-sprach-mit-trump-ueber-apples-milliardenstrafe-der-eu#article","isPartOf":{"@id":"https:\/\/www.apfelpatient.de\/news\/tim-cook-sprach-mit-trump-ueber-apples-milliardenstrafe-der-eu"},"author":{"@type":"Organization","@id":"https:\/\/www.apfelpatient.de\/en\/#organization","name":"Apfelpatient","url":"https:\/\/www.apfelpatient.de\/en\/"},"headline":"Tim Cook sprach mit Trump \u00fcber Apples Milliardenstrafe der EU","datePublished":"2024-10-17T17:25:09+00:00","dateModified":"2024-10-17T17:25:10+00:00","mainEntityOfPage":{"@id":"https:\/\/www.apfelpatient.de\/news\/tim-cook-sprach-mit-trump-ueber-apples-milliardenstrafe-der-eu"},"wordCount":724,"publisher":{"@type":"Organization","@id":"https:\/\/www.apfelpatient.de\/en\/#organization","name":"Apfelpatient","url":"https:\/\/www.apfelpatient.de\/en\/"},"image":{"@id":"https:\/\/www.apfelpatient.de\/news\/tim-cook-sprach-mit-trump-ueber-apples-milliardenstrafe-der-eu#primaryimage"},"thumbnailUrl":"https:\/\/www.apfelpatient.de\/wp-content\/uploads\/2024\/10\/bigstock-LOS-ANGELES-JUL-Tim-Cook-427580636.jpg","keywords":["TechPatient"],"articleSection":"News","inLanguage":"en-US","copyrightYear":"2024","copyrightHolder":{"@id":"https:\/\/www.apfelpatient.de\/en\/#organization"}},{"@type":"WebPage","@id":"https:\/\/www.apfelpatient.de\/news\/tim-cook-sprach-mit-trump-ueber-apples-milliardenstrafe-der-eu","url":"https:\/\/www.apfelpatient.de\/news\/tim-cook-sprach-mit-trump-ueber-apples-milliardenstrafe-der-eu","name":"Tim Cook spoke to Trump about Apple&#039;s billion-dollar EU fine Apfelpatient","isPartOf":{"@id":"https:\/\/www.apfelpatient.de\/#website"},"primaryImageOfPage":{"@id":"https:\/\/www.apfelpatient.de\/news\/tim-cook-sprach-mit-trump-ueber-apples-milliardenstrafe-der-eu#primaryimage"},"image":{"@id":"https:\/\/www.apfelpatient.de\/news\/tim-cook-sprach-mit-trump-ueber-apples-milliardenstrafe-der-eu#primaryimage"},"thumbnailUrl":"https:\/\/www.apfelpatient.de\/wp-content\/uploads\/2024\/10\/bigstock-LOS-ANGELES-JUL-Tim-Cook-427580636.jpg","datePublished":"2024-10-17T17:25:09+00:00","dateModified":"2024-10-17T17:25:10+00:00","description":"Apple and the 17 billion fine: Tim Cook spoke to Trump about the EU fine. Find out more about the background and Apple&#039;s strategy.","breadcrumb":{"@id":"https:\/\/www.apfelpatient.de\/news\/tim-cook-sprach-mit-trump-ueber-apples-milliardenstrafe-der-eu#breadcrumb"},"inLanguage":"en-US","potentialAction":[{"@type":"ReadAction","target":["https:\/\/www.apfelpatient.de\/news\/tim-cook-sprach-mit-trump-ueber-apples-milliardenstrafe-der-eu"]}]},{"@type":"ImageObject","inLanguage":"en-US","@id":"https:\/\/www.apfelpatient.de\/news\/tim-cook-sprach-mit-trump-ueber-apples-milliardenstrafe-der-eu#primaryimage","url":"https:\/\/www.apfelpatient.de\/wp-content\/uploads\/2024\/10\/bigstock-LOS-ANGELES-JUL-Tim-Cook-427580636.jpg","contentUrl":"https:\/\/www.apfelpatient.de\/wp-content\/uploads\/2024\/10\/bigstock-LOS-ANGELES-JUL-Tim-Cook-427580636.jpg","width":1600,"height":1158,"caption":"Photo by DFree \/ Bigstockphoto"},{"@type":"BreadcrumbList","@id":"https:\/\/www.apfelpatient.de\/news\/tim-cook-sprach-mit-trump-ueber-apples-milliardenstrafe-der-eu#breadcrumb","itemListElement":[{"@type":"ListItem","position":1,"name":"Startseite","item":"https:\/\/www.apfelpatient.de\/"},{"@type":"ListItem","position":2,"name":"Tim Cook sprach mit Trump \u00fcber Apples Milliardenstrafe der EU"}]},{"@type":"WebSite","@id":"https:\/\/www.apfelpatient.de\/#website","url":"https:\/\/www.apfelpatient.de\/","name":"apple patient","description":"Everything about Apple!","publisher":{"@type":"Organization","@id":"https:\/\/www.apfelpatient.de\/en\/#organization","name":"Apfelpatient","url":"https:\/\/www.apfelpatient.de\/en\/"},"alternateName":"Apfelpatient","potentialAction":[{"@type":"SearchAction","target":{"@type":"EntryPoint","urlTemplate":"https:\/\/www.apfelpatient.de\/?s={search_term_string}"},"query-input":{"@type":"PropertyValueSpecification","valueRequired":true,"valueName":"search_term_string"}}],"inLanguage":"en-US"},{"@type":["Person","Organization"],"@id":"https:\/\/www.apfelpatient.de\/#\/schema\/person\/7dc56ad6c8e9824b76d2c08d4c140e13","name":"Milan","logo":{"@id":"https:\/\/www.apfelpatient.de\/#\/schema\/person\/image\/"},"description":"Hello and welcome to my technology blog! As a big Apple fan, I report on everything to do with Apple: from the latest news and exciting rumors to helpful tips and tricks and detailed product tests. If you are as enthusiastic about technology as I am, you have come to the right place!","sameAs":["https:\/\/www.facebook.com\/apfelpatientOfficial","https:\/\/www.linkedin.com\/in\/milan-jovicic-42aa0231b"],"url":"https:\/\/www.apfelpatient.de\/en\/author\/apfeladmin"}]}},"_links":{"self":[{"href":"https:\/\/www.apfelpatient.de\/en\/wp-json\/wp\/v2\/posts\/47407","targetHints":{"allow":["GET"]}}],"collection":[{"href":"https:\/\/www.apfelpatient.de\/en\/wp-json\/wp\/v2\/posts"}],"about":[{"href":"https:\/\/www.apfelpatient.de\/en\/wp-json\/wp\/v2\/types\/post"}],"author":[{"embeddable":true,"href":"https:\/\/www.apfelpatient.de\/en\/wp-json\/wp\/v2\/users\/2"}],"replies":[{"embeddable":true,"href":"https:\/\/www.apfelpatient.de\/en\/wp-json\/wp\/v2\/comments?post=47407"}],"version-history":[{"count":0,"href":"https:\/\/www.apfelpatient.de\/en\/wp-json\/wp\/v2\/posts\/47407\/revisions"}],"wp:featuredmedia":[{"embeddable":true,"href":"https:\/\/www.apfelpatient.de\/en\/wp-json\/wp\/v2\/media\/47406"}],"wp:attachment":[{"href":"https:\/\/www.apfelpatient.de\/en\/wp-json\/wp\/v2\/media?parent=47407"}],"wp:term":[{"taxonomy":"category","embeddable":true,"href":"https:\/\/www.apfelpatient.de\/en\/wp-json\/wp\/v2\/categories?post=47407"},{"taxonomy":"post_tag","embeddable":true,"href":"https:\/\/www.apfelpatient.de\/en\/wp-json\/wp\/v2\/tags?post=47407"}],"curies":[{"name":"wp","href":"https:\/\/api.w.org\/{rel}","templated":true}]}}