{"id":47400,"date":"2024-10-17T11:34:35","date_gmt":"2024-10-17T09:34:35","guid":{"rendered":"https:\/\/www.apfelpatient.de\/?p=47400"},"modified":"2024-10-17T11:35:28","modified_gmt":"2024-10-17T09:35:28","slug":"ipad-mini-7-a17-pro-installed-in-slimmed-down-version","status":"publish","type":"post","link":"https:\/\/www.apfelpatient.de\/en\/news\/ipad-mini-7-a17-pro-in-abgespeckter-version-verbaut","title":{"rendered":"iPad mini 7: A17 Pro installed in slimmed down version"},"content":{"rendered":"<p class=\"has-drop-cap\"><strong>The iPad mini 7 is finally here and brings with it some exciting new features that make it a worthy upgrade. Although at first glance there are few differences to the previous model, the improvements under the hood should not be underestimated. With a new A17 Pro chip, support for the Apple Pencil Pro and improved connectivity features, the iPad mini 7 sets new standards in the field of compact tablets.<\/strong><\/p>\n\n\n\n<p>The iPad mini has established itself in recent years as the perfect companion for on the go. Small, light, yet powerful - that&#039;s how we know the iPad mini. Now Apple is bringing the latest version onto the market with the iPad mini 7, which offers numerous improvements under the hood despite the familiar design. The new A17 Pro chip in particular is causing a stir, even if it comes in a slightly slimmed down form.<\/p>\n\n\n\n<h4 class=\"wp-block-heading\" id=\"h-design-und-display\">Design and Display<\/h4>\n\n\n\n<p>At first glance, the iPad mini 7 looks very similar to its predecessor. The compact 8.3-inch display remains unchanged and continues to offer the high resolution and color reproduction that you are used to from Apple. It supports the Apple Pencil Pro, which is a great advantage especially for creatives and note-taking lovers. The integration of Smart HDR 4 also improves the image quality, especially for photos and videos.<\/p>\n\n\n\n<h4 class=\"wp-block-heading\" id=\"h-neuer-a17-pro-chip-mehr-power-aber-mit-einschrankungen\">New A17 Pro chip: More power, but with limitations<\/h4>\n\n\n\n<p>The heart of the iPad mini 7 is the A17 Pro chip, which already showed impressive performance in the iPhone 15 Pro. However, the iPad mini uses a slightly weakened version of the chip: a GPU core is missing. While the 6-core CPU of the A17 Pro chip remains intact and thus offers enough power for demanding apps and multitasking, the graphics performance is slightly reduced. With a 5-core GPU, however, you don&#039;t have to forego smooth performance - even graphics-intensive games and apps run smoothly. However, you will probably only notice the difference in very graphics-intensive applications, such as AAA games or ray tracing, a function that is hardware accelerated and ensures particularly realistic light and shadow effects.<\/p>\n\n\n\n<h4 class=\"wp-block-heading\" id=\"h-verbesserte-konnektivitat-wifi-6e-und-bluetooth-5-3\">Improved connectivity: WiFi 6E and Bluetooth 5.3<\/h4>\n\n\n\n<p>When it comes to connectivity, the iPad mini 7 scores with the latest standards. With WiFi 6E and Bluetooth 5.3, you are prepared for the future. WiFi 6E offers you an even more stable and faster Internet connection, especially in congested networks. Bluetooth 5.3 also ensures improved audio quality and lower energy consumption when using wireless devices such as headphones.<\/p>\n\n\n\n<h4 class=\"wp-block-heading\" id=\"h-usb-c-anschluss-mit-schnelleren-ubertragungsraten\">USB-C port with faster transfer rates<\/h4>\n\n\n\n<p>Another upgrade is the USB-C port, which now supports transfer rates of up to 10 Gbps. This means large files, such as high-resolution videos, can be transferred even faster. This is especially useful if you use your iPad mini 7 for creative work or professional use.<\/p>\n\n\n\n<h4 class=\"wp-block-heading\" id=\"h-arbeitsspeicher\">RAM<\/h4>\n\n\n\n<p>The iPad mini 7 now has 8GB of RAM, giving you even more room for demanding multitasking tasks. This is a significant leap compared to its predecessor, which had to make do with less RAM. Whether you&#039;re working with multiple apps at once, creating graphic designs or editing complex spreadsheets, the iPad mini 7 always remains powerful.<\/p>\n\n\n\n<h4 class=\"wp-block-heading\" id=\"h-benchmarks-und-echte-performance\">Benchmarks and real performance<\/h4>\n\n\n\n<p>Only detailed benchmarks will show how the A17 Pro chip performs in practice. The iPad mini 6 also features a slightly reduced version of the A15 Bionic. Apple is known to have throttled the clock frequency of the GPU to increase energy efficiency. So it remains to be seen whether Apple has made similar adjustments to the iPad mini 7. Nevertheless, you can assume that the new model is significantly better than its predecessor in terms of performance and efficiency.<\/p>\n\n\n\n<h3 class=\"wp-block-heading\" id=\"h-ipad-mini-7-kompakt-leistungsstark-und-zukunftssicher\">iPad mini 7: Compact, powerful and future-proof<\/h3>\n\n\n\n<p>The iPad mini 7 is a successful update of the popular model series and offers some interesting new features with the new A17 Pro chip, 8 GB RAM and improved connectivity. Even though the chip comes in a slightly slimmed down version, the iPad mini 7 is still powerful enough for most applications. Creative people and power users in particular will benefit from the improved functions. With the new USB-C port and the modern wireless standards, the iPad mini 7 is also well equipped for the future. If you are looking for a compact but powerful <a href=\"https:\/\/www.apple.com\/de\/ipad-mini\/\" target=\"_blank\" rel=\"noreferrer noopener\">tablet<\/a> the iPad mini 7 is definitely worth considering. (Image: Apple)<\/p>\n\n\n\n<ul class=\"wp-block-list\">\n<li><a href=\"https:\/\/www.apfelpatient.de\/en\/news\/ipad-10-without-charger-apple-lowers-prices-in-europe\">iPad 10 without charger: Apple lowers prices in Europe<\/a><\/li>\n\n\n\n<li><a href=\"https:\/\/www.apfelpatient.de\/en\/news\/new-ipad-mini-with-apple-intelligence-and-a17-pro-introduced\">New iPad mini with Apple Intelligence and A17 Pro introduced<\/a><\/li>\n<\/ul>\n\n\n\n<h6 class=\"wp-block-heading translation-block\" id=\"h-kennt-ihr-schon-unsere-amazon-storefront-dort-findet-ihr-eine-handverlesene-auswahl-von-diversen-produkten-f-r-euer-iphone-und-co-viel-spa-beim-st-bern\"><em>Have you already visited our Amazon Storefront? There you&#039;ll find a hand-picked selection of various products for your iPhone and other devices \u2013 <span class=\"has-inline-color has-vivid-red-color\"><a href=\"https:\/\/www.amazon.de\/shop\/apfelpatientofficial\" class=\"ek-link\" data-wpel-link=\"exclude\" rel=\"follow noopener\" target=\"_self\"><span style=\"text-decoration: underline\" class=\"ek-underline\">enjoy browsing<\/span><\/a> !<\/span><\/em><\/h6>\n\n\n\n<h6 class=\"wp-block-heading translation-block\" id=\"h-der-beitrag-enthalt-partnerlinks\">This post contains <a data-type=\"URL\" data-id=\"https:\/\/www.apfelpatient.de\/partnerprogramm\" href=\"https:\/\/www.apfelpatient.de\/en\/partner-program\" data-wpel-link=\"internal\" target=\"_self\">affiliate links<\/a>.<\/h6>","protected":false},"excerpt":{"rendered":"<p>iPad mini 7: Compact, with a slimmed down A17 Pro chip and 8 GB RAM. Ideal for creatives and power users looking for a future-proof tablet.<\/p>","protected":false},"author":2,"featured_media":47363,"comment_status":"closed","ping_status":"closed","sticky":false,"template":"","format":"standard","meta":{"jnews-multi-image_gallery":[],"jnews_single_post":{"format":"standard"},"jnews_primary_category":[],"footnotes":""},"categories":[9],"tags":[18,114],"class_list":["post-47400","post","type-post","status-publish","format-standard","has-post-thumbnail","hentry","category-news","tag-ipad","tag-ipad-mini"],"yoast_head":"<!-- This site is optimized with the Yoast SEO Premium plugin v27.5 (Yoast SEO v27.5) - https:\/\/yoast.com\/product\/yoast-seo-premium-wordpress\/ -->\n<title>iPad mini 7: A17 Pro in abgespeckter Version verbaut Apfelpatient<\/title>\n<meta name=\"description\" content=\"iPad mini 7: Kompakt, mit abgespecktem A17 Pro Chip und 8 GB RAM. Ideal f\u00fcr Kreative und Power-User, die ein zukunftssicheres Tablet suchen.\" \/>\n<meta name=\"robots\" content=\"index, follow, max-snippet:-1, max-image-preview:large, max-video-preview:-1\" \/>\n<link rel=\"canonical\" href=\"https:\/\/www.apfelpatient.de\/en\/news\/ipad-mini-7-a17-pro-installed-in-slimmed-down-version\" \/>\n<meta property=\"og:locale\" content=\"en_US\" \/>\n<meta property=\"og:type\" content=\"article\" \/>\n<meta property=\"og:title\" content=\"iPad mini 7: A17 Pro in abgespeckter Version verbaut\" \/>\n<meta property=\"og:description\" content=\"iPad mini 7: Kompakt, mit abgespecktem A17 Pro Chip und 8 GB RAM. Ideal f\u00fcr Kreative und Power-User, die ein zukunftssicheres Tablet suchen.\" \/>\n<meta property=\"og:url\" content=\"https:\/\/www.apfelpatient.de\/en\/news\/ipad-mini-7-a17-pro-installed-in-slimmed-down-version\" \/>\n<meta property=\"og:site_name\" content=\"Apfelpatient\" \/>\n<meta property=\"article:publisher\" content=\"https:\/\/www.facebook.com\/apfelpatientOfficial\" \/>\n<meta property=\"article:author\" content=\"https:\/\/www.facebook.com\/apfelpatientOfficial\" \/>\n<meta property=\"article:published_time\" content=\"2024-10-17T09:34:35+00:00\" \/>\n<meta property=\"article:modified_time\" content=\"2024-10-17T09:35:28+00:00\" \/>\n<meta property=\"og:image\" content=\"https:\/\/www.apfelpatient.de\/wp-content\/uploads\/2024\/10\/Apple-iPad-mini-hero-241015.jpg\" \/>\n\t<meta property=\"og:image:width\" content=\"1600\" \/>\n\t<meta property=\"og:image:height\" content=\"1067\" \/>\n\t<meta property=\"og:image:type\" content=\"image\/jpeg\" \/>\n<meta name=\"author\" content=\"Milan\" \/>\n<meta name=\"twitter:card\" content=\"summary_large_image\" \/>\n<meta name=\"twitter:description\" content=\"iPad mini 7: Kompakt, mit abgespecktem A17 Pro Chip und 8 GB RAM. Ideal f\u00fcr Kreative und Power-User, die ein zukunftssicheres Tablet suchen.\" \/>\n<meta name=\"twitter:label1\" content=\"Written by\" \/>\n\t<meta name=\"twitter:data1\" content=\"Milan\" \/>\n\t<meta name=\"twitter:label2\" content=\"Est. reading time\" \/>\n\t<meta name=\"twitter:data2\" content=\"1 minute\" \/>\n<script type=\"application\/ld+json\" class=\"yoast-schema-graph\">{\"@context\":\"https:\\\/\\\/schema.org\",\"@graph\":[{\"@type\":\"NewsArticle\",\"@id\":\"https:\\\/\\\/www.apfelpatient.de\\\/news\\\/ipad-mini-7-a17-pro-in-abgespeckter-version-verbaut#article\",\"isPartOf\":{\"@id\":\"https:\\\/\\\/www.apfelpatient.de\\\/news\\\/ipad-mini-7-a17-pro-in-abgespeckter-version-verbaut\"},\"author\":{\"@type\":\"Organization\",\"@id\":\"https:\\\/\\\/www.apfelpatient.de\\\/en\\\/#organization\",\"name\":\"Apfelpatient\",\"url\":\"https:\\\/\\\/www.apfelpatient.de\\\/en\\\/\"},\"headline\":\"iPad mini 7: A17 Pro in abgespeckter Version verbaut\",\"datePublished\":\"2024-10-17T09:34:35+00:00\",\"dateModified\":\"2024-10-17T09:35:28+00:00\",\"mainEntityOfPage\":{\"@id\":\"https:\\\/\\\/www.apfelpatient.de\\\/news\\\/ipad-mini-7-a17-pro-in-abgespeckter-version-verbaut\"},\"wordCount\":725,\"publisher\":{\"@type\":\"Organization\",\"@id\":\"https:\\\/\\\/www.apfelpatient.de\\\/en\\\/#organization\",\"name\":\"Apfelpatient\",\"url\":\"https:\\\/\\\/www.apfelpatient.de\\\/en\\\/\"},\"image\":{\"@id\":\"https:\\\/\\\/www.apfelpatient.de\\\/news\\\/ipad-mini-7-a17-pro-in-abgespeckter-version-verbaut#primaryimage\"},\"thumbnailUrl\":\"https:\\\/\\\/www.apfelpatient.de\\\/wp-content\\\/uploads\\\/2024\\\/10\\\/Apple-iPad-mini-hero-241015.jpg\",\"keywords\":[\"iPad\",\"iPad mini\"],\"articleSection\":\"News\",\"inLanguage\":\"en-US\",\"copyrightYear\":\"2024\",\"copyrightHolder\":{\"@id\":\"https:\\\/\\\/www.apfelpatient.de\\\/en\\\/#organization\"}},{\"@type\":\"WebPage\",\"@id\":\"https:\\\/\\\/www.apfelpatient.de\\\/news\\\/ipad-mini-7-a17-pro-in-abgespeckter-version-verbaut\",\"url\":\"https:\\\/\\\/www.apfelpatient.de\\\/news\\\/ipad-mini-7-a17-pro-in-abgespeckter-version-verbaut\",\"name\":\"iPad mini 7: A17 Pro in abgespeckter Version verbaut Apfelpatient\",\"isPartOf\":{\"@id\":\"https:\\\/\\\/www.apfelpatient.de\\\/#website\"},\"primaryImageOfPage\":{\"@id\":\"https:\\\/\\\/www.apfelpatient.de\\\/news\\\/ipad-mini-7-a17-pro-in-abgespeckter-version-verbaut#primaryimage\"},\"image\":{\"@id\":\"https:\\\/\\\/www.apfelpatient.de\\\/news\\\/ipad-mini-7-a17-pro-in-abgespeckter-version-verbaut#primaryimage\"},\"thumbnailUrl\":\"https:\\\/\\\/www.apfelpatient.de\\\/wp-content\\\/uploads\\\/2024\\\/10\\\/Apple-iPad-mini-hero-241015.jpg\",\"datePublished\":\"2024-10-17T09:34:35+00:00\",\"dateModified\":\"2024-10-17T09:35:28+00:00\",\"description\":\"iPad mini 7: Kompakt, mit abgespecktem A17 Pro Chip und 8 GB RAM. Ideal f\u00fcr Kreative und Power-User, die ein zukunftssicheres Tablet suchen.\",\"breadcrumb\":{\"@id\":\"https:\\\/\\\/www.apfelpatient.de\\\/news\\\/ipad-mini-7-a17-pro-in-abgespeckter-version-verbaut#breadcrumb\"},\"inLanguage\":\"en-US\",\"potentialAction\":[{\"@type\":\"ReadAction\",\"target\":[\"https:\\\/\\\/www.apfelpatient.de\\\/news\\\/ipad-mini-7-a17-pro-in-abgespeckter-version-verbaut\"]}]},{\"@type\":\"ImageObject\",\"inLanguage\":\"en-US\",\"@id\":\"https:\\\/\\\/www.apfelpatient.de\\\/news\\\/ipad-mini-7-a17-pro-in-abgespeckter-version-verbaut#primaryimage\",\"url\":\"https:\\\/\\\/www.apfelpatient.de\\\/wp-content\\\/uploads\\\/2024\\\/10\\\/Apple-iPad-mini-hero-241015.jpg\",\"contentUrl\":\"https:\\\/\\\/www.apfelpatient.de\\\/wp-content\\\/uploads\\\/2024\\\/10\\\/Apple-iPad-mini-hero-241015.jpg\",\"width\":1600,\"height\":1067,\"caption\":\"Bild: Apple\"},{\"@type\":\"BreadcrumbList\",\"@id\":\"https:\\\/\\\/www.apfelpatient.de\\\/news\\\/ipad-mini-7-a17-pro-in-abgespeckter-version-verbaut#breadcrumb\",\"itemListElement\":[{\"@type\":\"ListItem\",\"position\":1,\"name\":\"Startseite\",\"item\":\"https:\\\/\\\/www.apfelpatient.de\\\/\"},{\"@type\":\"ListItem\",\"position\":2,\"name\":\"iPad mini 7: A17 Pro in abgespeckter Version verbaut\"}]},{\"@type\":\"WebSite\",\"@id\":\"https:\\\/\\\/www.apfelpatient.de\\\/#website\",\"url\":\"https:\\\/\\\/www.apfelpatient.de\\\/\",\"name\":\"Apfelpatient\",\"description\":\"Alles rund um Apple!\",\"publisher\":{\"@type\":\"Organization\",\"@id\":\"https:\\\/\\\/www.apfelpatient.de\\\/en\\\/#organization\",\"name\":\"Apfelpatient\",\"url\":\"https:\\\/\\\/www.apfelpatient.de\\\/en\\\/\"},\"alternateName\":\"Apfelpatient\",\"potentialAction\":[{\"@type\":\"SearchAction\",\"target\":{\"@type\":\"EntryPoint\",\"urlTemplate\":\"https:\\\/\\\/www.apfelpatient.de\\\/?s={search_term_string}\"},\"query-input\":{\"@type\":\"PropertyValueSpecification\",\"valueRequired\":true,\"valueName\":\"search_term_string\"}}],\"inLanguage\":\"en-US\"},{\"@type\":[\"Person\",\"Organization\"],\"@id\":\"https:\\\/\\\/www.apfelpatient.de\\\/#\\\/schema\\\/person\\\/7dc56ad6c8e9824b76d2c08d4c140e13\",\"name\":\"Milan\",\"logo\":{\"@id\":\"https:\\\/\\\/www.apfelpatient.de\\\/#\\\/schema\\\/person\\\/image\\\/\"},\"description\":\"Hallo und herzlich willkommen auf meinem Technik-Blog! Als gro\u00dfer Apple-Fan berichte ich hier \u00fcber alles, was mit Apple zu tun hat: von den neuesten News und spannenden Ger\u00fcchten \u00fcber hilfreiche Tipps und Tricks bis hin zu ausf\u00fchrlichen Produkttests. Wenn du genauso technikbegeistert bist wie ich, bist du hier genau richtig!\",\"sameAs\":[\"https:\\\/\\\/www.facebook.com\\\/apfelpatientOfficial\",\"https:\\\/\\\/www.linkedin.com\\\/in\\\/milan-jovicic-42aa0231b\"],\"url\":\"https:\\\/\\\/www.apfelpatient.de\\\/en\\\/author\\\/apfeladmin\"}]}<\/script>\n<!-- \/ Yoast SEO Premium plugin. -->","yoast_head_json":{"title":"iPad mini 7: A17 Pro installed in slimmed down version Apfelpatient","description":"iPad mini 7: Compact, with a slimmed down A17 Pro chip and 8 GB RAM. Ideal for creatives and power users looking for a future-proof tablet.","robots":{"index":"index","follow":"follow","max-snippet":"max-snippet:-1","max-image-preview":"max-image-preview:large","max-video-preview":"max-video-preview:-1"},"canonical":"https:\/\/www.apfelpatient.de\/en\/news\/ipad-mini-7-a17-pro-installed-in-slimmed-down-version","og_locale":"en_US","og_type":"article","og_title":"iPad mini 7: A17 Pro in abgespeckter Version verbaut","og_description":"iPad mini 7: Kompakt, mit abgespecktem A17 Pro Chip und 8 GB RAM. Ideal f\u00fcr Kreative und Power-User, die ein zukunftssicheres Tablet suchen.","og_url":"https:\/\/www.apfelpatient.de\/en\/news\/ipad-mini-7-a17-pro-installed-in-slimmed-down-version","og_site_name":"Apfelpatient","article_publisher":"https:\/\/www.facebook.com\/apfelpatientOfficial","article_author":"https:\/\/www.facebook.com\/apfelpatientOfficial","article_published_time":"2024-10-17T09:34:35+00:00","article_modified_time":"2024-10-17T09:35:28+00:00","og_image":[{"width":1600,"height":1067,"url":"https:\/\/www.apfelpatient.de\/wp-content\/uploads\/2024\/10\/Apple-iPad-mini-hero-241015.jpg","type":"image\/jpeg"}],"author":"Milan","twitter_card":"summary_large_image","twitter_description":"iPad mini 7: Kompakt, mit abgespecktem A17 Pro Chip und 8 GB RAM. Ideal f\u00fcr Kreative und Power-User, die ein zukunftssicheres Tablet suchen.","twitter_misc":{"Written by":"Milan","Est. reading time":"1 minute"},"schema":{"@context":"https:\/\/schema.org","@graph":[{"@type":"NewsArticle","@id":"https:\/\/www.apfelpatient.de\/news\/ipad-mini-7-a17-pro-in-abgespeckter-version-verbaut#article","isPartOf":{"@id":"https:\/\/www.apfelpatient.de\/news\/ipad-mini-7-a17-pro-in-abgespeckter-version-verbaut"},"author":{"@type":"Organization","@id":"https:\/\/www.apfelpatient.de\/en\/#organization","name":"Apfelpatient","url":"https:\/\/www.apfelpatient.de\/en\/"},"headline":"iPad mini 7: A17 Pro in abgespeckter Version verbaut","datePublished":"2024-10-17T09:34:35+00:00","dateModified":"2024-10-17T09:35:28+00:00","mainEntityOfPage":{"@id":"https:\/\/www.apfelpatient.de\/news\/ipad-mini-7-a17-pro-in-abgespeckter-version-verbaut"},"wordCount":725,"publisher":{"@type":"Organization","@id":"https:\/\/www.apfelpatient.de\/en\/#organization","name":"Apfelpatient","url":"https:\/\/www.apfelpatient.de\/en\/"},"image":{"@id":"https:\/\/www.apfelpatient.de\/news\/ipad-mini-7-a17-pro-in-abgespeckter-version-verbaut#primaryimage"},"thumbnailUrl":"https:\/\/www.apfelpatient.de\/wp-content\/uploads\/2024\/10\/Apple-iPad-mini-hero-241015.jpg","keywords":["iPad","iPad mini"],"articleSection":"News","inLanguage":"en-US","copyrightYear":"2024","copyrightHolder":{"@id":"https:\/\/www.apfelpatient.de\/en\/#organization"}},{"@type":"WebPage","@id":"https:\/\/www.apfelpatient.de\/news\/ipad-mini-7-a17-pro-in-abgespeckter-version-verbaut","url":"https:\/\/www.apfelpatient.de\/news\/ipad-mini-7-a17-pro-in-abgespeckter-version-verbaut","name":"iPad mini 7: A17 Pro installed in slimmed down version Apfelpatient","isPartOf":{"@id":"https:\/\/www.apfelpatient.de\/#website"},"primaryImageOfPage":{"@id":"https:\/\/www.apfelpatient.de\/news\/ipad-mini-7-a17-pro-in-abgespeckter-version-verbaut#primaryimage"},"image":{"@id":"https:\/\/www.apfelpatient.de\/news\/ipad-mini-7-a17-pro-in-abgespeckter-version-verbaut#primaryimage"},"thumbnailUrl":"https:\/\/www.apfelpatient.de\/wp-content\/uploads\/2024\/10\/Apple-iPad-mini-hero-241015.jpg","datePublished":"2024-10-17T09:34:35+00:00","dateModified":"2024-10-17T09:35:28+00:00","description":"iPad mini 7: Compact, with a slimmed down A17 Pro chip and 8 GB RAM. Ideal for creatives and power users looking for a future-proof tablet.","breadcrumb":{"@id":"https:\/\/www.apfelpatient.de\/news\/ipad-mini-7-a17-pro-in-abgespeckter-version-verbaut#breadcrumb"},"inLanguage":"en-US","potentialAction":[{"@type":"ReadAction","target":["https:\/\/www.apfelpatient.de\/news\/ipad-mini-7-a17-pro-in-abgespeckter-version-verbaut"]}]},{"@type":"ImageObject","inLanguage":"en-US","@id":"https:\/\/www.apfelpatient.de\/news\/ipad-mini-7-a17-pro-in-abgespeckter-version-verbaut#primaryimage","url":"https:\/\/www.apfelpatient.de\/wp-content\/uploads\/2024\/10\/Apple-iPad-mini-hero-241015.jpg","contentUrl":"https:\/\/www.apfelpatient.de\/wp-content\/uploads\/2024\/10\/Apple-iPad-mini-hero-241015.jpg","width":1600,"height":1067,"caption":"Bild: Apple"},{"@type":"BreadcrumbList","@id":"https:\/\/www.apfelpatient.de\/news\/ipad-mini-7-a17-pro-in-abgespeckter-version-verbaut#breadcrumb","itemListElement":[{"@type":"ListItem","position":1,"name":"Startseite","item":"https:\/\/www.apfelpatient.de\/"},{"@type":"ListItem","position":2,"name":"iPad mini 7: A17 Pro in abgespeckter Version verbaut"}]},{"@type":"WebSite","@id":"https:\/\/www.apfelpatient.de\/#website","url":"https:\/\/www.apfelpatient.de\/","name":"apple patient","description":"Everything about Apple!","publisher":{"@type":"Organization","@id":"https:\/\/www.apfelpatient.de\/en\/#organization","name":"Apfelpatient","url":"https:\/\/www.apfelpatient.de\/en\/"},"alternateName":"Apfelpatient","potentialAction":[{"@type":"SearchAction","target":{"@type":"EntryPoint","urlTemplate":"https:\/\/www.apfelpatient.de\/?s={search_term_string}"},"query-input":{"@type":"PropertyValueSpecification","valueRequired":true,"valueName":"search_term_string"}}],"inLanguage":"en-US"},{"@type":["Person","Organization"],"@id":"https:\/\/www.apfelpatient.de\/#\/schema\/person\/7dc56ad6c8e9824b76d2c08d4c140e13","name":"Milan","logo":{"@id":"https:\/\/www.apfelpatient.de\/#\/schema\/person\/image\/"},"description":"Hello and welcome to my technology blog! As a big Apple fan, I report on everything to do with Apple: from the latest news and exciting rumors to helpful tips and tricks and detailed product tests. If you are as enthusiastic about technology as I am, you have come to the right place!","sameAs":["https:\/\/www.facebook.com\/apfelpatientOfficial","https:\/\/www.linkedin.com\/in\/milan-jovicic-42aa0231b"],"url":"https:\/\/www.apfelpatient.de\/en\/author\/apfeladmin"}]}},"_links":{"self":[{"href":"https:\/\/www.apfelpatient.de\/en\/wp-json\/wp\/v2\/posts\/47400","targetHints":{"allow":["GET"]}}],"collection":[{"href":"https:\/\/www.apfelpatient.de\/en\/wp-json\/wp\/v2\/posts"}],"about":[{"href":"https:\/\/www.apfelpatient.de\/en\/wp-json\/wp\/v2\/types\/post"}],"author":[{"embeddable":true,"href":"https:\/\/www.apfelpatient.de\/en\/wp-json\/wp\/v2\/users\/2"}],"replies":[{"embeddable":true,"href":"https:\/\/www.apfelpatient.de\/en\/wp-json\/wp\/v2\/comments?post=47400"}],"version-history":[{"count":0,"href":"https:\/\/www.apfelpatient.de\/en\/wp-json\/wp\/v2\/posts\/47400\/revisions"}],"wp:featuredmedia":[{"embeddable":true,"href":"https:\/\/www.apfelpatient.de\/en\/wp-json\/wp\/v2\/media\/47363"}],"wp:attachment":[{"href":"https:\/\/www.apfelpatient.de\/en\/wp-json\/wp\/v2\/media?parent=47400"}],"wp:term":[{"taxonomy":"category","embeddable":true,"href":"https:\/\/www.apfelpatient.de\/en\/wp-json\/wp\/v2\/categories?post=47400"},{"taxonomy":"post_tag","embeddable":true,"href":"https:\/\/www.apfelpatient.de\/en\/wp-json\/wp\/v2\/tags?post=47400"}],"curies":[{"name":"wp","href":"https:\/\/api.w.org\/{rel}","templated":true}]}}