{"id":47337,"date":"2024-10-13T17:04:42","date_gmt":"2024-10-13T15:04:42","guid":{"rendered":"https:\/\/www.apfelpatient.de\/?p=47337"},"modified":"2024-10-13T21:42:33","modified_gmt":"2024-10-13T19:42:33","slug":"apple-vision-cheaper-version-will-be-launched-in-2025","status":"publish","type":"post","link":"https:\/\/www.apfelpatient.de\/en\/rumors\/apple-vision-preiswertere-version-kommt-2025-auf-den-markt","title":{"rendered":"Apple Vision: Cheaper version to be launched in 2025"},"content":{"rendered":"<p class=\"has-drop-cap\"><strong>Apple has always had a reputation for bringing innovative and revolutionary technologies to the market. With the introduction of the Apple Vision Pro, the company ushered in a whole new era of spatial computing. However, the hefty price of 4,000 euros was an obstacle for many potential buyers. But now there are increasing reports that Apple is working on a cheaper version of its Apple Vision headset.<\/strong><\/p>\n\n\n\n<p>In his latest \u201cPower On\u201d newsletter <a href=\"https:\/\/www.bloomberg.com\/news\/newsletters\/2024-10-13\/apple-smart-home-plans-new-os-smart-displays-vision-pro-integration-robots-m27kw5m7?cmpid=BBD101324_POWERON&amp;utm_medium=email&amp;utm_source=newsletter&amp;utm_term=241013&amp;utm_campaign=poweron\" target=\"_blank\" rel=\"noreferrer noopener\">shares<\/a> Journalist Mark Gurman has exciting news about the upcoming, cheaper Apple Vision headset. Apple plans to launch this more affordable version next year to appeal to a wider audience. Gurman provides important insights into the technical differences and price adjustments.<\/p>\n\n\n\n<h4 class=\"wp-block-heading\" id=\"h-preis-und-verfugbarkeit\">Price and availability<\/h4>\n\n\n\n<p>Apple launched the Vision Pro this year at a price of \u20ac4,000. However, this high price is a major obstacle for many buyers. The cheaper model, which is expected to cost $2,000, is intended to compensate for this disadvantage and appeal to a wider target group. According to Gurman, Apple will launch the new headset as early as next year, i.e. in 2025. With this price reduction, Apple is trying to make entry into the world of augmented reality (AR) accessible to more people.<\/p>\n\n\n\n<h4 class=\"wp-block-heading\" id=\"h-verzicht-auf-eyesight\">waiving EyeSight<\/h4>\n\n\n\n<p>One of the biggest differences between the Vision Pro and the new, cheaper model will be the lack of the so-called EyeSight feature. EyeSight is a technology that makes the user&#039;s eyes visible through a special display on the outside of the headset. This is intended to make it easier for people around them to understand the interaction with the wearer of the headset. Gurman reports that Apple will omit this feature for cost reasons, as the additional display significantly increases manufacturing costs.<\/p>\n\n\n\n<h4 class=\"wp-block-heading\" id=\"h-technische-spezifikationen\">Technical specifications<\/h4>\n\n\n\n<p>The cheaper model will also have some changes in terms of technical specifications. For example, it will probably be equipped with a less powerful processor. The Vision Pro currently uses an M2 chip, while the new headset is expected to use an A-series processor, such as the A18 Pro. Although this chipset is not as powerful as the M2, it still offers solid performance, comparable to the M1 chip used in many current Apple products.<\/p>\n\n\n\n<h4 class=\"wp-block-heading\" id=\"h-materialien-und-design\">materials and design<\/h4>\n\n\n\n<p>To further reduce the price, Apple will use cheaper materials for the cheaper model. While the Vision Pro is mostly made of aluminum and glass, the new model will use more plastic. This could reduce the weight of the device but also affect the feel and premium feel. However, for many buyers this will be an acceptable compromise, as the functionality of the headset is the main focus.<\/p>\n\n\n\n<h4 class=\"wp-block-heading\" id=\"h-verkaufsprognosen\">sales forecasts<\/h4>\n\n\n\n<p>Apple expects the cheaper Apple Vision headset to sell twice as well as the Vision Pro. However, this expectation is relative, as sales of the Vision Pro have not been particularly strong so far due to its high price. Nevertheless, this forecast shows that Apple believes the cheaper model will generate greater interest and could attract more buyers.<\/p>\n\n\n\n<h4 class=\"wp-block-heading\" id=\"h-ausblick-auf-die-zukunft\">Outlook for the Future<\/h4>\n\n\n\n<p>While Apple is preparing to launch the cheaper model, there are also reports of a second generation Vision Pro planned for 2026. This version is expected to come with an even more powerful chipset and will likely offer new features. For users who want to have the latest, this could be an interesting prospect. However, the cheaper model remains the short-term option for anyone who wants to enter Apple&#039;s AR world soon.<\/p>\n\n\n\n<h3 class=\"wp-block-heading\" id=\"h-apple-vision-fur-alle-mehr-technologie-zu-einem-besseren-preis\">Apple Vision for All: More Technology at a Better Price<\/h3>\n\n\n\n<p>In summary, Apple is attempting to make spatial computing accessible to a wider audience by introducing a more affordable Vision headset. Priced at around $2,000, the new model will offer many of the Vision Pro&#039;s innovative technologies, but without some premium features like EyeSight. For potential buyers looking for a more affordable way to immerse themselves in the world of augmented reality, this upcoming headset represents an exciting option. (Image: Apple)<\/p>\n\n\n\n<ul class=\"wp-block-list\">\n<li><a href=\"https:\/\/www.apfelpatient.de\/en\/rumors\/apples-future-data-glasses-and-airpods-with-camera-technology\">Apple&#039;s future: data glasses and AirPods with camera technology<\/a><\/li>\n\n\n\n<li><a href=\"https:\/\/www.apfelpatient.de\/en\/generally\/apple-vision-pro-2-the-right-step-thanks-to-ai-and-m5\">Apple Vision Pro 2: The right step thanks to AI and M5<\/a><\/li>\n\n\n\n<li><a href=\"https:\/\/www.apfelpatient.de\/en\/rumors\/apple-innovation-new-vision-headsets-smart-glasses\">Apple Innovation: New Vision Headsets &amp; Smart Glasses<\/a><\/li>\n\n\n\n<li><a href=\"https:\/\/www.apfelpatient.de\/en\/rumors\/future-of-apple-vision-pro-which-paths-are-up-for-debate\">Future of Apple Vision Pro: Which paths are up for debate?<\/a><\/li>\n\n\n\n<li><a href=\"https:\/\/www.apfelpatient.de\/en\/news\/apple-immersive-video-new-content-for-vision-pro-users\">Apple Immersive Video: New content for Vision Pro users<\/a><\/li>\n<\/ul>\n\n\n\n<h6 class=\"wp-block-heading translation-block\" id=\"h-kennt-ihr-schon-unsere-amazon-storefront-dort-findet-ihr-eine-handverlesene-auswahl-von-diversen-produkten-f-r-euer-iphone-und-co-viel-spa-beim-st-bern\"><em>Have you already visited our Amazon Storefront? There you&#039;ll find a hand-picked selection of various products for your iPhone and other devices \u2013 <span class=\"has-inline-color has-vivid-red-color\"><a href=\"https:\/\/www.amazon.de\/shop\/apfelpatientofficial\" class=\"ek-link\" data-wpel-link=\"exclude\" rel=\"follow noopener\" target=\"_self\"><span style=\"text-decoration: underline\" class=\"ek-underline\">enjoy browsing<\/span><\/a> !<\/span><\/em><\/h6>\n\n\n\n<h6 class=\"wp-block-heading translation-block\" id=\"h-der-beitrag-enthalt-partnerlinks\">This post contains <a data-type=\"URL\" data-id=\"https:\/\/www.apfelpatient.de\/partnerprogramm\" href=\"https:\/\/www.apfelpatient.de\/en\/partner-program\" data-wpel-link=\"internal\" target=\"_self\">affiliate links<\/a>.<\/h6>","protected":false},"excerpt":{"rendered":"<p>Apple plans to release a cheaper version of the Vision headset in 2025. Find out more about the price and differences to the more expensive Vision Pro.<\/p>","protected":false},"author":2,"featured_media":47336,"comment_status":"closed","ping_status":"closed","sticky":false,"template":"","format":"standard","meta":{"jnews-multi-image_gallery":[],"jnews_single_post":{"format":"standard","override":[{"template":"2","parallax":"1","fullscreen":"1","layout":"right-sidebar","sidebar":"default-sidebar","second_sidebar":"default-sidebar","sticky_sidebar":"1","share_position":"top","share_float_style":"share-monocrhome","show_featured":"1","show_post_meta":"1","show_post_author":"1","show_post_author_image":"1","show_post_date":"1","post_date_format":"default","post_date_format_custom":"Y\/m\/d","show_post_category":"1","show_post_reading_time":"0","post_reading_time_wpm":"300","post_calculate_word_method":"str_word_count","show_zoom_button":"0","zoom_button_out_step":"2","zoom_button_in_step":"3","show_post_tag":"1","show_prev_next_post":"1","show_popup_post":"1","number_popup_post":"1","show_author_box":"0","show_post_related":"0","show_inline_post_related":"0"}],"image_override":[{"single_post_thumbnail_size":"crop-500","single_post_gallery_size":"crop-500"}],"trending_post_position":"meta","trending_post_label":"Trending","sponsored_post_label":"Sponsored by","disable_ad":"0"},"jnews_primary_category":{"id":"25"},"footnotes":""},"categories":[25],"tags":[843,609,844],"class_list":["post-47337","post","type-post","status-publish","format-standard","has-post-thumbnail","hentry","category-rumors","tag-apple-vision-pro","tag-apple-vr-ar","tag-visionos"],"yoast_head":"<!-- This site is optimized with the Yoast SEO Premium plugin v27.5 (Yoast SEO v27.5) - https:\/\/yoast.com\/product\/yoast-seo-premium-wordpress\/ -->\n<title>Apple Vision: Preiswertere Version kommt 2025 auf den Markt - Apfelpatient<\/title>\n<meta name=\"description\" content=\"Apple plant 2025 eine g\u00fcnstigere Version des Vision-Headsets. Erfahre mehr \u00fcber Preis und Unterschiede zum teureren Vision Pro.\" \/>\n<meta name=\"robots\" content=\"index, follow, max-snippet:-1, max-image-preview:large, max-video-preview:-1\" \/>\n<link rel=\"canonical\" href=\"https:\/\/www.apfelpatient.de\/en\/rumors\/apple-vision-cheaper-version-will-be-launched-in-2025\" \/>\n<meta property=\"og:locale\" content=\"en_US\" \/>\n<meta property=\"og:type\" content=\"article\" \/>\n<meta property=\"og:title\" content=\"Apple Vision: Preiswertere Version kommt 2025 auf den Markt\" \/>\n<meta property=\"og:description\" content=\"Apple plant 2025 eine g\u00fcnstigere Version des Vision-Headsets. Erfahre mehr \u00fcber Preis und Unterschiede zum teureren Vision Pro.\" \/>\n<meta property=\"og:url\" content=\"https:\/\/www.apfelpatient.de\/en\/rumors\/apple-vision-cheaper-version-will-be-launched-in-2025\" \/>\n<meta property=\"og:site_name\" content=\"Apfelpatient\" \/>\n<meta property=\"article:publisher\" content=\"https:\/\/www.facebook.com\/apfelpatientOfficial\" \/>\n<meta property=\"article:author\" content=\"https:\/\/www.facebook.com\/apfelpatientOfficial\" \/>\n<meta property=\"article:published_time\" content=\"2024-10-13T15:04:42+00:00\" \/>\n<meta property=\"article:modified_time\" content=\"2024-10-13T19:42:33+00:00\" \/>\n<meta property=\"og:image\" content=\"https:\/\/www.apfelpatient.de\/wp-content\/uploads\/2024\/10\/Apple-WWCD23-Vision-Pro-with-battery-230605.jpg\" \/>\n\t<meta property=\"og:image:width\" content=\"1600\" \/>\n\t<meta property=\"og:image:height\" content=\"900\" \/>\n\t<meta property=\"og:image:type\" content=\"image\/jpeg\" \/>\n<meta name=\"author\" content=\"Milan\" \/>\n<meta name=\"twitter:card\" content=\"summary_large_image\" \/>\n<meta name=\"twitter:description\" content=\"Apple plant 2025 eine g\u00fcnstigere Version des Vision-Headsets. Erfahre mehr \u00fcber Preis und Unterschiede zum teureren Vision Pro.\" \/>\n<meta name=\"twitter:label1\" content=\"Written by\" \/>\n\t<meta name=\"twitter:data1\" content=\"Milan\" \/>\n\t<meta name=\"twitter:label2\" content=\"Est. reading time\" \/>\n\t<meta name=\"twitter:data2\" content=\"12 minutes\" \/>\n<script type=\"application\/ld+json\" class=\"yoast-schema-graph\">{\"@context\":\"https:\\\/\\\/schema.org\",\"@graph\":[{\"@type\":\"NewsArticle\",\"@id\":\"https:\\\/\\\/www.apfelpatient.de\\\/rumors\\\/apple-vision-preiswertere-version-kommt-2025-auf-den-markt#article\",\"isPartOf\":{\"@id\":\"https:\\\/\\\/www.apfelpatient.de\\\/rumors\\\/apple-vision-preiswertere-version-kommt-2025-auf-den-markt\"},\"author\":{\"@type\":\"Organization\",\"@id\":\"https:\\\/\\\/www.apfelpatient.de\\\/en\\\/#organization\",\"name\":\"Apfelpatient\",\"url\":\"https:\\\/\\\/www.apfelpatient.de\\\/en\\\/\"},\"headline\":\"Apple Vision: Preiswertere Version kommt 2025 auf den Markt\",\"datePublished\":\"2024-10-13T15:04:42+00:00\",\"dateModified\":\"2024-10-13T19:42:33+00:00\",\"mainEntityOfPage\":{\"@id\":\"https:\\\/\\\/www.apfelpatient.de\\\/rumors\\\/apple-vision-preiswertere-version-kommt-2025-auf-den-markt\"},\"wordCount\":763,\"publisher\":{\"@type\":\"Organization\",\"@id\":\"https:\\\/\\\/www.apfelpatient.de\\\/en\\\/#organization\",\"name\":\"Apfelpatient\",\"url\":\"https:\\\/\\\/www.apfelpatient.de\\\/en\\\/\"},\"image\":{\"@id\":\"https:\\\/\\\/www.apfelpatient.de\\\/rumors\\\/apple-vision-preiswertere-version-kommt-2025-auf-den-markt#primaryimage\"},\"thumbnailUrl\":\"https:\\\/\\\/www.apfelpatient.de\\\/wp-content\\\/uploads\\\/2024\\\/10\\\/Apple-WWCD23-Vision-Pro-with-battery-230605.jpg\",\"keywords\":[\"Apple Vision Pro\",\"Apple VR\\\/AR\",\"visionOS\"],\"articleSection\":\"Rumors\",\"inLanguage\":\"en-US\",\"copyrightYear\":\"2024\",\"copyrightHolder\":{\"@id\":\"https:\\\/\\\/www.apfelpatient.de\\\/en\\\/#organization\"}},{\"@type\":\"WebPage\",\"@id\":\"https:\\\/\\\/www.apfelpatient.de\\\/rumors\\\/apple-vision-preiswertere-version-kommt-2025-auf-den-markt\",\"url\":\"https:\\\/\\\/www.apfelpatient.de\\\/rumors\\\/apple-vision-preiswertere-version-kommt-2025-auf-den-markt\",\"name\":\"Apple Vision: Preiswertere Version kommt 2025 auf den Markt - Apfelpatient\",\"isPartOf\":{\"@id\":\"https:\\\/\\\/www.apfelpatient.de\\\/#website\"},\"primaryImageOfPage\":{\"@id\":\"https:\\\/\\\/www.apfelpatient.de\\\/rumors\\\/apple-vision-preiswertere-version-kommt-2025-auf-den-markt#primaryimage\"},\"image\":{\"@id\":\"https:\\\/\\\/www.apfelpatient.de\\\/rumors\\\/apple-vision-preiswertere-version-kommt-2025-auf-den-markt#primaryimage\"},\"thumbnailUrl\":\"https:\\\/\\\/www.apfelpatient.de\\\/wp-content\\\/uploads\\\/2024\\\/10\\\/Apple-WWCD23-Vision-Pro-with-battery-230605.jpg\",\"datePublished\":\"2024-10-13T15:04:42+00:00\",\"dateModified\":\"2024-10-13T19:42:33+00:00\",\"description\":\"Apple plant 2025 eine g\u00fcnstigere Version des Vision-Headsets. Erfahre mehr \u00fcber Preis und Unterschiede zum teureren Vision Pro.\",\"breadcrumb\":{\"@id\":\"https:\\\/\\\/www.apfelpatient.de\\\/rumors\\\/apple-vision-preiswertere-version-kommt-2025-auf-den-markt#breadcrumb\"},\"inLanguage\":\"en-US\",\"potentialAction\":[{\"@type\":\"ReadAction\",\"target\":[\"https:\\\/\\\/www.apfelpatient.de\\\/rumors\\\/apple-vision-preiswertere-version-kommt-2025-auf-den-markt\"]}]},{\"@type\":\"ImageObject\",\"inLanguage\":\"en-US\",\"@id\":\"https:\\\/\\\/www.apfelpatient.de\\\/rumors\\\/apple-vision-preiswertere-version-kommt-2025-auf-den-markt#primaryimage\",\"url\":\"https:\\\/\\\/www.apfelpatient.de\\\/wp-content\\\/uploads\\\/2024\\\/10\\\/Apple-WWCD23-Vision-Pro-with-battery-230605.jpg\",\"contentUrl\":\"https:\\\/\\\/www.apfelpatient.de\\\/wp-content\\\/uploads\\\/2024\\\/10\\\/Apple-WWCD23-Vision-Pro-with-battery-230605.jpg\",\"width\":1600,\"height\":900,\"caption\":\"Bild: Apple\"},{\"@type\":\"BreadcrumbList\",\"@id\":\"https:\\\/\\\/www.apfelpatient.de\\\/rumors\\\/apple-vision-preiswertere-version-kommt-2025-auf-den-markt#breadcrumb\",\"itemListElement\":[{\"@type\":\"ListItem\",\"position\":1,\"name\":\"Startseite\",\"item\":\"https:\\\/\\\/www.apfelpatient.de\\\/\"},{\"@type\":\"ListItem\",\"position\":2,\"name\":\"Apple Vision: Preiswertere Version kommt 2025 auf den Markt\"}]},{\"@type\":\"WebSite\",\"@id\":\"https:\\\/\\\/www.apfelpatient.de\\\/#website\",\"url\":\"https:\\\/\\\/www.apfelpatient.de\\\/\",\"name\":\"Apfelpatient\",\"description\":\"Alles rund um Apple!\",\"publisher\":{\"@type\":\"Organization\",\"@id\":\"https:\\\/\\\/www.apfelpatient.de\\\/en\\\/#organization\",\"name\":\"Apfelpatient\",\"url\":\"https:\\\/\\\/www.apfelpatient.de\\\/en\\\/\"},\"alternateName\":\"Apfelpatient\",\"potentialAction\":[{\"@type\":\"SearchAction\",\"target\":{\"@type\":\"EntryPoint\",\"urlTemplate\":\"https:\\\/\\\/www.apfelpatient.de\\\/?s={search_term_string}\"},\"query-input\":{\"@type\":\"PropertyValueSpecification\",\"valueRequired\":true,\"valueName\":\"search_term_string\"}}],\"inLanguage\":\"en-US\"},{\"@type\":[\"Person\",\"Organization\"],\"@id\":\"https:\\\/\\\/www.apfelpatient.de\\\/#\\\/schema\\\/person\\\/7dc56ad6c8e9824b76d2c08d4c140e13\",\"name\":\"Milan\",\"logo\":{\"@id\":\"https:\\\/\\\/www.apfelpatient.de\\\/#\\\/schema\\\/person\\\/image\\\/\"},\"description\":\"Hallo und herzlich willkommen auf meinem Technik-Blog! Als gro\u00dfer Apple-Fan berichte ich hier \u00fcber alles, was mit Apple zu tun hat: von den neuesten News und spannenden Ger\u00fcchten \u00fcber hilfreiche Tipps und Tricks bis hin zu ausf\u00fchrlichen Produkttests. Wenn du genauso technikbegeistert bist wie ich, bist du hier genau richtig!\",\"sameAs\":[\"https:\\\/\\\/www.facebook.com\\\/apfelpatientOfficial\",\"https:\\\/\\\/www.linkedin.com\\\/in\\\/milan-jovicic-42aa0231b\"],\"url\":\"https:\\\/\\\/www.apfelpatient.de\\\/en\\\/author\\\/apfeladmin\"}]}<\/script>\n<!-- \/ Yoast SEO Premium plugin. -->","yoast_head_json":{"title":"Apple Vision: Cheaper version to be launched in 2025 - Apfelpatient","description":"Apple plans to release a cheaper version of the Vision headset in 2025. Find out more about the price and differences to the more expensive Vision Pro.","robots":{"index":"index","follow":"follow","max-snippet":"max-snippet:-1","max-image-preview":"max-image-preview:large","max-video-preview":"max-video-preview:-1"},"canonical":"https:\/\/www.apfelpatient.de\/en\/rumors\/apple-vision-cheaper-version-will-be-launched-in-2025","og_locale":"en_US","og_type":"article","og_title":"Apple Vision: Preiswertere Version kommt 2025 auf den Markt","og_description":"Apple plant 2025 eine g\u00fcnstigere Version des Vision-Headsets. Erfahre mehr \u00fcber Preis und Unterschiede zum teureren Vision Pro.","og_url":"https:\/\/www.apfelpatient.de\/en\/rumors\/apple-vision-cheaper-version-will-be-launched-in-2025","og_site_name":"Apfelpatient","article_publisher":"https:\/\/www.facebook.com\/apfelpatientOfficial","article_author":"https:\/\/www.facebook.com\/apfelpatientOfficial","article_published_time":"2024-10-13T15:04:42+00:00","article_modified_time":"2024-10-13T19:42:33+00:00","og_image":[{"width":1600,"height":900,"url":"https:\/\/www.apfelpatient.de\/wp-content\/uploads\/2024\/10\/Apple-WWCD23-Vision-Pro-with-battery-230605.jpg","type":"image\/jpeg"}],"author":"Milan","twitter_card":"summary_large_image","twitter_description":"Apple plant 2025 eine g\u00fcnstigere Version des Vision-Headsets. Erfahre mehr \u00fcber Preis und Unterschiede zum teureren Vision Pro.","twitter_misc":{"Written by":"Milan","Est. reading time":"12 minutes"},"schema":{"@context":"https:\/\/schema.org","@graph":[{"@type":"NewsArticle","@id":"https:\/\/www.apfelpatient.de\/rumors\/apple-vision-preiswertere-version-kommt-2025-auf-den-markt#article","isPartOf":{"@id":"https:\/\/www.apfelpatient.de\/rumors\/apple-vision-preiswertere-version-kommt-2025-auf-den-markt"},"author":{"@type":"Organization","@id":"https:\/\/www.apfelpatient.de\/en\/#organization","name":"Apfelpatient","url":"https:\/\/www.apfelpatient.de\/en\/"},"headline":"Apple Vision: Preiswertere Version kommt 2025 auf den Markt","datePublished":"2024-10-13T15:04:42+00:00","dateModified":"2024-10-13T19:42:33+00:00","mainEntityOfPage":{"@id":"https:\/\/www.apfelpatient.de\/rumors\/apple-vision-preiswertere-version-kommt-2025-auf-den-markt"},"wordCount":763,"publisher":{"@type":"Organization","@id":"https:\/\/www.apfelpatient.de\/en\/#organization","name":"Apfelpatient","url":"https:\/\/www.apfelpatient.de\/en\/"},"image":{"@id":"https:\/\/www.apfelpatient.de\/rumors\/apple-vision-preiswertere-version-kommt-2025-auf-den-markt#primaryimage"},"thumbnailUrl":"https:\/\/www.apfelpatient.de\/wp-content\/uploads\/2024\/10\/Apple-WWCD23-Vision-Pro-with-battery-230605.jpg","keywords":["Apple Vision Pro","Apple VR\/AR","visionOS"],"articleSection":"Rumors","inLanguage":"en-US","copyrightYear":"2024","copyrightHolder":{"@id":"https:\/\/www.apfelpatient.de\/en\/#organization"}},{"@type":"WebPage","@id":"https:\/\/www.apfelpatient.de\/rumors\/apple-vision-preiswertere-version-kommt-2025-auf-den-markt","url":"https:\/\/www.apfelpatient.de\/rumors\/apple-vision-preiswertere-version-kommt-2025-auf-den-markt","name":"Apple Vision: Cheaper version to be launched in 2025 - Apfelpatient","isPartOf":{"@id":"https:\/\/www.apfelpatient.de\/#website"},"primaryImageOfPage":{"@id":"https:\/\/www.apfelpatient.de\/rumors\/apple-vision-preiswertere-version-kommt-2025-auf-den-markt#primaryimage"},"image":{"@id":"https:\/\/www.apfelpatient.de\/rumors\/apple-vision-preiswertere-version-kommt-2025-auf-den-markt#primaryimage"},"thumbnailUrl":"https:\/\/www.apfelpatient.de\/wp-content\/uploads\/2024\/10\/Apple-WWCD23-Vision-Pro-with-battery-230605.jpg","datePublished":"2024-10-13T15:04:42+00:00","dateModified":"2024-10-13T19:42:33+00:00","description":"Apple plans to release a cheaper version of the Vision headset in 2025. Find out more about the price and differences to the more expensive Vision Pro.","breadcrumb":{"@id":"https:\/\/www.apfelpatient.de\/rumors\/apple-vision-preiswertere-version-kommt-2025-auf-den-markt#breadcrumb"},"inLanguage":"en-US","potentialAction":[{"@type":"ReadAction","target":["https:\/\/www.apfelpatient.de\/rumors\/apple-vision-preiswertere-version-kommt-2025-auf-den-markt"]}]},{"@type":"ImageObject","inLanguage":"en-US","@id":"https:\/\/www.apfelpatient.de\/rumors\/apple-vision-preiswertere-version-kommt-2025-auf-den-markt#primaryimage","url":"https:\/\/www.apfelpatient.de\/wp-content\/uploads\/2024\/10\/Apple-WWCD23-Vision-Pro-with-battery-230605.jpg","contentUrl":"https:\/\/www.apfelpatient.de\/wp-content\/uploads\/2024\/10\/Apple-WWCD23-Vision-Pro-with-battery-230605.jpg","width":1600,"height":900,"caption":"Bild: Apple"},{"@type":"BreadcrumbList","@id":"https:\/\/www.apfelpatient.de\/rumors\/apple-vision-preiswertere-version-kommt-2025-auf-den-markt#breadcrumb","itemListElement":[{"@type":"ListItem","position":1,"name":"Startseite","item":"https:\/\/www.apfelpatient.de\/"},{"@type":"ListItem","position":2,"name":"Apple Vision: Preiswertere Version kommt 2025 auf den Markt"}]},{"@type":"WebSite","@id":"https:\/\/www.apfelpatient.de\/#website","url":"https:\/\/www.apfelpatient.de\/","name":"apple patient","description":"Everything about Apple!","publisher":{"@type":"Organization","@id":"https:\/\/www.apfelpatient.de\/en\/#organization","name":"Apfelpatient","url":"https:\/\/www.apfelpatient.de\/en\/"},"alternateName":"Apfelpatient","potentialAction":[{"@type":"SearchAction","target":{"@type":"EntryPoint","urlTemplate":"https:\/\/www.apfelpatient.de\/?s={search_term_string}"},"query-input":{"@type":"PropertyValueSpecification","valueRequired":true,"valueName":"search_term_string"}}],"inLanguage":"en-US"},{"@type":["Person","Organization"],"@id":"https:\/\/www.apfelpatient.de\/#\/schema\/person\/7dc56ad6c8e9824b76d2c08d4c140e13","name":"Milan","logo":{"@id":"https:\/\/www.apfelpatient.de\/#\/schema\/person\/image\/"},"description":"Hello and welcome to my technology blog! As a big Apple fan, I report on everything to do with Apple: from the latest news and exciting rumors to helpful tips and tricks and detailed product tests. If you are as enthusiastic about technology as I am, you have come to the right place!","sameAs":["https:\/\/www.facebook.com\/apfelpatientOfficial","https:\/\/www.linkedin.com\/in\/milan-jovicic-42aa0231b"],"url":"https:\/\/www.apfelpatient.de\/en\/author\/apfeladmin"}]}},"_links":{"self":[{"href":"https:\/\/www.apfelpatient.de\/en\/wp-json\/wp\/v2\/posts\/47337","targetHints":{"allow":["GET"]}}],"collection":[{"href":"https:\/\/www.apfelpatient.de\/en\/wp-json\/wp\/v2\/posts"}],"about":[{"href":"https:\/\/www.apfelpatient.de\/en\/wp-json\/wp\/v2\/types\/post"}],"author":[{"embeddable":true,"href":"https:\/\/www.apfelpatient.de\/en\/wp-json\/wp\/v2\/users\/2"}],"replies":[{"embeddable":true,"href":"https:\/\/www.apfelpatient.de\/en\/wp-json\/wp\/v2\/comments?post=47337"}],"version-history":[{"count":0,"href":"https:\/\/www.apfelpatient.de\/en\/wp-json\/wp\/v2\/posts\/47337\/revisions"}],"wp:featuredmedia":[{"embeddable":true,"href":"https:\/\/www.apfelpatient.de\/en\/wp-json\/wp\/v2\/media\/47336"}],"wp:attachment":[{"href":"https:\/\/www.apfelpatient.de\/en\/wp-json\/wp\/v2\/media?parent=47337"}],"wp:term":[{"taxonomy":"category","embeddable":true,"href":"https:\/\/www.apfelpatient.de\/en\/wp-json\/wp\/v2\/categories?post=47337"},{"taxonomy":"post_tag","embeddable":true,"href":"https:\/\/www.apfelpatient.de\/en\/wp-json\/wp\/v2\/tags?post=47337"}],"curies":[{"name":"wp","href":"https:\/\/api.w.org\/{rel}","templated":true}]}}