{"id":47161,"date":"2024-10-02T03:09:28","date_gmt":"2024-10-02T01:09:28","guid":{"rendered":"https:\/\/www.apfelpatient.de\/?p=47161"},"modified":"2024-10-02T03:09:30","modified_gmt":"2024-10-02T01:09:30","slug":"apple-relies-on-m4-chip-macbook-pro-imac-mac-mini-come","status":"publish","type":"post","link":"https:\/\/www.apfelpatient.de\/en\/rumors\/apple-setzt-auf-m4-chip-macbook-pro-imac-mac-mini-kommen","title":{"rendered":"Apple relies on M4 chip: MacBook Pro, iMac &amp; Mac Mini are coming"},"content":{"rendered":"<p class=\"has-drop-cap\"><strong>Apple plans to launch new models of the MacBook Pro, iMac and Mac Mini later this year - all equipped with the latest M4 chips. The new devices are expected to appear before the end of the year, but exact release details remain vague.<\/strong><\/p>\n\n\n\n<p>According to the <a href=\"https:\/\/www.bloomberg.com\/news\/articles\/2024-10-01\/apple-readies-iphone-se-4-upgraded-ipad-air-for-early-2025\" target=\"_blank\" rel=\"noreferrer noopener\">report<\/a> by Mark Gurman (Bloomberg) We are set to see several new Mac models this year that will be equipped with the new M4 series of chips. Previous reports had suggested an October release, but now it is only said that the devices will be released &quot;in the coming weeks&quot; or &quot;this year&quot;.<\/p>\n\n\n\n<h4 class=\"wp-block-heading\" id=\"h-macbook-pro-mit-m4-chip\">MacBook Pro with M4 chip<\/h4>\n\n\n\n<p>Apple plans to release new versions of the MacBook Pro in 14 and 16-inch sizes. These models will be equipped with the new M4, M4 Pro and M4 Max chips. According to Gurman, there will be no major design changes. Newer technologies such as OLED displays or thinner designs are only expected for later models, from 2026 at the earliest. The MacBook Pro series was last updated in October of last year.<\/p>\n\n\n\n<h4 class=\"wp-block-heading\" id=\"h-imac-mit-m4-chip\">iMac with M4 chip<\/h4>\n\n\n\n<p>The iMac will also receive an upgrade to the M4 chip. Otherwise, according to the report, no further design changes are planned. The iMac will therefore remain in its current form, only the internal values will be improved. It remains unclear whether the accessories, such as the Magic Mouse or the Magic Keyboard, will also be updated and switched from Lightning to USB-C.<\/p>\n\n\n\n<h4 class=\"wp-block-heading\" id=\"h-mac-mini-mit-m4-chip\">Mac Mini with M4 chip<\/h4>\n\n\n\n<p>The Mac Mini could see one of the biggest changes. Gurman expects that this model will not only receive the M4 and M4 Pro chip but will also be redesigned. The design will be much more compact, almost as small as an Apple TV. In addition, the Mac Mini will probably do without USB-A ports and instead be equipped with five USB-C ports, two of which are located on the front. This would be the first major design change to the Mac Mini since 2010.<\/p>\n\n\n\n<h3 class=\"wp-block-heading\" id=\"h-apple-setzt-auf-m4-macbook-pro-imac-und-mac-mini-noch-in-diesem-jahr\">Apple relies on M4: MacBook Pro, iMac and Mac Mini coming this year<\/h3>\n\n\n\n<p>In summary, Apple plans to release new models of the MacBook Pro, iMac and Mac Mini with the latest M4 chips later this year. While the design of the devices is unlikely to change much, the focus is on the performance increase provided by the new chips. The Mac Mini in particular could stand out with its new, more compact design and expanded range of connections. Further details on the exact release and specifications remain to be seen. (Image: Apple)<\/p>\n\n\n\n<ul class=\"wp-block-list\">\n<li><a href=\"https:\/\/www.apfelpatient.de\/en\/generally\/these-apple-products-will-not-be-released-until-2025-all-details\">These Apple products won&#039;t be released until 2025: All the details<\/a><\/li>\n\n\n\n<li><a href=\"https:\/\/www.apfelpatient.de\/en\/generally\/apple-tv-rumors-when-will-the-next-model-be-released\">Apple TV rumors: When will the next model be released?<\/a><\/li>\n<\/ul>\n\n\n\n<h6 class=\"wp-block-heading translation-block\" id=\"h-kennt-ihr-schon-unsere-amazon-storefront-dort-findet-ihr-eine-handverlesene-auswahl-von-diversen-produkten-f-r-euer-iphone-und-co-viel-spa-beim-st-bern\"><em>Have you already visited our Amazon Storefront? There you&#039;ll find a hand-picked selection of various products for your iPhone and other devices \u2013 <span class=\"has-inline-color has-vivid-red-color\"><a href=\"https:\/\/www.amazon.de\/shop\/apfelpatientofficial\" class=\"ek-link\" data-wpel-link=\"exclude\" rel=\"follow noopener\" target=\"_self\"><span style=\"text-decoration: underline\" class=\"ek-underline\">enjoy browsing<\/span><\/a> !<\/span><\/em><\/h6>\n\n\n\n<h6 class=\"wp-block-heading translation-block\" id=\"h-der-beitrag-enthalt-partnerlinks\">This post contains <a data-type=\"URL\" data-id=\"https:\/\/www.apfelpatient.de\/partnerprogramm\" href=\"https:\/\/www.apfelpatient.de\/en\/partner-program\" data-wpel-link=\"internal\" target=\"_self\">affiliate links<\/a>.<\/h6>","protected":false},"excerpt":{"rendered":"<p>Apple is focusing on performance: New MacBook Pros, iMacs, and Mac Minis with the M4 chip are coming this year. Learn more here at Apfelpatient!<\/p>","protected":false},"author":2,"featured_media":47160,"comment_status":"closed","ping_status":"closed","sticky":false,"template":"","format":"standard","meta":{"jnews-multi-image_gallery":[],"jnews_single_post":{"format":"standard","override":[{"template":"2","parallax":"1","fullscreen":"1","layout":"right-sidebar","sidebar":"default-sidebar","second_sidebar":"default-sidebar","sticky_sidebar":"1","share_position":"top","share_float_style":"share-monocrhome","show_featured":"1","show_post_meta":"1","show_post_author":"1","show_post_author_image":"1","show_post_date":"1","post_date_format":"default","post_date_format_custom":"Y\/m\/d","show_post_category":"1","show_post_reading_time":"0","post_reading_time_wpm":"300","post_calculate_word_method":"str_word_count","show_zoom_button":"0","zoom_button_out_step":"2","zoom_button_in_step":"3","show_post_tag":"1","show_prev_next_post":"1","show_popup_post":"1","number_popup_post":"1","show_author_box":"0","show_post_related":"0","show_inline_post_related":"0"}],"image_override":[{"single_post_thumbnail_size":"crop-500","single_post_gallery_size":"crop-500"}],"trending_post_position":"meta","trending_post_label":"Trending","sponsored_post_label":"Sponsored by","disable_ad":"0"},"jnews_primary_category":{"id":"25"},"footnotes":""},"categories":[25],"tags":[72,40,73,50],"class_list":["post-47161","post","type-post","status-publish","format-standard","has-post-thumbnail","hentry","category-rumors","tag-imac","tag-mac","tag-mac-mini","tag-macbook-pro"],"yoast_head":"<!-- This site is optimized with the Yoast SEO Premium plugin v27.5 (Yoast SEO v27.5) - https:\/\/yoast.com\/product\/yoast-seo-premium-wordpress\/ -->\n<title>Apple setzt auf M4-Chip: MacBook Pro, iMac &amp; Mac Mini kommen - Apfelpatient<\/title>\n<meta name=\"description\" content=\"Apple setzt auf Leistung: Neue MacBook Pro, iMac &amp; Mac Mini mit M4-Chip kommen noch in diesem Jahr. Mehr dazu hier bei Apfelpatient!\" \/>\n<meta name=\"robots\" content=\"index, follow, max-snippet:-1, max-image-preview:large, max-video-preview:-1\" \/>\n<link rel=\"canonical\" href=\"https:\/\/www.apfelpatient.de\/en\/rumors\/apple-relies-on-m4-chip-macbook-pro-imac-mac-mini-come\" \/>\n<meta property=\"og:locale\" content=\"en_US\" \/>\n<meta property=\"og:type\" content=\"article\" \/>\n<meta property=\"og:title\" content=\"Apple setzt auf M4-Chip: MacBook Pro, iMac &amp; Mac Mini kommen\" \/>\n<meta property=\"og:description\" content=\"Apple setzt auf Leistung: Neue MacBook Pro, iMac &amp; Mac Mini mit M4-Chip kommen noch in diesem Jahr. Mehr dazu hier bei Apfelpatient!\" \/>\n<meta property=\"og:url\" content=\"https:\/\/www.apfelpatient.de\/en\/rumors\/apple-relies-on-m4-chip-macbook-pro-imac-mac-mini-come\" \/>\n<meta property=\"og:site_name\" content=\"Apfelpatient\" \/>\n<meta property=\"article:publisher\" content=\"https:\/\/www.facebook.com\/apfelpatientOfficial\" \/>\n<meta property=\"article:author\" content=\"https:\/\/www.facebook.com\/apfelpatientOfficial\" \/>\n<meta property=\"article:published_time\" content=\"2024-10-02T01:09:28+00:00\" \/>\n<meta property=\"article:modified_time\" content=\"2024-10-02T01:09:30+00:00\" \/>\n<meta property=\"og:image\" content=\"https:\/\/www.apfelpatient.de\/wp-content\/uploads\/2024\/10\/55615469-8E2B-4DAB-B87F-4A14818AEE16-2.png\" \/>\n\t<meta property=\"og:image:width\" content=\"1600\" \/>\n\t<meta property=\"og:image:height\" content=\"900\" \/>\n\t<meta property=\"og:image:type\" content=\"image\/png\" \/>\n<meta name=\"author\" content=\"Milan\" \/>\n<meta name=\"twitter:card\" content=\"summary_large_image\" \/>\n<meta name=\"twitter:description\" content=\"Apple setzt auf Leistung: Neue MacBook Pro, iMac &amp; Mac Mini mit M4-Chip kommen noch in diesem Jahr. Mehr dazu hier bei Apfelpatient!\" \/>\n<meta name=\"twitter:label1\" content=\"Written by\" \/>\n\t<meta name=\"twitter:data1\" content=\"Milan\" \/>\n\t<meta name=\"twitter:label2\" content=\"Est. reading time\" \/>\n\t<meta name=\"twitter:data2\" content=\"7 minutes\" \/>\n<script type=\"application\/ld+json\" class=\"yoast-schema-graph\">{\"@context\":\"https:\\\/\\\/schema.org\",\"@graph\":[{\"@type\":\"NewsArticle\",\"@id\":\"https:\\\/\\\/www.apfelpatient.de\\\/rumors\\\/apple-setzt-auf-m4-chip-macbook-pro-imac-mac-mini-kommen#article\",\"isPartOf\":{\"@id\":\"https:\\\/\\\/www.apfelpatient.de\\\/rumors\\\/apple-setzt-auf-m4-chip-macbook-pro-imac-mac-mini-kommen\"},\"author\":{\"@type\":\"Organization\",\"@id\":\"https:\\\/\\\/www.apfelpatient.de\\\/en\\\/#organization\",\"name\":\"Apfelpatient\",\"url\":\"https:\\\/\\\/www.apfelpatient.de\\\/en\\\/\"},\"headline\":\"Apple setzt auf M4-Chip: MacBook Pro, iMac &amp; Mac Mini kommen\",\"datePublished\":\"2024-10-02T01:09:28+00:00\",\"dateModified\":\"2024-10-02T01:09:30+00:00\",\"mainEntityOfPage\":{\"@id\":\"https:\\\/\\\/www.apfelpatient.de\\\/rumors\\\/apple-setzt-auf-m4-chip-macbook-pro-imac-mac-mini-kommen\"},\"wordCount\":447,\"publisher\":{\"@type\":\"Organization\",\"@id\":\"https:\\\/\\\/www.apfelpatient.de\\\/en\\\/#organization\",\"name\":\"Apfelpatient\",\"url\":\"https:\\\/\\\/www.apfelpatient.de\\\/en\\\/\"},\"image\":{\"@id\":\"https:\\\/\\\/www.apfelpatient.de\\\/rumors\\\/apple-setzt-auf-m4-chip-macbook-pro-imac-mac-mini-kommen#primaryimage\"},\"thumbnailUrl\":\"https:\\\/\\\/www.apfelpatient.de\\\/wp-content\\\/uploads\\\/2024\\\/10\\\/55615469-8E2B-4DAB-B87F-4A14818AEE16-2.png\",\"keywords\":[\"iMac\",\"Mac\",\"Mac mini\",\"MacBook Pro\"],\"articleSection\":\"Rumors\",\"inLanguage\":\"en-US\",\"copyrightYear\":\"2024\",\"copyrightHolder\":{\"@id\":\"https:\\\/\\\/www.apfelpatient.de\\\/en\\\/#organization\"}},{\"@type\":\"WebPage\",\"@id\":\"https:\\\/\\\/www.apfelpatient.de\\\/rumors\\\/apple-setzt-auf-m4-chip-macbook-pro-imac-mac-mini-kommen\",\"url\":\"https:\\\/\\\/www.apfelpatient.de\\\/rumors\\\/apple-setzt-auf-m4-chip-macbook-pro-imac-mac-mini-kommen\",\"name\":\"Apple setzt auf M4-Chip: MacBook Pro, iMac &amp; Mac Mini kommen - Apfelpatient\",\"isPartOf\":{\"@id\":\"https:\\\/\\\/www.apfelpatient.de\\\/#website\"},\"primaryImageOfPage\":{\"@id\":\"https:\\\/\\\/www.apfelpatient.de\\\/rumors\\\/apple-setzt-auf-m4-chip-macbook-pro-imac-mac-mini-kommen#primaryimage\"},\"image\":{\"@id\":\"https:\\\/\\\/www.apfelpatient.de\\\/rumors\\\/apple-setzt-auf-m4-chip-macbook-pro-imac-mac-mini-kommen#primaryimage\"},\"thumbnailUrl\":\"https:\\\/\\\/www.apfelpatient.de\\\/wp-content\\\/uploads\\\/2024\\\/10\\\/55615469-8E2B-4DAB-B87F-4A14818AEE16-2.png\",\"datePublished\":\"2024-10-02T01:09:28+00:00\",\"dateModified\":\"2024-10-02T01:09:30+00:00\",\"description\":\"Apple setzt auf Leistung: Neue MacBook Pro, iMac & Mac Mini mit M4-Chip kommen noch in diesem Jahr. Mehr dazu hier bei Apfelpatient!\",\"breadcrumb\":{\"@id\":\"https:\\\/\\\/www.apfelpatient.de\\\/rumors\\\/apple-setzt-auf-m4-chip-macbook-pro-imac-mac-mini-kommen#breadcrumb\"},\"inLanguage\":\"en-US\",\"potentialAction\":[{\"@type\":\"ReadAction\",\"target\":[\"https:\\\/\\\/www.apfelpatient.de\\\/rumors\\\/apple-setzt-auf-m4-chip-macbook-pro-imac-mac-mini-kommen\"]}]},{\"@type\":\"ImageObject\",\"inLanguage\":\"en-US\",\"@id\":\"https:\\\/\\\/www.apfelpatient.de\\\/rumors\\\/apple-setzt-auf-m4-chip-macbook-pro-imac-mac-mini-kommen#primaryimage\",\"url\":\"https:\\\/\\\/www.apfelpatient.de\\\/wp-content\\\/uploads\\\/2024\\\/10\\\/55615469-8E2B-4DAB-B87F-4A14818AEE16-2.png\",\"contentUrl\":\"https:\\\/\\\/www.apfelpatient.de\\\/wp-content\\\/uploads\\\/2024\\\/10\\\/55615469-8E2B-4DAB-B87F-4A14818AEE16-2.png\",\"width\":1600,\"height\":900,\"caption\":\"Bild: Apple\"},{\"@type\":\"BreadcrumbList\",\"@id\":\"https:\\\/\\\/www.apfelpatient.de\\\/rumors\\\/apple-setzt-auf-m4-chip-macbook-pro-imac-mac-mini-kommen#breadcrumb\",\"itemListElement\":[{\"@type\":\"ListItem\",\"position\":1,\"name\":\"Startseite\",\"item\":\"https:\\\/\\\/www.apfelpatient.de\\\/\"},{\"@type\":\"ListItem\",\"position\":2,\"name\":\"Apple setzt auf M4-Chip: MacBook Pro, iMac &amp; Mac Mini kommen\"}]},{\"@type\":\"WebSite\",\"@id\":\"https:\\\/\\\/www.apfelpatient.de\\\/#website\",\"url\":\"https:\\\/\\\/www.apfelpatient.de\\\/\",\"name\":\"Apfelpatient\",\"description\":\"Alles rund um Apple!\",\"publisher\":{\"@type\":\"Organization\",\"@id\":\"https:\\\/\\\/www.apfelpatient.de\\\/en\\\/#organization\",\"name\":\"Apfelpatient\",\"url\":\"https:\\\/\\\/www.apfelpatient.de\\\/en\\\/\"},\"alternateName\":\"Apfelpatient\",\"potentialAction\":[{\"@type\":\"SearchAction\",\"target\":{\"@type\":\"EntryPoint\",\"urlTemplate\":\"https:\\\/\\\/www.apfelpatient.de\\\/?s={search_term_string}\"},\"query-input\":{\"@type\":\"PropertyValueSpecification\",\"valueRequired\":true,\"valueName\":\"search_term_string\"}}],\"inLanguage\":\"en-US\"},{\"@type\":[\"Person\",\"Organization\"],\"@id\":\"https:\\\/\\\/www.apfelpatient.de\\\/#\\\/schema\\\/person\\\/7dc56ad6c8e9824b76d2c08d4c140e13\",\"name\":\"Milan\",\"logo\":{\"@id\":\"https:\\\/\\\/www.apfelpatient.de\\\/#\\\/schema\\\/person\\\/image\\\/\"},\"description\":\"Hallo und herzlich willkommen auf meinem Technik-Blog! Als gro\u00dfer Apple-Fan berichte ich hier \u00fcber alles, was mit Apple zu tun hat: von den neuesten News und spannenden Ger\u00fcchten \u00fcber hilfreiche Tipps und Tricks bis hin zu ausf\u00fchrlichen Produkttests. Wenn du genauso technikbegeistert bist wie ich, bist du hier genau richtig!\",\"sameAs\":[\"https:\\\/\\\/www.facebook.com\\\/apfelpatientOfficial\",\"https:\\\/\\\/www.linkedin.com\\\/in\\\/milan-jovicic-42aa0231b\"],\"url\":\"https:\\\/\\\/www.apfelpatient.de\\\/en\\\/author\\\/apfeladmin\"}]}<\/script>\n<!-- \/ Yoast SEO Premium plugin. -->","yoast_head_json":{"title":"Apple relies on M4 chip: MacBook Pro, iMac &amp; Mac Mini are coming - Apfelpatient","description":"Apple is focusing on performance: New MacBook Pro, iMac &amp; Mac Mini with M4 chip are coming this year. Find out more here at Apfelpatient!","robots":{"index":"index","follow":"follow","max-snippet":"max-snippet:-1","max-image-preview":"max-image-preview:large","max-video-preview":"max-video-preview:-1"},"canonical":"https:\/\/www.apfelpatient.de\/en\/rumors\/apple-relies-on-m4-chip-macbook-pro-imac-mac-mini-come","og_locale":"en_US","og_type":"article","og_title":"Apple setzt auf M4-Chip: MacBook Pro, iMac &amp; Mac Mini kommen","og_description":"Apple setzt auf Leistung: Neue MacBook Pro, iMac & Mac Mini mit M4-Chip kommen noch in diesem Jahr. Mehr dazu hier bei Apfelpatient!","og_url":"https:\/\/www.apfelpatient.de\/en\/rumors\/apple-relies-on-m4-chip-macbook-pro-imac-mac-mini-come","og_site_name":"Apfelpatient","article_publisher":"https:\/\/www.facebook.com\/apfelpatientOfficial","article_author":"https:\/\/www.facebook.com\/apfelpatientOfficial","article_published_time":"2024-10-02T01:09:28+00:00","article_modified_time":"2024-10-02T01:09:30+00:00","og_image":[{"width":1600,"height":900,"url":"https:\/\/www.apfelpatient.de\/wp-content\/uploads\/2024\/10\/55615469-8E2B-4DAB-B87F-4A14818AEE16-2.png","type":"image\/png"}],"author":"Milan","twitter_card":"summary_large_image","twitter_description":"Apple setzt auf Leistung: Neue MacBook Pro, iMac & Mac Mini mit M4-Chip kommen noch in diesem Jahr. Mehr dazu hier bei Apfelpatient!","twitter_misc":{"Written by":"Milan","Est. reading time":"7 minutes"},"schema":{"@context":"https:\/\/schema.org","@graph":[{"@type":"NewsArticle","@id":"https:\/\/www.apfelpatient.de\/rumors\/apple-setzt-auf-m4-chip-macbook-pro-imac-mac-mini-kommen#article","isPartOf":{"@id":"https:\/\/www.apfelpatient.de\/rumors\/apple-setzt-auf-m4-chip-macbook-pro-imac-mac-mini-kommen"},"author":{"@type":"Organization","@id":"https:\/\/www.apfelpatient.de\/en\/#organization","name":"Apfelpatient","url":"https:\/\/www.apfelpatient.de\/en\/"},"headline":"Apple setzt auf M4-Chip: MacBook Pro, iMac &amp; Mac Mini kommen","datePublished":"2024-10-02T01:09:28+00:00","dateModified":"2024-10-02T01:09:30+00:00","mainEntityOfPage":{"@id":"https:\/\/www.apfelpatient.de\/rumors\/apple-setzt-auf-m4-chip-macbook-pro-imac-mac-mini-kommen"},"wordCount":447,"publisher":{"@type":"Organization","@id":"https:\/\/www.apfelpatient.de\/en\/#organization","name":"Apfelpatient","url":"https:\/\/www.apfelpatient.de\/en\/"},"image":{"@id":"https:\/\/www.apfelpatient.de\/rumors\/apple-setzt-auf-m4-chip-macbook-pro-imac-mac-mini-kommen#primaryimage"},"thumbnailUrl":"https:\/\/www.apfelpatient.de\/wp-content\/uploads\/2024\/10\/55615469-8E2B-4DAB-B87F-4A14818AEE16-2.png","keywords":["iMac","Mac","Mac mini","MacBook Pro"],"articleSection":"Rumors","inLanguage":"en-US","copyrightYear":"2024","copyrightHolder":{"@id":"https:\/\/www.apfelpatient.de\/en\/#organization"}},{"@type":"WebPage","@id":"https:\/\/www.apfelpatient.de\/rumors\/apple-setzt-auf-m4-chip-macbook-pro-imac-mac-mini-kommen","url":"https:\/\/www.apfelpatient.de\/rumors\/apple-setzt-auf-m4-chip-macbook-pro-imac-mac-mini-kommen","name":"Apple relies on M4 chip: MacBook Pro, iMac &amp; Mac Mini are coming - Apfelpatient","isPartOf":{"@id":"https:\/\/www.apfelpatient.de\/#website"},"primaryImageOfPage":{"@id":"https:\/\/www.apfelpatient.de\/rumors\/apple-setzt-auf-m4-chip-macbook-pro-imac-mac-mini-kommen#primaryimage"},"image":{"@id":"https:\/\/www.apfelpatient.de\/rumors\/apple-setzt-auf-m4-chip-macbook-pro-imac-mac-mini-kommen#primaryimage"},"thumbnailUrl":"https:\/\/www.apfelpatient.de\/wp-content\/uploads\/2024\/10\/55615469-8E2B-4DAB-B87F-4A14818AEE16-2.png","datePublished":"2024-10-02T01:09:28+00:00","dateModified":"2024-10-02T01:09:30+00:00","description":"Apple is focusing on performance: New MacBook Pro, iMac &amp; Mac Mini with M4 chip are coming this year. Find out more here at Apfelpatient!","breadcrumb":{"@id":"https:\/\/www.apfelpatient.de\/rumors\/apple-setzt-auf-m4-chip-macbook-pro-imac-mac-mini-kommen#breadcrumb"},"inLanguage":"en-US","potentialAction":[{"@type":"ReadAction","target":["https:\/\/www.apfelpatient.de\/rumors\/apple-setzt-auf-m4-chip-macbook-pro-imac-mac-mini-kommen"]}]},{"@type":"ImageObject","inLanguage":"en-US","@id":"https:\/\/www.apfelpatient.de\/rumors\/apple-setzt-auf-m4-chip-macbook-pro-imac-mac-mini-kommen#primaryimage","url":"https:\/\/www.apfelpatient.de\/wp-content\/uploads\/2024\/10\/55615469-8E2B-4DAB-B87F-4A14818AEE16-2.png","contentUrl":"https:\/\/www.apfelpatient.de\/wp-content\/uploads\/2024\/10\/55615469-8E2B-4DAB-B87F-4A14818AEE16-2.png","width":1600,"height":900,"caption":"Bild: Apple"},{"@type":"BreadcrumbList","@id":"https:\/\/www.apfelpatient.de\/rumors\/apple-setzt-auf-m4-chip-macbook-pro-imac-mac-mini-kommen#breadcrumb","itemListElement":[{"@type":"ListItem","position":1,"name":"Startseite","item":"https:\/\/www.apfelpatient.de\/"},{"@type":"ListItem","position":2,"name":"Apple setzt auf M4-Chip: MacBook Pro, iMac &amp; Mac Mini kommen"}]},{"@type":"WebSite","@id":"https:\/\/www.apfelpatient.de\/#website","url":"https:\/\/www.apfelpatient.de\/","name":"apple patient","description":"Everything about Apple!","publisher":{"@type":"Organization","@id":"https:\/\/www.apfelpatient.de\/en\/#organization","name":"Apfelpatient","url":"https:\/\/www.apfelpatient.de\/en\/"},"alternateName":"Apfelpatient","potentialAction":[{"@type":"SearchAction","target":{"@type":"EntryPoint","urlTemplate":"https:\/\/www.apfelpatient.de\/?s={search_term_string}"},"query-input":{"@type":"PropertyValueSpecification","valueRequired":true,"valueName":"search_term_string"}}],"inLanguage":"en-US"},{"@type":["Person","Organization"],"@id":"https:\/\/www.apfelpatient.de\/#\/schema\/person\/7dc56ad6c8e9824b76d2c08d4c140e13","name":"Milan","logo":{"@id":"https:\/\/www.apfelpatient.de\/#\/schema\/person\/image\/"},"description":"Hello and welcome to my technology blog! As a big Apple fan, I report on everything to do with Apple: from the latest news and exciting rumors to helpful tips and tricks and detailed product tests. If you are as enthusiastic about technology as I am, you have come to the right place!","sameAs":["https:\/\/www.facebook.com\/apfelpatientOfficial","https:\/\/www.linkedin.com\/in\/milan-jovicic-42aa0231b"],"url":"https:\/\/www.apfelpatient.de\/en\/author\/apfeladmin"}]}},"_links":{"self":[{"href":"https:\/\/www.apfelpatient.de\/en\/wp-json\/wp\/v2\/posts\/47161","targetHints":{"allow":["GET"]}}],"collection":[{"href":"https:\/\/www.apfelpatient.de\/en\/wp-json\/wp\/v2\/posts"}],"about":[{"href":"https:\/\/www.apfelpatient.de\/en\/wp-json\/wp\/v2\/types\/post"}],"author":[{"embeddable":true,"href":"https:\/\/www.apfelpatient.de\/en\/wp-json\/wp\/v2\/users\/2"}],"replies":[{"embeddable":true,"href":"https:\/\/www.apfelpatient.de\/en\/wp-json\/wp\/v2\/comments?post=47161"}],"version-history":[{"count":0,"href":"https:\/\/www.apfelpatient.de\/en\/wp-json\/wp\/v2\/posts\/47161\/revisions"}],"wp:featuredmedia":[{"embeddable":true,"href":"https:\/\/www.apfelpatient.de\/en\/wp-json\/wp\/v2\/media\/47160"}],"wp:attachment":[{"href":"https:\/\/www.apfelpatient.de\/en\/wp-json\/wp\/v2\/media?parent=47161"}],"wp:term":[{"taxonomy":"category","embeddable":true,"href":"https:\/\/www.apfelpatient.de\/en\/wp-json\/wp\/v2\/categories?post=47161"},{"taxonomy":"post_tag","embeddable":true,"href":"https:\/\/www.apfelpatient.de\/en\/wp-json\/wp\/v2\/tags?post=47161"}],"curies":[{"name":"wp","href":"https:\/\/api.w.org\/{rel}","templated":true}]}}