{"id":47128,"date":"2024-09-29T17:04:50","date_gmt":"2024-09-29T15:04:50","guid":{"rendered":"https:\/\/www.apfelpatient.de\/?p=47128"},"modified":"2024-09-29T17:04:50","modified_gmt":"2024-09-29T15:04:50","slug":"future-of-apple-vision-pro-which-paths-are-up-for-debate","status":"publish","type":"post","link":"https:\/\/www.apfelpatient.de\/en\/rumors\/zukunft-von-apple-vision-pro-welche-wege-stehen-zur-debatte","title":{"rendered":"Future of Apple Vision Pro: Which paths are up for debate?"},"content":{"rendered":"<p class=\"has-drop-cap\"><strong>Apple is facing a major challenge: the further development of its Apple Vision Pro hardware. With strong competition, especially from Meta and their Quest headset range, Apple must think carefully about the future of its mixed reality products. The Apple Vision Pro will be launched as a premium headset in a market that is already well occupied. But what&#039;s next for Apple? Various options are under discussion in order to remain competitive. Below we take a detailed look at Apple&#039;s possible strategies.<\/strong><\/p>\n\n\n\n<p>In a highly competitive market for mixed reality headsets, where Apple is facing strong competition with its Vision Pro, especially from Meta, the question arises: How does Apple plan to further develop its Vision hardware? According to a <a href=\"https:\/\/www.bloomberg.com\/news\/newsletters\/2024-09-29\/meta-steps-up-pressure-on-apple-vision-with-orion-ar-glasses-and-cheaper-quest-3-m1nkq76p\" target=\"_blank\" rel=\"noreferrer noopener\">report<\/a> According to Bloomberg, Apple is currently evaluating various options to remain competitive in the long term.<\/p>\n\n\n\n<h4 class=\"wp-block-heading\" id=\"h-option-1-premium-modell-und-gunstigere-version\">Option 1: Premium model and cheaper version<\/h4>\n\n\n\n<p>The most likely option Apple is currently considering is to stay the course and continue to offer the Apple Vision Pro as a premium model while launching a more affordable version. This strategy would have the advantage of allowing Apple to appeal to a wider audience. The cheaper model would be made from cheaper materials and potentially omit some high-end features, which would reduce manufacturing costs. Nevertheless, Apple would still offer a powerful Pro model for tech-savvy and affluent customers. Launching such a cheaper model could reduce the pressure on Apple to justify the high price of the Vision Pro. At the same time, the company would have the opportunity to incorporate technological advances in a second generation of the Pro model without losing market share in lower price categories.<\/p>\n\n\n\n<h4 class=\"wp-block-heading\" id=\"h-option-2-smart-display-statt-headset\">Option 2: Smart display instead of headset<\/h4>\n\n\n\n<p>Another option Apple is considering is redesigning the headset into a smart display. In this scenario, the headset would no longer have its own computer and external battery, but would use the iPhone as a data center. This would have the advantage of making the headset lighter and cheaper to manufacture. This option would be particularly attractive to users who already own an iPhone and find it useful to use the headset as an extension of their smartphone. By removing the standalone computer element, production costs could be drastically reduced while also reducing the weight of the device.<\/p>\n\n\n\n<h4 class=\"wp-block-heading\" id=\"h-option-3-entwicklung-von-smartglasses\">Option 3: Development of smart glasses<\/h4>\n\n\n\n<p>Another interesting scenario is the possible development of smart glasses. Apple could, similar to Meta in collaboration with Ray-Ban, develop smart glasses that offer AR functions without the bulky design of a traditional headset. This could be an elegant and everyday solution for users who want to use augmented reality in their daily lives without having to wear a full headset. In addition, there are rumors that Apple is working on an evolution of the AirPods Pro, which could be equipped with external cameras and artificial intelligence. These could take on many functions of traditional smart glasses and thus offer a discreet and easy-to-wear alternative, says Gurman.<\/p>\n\n\n\n<h4 class=\"wp-block-heading\" id=\"h-option-4-die-voll-funktionsfahige-ar-brille\">Option 4: The fully functional AR glasses<\/h4>\n\n\n\n<p>Perhaps the most ambitious idea Apple is considering is the development of fully functional augmented reality glasses. These glasses would be able to offer everything you could want from an AR headset: high-resolution lenses, eye tracking, an integrated camera and a powerful battery, all packed into a regular glasses frame. This is considered a long-term goal and is apparently a personal pet project of CEO Tim Cook. However, Apple faces enormous technical challenges here. In the past, the development of such a product had to be put on hold because it was simply too difficult to implement. However, if technical breakthroughs are achieved, this product could revolutionize the market.<\/p>\n\n\n\n<h3 class=\"wp-block-heading\" id=\"h-die-zukunft-von-apple-vision-premium-oder-massentauglich\">The future of Apple Vision: Premium or mass market?<\/h3>\n\n\n\n<p>Given the strong competition from Meta and the increasing relevance of mixed reality, Apple must pursue a clear strategy in the coming years. Whether by introducing a cheaper headset, developing smart glasses or even AR glasses, Apple has several ways to strengthen its position in the market. The next few days will show which of the options Apple ultimately chooses. It is clear that the company must continuously develop its vision hardware in order to appeal to both tech-savvy premium users and price-conscious buyers. Apple&#039;s next steps will be crucial in shaping the future of the mixed reality market. By skillfully balancing premium products with more mass-market alternatives, Apple could also take on the leading role in this area that it already holds in other technology fields. (Image: Apple)<\/p>\n\n\n\n<ul class=\"wp-block-list\">\n<li><a href=\"https:\/\/www.apfelpatient.de\/en\/generally\/apple-vision-pro-2-the-right-step-thanks-to-ai-and-m5\">Apple Vision Pro 2: The right step thanks to AI and M5<\/a><\/li>\n<\/ul>\n\n\n\n<h6 class=\"wp-block-heading translation-block\" id=\"h-kennt-ihr-schon-unsere-amazon-storefront-dort-findet-ihr-eine-handverlesene-auswahl-von-diversen-produkten-f-r-euer-iphone-und-co-viel-spa-beim-st-bern\"><em>Have you already visited our Amazon Storefront? There you&#039;ll find a hand-picked selection of various products for your iPhone and other devices \u2013 <span class=\"has-inline-color has-vivid-red-color\"><a href=\"https:\/\/www.amazon.de\/shop\/apfelpatientofficial\" class=\"ek-link\" data-wpel-link=\"exclude\" rel=\"follow noopener\" target=\"_self\"><span style=\"text-decoration: underline\" class=\"ek-underline\">enjoy browsing<\/span><\/a> !<\/span><\/em><\/h6>\n\n\n\n<h6 class=\"wp-block-heading translation-block\" id=\"h-der-beitrag-enthalt-partnerlinks\">This post contains <a data-type=\"URL\" data-id=\"https:\/\/www.apfelpatient.de\/partnerprogramm\" href=\"https:\/\/www.apfelpatient.de\/en\/partner-program\" data-wpel-link=\"internal\" target=\"_self\">affiliate links<\/a>.<\/h6>","protected":false},"excerpt":{"rendered":"<p>Apple is considering new options for the Vision Pro hardware. Will there be a cheaper model or revolutionary AR glasses?<\/p>","protected":false},"author":2,"featured_media":47127,"comment_status":"closed","ping_status":"closed","sticky":false,"template":"","format":"standard","meta":{"jnews-multi-image_gallery":[],"jnews_single_post":{"format":"standard","override":[{"template":"2","parallax":"1","fullscreen":"1","layout":"right-sidebar","sidebar":"default-sidebar","second_sidebar":"default-sidebar","sticky_sidebar":"1","share_position":"top","share_float_style":"share-monocrhome","show_featured":"1","show_post_meta":"1","show_post_author":"1","show_post_author_image":"1","show_post_date":"1","post_date_format":"default","post_date_format_custom":"Y\/m\/d","show_post_category":"1","show_post_reading_time":"0","post_reading_time_wpm":"300","post_calculate_word_method":"str_word_count","show_zoom_button":"0","zoom_button_out_step":"2","zoom_button_in_step":"3","show_post_tag":"1","show_prev_next_post":"1","show_popup_post":"1","number_popup_post":"1","show_author_box":"0","show_post_related":"0","show_inline_post_related":"0"}],"image_override":[{"single_post_thumbnail_size":"crop-500","single_post_gallery_size":"crop-500"}],"trending_post_position":"meta","trending_post_label":"Trending","sponsored_post_label":"Sponsored by","disable_ad":"0"},"jnews_primary_category":{"id":"25"},"footnotes":""},"categories":[25],"tags":[843,609],"class_list":["post-47128","post","type-post","status-publish","format-standard","has-post-thumbnail","hentry","category-rumors","tag-apple-vision-pro","tag-apple-vr-ar"],"yoast_head":"<!-- This site is optimized with the Yoast SEO Premium plugin v27.5 (Yoast SEO v27.5) - https:\/\/yoast.com\/product\/yoast-seo-premium-wordpress\/ -->\n<title>Zukunft von Apple Vision Pro: Welche Wege stehen zur Debatte? Apfelpatient<\/title>\n<meta name=\"description\" content=\"Apple pr\u00fcft neue Optionen f\u00fcr die Vision Pro-Hardware. Wird es ein g\u00fcnstigeres Modell geben oder eine revolution\u00e4re AR-Brille?\" \/>\n<meta name=\"robots\" content=\"index, follow, max-snippet:-1, max-image-preview:large, max-video-preview:-1\" \/>\n<link rel=\"canonical\" href=\"https:\/\/www.apfelpatient.de\/en\/rumors\/future-of-apple-vision-pro-which-paths-are-up-for-debate\" \/>\n<meta property=\"og:locale\" content=\"en_US\" \/>\n<meta property=\"og:type\" content=\"article\" \/>\n<meta property=\"og:title\" content=\"Zukunft von Apple Vision Pro: Welche Wege stehen zur Debatte?\" \/>\n<meta property=\"og:description\" content=\"Apple pr\u00fcft neue Optionen f\u00fcr die Vision Pro-Hardware. Wird es ein g\u00fcnstigeres Modell geben oder eine revolution\u00e4re AR-Brille?\" \/>\n<meta property=\"og:url\" content=\"https:\/\/www.apfelpatient.de\/en\/rumors\/future-of-apple-vision-pro-which-paths-are-up-for-debate\" \/>\n<meta property=\"og:site_name\" content=\"Apfelpatient\" \/>\n<meta property=\"article:publisher\" content=\"https:\/\/www.facebook.com\/apfelpatientOfficial\" \/>\n<meta property=\"article:author\" content=\"https:\/\/www.facebook.com\/apfelpatientOfficial\" \/>\n<meta property=\"article:published_time\" content=\"2024-09-29T15:04:50+00:00\" \/>\n<meta property=\"og:image\" content=\"https:\/\/www.apfelpatient.de\/wp-content\/uploads\/2024\/09\/Apple-WWDC23-event-photos-Apple-Vision-Pro.jpg\" \/>\n\t<meta property=\"og:image:width\" content=\"1600\" \/>\n\t<meta property=\"og:image:height\" content=\"1066\" \/>\n\t<meta property=\"og:image:type\" content=\"image\/jpeg\" \/>\n<meta name=\"author\" content=\"Milan\" \/>\n<meta name=\"twitter:card\" content=\"summary_large_image\" \/>\n<meta name=\"twitter:description\" content=\"Apple pr\u00fcft neue Optionen f\u00fcr die Vision Pro-Hardware. Wird es ein g\u00fcnstigeres Modell geben oder eine revolution\u00e4re AR-Brille?\" \/>\n<meta name=\"twitter:label1\" content=\"Written by\" \/>\n\t<meta name=\"twitter:data1\" content=\"Milan\" \/>\n\t<meta name=\"twitter:label2\" content=\"Est. reading time\" \/>\n\t<meta name=\"twitter:data2\" content=\"12 minutes\" \/>\n<script type=\"application\/ld+json\" class=\"yoast-schema-graph\">{\"@context\":\"https:\\\/\\\/schema.org\",\"@graph\":[{\"@type\":\"NewsArticle\",\"@id\":\"https:\\\/\\\/www.apfelpatient.de\\\/rumors\\\/zukunft-von-apple-vision-pro-welche-wege-stehen-zur-debatte#article\",\"isPartOf\":{\"@id\":\"https:\\\/\\\/www.apfelpatient.de\\\/rumors\\\/zukunft-von-apple-vision-pro-welche-wege-stehen-zur-debatte\"},\"author\":{\"@type\":\"Organization\",\"@id\":\"https:\\\/\\\/www.apfelpatient.de\\\/en\\\/#organization\",\"name\":\"Apfelpatient\",\"url\":\"https:\\\/\\\/www.apfelpatient.de\\\/en\\\/\"},\"headline\":\"Zukunft von Apple Vision Pro: Welche Wege stehen zur Debatte?\",\"datePublished\":\"2024-09-29T15:04:50+00:00\",\"mainEntityOfPage\":{\"@id\":\"https:\\\/\\\/www.apfelpatient.de\\\/rumors\\\/zukunft-von-apple-vision-pro-welche-wege-stehen-zur-debatte\"},\"wordCount\":779,\"publisher\":{\"@type\":\"Organization\",\"@id\":\"https:\\\/\\\/www.apfelpatient.de\\\/en\\\/#organization\",\"name\":\"Apfelpatient\",\"url\":\"https:\\\/\\\/www.apfelpatient.de\\\/en\\\/\"},\"image\":{\"@id\":\"https:\\\/\\\/www.apfelpatient.de\\\/rumors\\\/zukunft-von-apple-vision-pro-welche-wege-stehen-zur-debatte#primaryimage\"},\"thumbnailUrl\":\"https:\\\/\\\/www.apfelpatient.de\\\/wp-content\\\/uploads\\\/2024\\\/09\\\/Apple-WWDC23-event-photos-Apple-Vision-Pro.jpg\",\"keywords\":[\"Apple Vision Pro\",\"Apple VR\\\/AR\"],\"articleSection\":\"Rumors\",\"inLanguage\":\"en-US\",\"copyrightYear\":\"2024\",\"copyrightHolder\":{\"@id\":\"https:\\\/\\\/www.apfelpatient.de\\\/en\\\/#organization\"}},{\"@type\":\"WebPage\",\"@id\":\"https:\\\/\\\/www.apfelpatient.de\\\/rumors\\\/zukunft-von-apple-vision-pro-welche-wege-stehen-zur-debatte\",\"url\":\"https:\\\/\\\/www.apfelpatient.de\\\/rumors\\\/zukunft-von-apple-vision-pro-welche-wege-stehen-zur-debatte\",\"name\":\"Zukunft von Apple Vision Pro: Welche Wege stehen zur Debatte? Apfelpatient\",\"isPartOf\":{\"@id\":\"https:\\\/\\\/www.apfelpatient.de\\\/#website\"},\"primaryImageOfPage\":{\"@id\":\"https:\\\/\\\/www.apfelpatient.de\\\/rumors\\\/zukunft-von-apple-vision-pro-welche-wege-stehen-zur-debatte#primaryimage\"},\"image\":{\"@id\":\"https:\\\/\\\/www.apfelpatient.de\\\/rumors\\\/zukunft-von-apple-vision-pro-welche-wege-stehen-zur-debatte#primaryimage\"},\"thumbnailUrl\":\"https:\\\/\\\/www.apfelpatient.de\\\/wp-content\\\/uploads\\\/2024\\\/09\\\/Apple-WWDC23-event-photos-Apple-Vision-Pro.jpg\",\"datePublished\":\"2024-09-29T15:04:50+00:00\",\"description\":\"Apple pr\u00fcft neue Optionen f\u00fcr die Vision Pro-Hardware. Wird es ein g\u00fcnstigeres Modell geben oder eine revolution\u00e4re AR-Brille?\",\"breadcrumb\":{\"@id\":\"https:\\\/\\\/www.apfelpatient.de\\\/rumors\\\/zukunft-von-apple-vision-pro-welche-wege-stehen-zur-debatte#breadcrumb\"},\"inLanguage\":\"en-US\",\"potentialAction\":[{\"@type\":\"ReadAction\",\"target\":[\"https:\\\/\\\/www.apfelpatient.de\\\/rumors\\\/zukunft-von-apple-vision-pro-welche-wege-stehen-zur-debatte\"]}]},{\"@type\":\"ImageObject\",\"inLanguage\":\"en-US\",\"@id\":\"https:\\\/\\\/www.apfelpatient.de\\\/rumors\\\/zukunft-von-apple-vision-pro-welche-wege-stehen-zur-debatte#primaryimage\",\"url\":\"https:\\\/\\\/www.apfelpatient.de\\\/wp-content\\\/uploads\\\/2024\\\/09\\\/Apple-WWDC23-event-photos-Apple-Vision-Pro.jpg\",\"contentUrl\":\"https:\\\/\\\/www.apfelpatient.de\\\/wp-content\\\/uploads\\\/2024\\\/09\\\/Apple-WWDC23-event-photos-Apple-Vision-Pro.jpg\",\"width\":1600,\"height\":1066,\"caption\":\"Bild: Apple\"},{\"@type\":\"BreadcrumbList\",\"@id\":\"https:\\\/\\\/www.apfelpatient.de\\\/rumors\\\/zukunft-von-apple-vision-pro-welche-wege-stehen-zur-debatte#breadcrumb\",\"itemListElement\":[{\"@type\":\"ListItem\",\"position\":1,\"name\":\"Startseite\",\"item\":\"https:\\\/\\\/www.apfelpatient.de\\\/\"},{\"@type\":\"ListItem\",\"position\":2,\"name\":\"Zukunft von Apple Vision Pro: Welche Wege stehen zur Debatte?\"}]},{\"@type\":\"WebSite\",\"@id\":\"https:\\\/\\\/www.apfelpatient.de\\\/#website\",\"url\":\"https:\\\/\\\/www.apfelpatient.de\\\/\",\"name\":\"Apfelpatient\",\"description\":\"Alles rund um Apple!\",\"publisher\":{\"@type\":\"Organization\",\"@id\":\"https:\\\/\\\/www.apfelpatient.de\\\/en\\\/#organization\",\"name\":\"Apfelpatient\",\"url\":\"https:\\\/\\\/www.apfelpatient.de\\\/en\\\/\"},\"alternateName\":\"Apfelpatient\",\"potentialAction\":[{\"@type\":\"SearchAction\",\"target\":{\"@type\":\"EntryPoint\",\"urlTemplate\":\"https:\\\/\\\/www.apfelpatient.de\\\/?s={search_term_string}\"},\"query-input\":{\"@type\":\"PropertyValueSpecification\",\"valueRequired\":true,\"valueName\":\"search_term_string\"}}],\"inLanguage\":\"en-US\"},{\"@type\":[\"Person\",\"Organization\"],\"@id\":\"https:\\\/\\\/www.apfelpatient.de\\\/#\\\/schema\\\/person\\\/7dc56ad6c8e9824b76d2c08d4c140e13\",\"name\":\"Milan\",\"logo\":{\"@id\":\"https:\\\/\\\/www.apfelpatient.de\\\/#\\\/schema\\\/person\\\/image\\\/\"},\"description\":\"Hallo und herzlich willkommen auf meinem Technik-Blog! Als gro\u00dfer Apple-Fan berichte ich hier \u00fcber alles, was mit Apple zu tun hat: von den neuesten News und spannenden Ger\u00fcchten \u00fcber hilfreiche Tipps und Tricks bis hin zu ausf\u00fchrlichen Produkttests. Wenn du genauso technikbegeistert bist wie ich, bist du hier genau richtig!\",\"sameAs\":[\"https:\\\/\\\/www.facebook.com\\\/apfelpatientOfficial\",\"https:\\\/\\\/www.linkedin.com\\\/in\\\/milan-jovicic-42aa0231b\"],\"url\":\"https:\\\/\\\/www.apfelpatient.de\\\/en\\\/author\\\/apfeladmin\"}]}<\/script>\n<!-- \/ Yoast SEO Premium plugin. -->","yoast_head_json":{"title":"Future of Apple Vision Pro: Which paths are up for debate? Apfelpatient","description":"Apple is considering new options for the Vision Pro hardware. Will there be a cheaper model or revolutionary AR glasses?","robots":{"index":"index","follow":"follow","max-snippet":"max-snippet:-1","max-image-preview":"max-image-preview:large","max-video-preview":"max-video-preview:-1"},"canonical":"https:\/\/www.apfelpatient.de\/en\/rumors\/future-of-apple-vision-pro-which-paths-are-up-for-debate","og_locale":"en_US","og_type":"article","og_title":"Zukunft von Apple Vision Pro: Welche Wege stehen zur Debatte?","og_description":"Apple pr\u00fcft neue Optionen f\u00fcr die Vision Pro-Hardware. Wird es ein g\u00fcnstigeres Modell geben oder eine revolution\u00e4re AR-Brille?","og_url":"https:\/\/www.apfelpatient.de\/en\/rumors\/future-of-apple-vision-pro-which-paths-are-up-for-debate","og_site_name":"Apfelpatient","article_publisher":"https:\/\/www.facebook.com\/apfelpatientOfficial","article_author":"https:\/\/www.facebook.com\/apfelpatientOfficial","article_published_time":"2024-09-29T15:04:50+00:00","og_image":[{"width":1600,"height":1066,"url":"https:\/\/www.apfelpatient.de\/wp-content\/uploads\/2024\/09\/Apple-WWDC23-event-photos-Apple-Vision-Pro.jpg","type":"image\/jpeg"}],"author":"Milan","twitter_card":"summary_large_image","twitter_description":"Apple pr\u00fcft neue Optionen f\u00fcr die Vision Pro-Hardware. Wird es ein g\u00fcnstigeres Modell geben oder eine revolution\u00e4re AR-Brille?","twitter_misc":{"Written by":"Milan","Est. reading time":"12 minutes"},"schema":{"@context":"https:\/\/schema.org","@graph":[{"@type":"NewsArticle","@id":"https:\/\/www.apfelpatient.de\/rumors\/zukunft-von-apple-vision-pro-welche-wege-stehen-zur-debatte#article","isPartOf":{"@id":"https:\/\/www.apfelpatient.de\/rumors\/zukunft-von-apple-vision-pro-welche-wege-stehen-zur-debatte"},"author":{"@type":"Organization","@id":"https:\/\/www.apfelpatient.de\/en\/#organization","name":"Apfelpatient","url":"https:\/\/www.apfelpatient.de\/en\/"},"headline":"Zukunft von Apple Vision Pro: Welche Wege stehen zur Debatte?","datePublished":"2024-09-29T15:04:50+00:00","mainEntityOfPage":{"@id":"https:\/\/www.apfelpatient.de\/rumors\/zukunft-von-apple-vision-pro-welche-wege-stehen-zur-debatte"},"wordCount":779,"publisher":{"@type":"Organization","@id":"https:\/\/www.apfelpatient.de\/en\/#organization","name":"Apfelpatient","url":"https:\/\/www.apfelpatient.de\/en\/"},"image":{"@id":"https:\/\/www.apfelpatient.de\/rumors\/zukunft-von-apple-vision-pro-welche-wege-stehen-zur-debatte#primaryimage"},"thumbnailUrl":"https:\/\/www.apfelpatient.de\/wp-content\/uploads\/2024\/09\/Apple-WWDC23-event-photos-Apple-Vision-Pro.jpg","keywords":["Apple Vision Pro","Apple VR\/AR"],"articleSection":"Rumors","inLanguage":"en-US","copyrightYear":"2024","copyrightHolder":{"@id":"https:\/\/www.apfelpatient.de\/en\/#organization"}},{"@type":"WebPage","@id":"https:\/\/www.apfelpatient.de\/rumors\/zukunft-von-apple-vision-pro-welche-wege-stehen-zur-debatte","url":"https:\/\/www.apfelpatient.de\/rumors\/zukunft-von-apple-vision-pro-welche-wege-stehen-zur-debatte","name":"Future of Apple Vision Pro: Which paths are up for debate? Apfelpatient","isPartOf":{"@id":"https:\/\/www.apfelpatient.de\/#website"},"primaryImageOfPage":{"@id":"https:\/\/www.apfelpatient.de\/rumors\/zukunft-von-apple-vision-pro-welche-wege-stehen-zur-debatte#primaryimage"},"image":{"@id":"https:\/\/www.apfelpatient.de\/rumors\/zukunft-von-apple-vision-pro-welche-wege-stehen-zur-debatte#primaryimage"},"thumbnailUrl":"https:\/\/www.apfelpatient.de\/wp-content\/uploads\/2024\/09\/Apple-WWDC23-event-photos-Apple-Vision-Pro.jpg","datePublished":"2024-09-29T15:04:50+00:00","description":"Apple is considering new options for the Vision Pro hardware. Will there be a cheaper model or revolutionary AR glasses?","breadcrumb":{"@id":"https:\/\/www.apfelpatient.de\/rumors\/zukunft-von-apple-vision-pro-welche-wege-stehen-zur-debatte#breadcrumb"},"inLanguage":"en-US","potentialAction":[{"@type":"ReadAction","target":["https:\/\/www.apfelpatient.de\/rumors\/zukunft-von-apple-vision-pro-welche-wege-stehen-zur-debatte"]}]},{"@type":"ImageObject","inLanguage":"en-US","@id":"https:\/\/www.apfelpatient.de\/rumors\/zukunft-von-apple-vision-pro-welche-wege-stehen-zur-debatte#primaryimage","url":"https:\/\/www.apfelpatient.de\/wp-content\/uploads\/2024\/09\/Apple-WWDC23-event-photos-Apple-Vision-Pro.jpg","contentUrl":"https:\/\/www.apfelpatient.de\/wp-content\/uploads\/2024\/09\/Apple-WWDC23-event-photos-Apple-Vision-Pro.jpg","width":1600,"height":1066,"caption":"Bild: Apple"},{"@type":"BreadcrumbList","@id":"https:\/\/www.apfelpatient.de\/rumors\/zukunft-von-apple-vision-pro-welche-wege-stehen-zur-debatte#breadcrumb","itemListElement":[{"@type":"ListItem","position":1,"name":"Startseite","item":"https:\/\/www.apfelpatient.de\/"},{"@type":"ListItem","position":2,"name":"Zukunft von Apple Vision Pro: Welche Wege stehen zur Debatte?"}]},{"@type":"WebSite","@id":"https:\/\/www.apfelpatient.de\/#website","url":"https:\/\/www.apfelpatient.de\/","name":"apple patient","description":"Everything about Apple!","publisher":{"@type":"Organization","@id":"https:\/\/www.apfelpatient.de\/en\/#organization","name":"Apfelpatient","url":"https:\/\/www.apfelpatient.de\/en\/"},"alternateName":"Apfelpatient","potentialAction":[{"@type":"SearchAction","target":{"@type":"EntryPoint","urlTemplate":"https:\/\/www.apfelpatient.de\/?s={search_term_string}"},"query-input":{"@type":"PropertyValueSpecification","valueRequired":true,"valueName":"search_term_string"}}],"inLanguage":"en-US"},{"@type":["Person","Organization"],"@id":"https:\/\/www.apfelpatient.de\/#\/schema\/person\/7dc56ad6c8e9824b76d2c08d4c140e13","name":"Milan","logo":{"@id":"https:\/\/www.apfelpatient.de\/#\/schema\/person\/image\/"},"description":"Hello and welcome to my technology blog! As a big Apple fan, I report on everything to do with Apple: from the latest news and exciting rumors to helpful tips and tricks and detailed product tests. If you are as enthusiastic about technology as I am, you have come to the right place!","sameAs":["https:\/\/www.facebook.com\/apfelpatientOfficial","https:\/\/www.linkedin.com\/in\/milan-jovicic-42aa0231b"],"url":"https:\/\/www.apfelpatient.de\/en\/author\/apfeladmin"}]}},"_links":{"self":[{"href":"https:\/\/www.apfelpatient.de\/en\/wp-json\/wp\/v2\/posts\/47128","targetHints":{"allow":["GET"]}}],"collection":[{"href":"https:\/\/www.apfelpatient.de\/en\/wp-json\/wp\/v2\/posts"}],"about":[{"href":"https:\/\/www.apfelpatient.de\/en\/wp-json\/wp\/v2\/types\/post"}],"author":[{"embeddable":true,"href":"https:\/\/www.apfelpatient.de\/en\/wp-json\/wp\/v2\/users\/2"}],"replies":[{"embeddable":true,"href":"https:\/\/www.apfelpatient.de\/en\/wp-json\/wp\/v2\/comments?post=47128"}],"version-history":[{"count":0,"href":"https:\/\/www.apfelpatient.de\/en\/wp-json\/wp\/v2\/posts\/47128\/revisions"}],"wp:featuredmedia":[{"embeddable":true,"href":"https:\/\/www.apfelpatient.de\/en\/wp-json\/wp\/v2\/media\/47127"}],"wp:attachment":[{"href":"https:\/\/www.apfelpatient.de\/en\/wp-json\/wp\/v2\/media?parent=47128"}],"wp:term":[{"taxonomy":"category","embeddable":true,"href":"https:\/\/www.apfelpatient.de\/en\/wp-json\/wp\/v2\/categories?post=47128"},{"taxonomy":"post_tag","embeddable":true,"href":"https:\/\/www.apfelpatient.de\/en\/wp-json\/wp\/v2\/tags?post=47128"}],"curies":[{"name":"wp","href":"https:\/\/api.w.org\/{rel}","templated":true}]}}