{"id":47117,"date":"2024-09-28T15:43:05","date_gmt":"2024-09-28T13:43:05","guid":{"rendered":"https:\/\/www.apfelpatient.de\/?p=47117"},"modified":"2024-09-28T15:43:06","modified_gmt":"2024-09-28T13:43:06","slug":"apple-vision-pro-2-the-right-step-thanks-to-ai-and-m5","status":"publish","type":"post","link":"https:\/\/www.apfelpatient.de\/en\/allgemein\/apple-vision-pro-2-der-richtige-schritt-dank-ki-und-m5","title":{"rendered":"Apple Vision Pro 2: The right step thanks to AI and M5"},"content":{"rendered":"<p class=\"has-drop-cap\"><strong>Apple is preparing for the next big step in AR and VR technology: the Apple Vision Pro 2. According to reports, this new model will be released in late 2025 and will feature a powerful M5 chip as well as comprehensive AI features. The rumors show that Apple continues to invest consistently in the development of its Vision products to further establish the spatial computing platform. Below you will find out why the Vision Pro 2 is exactly the right step for Apple and how it could influence the future of the technology.<\/strong><\/p>\n\n\n\n<p>The Vision Pro 2 builds on the success and lessons learned from the first version. With a focus on AI integration and the new M5 chip, Apple will take its Vision series to the next level. But why is this step so important right now, and what does it mean for the future of Apple and the Vision Pro products?<\/p>\n\n\n\n<h4 class=\"wp-block-heading\" id=\"h-warum-die-apple-vision-pro-zu-diesem-zeitpunkt-auf-den-markt-kam\">Why the Apple Vision Pro came onto the market at this time<\/h4>\n\n\n\n<p>Apple laid the foundation for its AR and VR products with the first Vision Pro. Although the device failed to penetrate the mass market or contribute significantly to the company&#039;s profits in the first year after its release, its introduction was a necessary step. The Vision Pro serves to put the technology into the hands of users and developers to create a foundation for future innovations. While the Vision Pro is still an expensive and rather heavy device, it marks an important milestone in Apple&#039;s plan for spatial computing. By introducing technologies such as visionOS, Immersive Video, and Spatial Photos, Apple is now offering developers the opportunity to create new applications and content for this platform. This development creates the potential to bring spatial computing to a wider audience in the coming years.<\/p>\n\n\n\n<h4 class=\"wp-block-heading\" id=\"h-apples-ziel-den-massenmarkt-erreichen\">Apple&#039;s goal: to reach the mass market<\/h4>\n\n\n\n<p class=\"translation-block\">Apple has a long-term vision for its Vision products. The goal is to bring spatial computing to the masses. To achieve this, the devices need to be lighter, more versatile, and, above all, more affordable. <a href=\"https:\/\/www.apfelpatient.de\/en\/rumors\/apple-is-planning-a-cheaper-vision-headset-with-oled-displays\" data-wpel-link=\"internal\" target=\"_self\">Reports indicate<\/a> that Apple is currently working on a more affordable Vision device that would meet these needs. While Apple develops this new device, however, the Vision Pro cannot be neglected. The company must ensure that the existing platform remains attractive and future-proof. This will be achieved through the continuous development of the Vision Pro\u2014and this is where the Vision Pro 2 comes in.<\/p>\n\n\n\n<h4 class=\"wp-block-heading\" id=\"h-vision-pro-2-die-notwendigen-upgrades\">Vision Pro 2: The necessary upgrades<\/h4>\n\n\n\n<p class=\"translation-block\">According to <a href=\"https:\/\/www.apfelpatient.de\/en\/rumors\/new-apple-vision-pro-with-m5-chip-what-awaits-us\" data-wpel-link=\"internal\" target=\"_self\">recent reports,<\/a> the Vision Pro 2 will be equipped with an M5 chip and will place a strong focus on artificial intelligence (AI). The M5 chip, which is more powerful than the previous M2 chip, will future-proof the device and optimize it for demanding applications and immersive content. Another significant upgrade is the integration of Apple Intelligence into the visionOS operating system. These AI-powered features are intended to significantly improve the user experience and unlock the device&#039;s full potential. The original Vision Pro still has some gaps in this area, which the Vision Pro 2 update aims to fill. These targeted upgrades will keep the Vision Pro attractive to developers and early adopters, while allowing Apple to focus its resources on developing a more affordable Vision device aimed at the mass market.<\/p>\n\n\n\n<h4 class=\"wp-block-heading\" id=\"h-warum-ist-die-vision-pro-2-der-richtige-schritt-fur-apple\">Why is the Vision Pro 2 the right step for Apple?<\/h4>\n\n\n\n<p>The Vision Pro 2 is a strategic move by Apple to keep the platform relevant while the company works on a more affordable device that will appeal to a wider audience. The more powerful M5 chip and the integration of AI features ensure that the platform continues to innovate and meet the expectations of developers and users. These continuous improvements ensure that the Vision Pro will continue to play an important role in AR\/VR technology for years to come, while also paving the way for future, more mass-market Vision products that support Apple&#039;s long-term goals.<\/p>\n\n\n\n<h3 class=\"wp-block-heading\" id=\"h-vision-pro-2-apples-klare-marschrichtung-fur-ar-vr-technologien\">Vision Pro 2: Apple&#039;s clear direction for AR\/VR technologies<\/h3>\n\n\n\n<p class=\"translation-block\">The Apple Vision Pro 2 demonstrates that Apple is on the right path to further advancing spatial computing. Featuring an M5 chip and the integration of artificial intelligence, this new model will make the platform more attractive to developers and users alike. Apple is staying true to its strategy by providing the Vision Pro with the necessary upgrades while simultaneously working on a more affordable model aimed at the mass market. The continued development of the Vision Pro proves that Apple is determined to shape the future of AR\/VR technology. If you want to be at the forefront of this innovation, the Vision Pro 2 is definitely a device to keep an eye on. Want tips on using your Apple Vision Pro? <a href=\"https:\/\/www.apfelpatient.de\/en\/day\/apple-vision-pro-tips-and-tricks\" data-wpel-link=\"internal\" target=\"_self\">Here you&#039;ll find all the relevant information<\/a> about your new Apple product \u2013 enjoy reading! Looking for the best accessories? Visit <a href=\"https:\/\/www.amazon.de\/shop\/apfelpatientofficial\" target=\"_blank\" rel=\"noreferrer noopener follow\" data-wpel-link=\"exclude\">our Amazon Storefront<\/a> and discover a variety of products from top suppliers, including HomeKit! (Image: Apple)<\/p>\n\n\n\n<ul class=\"wp-block-list\">\n<li><a href=\"https:\/\/www.apfelpatient.de\/en\/rumors\/apple-innovation-new-vision-headsets-smart-glasses\">Apple Innovation: New Vision Headsets &amp; Smart Glasses<\/a><\/li>\n<\/ul>\n\n\n\n<h6 class=\"wp-block-heading translation-block\" id=\"h-kennt-ihr-schon-unsere-amazon-storefront-dort-findet-ihr-eine-handverlesene-auswahl-von-diversen-produkten-f-r-euer-iphone-und-co-viel-spa-beim-st-bern\"><em>Have you already visited our Amazon Storefront? There you&#039;ll find a hand-picked selection of various products for your iPhone and other devices \u2013 <span class=\"has-inline-color has-vivid-red-color\"><a href=\"https:\/\/www.amazon.de\/shop\/apfelpatientofficial\" class=\"ek-link\" data-wpel-link=\"exclude\" rel=\"follow noopener\" target=\"_self\"><span style=\"text-decoration: underline\" class=\"ek-underline\">enjoy browsing<\/span><\/a> !<\/span><\/em><\/h6>\n\n\n\n<h6 class=\"wp-block-heading translation-block\" id=\"h-der-beitrag-enthalt-partnerlinks\">This post contains <a data-type=\"URL\" data-id=\"https:\/\/www.apfelpatient.de\/partnerprogramm\" href=\"https:\/\/www.apfelpatient.de\/en\/partner-program\" data-wpel-link=\"internal\" target=\"_self\">affiliate links<\/a>.<\/h6>\n\n\n\n<p><\/p>","protected":false},"excerpt":{"rendered":"<p>Apple Vision Pro 2 with M5 chip &amp; AI: The next chapter in AR\/VR technology. Find out why Apple is making the right move here.<\/p>","protected":false},"author":2,"featured_media":47116,"comment_status":"closed","ping_status":"closed","sticky":false,"template":"","format":"standard","meta":{"jnews-multi-image_gallery":[],"jnews_single_post":{"format":"standard","override":[{"template":"2","parallax":"1","fullscreen":"1","layout":"right-sidebar","sidebar":"default-sidebar","second_sidebar":"default-sidebar","sticky_sidebar":"1","share_position":"top","share_float_style":"share-monocrhome","show_featured":"1","show_post_meta":"1","show_post_author":"1","show_post_author_image":"1","show_post_date":"1","post_date_format":"default","post_date_format_custom":"Y\/m\/d","show_post_category":"1","show_post_reading_time":"0","post_reading_time_wpm":"300","post_calculate_word_method":"str_word_count","show_zoom_button":"0","zoom_button_out_step":"2","zoom_button_in_step":"3","show_post_tag":"1","show_prev_next_post":"1","show_popup_post":"1","number_popup_post":"1","show_author_box":"0","show_post_related":"0","show_inline_post_related":"0"}],"image_override":[{"single_post_thumbnail_size":"crop-500","single_post_gallery_size":"crop-500"}],"trending_post_position":"meta","trending_post_label":"Trending","sponsored_post_label":"Sponsored by","disable_ad":"0"},"jnews_primary_category":{"id":"2"},"footnotes":""},"categories":[2],"tags":[843,609,844],"class_list":["post-47117","post","type-post","status-publish","format-standard","has-post-thumbnail","hentry","category-allgemein","tag-apple-vision-pro","tag-apple-vr-ar","tag-visionos"],"yoast_head":"<!-- This site is optimized with the Yoast SEO Premium plugin v27.5 (Yoast SEO v27.5) - https:\/\/yoast.com\/product\/yoast-seo-premium-wordpress\/ -->\n<title>Apple Vision Pro 2: Der richtige Schritt dank KI und M5 Apfelpatient<\/title>\n<meta name=\"description\" content=\"Apple Vision Pro 2 mit M5-Chip &amp; KI: Das n\u00e4chste Kapitel in AR\/VR-Technologie. Warum Apple den richtigen Schritt macht, erf\u00e4hrst du hier.\" \/>\n<meta name=\"robots\" content=\"index, follow, max-snippet:-1, max-image-preview:large, max-video-preview:-1\" \/>\n<link rel=\"canonical\" href=\"https:\/\/www.apfelpatient.de\/en\/generally\/apple-vision-pro-2-the-right-step-thanks-to-ai-and-m5\" \/>\n<meta property=\"og:locale\" content=\"en_US\" \/>\n<meta property=\"og:type\" content=\"article\" \/>\n<meta property=\"og:title\" content=\"Apple Vision Pro 2: Der richtige Schritt dank KI und M5\" \/>\n<meta property=\"og:description\" content=\"Apple Vision Pro 2 mit M5-Chip &amp; KI: Das n\u00e4chste Kapitel in AR\/VR-Technologie. Warum Apple den richtigen Schritt macht, erf\u00e4hrst du hier.\" \/>\n<meta property=\"og:url\" content=\"https:\/\/www.apfelpatient.de\/en\/generally\/apple-vision-pro-2-the-right-step-thanks-to-ai-and-m5\" \/>\n<meta property=\"og:site_name\" content=\"Apfelpatient\" \/>\n<meta property=\"article:publisher\" content=\"https:\/\/www.facebook.com\/apfelpatientOfficial\" \/>\n<meta property=\"article:author\" content=\"https:\/\/www.facebook.com\/apfelpatientOfficial\" \/>\n<meta property=\"article:published_time\" content=\"2024-09-28T13:43:05+00:00\" \/>\n<meta property=\"article:modified_time\" content=\"2024-09-28T13:43:06+00:00\" \/>\n<meta property=\"og:image\" content=\"https:\/\/www.apfelpatient.de\/wp-content\/uploads\/2024\/09\/Apple-WWDC23-Tim-Cook-with-Apple-Vision-Pro.jpg\" \/>\n\t<meta property=\"og:image:width\" content=\"1600\" \/>\n\t<meta property=\"og:image:height\" content=\"1143\" \/>\n\t<meta property=\"og:image:type\" content=\"image\/jpeg\" \/>\n<meta name=\"author\" content=\"Milan\" \/>\n<meta name=\"twitter:card\" content=\"summary_large_image\" \/>\n<meta name=\"twitter:description\" content=\"Apple Vision Pro 2 mit M5-Chip &amp; KI: Das n\u00e4chste Kapitel in AR\/VR-Technologie. Warum Apple den richtigen Schritt macht, erf\u00e4hrst du hier.\" \/>\n<meta name=\"twitter:label1\" content=\"Written by\" \/>\n\t<meta name=\"twitter:data1\" content=\"Milan\" \/>\n\t<meta name=\"twitter:label2\" content=\"Est. reading time\" \/>\n\t<meta name=\"twitter:data2\" content=\"5 minutes\" \/>\n<script type=\"application\/ld+json\" class=\"yoast-schema-graph\">{\"@context\":\"https:\\\/\\\/schema.org\",\"@graph\":[{\"@type\":\"NewsArticle\",\"@id\":\"https:\\\/\\\/www.apfelpatient.de\\\/allgemein\\\/apple-vision-pro-2-der-richtige-schritt-dank-ki-und-m5#article\",\"isPartOf\":{\"@id\":\"https:\\\/\\\/www.apfelpatient.de\\\/allgemein\\\/apple-vision-pro-2-der-richtige-schritt-dank-ki-und-m5\"},\"author\":{\"@type\":\"Organization\",\"@id\":\"https:\\\/\\\/www.apfelpatient.de\\\/en\\\/#organization\",\"name\":\"Apfelpatient\",\"url\":\"https:\\\/\\\/www.apfelpatient.de\\\/en\\\/\"},\"headline\":\"Apple Vision Pro 2: Der richtige Schritt dank KI und M5\",\"datePublished\":\"2024-09-28T13:43:05+00:00\",\"dateModified\":\"2024-09-28T13:43:06+00:00\",\"mainEntityOfPage\":{\"@id\":\"https:\\\/\\\/www.apfelpatient.de\\\/allgemein\\\/apple-vision-pro-2-der-richtige-schritt-dank-ki-und-m5\"},\"wordCount\":867,\"publisher\":{\"@type\":\"Organization\",\"@id\":\"https:\\\/\\\/www.apfelpatient.de\\\/en\\\/#organization\",\"name\":\"Apfelpatient\",\"url\":\"https:\\\/\\\/www.apfelpatient.de\\\/en\\\/\"},\"image\":{\"@id\":\"https:\\\/\\\/www.apfelpatient.de\\\/allgemein\\\/apple-vision-pro-2-der-richtige-schritt-dank-ki-und-m5#primaryimage\"},\"thumbnailUrl\":\"https:\\\/\\\/www.apfelpatient.de\\\/wp-content\\\/uploads\\\/2024\\\/09\\\/Apple-WWDC23-Tim-Cook-with-Apple-Vision-Pro.jpg\",\"keywords\":[\"Apple Vision Pro\",\"Apple VR\\\/AR\",\"visionOS\"],\"articleSection\":\"Allgemein\",\"inLanguage\":\"en-US\",\"copyrightYear\":\"2024\",\"copyrightHolder\":{\"@id\":\"https:\\\/\\\/www.apfelpatient.de\\\/en\\\/#organization\"}},{\"@type\":\"WebPage\",\"@id\":\"https:\\\/\\\/www.apfelpatient.de\\\/allgemein\\\/apple-vision-pro-2-der-richtige-schritt-dank-ki-und-m5\",\"url\":\"https:\\\/\\\/www.apfelpatient.de\\\/allgemein\\\/apple-vision-pro-2-der-richtige-schritt-dank-ki-und-m5\",\"name\":\"Apple Vision Pro 2: Der richtige Schritt dank KI und M5 Apfelpatient\",\"isPartOf\":{\"@id\":\"https:\\\/\\\/www.apfelpatient.de\\\/#website\"},\"primaryImageOfPage\":{\"@id\":\"https:\\\/\\\/www.apfelpatient.de\\\/allgemein\\\/apple-vision-pro-2-der-richtige-schritt-dank-ki-und-m5#primaryimage\"},\"image\":{\"@id\":\"https:\\\/\\\/www.apfelpatient.de\\\/allgemein\\\/apple-vision-pro-2-der-richtige-schritt-dank-ki-und-m5#primaryimage\"},\"thumbnailUrl\":\"https:\\\/\\\/www.apfelpatient.de\\\/wp-content\\\/uploads\\\/2024\\\/09\\\/Apple-WWDC23-Tim-Cook-with-Apple-Vision-Pro.jpg\",\"datePublished\":\"2024-09-28T13:43:05+00:00\",\"dateModified\":\"2024-09-28T13:43:06+00:00\",\"description\":\"Apple Vision Pro 2 mit M5-Chip & KI: Das n\u00e4chste Kapitel in AR\\\/VR-Technologie. Warum Apple den richtigen Schritt macht, erf\u00e4hrst du hier.\",\"breadcrumb\":{\"@id\":\"https:\\\/\\\/www.apfelpatient.de\\\/allgemein\\\/apple-vision-pro-2-der-richtige-schritt-dank-ki-und-m5#breadcrumb\"},\"inLanguage\":\"en-US\",\"potentialAction\":[{\"@type\":\"ReadAction\",\"target\":[\"https:\\\/\\\/www.apfelpatient.de\\\/allgemein\\\/apple-vision-pro-2-der-richtige-schritt-dank-ki-und-m5\"]}]},{\"@type\":\"ImageObject\",\"inLanguage\":\"en-US\",\"@id\":\"https:\\\/\\\/www.apfelpatient.de\\\/allgemein\\\/apple-vision-pro-2-der-richtige-schritt-dank-ki-und-m5#primaryimage\",\"url\":\"https:\\\/\\\/www.apfelpatient.de\\\/wp-content\\\/uploads\\\/2024\\\/09\\\/Apple-WWDC23-Tim-Cook-with-Apple-Vision-Pro.jpg\",\"contentUrl\":\"https:\\\/\\\/www.apfelpatient.de\\\/wp-content\\\/uploads\\\/2024\\\/09\\\/Apple-WWDC23-Tim-Cook-with-Apple-Vision-Pro.jpg\",\"width\":1600,\"height\":1143,\"caption\":\"Bild: Apple\"},{\"@type\":\"BreadcrumbList\",\"@id\":\"https:\\\/\\\/www.apfelpatient.de\\\/allgemein\\\/apple-vision-pro-2-der-richtige-schritt-dank-ki-und-m5#breadcrumb\",\"itemListElement\":[{\"@type\":\"ListItem\",\"position\":1,\"name\":\"Startseite\",\"item\":\"https:\\\/\\\/www.apfelpatient.de\\\/\"},{\"@type\":\"ListItem\",\"position\":2,\"name\":\"Apple Vision Pro 2: Der richtige Schritt dank KI und M5\"}]},{\"@type\":\"WebSite\",\"@id\":\"https:\\\/\\\/www.apfelpatient.de\\\/#website\",\"url\":\"https:\\\/\\\/www.apfelpatient.de\\\/\",\"name\":\"Apfelpatient\",\"description\":\"Alles rund um Apple!\",\"publisher\":{\"@type\":\"Organization\",\"@id\":\"https:\\\/\\\/www.apfelpatient.de\\\/en\\\/#organization\",\"name\":\"Apfelpatient\",\"url\":\"https:\\\/\\\/www.apfelpatient.de\\\/en\\\/\"},\"alternateName\":\"Apfelpatient\",\"potentialAction\":[{\"@type\":\"SearchAction\",\"target\":{\"@type\":\"EntryPoint\",\"urlTemplate\":\"https:\\\/\\\/www.apfelpatient.de\\\/?s={search_term_string}\"},\"query-input\":{\"@type\":\"PropertyValueSpecification\",\"valueRequired\":true,\"valueName\":\"search_term_string\"}}],\"inLanguage\":\"en-US\"},{\"@type\":[\"Person\",\"Organization\"],\"@id\":\"https:\\\/\\\/www.apfelpatient.de\\\/#\\\/schema\\\/person\\\/7dc56ad6c8e9824b76d2c08d4c140e13\",\"name\":\"Milan\",\"logo\":{\"@id\":\"https:\\\/\\\/www.apfelpatient.de\\\/#\\\/schema\\\/person\\\/image\\\/\"},\"description\":\"Hallo und herzlich willkommen auf meinem Technik-Blog! Als gro\u00dfer Apple-Fan berichte ich hier \u00fcber alles, was mit Apple zu tun hat: von den neuesten News und spannenden Ger\u00fcchten \u00fcber hilfreiche Tipps und Tricks bis hin zu ausf\u00fchrlichen Produkttests. Wenn du genauso technikbegeistert bist wie ich, bist du hier genau richtig!\",\"sameAs\":[\"https:\\\/\\\/www.facebook.com\\\/apfelpatientOfficial\",\"https:\\\/\\\/www.linkedin.com\\\/in\\\/milan-jovicic-42aa0231b\"],\"url\":\"https:\\\/\\\/www.apfelpatient.de\\\/en\\\/author\\\/apfeladmin\"}]}<\/script>\n<!-- \/ Yoast SEO Premium plugin. -->","yoast_head_json":{"title":"Apple Vision Pro 2: The right step thanks to AI and M5 Apfelpatient","description":"Apple Vision Pro 2 with M5 chip &amp; AI: The next chapter in AR\/VR technology. Find out why Apple is taking the right step here.","robots":{"index":"index","follow":"follow","max-snippet":"max-snippet:-1","max-image-preview":"max-image-preview:large","max-video-preview":"max-video-preview:-1"},"canonical":"https:\/\/www.apfelpatient.de\/en\/generally\/apple-vision-pro-2-the-right-step-thanks-to-ai-and-m5","og_locale":"en_US","og_type":"article","og_title":"Apple Vision Pro 2: Der richtige Schritt dank KI und M5","og_description":"Apple Vision Pro 2 mit M5-Chip & KI: Das n\u00e4chste Kapitel in AR\/VR-Technologie. Warum Apple den richtigen Schritt macht, erf\u00e4hrst du hier.","og_url":"https:\/\/www.apfelpatient.de\/en\/generally\/apple-vision-pro-2-the-right-step-thanks-to-ai-and-m5","og_site_name":"Apfelpatient","article_publisher":"https:\/\/www.facebook.com\/apfelpatientOfficial","article_author":"https:\/\/www.facebook.com\/apfelpatientOfficial","article_published_time":"2024-09-28T13:43:05+00:00","article_modified_time":"2024-09-28T13:43:06+00:00","og_image":[{"width":1600,"height":1143,"url":"https:\/\/www.apfelpatient.de\/wp-content\/uploads\/2024\/09\/Apple-WWDC23-Tim-Cook-with-Apple-Vision-Pro.jpg","type":"image\/jpeg"}],"author":"Milan","twitter_card":"summary_large_image","twitter_description":"Apple Vision Pro 2 mit M5-Chip & KI: Das n\u00e4chste Kapitel in AR\/VR-Technologie. Warum Apple den richtigen Schritt macht, erf\u00e4hrst du hier.","twitter_misc":{"Written by":"Milan","Est. reading time":"5 minutes"},"schema":{"@context":"https:\/\/schema.org","@graph":[{"@type":"NewsArticle","@id":"https:\/\/www.apfelpatient.de\/allgemein\/apple-vision-pro-2-der-richtige-schritt-dank-ki-und-m5#article","isPartOf":{"@id":"https:\/\/www.apfelpatient.de\/allgemein\/apple-vision-pro-2-der-richtige-schritt-dank-ki-und-m5"},"author":{"@type":"Organization","@id":"https:\/\/www.apfelpatient.de\/en\/#organization","name":"Apfelpatient","url":"https:\/\/www.apfelpatient.de\/en\/"},"headline":"Apple Vision Pro 2: Der richtige Schritt dank KI und M5","datePublished":"2024-09-28T13:43:05+00:00","dateModified":"2024-09-28T13:43:06+00:00","mainEntityOfPage":{"@id":"https:\/\/www.apfelpatient.de\/allgemein\/apple-vision-pro-2-der-richtige-schritt-dank-ki-und-m5"},"wordCount":867,"publisher":{"@type":"Organization","@id":"https:\/\/www.apfelpatient.de\/en\/#organization","name":"Apfelpatient","url":"https:\/\/www.apfelpatient.de\/en\/"},"image":{"@id":"https:\/\/www.apfelpatient.de\/allgemein\/apple-vision-pro-2-der-richtige-schritt-dank-ki-und-m5#primaryimage"},"thumbnailUrl":"https:\/\/www.apfelpatient.de\/wp-content\/uploads\/2024\/09\/Apple-WWDC23-Tim-Cook-with-Apple-Vision-Pro.jpg","keywords":["Apple Vision Pro","Apple VR\/AR","visionOS"],"articleSection":"Allgemein","inLanguage":"en-US","copyrightYear":"2024","copyrightHolder":{"@id":"https:\/\/www.apfelpatient.de\/en\/#organization"}},{"@type":"WebPage","@id":"https:\/\/www.apfelpatient.de\/allgemein\/apple-vision-pro-2-der-richtige-schritt-dank-ki-und-m5","url":"https:\/\/www.apfelpatient.de\/allgemein\/apple-vision-pro-2-der-richtige-schritt-dank-ki-und-m5","name":"Apple Vision Pro 2: The right step thanks to AI and M5 Apfelpatient","isPartOf":{"@id":"https:\/\/www.apfelpatient.de\/#website"},"primaryImageOfPage":{"@id":"https:\/\/www.apfelpatient.de\/allgemein\/apple-vision-pro-2-der-richtige-schritt-dank-ki-und-m5#primaryimage"},"image":{"@id":"https:\/\/www.apfelpatient.de\/allgemein\/apple-vision-pro-2-der-richtige-schritt-dank-ki-und-m5#primaryimage"},"thumbnailUrl":"https:\/\/www.apfelpatient.de\/wp-content\/uploads\/2024\/09\/Apple-WWDC23-Tim-Cook-with-Apple-Vision-Pro.jpg","datePublished":"2024-09-28T13:43:05+00:00","dateModified":"2024-09-28T13:43:06+00:00","description":"Apple Vision Pro 2 with M5 chip &amp; AI: The next chapter in AR\/VR technology. Find out why Apple is taking the right step here.","breadcrumb":{"@id":"https:\/\/www.apfelpatient.de\/allgemein\/apple-vision-pro-2-der-richtige-schritt-dank-ki-und-m5#breadcrumb"},"inLanguage":"en-US","potentialAction":[{"@type":"ReadAction","target":["https:\/\/www.apfelpatient.de\/allgemein\/apple-vision-pro-2-der-richtige-schritt-dank-ki-und-m5"]}]},{"@type":"ImageObject","inLanguage":"en-US","@id":"https:\/\/www.apfelpatient.de\/allgemein\/apple-vision-pro-2-der-richtige-schritt-dank-ki-und-m5#primaryimage","url":"https:\/\/www.apfelpatient.de\/wp-content\/uploads\/2024\/09\/Apple-WWDC23-Tim-Cook-with-Apple-Vision-Pro.jpg","contentUrl":"https:\/\/www.apfelpatient.de\/wp-content\/uploads\/2024\/09\/Apple-WWDC23-Tim-Cook-with-Apple-Vision-Pro.jpg","width":1600,"height":1143,"caption":"Bild: Apple"},{"@type":"BreadcrumbList","@id":"https:\/\/www.apfelpatient.de\/allgemein\/apple-vision-pro-2-der-richtige-schritt-dank-ki-und-m5#breadcrumb","itemListElement":[{"@type":"ListItem","position":1,"name":"Startseite","item":"https:\/\/www.apfelpatient.de\/"},{"@type":"ListItem","position":2,"name":"Apple Vision Pro 2: Der richtige Schritt dank KI und M5"}]},{"@type":"WebSite","@id":"https:\/\/www.apfelpatient.de\/#website","url":"https:\/\/www.apfelpatient.de\/","name":"apple patient","description":"Everything about Apple!","publisher":{"@type":"Organization","@id":"https:\/\/www.apfelpatient.de\/en\/#organization","name":"Apfelpatient","url":"https:\/\/www.apfelpatient.de\/en\/"},"alternateName":"Apfelpatient","potentialAction":[{"@type":"SearchAction","target":{"@type":"EntryPoint","urlTemplate":"https:\/\/www.apfelpatient.de\/?s={search_term_string}"},"query-input":{"@type":"PropertyValueSpecification","valueRequired":true,"valueName":"search_term_string"}}],"inLanguage":"en-US"},{"@type":["Person","Organization"],"@id":"https:\/\/www.apfelpatient.de\/#\/schema\/person\/7dc56ad6c8e9824b76d2c08d4c140e13","name":"Milan","logo":{"@id":"https:\/\/www.apfelpatient.de\/#\/schema\/person\/image\/"},"description":"Hello and welcome to my technology blog! As a big Apple fan, I report on everything to do with Apple: from the latest news and exciting rumors to helpful tips and tricks and detailed product tests. If you are as enthusiastic about technology as I am, you have come to the right place!","sameAs":["https:\/\/www.facebook.com\/apfelpatientOfficial","https:\/\/www.linkedin.com\/in\/milan-jovicic-42aa0231b"],"url":"https:\/\/www.apfelpatient.de\/en\/author\/apfeladmin"}]}},"_links":{"self":[{"href":"https:\/\/www.apfelpatient.de\/en\/wp-json\/wp\/v2\/posts\/47117","targetHints":{"allow":["GET"]}}],"collection":[{"href":"https:\/\/www.apfelpatient.de\/en\/wp-json\/wp\/v2\/posts"}],"about":[{"href":"https:\/\/www.apfelpatient.de\/en\/wp-json\/wp\/v2\/types\/post"}],"author":[{"embeddable":true,"href":"https:\/\/www.apfelpatient.de\/en\/wp-json\/wp\/v2\/users\/2"}],"replies":[{"embeddable":true,"href":"https:\/\/www.apfelpatient.de\/en\/wp-json\/wp\/v2\/comments?post=47117"}],"version-history":[{"count":0,"href":"https:\/\/www.apfelpatient.de\/en\/wp-json\/wp\/v2\/posts\/47117\/revisions"}],"wp:featuredmedia":[{"embeddable":true,"href":"https:\/\/www.apfelpatient.de\/en\/wp-json\/wp\/v2\/media\/47116"}],"wp:attachment":[{"href":"https:\/\/www.apfelpatient.de\/en\/wp-json\/wp\/v2\/media?parent=47117"}],"wp:term":[{"taxonomy":"category","embeddable":true,"href":"https:\/\/www.apfelpatient.de\/en\/wp-json\/wp\/v2\/categories?post=47117"},{"taxonomy":"post_tag","embeddable":true,"href":"https:\/\/www.apfelpatient.de\/en\/wp-json\/wp\/v2\/tags?post=47117"}],"curies":[{"name":"wp","href":"https:\/\/api.w.org\/{rel}","templated":true}]}}