{"id":4710,"date":"2019-06-10T20:30:48","date_gmt":"2019-06-10T18:30:48","guid":{"rendered":"https:\/\/apfelpatient.de\/?p=4710"},"modified":"2019-06-10T20:30:48","modified_gmt":"2019-06-10T18:30:48","slug":"apple-accidentally-reveals-release-date-of-mac-pro-pro-monitor-xdr","status":"publish","type":"post","link":"https:\/\/www.apfelpatient.de\/en\/news\/apple-verraet-versehentlich-erscheinungsdatum-von-mac-pro-pro-monitor-xdr","title":{"rendered":"Apple accidentally reveals release date of Mac Pro &amp; Pro Monitor XDR"},"content":{"rendered":"<p><strong>At WWDC 2019, Apple introduced two new hardware products - the new Mac Pro and Apple Pro Monitor XDR. Now Apple has accidentally revealed the launch date on its own homepage.<\/strong><\/p>\n<p>The new devices are real high-end products from Apple - the Mac Pro 2019 and Apple Pro Monitor XDR are primarily intended to appeal to film studios and the like. The Mac Pro can be equipped with a new Intel Xeon processor and accommodate up to 28 cores. The price of the new heavyweight starts at 5,999 US dollars. The smallest model already comes with 8 cores and has 3.5 GHz - 4.0 GHz Turbo Boost. In the high-end version, the Mac Pro can be equipped with 28 cores - these clock at 2.5 GHz and a Turbo Boost of up to 4.4 GHz. As far as memory is concerned, the Mac Pro 2019 offers configurations with up to 1.5 TB of DDR4 ECC memory in 12 user-friendly DIMM slots. For graphics, there are two MPX modules that can be configured with up to four GPUs.<\/p>\n<p><strong>Apple Monitor of Superlatives<\/strong><\/p>\n<p>The new Apple Pro Monitor XDR is also impressive. The new backlight gives the display a brightness of up to 1600 nits. The 32&quot; monitor offers a resolution of 6015 x 2284 - according to Apple, this is a 6K Retina display. In order to offer true HDR, every single LED in the backlight is calibrated at the factory. The Pro Display XDR has an anti-reflective coating to control the reflected light.<\/p>\n<p class=\"p1\"><\/p>\n<p>It also has a matte option that the company calls nanotexture, where the glass is etched at the nanometer level to achieve low reflectivity and less glare. But when will the two products be released? According to Apple, the professional tool will be available from autumn. But a small spoiler from the company has revealed the exact launch date.<\/p>\n<p><strong>Apple website treacherous<\/strong><\/p>\n<p>This is not the first time that certain information has been revealed prematurely by Apple itself - the error is probably due to the technology. If you open the Mac Pro section on apple.com, you can find out more information about the professional computer - there is a &quot;notify me&quot; button. Users can enter their email address and are automatically informed about the release date. Normally, the top of this box says &quot;released this fall&quot; - but the content was changed at short notice to &quot;released this September&quot;. The error was quickly discovered and corrected in Cupertino. However, it remains unknown whether the devices will be delivered in September - it is conceivable that Apple will accept pre-orders in September and start shipping the two professional products in October. <em>(Image: Apple)<\/em><\/p>\n<div id='gallery_1' class='gallery galleryid-4710 gallery-columns-3 gallery-size-full'><figure class='gallery-item'>\n                <div class='gallery-icon landscape'>\n                    <a href='https:\/\/www.apfelpatient.de\/wp-content\/uploads\/2019\/06\/IMG_8878.jpg'><img loading=\"lazy\" decoding=\"async\" width=\"660\" height=\"468\" src=\"\" class=\"attachment-full size-full lazyload\" alt=\"\" data-src=\"https:\/\/www.apfelpatient.de\/wp-content\/uploads\/2019\/06\/IMG_8878.jpg\" data-sizes=\"auto\" data-srcset=\"\" data-expand=\"700\" \/><\/a>\n                <\/div><\/figure><figure class='gallery-item'>\n                <div class='gallery-icon landscape'>\n                    <a href='https:\/\/www.apfelpatient.de\/wp-content\/uploads\/2019\/06\/IMG_8879.jpg'><img loading=\"lazy\" decoding=\"async\" width=\"660\" height=\"429\" src=\"\" class=\"attachment-full size-full lazyload\" alt=\"\" data-src=\"https:\/\/www.apfelpatient.de\/wp-content\/uploads\/2019\/06\/IMG_8879.jpg\" data-sizes=\"auto\" data-srcset=\"\" data-expand=\"700\" \/><\/a>\n                <\/div><\/figure>\n                <br style='clear: both' \/>\n            <\/div>\n\n<h6><a href=\"https:\/\/t.me\/apfelpatient_official\"><em><strong>Don&#039;t want to miss any more news? Then subscribe to our Telegram channel here<\/strong><\/em><\/a><\/h6>","protected":false},"excerpt":{"rendered":"<p>Im Rahmen der WWDC 2019 hat Apple zwei neue Hardware Produkte vorgestellt &#8211; den neuen Mac Pro und Apple Pro Monitor XDR. Nun hat Apple versehentlich den Starttermin auf der eigenen Homepage verraten. Bei den neuen Ger\u00e4ten handelt es sich um echte High-End Produkte aus dem Hause Apple &#8211; der Mac Pro 2019 und Apple [&hellip;]<\/p>\n","protected":false},"author":2,"featured_media":4717,"comment_status":"open","ping_status":"open","sticky":false,"template":"","format":"standard","meta":{"jnews-multi-image_gallery":[],"jnews_single_post":[],"jnews_primary_category":[],"footnotes":""},"categories":[9],"tags":[290,40,234,273],"class_list":["post-4710","post","type-post","status-publish","format-standard","has-post-thumbnail","hentry","category-news","tag-apple-pro-monitor","tag-mac","tag-mac-pro","tag-wwdc-2019"],"yoast_head":"<!-- This site is optimized with the Yoast SEO Premium plugin v27.5 (Yoast SEO v27.5) - https:\/\/yoast.com\/product\/yoast-seo-premium-wordpress\/ -->\n<title>Apple verr\u00e4t versehentlich Erscheinungsdatum von Mac Pro &amp; Pro Monitor XDR Apfelpatient<\/title>\n<meta name=\"description\" content=\"- Im Rahmen der WWDC 2019 hat Apple zwei neue Hardware Produkte vorgestellt - den neuen Mac Pro und Apple Pro Monitor XDR. Nun hat Apple versehentlich den Starttermin auf der eigenen Homepage verraten.\" \/>\n<meta name=\"robots\" content=\"index, follow, max-snippet:-1, max-image-preview:large, max-video-preview:-1\" \/>\n<link rel=\"canonical\" href=\"https:\/\/www.apfelpatient.de\/en\/news\/apple-accidentally-reveals-release-date-of-mac-pro-pro-monitor-xdr\" \/>\n<meta property=\"og:locale\" content=\"en_US\" \/>\n<meta property=\"og:type\" content=\"article\" \/>\n<meta property=\"og:title\" content=\"Apple verr\u00e4t versehentlich Erscheinungsdatum von Mac Pro &amp; Pro Monitor XDR\" \/>\n<meta property=\"og:description\" content=\"- Im Rahmen der WWDC 2019 hat Apple zwei neue Hardware Produkte vorgestellt - den neuen Mac Pro und Apple Pro Monitor XDR. Nun hat Apple versehentlich den Starttermin auf der eigenen Homepage verraten.\" \/>\n<meta property=\"og:url\" content=\"https:\/\/www.apfelpatient.de\/en\/news\/apple-accidentally-reveals-release-date-of-mac-pro-pro-monitor-xdr\" \/>\n<meta property=\"og:site_name\" content=\"Apfelpatient\" \/>\n<meta property=\"article:publisher\" content=\"https:\/\/www.facebook.com\/apfelpatientOfficial\" \/>\n<meta property=\"article:author\" content=\"https:\/\/www.facebook.com\/apfelpatientOfficial\" \/>\n<meta property=\"article:published_time\" content=\"2019-06-10T18:30:48+00:00\" \/>\n<meta property=\"og:image\" content=\"https:\/\/www.apfelpatient.de\/wp-content\/uploads\/2019\/06\/Apple_Mac-Pro-Display-Pro_Display-Pro-Workflow_060319.jpg\" \/>\n\t<meta property=\"og:image:width\" content=\"1632\" \/>\n\t<meta property=\"og:image:height\" content=\"918\" \/>\n\t<meta property=\"og:image:type\" content=\"image\/jpeg\" \/>\n<meta name=\"author\" content=\"Milan\" \/>\n<meta name=\"twitter:card\" content=\"summary_large_image\" \/>\n<meta name=\"twitter:label1\" content=\"Written by\" \/>\n\t<meta name=\"twitter:data1\" content=\"Milan\" \/>\n\t<meta name=\"twitter:label2\" content=\"Est. reading time\" \/>\n\t<meta name=\"twitter:data2\" content=\"2 minutes\" \/>\n<script type=\"application\/ld+json\" class=\"yoast-schema-graph\">{\"@context\":\"https:\\\/\\\/schema.org\",\"@graph\":[{\"@type\":\"NewsArticle\",\"@id\":\"https:\\\/\\\/www.apfelpatient.de\\\/news\\\/apple-verraet-versehentlich-erscheinungsdatum-von-mac-pro-pro-monitor-xdr#article\",\"isPartOf\":{\"@id\":\"https:\\\/\\\/www.apfelpatient.de\\\/news\\\/apple-verraet-versehentlich-erscheinungsdatum-von-mac-pro-pro-monitor-xdr\"},\"author\":{\"@type\":\"Organization\",\"@id\":\"https:\\\/\\\/www.apfelpatient.de\\\/en\\\/#organization\",\"name\":\"Apfelpatient\",\"url\":\"https:\\\/\\\/www.apfelpatient.de\\\/en\\\/\"},\"headline\":\"Apple verr\u00e4t versehentlich Erscheinungsdatum von Mac Pro &#038; Pro Monitor XDR\",\"datePublished\":\"2019-06-10T18:30:48+00:00\",\"mainEntityOfPage\":{\"@id\":\"https:\\\/\\\/www.apfelpatient.de\\\/news\\\/apple-verraet-versehentlich-erscheinungsdatum-von-mac-pro-pro-monitor-xdr\"},\"wordCount\":473,\"commentCount\":0,\"publisher\":{\"@type\":\"Organization\",\"@id\":\"https:\\\/\\\/www.apfelpatient.de\\\/en\\\/#organization\",\"name\":\"Apfelpatient\",\"url\":\"https:\\\/\\\/www.apfelpatient.de\\\/en\\\/\"},\"image\":{\"@id\":\"https:\\\/\\\/www.apfelpatient.de\\\/news\\\/apple-verraet-versehentlich-erscheinungsdatum-von-mac-pro-pro-monitor-xdr#primaryimage\"},\"thumbnailUrl\":\"https:\\\/\\\/www.apfelpatient.de\\\/wp-content\\\/uploads\\\/2019\\\/06\\\/Apple_Mac-Pro-Display-Pro_Display-Pro-Workflow_060319.jpg\",\"keywords\":[\"Apple Pro Monitor\",\"Mac\",\"Mac Pro\",\"WWDC 2019\"],\"articleSection\":\"News\",\"inLanguage\":\"en-US\",\"potentialAction\":[{\"@type\":\"CommentAction\",\"name\":\"Comment\",\"target\":[\"https:\\\/\\\/www.apfelpatient.de\\\/news\\\/apple-verraet-versehentlich-erscheinungsdatum-von-mac-pro-pro-monitor-xdr#respond\"]}],\"copyrightYear\":\"2019\",\"copyrightHolder\":{\"@id\":\"https:\\\/\\\/www.apfelpatient.de\\\/en\\\/#organization\"}},{\"@type\":\"WebPage\",\"@id\":\"https:\\\/\\\/www.apfelpatient.de\\\/news\\\/apple-verraet-versehentlich-erscheinungsdatum-von-mac-pro-pro-monitor-xdr\",\"url\":\"https:\\\/\\\/www.apfelpatient.de\\\/news\\\/apple-verraet-versehentlich-erscheinungsdatum-von-mac-pro-pro-monitor-xdr\",\"name\":\"Apple verr\u00e4t versehentlich Erscheinungsdatum von Mac Pro & Pro Monitor XDR Apfelpatient\",\"isPartOf\":{\"@id\":\"https:\\\/\\\/www.apfelpatient.de\\\/#website\"},\"primaryImageOfPage\":{\"@id\":\"https:\\\/\\\/www.apfelpatient.de\\\/news\\\/apple-verraet-versehentlich-erscheinungsdatum-von-mac-pro-pro-monitor-xdr#primaryimage\"},\"image\":{\"@id\":\"https:\\\/\\\/www.apfelpatient.de\\\/news\\\/apple-verraet-versehentlich-erscheinungsdatum-von-mac-pro-pro-monitor-xdr#primaryimage\"},\"thumbnailUrl\":\"https:\\\/\\\/www.apfelpatient.de\\\/wp-content\\\/uploads\\\/2019\\\/06\\\/Apple_Mac-Pro-Display-Pro_Display-Pro-Workflow_060319.jpg\",\"datePublished\":\"2019-06-10T18:30:48+00:00\",\"description\":\"- Im Rahmen der WWDC 2019 hat Apple zwei neue Hardware Produkte vorgestellt - den neuen Mac Pro und Apple Pro Monitor XDR. Nun hat Apple versehentlich den Starttermin auf der eigenen Homepage verraten.\",\"breadcrumb\":{\"@id\":\"https:\\\/\\\/www.apfelpatient.de\\\/news\\\/apple-verraet-versehentlich-erscheinungsdatum-von-mac-pro-pro-monitor-xdr#breadcrumb\"},\"inLanguage\":\"en-US\",\"potentialAction\":[{\"@type\":\"ReadAction\",\"target\":[\"https:\\\/\\\/www.apfelpatient.de\\\/news\\\/apple-verraet-versehentlich-erscheinungsdatum-von-mac-pro-pro-monitor-xdr\"]}]},{\"@type\":\"ImageObject\",\"inLanguage\":\"en-US\",\"@id\":\"https:\\\/\\\/www.apfelpatient.de\\\/news\\\/apple-verraet-versehentlich-erscheinungsdatum-von-mac-pro-pro-monitor-xdr#primaryimage\",\"url\":\"https:\\\/\\\/www.apfelpatient.de\\\/wp-content\\\/uploads\\\/2019\\\/06\\\/Apple_Mac-Pro-Display-Pro_Display-Pro-Workflow_060319.jpg\",\"contentUrl\":\"https:\\\/\\\/www.apfelpatient.de\\\/wp-content\\\/uploads\\\/2019\\\/06\\\/Apple_Mac-Pro-Display-Pro_Display-Pro-Workflow_060319.jpg\",\"width\":1632,\"height\":918,\"caption\":\"Bild: Apple\"},{\"@type\":\"BreadcrumbList\",\"@id\":\"https:\\\/\\\/www.apfelpatient.de\\\/news\\\/apple-verraet-versehentlich-erscheinungsdatum-von-mac-pro-pro-monitor-xdr#breadcrumb\",\"itemListElement\":[{\"@type\":\"ListItem\",\"position\":1,\"name\":\"Startseite\",\"item\":\"https:\\\/\\\/www.apfelpatient.de\\\/\"},{\"@type\":\"ListItem\",\"position\":2,\"name\":\"Apple verr\u00e4t versehentlich Erscheinungsdatum von Mac Pro &#038; Pro Monitor XDR\"}]},{\"@type\":\"WebSite\",\"@id\":\"https:\\\/\\\/www.apfelpatient.de\\\/#website\",\"url\":\"https:\\\/\\\/www.apfelpatient.de\\\/\",\"name\":\"Apfelpatient\",\"description\":\"Alles rund um Apple!\",\"publisher\":{\"@type\":\"Organization\",\"@id\":\"https:\\\/\\\/www.apfelpatient.de\\\/en\\\/#organization\",\"name\":\"Apfelpatient\",\"url\":\"https:\\\/\\\/www.apfelpatient.de\\\/en\\\/\"},\"alternateName\":\"Apfelpatient\",\"potentialAction\":[{\"@type\":\"SearchAction\",\"target\":{\"@type\":\"EntryPoint\",\"urlTemplate\":\"https:\\\/\\\/www.apfelpatient.de\\\/?s={search_term_string}\"},\"query-input\":{\"@type\":\"PropertyValueSpecification\",\"valueRequired\":true,\"valueName\":\"search_term_string\"}}],\"inLanguage\":\"en-US\"},{\"@type\":[\"Person\",\"Organization\"],\"@id\":\"https:\\\/\\\/www.apfelpatient.de\\\/#\\\/schema\\\/person\\\/7dc56ad6c8e9824b76d2c08d4c140e13\",\"name\":\"Milan\",\"logo\":{\"@id\":\"https:\\\/\\\/www.apfelpatient.de\\\/#\\\/schema\\\/person\\\/image\\\/\"},\"description\":\"Hallo und herzlich willkommen auf meinem Technik-Blog! Als gro\u00dfer Apple-Fan berichte ich hier \u00fcber alles, was mit Apple zu tun hat: von den neuesten News und spannenden Ger\u00fcchten \u00fcber hilfreiche Tipps und Tricks bis hin zu ausf\u00fchrlichen Produkttests. Wenn du genauso technikbegeistert bist wie ich, bist du hier genau richtig!\",\"sameAs\":[\"https:\\\/\\\/www.facebook.com\\\/apfelpatientOfficial\",\"https:\\\/\\\/www.linkedin.com\\\/in\\\/milan-jovicic-42aa0231b\"],\"url\":\"https:\\\/\\\/www.apfelpatient.de\\\/en\\\/author\\\/apfeladmin\"}]}<\/script>\n<!-- \/ Yoast SEO Premium plugin. -->","yoast_head_json":{"title":"Apple accidentally reveals release date of Mac Pro &amp; Pro Monitor XDR Apfelpatient","description":"- At WWDC 2019, Apple introduced two new hardware products - the new Mac Pro and Apple Pro Monitor XDR. Now Apple has accidentally revealed the launch date on its own homepage.","robots":{"index":"index","follow":"follow","max-snippet":"max-snippet:-1","max-image-preview":"max-image-preview:large","max-video-preview":"max-video-preview:-1"},"canonical":"https:\/\/www.apfelpatient.de\/en\/news\/apple-accidentally-reveals-release-date-of-mac-pro-pro-monitor-xdr","og_locale":"en_US","og_type":"article","og_title":"Apple verr\u00e4t versehentlich Erscheinungsdatum von Mac Pro & Pro Monitor XDR","og_description":"- Im Rahmen der WWDC 2019 hat Apple zwei neue Hardware Produkte vorgestellt - den neuen Mac Pro und Apple Pro Monitor XDR. Nun hat Apple versehentlich den Starttermin auf der eigenen Homepage verraten.","og_url":"https:\/\/www.apfelpatient.de\/en\/news\/apple-accidentally-reveals-release-date-of-mac-pro-pro-monitor-xdr","og_site_name":"Apfelpatient","article_publisher":"https:\/\/www.facebook.com\/apfelpatientOfficial","article_author":"https:\/\/www.facebook.com\/apfelpatientOfficial","article_published_time":"2019-06-10T18:30:48+00:00","og_image":[{"width":1632,"height":918,"url":"https:\/\/www.apfelpatient.de\/wp-content\/uploads\/2019\/06\/Apple_Mac-Pro-Display-Pro_Display-Pro-Workflow_060319.jpg","type":"image\/jpeg"}],"author":"Milan","twitter_card":"summary_large_image","twitter_misc":{"Written by":"Milan","Est. reading time":"2 minutes"},"schema":{"@context":"https:\/\/schema.org","@graph":[{"@type":"NewsArticle","@id":"https:\/\/www.apfelpatient.de\/news\/apple-verraet-versehentlich-erscheinungsdatum-von-mac-pro-pro-monitor-xdr#article","isPartOf":{"@id":"https:\/\/www.apfelpatient.de\/news\/apple-verraet-versehentlich-erscheinungsdatum-von-mac-pro-pro-monitor-xdr"},"author":{"@type":"Organization","@id":"https:\/\/www.apfelpatient.de\/en\/#organization","name":"Apfelpatient","url":"https:\/\/www.apfelpatient.de\/en\/"},"headline":"Apple verr\u00e4t versehentlich Erscheinungsdatum von Mac Pro &#038; Pro Monitor XDR","datePublished":"2019-06-10T18:30:48+00:00","mainEntityOfPage":{"@id":"https:\/\/www.apfelpatient.de\/news\/apple-verraet-versehentlich-erscheinungsdatum-von-mac-pro-pro-monitor-xdr"},"wordCount":473,"commentCount":0,"publisher":{"@type":"Organization","@id":"https:\/\/www.apfelpatient.de\/en\/#organization","name":"Apfelpatient","url":"https:\/\/www.apfelpatient.de\/en\/"},"image":{"@id":"https:\/\/www.apfelpatient.de\/news\/apple-verraet-versehentlich-erscheinungsdatum-von-mac-pro-pro-monitor-xdr#primaryimage"},"thumbnailUrl":"https:\/\/www.apfelpatient.de\/wp-content\/uploads\/2019\/06\/Apple_Mac-Pro-Display-Pro_Display-Pro-Workflow_060319.jpg","keywords":["Apple Pro Monitor","Mac","Mac Pro","WWDC 2019"],"articleSection":"News","inLanguage":"en-US","potentialAction":[{"@type":"CommentAction","name":"Comment","target":["https:\/\/www.apfelpatient.de\/news\/apple-verraet-versehentlich-erscheinungsdatum-von-mac-pro-pro-monitor-xdr#respond"]}],"copyrightYear":"2019","copyrightHolder":{"@id":"https:\/\/www.apfelpatient.de\/en\/#organization"}},{"@type":"WebPage","@id":"https:\/\/www.apfelpatient.de\/news\/apple-verraet-versehentlich-erscheinungsdatum-von-mac-pro-pro-monitor-xdr","url":"https:\/\/www.apfelpatient.de\/news\/apple-verraet-versehentlich-erscheinungsdatum-von-mac-pro-pro-monitor-xdr","name":"Apple accidentally reveals release date of Mac Pro &amp; Pro Monitor XDR Apfelpatient","isPartOf":{"@id":"https:\/\/www.apfelpatient.de\/#website"},"primaryImageOfPage":{"@id":"https:\/\/www.apfelpatient.de\/news\/apple-verraet-versehentlich-erscheinungsdatum-von-mac-pro-pro-monitor-xdr#primaryimage"},"image":{"@id":"https:\/\/www.apfelpatient.de\/news\/apple-verraet-versehentlich-erscheinungsdatum-von-mac-pro-pro-monitor-xdr#primaryimage"},"thumbnailUrl":"https:\/\/www.apfelpatient.de\/wp-content\/uploads\/2019\/06\/Apple_Mac-Pro-Display-Pro_Display-Pro-Workflow_060319.jpg","datePublished":"2019-06-10T18:30:48+00:00","description":"- At WWDC 2019, Apple introduced two new hardware products - the new Mac Pro and Apple Pro Monitor XDR. Now Apple has accidentally revealed the launch date on its own homepage.","breadcrumb":{"@id":"https:\/\/www.apfelpatient.de\/news\/apple-verraet-versehentlich-erscheinungsdatum-von-mac-pro-pro-monitor-xdr#breadcrumb"},"inLanguage":"en-US","potentialAction":[{"@type":"ReadAction","target":["https:\/\/www.apfelpatient.de\/news\/apple-verraet-versehentlich-erscheinungsdatum-von-mac-pro-pro-monitor-xdr"]}]},{"@type":"ImageObject","inLanguage":"en-US","@id":"https:\/\/www.apfelpatient.de\/news\/apple-verraet-versehentlich-erscheinungsdatum-von-mac-pro-pro-monitor-xdr#primaryimage","url":"https:\/\/www.apfelpatient.de\/wp-content\/uploads\/2019\/06\/Apple_Mac-Pro-Display-Pro_Display-Pro-Workflow_060319.jpg","contentUrl":"https:\/\/www.apfelpatient.de\/wp-content\/uploads\/2019\/06\/Apple_Mac-Pro-Display-Pro_Display-Pro-Workflow_060319.jpg","width":1632,"height":918,"caption":"Bild: Apple"},{"@type":"BreadcrumbList","@id":"https:\/\/www.apfelpatient.de\/news\/apple-verraet-versehentlich-erscheinungsdatum-von-mac-pro-pro-monitor-xdr#breadcrumb","itemListElement":[{"@type":"ListItem","position":1,"name":"Startseite","item":"https:\/\/www.apfelpatient.de\/"},{"@type":"ListItem","position":2,"name":"Apple verr\u00e4t versehentlich Erscheinungsdatum von Mac Pro &#038; Pro Monitor XDR"}]},{"@type":"WebSite","@id":"https:\/\/www.apfelpatient.de\/#website","url":"https:\/\/www.apfelpatient.de\/","name":"apple patient","description":"Everything about Apple!","publisher":{"@type":"Organization","@id":"https:\/\/www.apfelpatient.de\/en\/#organization","name":"Apfelpatient","url":"https:\/\/www.apfelpatient.de\/en\/"},"alternateName":"Apfelpatient","potentialAction":[{"@type":"SearchAction","target":{"@type":"EntryPoint","urlTemplate":"https:\/\/www.apfelpatient.de\/?s={search_term_string}"},"query-input":{"@type":"PropertyValueSpecification","valueRequired":true,"valueName":"search_term_string"}}],"inLanguage":"en-US"},{"@type":["Person","Organization"],"@id":"https:\/\/www.apfelpatient.de\/#\/schema\/person\/7dc56ad6c8e9824b76d2c08d4c140e13","name":"Milan","logo":{"@id":"https:\/\/www.apfelpatient.de\/#\/schema\/person\/image\/"},"description":"Hello and welcome to my technology blog! As a big Apple fan, I report on everything to do with Apple: from the latest news and exciting rumors to helpful tips and tricks and detailed product tests. If you are as enthusiastic about technology as I am, you have come to the right place!","sameAs":["https:\/\/www.facebook.com\/apfelpatientOfficial","https:\/\/www.linkedin.com\/in\/milan-jovicic-42aa0231b"],"url":"https:\/\/www.apfelpatient.de\/en\/author\/apfeladmin"}]}},"_links":{"self":[{"href":"https:\/\/www.apfelpatient.de\/en\/wp-json\/wp\/v2\/posts\/4710","targetHints":{"allow":["GET"]}}],"collection":[{"href":"https:\/\/www.apfelpatient.de\/en\/wp-json\/wp\/v2\/posts"}],"about":[{"href":"https:\/\/www.apfelpatient.de\/en\/wp-json\/wp\/v2\/types\/post"}],"author":[{"embeddable":true,"href":"https:\/\/www.apfelpatient.de\/en\/wp-json\/wp\/v2\/users\/2"}],"replies":[{"embeddable":true,"href":"https:\/\/www.apfelpatient.de\/en\/wp-json\/wp\/v2\/comments?post=4710"}],"version-history":[{"count":0,"href":"https:\/\/www.apfelpatient.de\/en\/wp-json\/wp\/v2\/posts\/4710\/revisions"}],"wp:featuredmedia":[{"embeddable":true,"href":"https:\/\/www.apfelpatient.de\/en\/wp-json\/wp\/v2\/media\/4717"}],"wp:attachment":[{"href":"https:\/\/www.apfelpatient.de\/en\/wp-json\/wp\/v2\/media?parent=4710"}],"wp:term":[{"taxonomy":"category","embeddable":true,"href":"https:\/\/www.apfelpatient.de\/en\/wp-json\/wp\/v2\/categories?post=4710"},{"taxonomy":"post_tag","embeddable":true,"href":"https:\/\/www.apfelpatient.de\/en\/wp-json\/wp\/v2\/tags?post=4710"}],"curies":[{"name":"wp","href":"https:\/\/api.w.org\/{rel}","templated":true}]}}