{"id":47072,"date":"2024-09-25T00:15:44","date_gmt":"2024-09-24T22:15:44","guid":{"rendered":"https:\/\/www.apfelpatient.de\/?p=47072"},"modified":"2024-09-25T00:15:45","modified_gmt":"2024-09-24T22:15:45","slug":"apple-imac-the-larger-all-in-one-desktop-returns","status":"publish","type":"post","link":"https:\/\/www.apfelpatient.de\/en\/allgemein\/apple-imac-kommt-der-groessere-all-in-one-desktop-zurueck","title":{"rendered":"Apple iMac: Is the larger all-in-one desktop coming back?"},"content":{"rendered":"<p class=\"has-drop-cap\"><strong>Apple fans and technology enthusiasts have been curious about the future of the iMac for years. Since the discontinuation of the 27-inch iMac as part of the switch from Intel processors to Apple&#039;s own silicon chips, the question has been: will there ever be a larger iMac again? Currently, Apple only offers the 24-inch iMac, which leaves many users looking for more screen space unhappy. Below we summarize the latest rumors and speculation surrounding the return of a larger iMac. The question remains: what does Apple have planned for the future?<\/strong><\/p>\n\n\n\n<p>There hasn&#039;t been a larger iMac model on the market for over two and a half years, which has been a step backwards for many users, especially creative professionals and power users who appreciated the larger workspace of the 27-inch model. Instead, Apple now recommends using the standalone Studio Display with the Mac Studio or Mac mini. But there are rumors that Apple may be working on an even larger iMac model that could fill the gap. So what&#039;s the truth behind these rumors?<\/p>\n\n\n\n<h4 class=\"wp-block-heading\" id=\"h-aktuelle-imac-modelle-ein-uberblick\">Current iMac Models: An Overview<\/h4>\n\n\n\n<p>The 24-inch iMac is currently Apple&#039;s only all-in-one desktop model. It is designed to provide a fast, seamless experience with the M chip. While the device is sufficient for everyday tasks and even some professional applications, many users miss the larger screen area that the 27-inch iMac used to offer. Apple has shifted its focus for now to separate desktop solutions, such as the Mac Studio combined with the Studio Display or the Mac mini.<\/p>\n\n\n\n<h4 class=\"wp-block-heading\" id=\"h-was-sagt-apple-selbst\">What does Apple itself say?<\/h4>\n\n\n\n<p>In November 2022, Apple officially announced that there are no plans to release a new 27-inch iMac using Apple Silicon chips. This news came as a surprise to many, as many had hoped that Apple would develop a larger model to succeed the popular 27-inch iMac. Instead, Apple suggested that users could combine the Studio Display with a Mac Studio or Mac mini for a larger display option.<\/p>\n\n\n\n<h4 class=\"wp-block-heading\" id=\"h-geruchte-uber-einen-32-zoll-imac\">Rumors about a 32-inch iMac<\/h4>\n\n\n\n<p>Despite Apple&#039;s official statements, speculation continues. Both Bloomberg&#039;s Mark Gurman and well-known Apple analyst Ming-Chi Kuo suggested that Apple is working on a 32-inch iMac. Kuo even went so far as to claim that this new iMac could feature a mini-LED backlight, which offers some distinct advantages over traditional LCD technology:<\/p>\n\n\n\n<ul class=\"wp-block-list\">\n<li>Higher brightness: Mini-LEDs enable much higher peak brightness, which delivers impressive results, especially with HDR content.<\/li>\n\n\n\n<li>Better contrast ratio: Blacks appear deeper and bright areas appear clearer.<\/li>\n\n\n\n<li>Energy efficiency: Despite the improved performance, mini LEDs are more efficient in energy consumption.<\/li>\n<\/ul>\n\n\n\n<p>There has been speculation that this larger iMac could possibly launch in late 2024 or 2025. However, there has been no new information on this model for some time, which raises the question of whether Apple is going ahead with the plans.<\/p>\n\n\n\n<h4 class=\"wp-block-heading\" id=\"h-wird-der-grossere-imac-jemals-kommen\">Will the larger iMac ever come?<\/h4>\n\n\n\n<p>In August 2023, Mark Gurman reported that Apple is still considering a larger iMac. Whether this will be a model with the upcoming M4 chip or if it will appear later is unclear. Apple could be in the early stages of development, and it is possible that the project will either be postponed or realized in another form. It remains to be seen which direction Apple will take.<\/p>\n\n\n\n<h4 class=\"wp-block-heading\" id=\"h-was-erwartet-uns-in-der-zwischenzeit\">What awaits us in the meantime?<\/h4>\n\n\n\n<p>While rumors are rife about the larger iMac, several other Apple products are set to receive an upcoming update. The 24-inch iMac will reportedly receive an upgrade to the M4 chip in October 2024. New versions of the MacBook Pro and Mac mini could also be released along with this update.<\/p>\n\n\n\n<h3 class=\"wp-block-heading\" id=\"h-kommt-der-grossere-imac-zuruck-alles-was-wir-bisher-wissen\">Is the larger iMac coming back? Everything we know so far<\/h3>\n\n\n\n<p class=\"translation-block\">The future of the iMac remains exciting. While there&#039;s currently no concrete timeline for the return of a larger model, rumors of a possible 32-inch iMac suggest Apple hasn&#039;t given up on the idea. Creative professionals and power users will have to remain patient, however, and in the meantime, either rely on the 24-inch iMac or separate display solutions. Overall, the question remains: Will Apple bring back a larger iMac? The answer seems to lie in the distant future, but the possibility remains. Stay tuned for upcoming announcements and updates, as Apple is always good for surprises. Looking for the best accessories? Visit <a href=\"https:\/\/www.amazon.de\/shop\/apfelpatientofficial\" target=\"_blank\" rel=\"noreferrer noopener follow\" data-wpel-link=\"exclude\">our Amazon Storefront<\/a> and discover a variety of products from top suppliers, including HomeKit-compatible ones! (Photo by Unsplash \/ Quaritsch Photography)<\/p>\n\n\n\n<ul class=\"wp-block-list\">\n<li><a href=\"https:\/\/www.apfelpatient.de\/en\/generally\/apple-in-october-what-to-expect-next\">Apple in October: What to expect next<\/a><\/li>\n<\/ul>\n\n\n\n<h6 class=\"wp-block-heading translation-block\" id=\"h-kennt-ihr-schon-unsere-amazon-storefront-dort-findet-ihr-eine-handverlesene-auswahl-von-diversen-produkten-f-r-euer-iphone-und-co-viel-spa-beim-st-bern\"><em>Have you already visited our Amazon Storefront? There you&#039;ll find a hand-picked selection of various products for your iPhone and other devices \u2013 <span class=\"has-inline-color has-vivid-red-color\"><a href=\"https:\/\/www.amazon.de\/shop\/apfelpatientofficial\" class=\"ek-link\" data-wpel-link=\"exclude\" rel=\"follow noopener\" target=\"_self\"><span style=\"text-decoration: underline\" class=\"ek-underline\">enjoy browsing<\/span><\/a> !<\/span><\/em><\/h6>\n\n\n\n<h6 class=\"wp-block-heading translation-block\" id=\"h-der-beitrag-enthalt-partnerlinks\">This post contains <a data-type=\"URL\" data-id=\"https:\/\/www.apfelpatient.de\/partnerprogramm\" href=\"https:\/\/www.apfelpatient.de\/en\/partner-program\" data-wpel-link=\"internal\" target=\"_self\">affiliate links<\/a>.<\/h6>","protected":false},"excerpt":{"rendered":"<p>The future of the iMac: Will there be a bigger iMac soon? Everything we know about the possible 32-inch iMac.<\/p>","protected":false},"author":2,"featured_media":47071,"comment_status":"closed","ping_status":"closed","sticky":false,"template":"","format":"standard","meta":{"jnews-multi-image_gallery":[],"jnews_single_post":{"format":"standard","override":[{"template":"2","parallax":"1","fullscreen":"1","layout":"right-sidebar","sidebar":"default-sidebar","second_sidebar":"default-sidebar","sticky_sidebar":"1","share_position":"top","share_float_style":"share-monocrhome","show_featured":"1","show_post_meta":"1","show_post_author":"1","show_post_author_image":"1","show_post_date":"1","post_date_format":"default","post_date_format_custom":"Y\/m\/d","show_post_category":"1","show_post_reading_time":"0","post_reading_time_wpm":"300","post_calculate_word_method":"str_word_count","show_zoom_button":"0","zoom_button_out_step":"2","zoom_button_in_step":"3","show_post_tag":"1","show_prev_next_post":"1","show_popup_post":"1","number_popup_post":"1","show_author_box":"0","show_post_related":"0","show_inline_post_related":"0"}],"image_override":[{"single_post_thumbnail_size":"crop-500","single_post_gallery_size":"crop-500"}],"trending_post_position":"meta","trending_post_label":"Trending","sponsored_post_label":"Sponsored by","disable_ad":"0"},"jnews_primary_category":{"id":"2"},"footnotes":""},"categories":[2],"tags":[72,40],"class_list":["post-47072","post","type-post","status-publish","format-standard","has-post-thumbnail","hentry","category-allgemein","tag-imac","tag-mac"],"yoast_head":"<!-- This site is optimized with the Yoast SEO Premium plugin v27.5 (Yoast SEO v27.5) - https:\/\/yoast.com\/product\/yoast-seo-premium-wordpress\/ -->\n<title>Apple iMac: Kommt der gr\u00f6\u00dfere All-in-One-Desktop zur\u00fcck? Apfelpatient<\/title>\n<meta name=\"description\" content=\"Die Zukunft des iMac: Wird es bald einen gr\u00f6\u00dferen iMac geben? Alles, was wir \u00fcber den m\u00f6glichen 32-Zoll-iMac wissen.\" \/>\n<meta name=\"robots\" content=\"index, follow, max-snippet:-1, max-image-preview:large, max-video-preview:-1\" \/>\n<link rel=\"canonical\" href=\"https:\/\/www.apfelpatient.de\/en\/generally\/apple-imac-the-larger-all-in-one-desktop-returns\" \/>\n<meta property=\"og:locale\" content=\"en_US\" \/>\n<meta property=\"og:type\" content=\"article\" \/>\n<meta property=\"og:title\" content=\"Apple iMac: Kommt der gr\u00f6\u00dfere All-in-One-Desktop zur\u00fcck?\" \/>\n<meta property=\"og:description\" content=\"Die Zukunft des iMac: Wird es bald einen gr\u00f6\u00dferen iMac geben? Alles, was wir \u00fcber den m\u00f6glichen 32-Zoll-iMac wissen.\" \/>\n<meta property=\"og:url\" content=\"https:\/\/www.apfelpatient.de\/en\/generally\/apple-imac-the-larger-all-in-one-desktop-returns\" \/>\n<meta property=\"og:site_name\" content=\"Apfelpatient\" \/>\n<meta property=\"article:publisher\" content=\"https:\/\/www.facebook.com\/apfelpatientOfficial\" \/>\n<meta property=\"article:author\" content=\"https:\/\/www.facebook.com\/apfelpatientOfficial\" \/>\n<meta property=\"article:published_time\" content=\"2024-09-24T22:15:44+00:00\" \/>\n<meta property=\"article:modified_time\" content=\"2024-09-24T22:15:45+00:00\" \/>\n<meta property=\"og:image\" content=\"https:\/\/www.apfelpatient.de\/wp-content\/uploads\/2024\/09\/quaritsch-photography-Ecd6OssiX5A-unsplash.jpg\" \/>\n\t<meta property=\"og:image:width\" content=\"1600\" \/>\n\t<meta property=\"og:image:height\" content=\"1067\" \/>\n\t<meta property=\"og:image:type\" content=\"image\/jpeg\" \/>\n<meta name=\"author\" content=\"Milan\" \/>\n<meta name=\"twitter:card\" content=\"summary_large_image\" \/>\n<meta name=\"twitter:description\" content=\"Die Zukunft des iMac: Wird es bald einen gr\u00f6\u00dferen iMac geben? Alles, was wir \u00fcber den m\u00f6glichen 32-Zoll-iMac wissen.\" \/>\n<meta name=\"twitter:label1\" content=\"Written by\" \/>\n\t<meta name=\"twitter:data1\" content=\"Milan\" \/>\n\t<meta name=\"twitter:label2\" content=\"Est. reading time\" \/>\n\t<meta name=\"twitter:data2\" content=\"5 minutes\" \/>\n<script type=\"application\/ld+json\" class=\"yoast-schema-graph\">{\"@context\":\"https:\\\/\\\/schema.org\",\"@graph\":[{\"@type\":\"NewsArticle\",\"@id\":\"https:\\\/\\\/www.apfelpatient.de\\\/allgemein\\\/apple-imac-kommt-der-groessere-all-in-one-desktop-zurueck#article\",\"isPartOf\":{\"@id\":\"https:\\\/\\\/www.apfelpatient.de\\\/allgemein\\\/apple-imac-kommt-der-groessere-all-in-one-desktop-zurueck\"},\"author\":{\"@type\":\"Organization\",\"@id\":\"https:\\\/\\\/www.apfelpatient.de\\\/en\\\/#organization\",\"name\":\"Apfelpatient\",\"url\":\"https:\\\/\\\/www.apfelpatient.de\\\/en\\\/\"},\"headline\":\"Apple iMac: Kommt der gr\u00f6\u00dfere All-in-One-Desktop zur\u00fcck?\",\"datePublished\":\"2024-09-24T22:15:44+00:00\",\"dateModified\":\"2024-09-24T22:15:45+00:00\",\"mainEntityOfPage\":{\"@id\":\"https:\\\/\\\/www.apfelpatient.de\\\/allgemein\\\/apple-imac-kommt-der-groessere-all-in-one-desktop-zurueck\"},\"wordCount\":794,\"publisher\":{\"@type\":\"Organization\",\"@id\":\"https:\\\/\\\/www.apfelpatient.de\\\/en\\\/#organization\",\"name\":\"Apfelpatient\",\"url\":\"https:\\\/\\\/www.apfelpatient.de\\\/en\\\/\"},\"image\":{\"@id\":\"https:\\\/\\\/www.apfelpatient.de\\\/allgemein\\\/apple-imac-kommt-der-groessere-all-in-one-desktop-zurueck#primaryimage\"},\"thumbnailUrl\":\"https:\\\/\\\/www.apfelpatient.de\\\/wp-content\\\/uploads\\\/2024\\\/09\\\/quaritsch-photography-Ecd6OssiX5A-unsplash.jpg\",\"keywords\":[\"iMac\",\"Mac\"],\"articleSection\":\"Allgemein\",\"inLanguage\":\"en-US\",\"copyrightYear\":\"2024\",\"copyrightHolder\":{\"@id\":\"https:\\\/\\\/www.apfelpatient.de\\\/en\\\/#organization\"}},{\"@type\":\"WebPage\",\"@id\":\"https:\\\/\\\/www.apfelpatient.de\\\/allgemein\\\/apple-imac-kommt-der-groessere-all-in-one-desktop-zurueck\",\"url\":\"https:\\\/\\\/www.apfelpatient.de\\\/allgemein\\\/apple-imac-kommt-der-groessere-all-in-one-desktop-zurueck\",\"name\":\"Apple iMac: Kommt der gr\u00f6\u00dfere All-in-One-Desktop zur\u00fcck? Apfelpatient\",\"isPartOf\":{\"@id\":\"https:\\\/\\\/www.apfelpatient.de\\\/#website\"},\"primaryImageOfPage\":{\"@id\":\"https:\\\/\\\/www.apfelpatient.de\\\/allgemein\\\/apple-imac-kommt-der-groessere-all-in-one-desktop-zurueck#primaryimage\"},\"image\":{\"@id\":\"https:\\\/\\\/www.apfelpatient.de\\\/allgemein\\\/apple-imac-kommt-der-groessere-all-in-one-desktop-zurueck#primaryimage\"},\"thumbnailUrl\":\"https:\\\/\\\/www.apfelpatient.de\\\/wp-content\\\/uploads\\\/2024\\\/09\\\/quaritsch-photography-Ecd6OssiX5A-unsplash.jpg\",\"datePublished\":\"2024-09-24T22:15:44+00:00\",\"dateModified\":\"2024-09-24T22:15:45+00:00\",\"description\":\"Die Zukunft des iMac: Wird es bald einen gr\u00f6\u00dferen iMac geben? Alles, was wir \u00fcber den m\u00f6glichen 32-Zoll-iMac wissen.\",\"breadcrumb\":{\"@id\":\"https:\\\/\\\/www.apfelpatient.de\\\/allgemein\\\/apple-imac-kommt-der-groessere-all-in-one-desktop-zurueck#breadcrumb\"},\"inLanguage\":\"en-US\",\"potentialAction\":[{\"@type\":\"ReadAction\",\"target\":[\"https:\\\/\\\/www.apfelpatient.de\\\/allgemein\\\/apple-imac-kommt-der-groessere-all-in-one-desktop-zurueck\"]}]},{\"@type\":\"ImageObject\",\"inLanguage\":\"en-US\",\"@id\":\"https:\\\/\\\/www.apfelpatient.de\\\/allgemein\\\/apple-imac-kommt-der-groessere-all-in-one-desktop-zurueck#primaryimage\",\"url\":\"https:\\\/\\\/www.apfelpatient.de\\\/wp-content\\\/uploads\\\/2024\\\/09\\\/quaritsch-photography-Ecd6OssiX5A-unsplash.jpg\",\"contentUrl\":\"https:\\\/\\\/www.apfelpatient.de\\\/wp-content\\\/uploads\\\/2024\\\/09\\\/quaritsch-photography-Ecd6OssiX5A-unsplash.jpg\",\"width\":1600,\"height\":1067,\"caption\":\"Photo by Unsplash \\\/ Quaritsch Photography\"},{\"@type\":\"BreadcrumbList\",\"@id\":\"https:\\\/\\\/www.apfelpatient.de\\\/allgemein\\\/apple-imac-kommt-der-groessere-all-in-one-desktop-zurueck#breadcrumb\",\"itemListElement\":[{\"@type\":\"ListItem\",\"position\":1,\"name\":\"Startseite\",\"item\":\"https:\\\/\\\/www.apfelpatient.de\\\/\"},{\"@type\":\"ListItem\",\"position\":2,\"name\":\"Apple iMac: Kommt der gr\u00f6\u00dfere All-in-One-Desktop zur\u00fcck?\"}]},{\"@type\":\"WebSite\",\"@id\":\"https:\\\/\\\/www.apfelpatient.de\\\/#website\",\"url\":\"https:\\\/\\\/www.apfelpatient.de\\\/\",\"name\":\"Apfelpatient\",\"description\":\"Alles rund um Apple!\",\"publisher\":{\"@type\":\"Organization\",\"@id\":\"https:\\\/\\\/www.apfelpatient.de\\\/en\\\/#organization\",\"name\":\"Apfelpatient\",\"url\":\"https:\\\/\\\/www.apfelpatient.de\\\/en\\\/\"},\"alternateName\":\"Apfelpatient\",\"potentialAction\":[{\"@type\":\"SearchAction\",\"target\":{\"@type\":\"EntryPoint\",\"urlTemplate\":\"https:\\\/\\\/www.apfelpatient.de\\\/?s={search_term_string}\"},\"query-input\":{\"@type\":\"PropertyValueSpecification\",\"valueRequired\":true,\"valueName\":\"search_term_string\"}}],\"inLanguage\":\"en-US\"},{\"@type\":[\"Person\",\"Organization\"],\"@id\":\"https:\\\/\\\/www.apfelpatient.de\\\/#\\\/schema\\\/person\\\/7dc56ad6c8e9824b76d2c08d4c140e13\",\"name\":\"Milan\",\"logo\":{\"@id\":\"https:\\\/\\\/www.apfelpatient.de\\\/#\\\/schema\\\/person\\\/image\\\/\"},\"description\":\"Hallo und herzlich willkommen auf meinem Technik-Blog! Als gro\u00dfer Apple-Fan berichte ich hier \u00fcber alles, was mit Apple zu tun hat: von den neuesten News und spannenden Ger\u00fcchten \u00fcber hilfreiche Tipps und Tricks bis hin zu ausf\u00fchrlichen Produkttests. Wenn du genauso technikbegeistert bist wie ich, bist du hier genau richtig!\",\"sameAs\":[\"https:\\\/\\\/www.facebook.com\\\/apfelpatientOfficial\",\"https:\\\/\\\/www.linkedin.com\\\/in\\\/milan-jovicic-42aa0231b\"],\"url\":\"https:\\\/\\\/www.apfelpatient.de\\\/en\\\/author\\\/apfeladmin\"}]}<\/script>\n<!-- \/ Yoast SEO Premium plugin. -->","yoast_head_json":{"title":"Apple iMac: Is the larger all-in-one desktop coming back? Apfelpatient","description":"The future of the iMac: Will there be a bigger iMac soon? Everything we know about the possible 32-inch iMac.","robots":{"index":"index","follow":"follow","max-snippet":"max-snippet:-1","max-image-preview":"max-image-preview:large","max-video-preview":"max-video-preview:-1"},"canonical":"https:\/\/www.apfelpatient.de\/en\/generally\/apple-imac-the-larger-all-in-one-desktop-returns","og_locale":"en_US","og_type":"article","og_title":"Apple iMac: Kommt der gr\u00f6\u00dfere All-in-One-Desktop zur\u00fcck?","og_description":"Die Zukunft des iMac: Wird es bald einen gr\u00f6\u00dferen iMac geben? Alles, was wir \u00fcber den m\u00f6glichen 32-Zoll-iMac wissen.","og_url":"https:\/\/www.apfelpatient.de\/en\/generally\/apple-imac-the-larger-all-in-one-desktop-returns","og_site_name":"Apfelpatient","article_publisher":"https:\/\/www.facebook.com\/apfelpatientOfficial","article_author":"https:\/\/www.facebook.com\/apfelpatientOfficial","article_published_time":"2024-09-24T22:15:44+00:00","article_modified_time":"2024-09-24T22:15:45+00:00","og_image":[{"width":1600,"height":1067,"url":"https:\/\/www.apfelpatient.de\/wp-content\/uploads\/2024\/09\/quaritsch-photography-Ecd6OssiX5A-unsplash.jpg","type":"image\/jpeg"}],"author":"Milan","twitter_card":"summary_large_image","twitter_description":"Die Zukunft des iMac: Wird es bald einen gr\u00f6\u00dferen iMac geben? Alles, was wir \u00fcber den m\u00f6glichen 32-Zoll-iMac wissen.","twitter_misc":{"Written by":"Milan","Est. reading time":"5 minutes"},"schema":{"@context":"https:\/\/schema.org","@graph":[{"@type":"NewsArticle","@id":"https:\/\/www.apfelpatient.de\/allgemein\/apple-imac-kommt-der-groessere-all-in-one-desktop-zurueck#article","isPartOf":{"@id":"https:\/\/www.apfelpatient.de\/allgemein\/apple-imac-kommt-der-groessere-all-in-one-desktop-zurueck"},"author":{"@type":"Organization","@id":"https:\/\/www.apfelpatient.de\/en\/#organization","name":"Apfelpatient","url":"https:\/\/www.apfelpatient.de\/en\/"},"headline":"Apple iMac: Kommt der gr\u00f6\u00dfere All-in-One-Desktop zur\u00fcck?","datePublished":"2024-09-24T22:15:44+00:00","dateModified":"2024-09-24T22:15:45+00:00","mainEntityOfPage":{"@id":"https:\/\/www.apfelpatient.de\/allgemein\/apple-imac-kommt-der-groessere-all-in-one-desktop-zurueck"},"wordCount":794,"publisher":{"@type":"Organization","@id":"https:\/\/www.apfelpatient.de\/en\/#organization","name":"Apfelpatient","url":"https:\/\/www.apfelpatient.de\/en\/"},"image":{"@id":"https:\/\/www.apfelpatient.de\/allgemein\/apple-imac-kommt-der-groessere-all-in-one-desktop-zurueck#primaryimage"},"thumbnailUrl":"https:\/\/www.apfelpatient.de\/wp-content\/uploads\/2024\/09\/quaritsch-photography-Ecd6OssiX5A-unsplash.jpg","keywords":["iMac","Mac"],"articleSection":"Allgemein","inLanguage":"en-US","copyrightYear":"2024","copyrightHolder":{"@id":"https:\/\/www.apfelpatient.de\/en\/#organization"}},{"@type":"WebPage","@id":"https:\/\/www.apfelpatient.de\/allgemein\/apple-imac-kommt-der-groessere-all-in-one-desktop-zurueck","url":"https:\/\/www.apfelpatient.de\/allgemein\/apple-imac-kommt-der-groessere-all-in-one-desktop-zurueck","name":"Apple iMac: Is the larger all-in-one desktop coming back? Apfelpatient","isPartOf":{"@id":"https:\/\/www.apfelpatient.de\/#website"},"primaryImageOfPage":{"@id":"https:\/\/www.apfelpatient.de\/allgemein\/apple-imac-kommt-der-groessere-all-in-one-desktop-zurueck#primaryimage"},"image":{"@id":"https:\/\/www.apfelpatient.de\/allgemein\/apple-imac-kommt-der-groessere-all-in-one-desktop-zurueck#primaryimage"},"thumbnailUrl":"https:\/\/www.apfelpatient.de\/wp-content\/uploads\/2024\/09\/quaritsch-photography-Ecd6OssiX5A-unsplash.jpg","datePublished":"2024-09-24T22:15:44+00:00","dateModified":"2024-09-24T22:15:45+00:00","description":"The future of the iMac: Will there be a bigger iMac soon? Everything we know about the possible 32-inch iMac.","breadcrumb":{"@id":"https:\/\/www.apfelpatient.de\/allgemein\/apple-imac-kommt-der-groessere-all-in-one-desktop-zurueck#breadcrumb"},"inLanguage":"en-US","potentialAction":[{"@type":"ReadAction","target":["https:\/\/www.apfelpatient.de\/allgemein\/apple-imac-kommt-der-groessere-all-in-one-desktop-zurueck"]}]},{"@type":"ImageObject","inLanguage":"en-US","@id":"https:\/\/www.apfelpatient.de\/allgemein\/apple-imac-kommt-der-groessere-all-in-one-desktop-zurueck#primaryimage","url":"https:\/\/www.apfelpatient.de\/wp-content\/uploads\/2024\/09\/quaritsch-photography-Ecd6OssiX5A-unsplash.jpg","contentUrl":"https:\/\/www.apfelpatient.de\/wp-content\/uploads\/2024\/09\/quaritsch-photography-Ecd6OssiX5A-unsplash.jpg","width":1600,"height":1067,"caption":"Photo by Unsplash \/ Quaritsch Photography"},{"@type":"BreadcrumbList","@id":"https:\/\/www.apfelpatient.de\/allgemein\/apple-imac-kommt-der-groessere-all-in-one-desktop-zurueck#breadcrumb","itemListElement":[{"@type":"ListItem","position":1,"name":"Startseite","item":"https:\/\/www.apfelpatient.de\/"},{"@type":"ListItem","position":2,"name":"Apple iMac: Kommt der gr\u00f6\u00dfere All-in-One-Desktop zur\u00fcck?"}]},{"@type":"WebSite","@id":"https:\/\/www.apfelpatient.de\/#website","url":"https:\/\/www.apfelpatient.de\/","name":"apple patient","description":"Everything about Apple!","publisher":{"@type":"Organization","@id":"https:\/\/www.apfelpatient.de\/en\/#organization","name":"Apfelpatient","url":"https:\/\/www.apfelpatient.de\/en\/"},"alternateName":"Apfelpatient","potentialAction":[{"@type":"SearchAction","target":{"@type":"EntryPoint","urlTemplate":"https:\/\/www.apfelpatient.de\/?s={search_term_string}"},"query-input":{"@type":"PropertyValueSpecification","valueRequired":true,"valueName":"search_term_string"}}],"inLanguage":"en-US"},{"@type":["Person","Organization"],"@id":"https:\/\/www.apfelpatient.de\/#\/schema\/person\/7dc56ad6c8e9824b76d2c08d4c140e13","name":"Milan","logo":{"@id":"https:\/\/www.apfelpatient.de\/#\/schema\/person\/image\/"},"description":"Hello and welcome to my technology blog! As a big Apple fan, I report on everything to do with Apple: from the latest news and exciting rumors to helpful tips and tricks and detailed product tests. If you are as enthusiastic about technology as I am, you have come to the right place!","sameAs":["https:\/\/www.facebook.com\/apfelpatientOfficial","https:\/\/www.linkedin.com\/in\/milan-jovicic-42aa0231b"],"url":"https:\/\/www.apfelpatient.de\/en\/author\/apfeladmin"}]}},"_links":{"self":[{"href":"https:\/\/www.apfelpatient.de\/en\/wp-json\/wp\/v2\/posts\/47072","targetHints":{"allow":["GET"]}}],"collection":[{"href":"https:\/\/www.apfelpatient.de\/en\/wp-json\/wp\/v2\/posts"}],"about":[{"href":"https:\/\/www.apfelpatient.de\/en\/wp-json\/wp\/v2\/types\/post"}],"author":[{"embeddable":true,"href":"https:\/\/www.apfelpatient.de\/en\/wp-json\/wp\/v2\/users\/2"}],"replies":[{"embeddable":true,"href":"https:\/\/www.apfelpatient.de\/en\/wp-json\/wp\/v2\/comments?post=47072"}],"version-history":[{"count":0,"href":"https:\/\/www.apfelpatient.de\/en\/wp-json\/wp\/v2\/posts\/47072\/revisions"}],"wp:featuredmedia":[{"embeddable":true,"href":"https:\/\/www.apfelpatient.de\/en\/wp-json\/wp\/v2\/media\/47071"}],"wp:attachment":[{"href":"https:\/\/www.apfelpatient.de\/en\/wp-json\/wp\/v2\/media?parent=47072"}],"wp:term":[{"taxonomy":"category","embeddable":true,"href":"https:\/\/www.apfelpatient.de\/en\/wp-json\/wp\/v2\/categories?post=47072"},{"taxonomy":"post_tag","embeddable":true,"href":"https:\/\/www.apfelpatient.de\/en\/wp-json\/wp\/v2\/tags?post=47072"}],"curies":[{"name":"wp","href":"https:\/\/api.w.org\/{rel}","templated":true}]}}