{"id":47041,"date":"2024-09-23T19:08:15","date_gmt":"2024-09-23T17:08:15","guid":{"rendered":"https:\/\/www.apfelpatient.de\/?p=47041"},"modified":"2024-09-23T19:08:16","modified_gmt":"2024-09-23T17:08:16","slug":"vintage-outdated-these-12-mac-models-from-apple-are-affected","status":"publish","type":"post","link":"https:\/\/www.apfelpatient.de\/en\/news\/vintage-veraltet-diese-12-mac-modelle-von-apple-sind-betroffen","title":{"rendered":"Vintage &amp; outdated: These 12 Apple Mac models are affected"},"content":{"rendered":"<p class=\"has-drop-cap\"><strong>Apple recently added 12 Mac models to its &quot;vintage&quot; and &quot;obsolete&quot; product lists. This change affects some popular devices that were released several years ago and have since been removed from official sale. Below you will find out which models are affected and what this means for you as a user.<\/strong><\/p>\n\n\n\n<p>When Apple classifies a product as &quot;vintage&quot; or &quot;obsolete,&quot; it means that there are certain limitations on repair and support. Devices considered &quot;vintage&quot; are older than five years, while &quot;obsolete&quot; products are more than seven years old. This classification affects the availability of spare parts and repair services.<\/p>\n\n\n\n<h4 class=\"wp-block-heading\" id=\"h-neue-vintage-produkte\">New \u201cVintage\u201d products<\/h4>\n\n\n\n<p>Apple has classified three Mac models as \u201cvintage,\u201d including:<\/p>\n\n\n\n<ul class=\"wp-block-list\">\n<li>MacBook Air (Retina, 13-inch, 2018)<\/li>\n\n\n\n<li>MacBook Pro (13-inch, 2017, 2 Thunderbolt 3 ports)<\/li>\n\n\n\n<li>MacBook Pro (13-inch, 2018, 4 Thunderbolt 3 ports)<\/li>\n<\/ul>\n\n\n\n<p>These devices can still be repaired as long as replacement parts are available. Apple offers service for up to two years after the rating.<\/p>\n\n\n\n<h4 class=\"wp-block-heading\" id=\"h-neue-veraltete-produkte\">New \u201cobsolete\u201d products<\/h4>\n\n\n\n<p>Nine other Mac models were classified as \u201cobsolete.\u201d These include:<\/p>\n\n\n\n<ul class=\"wp-block-list\">\n<li>MacBook (Retina, 12-inch, Early 2016)<\/li>\n\n\n\n<li>MacBook Air (13-inch, early 2015)<\/li>\n\n\n\n<li>MacBook Pro (13-inch, 2016, 2 Thunderbolt 3 ports)<\/li>\n\n\n\n<li>MacBook Pro (13-inch, 2016, 4 Thunderbolt 3 ports)<\/li>\n\n\n\n<li>MacBook Pro (15-inch, 2016)<\/li>\n\n\n\n<li>MacBook Pro (Retina, 13-inch, Early 2015)<\/li>\n\n\n\n<li>iMac (21.5 inches, late 2015)<\/li>\n\n\n\n<li>iMac (Retina 4K, 21.5 inches, late 2015)<\/li>\n\n\n\n<li>iMac (Retina 5K, 27 inches, late 2015)<\/li>\n<\/ul>\n\n\n\n<p>Apple and authorized service partners generally no longer repair outdated products. One exception is the battery replacement for MacBooks, which is possible up to ten years after the device was last sold.<\/p>\n\n\n\n<h4 class=\"wp-block-heading\" id=\"h-was-heisst-das-fur-dich\">What does this mean for you?<\/h4>\n\n\n\n<p>If you have one of the <a href=\"https:\/\/support.apple.com\/en-us\/102772\" target=\"_blank\" rel=\"noreferrer noopener\">mentioned<\/a> If you own a device, you should be prepared for support to be limited. With &quot;vintage&quot; products, you still have a certain amount of time to have repairs carried out. For &quot;outdated&quot; products, on the other hand, it will be difficult to obtain official spare parts. It might be worth considering upgrading to a more recent model, especially if you continue to use your device intensively.<\/p>\n\n\n\n<h3 class=\"wp-block-heading\" id=\"h-was-tun-wenn-dein-apple-gerat-als-vintage-oder-veraltet-gilt\">What to do if your Apple device is considered vintage or obsolete?<\/h3>\n\n\n\n<p>Apple regularly updates its lists of &quot;vintage&quot; and &quot;obsolete&quot; products to make room for new technology. If your Mac is on one of these lists, you should consider how you want to continue to handle it - whether that&#039;s by repairing it, finding replacement parts, or upgrading. This will ensure you continue to get the most out of your Apple device. (Photo by Unsplash+ \/ Devin Nelson)<\/p>\n\n\n\n<ul class=\"wp-block-list\">\n<li><a href=\"https:\/\/www.apfelpatient.de\/en\/news\/apple-officially-classifies-iphone-x-homepod-airpods-as-vintage\">Apple officially classifies iPhone X, HomePod &amp; AirPods as \u201cVintage\u201d<\/a><\/li>\n<\/ul>\n\n\n\n<h6 class=\"wp-block-heading translation-block\" id=\"h-kennt-ihr-schon-unsere-amazon-storefront-dort-findet-ihr-eine-handverlesene-auswahl-von-diversen-produkten-f-r-euer-iphone-und-co-viel-spa-beim-st-bern\"><em>Have you already visited our Amazon Storefront? There you&#039;ll find a hand-picked selection of various products for your iPhone and other devices \u2013 <span class=\"has-inline-color has-vivid-red-color\"><a href=\"https:\/\/www.amazon.de\/shop\/apfelpatientofficial\" class=\"ek-link\" data-wpel-link=\"exclude\" rel=\"follow noopener\" target=\"_self\"><span style=\"text-decoration: underline\" class=\"ek-underline\">enjoy browsing<\/span><\/a> !<\/span><\/em><\/h6>\n\n\n\n<h6 class=\"wp-block-heading translation-block\" id=\"h-der-beitrag-enthalt-partnerlinks\">This post contains <a data-type=\"URL\" data-id=\"https:\/\/www.apfelpatient.de\/partnerprogramm\" href=\"https:\/\/www.apfelpatient.de\/en\/partner-program\" data-wpel-link=\"internal\" target=\"_self\">affiliate links<\/a>.<\/h6>","protected":false},"excerpt":{"rendered":"<p>Apple has marked 12 Macs as vintage or obsolete. Find out if your device is affected and what options you have.<\/p>","protected":false},"author":2,"featured_media":47040,"comment_status":"closed","ping_status":"closed","sticky":false,"template":"","format":"standard","meta":{"jnews-multi-image_gallery":[],"jnews_single_post":{"format":"standard","override":[{"template":"2","parallax":"1","fullscreen":"1","layout":"right-sidebar","sidebar":"default-sidebar","second_sidebar":"default-sidebar","sticky_sidebar":"1","share_position":"top","share_float_style":"share-monocrhome","show_featured":"1","show_post_meta":"1","show_post_author":"1","show_post_author_image":"1","show_post_date":"1","post_date_format":"default","post_date_format_custom":"Y\/m\/d","show_post_category":"1","show_post_reading_time":"0","post_reading_time_wpm":"300","post_calculate_word_method":"str_word_count","show_zoom_button":"0","zoom_button_out_step":"2","zoom_button_in_step":"3","show_post_tag":"1","show_prev_next_post":"1","show_popup_post":"1","number_popup_post":"1","show_author_box":"0","show_post_related":"0","show_inline_post_related":"0"}],"image_override":[{"single_post_thumbnail_size":"crop-500","single_post_gallery_size":"crop-500"}],"trending_post_position":"meta","trending_post_label":"Trending","sponsored_post_label":"Sponsored by","disable_ad":"0"},"jnews_primary_category":{"id":"9"},"footnotes":""},"categories":[9],"tags":[40],"class_list":["post-47041","post","type-post","status-publish","format-standard","has-post-thumbnail","hentry","category-news","tag-mac"],"yoast_head":"<!-- This site is optimized with the Yoast SEO Premium plugin v27.5 (Yoast SEO v27.5) - https:\/\/yoast.com\/product\/yoast-seo-premium-wordpress\/ -->\n<title>Vintage &amp; veraltet: Diese 12 Mac-Modelle von Apple sind betroffen Apfelpatient<\/title>\n<meta name=\"description\" content=\"Apple hat 12 Macs als Vintage oder veraltet markiert. Erfahre hier, ob dein Ger\u00e4t betroffen ist und welche Optionen du hast.\" \/>\n<meta name=\"robots\" content=\"index, follow, max-snippet:-1, max-image-preview:large, max-video-preview:-1\" \/>\n<link rel=\"canonical\" href=\"https:\/\/www.apfelpatient.de\/en\/news\/vintage-outdated-these-12-mac-models-from-apple-are-affected\" \/>\n<meta property=\"og:locale\" content=\"en_US\" \/>\n<meta property=\"og:type\" content=\"article\" \/>\n<meta property=\"og:title\" content=\"Vintage &amp; veraltet: Diese 12 Mac-Modelle von Apple sind betroffen\" \/>\n<meta property=\"og:description\" content=\"Apple hat 12 Macs als Vintage oder veraltet markiert. Erfahre hier, ob dein Ger\u00e4t betroffen ist und welche Optionen du hast.\" \/>\n<meta property=\"og:url\" content=\"https:\/\/www.apfelpatient.de\/en\/news\/vintage-outdated-these-12-mac-models-from-apple-are-affected\" \/>\n<meta property=\"og:site_name\" content=\"Apfelpatient\" \/>\n<meta property=\"article:publisher\" content=\"https:\/\/www.facebook.com\/apfelpatientOfficial\" \/>\n<meta property=\"article:author\" content=\"https:\/\/www.facebook.com\/apfelpatientOfficial\" \/>\n<meta property=\"article:published_time\" content=\"2024-09-23T17:08:15+00:00\" \/>\n<meta property=\"article:modified_time\" content=\"2024-09-23T17:08:16+00:00\" \/>\n<meta property=\"og:image\" content=\"https:\/\/www.apfelpatient.de\/wp-content\/uploads\/2024\/09\/devin-nelson-XejujRN6qk0-unsplash.jpg\" \/>\n\t<meta property=\"og:image:width\" content=\"1600\" \/>\n\t<meta property=\"og:image:height\" content=\"1067\" \/>\n\t<meta property=\"og:image:type\" content=\"image\/jpeg\" \/>\n<meta name=\"author\" content=\"Milan\" \/>\n<meta name=\"twitter:card\" content=\"summary_large_image\" \/>\n<meta name=\"twitter:description\" content=\"Apple hat 12 Macs als Vintage oder veraltet markiert. Erfahre hier, ob dein Ger\u00e4t betroffen ist und welche Optionen du hast.\" \/>\n<meta name=\"twitter:label1\" content=\"Written by\" \/>\n\t<meta name=\"twitter:data1\" content=\"Milan\" \/>\n\t<meta name=\"twitter:label2\" content=\"Est. reading time\" \/>\n\t<meta name=\"twitter:data2\" content=\"3 minutes\" \/>\n<script type=\"application\/ld+json\" class=\"yoast-schema-graph\">{\"@context\":\"https:\\\/\\\/schema.org\",\"@graph\":[{\"@type\":\"NewsArticle\",\"@id\":\"https:\\\/\\\/www.apfelpatient.de\\\/news\\\/vintage-veraltet-diese-12-mac-modelle-von-apple-sind-betroffen#article\",\"isPartOf\":{\"@id\":\"https:\\\/\\\/www.apfelpatient.de\\\/news\\\/vintage-veraltet-diese-12-mac-modelle-von-apple-sind-betroffen\"},\"author\":{\"@type\":\"Organization\",\"@id\":\"https:\\\/\\\/www.apfelpatient.de\\\/en\\\/#organization\",\"name\":\"Apfelpatient\",\"url\":\"https:\\\/\\\/www.apfelpatient.de\\\/en\\\/\"},\"headline\":\"Vintage &#038; veraltet: Diese 12 Mac-Modelle von Apple sind betroffen\",\"datePublished\":\"2024-09-23T17:08:15+00:00\",\"dateModified\":\"2024-09-23T17:08:16+00:00\",\"mainEntityOfPage\":{\"@id\":\"https:\\\/\\\/www.apfelpatient.de\\\/news\\\/vintage-veraltet-diese-12-mac-modelle-von-apple-sind-betroffen\"},\"wordCount\":431,\"publisher\":{\"@type\":\"Organization\",\"@id\":\"https:\\\/\\\/www.apfelpatient.de\\\/en\\\/#organization\",\"name\":\"Apfelpatient\",\"url\":\"https:\\\/\\\/www.apfelpatient.de\\\/en\\\/\"},\"image\":{\"@id\":\"https:\\\/\\\/www.apfelpatient.de\\\/news\\\/vintage-veraltet-diese-12-mac-modelle-von-apple-sind-betroffen#primaryimage\"},\"thumbnailUrl\":\"https:\\\/\\\/www.apfelpatient.de\\\/wp-content\\\/uploads\\\/2024\\\/09\\\/devin-nelson-XejujRN6qk0-unsplash.jpg\",\"keywords\":[\"Mac\"],\"articleSection\":\"News\",\"inLanguage\":\"en-US\",\"copyrightYear\":\"2024\",\"copyrightHolder\":{\"@id\":\"https:\\\/\\\/www.apfelpatient.de\\\/en\\\/#organization\"}},{\"@type\":\"WebPage\",\"@id\":\"https:\\\/\\\/www.apfelpatient.de\\\/news\\\/vintage-veraltet-diese-12-mac-modelle-von-apple-sind-betroffen\",\"url\":\"https:\\\/\\\/www.apfelpatient.de\\\/news\\\/vintage-veraltet-diese-12-mac-modelle-von-apple-sind-betroffen\",\"name\":\"Vintage & veraltet: Diese 12 Mac-Modelle von Apple sind betroffen Apfelpatient\",\"isPartOf\":{\"@id\":\"https:\\\/\\\/www.apfelpatient.de\\\/#website\"},\"primaryImageOfPage\":{\"@id\":\"https:\\\/\\\/www.apfelpatient.de\\\/news\\\/vintage-veraltet-diese-12-mac-modelle-von-apple-sind-betroffen#primaryimage\"},\"image\":{\"@id\":\"https:\\\/\\\/www.apfelpatient.de\\\/news\\\/vintage-veraltet-diese-12-mac-modelle-von-apple-sind-betroffen#primaryimage\"},\"thumbnailUrl\":\"https:\\\/\\\/www.apfelpatient.de\\\/wp-content\\\/uploads\\\/2024\\\/09\\\/devin-nelson-XejujRN6qk0-unsplash.jpg\",\"datePublished\":\"2024-09-23T17:08:15+00:00\",\"dateModified\":\"2024-09-23T17:08:16+00:00\",\"description\":\"Apple hat 12 Macs als Vintage oder veraltet markiert. Erfahre hier, ob dein Ger\u00e4t betroffen ist und welche Optionen du hast.\",\"breadcrumb\":{\"@id\":\"https:\\\/\\\/www.apfelpatient.de\\\/news\\\/vintage-veraltet-diese-12-mac-modelle-von-apple-sind-betroffen#breadcrumb\"},\"inLanguage\":\"en-US\",\"potentialAction\":[{\"@type\":\"ReadAction\",\"target\":[\"https:\\\/\\\/www.apfelpatient.de\\\/news\\\/vintage-veraltet-diese-12-mac-modelle-von-apple-sind-betroffen\"]}]},{\"@type\":\"ImageObject\",\"inLanguage\":\"en-US\",\"@id\":\"https:\\\/\\\/www.apfelpatient.de\\\/news\\\/vintage-veraltet-diese-12-mac-modelle-von-apple-sind-betroffen#primaryimage\",\"url\":\"https:\\\/\\\/www.apfelpatient.de\\\/wp-content\\\/uploads\\\/2024\\\/09\\\/devin-nelson-XejujRN6qk0-unsplash.jpg\",\"contentUrl\":\"https:\\\/\\\/www.apfelpatient.de\\\/wp-content\\\/uploads\\\/2024\\\/09\\\/devin-nelson-XejujRN6qk0-unsplash.jpg\",\"width\":1600,\"height\":1067,\"caption\":\"Photo by Unsplash+ \\\/ Devin Nelson\"},{\"@type\":\"BreadcrumbList\",\"@id\":\"https:\\\/\\\/www.apfelpatient.de\\\/news\\\/vintage-veraltet-diese-12-mac-modelle-von-apple-sind-betroffen#breadcrumb\",\"itemListElement\":[{\"@type\":\"ListItem\",\"position\":1,\"name\":\"Startseite\",\"item\":\"https:\\\/\\\/www.apfelpatient.de\\\/\"},{\"@type\":\"ListItem\",\"position\":2,\"name\":\"Vintage &#038; veraltet: Diese 12 Mac-Modelle von Apple sind betroffen\"}]},{\"@type\":\"WebSite\",\"@id\":\"https:\\\/\\\/www.apfelpatient.de\\\/#website\",\"url\":\"https:\\\/\\\/www.apfelpatient.de\\\/\",\"name\":\"Apfelpatient\",\"description\":\"Alles rund um Apple!\",\"publisher\":{\"@type\":\"Organization\",\"@id\":\"https:\\\/\\\/www.apfelpatient.de\\\/en\\\/#organization\",\"name\":\"Apfelpatient\",\"url\":\"https:\\\/\\\/www.apfelpatient.de\\\/en\\\/\"},\"alternateName\":\"Apfelpatient\",\"potentialAction\":[{\"@type\":\"SearchAction\",\"target\":{\"@type\":\"EntryPoint\",\"urlTemplate\":\"https:\\\/\\\/www.apfelpatient.de\\\/?s={search_term_string}\"},\"query-input\":{\"@type\":\"PropertyValueSpecification\",\"valueRequired\":true,\"valueName\":\"search_term_string\"}}],\"inLanguage\":\"en-US\"},{\"@type\":[\"Person\",\"Organization\"],\"@id\":\"https:\\\/\\\/www.apfelpatient.de\\\/#\\\/schema\\\/person\\\/35b3ddba5832f2bfc7fff5206d4f6b7b\",\"name\":\"Milan\",\"logo\":{\"@id\":\"https:\\\/\\\/www.apfelpatient.de\\\/#\\\/schema\\\/person\\\/image\\\/\"},\"description\":\"Hallo und herzlich willkommen auf meinem Technik-Blog! Als gro\u00dfer Apple-Fan berichte ich hier \u00fcber alles, was mit Apple zu tun hat: von den neuesten News und spannenden Ger\u00fcchten \u00fcber hilfreiche Tipps und Tricks bis hin zu ausf\u00fchrlichen Produkttests. Wenn du genauso technikbegeistert bist wie ich, bist du hier genau richtig!\",\"sameAs\":[\"https:\\\/\\\/www.facebook.com\\\/apfelpatientOfficial\",\"https:\\\/\\\/www.linkedin.com\\\/in\\\/milan-jovicic-42aa0231b\"],\"url\":\"https:\\\/\\\/www.apfelpatient.de\\\/en\\\/author\\\/apfeladmin\"}]}<\/script>\n<!-- \/ Yoast SEO Premium plugin. -->","yoast_head_json":{"title":"Vintage &amp; outdated: These 12 Mac models from Apple are affected Apfelpatient","description":"Apple has marked 12 Macs as vintage or obsolete. Find out if your device is affected and what options you have.","robots":{"index":"index","follow":"follow","max-snippet":"max-snippet:-1","max-image-preview":"max-image-preview:large","max-video-preview":"max-video-preview:-1"},"canonical":"https:\/\/www.apfelpatient.de\/en\/news\/vintage-outdated-these-12-mac-models-from-apple-are-affected","og_locale":"en_US","og_type":"article","og_title":"Vintage & veraltet: Diese 12 Mac-Modelle von Apple sind betroffen","og_description":"Apple hat 12 Macs als Vintage oder veraltet markiert. Erfahre hier, ob dein Ger\u00e4t betroffen ist und welche Optionen du hast.","og_url":"https:\/\/www.apfelpatient.de\/en\/news\/vintage-outdated-these-12-mac-models-from-apple-are-affected","og_site_name":"Apfelpatient","article_publisher":"https:\/\/www.facebook.com\/apfelpatientOfficial","article_author":"https:\/\/www.facebook.com\/apfelpatientOfficial","article_published_time":"2024-09-23T17:08:15+00:00","article_modified_time":"2024-09-23T17:08:16+00:00","og_image":[{"width":1600,"height":1067,"url":"https:\/\/www.apfelpatient.de\/wp-content\/uploads\/2024\/09\/devin-nelson-XejujRN6qk0-unsplash.jpg","type":"image\/jpeg"}],"author":"Milan","twitter_card":"summary_large_image","twitter_description":"Apple hat 12 Macs als Vintage oder veraltet markiert. Erfahre hier, ob dein Ger\u00e4t betroffen ist und welche Optionen du hast.","twitter_misc":{"Written by":"Milan","Est. reading time":"3 minutes"},"schema":{"@context":"https:\/\/schema.org","@graph":[{"@type":"NewsArticle","@id":"https:\/\/www.apfelpatient.de\/news\/vintage-veraltet-diese-12-mac-modelle-von-apple-sind-betroffen#article","isPartOf":{"@id":"https:\/\/www.apfelpatient.de\/news\/vintage-veraltet-diese-12-mac-modelle-von-apple-sind-betroffen"},"author":{"@type":"Organization","@id":"https:\/\/www.apfelpatient.de\/en\/#organization","name":"Apfelpatient","url":"https:\/\/www.apfelpatient.de\/en\/"},"headline":"Vintage &#038; veraltet: Diese 12 Mac-Modelle von Apple sind betroffen","datePublished":"2024-09-23T17:08:15+00:00","dateModified":"2024-09-23T17:08:16+00:00","mainEntityOfPage":{"@id":"https:\/\/www.apfelpatient.de\/news\/vintage-veraltet-diese-12-mac-modelle-von-apple-sind-betroffen"},"wordCount":431,"publisher":{"@type":"Organization","@id":"https:\/\/www.apfelpatient.de\/en\/#organization","name":"Apfelpatient","url":"https:\/\/www.apfelpatient.de\/en\/"},"image":{"@id":"https:\/\/www.apfelpatient.de\/news\/vintage-veraltet-diese-12-mac-modelle-von-apple-sind-betroffen#primaryimage"},"thumbnailUrl":"https:\/\/www.apfelpatient.de\/wp-content\/uploads\/2024\/09\/devin-nelson-XejujRN6qk0-unsplash.jpg","keywords":["Mac"],"articleSection":"News","inLanguage":"en-US","copyrightYear":"2024","copyrightHolder":{"@id":"https:\/\/www.apfelpatient.de\/en\/#organization"}},{"@type":"WebPage","@id":"https:\/\/www.apfelpatient.de\/news\/vintage-veraltet-diese-12-mac-modelle-von-apple-sind-betroffen","url":"https:\/\/www.apfelpatient.de\/news\/vintage-veraltet-diese-12-mac-modelle-von-apple-sind-betroffen","name":"Vintage &amp; outdated: These 12 Mac models from Apple are affected Apfelpatient","isPartOf":{"@id":"https:\/\/www.apfelpatient.de\/#website"},"primaryImageOfPage":{"@id":"https:\/\/www.apfelpatient.de\/news\/vintage-veraltet-diese-12-mac-modelle-von-apple-sind-betroffen#primaryimage"},"image":{"@id":"https:\/\/www.apfelpatient.de\/news\/vintage-veraltet-diese-12-mac-modelle-von-apple-sind-betroffen#primaryimage"},"thumbnailUrl":"https:\/\/www.apfelpatient.de\/wp-content\/uploads\/2024\/09\/devin-nelson-XejujRN6qk0-unsplash.jpg","datePublished":"2024-09-23T17:08:15+00:00","dateModified":"2024-09-23T17:08:16+00:00","description":"Apple has marked 12 Macs as vintage or obsolete. Find out if your device is affected and what options you have.","breadcrumb":{"@id":"https:\/\/www.apfelpatient.de\/news\/vintage-veraltet-diese-12-mac-modelle-von-apple-sind-betroffen#breadcrumb"},"inLanguage":"en-US","potentialAction":[{"@type":"ReadAction","target":["https:\/\/www.apfelpatient.de\/news\/vintage-veraltet-diese-12-mac-modelle-von-apple-sind-betroffen"]}]},{"@type":"ImageObject","inLanguage":"en-US","@id":"https:\/\/www.apfelpatient.de\/news\/vintage-veraltet-diese-12-mac-modelle-von-apple-sind-betroffen#primaryimage","url":"https:\/\/www.apfelpatient.de\/wp-content\/uploads\/2024\/09\/devin-nelson-XejujRN6qk0-unsplash.jpg","contentUrl":"https:\/\/www.apfelpatient.de\/wp-content\/uploads\/2024\/09\/devin-nelson-XejujRN6qk0-unsplash.jpg","width":1600,"height":1067,"caption":"Photo by Unsplash+ \/ Devin Nelson"},{"@type":"BreadcrumbList","@id":"https:\/\/www.apfelpatient.de\/news\/vintage-veraltet-diese-12-mac-modelle-von-apple-sind-betroffen#breadcrumb","itemListElement":[{"@type":"ListItem","position":1,"name":"Startseite","item":"https:\/\/www.apfelpatient.de\/"},{"@type":"ListItem","position":2,"name":"Vintage &#038; veraltet: Diese 12 Mac-Modelle von Apple sind betroffen"}]},{"@type":"WebSite","@id":"https:\/\/www.apfelpatient.de\/#website","url":"https:\/\/www.apfelpatient.de\/","name":"apple patient","description":"Everything about Apple!","publisher":{"@type":"Organization","@id":"https:\/\/www.apfelpatient.de\/en\/#organization","name":"Apfelpatient","url":"https:\/\/www.apfelpatient.de\/en\/"},"alternateName":"Apfelpatient","potentialAction":[{"@type":"SearchAction","target":{"@type":"EntryPoint","urlTemplate":"https:\/\/www.apfelpatient.de\/?s={search_term_string}"},"query-input":{"@type":"PropertyValueSpecification","valueRequired":true,"valueName":"search_term_string"}}],"inLanguage":"en-US"},{"@type":["Person","Organization"],"@id":"https:\/\/www.apfelpatient.de\/#\/schema\/person\/35b3ddba5832f2bfc7fff5206d4f6b7b","name":"Milan","logo":{"@id":"https:\/\/www.apfelpatient.de\/#\/schema\/person\/image\/"},"description":"Hello and welcome to my technology blog! As a big Apple fan, I report on everything to do with Apple: from the latest news and exciting rumors to helpful tips and tricks and detailed product tests. If you are as enthusiastic about technology as I am, you have come to the right place!","sameAs":["https:\/\/www.facebook.com\/apfelpatientOfficial","https:\/\/www.linkedin.com\/in\/milan-jovicic-42aa0231b"],"url":"https:\/\/www.apfelpatient.de\/en\/author\/apfeladmin"}]}},"_links":{"self":[{"href":"https:\/\/www.apfelpatient.de\/en\/wp-json\/wp\/v2\/posts\/47041","targetHints":{"allow":["GET"]}}],"collection":[{"href":"https:\/\/www.apfelpatient.de\/en\/wp-json\/wp\/v2\/posts"}],"about":[{"href":"https:\/\/www.apfelpatient.de\/en\/wp-json\/wp\/v2\/types\/post"}],"author":[{"embeddable":true,"href":"https:\/\/www.apfelpatient.de\/en\/wp-json\/wp\/v2\/users\/2"}],"replies":[{"embeddable":true,"href":"https:\/\/www.apfelpatient.de\/en\/wp-json\/wp\/v2\/comments?post=47041"}],"version-history":[{"count":0,"href":"https:\/\/www.apfelpatient.de\/en\/wp-json\/wp\/v2\/posts\/47041\/revisions"}],"wp:featuredmedia":[{"embeddable":true,"href":"https:\/\/www.apfelpatient.de\/en\/wp-json\/wp\/v2\/media\/47040"}],"wp:attachment":[{"href":"https:\/\/www.apfelpatient.de\/en\/wp-json\/wp\/v2\/media?parent=47041"}],"wp:term":[{"taxonomy":"category","embeddable":true,"href":"https:\/\/www.apfelpatient.de\/en\/wp-json\/wp\/v2\/categories?post=47041"},{"taxonomy":"post_tag","embeddable":true,"href":"https:\/\/www.apfelpatient.de\/en\/wp-json\/wp\/v2\/tags?post=47041"}],"curies":[{"name":"wp","href":"https:\/\/api.w.org\/{rel}","templated":true}]}}