{"id":4686,"date":"2019-06-06T16:45:36","date_gmt":"2019-06-06T14:45:36","guid":{"rendered":"https:\/\/apfelpatient.de\/?p=4686"},"modified":"2025-02-06T07:36:35","modified_gmt":"2025-02-06T06:36:35","slug":"macos-10-15-catalina-sidecar-is-apparently-not-compatible-on-every-mac-model","status":"publish","type":"post","link":"https:\/\/www.apfelpatient.de\/en\/news\/macos-10-15-catalina-sidecar-ist-offenbar-nicht-auf-jedem-mac-modell-kompatibel","title":{"rendered":"macOS 10.15 Catalina \u2013 Sidecar is apparently not compatible on every Mac model"},"content":{"rendered":"<p><strong>Sidecar is a feature in macOS 10.15 Catalina that allows an iPad to be connected to a Mac as an additional display. However, the feature will initially be limited to a small selection of newer Macs - this can be seen from the first beta of the new operating system.<\/strong><\/p>\n<p>Sidecar was introduced on Monday at WWDC 2019 as part of macOS Catalina and is a feature that is available on macOS and <a href=\"https:\/\/www.apfelpatient.de\/en\">iPadOS<\/a> can be found. The feature can be used both via cable and wirelessly and turns the iPad into a mirrored display or a second screen - including the ability to use the iPad itself as a graphics tablet together with the Apple Pencil. On Wednesday, developer Steve Trougton-Smith published on Twitter the results of an investigation into the first macOS Catalina developer preview. This also includes a list of devices on which Sidecar is supported.<\/p>\n<p class=\"p1\"><\/p>\n<p>According to Troughton-Smith, Sidecar is supported on the Late 2015 iMac 27-inch, 2016 MacBook Pro, 2018 Mac mini, new Mac Pro, 2018 MacBook Air, Early 2016 MacBook, and newer models.<\/p>\n<p><strong>Older Macs could be unlocked later<\/strong><\/p>\n<p>All incompatible Mac devices are listed on the blacklist with a note. According to this, the developer tried to start Sidecar via the terminal on older Macs - in vain. It is unclear why Apple is limiting the availability of Sidecar to newer Mac devices, but since this is only the first beta version of macOS Catalina, it is possible that Apple could retroactively introduce support for earlier models before the release of macOS Catalina in the fall of this year. Here you can find out whether your Mac is compatible with <a href=\"https:\/\/www.apfelpatient.de\/en\">macOS 10.15 Catalina compatible<\/a> is.<em> (Image: Apple)<\/em><\/p>\n<h6><a href=\"https:\/\/t.me\/apfelpatient_official\"><em><strong>Don&#039;t want to miss any more news? Then subscribe to our Telegram channel here<\/strong><\/em><\/a><\/h6>","protected":false},"excerpt":{"rendered":"<p>Sidecar ist eine Funktion unter macOS 10.15 Catalina, die es erlaubt ein iPad als zus\u00e4tzliches Display an einen Mac zu koppeln. Das Feature soll jedoch zun\u00e4chst auf eine kleine Auswahl neuerer Macs beschr\u00e4nkt sein &#8211; dies ist aus der ersten Beta des neuen Betriebssystems zu entnehmen. Sidecar wurde am Montag im Rahmen der WWDC 2019 [&hellip;]<\/p>\n","protected":false},"author":2,"featured_media":4687,"comment_status":"open","ping_status":"open","sticky":false,"template":"","format":"standard","meta":{"jnews-multi-image_gallery":[],"jnews_single_post":[],"jnews_primary_category":[],"footnotes":""},"categories":[9],"tags":[18,33,40,4,289],"class_list":["post-4686","post","type-post","status-publish","format-standard","has-post-thumbnail","hentry","category-news","tag-ipad","tag-ipados","tag-mac","tag-macos","tag-macos-10-15-catalina"],"yoast_head":"<!-- This site is optimized with the Yoast SEO Premium plugin v27.5 (Yoast SEO v27.5) - https:\/\/yoast.com\/product\/yoast-seo-premium-wordpress\/ -->\n<title>macOS 10.15 Catalina - Sidecar ist offenbar nicht auf jedem Mac Modell kompatibel Apfelpatient<\/title>\n<meta name=\"description\" content=\"- Sidecar ist eine Funktion unter macOS 10.15 Catalina, die es erlaubt ein iPad als zus\u00e4tzliches Display an einen Mac zu koppeln. Das Feature soll jedoch zun\u00e4chst auf eine kleine Auswahl neuerer Macs beschr\u00e4nkt sein - dies ist aus der ersten Beta des neuen Betriebssystems zu entnehmen.\" \/>\n<meta name=\"robots\" content=\"index, follow, max-snippet:-1, max-image-preview:large, max-video-preview:-1\" \/>\n<link rel=\"canonical\" href=\"https:\/\/www.apfelpatient.de\/en\/news\/macos-10-15-catalina-sidecar-is-apparently-not-compatible-on-every-mac-model\" \/>\n<meta property=\"og:locale\" content=\"en_US\" \/>\n<meta property=\"og:type\" content=\"article\" \/>\n<meta property=\"og:title\" content=\"macOS 10.15 Catalina - Sidecar ist offenbar nicht auf jedem Mac Modell kompatibel\" \/>\n<meta property=\"og:description\" content=\"- Sidecar ist eine Funktion unter macOS 10.15 Catalina, die es erlaubt ein iPad als zus\u00e4tzliches Display an einen Mac zu koppeln. Das Feature soll jedoch zun\u00e4chst auf eine kleine Auswahl neuerer Macs beschr\u00e4nkt sein - dies ist aus der ersten Beta des neuen Betriebssystems zu entnehmen.\" \/>\n<meta property=\"og:url\" content=\"https:\/\/www.apfelpatient.de\/en\/news\/macos-10-15-catalina-sidecar-is-apparently-not-compatible-on-every-mac-model\" \/>\n<meta property=\"og:site_name\" content=\"Apfelpatient\" \/>\n<meta property=\"article:publisher\" content=\"https:\/\/www.facebook.com\/apfelpatientOfficial\" \/>\n<meta property=\"article:author\" content=\"https:\/\/www.facebook.com\/apfelpatientOfficial\" \/>\n<meta property=\"article:published_time\" content=\"2019-06-06T14:45:36+00:00\" \/>\n<meta property=\"article:modified_time\" content=\"2025-02-06T06:36:35+00:00\" \/>\n<meta property=\"og:image\" content=\"https:\/\/www.apfelpatient.de\/wp-content\/uploads\/2019\/06\/Apple-previews-macOS-Catalina-sidecar-with-iPad-Pro-06032019.jpg\" \/>\n\t<meta property=\"og:image:width\" content=\"1632\" \/>\n\t<meta property=\"og:image:height\" content=\"918\" \/>\n\t<meta property=\"og:image:type\" content=\"image\/jpeg\" \/>\n<meta name=\"author\" content=\"Milan\" \/>\n<meta name=\"twitter:card\" content=\"summary_large_image\" \/>\n<meta name=\"twitter:label1\" content=\"Written by\" \/>\n\t<meta name=\"twitter:data1\" content=\"Milan\" \/>\n\t<meta name=\"twitter:label2\" content=\"Est. reading time\" \/>\n\t<meta name=\"twitter:data2\" content=\"2 minutes\" \/>\n<script type=\"application\/ld+json\" class=\"yoast-schema-graph\">{\"@context\":\"https:\\\/\\\/schema.org\",\"@graph\":[{\"@type\":\"NewsArticle\",\"@id\":\"https:\\\/\\\/www.apfelpatient.de\\\/news\\\/macos-10-15-catalina-sidecar-ist-offenbar-nicht-auf-jedem-mac-modell-kompatibel#article\",\"isPartOf\":{\"@id\":\"https:\\\/\\\/www.apfelpatient.de\\\/news\\\/macos-10-15-catalina-sidecar-ist-offenbar-nicht-auf-jedem-mac-modell-kompatibel\"},\"author\":{\"@type\":\"Organization\",\"@id\":\"https:\\\/\\\/www.apfelpatient.de\\\/en\\\/#organization\",\"name\":\"Apfelpatient\",\"url\":\"https:\\\/\\\/www.apfelpatient.de\\\/en\\\/\"},\"headline\":\"macOS 10.15 Catalina &#8211; Sidecar ist offenbar nicht auf jedem Mac Modell kompatibel\",\"datePublished\":\"2019-06-06T14:45:36+00:00\",\"dateModified\":\"2025-02-06T06:36:35+00:00\",\"mainEntityOfPage\":{\"@id\":\"https:\\\/\\\/www.apfelpatient.de\\\/news\\\/macos-10-15-catalina-sidecar-ist-offenbar-nicht-auf-jedem-mac-modell-kompatibel\"},\"wordCount\":319,\"commentCount\":0,\"publisher\":{\"@type\":\"Organization\",\"@id\":\"https:\\\/\\\/www.apfelpatient.de\\\/en\\\/#organization\",\"name\":\"Apfelpatient\",\"url\":\"https:\\\/\\\/www.apfelpatient.de\\\/en\\\/\"},\"image\":{\"@id\":\"https:\\\/\\\/www.apfelpatient.de\\\/news\\\/macos-10-15-catalina-sidecar-ist-offenbar-nicht-auf-jedem-mac-modell-kompatibel#primaryimage\"},\"thumbnailUrl\":\"https:\\\/\\\/www.apfelpatient.de\\\/wp-content\\\/uploads\\\/2019\\\/06\\\/Apple-previews-macOS-Catalina-sidecar-with-iPad-Pro-06032019.jpg\",\"keywords\":[\"iPad\",\"iPadOS\",\"Mac\",\"macOS\",\"macOS 10.15 Catalina\"],\"articleSection\":\"News\",\"inLanguage\":\"en-US\",\"potentialAction\":[{\"@type\":\"CommentAction\",\"name\":\"Comment\",\"target\":[\"https:\\\/\\\/www.apfelpatient.de\\\/news\\\/macos-10-15-catalina-sidecar-ist-offenbar-nicht-auf-jedem-mac-modell-kompatibel#respond\"]}],\"copyrightYear\":\"2019\",\"copyrightHolder\":{\"@id\":\"https:\\\/\\\/www.apfelpatient.de\\\/en\\\/#organization\"}},{\"@type\":\"WebPage\",\"@id\":\"https:\\\/\\\/www.apfelpatient.de\\\/news\\\/macos-10-15-catalina-sidecar-ist-offenbar-nicht-auf-jedem-mac-modell-kompatibel\",\"url\":\"https:\\\/\\\/www.apfelpatient.de\\\/news\\\/macos-10-15-catalina-sidecar-ist-offenbar-nicht-auf-jedem-mac-modell-kompatibel\",\"name\":\"macOS 10.15 Catalina - Sidecar ist offenbar nicht auf jedem Mac Modell kompatibel Apfelpatient\",\"isPartOf\":{\"@id\":\"https:\\\/\\\/www.apfelpatient.de\\\/#website\"},\"primaryImageOfPage\":{\"@id\":\"https:\\\/\\\/www.apfelpatient.de\\\/news\\\/macos-10-15-catalina-sidecar-ist-offenbar-nicht-auf-jedem-mac-modell-kompatibel#primaryimage\"},\"image\":{\"@id\":\"https:\\\/\\\/www.apfelpatient.de\\\/news\\\/macos-10-15-catalina-sidecar-ist-offenbar-nicht-auf-jedem-mac-modell-kompatibel#primaryimage\"},\"thumbnailUrl\":\"https:\\\/\\\/www.apfelpatient.de\\\/wp-content\\\/uploads\\\/2019\\\/06\\\/Apple-previews-macOS-Catalina-sidecar-with-iPad-Pro-06032019.jpg\",\"datePublished\":\"2019-06-06T14:45:36+00:00\",\"dateModified\":\"2025-02-06T06:36:35+00:00\",\"description\":\"- Sidecar ist eine Funktion unter macOS 10.15 Catalina, die es erlaubt ein iPad als zus\u00e4tzliches Display an einen Mac zu koppeln. Das Feature soll jedoch zun\u00e4chst auf eine kleine Auswahl neuerer Macs beschr\u00e4nkt sein - dies ist aus der ersten Beta des neuen Betriebssystems zu entnehmen.\",\"breadcrumb\":{\"@id\":\"https:\\\/\\\/www.apfelpatient.de\\\/news\\\/macos-10-15-catalina-sidecar-ist-offenbar-nicht-auf-jedem-mac-modell-kompatibel#breadcrumb\"},\"inLanguage\":\"en-US\",\"potentialAction\":[{\"@type\":\"ReadAction\",\"target\":[\"https:\\\/\\\/www.apfelpatient.de\\\/news\\\/macos-10-15-catalina-sidecar-ist-offenbar-nicht-auf-jedem-mac-modell-kompatibel\"]}]},{\"@type\":\"ImageObject\",\"inLanguage\":\"en-US\",\"@id\":\"https:\\\/\\\/www.apfelpatient.de\\\/news\\\/macos-10-15-catalina-sidecar-ist-offenbar-nicht-auf-jedem-mac-modell-kompatibel#primaryimage\",\"url\":\"https:\\\/\\\/www.apfelpatient.de\\\/wp-content\\\/uploads\\\/2019\\\/06\\\/Apple-previews-macOS-Catalina-sidecar-with-iPad-Pro-06032019.jpg\",\"contentUrl\":\"https:\\\/\\\/www.apfelpatient.de\\\/wp-content\\\/uploads\\\/2019\\\/06\\\/Apple-previews-macOS-Catalina-sidecar-with-iPad-Pro-06032019.jpg\",\"width\":1632,\"height\":918,\"caption\":\"Bild: Apple\"},{\"@type\":\"BreadcrumbList\",\"@id\":\"https:\\\/\\\/www.apfelpatient.de\\\/news\\\/macos-10-15-catalina-sidecar-ist-offenbar-nicht-auf-jedem-mac-modell-kompatibel#breadcrumb\",\"itemListElement\":[{\"@type\":\"ListItem\",\"position\":1,\"name\":\"Startseite\",\"item\":\"https:\\\/\\\/www.apfelpatient.de\\\/\"},{\"@type\":\"ListItem\",\"position\":2,\"name\":\"macOS 10.15 Catalina &#8211; Sidecar ist offenbar nicht auf jedem Mac Modell kompatibel\"}]},{\"@type\":\"WebSite\",\"@id\":\"https:\\\/\\\/www.apfelpatient.de\\\/#website\",\"url\":\"https:\\\/\\\/www.apfelpatient.de\\\/\",\"name\":\"Apfelpatient\",\"description\":\"Alles rund um Apple!\",\"publisher\":{\"@type\":\"Organization\",\"@id\":\"https:\\\/\\\/www.apfelpatient.de\\\/en\\\/#organization\",\"name\":\"Apfelpatient\",\"url\":\"https:\\\/\\\/www.apfelpatient.de\\\/en\\\/\"},\"alternateName\":\"Apfelpatient\",\"potentialAction\":[{\"@type\":\"SearchAction\",\"target\":{\"@type\":\"EntryPoint\",\"urlTemplate\":\"https:\\\/\\\/www.apfelpatient.de\\\/?s={search_term_string}\"},\"query-input\":{\"@type\":\"PropertyValueSpecification\",\"valueRequired\":true,\"valueName\":\"search_term_string\"}}],\"inLanguage\":\"en-US\"},{\"@type\":[\"Person\",\"Organization\"],\"@id\":\"https:\\\/\\\/www.apfelpatient.de\\\/#\\\/schema\\\/person\\\/7dc56ad6c8e9824b76d2c08d4c140e13\",\"name\":\"Milan\",\"logo\":{\"@id\":\"https:\\\/\\\/www.apfelpatient.de\\\/#\\\/schema\\\/person\\\/image\\\/\"},\"description\":\"Hallo und herzlich willkommen auf meinem Technik-Blog! Als gro\u00dfer Apple-Fan berichte ich hier \u00fcber alles, was mit Apple zu tun hat: von den neuesten News und spannenden Ger\u00fcchten \u00fcber hilfreiche Tipps und Tricks bis hin zu ausf\u00fchrlichen Produkttests. Wenn du genauso technikbegeistert bist wie ich, bist du hier genau richtig!\",\"sameAs\":[\"https:\\\/\\\/www.facebook.com\\\/apfelpatientOfficial\",\"https:\\\/\\\/www.linkedin.com\\\/in\\\/milan-jovicic-42aa0231b\"],\"url\":\"https:\\\/\\\/www.apfelpatient.de\\\/en\\\/author\\\/apfeladmin\"}]}<\/script>\n<!-- \/ Yoast SEO Premium plugin. -->","yoast_head_json":{"title":"macOS 10.15 Catalina - Sidecar is apparently not compatible with every Mac model Apfelpatient","description":"- Sidecar is a feature in macOS 10.15 Catalina that allows an iPad to be connected to a Mac as an additional display. However, the feature will initially be limited to a small selection of newer Macs - this can be seen from the first beta of the new operating system.","robots":{"index":"index","follow":"follow","max-snippet":"max-snippet:-1","max-image-preview":"max-image-preview:large","max-video-preview":"max-video-preview:-1"},"canonical":"https:\/\/www.apfelpatient.de\/en\/news\/macos-10-15-catalina-sidecar-is-apparently-not-compatible-on-every-mac-model","og_locale":"en_US","og_type":"article","og_title":"macOS 10.15 Catalina - Sidecar ist offenbar nicht auf jedem Mac Modell kompatibel","og_description":"- Sidecar ist eine Funktion unter macOS 10.15 Catalina, die es erlaubt ein iPad als zus\u00e4tzliches Display an einen Mac zu koppeln. Das Feature soll jedoch zun\u00e4chst auf eine kleine Auswahl neuerer Macs beschr\u00e4nkt sein - dies ist aus der ersten Beta des neuen Betriebssystems zu entnehmen.","og_url":"https:\/\/www.apfelpatient.de\/en\/news\/macos-10-15-catalina-sidecar-is-apparently-not-compatible-on-every-mac-model","og_site_name":"Apfelpatient","article_publisher":"https:\/\/www.facebook.com\/apfelpatientOfficial","article_author":"https:\/\/www.facebook.com\/apfelpatientOfficial","article_published_time":"2019-06-06T14:45:36+00:00","article_modified_time":"2025-02-06T06:36:35+00:00","og_image":[{"width":1632,"height":918,"url":"https:\/\/www.apfelpatient.de\/wp-content\/uploads\/2019\/06\/Apple-previews-macOS-Catalina-sidecar-with-iPad-Pro-06032019.jpg","type":"image\/jpeg"}],"author":"Milan","twitter_card":"summary_large_image","twitter_misc":{"Written by":"Milan","Est. reading time":"2 minutes"},"schema":{"@context":"https:\/\/schema.org","@graph":[{"@type":"NewsArticle","@id":"https:\/\/www.apfelpatient.de\/news\/macos-10-15-catalina-sidecar-ist-offenbar-nicht-auf-jedem-mac-modell-kompatibel#article","isPartOf":{"@id":"https:\/\/www.apfelpatient.de\/news\/macos-10-15-catalina-sidecar-ist-offenbar-nicht-auf-jedem-mac-modell-kompatibel"},"author":{"@type":"Organization","@id":"https:\/\/www.apfelpatient.de\/en\/#organization","name":"Apfelpatient","url":"https:\/\/www.apfelpatient.de\/en\/"},"headline":"macOS 10.15 Catalina &#8211; Sidecar ist offenbar nicht auf jedem Mac Modell kompatibel","datePublished":"2019-06-06T14:45:36+00:00","dateModified":"2025-02-06T06:36:35+00:00","mainEntityOfPage":{"@id":"https:\/\/www.apfelpatient.de\/news\/macos-10-15-catalina-sidecar-ist-offenbar-nicht-auf-jedem-mac-modell-kompatibel"},"wordCount":319,"commentCount":0,"publisher":{"@type":"Organization","@id":"https:\/\/www.apfelpatient.de\/en\/#organization","name":"Apfelpatient","url":"https:\/\/www.apfelpatient.de\/en\/"},"image":{"@id":"https:\/\/www.apfelpatient.de\/news\/macos-10-15-catalina-sidecar-ist-offenbar-nicht-auf-jedem-mac-modell-kompatibel#primaryimage"},"thumbnailUrl":"https:\/\/www.apfelpatient.de\/wp-content\/uploads\/2019\/06\/Apple-previews-macOS-Catalina-sidecar-with-iPad-Pro-06032019.jpg","keywords":["iPad","iPadOS","Mac","macOS","macOS 10.15 Catalina"],"articleSection":"News","inLanguage":"en-US","potentialAction":[{"@type":"CommentAction","name":"Comment","target":["https:\/\/www.apfelpatient.de\/news\/macos-10-15-catalina-sidecar-ist-offenbar-nicht-auf-jedem-mac-modell-kompatibel#respond"]}],"copyrightYear":"2019","copyrightHolder":{"@id":"https:\/\/www.apfelpatient.de\/en\/#organization"}},{"@type":"WebPage","@id":"https:\/\/www.apfelpatient.de\/news\/macos-10-15-catalina-sidecar-ist-offenbar-nicht-auf-jedem-mac-modell-kompatibel","url":"https:\/\/www.apfelpatient.de\/news\/macos-10-15-catalina-sidecar-ist-offenbar-nicht-auf-jedem-mac-modell-kompatibel","name":"macOS 10.15 Catalina - Sidecar is apparently not compatible with every Mac model Apfelpatient","isPartOf":{"@id":"https:\/\/www.apfelpatient.de\/#website"},"primaryImageOfPage":{"@id":"https:\/\/www.apfelpatient.de\/news\/macos-10-15-catalina-sidecar-ist-offenbar-nicht-auf-jedem-mac-modell-kompatibel#primaryimage"},"image":{"@id":"https:\/\/www.apfelpatient.de\/news\/macos-10-15-catalina-sidecar-ist-offenbar-nicht-auf-jedem-mac-modell-kompatibel#primaryimage"},"thumbnailUrl":"https:\/\/www.apfelpatient.de\/wp-content\/uploads\/2019\/06\/Apple-previews-macOS-Catalina-sidecar-with-iPad-Pro-06032019.jpg","datePublished":"2019-06-06T14:45:36+00:00","dateModified":"2025-02-06T06:36:35+00:00","description":"- Sidecar is a feature in macOS 10.15 Catalina that allows an iPad to be connected to a Mac as an additional display. However, the feature will initially be limited to a small selection of newer Macs - this can be seen from the first beta of the new operating system.","breadcrumb":{"@id":"https:\/\/www.apfelpatient.de\/news\/macos-10-15-catalina-sidecar-ist-offenbar-nicht-auf-jedem-mac-modell-kompatibel#breadcrumb"},"inLanguage":"en-US","potentialAction":[{"@type":"ReadAction","target":["https:\/\/www.apfelpatient.de\/news\/macos-10-15-catalina-sidecar-ist-offenbar-nicht-auf-jedem-mac-modell-kompatibel"]}]},{"@type":"ImageObject","inLanguage":"en-US","@id":"https:\/\/www.apfelpatient.de\/news\/macos-10-15-catalina-sidecar-ist-offenbar-nicht-auf-jedem-mac-modell-kompatibel#primaryimage","url":"https:\/\/www.apfelpatient.de\/wp-content\/uploads\/2019\/06\/Apple-previews-macOS-Catalina-sidecar-with-iPad-Pro-06032019.jpg","contentUrl":"https:\/\/www.apfelpatient.de\/wp-content\/uploads\/2019\/06\/Apple-previews-macOS-Catalina-sidecar-with-iPad-Pro-06032019.jpg","width":1632,"height":918,"caption":"Bild: Apple"},{"@type":"BreadcrumbList","@id":"https:\/\/www.apfelpatient.de\/news\/macos-10-15-catalina-sidecar-ist-offenbar-nicht-auf-jedem-mac-modell-kompatibel#breadcrumb","itemListElement":[{"@type":"ListItem","position":1,"name":"Startseite","item":"https:\/\/www.apfelpatient.de\/"},{"@type":"ListItem","position":2,"name":"macOS 10.15 Catalina &#8211; Sidecar ist offenbar nicht auf jedem Mac Modell kompatibel"}]},{"@type":"WebSite","@id":"https:\/\/www.apfelpatient.de\/#website","url":"https:\/\/www.apfelpatient.de\/","name":"apple patient","description":"Everything about Apple!","publisher":{"@type":"Organization","@id":"https:\/\/www.apfelpatient.de\/en\/#organization","name":"Apfelpatient","url":"https:\/\/www.apfelpatient.de\/en\/"},"alternateName":"Apfelpatient","potentialAction":[{"@type":"SearchAction","target":{"@type":"EntryPoint","urlTemplate":"https:\/\/www.apfelpatient.de\/?s={search_term_string}"},"query-input":{"@type":"PropertyValueSpecification","valueRequired":true,"valueName":"search_term_string"}}],"inLanguage":"en-US"},{"@type":["Person","Organization"],"@id":"https:\/\/www.apfelpatient.de\/#\/schema\/person\/7dc56ad6c8e9824b76d2c08d4c140e13","name":"Milan","logo":{"@id":"https:\/\/www.apfelpatient.de\/#\/schema\/person\/image\/"},"description":"Hello and welcome to my technology blog! As a big Apple fan, I report on everything to do with Apple: from the latest news and exciting rumors to helpful tips and tricks and detailed product tests. If you are as enthusiastic about technology as I am, you have come to the right place!","sameAs":["https:\/\/www.facebook.com\/apfelpatientOfficial","https:\/\/www.linkedin.com\/in\/milan-jovicic-42aa0231b"],"url":"https:\/\/www.apfelpatient.de\/en\/author\/apfeladmin"}]}},"_links":{"self":[{"href":"https:\/\/www.apfelpatient.de\/en\/wp-json\/wp\/v2\/posts\/4686","targetHints":{"allow":["GET"]}}],"collection":[{"href":"https:\/\/www.apfelpatient.de\/en\/wp-json\/wp\/v2\/posts"}],"about":[{"href":"https:\/\/www.apfelpatient.de\/en\/wp-json\/wp\/v2\/types\/post"}],"author":[{"embeddable":true,"href":"https:\/\/www.apfelpatient.de\/en\/wp-json\/wp\/v2\/users\/2"}],"replies":[{"embeddable":true,"href":"https:\/\/www.apfelpatient.de\/en\/wp-json\/wp\/v2\/comments?post=4686"}],"version-history":[{"count":0,"href":"https:\/\/www.apfelpatient.de\/en\/wp-json\/wp\/v2\/posts\/4686\/revisions"}],"wp:featuredmedia":[{"embeddable":true,"href":"https:\/\/www.apfelpatient.de\/en\/wp-json\/wp\/v2\/media\/4687"}],"wp:attachment":[{"href":"https:\/\/www.apfelpatient.de\/en\/wp-json\/wp\/v2\/media?parent=4686"}],"wp:term":[{"taxonomy":"category","embeddable":true,"href":"https:\/\/www.apfelpatient.de\/en\/wp-json\/wp\/v2\/categories?post=4686"},{"taxonomy":"post_tag","embeddable":true,"href":"https:\/\/www.apfelpatient.de\/en\/wp-json\/wp\/v2\/tags?post=4686"}],"curies":[{"name":"wp","href":"https:\/\/api.w.org\/{rel}","templated":true}]}}