{"id":46834,"date":"2024-09-16T21:31:53","date_gmt":"2024-09-16T19:31:53","guid":{"rendered":"https:\/\/www.apfelpatient.de\/?p=46834"},"modified":"2024-09-16T21:31:54","modified_gmt":"2024-09-16T19:31:54","slug":"leak-new-mac-mini-with-5-usb-c-ports-discovered","status":"publish","type":"post","link":"https:\/\/www.apfelpatient.de\/en\/news\/leak-neuer-mac-mini-mit-5-usb-c-anschluessen-entdeckt","title":{"rendered":"Leak: New Mac mini with 5 USB-C ports discovered"},"content":{"rendered":"<p class=\"has-drop-cap\"><strong>Apple is about to unveil the new Mac mini, and the rumor mill is buzzing. One clue in particular from the latest version of macOS 15.0 Sequoia suggests that we will soon see a revised version of the compact desktop computer. In this article, you&#039;ll find out exactly what to expect and what details are already known.<\/strong><\/p>\n\n\n\n<p>A MacRumors employee has made an interesting discovery in the current version of macOS 15.0 Sequoia <a href=\"https:\/\/www.macrumors.com\/2024\/09\/16\/mac-mini-5-usb-c-ports-leak\/\" target=\"_blank\" rel=\"noreferrer noopener\">made<\/a>. A hint in the code suggests that Apple is planning a new Mac mini. In addition to the leaks from Bloomberg and other reports, there are now many indications that Apple will introduce a new model of the Mac mini in October 2024.<\/p>\n\n\n\n<h4 class=\"wp-block-heading\" id=\"h-neues-design-und-kompaktere-bauweise\">New design and more compact construction<\/h4>\n\n\n\n<p>The most striking update of the upcoming Mac mini is said to be the revised design. Rumors say that the device will be significantly smaller and will be more similar in size to the Apple TV. Apple has hardly changed the casing of the Mac mini since 2010, so this change comes as a surprise, but could be a welcome upgrade for many users who rely on space-saving solutions.<\/p>\n\n\n\n<h4 class=\"wp-block-heading\" id=\"h-m4-prozessor-fur-mehr-leistung\">M4 processor for more performance<\/h4>\n\n\n\n<p>The Mac mini is also expected to be equipped with Apple&#039;s new M4 chip. This processor, which is also expected in the new MacBook Pro models, could give the small desktop computer a significant performance boost. There is also speculation that Apple could offer a Pro version of the Mac mini that includes the M4 Pro chip. This would make the Mac mini an interesting option for more demanding tasks such as video editing or graphic design.<\/p>\n\n\n\n<h4 class=\"wp-block-heading\" id=\"h-usb-c-statt-usb-a-mehr-moderne-anschlusse\">USB-C instead of USB-A: More modern connections<\/h4>\n\n\n\n<p>In terms of ports, Apple also seems to be updating the Mac mini. According to Bloomberg, the new Mac mini will have five USB-C ports while USB-A will be omitted. This follows Apple&#039;s trend of increasingly using USB-C, which increases compatibility with many modern devices. It is unclear, however, whether all models will have these five USB-C ports or whether this could be limited to the models with the more powerful M4 Pro.<\/p>\n\n\n\n<h4 class=\"wp-block-heading\" id=\"h-hdmi-und-klinkenanschluss-bleiben\">HDMI and jack connection remain<\/h4>\n\n\n\n<p>Although the Mac mini does not have USB-A, it retains two ports that are still important for many users: the HDMI port and the 3.5 mm headphone jack. This should be particularly pleasing for users who still rely on these interfaces. It is also reported that the Mac mini will continue to have an internal power supply, which means that an external power supply will not be necessary.<\/p>\n\n\n\n<h4 class=\"wp-block-heading\" id=\"h-macos-sequoia-und-der-hinweis-auf-den-neuen-mac-mini\">macOS Sequoia and the reference to the new Mac mini<\/h4>\n\n\n\n<p>Perhaps the biggest clue about the new Mac mini comes from the current version of macOS 15.0 Sequoia. A code snippet mentions a previously unreleased Mac model with five ports. Since there is currently no Mac mini with that number of ports, it is reasonable to assume that Apple is alluding to the upcoming model. It is also likely that macOS 15.0 is already optimized for this new model.<\/p>\n\n\n\n<h3 class=\"wp-block-heading\" id=\"h-neuer-mac-mini-kompaktes-design-trifft-auf-starke-performance\">New Mac mini: Compact design meets strong performance<\/h3>\n\n\n\n<p>The new Mac mini could be one of the most exciting products in fall 2024. With a compact, modern design, the powerful M4 chip and new ports, Apple seems to be taking the popular desktop computer to the next level. The information from macOS Sequoia strongly suggests that we can expect an official announcement in October. If you are looking for a powerful but space-saving desktop computer, it is worth keeping an eye on the developments surrounding the new Mac mini. (Image: Apple)<\/p>\n\n\n\n<ul class=\"wp-block-list\">\n<li><a href=\"https:\/\/www.apfelpatient.de\/en\/rumors\/apple-event-october-2024-everything-about-m4-macs-and-ipads\">Apple Event October 2024: Everything about M4 Macs and iPads<\/a><\/li>\n\n\n\n<li><a href=\"https:\/\/www.apfelpatient.de\/en\/news\/ios-18-visionos-2-more-appeared-the-most-exciting-features\">iOS 18, visionOS 2 &amp; more released: The most exciting features<\/a><\/li>\n<\/ul>\n\n\n\n<h6 class=\"wp-block-heading translation-block\" id=\"h-kennt-ihr-schon-unsere-amazon-storefront-dort-findet-ihr-eine-handverlesene-auswahl-von-diversen-produkten-f-r-euer-iphone-und-co-viel-spa-beim-st-bern\"><em>Have you already visited our Amazon Storefront? There you&#039;ll find a hand-picked selection of various products for your iPhone and other devices \u2013 <span class=\"has-inline-color has-vivid-red-color\"><a href=\"https:\/\/www.amazon.de\/shop\/apfelpatientofficial\" class=\"ek-link\" data-wpel-link=\"exclude\" rel=\"follow noopener\" target=\"_self\"><span style=\"text-decoration: underline\" class=\"ek-underline\">enjoy browsing<\/span><\/a> !<\/span><\/em><\/h6>\n\n\n\n<h6 class=\"wp-block-heading translation-block\" id=\"h-der-beitrag-enthalt-partnerlinks\">This post contains <a data-type=\"URL\" data-id=\"https:\/\/www.apfelpatient.de\/partnerprogramm\" href=\"https:\/\/www.apfelpatient.de\/en\/partner-program\" data-wpel-link=\"internal\" target=\"_self\">affiliate links<\/a>.<\/h6>","protected":false},"excerpt":{"rendered":"<p>Leak reveals: The Mac mini will have 5 USB-C ports. Find out more about the M4 chip and what we can expect in October!<\/p>","protected":false},"author":2,"featured_media":46833,"comment_status":"closed","ping_status":"closed","sticky":false,"template":"","format":"standard","meta":{"jnews-multi-image_gallery":[],"jnews_single_post":{"format":"standard","override":[{"template":"4","parallax":"1","fullscreen":"1","layout":"right-sidebar","sidebar":"default-sidebar","second_sidebar":"default-sidebar","sticky_sidebar":"1","share_position":"top","share_float_style":"share-monocrhome","show_featured":"1","show_post_meta":"1","show_post_author":"1","show_post_author_image":"1","show_post_date":"1","post_date_format":"default","post_date_format_custom":"Y\/m\/d","show_post_category":"1","show_post_reading_time":"0","post_reading_time_wpm":"300","post_calculate_word_method":"str_word_count","show_zoom_button":"0","zoom_button_out_step":"2","zoom_button_in_step":"3","show_post_tag":"1","show_prev_next_post":"1","show_popup_post":"1","number_popup_post":"1","show_author_box":"0","show_post_related":"0","show_inline_post_related":"0"}],"image_override":[{"single_post_thumbnail_size":"crop-500","single_post_gallery_size":"crop-500"}],"trending_post_position":"meta","trending_post_label":"Trending","sponsored_post_label":"Sponsored by","disable_ad":"0"},"jnews_primary_category":{"id":"9"},"footnotes":""},"categories":[9],"tags":[40,73,4,856],"class_list":["post-46834","post","type-post","status-publish","format-standard","has-post-thumbnail","hentry","category-news","tag-mac","tag-mac-mini","tag-macos","tag-macos-15"],"yoast_head":"<!-- This site is optimized with the Yoast SEO Premium plugin v27.5 (Yoast SEO v27.5) - https:\/\/yoast.com\/product\/yoast-seo-premium-wordpress\/ -->\n<title>Leak: Neuer Mac mini mit 5 USB-C-Anschl\u00fcssen entdeckt Apfelpatient<\/title>\n<meta name=\"description\" content=\"Leak enth\u00fcllt: Der Mac mini bekommt 5 USB-C-Anschl\u00fcsse. Erfahre mehr \u00fcber den M4-Chip und was uns im Oktober erwartet!\" \/>\n<meta name=\"robots\" content=\"index, follow, max-snippet:-1, max-image-preview:large, max-video-preview:-1\" \/>\n<link rel=\"canonical\" href=\"https:\/\/www.apfelpatient.de\/en\/news\/leak-new-mac-mini-with-5-usb-c-ports-discovered\" \/>\n<meta property=\"og:locale\" content=\"en_US\" \/>\n<meta property=\"og:type\" content=\"article\" \/>\n<meta property=\"og:title\" content=\"Leak: Neuer Mac mini mit 5 USB-C-Anschl\u00fcssen entdeckt\" \/>\n<meta property=\"og:description\" content=\"Leak enth\u00fcllt: Der Mac mini bekommt 5 USB-C-Anschl\u00fcsse. Erfahre mehr \u00fcber den M4-Chip und was uns im Oktober erwartet!\" \/>\n<meta property=\"og:url\" content=\"https:\/\/www.apfelpatient.de\/en\/news\/leak-new-mac-mini-with-5-usb-c-ports-discovered\" \/>\n<meta property=\"og:site_name\" content=\"Apfelpatient\" \/>\n<meta property=\"article:publisher\" content=\"https:\/\/www.facebook.com\/apfelpatientOfficial\" \/>\n<meta property=\"article:author\" content=\"https:\/\/www.facebook.com\/apfelpatientOfficial\" \/>\n<meta property=\"article:published_time\" content=\"2024-09-16T19:31:53+00:00\" \/>\n<meta property=\"article:modified_time\" content=\"2024-09-16T19:31:54+00:00\" \/>\n<meta property=\"og:image\" content=\"https:\/\/www.apfelpatient.de\/wp-content\/uploads\/2024\/09\/Apple-Mac-mini-M2-and-M2-Pro-hero-230117-1.jpg\" \/>\n\t<meta property=\"og:image:width\" content=\"1600\" \/>\n\t<meta property=\"og:image:height\" content=\"900\" \/>\n\t<meta property=\"og:image:type\" content=\"image\/jpeg\" \/>\n<meta name=\"author\" content=\"Milan\" \/>\n<meta name=\"twitter:card\" content=\"summary_large_image\" \/>\n<meta name=\"twitter:description\" content=\"Leak enth\u00fcllt: Der Mac mini bekommt 5 USB-C-Anschl\u00fcsse. Erfahre mehr \u00fcber den M4-Chip und was uns im Oktober erwartet!\" \/>\n<meta name=\"twitter:label1\" content=\"Written by\" \/>\n\t<meta name=\"twitter:data1\" content=\"Milan\" \/>\n\t<meta name=\"twitter:label2\" content=\"Est. reading time\" \/>\n\t<meta name=\"twitter:data2\" content=\"4 minutes\" \/>\n<script type=\"application\/ld+json\" class=\"yoast-schema-graph\">{\"@context\":\"https:\\\/\\\/schema.org\",\"@graph\":[{\"@type\":\"NewsArticle\",\"@id\":\"https:\\\/\\\/www.apfelpatient.de\\\/news\\\/leak-neuer-mac-mini-mit-5-usb-c-anschluessen-entdeckt#article\",\"isPartOf\":{\"@id\":\"https:\\\/\\\/www.apfelpatient.de\\\/news\\\/leak-neuer-mac-mini-mit-5-usb-c-anschluessen-entdeckt\"},\"author\":{\"@type\":\"Organization\",\"@id\":\"https:\\\/\\\/www.apfelpatient.de\\\/en\\\/#organization\",\"name\":\"Apfelpatient\",\"url\":\"https:\\\/\\\/www.apfelpatient.de\\\/en\\\/\"},\"headline\":\"Leak: Neuer Mac mini mit 5 USB-C-Anschl\u00fcssen entdeckt\",\"datePublished\":\"2024-09-16T19:31:53+00:00\",\"dateModified\":\"2024-09-16T19:31:54+00:00\",\"mainEntityOfPage\":{\"@id\":\"https:\\\/\\\/www.apfelpatient.de\\\/news\\\/leak-neuer-mac-mini-mit-5-usb-c-anschluessen-entdeckt\"},\"wordCount\":626,\"publisher\":{\"@type\":\"Organization\",\"@id\":\"https:\\\/\\\/www.apfelpatient.de\\\/en\\\/#organization\",\"name\":\"Apfelpatient\",\"url\":\"https:\\\/\\\/www.apfelpatient.de\\\/en\\\/\"},\"image\":{\"@id\":\"https:\\\/\\\/www.apfelpatient.de\\\/news\\\/leak-neuer-mac-mini-mit-5-usb-c-anschluessen-entdeckt#primaryimage\"},\"thumbnailUrl\":\"https:\\\/\\\/www.apfelpatient.de\\\/wp-content\\\/uploads\\\/2024\\\/09\\\/Apple-Mac-mini-M2-and-M2-Pro-hero-230117-1.jpg\",\"keywords\":[\"Mac\",\"Mac mini\",\"macOS\",\"macOS 15\"],\"articleSection\":\"News\",\"inLanguage\":\"en-US\",\"copyrightYear\":\"2024\",\"copyrightHolder\":{\"@id\":\"https:\\\/\\\/www.apfelpatient.de\\\/en\\\/#organization\"}},{\"@type\":\"WebPage\",\"@id\":\"https:\\\/\\\/www.apfelpatient.de\\\/news\\\/leak-neuer-mac-mini-mit-5-usb-c-anschluessen-entdeckt\",\"url\":\"https:\\\/\\\/www.apfelpatient.de\\\/news\\\/leak-neuer-mac-mini-mit-5-usb-c-anschluessen-entdeckt\",\"name\":\"Leak: Neuer Mac mini mit 5 USB-C-Anschl\u00fcssen entdeckt Apfelpatient\",\"isPartOf\":{\"@id\":\"https:\\\/\\\/www.apfelpatient.de\\\/#website\"},\"primaryImageOfPage\":{\"@id\":\"https:\\\/\\\/www.apfelpatient.de\\\/news\\\/leak-neuer-mac-mini-mit-5-usb-c-anschluessen-entdeckt#primaryimage\"},\"image\":{\"@id\":\"https:\\\/\\\/www.apfelpatient.de\\\/news\\\/leak-neuer-mac-mini-mit-5-usb-c-anschluessen-entdeckt#primaryimage\"},\"thumbnailUrl\":\"https:\\\/\\\/www.apfelpatient.de\\\/wp-content\\\/uploads\\\/2024\\\/09\\\/Apple-Mac-mini-M2-and-M2-Pro-hero-230117-1.jpg\",\"datePublished\":\"2024-09-16T19:31:53+00:00\",\"dateModified\":\"2024-09-16T19:31:54+00:00\",\"description\":\"Leak enth\u00fcllt: Der Mac mini bekommt 5 USB-C-Anschl\u00fcsse. Erfahre mehr \u00fcber den M4-Chip und was uns im Oktober erwartet!\",\"breadcrumb\":{\"@id\":\"https:\\\/\\\/www.apfelpatient.de\\\/news\\\/leak-neuer-mac-mini-mit-5-usb-c-anschluessen-entdeckt#breadcrumb\"},\"inLanguage\":\"en-US\",\"potentialAction\":[{\"@type\":\"ReadAction\",\"target\":[\"https:\\\/\\\/www.apfelpatient.de\\\/news\\\/leak-neuer-mac-mini-mit-5-usb-c-anschluessen-entdeckt\"]}]},{\"@type\":\"ImageObject\",\"inLanguage\":\"en-US\",\"@id\":\"https:\\\/\\\/www.apfelpatient.de\\\/news\\\/leak-neuer-mac-mini-mit-5-usb-c-anschluessen-entdeckt#primaryimage\",\"url\":\"https:\\\/\\\/www.apfelpatient.de\\\/wp-content\\\/uploads\\\/2024\\\/09\\\/Apple-Mac-mini-M2-and-M2-Pro-hero-230117-1.jpg\",\"contentUrl\":\"https:\\\/\\\/www.apfelpatient.de\\\/wp-content\\\/uploads\\\/2024\\\/09\\\/Apple-Mac-mini-M2-and-M2-Pro-hero-230117-1.jpg\",\"width\":1600,\"height\":900,\"caption\":\"Bild: Apple\"},{\"@type\":\"BreadcrumbList\",\"@id\":\"https:\\\/\\\/www.apfelpatient.de\\\/news\\\/leak-neuer-mac-mini-mit-5-usb-c-anschluessen-entdeckt#breadcrumb\",\"itemListElement\":[{\"@type\":\"ListItem\",\"position\":1,\"name\":\"Startseite\",\"item\":\"https:\\\/\\\/www.apfelpatient.de\\\/\"},{\"@type\":\"ListItem\",\"position\":2,\"name\":\"Leak: Neuer Mac mini mit 5 USB-C-Anschl\u00fcssen entdeckt\"}]},{\"@type\":\"WebSite\",\"@id\":\"https:\\\/\\\/www.apfelpatient.de\\\/#website\",\"url\":\"https:\\\/\\\/www.apfelpatient.de\\\/\",\"name\":\"Apfelpatient\",\"description\":\"Alles rund um Apple!\",\"publisher\":{\"@type\":\"Organization\",\"@id\":\"https:\\\/\\\/www.apfelpatient.de\\\/en\\\/#organization\",\"name\":\"Apfelpatient\",\"url\":\"https:\\\/\\\/www.apfelpatient.de\\\/en\\\/\"},\"alternateName\":\"Apfelpatient\",\"potentialAction\":[{\"@type\":\"SearchAction\",\"target\":{\"@type\":\"EntryPoint\",\"urlTemplate\":\"https:\\\/\\\/www.apfelpatient.de\\\/?s={search_term_string}\"},\"query-input\":{\"@type\":\"PropertyValueSpecification\",\"valueRequired\":true,\"valueName\":\"search_term_string\"}}],\"inLanguage\":\"en-US\"},{\"@type\":[\"Person\",\"Organization\"],\"@id\":\"https:\\\/\\\/www.apfelpatient.de\\\/#\\\/schema\\\/person\\\/7dc56ad6c8e9824b76d2c08d4c140e13\",\"name\":\"Milan\",\"logo\":{\"@id\":\"https:\\\/\\\/www.apfelpatient.de\\\/#\\\/schema\\\/person\\\/image\\\/\"},\"description\":\"Hallo und herzlich willkommen auf meinem Technik-Blog! Als gro\u00dfer Apple-Fan berichte ich hier \u00fcber alles, was mit Apple zu tun hat: von den neuesten News und spannenden Ger\u00fcchten \u00fcber hilfreiche Tipps und Tricks bis hin zu ausf\u00fchrlichen Produkttests. Wenn du genauso technikbegeistert bist wie ich, bist du hier genau richtig!\",\"sameAs\":[\"https:\\\/\\\/www.facebook.com\\\/apfelpatientOfficial\",\"https:\\\/\\\/www.linkedin.com\\\/in\\\/milan-jovicic-42aa0231b\"],\"url\":\"https:\\\/\\\/www.apfelpatient.de\\\/en\\\/author\\\/apfeladmin\"}]}<\/script>\n<!-- \/ Yoast SEO Premium plugin. -->","yoast_head_json":{"title":"Leak: New Mac mini with 5 USB-C ports discovered Apfelpatient","description":"Leak reveals: The Mac mini will have 5 USB-C ports. Find out more about the M4 chip and what we can expect in October!","robots":{"index":"index","follow":"follow","max-snippet":"max-snippet:-1","max-image-preview":"max-image-preview:large","max-video-preview":"max-video-preview:-1"},"canonical":"https:\/\/www.apfelpatient.de\/en\/news\/leak-new-mac-mini-with-5-usb-c-ports-discovered","og_locale":"en_US","og_type":"article","og_title":"Leak: Neuer Mac mini mit 5 USB-C-Anschl\u00fcssen entdeckt","og_description":"Leak enth\u00fcllt: Der Mac mini bekommt 5 USB-C-Anschl\u00fcsse. Erfahre mehr \u00fcber den M4-Chip und was uns im Oktober erwartet!","og_url":"https:\/\/www.apfelpatient.de\/en\/news\/leak-new-mac-mini-with-5-usb-c-ports-discovered","og_site_name":"Apfelpatient","article_publisher":"https:\/\/www.facebook.com\/apfelpatientOfficial","article_author":"https:\/\/www.facebook.com\/apfelpatientOfficial","article_published_time":"2024-09-16T19:31:53+00:00","article_modified_time":"2024-09-16T19:31:54+00:00","og_image":[{"width":1600,"height":900,"url":"https:\/\/www.apfelpatient.de\/wp-content\/uploads\/2024\/09\/Apple-Mac-mini-M2-and-M2-Pro-hero-230117-1.jpg","type":"image\/jpeg"}],"author":"Milan","twitter_card":"summary_large_image","twitter_description":"Leak enth\u00fcllt: Der Mac mini bekommt 5 USB-C-Anschl\u00fcsse. Erfahre mehr \u00fcber den M4-Chip und was uns im Oktober erwartet!","twitter_misc":{"Written by":"Milan","Est. reading time":"4 minutes"},"schema":{"@context":"https:\/\/schema.org","@graph":[{"@type":"NewsArticle","@id":"https:\/\/www.apfelpatient.de\/news\/leak-neuer-mac-mini-mit-5-usb-c-anschluessen-entdeckt#article","isPartOf":{"@id":"https:\/\/www.apfelpatient.de\/news\/leak-neuer-mac-mini-mit-5-usb-c-anschluessen-entdeckt"},"author":{"@type":"Organization","@id":"https:\/\/www.apfelpatient.de\/en\/#organization","name":"Apfelpatient","url":"https:\/\/www.apfelpatient.de\/en\/"},"headline":"Leak: Neuer Mac mini mit 5 USB-C-Anschl\u00fcssen entdeckt","datePublished":"2024-09-16T19:31:53+00:00","dateModified":"2024-09-16T19:31:54+00:00","mainEntityOfPage":{"@id":"https:\/\/www.apfelpatient.de\/news\/leak-neuer-mac-mini-mit-5-usb-c-anschluessen-entdeckt"},"wordCount":626,"publisher":{"@type":"Organization","@id":"https:\/\/www.apfelpatient.de\/en\/#organization","name":"Apfelpatient","url":"https:\/\/www.apfelpatient.de\/en\/"},"image":{"@id":"https:\/\/www.apfelpatient.de\/news\/leak-neuer-mac-mini-mit-5-usb-c-anschluessen-entdeckt#primaryimage"},"thumbnailUrl":"https:\/\/www.apfelpatient.de\/wp-content\/uploads\/2024\/09\/Apple-Mac-mini-M2-and-M2-Pro-hero-230117-1.jpg","keywords":["Mac","Mac mini","macOS","macOS 15"],"articleSection":"News","inLanguage":"en-US","copyrightYear":"2024","copyrightHolder":{"@id":"https:\/\/www.apfelpatient.de\/en\/#organization"}},{"@type":"WebPage","@id":"https:\/\/www.apfelpatient.de\/news\/leak-neuer-mac-mini-mit-5-usb-c-anschluessen-entdeckt","url":"https:\/\/www.apfelpatient.de\/news\/leak-neuer-mac-mini-mit-5-usb-c-anschluessen-entdeckt","name":"Leak: New Mac mini with 5 USB-C ports discovered Apfelpatient","isPartOf":{"@id":"https:\/\/www.apfelpatient.de\/#website"},"primaryImageOfPage":{"@id":"https:\/\/www.apfelpatient.de\/news\/leak-neuer-mac-mini-mit-5-usb-c-anschluessen-entdeckt#primaryimage"},"image":{"@id":"https:\/\/www.apfelpatient.de\/news\/leak-neuer-mac-mini-mit-5-usb-c-anschluessen-entdeckt#primaryimage"},"thumbnailUrl":"https:\/\/www.apfelpatient.de\/wp-content\/uploads\/2024\/09\/Apple-Mac-mini-M2-and-M2-Pro-hero-230117-1.jpg","datePublished":"2024-09-16T19:31:53+00:00","dateModified":"2024-09-16T19:31:54+00:00","description":"Leak reveals: The Mac mini will have 5 USB-C ports. Find out more about the M4 chip and what we can expect in October!","breadcrumb":{"@id":"https:\/\/www.apfelpatient.de\/news\/leak-neuer-mac-mini-mit-5-usb-c-anschluessen-entdeckt#breadcrumb"},"inLanguage":"en-US","potentialAction":[{"@type":"ReadAction","target":["https:\/\/www.apfelpatient.de\/news\/leak-neuer-mac-mini-mit-5-usb-c-anschluessen-entdeckt"]}]},{"@type":"ImageObject","inLanguage":"en-US","@id":"https:\/\/www.apfelpatient.de\/news\/leak-neuer-mac-mini-mit-5-usb-c-anschluessen-entdeckt#primaryimage","url":"https:\/\/www.apfelpatient.de\/wp-content\/uploads\/2024\/09\/Apple-Mac-mini-M2-and-M2-Pro-hero-230117-1.jpg","contentUrl":"https:\/\/www.apfelpatient.de\/wp-content\/uploads\/2024\/09\/Apple-Mac-mini-M2-and-M2-Pro-hero-230117-1.jpg","width":1600,"height":900,"caption":"Bild: Apple"},{"@type":"BreadcrumbList","@id":"https:\/\/www.apfelpatient.de\/news\/leak-neuer-mac-mini-mit-5-usb-c-anschluessen-entdeckt#breadcrumb","itemListElement":[{"@type":"ListItem","position":1,"name":"Startseite","item":"https:\/\/www.apfelpatient.de\/"},{"@type":"ListItem","position":2,"name":"Leak: Neuer Mac mini mit 5 USB-C-Anschl\u00fcssen entdeckt"}]},{"@type":"WebSite","@id":"https:\/\/www.apfelpatient.de\/#website","url":"https:\/\/www.apfelpatient.de\/","name":"apple patient","description":"Everything about Apple!","publisher":{"@type":"Organization","@id":"https:\/\/www.apfelpatient.de\/en\/#organization","name":"Apfelpatient","url":"https:\/\/www.apfelpatient.de\/en\/"},"alternateName":"Apfelpatient","potentialAction":[{"@type":"SearchAction","target":{"@type":"EntryPoint","urlTemplate":"https:\/\/www.apfelpatient.de\/?s={search_term_string}"},"query-input":{"@type":"PropertyValueSpecification","valueRequired":true,"valueName":"search_term_string"}}],"inLanguage":"en-US"},{"@type":["Person","Organization"],"@id":"https:\/\/www.apfelpatient.de\/#\/schema\/person\/7dc56ad6c8e9824b76d2c08d4c140e13","name":"Milan","logo":{"@id":"https:\/\/www.apfelpatient.de\/#\/schema\/person\/image\/"},"description":"Hello and welcome to my technology blog! As a big Apple fan, I report on everything to do with Apple: from the latest news and exciting rumors to helpful tips and tricks and detailed product tests. If you are as enthusiastic about technology as I am, you have come to the right place!","sameAs":["https:\/\/www.facebook.com\/apfelpatientOfficial","https:\/\/www.linkedin.com\/in\/milan-jovicic-42aa0231b"],"url":"https:\/\/www.apfelpatient.de\/en\/author\/apfeladmin"}]}},"_links":{"self":[{"href":"https:\/\/www.apfelpatient.de\/en\/wp-json\/wp\/v2\/posts\/46834","targetHints":{"allow":["GET"]}}],"collection":[{"href":"https:\/\/www.apfelpatient.de\/en\/wp-json\/wp\/v2\/posts"}],"about":[{"href":"https:\/\/www.apfelpatient.de\/en\/wp-json\/wp\/v2\/types\/post"}],"author":[{"embeddable":true,"href":"https:\/\/www.apfelpatient.de\/en\/wp-json\/wp\/v2\/users\/2"}],"replies":[{"embeddable":true,"href":"https:\/\/www.apfelpatient.de\/en\/wp-json\/wp\/v2\/comments?post=46834"}],"version-history":[{"count":0,"href":"https:\/\/www.apfelpatient.de\/en\/wp-json\/wp\/v2\/posts\/46834\/revisions"}],"wp:featuredmedia":[{"embeddable":true,"href":"https:\/\/www.apfelpatient.de\/en\/wp-json\/wp\/v2\/media\/46833"}],"wp:attachment":[{"href":"https:\/\/www.apfelpatient.de\/en\/wp-json\/wp\/v2\/media?parent=46834"}],"wp:term":[{"taxonomy":"category","embeddable":true,"href":"https:\/\/www.apfelpatient.de\/en\/wp-json\/wp\/v2\/categories?post=46834"},{"taxonomy":"post_tag","embeddable":true,"href":"https:\/\/www.apfelpatient.de\/en\/wp-json\/wp\/v2\/tags?post=46834"}],"curies":[{"name":"wp","href":"https:\/\/api.w.org\/{rel}","templated":true}]}}