{"id":4677,"date":"2019-06-05T14:07:21","date_gmt":"2019-06-05T12:07:21","guid":{"rendered":"https:\/\/apfelpatient.de\/?p=4677"},"modified":"2019-06-05T14:07:21","modified_gmt":"2019-06-05T12:07:21","slug":"apple-arkit-3-under-ios-13-not-every-iphone-ipad-will-be-compatible","status":"publish","type":"post","link":"https:\/\/www.apfelpatient.de\/en\/news\/apple-arkit-3-unter-ios-13-nicht-jedes-iphone-ipad-wird-kompatibel-sein","title":{"rendered":"Apple ARKit 3 under iOS 13 \u2013 not every iPhone &amp; iPad will be compatible"},"content":{"rendered":"<p class=\"p1\"><strong>Apple announced the latest update to its augmented reality platform ARKit 3 at WWDC 2019. The latest version brings some new features such as motion capture, multiple facial recognition, simultaneous use of front and rear cameras and much more. However, not every iPhone and iPad will support the new features.<\/strong><\/p>\n<p class=\"p1\">Apple has been investing a lot of money in the development of augmented reality for years - the results in the third version are impressive. ARKit 3 offers developers completely new possibilities - thanks to motion capture, motion detection will no longer be a problem in the future. Thanks to the update, the front camera should be able to recognize and process up to three faces at the same time - it will also be possible to use both cameras at the same time in the future. But which devices will benefit from these innovations?<\/p>\n<p class=\"p1\">During a developer session on the new ARKit platform, Apple revealed additional details about compatibility today. ARKit 3 can only be used on iPhone or iPad models with at least an A12 Bionic processor or newer. So far, ARKit has been supported on iOS devices dating back to the iPhone 6S or 5th generation iPad. The details can be found on Apple&#039;s developer website.<\/p>\n<p class=\"p1\"><\/p>\n<p class=\"p1\">The description states the following:<\/p>\n<blockquote>\n<p class=\"p1\"><em>\u201cPeople occlusion and the use of motion capture, simultaneous front and back camera, and multiple face tracking are supported on devices with A12\/A12X Bionic chips, ANE, and TrueDepth Camera\u201d.<\/em><\/p>\n<\/blockquote>\n<p class=\"p1\">This means that the latest and best ARKit features are supported by the iPhone XS, iPhone XS Max, iPhone XR and the two iPad Pro models from 2018. This even excludes the iPhone X. Of course, this is a relatively big limitation, but it makes sense when you consider the power required by all these new ARKit 3.0 features.<\/p>\n<p class=\"p1\"><strong>Apple describes ARKit 3 as follows:<\/strong><\/p>\n<p class=\"p1\">AR apps can now naturally place virtual objects in front of or behind people, leveraging human movements and poses for new and more immersive experiences. <em>(Image: Apple)<\/em><\/p>\n<h6><a href=\"https:\/\/t.me\/apfelpatient_official\"><em><strong>Don&#039;t want to miss any more news? Then subscribe to our Telegram channel here<\/strong><\/em><\/a><\/h6>","protected":false},"excerpt":{"rendered":"<p>Apple hat im Rahmen der WWDC 2019 das neueste Update seiner Augmented-Reality-Plattform ARKit 3 angek\u00fcndigt. Die neueste Version bringt einige neue Funktionen wie Bewegungserfassung, mehrfache Gesichtserkennung, gleichzeitige Verwendung von Front- und R\u00fcckkamera und vieles mehr. Doch nicht jedes iPhone und iPad wird die Neuerungen unterst\u00fctzen. Apple investiert seit Jahren sehr viel Geld in die Entwicklung [&hellip;]<\/p>\n","protected":false},"author":2,"featured_media":4148,"comment_status":"open","ping_status":"open","sticky":false,"template":"","format":"standard","meta":{"jnews-multi-image_gallery":[],"jnews_single_post":[],"jnews_primary_category":[],"footnotes":""},"categories":[9],"tags":[291,292,3,199,18,33,8,273],"class_list":["post-4677","post","type-post","status-publish","format-standard","has-post-thumbnail","hentry","category-news","tag-arkit","tag-arkit-3","tag-ios","tag-ios-13","tag-ipad","tag-ipados","tag-iphone","tag-wwdc-2019"],"yoast_head":"<!-- This site is optimized with the Yoast SEO Premium plugin v27.5 (Yoast SEO v27.5) - https:\/\/yoast.com\/product\/yoast-seo-premium-wordpress\/ -->\n<title>Apple ARKit 3 unter iOS 13 - nicht jedes iPhone &amp; iPad wird kompatibel sein Apfelpatient<\/title>\n<meta name=\"description\" content=\"- Apple hat im Rahmen der WWDC 2019 das neueste Update seiner Augmented-Reality-Plattform ARKit 3 angek\u00fcndigt. Die neueste Version bringt einige neue Funktionen wie Bewegungserfassung, mehrfache Gesichtserkennung, gleichzeitige Verwendung von Front- und R\u00fcckkamera und vieles mehr. Doch nicht jedes iPhone und iPad wird die Neuerungen unterst\u00fctzen.\" \/>\n<meta name=\"robots\" content=\"index, follow, max-snippet:-1, max-image-preview:large, max-video-preview:-1\" \/>\n<link rel=\"canonical\" href=\"https:\/\/www.apfelpatient.de\/en\/news\/apple-arkit-3-under-ios-13-not-every-iphone-ipad-will-be-compatible\" \/>\n<meta property=\"og:locale\" content=\"en_US\" \/>\n<meta property=\"og:type\" content=\"article\" \/>\n<meta property=\"og:title\" content=\"Apple ARKit 3 unter iOS 13 - nicht jedes iPhone &amp; iPad wird kompatibel sein\" \/>\n<meta property=\"og:description\" content=\"- Apple hat im Rahmen der WWDC 2019 das neueste Update seiner Augmented-Reality-Plattform ARKit 3 angek\u00fcndigt. Die neueste Version bringt einige neue Funktionen wie Bewegungserfassung, mehrfache Gesichtserkennung, gleichzeitige Verwendung von Front- und R\u00fcckkamera und vieles mehr. Doch nicht jedes iPhone und iPad wird die Neuerungen unterst\u00fctzen.\" \/>\n<meta property=\"og:url\" content=\"https:\/\/www.apfelpatient.de\/en\/news\/apple-arkit-3-under-ios-13-not-every-iphone-ipad-will-be-compatible\" \/>\n<meta property=\"og:site_name\" content=\"Apfelpatient\" \/>\n<meta property=\"article:publisher\" content=\"https:\/\/www.facebook.com\/apfelpatientOfficial\" \/>\n<meta property=\"article:author\" content=\"https:\/\/www.facebook.com\/apfelpatientOfficial\" \/>\n<meta property=\"article:published_time\" content=\"2019-06-05T12:07:21+00:00\" \/>\n<meta property=\"og:image\" content=\"https:\/\/www.apfelpatient.de\/wp-content\/uploads\/2019\/04\/iOS12_Lego-AR_06042018.jpg\" \/>\n\t<meta property=\"og:image:width\" content=\"1142\" \/>\n\t<meta property=\"og:image:height\" content=\"644\" \/>\n\t<meta property=\"og:image:type\" content=\"image\/jpeg\" \/>\n<meta name=\"author\" content=\"Milan\" \/>\n<meta name=\"twitter:card\" content=\"summary_large_image\" \/>\n<meta name=\"twitter:label1\" content=\"Written by\" \/>\n\t<meta name=\"twitter:data1\" content=\"Milan\" \/>\n\t<meta name=\"twitter:label2\" content=\"Est. reading time\" \/>\n\t<meta name=\"twitter:data2\" content=\"2 minutes\" \/>\n<script type=\"application\/ld+json\" class=\"yoast-schema-graph\">{\"@context\":\"https:\\\/\\\/schema.org\",\"@graph\":[{\"@type\":\"NewsArticle\",\"@id\":\"https:\\\/\\\/www.apfelpatient.de\\\/news\\\/apple-arkit-3-unter-ios-13-nicht-jedes-iphone-ipad-wird-kompatibel-sein#article\",\"isPartOf\":{\"@id\":\"https:\\\/\\\/www.apfelpatient.de\\\/news\\\/apple-arkit-3-unter-ios-13-nicht-jedes-iphone-ipad-wird-kompatibel-sein\"},\"author\":{\"@type\":\"Organization\",\"@id\":\"https:\\\/\\\/www.apfelpatient.de\\\/en\\\/#organization\",\"name\":\"Apfelpatient\",\"url\":\"https:\\\/\\\/www.apfelpatient.de\\\/en\\\/\"},\"headline\":\"Apple ARKit 3 unter iOS 13 &#8211; nicht jedes iPhone &#038; iPad wird kompatibel sein\",\"datePublished\":\"2019-06-05T12:07:21+00:00\",\"mainEntityOfPage\":{\"@id\":\"https:\\\/\\\/www.apfelpatient.de\\\/news\\\/apple-arkit-3-unter-ios-13-nicht-jedes-iphone-ipad-wird-kompatibel-sein\"},\"wordCount\":352,\"commentCount\":0,\"publisher\":{\"@type\":\"Organization\",\"@id\":\"https:\\\/\\\/www.apfelpatient.de\\\/en\\\/#organization\",\"name\":\"Apfelpatient\",\"url\":\"https:\\\/\\\/www.apfelpatient.de\\\/en\\\/\"},\"image\":{\"@id\":\"https:\\\/\\\/www.apfelpatient.de\\\/news\\\/apple-arkit-3-unter-ios-13-nicht-jedes-iphone-ipad-wird-kompatibel-sein#primaryimage\"},\"thumbnailUrl\":\"https:\\\/\\\/www.apfelpatient.de\\\/wp-content\\\/uploads\\\/2019\\\/04\\\/iOS12_Lego-AR_06042018.jpg\",\"keywords\":[\"ARKit\",\"ARKit 3\",\"iOS\",\"iOS 13\",\"iPad\",\"iPadOS\",\"iPhone\",\"WWDC 2019\"],\"articleSection\":\"News\",\"inLanguage\":\"en-US\",\"potentialAction\":[{\"@type\":\"CommentAction\",\"name\":\"Comment\",\"target\":[\"https:\\\/\\\/www.apfelpatient.de\\\/news\\\/apple-arkit-3-unter-ios-13-nicht-jedes-iphone-ipad-wird-kompatibel-sein#respond\"]}],\"copyrightYear\":\"2019\",\"copyrightHolder\":{\"@id\":\"https:\\\/\\\/www.apfelpatient.de\\\/en\\\/#organization\"}},{\"@type\":\"WebPage\",\"@id\":\"https:\\\/\\\/www.apfelpatient.de\\\/news\\\/apple-arkit-3-unter-ios-13-nicht-jedes-iphone-ipad-wird-kompatibel-sein\",\"url\":\"https:\\\/\\\/www.apfelpatient.de\\\/news\\\/apple-arkit-3-unter-ios-13-nicht-jedes-iphone-ipad-wird-kompatibel-sein\",\"name\":\"Apple ARKit 3 unter iOS 13 - nicht jedes iPhone & iPad wird kompatibel sein Apfelpatient\",\"isPartOf\":{\"@id\":\"https:\\\/\\\/www.apfelpatient.de\\\/#website\"},\"primaryImageOfPage\":{\"@id\":\"https:\\\/\\\/www.apfelpatient.de\\\/news\\\/apple-arkit-3-unter-ios-13-nicht-jedes-iphone-ipad-wird-kompatibel-sein#primaryimage\"},\"image\":{\"@id\":\"https:\\\/\\\/www.apfelpatient.de\\\/news\\\/apple-arkit-3-unter-ios-13-nicht-jedes-iphone-ipad-wird-kompatibel-sein#primaryimage\"},\"thumbnailUrl\":\"https:\\\/\\\/www.apfelpatient.de\\\/wp-content\\\/uploads\\\/2019\\\/04\\\/iOS12_Lego-AR_06042018.jpg\",\"datePublished\":\"2019-06-05T12:07:21+00:00\",\"description\":\"- Apple hat im Rahmen der WWDC 2019 das neueste Update seiner Augmented-Reality-Plattform ARKit 3 angek\u00fcndigt. Die neueste Version bringt einige neue Funktionen wie Bewegungserfassung, mehrfache Gesichtserkennung, gleichzeitige Verwendung von Front- und R\u00fcckkamera und vieles mehr. Doch nicht jedes iPhone und iPad wird die Neuerungen unterst\u00fctzen.\",\"breadcrumb\":{\"@id\":\"https:\\\/\\\/www.apfelpatient.de\\\/news\\\/apple-arkit-3-unter-ios-13-nicht-jedes-iphone-ipad-wird-kompatibel-sein#breadcrumb\"},\"inLanguage\":\"en-US\",\"potentialAction\":[{\"@type\":\"ReadAction\",\"target\":[\"https:\\\/\\\/www.apfelpatient.de\\\/news\\\/apple-arkit-3-unter-ios-13-nicht-jedes-iphone-ipad-wird-kompatibel-sein\"]}]},{\"@type\":\"ImageObject\",\"inLanguage\":\"en-US\",\"@id\":\"https:\\\/\\\/www.apfelpatient.de\\\/news\\\/apple-arkit-3-unter-ios-13-nicht-jedes-iphone-ipad-wird-kompatibel-sein#primaryimage\",\"url\":\"https:\\\/\\\/www.apfelpatient.de\\\/wp-content\\\/uploads\\\/2019\\\/04\\\/iOS12_Lego-AR_06042018.jpg\",\"contentUrl\":\"https:\\\/\\\/www.apfelpatient.de\\\/wp-content\\\/uploads\\\/2019\\\/04\\\/iOS12_Lego-AR_06042018.jpg\",\"width\":1142,\"height\":644,\"caption\":\"Bild: Apple\"},{\"@type\":\"BreadcrumbList\",\"@id\":\"https:\\\/\\\/www.apfelpatient.de\\\/news\\\/apple-arkit-3-unter-ios-13-nicht-jedes-iphone-ipad-wird-kompatibel-sein#breadcrumb\",\"itemListElement\":[{\"@type\":\"ListItem\",\"position\":1,\"name\":\"Startseite\",\"item\":\"https:\\\/\\\/www.apfelpatient.de\\\/\"},{\"@type\":\"ListItem\",\"position\":2,\"name\":\"Apple ARKit 3 unter iOS 13 &#8211; nicht jedes iPhone &#038; iPad wird kompatibel sein\"}]},{\"@type\":\"WebSite\",\"@id\":\"https:\\\/\\\/www.apfelpatient.de\\\/#website\",\"url\":\"https:\\\/\\\/www.apfelpatient.de\\\/\",\"name\":\"Apfelpatient\",\"description\":\"Alles rund um Apple!\",\"publisher\":{\"@type\":\"Organization\",\"@id\":\"https:\\\/\\\/www.apfelpatient.de\\\/en\\\/#organization\",\"name\":\"Apfelpatient\",\"url\":\"https:\\\/\\\/www.apfelpatient.de\\\/en\\\/\"},\"alternateName\":\"Apfelpatient\",\"potentialAction\":[{\"@type\":\"SearchAction\",\"target\":{\"@type\":\"EntryPoint\",\"urlTemplate\":\"https:\\\/\\\/www.apfelpatient.de\\\/?s={search_term_string}\"},\"query-input\":{\"@type\":\"PropertyValueSpecification\",\"valueRequired\":true,\"valueName\":\"search_term_string\"}}],\"inLanguage\":\"en-US\"},{\"@type\":[\"Person\",\"Organization\"],\"@id\":\"https:\\\/\\\/www.apfelpatient.de\\\/#\\\/schema\\\/person\\\/7dc56ad6c8e9824b76d2c08d4c140e13\",\"name\":\"Milan\",\"logo\":{\"@id\":\"https:\\\/\\\/www.apfelpatient.de\\\/#\\\/schema\\\/person\\\/image\\\/\"},\"description\":\"Hallo und herzlich willkommen auf meinem Technik-Blog! Als gro\u00dfer Apple-Fan berichte ich hier \u00fcber alles, was mit Apple zu tun hat: von den neuesten News und spannenden Ger\u00fcchten \u00fcber hilfreiche Tipps und Tricks bis hin zu ausf\u00fchrlichen Produkttests. Wenn du genauso technikbegeistert bist wie ich, bist du hier genau richtig!\",\"sameAs\":[\"https:\\\/\\\/www.facebook.com\\\/apfelpatientOfficial\",\"https:\\\/\\\/www.linkedin.com\\\/in\\\/milan-jovicic-42aa0231b\"],\"url\":\"https:\\\/\\\/www.apfelpatient.de\\\/en\\\/author\\\/apfeladmin\"}]}<\/script>\n<!-- \/ Yoast SEO Premium plugin. -->","yoast_head_json":{"title":"Apple ARKit 3 under iOS 13 - not every iPhone &amp; iPad will be compatible Apfelpatient","description":"- Apple announced the latest update to its augmented reality platform ARKit 3 at WWDC 2019. The latest version brings some new features such as motion capture, multiple facial recognition, simultaneous use of front and rear cameras and much more. However, not every iPhone and iPad will support the new features.","robots":{"index":"index","follow":"follow","max-snippet":"max-snippet:-1","max-image-preview":"max-image-preview:large","max-video-preview":"max-video-preview:-1"},"canonical":"https:\/\/www.apfelpatient.de\/en\/news\/apple-arkit-3-under-ios-13-not-every-iphone-ipad-will-be-compatible","og_locale":"en_US","og_type":"article","og_title":"Apple ARKit 3 unter iOS 13 - nicht jedes iPhone & iPad wird kompatibel sein","og_description":"- Apple hat im Rahmen der WWDC 2019 das neueste Update seiner Augmented-Reality-Plattform ARKit 3 angek\u00fcndigt. Die neueste Version bringt einige neue Funktionen wie Bewegungserfassung, mehrfache Gesichtserkennung, gleichzeitige Verwendung von Front- und R\u00fcckkamera und vieles mehr. Doch nicht jedes iPhone und iPad wird die Neuerungen unterst\u00fctzen.","og_url":"https:\/\/www.apfelpatient.de\/en\/news\/apple-arkit-3-under-ios-13-not-every-iphone-ipad-will-be-compatible","og_site_name":"Apfelpatient","article_publisher":"https:\/\/www.facebook.com\/apfelpatientOfficial","article_author":"https:\/\/www.facebook.com\/apfelpatientOfficial","article_published_time":"2019-06-05T12:07:21+00:00","og_image":[{"width":1142,"height":644,"url":"https:\/\/www.apfelpatient.de\/wp-content\/uploads\/2019\/04\/iOS12_Lego-AR_06042018.jpg","type":"image\/jpeg"}],"author":"Milan","twitter_card":"summary_large_image","twitter_misc":{"Written by":"Milan","Est. reading time":"2 minutes"},"schema":{"@context":"https:\/\/schema.org","@graph":[{"@type":"NewsArticle","@id":"https:\/\/www.apfelpatient.de\/news\/apple-arkit-3-unter-ios-13-nicht-jedes-iphone-ipad-wird-kompatibel-sein#article","isPartOf":{"@id":"https:\/\/www.apfelpatient.de\/news\/apple-arkit-3-unter-ios-13-nicht-jedes-iphone-ipad-wird-kompatibel-sein"},"author":{"@type":"Organization","@id":"https:\/\/www.apfelpatient.de\/en\/#organization","name":"Apfelpatient","url":"https:\/\/www.apfelpatient.de\/en\/"},"headline":"Apple ARKit 3 unter iOS 13 &#8211; nicht jedes iPhone &#038; iPad wird kompatibel sein","datePublished":"2019-06-05T12:07:21+00:00","mainEntityOfPage":{"@id":"https:\/\/www.apfelpatient.de\/news\/apple-arkit-3-unter-ios-13-nicht-jedes-iphone-ipad-wird-kompatibel-sein"},"wordCount":352,"commentCount":0,"publisher":{"@type":"Organization","@id":"https:\/\/www.apfelpatient.de\/en\/#organization","name":"Apfelpatient","url":"https:\/\/www.apfelpatient.de\/en\/"},"image":{"@id":"https:\/\/www.apfelpatient.de\/news\/apple-arkit-3-unter-ios-13-nicht-jedes-iphone-ipad-wird-kompatibel-sein#primaryimage"},"thumbnailUrl":"https:\/\/www.apfelpatient.de\/wp-content\/uploads\/2019\/04\/iOS12_Lego-AR_06042018.jpg","keywords":["ARKit","ARKit 3","iOS","iOS 13","iPad","iPadOS","iPhone","WWDC 2019"],"articleSection":"News","inLanguage":"en-US","potentialAction":[{"@type":"CommentAction","name":"Comment","target":["https:\/\/www.apfelpatient.de\/news\/apple-arkit-3-unter-ios-13-nicht-jedes-iphone-ipad-wird-kompatibel-sein#respond"]}],"copyrightYear":"2019","copyrightHolder":{"@id":"https:\/\/www.apfelpatient.de\/en\/#organization"}},{"@type":"WebPage","@id":"https:\/\/www.apfelpatient.de\/news\/apple-arkit-3-unter-ios-13-nicht-jedes-iphone-ipad-wird-kompatibel-sein","url":"https:\/\/www.apfelpatient.de\/news\/apple-arkit-3-unter-ios-13-nicht-jedes-iphone-ipad-wird-kompatibel-sein","name":"Apple ARKit 3 under iOS 13 - not every iPhone &amp; iPad will be compatible Apfelpatient","isPartOf":{"@id":"https:\/\/www.apfelpatient.de\/#website"},"primaryImageOfPage":{"@id":"https:\/\/www.apfelpatient.de\/news\/apple-arkit-3-unter-ios-13-nicht-jedes-iphone-ipad-wird-kompatibel-sein#primaryimage"},"image":{"@id":"https:\/\/www.apfelpatient.de\/news\/apple-arkit-3-unter-ios-13-nicht-jedes-iphone-ipad-wird-kompatibel-sein#primaryimage"},"thumbnailUrl":"https:\/\/www.apfelpatient.de\/wp-content\/uploads\/2019\/04\/iOS12_Lego-AR_06042018.jpg","datePublished":"2019-06-05T12:07:21+00:00","description":"- Apple announced the latest update to its augmented reality platform ARKit 3 at WWDC 2019. The latest version brings some new features such as motion capture, multiple facial recognition, simultaneous use of front and rear cameras and much more. However, not every iPhone and iPad will support the new features.","breadcrumb":{"@id":"https:\/\/www.apfelpatient.de\/news\/apple-arkit-3-unter-ios-13-nicht-jedes-iphone-ipad-wird-kompatibel-sein#breadcrumb"},"inLanguage":"en-US","potentialAction":[{"@type":"ReadAction","target":["https:\/\/www.apfelpatient.de\/news\/apple-arkit-3-unter-ios-13-nicht-jedes-iphone-ipad-wird-kompatibel-sein"]}]},{"@type":"ImageObject","inLanguage":"en-US","@id":"https:\/\/www.apfelpatient.de\/news\/apple-arkit-3-unter-ios-13-nicht-jedes-iphone-ipad-wird-kompatibel-sein#primaryimage","url":"https:\/\/www.apfelpatient.de\/wp-content\/uploads\/2019\/04\/iOS12_Lego-AR_06042018.jpg","contentUrl":"https:\/\/www.apfelpatient.de\/wp-content\/uploads\/2019\/04\/iOS12_Lego-AR_06042018.jpg","width":1142,"height":644,"caption":"Bild: Apple"},{"@type":"BreadcrumbList","@id":"https:\/\/www.apfelpatient.de\/news\/apple-arkit-3-unter-ios-13-nicht-jedes-iphone-ipad-wird-kompatibel-sein#breadcrumb","itemListElement":[{"@type":"ListItem","position":1,"name":"Startseite","item":"https:\/\/www.apfelpatient.de\/"},{"@type":"ListItem","position":2,"name":"Apple ARKit 3 unter iOS 13 &#8211; nicht jedes iPhone &#038; iPad wird kompatibel sein"}]},{"@type":"WebSite","@id":"https:\/\/www.apfelpatient.de\/#website","url":"https:\/\/www.apfelpatient.de\/","name":"apple patient","description":"Everything about Apple!","publisher":{"@type":"Organization","@id":"https:\/\/www.apfelpatient.de\/en\/#organization","name":"Apfelpatient","url":"https:\/\/www.apfelpatient.de\/en\/"},"alternateName":"Apfelpatient","potentialAction":[{"@type":"SearchAction","target":{"@type":"EntryPoint","urlTemplate":"https:\/\/www.apfelpatient.de\/?s={search_term_string}"},"query-input":{"@type":"PropertyValueSpecification","valueRequired":true,"valueName":"search_term_string"}}],"inLanguage":"en-US"},{"@type":["Person","Organization"],"@id":"https:\/\/www.apfelpatient.de\/#\/schema\/person\/7dc56ad6c8e9824b76d2c08d4c140e13","name":"Milan","logo":{"@id":"https:\/\/www.apfelpatient.de\/#\/schema\/person\/image\/"},"description":"Hello and welcome to my technology blog! As a big Apple fan, I report on everything to do with Apple: from the latest news and exciting rumors to helpful tips and tricks and detailed product tests. If you are as enthusiastic about technology as I am, you have come to the right place!","sameAs":["https:\/\/www.facebook.com\/apfelpatientOfficial","https:\/\/www.linkedin.com\/in\/milan-jovicic-42aa0231b"],"url":"https:\/\/www.apfelpatient.de\/en\/author\/apfeladmin"}]}},"_links":{"self":[{"href":"https:\/\/www.apfelpatient.de\/en\/wp-json\/wp\/v2\/posts\/4677","targetHints":{"allow":["GET"]}}],"collection":[{"href":"https:\/\/www.apfelpatient.de\/en\/wp-json\/wp\/v2\/posts"}],"about":[{"href":"https:\/\/www.apfelpatient.de\/en\/wp-json\/wp\/v2\/types\/post"}],"author":[{"embeddable":true,"href":"https:\/\/www.apfelpatient.de\/en\/wp-json\/wp\/v2\/users\/2"}],"replies":[{"embeddable":true,"href":"https:\/\/www.apfelpatient.de\/en\/wp-json\/wp\/v2\/comments?post=4677"}],"version-history":[{"count":0,"href":"https:\/\/www.apfelpatient.de\/en\/wp-json\/wp\/v2\/posts\/4677\/revisions"}],"wp:featuredmedia":[{"embeddable":true,"href":"https:\/\/www.apfelpatient.de\/en\/wp-json\/wp\/v2\/media\/4148"}],"wp:attachment":[{"href":"https:\/\/www.apfelpatient.de\/en\/wp-json\/wp\/v2\/media?parent=4677"}],"wp:term":[{"taxonomy":"category","embeddable":true,"href":"https:\/\/www.apfelpatient.de\/en\/wp-json\/wp\/v2\/categories?post=4677"},{"taxonomy":"post_tag","embeddable":true,"href":"https:\/\/www.apfelpatient.de\/en\/wp-json\/wp\/v2\/tags?post=4677"}],"curies":[{"name":"wp","href":"https:\/\/api.w.org\/{rel}","templated":true}]}}