{"id":4674,"date":"2019-06-05T13:57:45","date_gmt":"2019-06-05T11:57:45","guid":{"rendered":"https:\/\/apfelpatient.de\/?p=4674"},"modified":"2025-02-06T07:35:02","modified_gmt":"2025-02-06T06:35:02","slug":"apple-cleans-up-under-macos-catalina","status":"publish","type":"post","link":"https:\/\/www.apfelpatient.de\/en\/news\/apple-raeumt-unter-macos-catalina-kraeftig-auf","title":{"rendered":"Apple cleans up macOS Catalina"},"content":{"rendered":"<p class=\"p1\"><strong>After browsing through the first macOS 10.15 Catalina beta version for a while, one thing is clear \u2013 the Dashboard is officially being phased out in favor of the Notification Center.<\/strong><\/p>\n<p class=\"p1\">The Dashboard was first introduced in OS X 10.4 Tiger and acted as a dedicated hub for widgets such as weather, calculator, timer and third-party software. However, as user interest has waned, the Dashboard was disabled by default back in OS X 10.10 Yosemite and replaced by Notification Center. It is also still disabled in macOS 10.14 Mojave, so the user has to manually enable the feature if they actually want to use it. Now, on macOS Catalina, the Dashboard has been completely removed.<\/p>\n<p class=\"p1\"><strong>The Notification Center is the future<\/strong><\/p>\n<p class=\"p1\"><\/p>\n<p class=\"p1\">Developers tried to force the tool to activate via the terminal - normally such an action would return an inactive dashboard - but to no avail. This means that the code for the function is no longer included in the current version of the operating system. Users who actually still use the feature will sooner or later have to get used to the Notification Center on macOS. The &quot;Today&quot; view of the function has taken over most of the features of the dashboard, including the ability to install third-party widgets.<\/p>\n<p class=\"p1\">iTunes will also no longer be available under macOS Catalina \u2013 you can find everything you need to know <a href=\"https:\/\/www.apfelpatient.de\/en\">here<\/a>. <em>(Photo by Unsplash)<\/em><\/p>\n<div class=\"simple-text tt-content size-4 title-droid margin-big\">\n<h6><a href=\"https:\/\/t.me\/apfelpatient_official\"><em><strong>Don&#039;t want to miss any more news? Then subscribe to our Telegram channel here<\/strong><\/em><\/a><\/h6>\n<\/div>","protected":false},"excerpt":{"rendered":"<p>Nach l\u00e4ngerem St\u00f6bern in der ersten macOS 10.15 Catalina Beta Version ist eins klar &#8211; das Dashboard wird offiziell zugunsten des Notification Centers ausgemustert. Das Dashboard wurde erstmals in OS X 10.4 Tiger eingef\u00fchrt und fungierte als dedizierter Hub f\u00fcr Widgets wie Wetter, Taschenrechner, Timer und Software von Drittanbietern. Da das Interesse der Benutzer jedoch [&hellip;]<\/p>\n","protected":false},"author":2,"featured_media":1478,"comment_status":"open","ping_status":"open","sticky":false,"template":"","format":"standard","meta":{"jnews-multi-image_gallery":[],"jnews_single_post":[],"jnews_primary_category":[],"footnotes":""},"categories":[9],"tags":[56,4,289,273],"class_list":["post-4674","post","type-post","status-publish","format-standard","has-post-thumbnail","hentry","category-news","tag-beta","tag-macos","tag-macos-10-15-catalina","tag-wwdc-2019"],"yoast_head":"<!-- This site is optimized with the Yoast SEO Premium plugin v27.5 (Yoast SEO v27.5) - https:\/\/yoast.com\/product\/yoast-seo-premium-wordpress\/ -->\n<title>Apple r\u00e4umt unter macOS Catalina kr\u00e4ftig auf Apfelpatient<\/title>\n<meta name=\"description\" content=\"- Nach l\u00e4ngerem St\u00f6bern in der ersten macOS 10.15 Catalina Beta Version ist eins klar - das Dashboard wird offiziell zugunsten des Notification Centers ausgemustert.\" \/>\n<meta name=\"robots\" content=\"index, follow, max-snippet:-1, max-image-preview:large, max-video-preview:-1\" \/>\n<link rel=\"canonical\" href=\"https:\/\/www.apfelpatient.de\/en\/news\/apple-cleans-up-under-macos-catalina\" \/>\n<meta property=\"og:locale\" content=\"en_US\" \/>\n<meta property=\"og:type\" content=\"article\" \/>\n<meta property=\"og:title\" content=\"Apple r\u00e4umt unter macOS Catalina kr\u00e4ftig auf\" \/>\n<meta property=\"og:description\" content=\"- Nach l\u00e4ngerem St\u00f6bern in der ersten macOS 10.15 Catalina Beta Version ist eins klar - das Dashboard wird offiziell zugunsten des Notification Centers ausgemustert.\" \/>\n<meta property=\"og:url\" content=\"https:\/\/www.apfelpatient.de\/en\/news\/apple-cleans-up-under-macos-catalina\" \/>\n<meta property=\"og:site_name\" content=\"Apfelpatient\" \/>\n<meta property=\"article:publisher\" content=\"https:\/\/www.facebook.com\/apfelpatientOfficial\" \/>\n<meta property=\"article:author\" content=\"https:\/\/www.facebook.com\/apfelpatientOfficial\" \/>\n<meta property=\"article:published_time\" content=\"2019-06-05T11:57:45+00:00\" \/>\n<meta property=\"article:modified_time\" content=\"2025-02-06T06:35:02+00:00\" \/>\n<meta property=\"og:image\" content=\"https:\/\/www.apfelpatient.de\/wp-content\/uploads\/2018\/08\/med-badr-chemmaoui-524648-unsplash.jpg\" \/>\n\t<meta property=\"og:image:width\" content=\"1024\" \/>\n\t<meta property=\"og:image:height\" content=\"683\" \/>\n\t<meta property=\"og:image:type\" content=\"image\/jpeg\" \/>\n<meta name=\"author\" content=\"Milan\" \/>\n<meta name=\"twitter:card\" content=\"summary_large_image\" \/>\n<meta name=\"twitter:label1\" content=\"Written by\" \/>\n\t<meta name=\"twitter:data1\" content=\"Milan\" \/>\n\t<meta name=\"twitter:label2\" content=\"Est. reading time\" \/>\n\t<meta name=\"twitter:data2\" content=\"1 minute\" \/>\n<script type=\"application\/ld+json\" class=\"yoast-schema-graph\">{\"@context\":\"https:\\\/\\\/schema.org\",\"@graph\":[{\"@type\":\"NewsArticle\",\"@id\":\"https:\\\/\\\/www.apfelpatient.de\\\/news\\\/apple-raeumt-unter-macos-catalina-kraeftig-auf#article\",\"isPartOf\":{\"@id\":\"https:\\\/\\\/www.apfelpatient.de\\\/news\\\/apple-raeumt-unter-macos-catalina-kraeftig-auf\"},\"author\":{\"@type\":\"Organization\",\"@id\":\"https:\\\/\\\/www.apfelpatient.de\\\/en\\\/#organization\",\"name\":\"Apfelpatient\",\"url\":\"https:\\\/\\\/www.apfelpatient.de\\\/en\\\/\"},\"headline\":\"Apple r\u00e4umt unter macOS Catalina kr\u00e4ftig auf\",\"datePublished\":\"2019-06-05T11:57:45+00:00\",\"dateModified\":\"2025-02-06T06:35:02+00:00\",\"mainEntityOfPage\":{\"@id\":\"https:\\\/\\\/www.apfelpatient.de\\\/news\\\/apple-raeumt-unter-macos-catalina-kraeftig-auf\"},\"wordCount\":254,\"commentCount\":0,\"publisher\":{\"@type\":\"Organization\",\"@id\":\"https:\\\/\\\/www.apfelpatient.de\\\/en\\\/#organization\",\"name\":\"Apfelpatient\",\"url\":\"https:\\\/\\\/www.apfelpatient.de\\\/en\\\/\"},\"image\":{\"@id\":\"https:\\\/\\\/www.apfelpatient.de\\\/news\\\/apple-raeumt-unter-macos-catalina-kraeftig-auf#primaryimage\"},\"thumbnailUrl\":\"https:\\\/\\\/www.apfelpatient.de\\\/wp-content\\\/uploads\\\/2018\\\/08\\\/med-badr-chemmaoui-524648-unsplash.jpg\",\"keywords\":[\"Beta\",\"macOS\",\"macOS 10.15 Catalina\",\"WWDC 2019\"],\"articleSection\":\"News\",\"inLanguage\":\"en-US\",\"potentialAction\":[{\"@type\":\"CommentAction\",\"name\":\"Comment\",\"target\":[\"https:\\\/\\\/www.apfelpatient.de\\\/news\\\/apple-raeumt-unter-macos-catalina-kraeftig-auf#respond\"]}],\"copyrightYear\":\"2019\",\"copyrightHolder\":{\"@id\":\"https:\\\/\\\/www.apfelpatient.de\\\/en\\\/#organization\"}},{\"@type\":\"WebPage\",\"@id\":\"https:\\\/\\\/www.apfelpatient.de\\\/news\\\/apple-raeumt-unter-macos-catalina-kraeftig-auf\",\"url\":\"https:\\\/\\\/www.apfelpatient.de\\\/news\\\/apple-raeumt-unter-macos-catalina-kraeftig-auf\",\"name\":\"Apple r\u00e4umt unter macOS Catalina kr\u00e4ftig auf Apfelpatient\",\"isPartOf\":{\"@id\":\"https:\\\/\\\/www.apfelpatient.de\\\/#website\"},\"primaryImageOfPage\":{\"@id\":\"https:\\\/\\\/www.apfelpatient.de\\\/news\\\/apple-raeumt-unter-macos-catalina-kraeftig-auf#primaryimage\"},\"image\":{\"@id\":\"https:\\\/\\\/www.apfelpatient.de\\\/news\\\/apple-raeumt-unter-macos-catalina-kraeftig-auf#primaryimage\"},\"thumbnailUrl\":\"https:\\\/\\\/www.apfelpatient.de\\\/wp-content\\\/uploads\\\/2018\\\/08\\\/med-badr-chemmaoui-524648-unsplash.jpg\",\"datePublished\":\"2019-06-05T11:57:45+00:00\",\"dateModified\":\"2025-02-06T06:35:02+00:00\",\"description\":\"- Nach l\u00e4ngerem St\u00f6bern in der ersten macOS 10.15 Catalina Beta Version ist eins klar - das Dashboard wird offiziell zugunsten des Notification Centers ausgemustert.\",\"breadcrumb\":{\"@id\":\"https:\\\/\\\/www.apfelpatient.de\\\/news\\\/apple-raeumt-unter-macos-catalina-kraeftig-auf#breadcrumb\"},\"inLanguage\":\"en-US\",\"potentialAction\":[{\"@type\":\"ReadAction\",\"target\":[\"https:\\\/\\\/www.apfelpatient.de\\\/news\\\/apple-raeumt-unter-macos-catalina-kraeftig-auf\"]}]},{\"@type\":\"ImageObject\",\"inLanguage\":\"en-US\",\"@id\":\"https:\\\/\\\/www.apfelpatient.de\\\/news\\\/apple-raeumt-unter-macos-catalina-kraeftig-auf#primaryimage\",\"url\":\"https:\\\/\\\/www.apfelpatient.de\\\/wp-content\\\/uploads\\\/2018\\\/08\\\/med-badr-chemmaoui-524648-unsplash.jpg\",\"contentUrl\":\"https:\\\/\\\/www.apfelpatient.de\\\/wp-content\\\/uploads\\\/2018\\\/08\\\/med-badr-chemmaoui-524648-unsplash.jpg\",\"width\":4238,\"height\":2825,\"caption\":\"Photo by Unsplash\"},{\"@type\":\"BreadcrumbList\",\"@id\":\"https:\\\/\\\/www.apfelpatient.de\\\/news\\\/apple-raeumt-unter-macos-catalina-kraeftig-auf#breadcrumb\",\"itemListElement\":[{\"@type\":\"ListItem\",\"position\":1,\"name\":\"Startseite\",\"item\":\"https:\\\/\\\/www.apfelpatient.de\\\/\"},{\"@type\":\"ListItem\",\"position\":2,\"name\":\"Apple r\u00e4umt unter macOS Catalina kr\u00e4ftig auf\"}]},{\"@type\":\"WebSite\",\"@id\":\"https:\\\/\\\/www.apfelpatient.de\\\/#website\",\"url\":\"https:\\\/\\\/www.apfelpatient.de\\\/\",\"name\":\"Apfelpatient\",\"description\":\"Alles rund um Apple!\",\"publisher\":{\"@type\":\"Organization\",\"@id\":\"https:\\\/\\\/www.apfelpatient.de\\\/en\\\/#organization\",\"name\":\"Apfelpatient\",\"url\":\"https:\\\/\\\/www.apfelpatient.de\\\/en\\\/\"},\"alternateName\":\"Apfelpatient\",\"potentialAction\":[{\"@type\":\"SearchAction\",\"target\":{\"@type\":\"EntryPoint\",\"urlTemplate\":\"https:\\\/\\\/www.apfelpatient.de\\\/?s={search_term_string}\"},\"query-input\":{\"@type\":\"PropertyValueSpecification\",\"valueRequired\":true,\"valueName\":\"search_term_string\"}}],\"inLanguage\":\"en-US\"},{\"@type\":[\"Person\",\"Organization\"],\"@id\":\"https:\\\/\\\/www.apfelpatient.de\\\/#\\\/schema\\\/person\\\/7dc56ad6c8e9824b76d2c08d4c140e13\",\"name\":\"Milan\",\"logo\":{\"@id\":\"https:\\\/\\\/www.apfelpatient.de\\\/#\\\/schema\\\/person\\\/image\\\/\"},\"description\":\"Hallo und herzlich willkommen auf meinem Technik-Blog! Als gro\u00dfer Apple-Fan berichte ich hier \u00fcber alles, was mit Apple zu tun hat: von den neuesten News und spannenden Ger\u00fcchten \u00fcber hilfreiche Tipps und Tricks bis hin zu ausf\u00fchrlichen Produkttests. Wenn du genauso technikbegeistert bist wie ich, bist du hier genau richtig!\",\"sameAs\":[\"https:\\\/\\\/www.facebook.com\\\/apfelpatientOfficial\",\"https:\\\/\\\/www.linkedin.com\\\/in\\\/milan-jovicic-42aa0231b\"],\"url\":\"https:\\\/\\\/www.apfelpatient.de\\\/en\\\/author\\\/apfeladmin\"}]}<\/script>\n<!-- \/ Yoast SEO Premium plugin. -->","yoast_head_json":{"title":"Apple cleans up macOS Catalina Apfelpatient","description":"- After browsing through the first macOS 10.15 Catalina beta version for a while, one thing is clear - the Dashboard is officially being phased out in favor of the Notification Center.","robots":{"index":"index","follow":"follow","max-snippet":"max-snippet:-1","max-image-preview":"max-image-preview:large","max-video-preview":"max-video-preview:-1"},"canonical":"https:\/\/www.apfelpatient.de\/en\/news\/apple-cleans-up-under-macos-catalina","og_locale":"en_US","og_type":"article","og_title":"Apple r\u00e4umt unter macOS Catalina kr\u00e4ftig auf","og_description":"- Nach l\u00e4ngerem St\u00f6bern in der ersten macOS 10.15 Catalina Beta Version ist eins klar - das Dashboard wird offiziell zugunsten des Notification Centers ausgemustert.","og_url":"https:\/\/www.apfelpatient.de\/en\/news\/apple-cleans-up-under-macos-catalina","og_site_name":"Apfelpatient","article_publisher":"https:\/\/www.facebook.com\/apfelpatientOfficial","article_author":"https:\/\/www.facebook.com\/apfelpatientOfficial","article_published_time":"2019-06-05T11:57:45+00:00","article_modified_time":"2025-02-06T06:35:02+00:00","og_image":[{"url":"https:\/\/www.apfelpatient.de\/wp-content\/uploads\/2018\/08\/med-badr-chemmaoui-524648-unsplash.jpg","width":1024,"height":683,"type":"image\/jpeg"}],"author":"Milan","twitter_card":"summary_large_image","twitter_misc":{"Written by":"Milan","Est. reading time":"1 minute"},"schema":{"@context":"https:\/\/schema.org","@graph":[{"@type":"NewsArticle","@id":"https:\/\/www.apfelpatient.de\/news\/apple-raeumt-unter-macos-catalina-kraeftig-auf#article","isPartOf":{"@id":"https:\/\/www.apfelpatient.de\/news\/apple-raeumt-unter-macos-catalina-kraeftig-auf"},"author":{"@type":"Organization","@id":"https:\/\/www.apfelpatient.de\/en\/#organization","name":"Apfelpatient","url":"https:\/\/www.apfelpatient.de\/en\/"},"headline":"Apple r\u00e4umt unter macOS Catalina kr\u00e4ftig auf","datePublished":"2019-06-05T11:57:45+00:00","dateModified":"2025-02-06T06:35:02+00:00","mainEntityOfPage":{"@id":"https:\/\/www.apfelpatient.de\/news\/apple-raeumt-unter-macos-catalina-kraeftig-auf"},"wordCount":254,"commentCount":0,"publisher":{"@type":"Organization","@id":"https:\/\/www.apfelpatient.de\/en\/#organization","name":"Apfelpatient","url":"https:\/\/www.apfelpatient.de\/en\/"},"image":{"@id":"https:\/\/www.apfelpatient.de\/news\/apple-raeumt-unter-macos-catalina-kraeftig-auf#primaryimage"},"thumbnailUrl":"https:\/\/www.apfelpatient.de\/wp-content\/uploads\/2018\/08\/med-badr-chemmaoui-524648-unsplash.jpg","keywords":["Beta","macOS","macOS 10.15 Catalina","WWDC 2019"],"articleSection":"News","inLanguage":"en-US","potentialAction":[{"@type":"CommentAction","name":"Comment","target":["https:\/\/www.apfelpatient.de\/news\/apple-raeumt-unter-macos-catalina-kraeftig-auf#respond"]}],"copyrightYear":"2019","copyrightHolder":{"@id":"https:\/\/www.apfelpatient.de\/en\/#organization"}},{"@type":"WebPage","@id":"https:\/\/www.apfelpatient.de\/news\/apple-raeumt-unter-macos-catalina-kraeftig-auf","url":"https:\/\/www.apfelpatient.de\/news\/apple-raeumt-unter-macos-catalina-kraeftig-auf","name":"Apple cleans up macOS Catalina Apfelpatient","isPartOf":{"@id":"https:\/\/www.apfelpatient.de\/#website"},"primaryImageOfPage":{"@id":"https:\/\/www.apfelpatient.de\/news\/apple-raeumt-unter-macos-catalina-kraeftig-auf#primaryimage"},"image":{"@id":"https:\/\/www.apfelpatient.de\/news\/apple-raeumt-unter-macos-catalina-kraeftig-auf#primaryimage"},"thumbnailUrl":"https:\/\/www.apfelpatient.de\/wp-content\/uploads\/2018\/08\/med-badr-chemmaoui-524648-unsplash.jpg","datePublished":"2019-06-05T11:57:45+00:00","dateModified":"2025-02-06T06:35:02+00:00","description":"- After browsing through the first macOS 10.15 Catalina beta version for a while, one thing is clear - the Dashboard is officially being phased out in favor of the Notification Center.","breadcrumb":{"@id":"https:\/\/www.apfelpatient.de\/news\/apple-raeumt-unter-macos-catalina-kraeftig-auf#breadcrumb"},"inLanguage":"en-US","potentialAction":[{"@type":"ReadAction","target":["https:\/\/www.apfelpatient.de\/news\/apple-raeumt-unter-macos-catalina-kraeftig-auf"]}]},{"@type":"ImageObject","inLanguage":"en-US","@id":"https:\/\/www.apfelpatient.de\/news\/apple-raeumt-unter-macos-catalina-kraeftig-auf#primaryimage","url":"https:\/\/www.apfelpatient.de\/wp-content\/uploads\/2018\/08\/med-badr-chemmaoui-524648-unsplash.jpg","contentUrl":"https:\/\/www.apfelpatient.de\/wp-content\/uploads\/2018\/08\/med-badr-chemmaoui-524648-unsplash.jpg","width":4238,"height":2825,"caption":"Photo by Unsplash"},{"@type":"BreadcrumbList","@id":"https:\/\/www.apfelpatient.de\/news\/apple-raeumt-unter-macos-catalina-kraeftig-auf#breadcrumb","itemListElement":[{"@type":"ListItem","position":1,"name":"Startseite","item":"https:\/\/www.apfelpatient.de\/"},{"@type":"ListItem","position":2,"name":"Apple r\u00e4umt unter macOS Catalina kr\u00e4ftig auf"}]},{"@type":"WebSite","@id":"https:\/\/www.apfelpatient.de\/#website","url":"https:\/\/www.apfelpatient.de\/","name":"apple patient","description":"Everything about Apple!","publisher":{"@type":"Organization","@id":"https:\/\/www.apfelpatient.de\/en\/#organization","name":"Apfelpatient","url":"https:\/\/www.apfelpatient.de\/en\/"},"alternateName":"Apfelpatient","potentialAction":[{"@type":"SearchAction","target":{"@type":"EntryPoint","urlTemplate":"https:\/\/www.apfelpatient.de\/?s={search_term_string}"},"query-input":{"@type":"PropertyValueSpecification","valueRequired":true,"valueName":"search_term_string"}}],"inLanguage":"en-US"},{"@type":["Person","Organization"],"@id":"https:\/\/www.apfelpatient.de\/#\/schema\/person\/7dc56ad6c8e9824b76d2c08d4c140e13","name":"Milan","logo":{"@id":"https:\/\/www.apfelpatient.de\/#\/schema\/person\/image\/"},"description":"Hello and welcome to my technology blog! As a big Apple fan, I report on everything to do with Apple: from the latest news and exciting rumors to helpful tips and tricks and detailed product tests. If you are as enthusiastic about technology as I am, you have come to the right place!","sameAs":["https:\/\/www.facebook.com\/apfelpatientOfficial","https:\/\/www.linkedin.com\/in\/milan-jovicic-42aa0231b"],"url":"https:\/\/www.apfelpatient.de\/en\/author\/apfeladmin"}]}},"_links":{"self":[{"href":"https:\/\/www.apfelpatient.de\/en\/wp-json\/wp\/v2\/posts\/4674","targetHints":{"allow":["GET"]}}],"collection":[{"href":"https:\/\/www.apfelpatient.de\/en\/wp-json\/wp\/v2\/posts"}],"about":[{"href":"https:\/\/www.apfelpatient.de\/en\/wp-json\/wp\/v2\/types\/post"}],"author":[{"embeddable":true,"href":"https:\/\/www.apfelpatient.de\/en\/wp-json\/wp\/v2\/users\/2"}],"replies":[{"embeddable":true,"href":"https:\/\/www.apfelpatient.de\/en\/wp-json\/wp\/v2\/comments?post=4674"}],"version-history":[{"count":0,"href":"https:\/\/www.apfelpatient.de\/en\/wp-json\/wp\/v2\/posts\/4674\/revisions"}],"wp:featuredmedia":[{"embeddable":true,"href":"https:\/\/www.apfelpatient.de\/en\/wp-json\/wp\/v2\/media\/1478"}],"wp:attachment":[{"href":"https:\/\/www.apfelpatient.de\/en\/wp-json\/wp\/v2\/media?parent=4674"}],"wp:term":[{"taxonomy":"category","embeddable":true,"href":"https:\/\/www.apfelpatient.de\/en\/wp-json\/wp\/v2\/categories?post=4674"},{"taxonomy":"post_tag","embeddable":true,"href":"https:\/\/www.apfelpatient.de\/en\/wp-json\/wp\/v2\/tags?post=4674"}],"curies":[{"name":"wp","href":"https:\/\/api.w.org\/{rel}","templated":true}]}}