{"id":4634,"date":"2019-06-04T01:30:59","date_gmt":"2019-06-03T23:30:59","guid":{"rendered":"https:\/\/apfelpatient.de\/?p=4634"},"modified":"2025-02-06T07:20:38","modified_gmt":"2025-02-06T06:20:38","slug":"these-mac-devices-are-compatible-with-macos-10-15-catalina","status":"publish","type":"post","link":"https:\/\/www.apfelpatient.de\/en\/news\/diese-mac-geraete-sind-mit-macos-10-15-catalina-kompatibel","title":{"rendered":"These Mac devices are compatible with macOS 10.15 Catalina"},"content":{"rendered":"<p><strong>macOS Catalina will be available as a free software update for Macs this fall \u2013 we&#039;ll show you which devices are compatible with the new operating system.<\/strong><\/p>\n<p>All Mac devices introduced in mid-2012 or later are compatible with macOS 10.15 Catalina. This means that the following models can update and install the new macOS 10.15:<\/p>\n<p>MacBook 12\u2033<br \/>\nMacBook Air, 2012 and later<br \/>\nMacBook Pro, 2012 and later<br \/>\nMac mini, 2012 and later<br \/>\niMac, 2012 and later<br \/>\niMac Pro<br \/>\nMac Pro, 2013 and later<\/p>\n<p class=\"p1\"><\/p>\n<p>In this sense, almost all Macs that were able to update to Mojave are also compatible with Catalina. macOS Catalina offers new music, podcast and TV applications, updates to the photo interface, a brand new reminder app, an extended desktop in Safari, updates to Markdown, screen time on macOS and the new &quot;Find My&quot; app. Everything about <a href=\"https:\/\/www.apfelpatient.de\/en\">You can find macOS 10.15 Catalina here<\/a>. <em>(Image: Apple)<\/em><\/p>\n<h6><a href=\"https:\/\/t.me\/apfelpatient_official\"><em><strong>Don&#039;t want to miss any more news? Then subscribe to our Telegram channel here<\/strong><\/em><\/a><\/h6>\n<p><img decoding=\"async\" class=\"aligncenter size-full wp-image-4637\" src=\"https:\/\/www.apfelpatient.de\/wp-content\/uploads\/2019\/06\/Bildschirmfoto-2019-06-04-um-00.19.08.png\" alt=\"\" width=\"2340\" height=\"1612\" \/><\/p>","protected":false},"excerpt":{"rendered":"<p>macOS Catalina wird diesen Herbst als kostenloses Software-Update f\u00fcr Macs verf\u00fcgbar sein &#8211; wir zeigen euch welche Ger\u00e4te mit dem neuen Betriebssystem kompatibel sind. Mit macOS 10.15 Catalina sind alle Mac Ger\u00e4te die Mitte 2012 oder sp\u00e4ter eingef\u00fchrt wurden kompatibel. Das bedeutet, dass die folgenden Modelle das neue macOS 10.15 aktualisieren und installieren k\u00f6nnen: MacBook [&hellip;]<\/p>\n","protected":false},"author":2,"featured_media":4635,"comment_status":"open","ping_status":"open","sticky":false,"template":"","format":"standard","meta":{"jnews-multi-image_gallery":[],"jnews_single_post":[],"jnews_primary_category":[],"footnotes":""},"categories":[9],"tags":[40,4,200,289,273],"class_list":["post-4634","post","type-post","status-publish","format-standard","has-post-thumbnail","hentry","category-news","tag-mac","tag-macos","tag-macos-10-15","tag-macos-10-15-catalina","tag-wwdc-2019"],"yoast_head":"<!-- This site is optimized with the Yoast SEO Premium plugin v27.5 (Yoast SEO v27.5) - https:\/\/yoast.com\/product\/yoast-seo-premium-wordpress\/ -->\n<title>Diese Mac Ger\u00e4te sind mit macOS 10.15 Catalina kompatibel Apfelpatient<\/title>\n<meta name=\"description\" content=\"- macOS Catalina wird diesen Herbst als kostenloses Software-Update f\u00fcr Macs verf\u00fcgbar sein - wir zeigen euch welche Ger\u00e4te mit dem neuen Betriebssystem kompatibel sind.\" \/>\n<meta name=\"robots\" content=\"index, follow, max-snippet:-1, max-image-preview:large, max-video-preview:-1\" \/>\n<link rel=\"canonical\" href=\"https:\/\/www.apfelpatient.de\/en\/news\/these-mac-devices-are-compatible-with-macos-10-15-catalina\" \/>\n<meta property=\"og:locale\" content=\"en_US\" \/>\n<meta property=\"og:type\" content=\"article\" \/>\n<meta property=\"og:title\" content=\"Diese Mac Ger\u00e4te sind mit macOS 10.15 Catalina kompatibel\" \/>\n<meta property=\"og:description\" content=\"- macOS Catalina wird diesen Herbst als kostenloses Software-Update f\u00fcr Macs verf\u00fcgbar sein - wir zeigen euch welche Ger\u00e4te mit dem neuen Betriebssystem kompatibel sind.\" \/>\n<meta property=\"og:url\" content=\"https:\/\/www.apfelpatient.de\/en\/news\/these-mac-devices-are-compatible-with-macos-10-15-catalina\" \/>\n<meta property=\"og:site_name\" content=\"Apfelpatient\" \/>\n<meta property=\"article:publisher\" content=\"https:\/\/www.facebook.com\/apfelpatientOfficial\" \/>\n<meta property=\"article:author\" content=\"https:\/\/www.facebook.com\/apfelpatientOfficial\" \/>\n<meta property=\"article:published_time\" content=\"2019-06-03T23:30:59+00:00\" \/>\n<meta property=\"article:modified_time\" content=\"2025-02-06T06:20:38+00:00\" \/>\n<meta property=\"og:image\" content=\"https:\/\/www.apfelpatient.de\/wp-content\/uploads\/2019\/06\/Apple-previews-macOS-Catalina-Photos-screen-06032019.jpg\" \/>\n\t<meta property=\"og:image:width\" content=\"1632\" \/>\n\t<meta property=\"og:image:height\" content=\"1023\" \/>\n\t<meta property=\"og:image:type\" content=\"image\/jpeg\" \/>\n<meta name=\"author\" content=\"Milan\" \/>\n<meta name=\"twitter:card\" content=\"summary_large_image\" \/>\n<meta name=\"twitter:label1\" content=\"Written by\" \/>\n\t<meta name=\"twitter:data1\" content=\"Milan\" \/>\n\t<meta name=\"twitter:label2\" content=\"Est. reading time\" \/>\n\t<meta name=\"twitter:data2\" content=\"1 minute\" \/>\n<script type=\"application\/ld+json\" class=\"yoast-schema-graph\">{\"@context\":\"https:\\\/\\\/schema.org\",\"@graph\":[{\"@type\":\"NewsArticle\",\"@id\":\"https:\\\/\\\/www.apfelpatient.de\\\/news\\\/diese-mac-geraete-sind-mit-macos-10-15-catalina-kompatibel#article\",\"isPartOf\":{\"@id\":\"https:\\\/\\\/www.apfelpatient.de\\\/news\\\/diese-mac-geraete-sind-mit-macos-10-15-catalina-kompatibel\"},\"author\":{\"@type\":\"Organization\",\"@id\":\"https:\\\/\\\/www.apfelpatient.de\\\/en\\\/#organization\",\"name\":\"Apfelpatient\",\"url\":\"https:\\\/\\\/www.apfelpatient.de\\\/en\\\/\"},\"headline\":\"Diese Mac Ger\u00e4te sind mit macOS 10.15 Catalina kompatibel\",\"datePublished\":\"2019-06-03T23:30:59+00:00\",\"dateModified\":\"2025-02-06T06:20:38+00:00\",\"mainEntityOfPage\":{\"@id\":\"https:\\\/\\\/www.apfelpatient.de\\\/news\\\/diese-mac-geraete-sind-mit-macos-10-15-catalina-kompatibel\"},\"wordCount\":167,\"commentCount\":0,\"publisher\":{\"@type\":\"Organization\",\"@id\":\"https:\\\/\\\/www.apfelpatient.de\\\/en\\\/#organization\",\"name\":\"Apfelpatient\",\"url\":\"https:\\\/\\\/www.apfelpatient.de\\\/en\\\/\"},\"image\":{\"@id\":\"https:\\\/\\\/www.apfelpatient.de\\\/news\\\/diese-mac-geraete-sind-mit-macos-10-15-catalina-kompatibel#primaryimage\"},\"thumbnailUrl\":\"https:\\\/\\\/www.apfelpatient.de\\\/wp-content\\\/uploads\\\/2019\\\/06\\\/Apple-previews-macOS-Catalina-Photos-screen-06032019.jpg\",\"keywords\":[\"Mac\",\"macOS\",\"macOS 10.15\",\"macOS 10.15 Catalina\",\"WWDC 2019\"],\"articleSection\":\"News\",\"inLanguage\":\"en-US\",\"potentialAction\":[{\"@type\":\"CommentAction\",\"name\":\"Comment\",\"target\":[\"https:\\\/\\\/www.apfelpatient.de\\\/news\\\/diese-mac-geraete-sind-mit-macos-10-15-catalina-kompatibel#respond\"]}],\"copyrightYear\":\"2019\",\"copyrightHolder\":{\"@id\":\"https:\\\/\\\/www.apfelpatient.de\\\/en\\\/#organization\"}},{\"@type\":\"WebPage\",\"@id\":\"https:\\\/\\\/www.apfelpatient.de\\\/news\\\/diese-mac-geraete-sind-mit-macos-10-15-catalina-kompatibel\",\"url\":\"https:\\\/\\\/www.apfelpatient.de\\\/news\\\/diese-mac-geraete-sind-mit-macos-10-15-catalina-kompatibel\",\"name\":\"Diese Mac Ger\u00e4te sind mit macOS 10.15 Catalina kompatibel Apfelpatient\",\"isPartOf\":{\"@id\":\"https:\\\/\\\/www.apfelpatient.de\\\/#website\"},\"primaryImageOfPage\":{\"@id\":\"https:\\\/\\\/www.apfelpatient.de\\\/news\\\/diese-mac-geraete-sind-mit-macos-10-15-catalina-kompatibel#primaryimage\"},\"image\":{\"@id\":\"https:\\\/\\\/www.apfelpatient.de\\\/news\\\/diese-mac-geraete-sind-mit-macos-10-15-catalina-kompatibel#primaryimage\"},\"thumbnailUrl\":\"https:\\\/\\\/www.apfelpatient.de\\\/wp-content\\\/uploads\\\/2019\\\/06\\\/Apple-previews-macOS-Catalina-Photos-screen-06032019.jpg\",\"datePublished\":\"2019-06-03T23:30:59+00:00\",\"dateModified\":\"2025-02-06T06:20:38+00:00\",\"description\":\"- macOS Catalina wird diesen Herbst als kostenloses Software-Update f\u00fcr Macs verf\u00fcgbar sein - wir zeigen euch welche Ger\u00e4te mit dem neuen Betriebssystem kompatibel sind.\",\"breadcrumb\":{\"@id\":\"https:\\\/\\\/www.apfelpatient.de\\\/news\\\/diese-mac-geraete-sind-mit-macos-10-15-catalina-kompatibel#breadcrumb\"},\"inLanguage\":\"en-US\",\"potentialAction\":[{\"@type\":\"ReadAction\",\"target\":[\"https:\\\/\\\/www.apfelpatient.de\\\/news\\\/diese-mac-geraete-sind-mit-macos-10-15-catalina-kompatibel\"]}]},{\"@type\":\"ImageObject\",\"inLanguage\":\"en-US\",\"@id\":\"https:\\\/\\\/www.apfelpatient.de\\\/news\\\/diese-mac-geraete-sind-mit-macos-10-15-catalina-kompatibel#primaryimage\",\"url\":\"https:\\\/\\\/www.apfelpatient.de\\\/wp-content\\\/uploads\\\/2019\\\/06\\\/Apple-previews-macOS-Catalina-Photos-screen-06032019.jpg\",\"contentUrl\":\"https:\\\/\\\/www.apfelpatient.de\\\/wp-content\\\/uploads\\\/2019\\\/06\\\/Apple-previews-macOS-Catalina-Photos-screen-06032019.jpg\",\"width\":1632,\"height\":1023,\"caption\":\"Bild: Apple\"},{\"@type\":\"BreadcrumbList\",\"@id\":\"https:\\\/\\\/www.apfelpatient.de\\\/news\\\/diese-mac-geraete-sind-mit-macos-10-15-catalina-kompatibel#breadcrumb\",\"itemListElement\":[{\"@type\":\"ListItem\",\"position\":1,\"name\":\"Startseite\",\"item\":\"https:\\\/\\\/www.apfelpatient.de\\\/\"},{\"@type\":\"ListItem\",\"position\":2,\"name\":\"Diese Mac Ger\u00e4te sind mit macOS 10.15 Catalina kompatibel\"}]},{\"@type\":\"WebSite\",\"@id\":\"https:\\\/\\\/www.apfelpatient.de\\\/#website\",\"url\":\"https:\\\/\\\/www.apfelpatient.de\\\/\",\"name\":\"Apfelpatient\",\"description\":\"Alles rund um Apple!\",\"publisher\":{\"@type\":\"Organization\",\"@id\":\"https:\\\/\\\/www.apfelpatient.de\\\/en\\\/#organization\",\"name\":\"Apfelpatient\",\"url\":\"https:\\\/\\\/www.apfelpatient.de\\\/en\\\/\"},\"alternateName\":\"Apfelpatient\",\"potentialAction\":[{\"@type\":\"SearchAction\",\"target\":{\"@type\":\"EntryPoint\",\"urlTemplate\":\"https:\\\/\\\/www.apfelpatient.de\\\/?s={search_term_string}\"},\"query-input\":{\"@type\":\"PropertyValueSpecification\",\"valueRequired\":true,\"valueName\":\"search_term_string\"}}],\"inLanguage\":\"en-US\"},{\"@type\":[\"Person\",\"Organization\"],\"@id\":\"https:\\\/\\\/www.apfelpatient.de\\\/#\\\/schema\\\/person\\\/7dc56ad6c8e9824b76d2c08d4c140e13\",\"name\":\"Milan\",\"logo\":{\"@id\":\"https:\\\/\\\/www.apfelpatient.de\\\/#\\\/schema\\\/person\\\/image\\\/\"},\"description\":\"Hallo und herzlich willkommen auf meinem Technik-Blog! Als gro\u00dfer Apple-Fan berichte ich hier \u00fcber alles, was mit Apple zu tun hat: von den neuesten News und spannenden Ger\u00fcchten \u00fcber hilfreiche Tipps und Tricks bis hin zu ausf\u00fchrlichen Produkttests. Wenn du genauso technikbegeistert bist wie ich, bist du hier genau richtig!\",\"sameAs\":[\"https:\\\/\\\/www.facebook.com\\\/apfelpatientOfficial\",\"https:\\\/\\\/www.linkedin.com\\\/in\\\/milan-jovicic-42aa0231b\"],\"url\":\"https:\\\/\\\/www.apfelpatient.de\\\/en\\\/author\\\/apfeladmin\"}]}<\/script>\n<!-- \/ Yoast SEO Premium plugin. -->","yoast_head_json":{"title":"These Mac devices are compatible with macOS 10.15 Catalina Apfelpatient","description":"- macOS Catalina will be available as a free software update for Macs this fall - we&#039;ll show you which devices are compatible with the new operating system.","robots":{"index":"index","follow":"follow","max-snippet":"max-snippet:-1","max-image-preview":"max-image-preview:large","max-video-preview":"max-video-preview:-1"},"canonical":"https:\/\/www.apfelpatient.de\/en\/news\/these-mac-devices-are-compatible-with-macos-10-15-catalina","og_locale":"en_US","og_type":"article","og_title":"Diese Mac Ger\u00e4te sind mit macOS 10.15 Catalina kompatibel","og_description":"- macOS Catalina wird diesen Herbst als kostenloses Software-Update f\u00fcr Macs verf\u00fcgbar sein - wir zeigen euch welche Ger\u00e4te mit dem neuen Betriebssystem kompatibel sind.","og_url":"https:\/\/www.apfelpatient.de\/en\/news\/these-mac-devices-are-compatible-with-macos-10-15-catalina","og_site_name":"Apfelpatient","article_publisher":"https:\/\/www.facebook.com\/apfelpatientOfficial","article_author":"https:\/\/www.facebook.com\/apfelpatientOfficial","article_published_time":"2019-06-03T23:30:59+00:00","article_modified_time":"2025-02-06T06:20:38+00:00","og_image":[{"width":1632,"height":1023,"url":"https:\/\/www.apfelpatient.de\/wp-content\/uploads\/2019\/06\/Apple-previews-macOS-Catalina-Photos-screen-06032019.jpg","type":"image\/jpeg"}],"author":"Milan","twitter_card":"summary_large_image","twitter_misc":{"Written by":"Milan","Est. reading time":"1 minute"},"schema":{"@context":"https:\/\/schema.org","@graph":[{"@type":"NewsArticle","@id":"https:\/\/www.apfelpatient.de\/news\/diese-mac-geraete-sind-mit-macos-10-15-catalina-kompatibel#article","isPartOf":{"@id":"https:\/\/www.apfelpatient.de\/news\/diese-mac-geraete-sind-mit-macos-10-15-catalina-kompatibel"},"author":{"@type":"Organization","@id":"https:\/\/www.apfelpatient.de\/en\/#organization","name":"Apfelpatient","url":"https:\/\/www.apfelpatient.de\/en\/"},"headline":"Diese Mac Ger\u00e4te sind mit macOS 10.15 Catalina kompatibel","datePublished":"2019-06-03T23:30:59+00:00","dateModified":"2025-02-06T06:20:38+00:00","mainEntityOfPage":{"@id":"https:\/\/www.apfelpatient.de\/news\/diese-mac-geraete-sind-mit-macos-10-15-catalina-kompatibel"},"wordCount":167,"commentCount":0,"publisher":{"@type":"Organization","@id":"https:\/\/www.apfelpatient.de\/en\/#organization","name":"Apfelpatient","url":"https:\/\/www.apfelpatient.de\/en\/"},"image":{"@id":"https:\/\/www.apfelpatient.de\/news\/diese-mac-geraete-sind-mit-macos-10-15-catalina-kompatibel#primaryimage"},"thumbnailUrl":"https:\/\/www.apfelpatient.de\/wp-content\/uploads\/2019\/06\/Apple-previews-macOS-Catalina-Photos-screen-06032019.jpg","keywords":["Mac","macOS","macOS 10.15","macOS 10.15 Catalina","WWDC 2019"],"articleSection":"News","inLanguage":"en-US","potentialAction":[{"@type":"CommentAction","name":"Comment","target":["https:\/\/www.apfelpatient.de\/news\/diese-mac-geraete-sind-mit-macos-10-15-catalina-kompatibel#respond"]}],"copyrightYear":"2019","copyrightHolder":{"@id":"https:\/\/www.apfelpatient.de\/en\/#organization"}},{"@type":"WebPage","@id":"https:\/\/www.apfelpatient.de\/news\/diese-mac-geraete-sind-mit-macos-10-15-catalina-kompatibel","url":"https:\/\/www.apfelpatient.de\/news\/diese-mac-geraete-sind-mit-macos-10-15-catalina-kompatibel","name":"These Mac devices are compatible with macOS 10.15 Catalina Apfelpatient","isPartOf":{"@id":"https:\/\/www.apfelpatient.de\/#website"},"primaryImageOfPage":{"@id":"https:\/\/www.apfelpatient.de\/news\/diese-mac-geraete-sind-mit-macos-10-15-catalina-kompatibel#primaryimage"},"image":{"@id":"https:\/\/www.apfelpatient.de\/news\/diese-mac-geraete-sind-mit-macos-10-15-catalina-kompatibel#primaryimage"},"thumbnailUrl":"https:\/\/www.apfelpatient.de\/wp-content\/uploads\/2019\/06\/Apple-previews-macOS-Catalina-Photos-screen-06032019.jpg","datePublished":"2019-06-03T23:30:59+00:00","dateModified":"2025-02-06T06:20:38+00:00","description":"- macOS Catalina will be available as a free software update for Macs this fall - we&#039;ll show you which devices are compatible with the new operating system.","breadcrumb":{"@id":"https:\/\/www.apfelpatient.de\/news\/diese-mac-geraete-sind-mit-macos-10-15-catalina-kompatibel#breadcrumb"},"inLanguage":"en-US","potentialAction":[{"@type":"ReadAction","target":["https:\/\/www.apfelpatient.de\/news\/diese-mac-geraete-sind-mit-macos-10-15-catalina-kompatibel"]}]},{"@type":"ImageObject","inLanguage":"en-US","@id":"https:\/\/www.apfelpatient.de\/news\/diese-mac-geraete-sind-mit-macos-10-15-catalina-kompatibel#primaryimage","url":"https:\/\/www.apfelpatient.de\/wp-content\/uploads\/2019\/06\/Apple-previews-macOS-Catalina-Photos-screen-06032019.jpg","contentUrl":"https:\/\/www.apfelpatient.de\/wp-content\/uploads\/2019\/06\/Apple-previews-macOS-Catalina-Photos-screen-06032019.jpg","width":1632,"height":1023,"caption":"Bild: Apple"},{"@type":"BreadcrumbList","@id":"https:\/\/www.apfelpatient.de\/news\/diese-mac-geraete-sind-mit-macos-10-15-catalina-kompatibel#breadcrumb","itemListElement":[{"@type":"ListItem","position":1,"name":"Startseite","item":"https:\/\/www.apfelpatient.de\/"},{"@type":"ListItem","position":2,"name":"Diese Mac Ger\u00e4te sind mit macOS 10.15 Catalina kompatibel"}]},{"@type":"WebSite","@id":"https:\/\/www.apfelpatient.de\/#website","url":"https:\/\/www.apfelpatient.de\/","name":"apple patient","description":"Everything about Apple!","publisher":{"@type":"Organization","@id":"https:\/\/www.apfelpatient.de\/en\/#organization","name":"Apfelpatient","url":"https:\/\/www.apfelpatient.de\/en\/"},"alternateName":"Apfelpatient","potentialAction":[{"@type":"SearchAction","target":{"@type":"EntryPoint","urlTemplate":"https:\/\/www.apfelpatient.de\/?s={search_term_string}"},"query-input":{"@type":"PropertyValueSpecification","valueRequired":true,"valueName":"search_term_string"}}],"inLanguage":"en-US"},{"@type":["Person","Organization"],"@id":"https:\/\/www.apfelpatient.de\/#\/schema\/person\/7dc56ad6c8e9824b76d2c08d4c140e13","name":"Milan","logo":{"@id":"https:\/\/www.apfelpatient.de\/#\/schema\/person\/image\/"},"description":"Hello and welcome to my technology blog! As a big Apple fan, I report on everything to do with Apple: from the latest news and exciting rumors to helpful tips and tricks and detailed product tests. If you are as enthusiastic about technology as I am, you have come to the right place!","sameAs":["https:\/\/www.facebook.com\/apfelpatientOfficial","https:\/\/www.linkedin.com\/in\/milan-jovicic-42aa0231b"],"url":"https:\/\/www.apfelpatient.de\/en\/author\/apfeladmin"}]}},"_links":{"self":[{"href":"https:\/\/www.apfelpatient.de\/en\/wp-json\/wp\/v2\/posts\/4634","targetHints":{"allow":["GET"]}}],"collection":[{"href":"https:\/\/www.apfelpatient.de\/en\/wp-json\/wp\/v2\/posts"}],"about":[{"href":"https:\/\/www.apfelpatient.de\/en\/wp-json\/wp\/v2\/types\/post"}],"author":[{"embeddable":true,"href":"https:\/\/www.apfelpatient.de\/en\/wp-json\/wp\/v2\/users\/2"}],"replies":[{"embeddable":true,"href":"https:\/\/www.apfelpatient.de\/en\/wp-json\/wp\/v2\/comments?post=4634"}],"version-history":[{"count":0,"href":"https:\/\/www.apfelpatient.de\/en\/wp-json\/wp\/v2\/posts\/4634\/revisions"}],"wp:featuredmedia":[{"embeddable":true,"href":"https:\/\/www.apfelpatient.de\/en\/wp-json\/wp\/v2\/media\/4635"}],"wp:attachment":[{"href":"https:\/\/www.apfelpatient.de\/en\/wp-json\/wp\/v2\/media?parent=4634"}],"wp:term":[{"taxonomy":"category","embeddable":true,"href":"https:\/\/www.apfelpatient.de\/en\/wp-json\/wp\/v2\/categories?post=4634"},{"taxonomy":"post_tag","embeddable":true,"href":"https:\/\/www.apfelpatient.de\/en\/wp-json\/wp\/v2\/tags?post=4634"}],"curies":[{"name":"wp","href":"https:\/\/api.w.org\/{rel}","templated":true}]}}