{"id":46240,"date":"2024-08-14T13:12:00","date_gmt":"2024-08-14T11:12:00","guid":{"rendered":"https:\/\/www.apfelpatient.de\/?p=46240"},"modified":"2024-08-14T13:12:02","modified_gmt":"2024-08-14T11:12:02","slug":"rumor-mill-a-larger-imac-will-be-available-in-2025","status":"publish","type":"post","link":"https:\/\/www.apfelpatient.de\/en\/rumors\/geruechtekueche-kommt-2025-ein-groesserer-imac","title":{"rendered":"Rumor mill: Will there be a larger iMac in 2025?"},"content":{"rendered":"<p class=\"has-drop-cap\"><strong>Apple&#039;s iMac has become a symbol of elegance, power, and ease of use over the years. From the launch of the first iMac to the latest models, Apple has continually incorporated innovations into its all-in-one computers. Now, as rumors of a new, larger iMac with over 30-inch display emerge, excitement is growing among tech enthusiasts and Apple fans alike.<\/strong><\/p>\n\n\n\n<p>Since the 27-inch iMac was discontinued in 2022, there has been much speculation about the future of the larger iMac models. While Apple has focused on developing other devices such as the Mac Studio and MacBook Air, many Apple users have been eagerly awaiting a new iMac model that could take the place of the once-popular 27-inch device. Now, rumors are growing that Apple is working on an iMac with a display over 30 inches in size - a device that will make the hearts of many Apple fans beat faster.<\/p>\n\n\n\n<h4 class=\"wp-block-heading\" id=\"h-die-vergangenheit-der-wegfall-des-27-zoll-imacs\">The past: The discontinuation of the 27-inch iMac<\/h4>\n\n\n\n<p>In 2022, Apple discontinued the Intel-based 27-inch iMac, surprising and disappointing many users. At the same time, Apple launched the Mac Studio and its accompanying 27-inch Studio display to meet the needs of professional users. But for many, a gap remained in the product portfolio as a true successor to the 27-inch iMac was missing.<\/p>\n\n\n\n<h4 class=\"wp-block-heading\" id=\"h-geruchte-uber-einen-grosseren-imac\">Rumors about a larger iMac<\/h4>\n\n\n\n<p>Despite Apple&#039;s focus on other products, rumors of a new iMac with a display that is said to be over 30 inches in size are persistent. These rumors were recently given new impetus by a <a href=\"https:\/\/www.bloomberg.com\/news\/newsletters\/2024-08-11\/iphone-16-preview-bigger-screens-new-colors-camera-button-ai-and-a18-chip-lzpk5495\" target=\"_blank\" rel=\"noreferrer noopener\">report<\/a> by the well-known Bloomberg reporter Mark Gurman. According to Gurman, Apple is still developing a larger iMac, although progress is not yet clear.<\/p>\n\n\n\n<h4 class=\"wp-block-heading\" id=\"h-mogliche-spezifikationen-des-neuen-imacs\">Possible specifications of the new iMac<\/h4>\n\n\n\n<p>As for the specs, there are still many uncertainties. While Gurman suggests that the device may not be ready in time for the M4 processor, others suggest that Apple could wait for a future M5 chip before launching the new iMac. Analysts like Ming-Chi Kuo believe that Apple could unveil a 30- to 32-inch iMac with a mini-LED display by 2025, possibly positioned as the iMac Pro.<\/p>\n\n\n\n<h4 class=\"wp-block-heading\" id=\"h-design-und-funktionen\">design and functions<\/h4>\n\n\n\n<p>The design of the new iMac has not yet been finalized, but there is speculation that Apple could opt for a slimmer design, similar to the current Studio Display. Apple may do away with the distinctive chin that has been a distinguishing feature of the iMac so far. The screen size could reach 32 inches, which would make the iMac a real highlight on any desk.<\/p>\n\n\n\n<h3 class=\"wp-block-heading\" id=\"h-grosse-erwartungen-apples-nachster-schritt-beim-imac\">Great Expectations: Apple&#039;s Next Step for the iMac<\/h3>\n\n\n\n<p>While many details about the new, larger iMac are still unclear, one thing seems clear: Apple is continuing to work on offering its users an impressive and powerful all-in-one device. Whether the new model will be released in 2025 or whether we will have to wait even longer remains to be seen. One thing is certain, however: expectations for the new iMac are high and it remains exciting to see what innovations Apple will present to us in the coming years. (Photo by Unsplash \/ Choong Deng Xiang)<\/p>\n\n\n\n<ul class=\"wp-block-list\">\n<li><a href=\"https:\/\/www.apfelpatient.de\/en\/generally\/apple-m4-mac-updates-when-will-the-new-models-come\">Apple M4 Mac updates: When will the new models be released?<\/a><\/li>\n<\/ul>\n\n\n\n<h6 class=\"wp-block-heading translation-block\" id=\"h-kennt-ihr-schon-unsere-amazon-storefront-dort-findet-ihr-eine-handverlesene-auswahl-von-diversen-produkten-f-r-euer-iphone-und-co-viel-spa-beim-st-bern\"><em>Have you already visited our Amazon Storefront? There you&#039;ll find a hand-picked selection of various products for your iPhone and other devices \u2013 <span class=\"has-inline-color has-vivid-red-color\"><a href=\"https:\/\/www.amazon.de\/shop\/apfelpatientofficial\" class=\"ek-link\" data-wpel-link=\"exclude\" rel=\"follow noopener\" target=\"_self\"><span style=\"text-decoration: underline\" class=\"ek-underline\">enjoy browsing<\/span><\/a> !<\/span><\/em><\/h6>\n\n\n\n<h6 class=\"wp-block-heading translation-block\" id=\"h-der-beitrag-enthalt-partnerlinks\">This post contains <a data-type=\"URL\" data-id=\"https:\/\/www.apfelpatient.de\/partnerprogramm\" href=\"https:\/\/www.apfelpatient.de\/en\/partner-program\" data-wpel-link=\"internal\" target=\"_self\">affiliate links<\/a>.<\/h6>","protected":false},"excerpt":{"rendered":"<p>New iMac in development: Over 30 inch display, mini-LED and more? Find out what the rumor mill has to say about the upcoming iMac.<\/p>","protected":false},"author":2,"featured_media":46238,"comment_status":"closed","ping_status":"closed","sticky":false,"template":"","format":"standard","meta":{"jnews-multi-image_gallery":[],"jnews_single_post":{"subtitle":"","format":"standard","video":"","gallery":"","source_name":"","source_url":"","via_name":"","via_url":"","override_template":"0","override":[{"template":"4","single_blog_custom":"","parallax":"1","fullscreen":"1","layout":"right-sidebar","sidebar":"default-sidebar","second_sidebar":"default-sidebar","sticky_sidebar":"1","share_position":"top","share_float_style":"share-monocrhome","show_share_counter":"0","show_view_counter":"0","show_featured":"1","show_post_meta":"1","show_post_author":"1","show_post_author_image":"1","show_post_date":"1","post_date_format":"default","post_date_format_custom":"Y\/m\/d","show_post_category":"1","show_post_reading_time":"0","post_reading_time_wpm":"300","post_calculate_word_method":"str_word_count","show_zoom_button":"0","zoom_button_out_step":"2","zoom_button_in_step":"3","show_post_tag":"1","show_prev_next_post":"1","show_popup_post":"1","number_popup_post":"1","show_author_box":"0","show_post_related":"0","show_inline_post_related":"0"}],"override_image_size":"0","image_override":[{"single_post_thumbnail_size":"crop-500","single_post_gallery_size":"crop-500"}],"trending_post":"0","trending_post_position":"meta","trending_post_label":"Trending","sponsored_post":"0","sponsored_post_label":"Sponsored by","sponsored_post_name":"","sponsored_post_url":"","sponsored_post_logo_enable":"0","sponsored_post_logo":"","sponsored_post_desc":"","disable_ad":"0"},"jnews_primary_category":{"id":"25","hide":""},"footnotes":""},"categories":[25],"tags":[72,40],"class_list":["post-46240","post","type-post","status-publish","format-standard","has-post-thumbnail","hentry","category-rumors","tag-imac","tag-mac"],"yoast_head":"<!-- This site is optimized with the Yoast SEO Premium plugin v27.5 (Yoast SEO v27.5) - https:\/\/yoast.com\/product\/yoast-seo-premium-wordpress\/ -->\n<title>Ger\u00fcchtek\u00fcche: Kommt 2025 ein gr\u00f6\u00dferer iMac? Apfelpatient<\/title>\n<meta name=\"description\" content=\"Neuer iMac in Entwicklung: \u00dcber 30 Zoll Display, Mini-LED und mehr? Entdecke, was die Ger\u00fcchtek\u00fcche \u00fcber den kommenden iMac zu berichten hat.\" \/>\n<meta name=\"robots\" content=\"index, follow, max-snippet:-1, max-image-preview:large, max-video-preview:-1\" \/>\n<link rel=\"canonical\" href=\"https:\/\/www.apfelpatient.de\/en\/rumors\/rumor-mill-a-larger-imac-will-be-available-in-2025\" \/>\n<meta property=\"og:locale\" content=\"en_US\" \/>\n<meta property=\"og:type\" content=\"article\" \/>\n<meta property=\"og:title\" content=\"Ger\u00fcchtek\u00fcche: Kommt 2025 ein gr\u00f6\u00dferer iMac?\" \/>\n<meta property=\"og:description\" content=\"Neuer iMac in Entwicklung: \u00dcber 30 Zoll Display, Mini-LED und mehr? Entdecke, was die Ger\u00fcchtek\u00fcche \u00fcber den kommenden iMac zu berichten hat.\" \/>\n<meta property=\"og:url\" content=\"https:\/\/www.apfelpatient.de\/en\/rumors\/rumor-mill-a-larger-imac-will-be-available-in-2025\" \/>\n<meta property=\"og:site_name\" content=\"Apfelpatient\" \/>\n<meta property=\"article:publisher\" content=\"https:\/\/www.facebook.com\/apfelpatientOfficial\" \/>\n<meta property=\"article:author\" content=\"https:\/\/www.facebook.com\/apfelpatientOfficial\" \/>\n<meta property=\"article:published_time\" content=\"2024-08-14T11:12:00+00:00\" \/>\n<meta property=\"article:modified_time\" content=\"2024-08-14T11:12:02+00:00\" \/>\n<meta property=\"og:image\" content=\"https:\/\/www.apfelpatient.de\/wp-content\/uploads\/2024\/08\/choong-deng-xiang-12WWp5gqric-unsplash.jpg\" \/>\n\t<meta property=\"og:image:width\" content=\"1600\" \/>\n\t<meta property=\"og:image:height\" content=\"900\" \/>\n\t<meta property=\"og:image:type\" content=\"image\/jpeg\" \/>\n<meta name=\"author\" content=\"Milan\" \/>\n<meta name=\"twitter:card\" content=\"summary_large_image\" \/>\n<meta name=\"twitter:description\" content=\"Neuer iMac in Entwicklung: \u00dcber 30 Zoll Display, Mini-LED und mehr? Entdecke, was die Ger\u00fcchtek\u00fcche \u00fcber den kommenden iMac zu berichten hat.\" \/>\n<meta name=\"twitter:label1\" content=\"Written by\" \/>\n\t<meta name=\"twitter:data1\" content=\"Milan\" \/>\n\t<meta name=\"twitter:label2\" content=\"Est. reading time\" \/>\n\t<meta name=\"twitter:data2\" content=\"4 minutes\" \/>\n<script type=\"application\/ld+json\" class=\"yoast-schema-graph\">{\"@context\":\"https:\\\/\\\/schema.org\",\"@graph\":[{\"@type\":\"NewsArticle\",\"@id\":\"https:\\\/\\\/www.apfelpatient.de\\\/rumors\\\/geruechtekueche-kommt-2025-ein-groesserer-imac#article\",\"isPartOf\":{\"@id\":\"https:\\\/\\\/www.apfelpatient.de\\\/rumors\\\/geruechtekueche-kommt-2025-ein-groesserer-imac\"},\"author\":{\"@type\":\"Organization\",\"@id\":\"https:\\\/\\\/www.apfelpatient.de\\\/en\\\/#organization\",\"name\":\"Apfelpatient\",\"url\":\"https:\\\/\\\/www.apfelpatient.de\\\/en\\\/\"},\"headline\":\"Ger\u00fcchtek\u00fcche: Kommt 2025 ein gr\u00f6\u00dferer iMac?\",\"datePublished\":\"2024-08-14T11:12:00+00:00\",\"dateModified\":\"2024-08-14T11:12:02+00:00\",\"mainEntityOfPage\":{\"@id\":\"https:\\\/\\\/www.apfelpatient.de\\\/rumors\\\/geruechtekueche-kommt-2025-ein-groesserer-imac\"},\"wordCount\":552,\"publisher\":{\"@type\":\"Organization\",\"@id\":\"https:\\\/\\\/www.apfelpatient.de\\\/en\\\/#organization\",\"name\":\"Apfelpatient\",\"url\":\"https:\\\/\\\/www.apfelpatient.de\\\/en\\\/\"},\"image\":{\"@id\":\"https:\\\/\\\/www.apfelpatient.de\\\/rumors\\\/geruechtekueche-kommt-2025-ein-groesserer-imac#primaryimage\"},\"thumbnailUrl\":\"https:\\\/\\\/www.apfelpatient.de\\\/wp-content\\\/uploads\\\/2024\\\/08\\\/choong-deng-xiang-12WWp5gqric-unsplash.jpg\",\"keywords\":[\"iMac\",\"Mac\"],\"articleSection\":\"Rumors\",\"inLanguage\":\"en-US\",\"copyrightYear\":\"2024\",\"copyrightHolder\":{\"@id\":\"https:\\\/\\\/www.apfelpatient.de\\\/en\\\/#organization\"}},{\"@type\":\"WebPage\",\"@id\":\"https:\\\/\\\/www.apfelpatient.de\\\/rumors\\\/geruechtekueche-kommt-2025-ein-groesserer-imac\",\"url\":\"https:\\\/\\\/www.apfelpatient.de\\\/rumors\\\/geruechtekueche-kommt-2025-ein-groesserer-imac\",\"name\":\"Ger\u00fcchtek\u00fcche: Kommt 2025 ein gr\u00f6\u00dferer iMac? Apfelpatient\",\"isPartOf\":{\"@id\":\"https:\\\/\\\/www.apfelpatient.de\\\/#website\"},\"primaryImageOfPage\":{\"@id\":\"https:\\\/\\\/www.apfelpatient.de\\\/rumors\\\/geruechtekueche-kommt-2025-ein-groesserer-imac#primaryimage\"},\"image\":{\"@id\":\"https:\\\/\\\/www.apfelpatient.de\\\/rumors\\\/geruechtekueche-kommt-2025-ein-groesserer-imac#primaryimage\"},\"thumbnailUrl\":\"https:\\\/\\\/www.apfelpatient.de\\\/wp-content\\\/uploads\\\/2024\\\/08\\\/choong-deng-xiang-12WWp5gqric-unsplash.jpg\",\"datePublished\":\"2024-08-14T11:12:00+00:00\",\"dateModified\":\"2024-08-14T11:12:02+00:00\",\"description\":\"Neuer iMac in Entwicklung: \u00dcber 30 Zoll Display, Mini-LED und mehr? Entdecke, was die Ger\u00fcchtek\u00fcche \u00fcber den kommenden iMac zu berichten hat.\",\"breadcrumb\":{\"@id\":\"https:\\\/\\\/www.apfelpatient.de\\\/rumors\\\/geruechtekueche-kommt-2025-ein-groesserer-imac#breadcrumb\"},\"inLanguage\":\"en-US\",\"potentialAction\":[{\"@type\":\"ReadAction\",\"target\":[\"https:\\\/\\\/www.apfelpatient.de\\\/rumors\\\/geruechtekueche-kommt-2025-ein-groesserer-imac\"]}]},{\"@type\":\"ImageObject\",\"inLanguage\":\"en-US\",\"@id\":\"https:\\\/\\\/www.apfelpatient.de\\\/rumors\\\/geruechtekueche-kommt-2025-ein-groesserer-imac#primaryimage\",\"url\":\"https:\\\/\\\/www.apfelpatient.de\\\/wp-content\\\/uploads\\\/2024\\\/08\\\/choong-deng-xiang-12WWp5gqric-unsplash.jpg\",\"contentUrl\":\"https:\\\/\\\/www.apfelpatient.de\\\/wp-content\\\/uploads\\\/2024\\\/08\\\/choong-deng-xiang-12WWp5gqric-unsplash.jpg\",\"width\":1600,\"height\":900,\"caption\":\"Photo by Unsplash \\\/ Choong Deng Xiang\"},{\"@type\":\"BreadcrumbList\",\"@id\":\"https:\\\/\\\/www.apfelpatient.de\\\/rumors\\\/geruechtekueche-kommt-2025-ein-groesserer-imac#breadcrumb\",\"itemListElement\":[{\"@type\":\"ListItem\",\"position\":1,\"name\":\"Startseite\",\"item\":\"https:\\\/\\\/www.apfelpatient.de\\\/\"},{\"@type\":\"ListItem\",\"position\":2,\"name\":\"Ger\u00fcchtek\u00fcche: Kommt 2025 ein gr\u00f6\u00dferer iMac?\"}]},{\"@type\":\"WebSite\",\"@id\":\"https:\\\/\\\/www.apfelpatient.de\\\/#website\",\"url\":\"https:\\\/\\\/www.apfelpatient.de\\\/\",\"name\":\"Apfelpatient\",\"description\":\"Alles rund um Apple!\",\"publisher\":{\"@type\":\"Organization\",\"@id\":\"https:\\\/\\\/www.apfelpatient.de\\\/en\\\/#organization\",\"name\":\"Apfelpatient\",\"url\":\"https:\\\/\\\/www.apfelpatient.de\\\/en\\\/\"},\"alternateName\":\"Apfelpatient\",\"potentialAction\":[{\"@type\":\"SearchAction\",\"target\":{\"@type\":\"EntryPoint\",\"urlTemplate\":\"https:\\\/\\\/www.apfelpatient.de\\\/?s={search_term_string}\"},\"query-input\":{\"@type\":\"PropertyValueSpecification\",\"valueRequired\":true,\"valueName\":\"search_term_string\"}}],\"inLanguage\":\"en-US\"},{\"@type\":[\"Person\",\"Organization\"],\"@id\":\"https:\\\/\\\/www.apfelpatient.de\\\/#\\\/schema\\\/person\\\/7dc56ad6c8e9824b76d2c08d4c140e13\",\"name\":\"Milan\",\"logo\":{\"@id\":\"https:\\\/\\\/www.apfelpatient.de\\\/#\\\/schema\\\/person\\\/image\\\/\"},\"description\":\"Hallo und herzlich willkommen auf meinem Technik-Blog! Als gro\u00dfer Apple-Fan berichte ich hier \u00fcber alles, was mit Apple zu tun hat: von den neuesten News und spannenden Ger\u00fcchten \u00fcber hilfreiche Tipps und Tricks bis hin zu ausf\u00fchrlichen Produkttests. Wenn du genauso technikbegeistert bist wie ich, bist du hier genau richtig!\",\"sameAs\":[\"https:\\\/\\\/www.facebook.com\\\/apfelpatientOfficial\",\"https:\\\/\\\/www.linkedin.com\\\/in\\\/milan-jovicic-42aa0231b\"],\"url\":\"https:\\\/\\\/www.apfelpatient.de\\\/en\\\/author\\\/apfeladmin\"}]}<\/script>\n<!-- \/ Yoast SEO Premium plugin. -->","yoast_head_json":{"title":"Rumor mill: Will a larger iMac be released in 2025? Apfelpatient","description":"New iMac in development: Over 30 inch display, mini-LED and more? Find out what the rumor mill has to say about the upcoming iMac.","robots":{"index":"index","follow":"follow","max-snippet":"max-snippet:-1","max-image-preview":"max-image-preview:large","max-video-preview":"max-video-preview:-1"},"canonical":"https:\/\/www.apfelpatient.de\/en\/rumors\/rumor-mill-a-larger-imac-will-be-available-in-2025","og_locale":"en_US","og_type":"article","og_title":"Ger\u00fcchtek\u00fcche: Kommt 2025 ein gr\u00f6\u00dferer iMac?","og_description":"Neuer iMac in Entwicklung: \u00dcber 30 Zoll Display, Mini-LED und mehr? Entdecke, was die Ger\u00fcchtek\u00fcche \u00fcber den kommenden iMac zu berichten hat.","og_url":"https:\/\/www.apfelpatient.de\/en\/rumors\/rumor-mill-a-larger-imac-will-be-available-in-2025","og_site_name":"Apfelpatient","article_publisher":"https:\/\/www.facebook.com\/apfelpatientOfficial","article_author":"https:\/\/www.facebook.com\/apfelpatientOfficial","article_published_time":"2024-08-14T11:12:00+00:00","article_modified_time":"2024-08-14T11:12:02+00:00","og_image":[{"width":1600,"height":900,"url":"https:\/\/www.apfelpatient.de\/wp-content\/uploads\/2024\/08\/choong-deng-xiang-12WWp5gqric-unsplash.jpg","type":"image\/jpeg"}],"author":"Milan","twitter_card":"summary_large_image","twitter_description":"Neuer iMac in Entwicklung: \u00dcber 30 Zoll Display, Mini-LED und mehr? Entdecke, was die Ger\u00fcchtek\u00fcche \u00fcber den kommenden iMac zu berichten hat.","twitter_misc":{"Written by":"Milan","Est. reading time":"4 minutes"},"schema":{"@context":"https:\/\/schema.org","@graph":[{"@type":"NewsArticle","@id":"https:\/\/www.apfelpatient.de\/rumors\/geruechtekueche-kommt-2025-ein-groesserer-imac#article","isPartOf":{"@id":"https:\/\/www.apfelpatient.de\/rumors\/geruechtekueche-kommt-2025-ein-groesserer-imac"},"author":{"@type":"Organization","@id":"https:\/\/www.apfelpatient.de\/en\/#organization","name":"Apfelpatient","url":"https:\/\/www.apfelpatient.de\/en\/"},"headline":"Ger\u00fcchtek\u00fcche: Kommt 2025 ein gr\u00f6\u00dferer iMac?","datePublished":"2024-08-14T11:12:00+00:00","dateModified":"2024-08-14T11:12:02+00:00","mainEntityOfPage":{"@id":"https:\/\/www.apfelpatient.de\/rumors\/geruechtekueche-kommt-2025-ein-groesserer-imac"},"wordCount":552,"publisher":{"@type":"Organization","@id":"https:\/\/www.apfelpatient.de\/en\/#organization","name":"Apfelpatient","url":"https:\/\/www.apfelpatient.de\/en\/"},"image":{"@id":"https:\/\/www.apfelpatient.de\/rumors\/geruechtekueche-kommt-2025-ein-groesserer-imac#primaryimage"},"thumbnailUrl":"https:\/\/www.apfelpatient.de\/wp-content\/uploads\/2024\/08\/choong-deng-xiang-12WWp5gqric-unsplash.jpg","keywords":["iMac","Mac"],"articleSection":"Rumors","inLanguage":"en-US","copyrightYear":"2024","copyrightHolder":{"@id":"https:\/\/www.apfelpatient.de\/en\/#organization"}},{"@type":"WebPage","@id":"https:\/\/www.apfelpatient.de\/rumors\/geruechtekueche-kommt-2025-ein-groesserer-imac","url":"https:\/\/www.apfelpatient.de\/rumors\/geruechtekueche-kommt-2025-ein-groesserer-imac","name":"Rumor mill: Will a larger iMac be released in 2025? Apfelpatient","isPartOf":{"@id":"https:\/\/www.apfelpatient.de\/#website"},"primaryImageOfPage":{"@id":"https:\/\/www.apfelpatient.de\/rumors\/geruechtekueche-kommt-2025-ein-groesserer-imac#primaryimage"},"image":{"@id":"https:\/\/www.apfelpatient.de\/rumors\/geruechtekueche-kommt-2025-ein-groesserer-imac#primaryimage"},"thumbnailUrl":"https:\/\/www.apfelpatient.de\/wp-content\/uploads\/2024\/08\/choong-deng-xiang-12WWp5gqric-unsplash.jpg","datePublished":"2024-08-14T11:12:00+00:00","dateModified":"2024-08-14T11:12:02+00:00","description":"New iMac in development: Over 30 inch display, mini-LED and more? Find out what the rumor mill has to say about the upcoming iMac.","breadcrumb":{"@id":"https:\/\/www.apfelpatient.de\/rumors\/geruechtekueche-kommt-2025-ein-groesserer-imac#breadcrumb"},"inLanguage":"en-US","potentialAction":[{"@type":"ReadAction","target":["https:\/\/www.apfelpatient.de\/rumors\/geruechtekueche-kommt-2025-ein-groesserer-imac"]}]},{"@type":"ImageObject","inLanguage":"en-US","@id":"https:\/\/www.apfelpatient.de\/rumors\/geruechtekueche-kommt-2025-ein-groesserer-imac#primaryimage","url":"https:\/\/www.apfelpatient.de\/wp-content\/uploads\/2024\/08\/choong-deng-xiang-12WWp5gqric-unsplash.jpg","contentUrl":"https:\/\/www.apfelpatient.de\/wp-content\/uploads\/2024\/08\/choong-deng-xiang-12WWp5gqric-unsplash.jpg","width":1600,"height":900,"caption":"Photo by Unsplash \/ Choong Deng Xiang"},{"@type":"BreadcrumbList","@id":"https:\/\/www.apfelpatient.de\/rumors\/geruechtekueche-kommt-2025-ein-groesserer-imac#breadcrumb","itemListElement":[{"@type":"ListItem","position":1,"name":"Startseite","item":"https:\/\/www.apfelpatient.de\/"},{"@type":"ListItem","position":2,"name":"Ger\u00fcchtek\u00fcche: Kommt 2025 ein gr\u00f6\u00dferer iMac?"}]},{"@type":"WebSite","@id":"https:\/\/www.apfelpatient.de\/#website","url":"https:\/\/www.apfelpatient.de\/","name":"apple patient","description":"Everything about Apple!","publisher":{"@type":"Organization","@id":"https:\/\/www.apfelpatient.de\/en\/#organization","name":"Apfelpatient","url":"https:\/\/www.apfelpatient.de\/en\/"},"alternateName":"Apfelpatient","potentialAction":[{"@type":"SearchAction","target":{"@type":"EntryPoint","urlTemplate":"https:\/\/www.apfelpatient.de\/?s={search_term_string}"},"query-input":{"@type":"PropertyValueSpecification","valueRequired":true,"valueName":"search_term_string"}}],"inLanguage":"en-US"},{"@type":["Person","Organization"],"@id":"https:\/\/www.apfelpatient.de\/#\/schema\/person\/7dc56ad6c8e9824b76d2c08d4c140e13","name":"Milan","logo":{"@id":"https:\/\/www.apfelpatient.de\/#\/schema\/person\/image\/"},"description":"Hello and welcome to my technology blog! As a big Apple fan, I report on everything to do with Apple: from the latest news and exciting rumors to helpful tips and tricks and detailed product tests. If you are as enthusiastic about technology as I am, you have come to the right place!","sameAs":["https:\/\/www.facebook.com\/apfelpatientOfficial","https:\/\/www.linkedin.com\/in\/milan-jovicic-42aa0231b"],"url":"https:\/\/www.apfelpatient.de\/en\/author\/apfeladmin"}]}},"_links":{"self":[{"href":"https:\/\/www.apfelpatient.de\/en\/wp-json\/wp\/v2\/posts\/46240","targetHints":{"allow":["GET"]}}],"collection":[{"href":"https:\/\/www.apfelpatient.de\/en\/wp-json\/wp\/v2\/posts"}],"about":[{"href":"https:\/\/www.apfelpatient.de\/en\/wp-json\/wp\/v2\/types\/post"}],"author":[{"embeddable":true,"href":"https:\/\/www.apfelpatient.de\/en\/wp-json\/wp\/v2\/users\/2"}],"replies":[{"embeddable":true,"href":"https:\/\/www.apfelpatient.de\/en\/wp-json\/wp\/v2\/comments?post=46240"}],"version-history":[{"count":0,"href":"https:\/\/www.apfelpatient.de\/en\/wp-json\/wp\/v2\/posts\/46240\/revisions"}],"wp:featuredmedia":[{"embeddable":true,"href":"https:\/\/www.apfelpatient.de\/en\/wp-json\/wp\/v2\/media\/46238"}],"wp:attachment":[{"href":"https:\/\/www.apfelpatient.de\/en\/wp-json\/wp\/v2\/media?parent=46240"}],"wp:term":[{"taxonomy":"category","embeddable":true,"href":"https:\/\/www.apfelpatient.de\/en\/wp-json\/wp\/v2\/categories?post=46240"},{"taxonomy":"post_tag","embeddable":true,"href":"https:\/\/www.apfelpatient.de\/en\/wp-json\/wp\/v2\/tags?post=46240"}],"curies":[{"name":"wp","href":"https:\/\/api.w.org\/{rel}","templated":true}]}}