{"id":4617,"date":"2019-06-03T23:48:08","date_gmt":"2019-06-03T21:48:08","guid":{"rendered":"https:\/\/apfelpatient.de\/?p=4617"},"modified":"2025-02-06T07:21:30","modified_gmt":"2025-02-06T06:21:30","slug":"wwdc-2019-apple-introduces-new-6k-monitor","status":"publish","type":"post","link":"https:\/\/www.apfelpatient.de\/en\/news\/wwdc-2019-apple-stellt-neuen-6k-monitor-vor","title":{"rendered":"WWDC 2019: Apple introduces new 6K monitor"},"content":{"rendered":"<p class=\"p1\"><strong>During WWDC 2019, Apple has unveiled new <a href=\"https:\/\/www.apfelpatient.de\/en\">software<\/a> also <a href=\"https:\/\/www.apfelpatient.de\/en\">Hardware<\/a>products were introduced. There was already speculation - now it&#039;s official: the Apple Pro Monitor.<\/strong><\/p>\n<p class=\"p1\">The new Apple display is primarily intended for professional users. The new backlight provides up to 1600 nits of brightness. The 32&quot; monitor offers a resolution of 6015 x 2284 - according to Apple, this is a 6K Retina display. In order to offer true HDR, every single LED in the backlight is calibrated at the factory. The Pro Display XDR has an anti-reflective coating to control the reflected light. It also has a matte option that the company calls nanotexture, where the glass is etched at the nanometer level to achieve low reflectivity and less glare. The bezels are 9 mm thick.<\/p>\n<p class=\"p1\"><strong>Accessories cost extra<\/strong><\/p>\n<p class=\"p1\"><\/p>\n<p class=\"p1\">The entire rear grille pattern acts as a heat sink to keep the display itself cool. The screen has a contrast ratio of 1 million to 1 - the refresh rate is 60Hz. The new Mac Pro can operate up to six such Apple Pro Display XDR devices simultaneously. The stand on the display is reminiscent of the iMac G4 arm with additional rotation. The stand is optional and removable. A VESA mounting adapter is also available. The device can also be used vertically - but this requires the stand, which is available separately.<\/p>\n<p class=\"p1\"><strong>Prices and availability<\/strong><\/p>\n<p class=\"p1\">The Apple Pro Monitor XDR can be purchased for $4,999. The Pro Display with nano-textured glass is available for $5,999. The Pro Stand is available separately for $999 and the VESA Mount Adapter for $199. The pre-order phase starts this fall. <em>(Image: Apple)<\/em><\/p>\n<h6><a href=\"https:\/\/t.me\/apfelpatient_official\"><em><strong>Don&#039;t want to miss any more news? Then subscribe to our Telegram channel here<\/strong><\/em><\/a><\/h6>","protected":false},"excerpt":{"rendered":"<p>Im Zuge der WWDC 2019 hat Apple neben neuer Software auch Hardware-Produkte vorgestellt. Es wurde bereits spekuliert- nun ist es offiziell: der Apple Pro Monitor. Das neue Apple Display soll allen voran f\u00fcr professionelle Anwender bestimmt sein. Durch die neue Hintergrundbeleuchtung kommt es auf bis zu 1600 Nits Helligkeit. Der 32&#8243; gro\u00dfe Monitor bietet dabei [&hellip;]<\/p>\n","protected":false},"author":2,"featured_media":4618,"comment_status":"open","ping_status":"open","sticky":false,"template":"","format":"standard","meta":{"jnews-multi-image_gallery":[],"jnews_single_post":[],"jnews_primary_category":[],"footnotes":""},"categories":[9],"tags":[290,40,273],"class_list":["post-4617","post","type-post","status-publish","format-standard","has-post-thumbnail","hentry","category-news","tag-apple-pro-monitor","tag-mac","tag-wwdc-2019"],"yoast_head":"<!-- This site is optimized with the Yoast SEO Premium plugin v27.5 (Yoast SEO v27.5) - https:\/\/yoast.com\/product\/yoast-seo-premium-wordpress\/ -->\n<title>WWDC 2019: Apple stellt neuen 6K-Monitor vor Apfelpatient<\/title>\n<meta name=\"description\" content=\"- Im Zuge der WWDC 2019 hat Apple neben neuer Software auch Hardware-Produkte vorgestellt. Es wurde bereits spekuliert- nun ist es offiziell: der Apple Pro Monitor.\" \/>\n<meta name=\"robots\" content=\"index, follow, max-snippet:-1, max-image-preview:large, max-video-preview:-1\" \/>\n<link rel=\"canonical\" href=\"https:\/\/www.apfelpatient.de\/en\/news\/wwdc-2019-apple-introduces-new-6k-monitor\" \/>\n<meta property=\"og:locale\" content=\"en_US\" \/>\n<meta property=\"og:type\" content=\"article\" \/>\n<meta property=\"og:title\" content=\"WWDC 2019: Apple stellt neuen 6K-Monitor vor\" \/>\n<meta property=\"og:description\" content=\"- Im Zuge der WWDC 2019 hat Apple neben neuer Software auch Hardware-Produkte vorgestellt. Es wurde bereits spekuliert- nun ist es offiziell: der Apple Pro Monitor.\" \/>\n<meta property=\"og:url\" content=\"https:\/\/www.apfelpatient.de\/en\/news\/wwdc-2019-apple-introduces-new-6k-monitor\" \/>\n<meta property=\"og:site_name\" content=\"Apfelpatient\" \/>\n<meta property=\"article:publisher\" content=\"https:\/\/www.facebook.com\/apfelpatientOfficial\" \/>\n<meta property=\"article:author\" content=\"https:\/\/www.facebook.com\/apfelpatientOfficial\" \/>\n<meta property=\"article:published_time\" content=\"2019-06-03T21:48:08+00:00\" \/>\n<meta property=\"article:modified_time\" content=\"2025-02-06T06:21:30+00:00\" \/>\n<meta property=\"og:image\" content=\"https:\/\/www.apfelpatient.de\/wp-content\/uploads\/2019\/06\/Apple_Mac-Pro-Display-Pro_Display-Pro-Brightness_060319.jpg\" \/>\n\t<meta property=\"og:image:width\" content=\"1632\" \/>\n\t<meta property=\"og:image:height\" content=\"1394\" \/>\n\t<meta property=\"og:image:type\" content=\"image\/jpeg\" \/>\n<meta name=\"author\" content=\"Milan\" \/>\n<meta name=\"twitter:card\" content=\"summary_large_image\" \/>\n<meta name=\"twitter:label1\" content=\"Written by\" \/>\n\t<meta name=\"twitter:data1\" content=\"Milan\" \/>\n\t<meta name=\"twitter:label2\" content=\"Est. reading time\" \/>\n\t<meta name=\"twitter:data2\" content=\"2 minutes\" \/>\n<script type=\"application\/ld+json\" class=\"yoast-schema-graph\">{\"@context\":\"https:\\\/\\\/schema.org\",\"@graph\":[{\"@type\":\"NewsArticle\",\"@id\":\"https:\\\/\\\/www.apfelpatient.de\\\/news\\\/wwdc-2019-apple-stellt-neuen-6k-monitor-vor#article\",\"isPartOf\":{\"@id\":\"https:\\\/\\\/www.apfelpatient.de\\\/news\\\/wwdc-2019-apple-stellt-neuen-6k-monitor-vor\"},\"author\":{\"@type\":\"Organization\",\"@id\":\"https:\\\/\\\/www.apfelpatient.de\\\/en\\\/#organization\",\"name\":\"Apfelpatient\",\"url\":\"https:\\\/\\\/www.apfelpatient.de\\\/en\\\/\"},\"headline\":\"WWDC 2019: Apple stellt neuen 6K-Monitor vor\",\"datePublished\":\"2019-06-03T21:48:08+00:00\",\"dateModified\":\"2025-02-06T06:21:30+00:00\",\"mainEntityOfPage\":{\"@id\":\"https:\\\/\\\/www.apfelpatient.de\\\/news\\\/wwdc-2019-apple-stellt-neuen-6k-monitor-vor\"},\"wordCount\":312,\"commentCount\":0,\"publisher\":{\"@type\":\"Organization\",\"@id\":\"https:\\\/\\\/www.apfelpatient.de\\\/en\\\/#organization\",\"name\":\"Apfelpatient\",\"url\":\"https:\\\/\\\/www.apfelpatient.de\\\/en\\\/\"},\"image\":{\"@id\":\"https:\\\/\\\/www.apfelpatient.de\\\/news\\\/wwdc-2019-apple-stellt-neuen-6k-monitor-vor#primaryimage\"},\"thumbnailUrl\":\"https:\\\/\\\/www.apfelpatient.de\\\/wp-content\\\/uploads\\\/2019\\\/06\\\/Apple_Mac-Pro-Display-Pro_Display-Pro-Brightness_060319.jpg\",\"keywords\":[\"Apple Pro Monitor\",\"Mac\",\"WWDC 2019\"],\"articleSection\":\"News\",\"inLanguage\":\"en-US\",\"potentialAction\":[{\"@type\":\"CommentAction\",\"name\":\"Comment\",\"target\":[\"https:\\\/\\\/www.apfelpatient.de\\\/news\\\/wwdc-2019-apple-stellt-neuen-6k-monitor-vor#respond\"]}],\"copyrightYear\":\"2019\",\"copyrightHolder\":{\"@id\":\"https:\\\/\\\/www.apfelpatient.de\\\/en\\\/#organization\"}},{\"@type\":\"WebPage\",\"@id\":\"https:\\\/\\\/www.apfelpatient.de\\\/news\\\/wwdc-2019-apple-stellt-neuen-6k-monitor-vor\",\"url\":\"https:\\\/\\\/www.apfelpatient.de\\\/news\\\/wwdc-2019-apple-stellt-neuen-6k-monitor-vor\",\"name\":\"WWDC 2019: Apple stellt neuen 6K-Monitor vor Apfelpatient\",\"isPartOf\":{\"@id\":\"https:\\\/\\\/www.apfelpatient.de\\\/#website\"},\"primaryImageOfPage\":{\"@id\":\"https:\\\/\\\/www.apfelpatient.de\\\/news\\\/wwdc-2019-apple-stellt-neuen-6k-monitor-vor#primaryimage\"},\"image\":{\"@id\":\"https:\\\/\\\/www.apfelpatient.de\\\/news\\\/wwdc-2019-apple-stellt-neuen-6k-monitor-vor#primaryimage\"},\"thumbnailUrl\":\"https:\\\/\\\/www.apfelpatient.de\\\/wp-content\\\/uploads\\\/2019\\\/06\\\/Apple_Mac-Pro-Display-Pro_Display-Pro-Brightness_060319.jpg\",\"datePublished\":\"2019-06-03T21:48:08+00:00\",\"dateModified\":\"2025-02-06T06:21:30+00:00\",\"description\":\"- Im Zuge der WWDC 2019 hat Apple neben neuer Software auch Hardware-Produkte vorgestellt. Es wurde bereits spekuliert- nun ist es offiziell: der Apple Pro Monitor.\",\"breadcrumb\":{\"@id\":\"https:\\\/\\\/www.apfelpatient.de\\\/news\\\/wwdc-2019-apple-stellt-neuen-6k-monitor-vor#breadcrumb\"},\"inLanguage\":\"en-US\",\"potentialAction\":[{\"@type\":\"ReadAction\",\"target\":[\"https:\\\/\\\/www.apfelpatient.de\\\/news\\\/wwdc-2019-apple-stellt-neuen-6k-monitor-vor\"]}]},{\"@type\":\"ImageObject\",\"inLanguage\":\"en-US\",\"@id\":\"https:\\\/\\\/www.apfelpatient.de\\\/news\\\/wwdc-2019-apple-stellt-neuen-6k-monitor-vor#primaryimage\",\"url\":\"https:\\\/\\\/www.apfelpatient.de\\\/wp-content\\\/uploads\\\/2019\\\/06\\\/Apple_Mac-Pro-Display-Pro_Display-Pro-Brightness_060319.jpg\",\"contentUrl\":\"https:\\\/\\\/www.apfelpatient.de\\\/wp-content\\\/uploads\\\/2019\\\/06\\\/Apple_Mac-Pro-Display-Pro_Display-Pro-Brightness_060319.jpg\",\"width\":1632,\"height\":1394,\"caption\":\"Bild: Apple\"},{\"@type\":\"BreadcrumbList\",\"@id\":\"https:\\\/\\\/www.apfelpatient.de\\\/news\\\/wwdc-2019-apple-stellt-neuen-6k-monitor-vor#breadcrumb\",\"itemListElement\":[{\"@type\":\"ListItem\",\"position\":1,\"name\":\"Startseite\",\"item\":\"https:\\\/\\\/www.apfelpatient.de\\\/\"},{\"@type\":\"ListItem\",\"position\":2,\"name\":\"WWDC 2019: Apple stellt neuen 6K-Monitor vor\"}]},{\"@type\":\"WebSite\",\"@id\":\"https:\\\/\\\/www.apfelpatient.de\\\/#website\",\"url\":\"https:\\\/\\\/www.apfelpatient.de\\\/\",\"name\":\"Apfelpatient\",\"description\":\"Alles rund um Apple!\",\"publisher\":{\"@type\":\"Organization\",\"@id\":\"https:\\\/\\\/www.apfelpatient.de\\\/en\\\/#organization\",\"name\":\"Apfelpatient\",\"url\":\"https:\\\/\\\/www.apfelpatient.de\\\/en\\\/\"},\"alternateName\":\"Apfelpatient\",\"potentialAction\":[{\"@type\":\"SearchAction\",\"target\":{\"@type\":\"EntryPoint\",\"urlTemplate\":\"https:\\\/\\\/www.apfelpatient.de\\\/?s={search_term_string}\"},\"query-input\":{\"@type\":\"PropertyValueSpecification\",\"valueRequired\":true,\"valueName\":\"search_term_string\"}}],\"inLanguage\":\"en-US\"},{\"@type\":[\"Person\",\"Organization\"],\"@id\":\"https:\\\/\\\/www.apfelpatient.de\\\/#\\\/schema\\\/person\\\/7dc56ad6c8e9824b76d2c08d4c140e13\",\"name\":\"Milan\",\"logo\":{\"@id\":\"https:\\\/\\\/www.apfelpatient.de\\\/#\\\/schema\\\/person\\\/image\\\/\"},\"description\":\"Hallo und herzlich willkommen auf meinem Technik-Blog! Als gro\u00dfer Apple-Fan berichte ich hier \u00fcber alles, was mit Apple zu tun hat: von den neuesten News und spannenden Ger\u00fcchten \u00fcber hilfreiche Tipps und Tricks bis hin zu ausf\u00fchrlichen Produkttests. Wenn du genauso technikbegeistert bist wie ich, bist du hier genau richtig!\",\"sameAs\":[\"https:\\\/\\\/www.facebook.com\\\/apfelpatientOfficial\",\"https:\\\/\\\/www.linkedin.com\\\/in\\\/milan-jovicic-42aa0231b\"],\"url\":\"https:\\\/\\\/www.apfelpatient.de\\\/en\\\/author\\\/apfeladmin\"}]}<\/script>\n<!-- \/ Yoast SEO Premium plugin. -->","yoast_head_json":{"title":"WWDC 2019: Apple introduces new 6K monitor Apfelpatient","description":"- During WWDC 2019, Apple presented hardware products in addition to new software. There was already speculation - now it&#039;s official: the Apple Pro Monitor.","robots":{"index":"index","follow":"follow","max-snippet":"max-snippet:-1","max-image-preview":"max-image-preview:large","max-video-preview":"max-video-preview:-1"},"canonical":"https:\/\/www.apfelpatient.de\/en\/news\/wwdc-2019-apple-introduces-new-6k-monitor","og_locale":"en_US","og_type":"article","og_title":"WWDC 2019: Apple stellt neuen 6K-Monitor vor","og_description":"- Im Zuge der WWDC 2019 hat Apple neben neuer Software auch Hardware-Produkte vorgestellt. Es wurde bereits spekuliert- nun ist es offiziell: der Apple Pro Monitor.","og_url":"https:\/\/www.apfelpatient.de\/en\/news\/wwdc-2019-apple-introduces-new-6k-monitor","og_site_name":"Apfelpatient","article_publisher":"https:\/\/www.facebook.com\/apfelpatientOfficial","article_author":"https:\/\/www.facebook.com\/apfelpatientOfficial","article_published_time":"2019-06-03T21:48:08+00:00","article_modified_time":"2025-02-06T06:21:30+00:00","og_image":[{"width":1632,"height":1394,"url":"https:\/\/www.apfelpatient.de\/wp-content\/uploads\/2019\/06\/Apple_Mac-Pro-Display-Pro_Display-Pro-Brightness_060319.jpg","type":"image\/jpeg"}],"author":"Milan","twitter_card":"summary_large_image","twitter_misc":{"Written by":"Milan","Est. reading time":"2 minutes"},"schema":{"@context":"https:\/\/schema.org","@graph":[{"@type":"NewsArticle","@id":"https:\/\/www.apfelpatient.de\/news\/wwdc-2019-apple-stellt-neuen-6k-monitor-vor#article","isPartOf":{"@id":"https:\/\/www.apfelpatient.de\/news\/wwdc-2019-apple-stellt-neuen-6k-monitor-vor"},"author":{"@type":"Organization","@id":"https:\/\/www.apfelpatient.de\/en\/#organization","name":"Apfelpatient","url":"https:\/\/www.apfelpatient.de\/en\/"},"headline":"WWDC 2019: Apple stellt neuen 6K-Monitor vor","datePublished":"2019-06-03T21:48:08+00:00","dateModified":"2025-02-06T06:21:30+00:00","mainEntityOfPage":{"@id":"https:\/\/www.apfelpatient.de\/news\/wwdc-2019-apple-stellt-neuen-6k-monitor-vor"},"wordCount":312,"commentCount":0,"publisher":{"@type":"Organization","@id":"https:\/\/www.apfelpatient.de\/en\/#organization","name":"Apfelpatient","url":"https:\/\/www.apfelpatient.de\/en\/"},"image":{"@id":"https:\/\/www.apfelpatient.de\/news\/wwdc-2019-apple-stellt-neuen-6k-monitor-vor#primaryimage"},"thumbnailUrl":"https:\/\/www.apfelpatient.de\/wp-content\/uploads\/2019\/06\/Apple_Mac-Pro-Display-Pro_Display-Pro-Brightness_060319.jpg","keywords":["Apple Pro Monitor","Mac","WWDC 2019"],"articleSection":"News","inLanguage":"en-US","potentialAction":[{"@type":"CommentAction","name":"Comment","target":["https:\/\/www.apfelpatient.de\/news\/wwdc-2019-apple-stellt-neuen-6k-monitor-vor#respond"]}],"copyrightYear":"2019","copyrightHolder":{"@id":"https:\/\/www.apfelpatient.de\/en\/#organization"}},{"@type":"WebPage","@id":"https:\/\/www.apfelpatient.de\/news\/wwdc-2019-apple-stellt-neuen-6k-monitor-vor","url":"https:\/\/www.apfelpatient.de\/news\/wwdc-2019-apple-stellt-neuen-6k-monitor-vor","name":"WWDC 2019: Apple introduces new 6K monitor Apfelpatient","isPartOf":{"@id":"https:\/\/www.apfelpatient.de\/#website"},"primaryImageOfPage":{"@id":"https:\/\/www.apfelpatient.de\/news\/wwdc-2019-apple-stellt-neuen-6k-monitor-vor#primaryimage"},"image":{"@id":"https:\/\/www.apfelpatient.de\/news\/wwdc-2019-apple-stellt-neuen-6k-monitor-vor#primaryimage"},"thumbnailUrl":"https:\/\/www.apfelpatient.de\/wp-content\/uploads\/2019\/06\/Apple_Mac-Pro-Display-Pro_Display-Pro-Brightness_060319.jpg","datePublished":"2019-06-03T21:48:08+00:00","dateModified":"2025-02-06T06:21:30+00:00","description":"- During WWDC 2019, Apple presented hardware products in addition to new software. There was already speculation - now it&#039;s official: the Apple Pro Monitor.","breadcrumb":{"@id":"https:\/\/www.apfelpatient.de\/news\/wwdc-2019-apple-stellt-neuen-6k-monitor-vor#breadcrumb"},"inLanguage":"en-US","potentialAction":[{"@type":"ReadAction","target":["https:\/\/www.apfelpatient.de\/news\/wwdc-2019-apple-stellt-neuen-6k-monitor-vor"]}]},{"@type":"ImageObject","inLanguage":"en-US","@id":"https:\/\/www.apfelpatient.de\/news\/wwdc-2019-apple-stellt-neuen-6k-monitor-vor#primaryimage","url":"https:\/\/www.apfelpatient.de\/wp-content\/uploads\/2019\/06\/Apple_Mac-Pro-Display-Pro_Display-Pro-Brightness_060319.jpg","contentUrl":"https:\/\/www.apfelpatient.de\/wp-content\/uploads\/2019\/06\/Apple_Mac-Pro-Display-Pro_Display-Pro-Brightness_060319.jpg","width":1632,"height":1394,"caption":"Bild: Apple"},{"@type":"BreadcrumbList","@id":"https:\/\/www.apfelpatient.de\/news\/wwdc-2019-apple-stellt-neuen-6k-monitor-vor#breadcrumb","itemListElement":[{"@type":"ListItem","position":1,"name":"Startseite","item":"https:\/\/www.apfelpatient.de\/"},{"@type":"ListItem","position":2,"name":"WWDC 2019: Apple stellt neuen 6K-Monitor vor"}]},{"@type":"WebSite","@id":"https:\/\/www.apfelpatient.de\/#website","url":"https:\/\/www.apfelpatient.de\/","name":"apple patient","description":"Everything about Apple!","publisher":{"@type":"Organization","@id":"https:\/\/www.apfelpatient.de\/en\/#organization","name":"Apfelpatient","url":"https:\/\/www.apfelpatient.de\/en\/"},"alternateName":"Apfelpatient","potentialAction":[{"@type":"SearchAction","target":{"@type":"EntryPoint","urlTemplate":"https:\/\/www.apfelpatient.de\/?s={search_term_string}"},"query-input":{"@type":"PropertyValueSpecification","valueRequired":true,"valueName":"search_term_string"}}],"inLanguage":"en-US"},{"@type":["Person","Organization"],"@id":"https:\/\/www.apfelpatient.de\/#\/schema\/person\/7dc56ad6c8e9824b76d2c08d4c140e13","name":"Milan","logo":{"@id":"https:\/\/www.apfelpatient.de\/#\/schema\/person\/image\/"},"description":"Hello and welcome to my technology blog! As a big Apple fan, I report on everything to do with Apple: from the latest news and exciting rumors to helpful tips and tricks and detailed product tests. If you are as enthusiastic about technology as I am, you have come to the right place!","sameAs":["https:\/\/www.facebook.com\/apfelpatientOfficial","https:\/\/www.linkedin.com\/in\/milan-jovicic-42aa0231b"],"url":"https:\/\/www.apfelpatient.de\/en\/author\/apfeladmin"}]}},"_links":{"self":[{"href":"https:\/\/www.apfelpatient.de\/en\/wp-json\/wp\/v2\/posts\/4617","targetHints":{"allow":["GET"]}}],"collection":[{"href":"https:\/\/www.apfelpatient.de\/en\/wp-json\/wp\/v2\/posts"}],"about":[{"href":"https:\/\/www.apfelpatient.de\/en\/wp-json\/wp\/v2\/types\/post"}],"author":[{"embeddable":true,"href":"https:\/\/www.apfelpatient.de\/en\/wp-json\/wp\/v2\/users\/2"}],"replies":[{"embeddable":true,"href":"https:\/\/www.apfelpatient.de\/en\/wp-json\/wp\/v2\/comments?post=4617"}],"version-history":[{"count":0,"href":"https:\/\/www.apfelpatient.de\/en\/wp-json\/wp\/v2\/posts\/4617\/revisions"}],"wp:featuredmedia":[{"embeddable":true,"href":"https:\/\/www.apfelpatient.de\/en\/wp-json\/wp\/v2\/media\/4618"}],"wp:attachment":[{"href":"https:\/\/www.apfelpatient.de\/en\/wp-json\/wp\/v2\/media?parent=4617"}],"wp:term":[{"taxonomy":"category","embeddable":true,"href":"https:\/\/www.apfelpatient.de\/en\/wp-json\/wp\/v2\/categories?post=4617"},{"taxonomy":"post_tag","embeddable":true,"href":"https:\/\/www.apfelpatient.de\/en\/wp-json\/wp\/v2\/tags?post=4617"}],"curies":[{"name":"wp","href":"https:\/\/api.w.org\/{rel}","templated":true}]}}