{"id":46109,"date":"2024-08-08T20:58:03","date_gmt":"2024-08-08T18:58:03","guid":{"rendered":"https:\/\/www.apfelpatient.de\/?p=46109"},"modified":"2024-08-08T20:58:05","modified_gmt":"2024-08-08T18:58:05","slug":"ipad-pro-leads-market-changes-for-apple-tablets","status":"publish","type":"post","link":"https:\/\/www.apfelpatient.de\/en\/news\/ipad-pro-fuehrt-marktveraenderungen-bei-apple-tablets","title":{"rendered":"iPad Pro leads: Market changes for Apple tablets"},"content":{"rendered":"<p class=\"has-drop-cap\"><strong>The iPad has established itself as a revolutionary device since its launch in 2010. But while the iPad was once considered a pioneer, Apple&#039;s product portfolio has expanded considerably. Today, various iPad models compete for buyers&#039; favor, and the iPad Pro is particularly popular. However, this development has an impact on the sales figures of the other iPad models.<\/strong><\/p>\n\n\n\n<p>According to the latest <a href=\"https:\/\/cirpapple.substack.com\/p\/ipad-refresh-looks-like-its-working\" target=\"_blank\" rel=\"noreferrer noopener\">report<\/a> According to Consumer Intelligence Research Partners (CIRP), the iPad Pro models dominate sales in Apple&#039;s range. This shift has a significant impact on the market shares of the other iPad models. The iPad Air and iPad Mini in particular are seeing a decline in sales. We will take a detailed look at the numbers and analyze why the iPad Pro is so successful.<\/p>\n\n\n\n<h4 class=\"wp-block-heading\" id=\"h-die-dominanz-des-ipad-pro\">The dominance of the iPad Pro<\/h4>\n\n\n\n<p>Apple launched the new 11-inch and 13-inch iPad Pro models in May 2024 with the powerful M4 chip and OLED display technology. These upgrades, along with a thinner and lighter design, have significantly increased the appeal of the iPad Pro models. With prices starting at \u20ac1,199 for the 11-inch model and \u20ac1,549 for the 13-inch model, these devices particularly appeal to tech-savvy and professional users. According to CIRP, iPad Pro models accounted for 43% of total iPad sales in the June 2024 quarter, a significant increase of 38% compared to the same quarter last year. This trend shows that consumers are willing to invest more for the latest and most powerful models.<\/p>\n\n\n\n<h4 class=\"wp-block-heading\" id=\"h-auswirkungen-auf-das-ipad-air-und-ipad-mini\">Impact on the iPad Air and iPad Mini<\/h4>\n\n\n\n<p>Unlike the iPad Pro, the iPad Air, which was last updated in May 2024, has only accounted for 12% of iPad sales, down 15% year-on-year. The iPad Mini, which hasn&#039;t been updated since September 2021, also saw a decline, accounting for just 10% of sales, down from 12% last year. The decline in sales of the iPad Air and iPad Mini can be partly explained by their outdated hardware and lack of significant updates. While the iPad Air was updated in May 2024, it hasn&#039;t been able to keep up with the innovations of the iPad Pro. The iPad Mini, on the other hand, hasn&#039;t been updated in three years, further reducing its appeal to potential buyers.<\/p>\n\n\n\n<h4 class=\"wp-block-heading\" id=\"h-warum-das-ipad-pro-so-beliebt-ist\">Why the iPad Pro is so popular<\/h4>\n\n\n\n<p>A key reason for the iPad Pro&#039;s popularity is its target audience of early adopters. These tech-savvy users are always looking for the latest and greatest devices and are willing to pay a higher price for them. The impressive performance of the M4 chip, the brilliant OLED display technology and the sleek design make the iPad Pro an attractive choice for professionals and creatives. Another factor is the versatility of the iPad Pro. With its high performance, it is not only suitable for media consumption but also for demanding tasks such as video editing, graphic design and multitasking. This versatility makes the iPad Pro an indispensable tool for many professional users.<\/p>\n\n\n\n<h3 class=\"wp-block-heading\" id=\"h-apple-s-erfolg-mit-dem-ipad-pro-eine-nische-fur-profis\">Apple&#039;s success with the iPad Pro: A niche for professionals<\/h3>\n\n\n\n<p>The iPad Pro&#039;s dominance in the market shows that Apple has successfully carved out a niche for high-performance, professional tablets. While the iPad Pro continues to record impressive sales, the iPad Air and iPad Mini face challenges. To increase their appeal, Apple could incorporate more innovative features and more powerful hardware in future updates. Ultimately, consumers&#039; decision on which iPad to buy will depend on their individual needs and preferences. (Image: Apple)<\/p>\n\n\n\n<ul class=\"wp-block-list\">\n<li><a href=\"https:\/\/www.apfelpatient.de\/en\/rumors\/ipad-air-and-ipad-mini-oled-displays-expected-from-2026\">iPad Air and iPad mini: OLED displays expected from 2026<\/a><\/li>\n<\/ul>\n\n\n\n<h6 class=\"wp-block-heading translation-block\" id=\"h-kennt-ihr-schon-unsere-amazon-storefront-dort-findet-ihr-eine-handverlesene-auswahl-von-diversen-produkten-f-r-euer-iphone-und-co-viel-spa-beim-st-bern\"><em>Have you already visited our Amazon Storefront? There you&#039;ll find a hand-picked selection of various products for your iPhone and other devices \u2013 <span class=\"has-inline-color has-vivid-red-color\"><a href=\"https:\/\/www.amazon.de\/shop\/apfelpatientofficial\" class=\"ek-link\" data-wpel-link=\"exclude\" rel=\"follow noopener\" target=\"_self\"><span style=\"text-decoration: underline\" class=\"ek-underline\">enjoy browsing<\/span><\/a> !<\/span><\/em><\/h6>\n\n\n\n<h6 class=\"wp-block-heading translation-block\" id=\"h-der-beitrag-enthalt-partnerlinks\">This post contains <a data-type=\"URL\" data-id=\"https:\/\/www.apfelpatient.de\/partnerprogramm\" href=\"https:\/\/www.apfelpatient.de\/en\/partner-program\" data-wpel-link=\"internal\" target=\"_self\">affiliate links<\/a>.<\/h6>","protected":false},"excerpt":{"rendered":"<p>The iPad Pro dominates the market! Find out how it influences sales of other iPad models and why it is so popular.<\/p>","protected":false},"author":2,"featured_media":46111,"comment_status":"closed","ping_status":"closed","sticky":false,"template":"","format":"standard","meta":{"jnews-multi-image_gallery":[],"jnews_single_post":{"subtitle":"","format":"standard","video":"","gallery":"","source_name":"","source_url":"","via_name":"","via_url":"","override_template":"0","override":[{"template":"4","single_blog_custom":"","parallax":"1","fullscreen":"1","layout":"right-sidebar","sidebar":"default-sidebar","second_sidebar":"default-sidebar","sticky_sidebar":"1","share_position":"top","share_float_style":"share-monocrhome","show_share_counter":"0","show_view_counter":"0","show_featured":"1","show_post_meta":"1","show_post_author":"1","show_post_author_image":"1","show_post_date":"1","post_date_format":"default","post_date_format_custom":"Y\/m\/d","show_post_category":"1","show_post_reading_time":"0","post_reading_time_wpm":"300","post_calculate_word_method":"str_word_count","show_zoom_button":"0","zoom_button_out_step":"2","zoom_button_in_step":"3","show_post_tag":"1","show_prev_next_post":"1","show_popup_post":"1","number_popup_post":"1","show_author_box":"0","show_post_related":"0","show_inline_post_related":"0"}],"override_image_size":"0","image_override":[{"single_post_thumbnail_size":"crop-500","single_post_gallery_size":"crop-500"}],"trending_post":"0","trending_post_position":"meta","trending_post_label":"Trending","sponsored_post":"0","sponsored_post_label":"Sponsored by","sponsored_post_name":"","sponsored_post_url":"","sponsored_post_logo_enable":"0","sponsored_post_logo":"","sponsored_post_desc":"","disable_ad":"0"},"jnews_primary_category":{"id":"9","hide":""},"footnotes":""},"categories":[9],"tags":[18,240,114,66],"class_list":["post-46109","post","type-post","status-publish","format-standard","has-post-thumbnail","hentry","category-news","tag-ipad","tag-ipad-air","tag-ipad-mini","tag-ipad-pro"],"yoast_head":"<!-- This site is optimized with the Yoast SEO Premium plugin v27.5 (Yoast SEO v27.5) - https:\/\/yoast.com\/product\/yoast-seo-premium-wordpress\/ -->\n<title>iPad Pro f\u00fchrt: Marktver\u00e4nderungen bei Apple Tablets Apfelpatient<\/title>\n<meta name=\"description\" content=\"Das iPad Pro dominiert den Markt! Erfahre, wie es die Verkaufszahlen anderer iPad-Modelle beeinflusst und warum es so beliebt ist.\" \/>\n<meta name=\"robots\" content=\"index, follow, max-snippet:-1, max-image-preview:large, max-video-preview:-1\" \/>\n<link rel=\"canonical\" href=\"https:\/\/www.apfelpatient.de\/en\/news\/ipad-pro-leads-market-changes-for-apple-tablets\" \/>\n<meta property=\"og:locale\" content=\"en_US\" \/>\n<meta property=\"og:type\" content=\"article\" \/>\n<meta property=\"og:title\" content=\"iPad Pro f\u00fchrt: Marktver\u00e4nderungen bei Apple Tablets\" \/>\n<meta property=\"og:description\" content=\"Das iPad Pro dominiert den Markt! Erfahre, wie es die Verkaufszahlen anderer iPad-Modelle beeinflusst und warum es so beliebt ist.\" \/>\n<meta property=\"og:url\" content=\"https:\/\/www.apfelpatient.de\/en\/news\/ipad-pro-leads-market-changes-for-apple-tablets\" \/>\n<meta property=\"og:site_name\" content=\"Apfelpatient\" \/>\n<meta property=\"article:publisher\" content=\"https:\/\/www.facebook.com\/apfelpatientOfficial\" \/>\n<meta property=\"article:author\" content=\"https:\/\/www.facebook.com\/apfelpatientOfficial\" \/>\n<meta property=\"article:published_time\" content=\"2024-08-08T18:58:03+00:00\" \/>\n<meta property=\"article:modified_time\" content=\"2024-08-08T18:58:05+00:00\" \/>\n<meta property=\"og:image\" content=\"https:\/\/www.apfelpatient.de\/wp-content\/uploads\/2024\/08\/Apple-iPad-Pro-hero-240507.jpg\" \/>\n\t<meta property=\"og:image:width\" content=\"1600\" \/>\n\t<meta property=\"og:image:height\" content=\"900\" \/>\n\t<meta property=\"og:image:type\" content=\"image\/jpeg\" \/>\n<meta name=\"author\" content=\"Milan\" \/>\n<meta name=\"twitter:card\" content=\"summary_large_image\" \/>\n<meta name=\"twitter:description\" content=\"Das iPad Pro dominiert den Markt! Erfahre, wie es die Verkaufszahlen anderer iPad-Modelle beeinflusst und warum es so beliebt ist.\" \/>\n<meta name=\"twitter:label1\" content=\"Written by\" \/>\n\t<meta name=\"twitter:data1\" content=\"Milan\" \/>\n\t<meta name=\"twitter:label2\" content=\"Est. reading time\" \/>\n\t<meta name=\"twitter:data2\" content=\"4 minutes\" \/>\n<script type=\"application\/ld+json\" class=\"yoast-schema-graph\">{\"@context\":\"https:\\\/\\\/schema.org\",\"@graph\":[{\"@type\":\"NewsArticle\",\"@id\":\"https:\\\/\\\/www.apfelpatient.de\\\/news\\\/ipad-pro-fuehrt-marktveraenderungen-bei-apple-tablets#article\",\"isPartOf\":{\"@id\":\"https:\\\/\\\/www.apfelpatient.de\\\/news\\\/ipad-pro-fuehrt-marktveraenderungen-bei-apple-tablets\"},\"author\":{\"@type\":\"Organization\",\"@id\":\"https:\\\/\\\/www.apfelpatient.de\\\/en\\\/#organization\",\"name\":\"Apfelpatient\",\"url\":\"https:\\\/\\\/www.apfelpatient.de\\\/en\\\/\"},\"headline\":\"iPad Pro f\u00fchrt: Marktver\u00e4nderungen bei Apple Tablets\",\"datePublished\":\"2024-08-08T18:58:03+00:00\",\"dateModified\":\"2024-08-08T18:58:05+00:00\",\"mainEntityOfPage\":{\"@id\":\"https:\\\/\\\/www.apfelpatient.de\\\/news\\\/ipad-pro-fuehrt-marktveraenderungen-bei-apple-tablets\"},\"wordCount\":604,\"publisher\":{\"@type\":\"Organization\",\"@id\":\"https:\\\/\\\/www.apfelpatient.de\\\/en\\\/#organization\",\"name\":\"Apfelpatient\",\"url\":\"https:\\\/\\\/www.apfelpatient.de\\\/en\\\/\"},\"image\":{\"@id\":\"https:\\\/\\\/www.apfelpatient.de\\\/news\\\/ipad-pro-fuehrt-marktveraenderungen-bei-apple-tablets#primaryimage\"},\"thumbnailUrl\":\"https:\\\/\\\/www.apfelpatient.de\\\/wp-content\\\/uploads\\\/2024\\\/08\\\/Apple-iPad-Pro-hero-240507.jpg\",\"keywords\":[\"iPad\",\"iPad Air\",\"iPad mini\",\"iPad Pro\"],\"articleSection\":\"News\",\"inLanguage\":\"en-US\",\"copyrightYear\":\"2024\",\"copyrightHolder\":{\"@id\":\"https:\\\/\\\/www.apfelpatient.de\\\/en\\\/#organization\"}},{\"@type\":\"WebPage\",\"@id\":\"https:\\\/\\\/www.apfelpatient.de\\\/news\\\/ipad-pro-fuehrt-marktveraenderungen-bei-apple-tablets\",\"url\":\"https:\\\/\\\/www.apfelpatient.de\\\/news\\\/ipad-pro-fuehrt-marktveraenderungen-bei-apple-tablets\",\"name\":\"iPad Pro f\u00fchrt: Marktver\u00e4nderungen bei Apple Tablets Apfelpatient\",\"isPartOf\":{\"@id\":\"https:\\\/\\\/www.apfelpatient.de\\\/#website\"},\"primaryImageOfPage\":{\"@id\":\"https:\\\/\\\/www.apfelpatient.de\\\/news\\\/ipad-pro-fuehrt-marktveraenderungen-bei-apple-tablets#primaryimage\"},\"image\":{\"@id\":\"https:\\\/\\\/www.apfelpatient.de\\\/news\\\/ipad-pro-fuehrt-marktveraenderungen-bei-apple-tablets#primaryimage\"},\"thumbnailUrl\":\"https:\\\/\\\/www.apfelpatient.de\\\/wp-content\\\/uploads\\\/2024\\\/08\\\/Apple-iPad-Pro-hero-240507.jpg\",\"datePublished\":\"2024-08-08T18:58:03+00:00\",\"dateModified\":\"2024-08-08T18:58:05+00:00\",\"description\":\"Das iPad Pro dominiert den Markt! Erfahre, wie es die Verkaufszahlen anderer iPad-Modelle beeinflusst und warum es so beliebt ist.\",\"breadcrumb\":{\"@id\":\"https:\\\/\\\/www.apfelpatient.de\\\/news\\\/ipad-pro-fuehrt-marktveraenderungen-bei-apple-tablets#breadcrumb\"},\"inLanguage\":\"en-US\",\"potentialAction\":[{\"@type\":\"ReadAction\",\"target\":[\"https:\\\/\\\/www.apfelpatient.de\\\/news\\\/ipad-pro-fuehrt-marktveraenderungen-bei-apple-tablets\"]}]},{\"@type\":\"ImageObject\",\"inLanguage\":\"en-US\",\"@id\":\"https:\\\/\\\/www.apfelpatient.de\\\/news\\\/ipad-pro-fuehrt-marktveraenderungen-bei-apple-tablets#primaryimage\",\"url\":\"https:\\\/\\\/www.apfelpatient.de\\\/wp-content\\\/uploads\\\/2024\\\/08\\\/Apple-iPad-Pro-hero-240507.jpg\",\"contentUrl\":\"https:\\\/\\\/www.apfelpatient.de\\\/wp-content\\\/uploads\\\/2024\\\/08\\\/Apple-iPad-Pro-hero-240507.jpg\",\"width\":1600,\"height\":900,\"caption\":\"Bild: Apple\"},{\"@type\":\"BreadcrumbList\",\"@id\":\"https:\\\/\\\/www.apfelpatient.de\\\/news\\\/ipad-pro-fuehrt-marktveraenderungen-bei-apple-tablets#breadcrumb\",\"itemListElement\":[{\"@type\":\"ListItem\",\"position\":1,\"name\":\"Startseite\",\"item\":\"https:\\\/\\\/www.apfelpatient.de\\\/\"},{\"@type\":\"ListItem\",\"position\":2,\"name\":\"iPad Pro f\u00fchrt: Marktver\u00e4nderungen bei Apple Tablets\"}]},{\"@type\":\"WebSite\",\"@id\":\"https:\\\/\\\/www.apfelpatient.de\\\/#website\",\"url\":\"https:\\\/\\\/www.apfelpatient.de\\\/\",\"name\":\"Apfelpatient\",\"description\":\"Alles rund um Apple!\",\"publisher\":{\"@type\":\"Organization\",\"@id\":\"https:\\\/\\\/www.apfelpatient.de\\\/en\\\/#organization\",\"name\":\"Apfelpatient\",\"url\":\"https:\\\/\\\/www.apfelpatient.de\\\/en\\\/\"},\"alternateName\":\"Apfelpatient\",\"potentialAction\":[{\"@type\":\"SearchAction\",\"target\":{\"@type\":\"EntryPoint\",\"urlTemplate\":\"https:\\\/\\\/www.apfelpatient.de\\\/?s={search_term_string}\"},\"query-input\":{\"@type\":\"PropertyValueSpecification\",\"valueRequired\":true,\"valueName\":\"search_term_string\"}}],\"inLanguage\":\"en-US\"},{\"@type\":[\"Person\",\"Organization\"],\"@id\":\"https:\\\/\\\/www.apfelpatient.de\\\/#\\\/schema\\\/person\\\/7dc56ad6c8e9824b76d2c08d4c140e13\",\"name\":\"Milan\",\"logo\":{\"@id\":\"https:\\\/\\\/www.apfelpatient.de\\\/#\\\/schema\\\/person\\\/image\\\/\"},\"description\":\"Hallo und herzlich willkommen auf meinem Technik-Blog! Als gro\u00dfer Apple-Fan berichte ich hier \u00fcber alles, was mit Apple zu tun hat: von den neuesten News und spannenden Ger\u00fcchten \u00fcber hilfreiche Tipps und Tricks bis hin zu ausf\u00fchrlichen Produkttests. Wenn du genauso technikbegeistert bist wie ich, bist du hier genau richtig!\",\"sameAs\":[\"https:\\\/\\\/www.facebook.com\\\/apfelpatientOfficial\",\"https:\\\/\\\/www.linkedin.com\\\/in\\\/milan-jovicic-42aa0231b\"],\"url\":\"https:\\\/\\\/www.apfelpatient.de\\\/en\\\/author\\\/apfeladmin\"}]}<\/script>\n<!-- \/ Yoast SEO Premium plugin. -->","yoast_head_json":{"title":"iPad Pro leads: Market changes for Apple tablets Apfelpatient","description":"The iPad Pro dominates the market! Find out how it influences sales of other iPad models and why it is so popular.","robots":{"index":"index","follow":"follow","max-snippet":"max-snippet:-1","max-image-preview":"max-image-preview:large","max-video-preview":"max-video-preview:-1"},"canonical":"https:\/\/www.apfelpatient.de\/en\/news\/ipad-pro-leads-market-changes-for-apple-tablets","og_locale":"en_US","og_type":"article","og_title":"iPad Pro f\u00fchrt: Marktver\u00e4nderungen bei Apple Tablets","og_description":"Das iPad Pro dominiert den Markt! Erfahre, wie es die Verkaufszahlen anderer iPad-Modelle beeinflusst und warum es so beliebt ist.","og_url":"https:\/\/www.apfelpatient.de\/en\/news\/ipad-pro-leads-market-changes-for-apple-tablets","og_site_name":"Apfelpatient","article_publisher":"https:\/\/www.facebook.com\/apfelpatientOfficial","article_author":"https:\/\/www.facebook.com\/apfelpatientOfficial","article_published_time":"2024-08-08T18:58:03+00:00","article_modified_time":"2024-08-08T18:58:05+00:00","og_image":[{"width":1600,"height":900,"url":"https:\/\/www.apfelpatient.de\/wp-content\/uploads\/2024\/08\/Apple-iPad-Pro-hero-240507.jpg","type":"image\/jpeg"}],"author":"Milan","twitter_card":"summary_large_image","twitter_description":"Das iPad Pro dominiert den Markt! Erfahre, wie es die Verkaufszahlen anderer iPad-Modelle beeinflusst und warum es so beliebt ist.","twitter_misc":{"Written by":"Milan","Est. reading time":"4 minutes"},"schema":{"@context":"https:\/\/schema.org","@graph":[{"@type":"NewsArticle","@id":"https:\/\/www.apfelpatient.de\/news\/ipad-pro-fuehrt-marktveraenderungen-bei-apple-tablets#article","isPartOf":{"@id":"https:\/\/www.apfelpatient.de\/news\/ipad-pro-fuehrt-marktveraenderungen-bei-apple-tablets"},"author":{"@type":"Organization","@id":"https:\/\/www.apfelpatient.de\/en\/#organization","name":"Apfelpatient","url":"https:\/\/www.apfelpatient.de\/en\/"},"headline":"iPad Pro f\u00fchrt: Marktver\u00e4nderungen bei Apple Tablets","datePublished":"2024-08-08T18:58:03+00:00","dateModified":"2024-08-08T18:58:05+00:00","mainEntityOfPage":{"@id":"https:\/\/www.apfelpatient.de\/news\/ipad-pro-fuehrt-marktveraenderungen-bei-apple-tablets"},"wordCount":604,"publisher":{"@type":"Organization","@id":"https:\/\/www.apfelpatient.de\/en\/#organization","name":"Apfelpatient","url":"https:\/\/www.apfelpatient.de\/en\/"},"image":{"@id":"https:\/\/www.apfelpatient.de\/news\/ipad-pro-fuehrt-marktveraenderungen-bei-apple-tablets#primaryimage"},"thumbnailUrl":"https:\/\/www.apfelpatient.de\/wp-content\/uploads\/2024\/08\/Apple-iPad-Pro-hero-240507.jpg","keywords":["iPad","iPad Air","iPad mini","iPad Pro"],"articleSection":"News","inLanguage":"en-US","copyrightYear":"2024","copyrightHolder":{"@id":"https:\/\/www.apfelpatient.de\/en\/#organization"}},{"@type":"WebPage","@id":"https:\/\/www.apfelpatient.de\/news\/ipad-pro-fuehrt-marktveraenderungen-bei-apple-tablets","url":"https:\/\/www.apfelpatient.de\/news\/ipad-pro-fuehrt-marktveraenderungen-bei-apple-tablets","name":"iPad Pro leads: Market changes for Apple tablets Apfelpatient","isPartOf":{"@id":"https:\/\/www.apfelpatient.de\/#website"},"primaryImageOfPage":{"@id":"https:\/\/www.apfelpatient.de\/news\/ipad-pro-fuehrt-marktveraenderungen-bei-apple-tablets#primaryimage"},"image":{"@id":"https:\/\/www.apfelpatient.de\/news\/ipad-pro-fuehrt-marktveraenderungen-bei-apple-tablets#primaryimage"},"thumbnailUrl":"https:\/\/www.apfelpatient.de\/wp-content\/uploads\/2024\/08\/Apple-iPad-Pro-hero-240507.jpg","datePublished":"2024-08-08T18:58:03+00:00","dateModified":"2024-08-08T18:58:05+00:00","description":"The iPad Pro dominates the market! Find out how it influences sales of other iPad models and why it is so popular.","breadcrumb":{"@id":"https:\/\/www.apfelpatient.de\/news\/ipad-pro-fuehrt-marktveraenderungen-bei-apple-tablets#breadcrumb"},"inLanguage":"en-US","potentialAction":[{"@type":"ReadAction","target":["https:\/\/www.apfelpatient.de\/news\/ipad-pro-fuehrt-marktveraenderungen-bei-apple-tablets"]}]},{"@type":"ImageObject","inLanguage":"en-US","@id":"https:\/\/www.apfelpatient.de\/news\/ipad-pro-fuehrt-marktveraenderungen-bei-apple-tablets#primaryimage","url":"https:\/\/www.apfelpatient.de\/wp-content\/uploads\/2024\/08\/Apple-iPad-Pro-hero-240507.jpg","contentUrl":"https:\/\/www.apfelpatient.de\/wp-content\/uploads\/2024\/08\/Apple-iPad-Pro-hero-240507.jpg","width":1600,"height":900,"caption":"Bild: Apple"},{"@type":"BreadcrumbList","@id":"https:\/\/www.apfelpatient.de\/news\/ipad-pro-fuehrt-marktveraenderungen-bei-apple-tablets#breadcrumb","itemListElement":[{"@type":"ListItem","position":1,"name":"Startseite","item":"https:\/\/www.apfelpatient.de\/"},{"@type":"ListItem","position":2,"name":"iPad Pro f\u00fchrt: Marktver\u00e4nderungen bei Apple Tablets"}]},{"@type":"WebSite","@id":"https:\/\/www.apfelpatient.de\/#website","url":"https:\/\/www.apfelpatient.de\/","name":"apple patient","description":"Everything about Apple!","publisher":{"@type":"Organization","@id":"https:\/\/www.apfelpatient.de\/en\/#organization","name":"Apfelpatient","url":"https:\/\/www.apfelpatient.de\/en\/"},"alternateName":"Apfelpatient","potentialAction":[{"@type":"SearchAction","target":{"@type":"EntryPoint","urlTemplate":"https:\/\/www.apfelpatient.de\/?s={search_term_string}"},"query-input":{"@type":"PropertyValueSpecification","valueRequired":true,"valueName":"search_term_string"}}],"inLanguage":"en-US"},{"@type":["Person","Organization"],"@id":"https:\/\/www.apfelpatient.de\/#\/schema\/person\/7dc56ad6c8e9824b76d2c08d4c140e13","name":"Milan","logo":{"@id":"https:\/\/www.apfelpatient.de\/#\/schema\/person\/image\/"},"description":"Hello and welcome to my technology blog! As a big Apple fan, I report on everything to do with Apple: from the latest news and exciting rumors to helpful tips and tricks and detailed product tests. If you are as enthusiastic about technology as I am, you have come to the right place!","sameAs":["https:\/\/www.facebook.com\/apfelpatientOfficial","https:\/\/www.linkedin.com\/in\/milan-jovicic-42aa0231b"],"url":"https:\/\/www.apfelpatient.de\/en\/author\/apfeladmin"}]}},"_links":{"self":[{"href":"https:\/\/www.apfelpatient.de\/en\/wp-json\/wp\/v2\/posts\/46109","targetHints":{"allow":["GET"]}}],"collection":[{"href":"https:\/\/www.apfelpatient.de\/en\/wp-json\/wp\/v2\/posts"}],"about":[{"href":"https:\/\/www.apfelpatient.de\/en\/wp-json\/wp\/v2\/types\/post"}],"author":[{"embeddable":true,"href":"https:\/\/www.apfelpatient.de\/en\/wp-json\/wp\/v2\/users\/2"}],"replies":[{"embeddable":true,"href":"https:\/\/www.apfelpatient.de\/en\/wp-json\/wp\/v2\/comments?post=46109"}],"version-history":[{"count":0,"href":"https:\/\/www.apfelpatient.de\/en\/wp-json\/wp\/v2\/posts\/46109\/revisions"}],"wp:featuredmedia":[{"embeddable":true,"href":"https:\/\/www.apfelpatient.de\/en\/wp-json\/wp\/v2\/media\/46111"}],"wp:attachment":[{"href":"https:\/\/www.apfelpatient.de\/en\/wp-json\/wp\/v2\/media?parent=46109"}],"wp:term":[{"taxonomy":"category","embeddable":true,"href":"https:\/\/www.apfelpatient.de\/en\/wp-json\/wp\/v2\/categories?post=46109"},{"taxonomy":"post_tag","embeddable":true,"href":"https:\/\/www.apfelpatient.de\/en\/wp-json\/wp\/v2\/tags?post=46109"}],"curies":[{"name":"wp","href":"https:\/\/api.w.org\/{rel}","templated":true}]}}