{"id":46094,"date":"2024-08-08T20:03:30","date_gmt":"2024-08-08T18:03:30","guid":{"rendered":"https:\/\/www.apfelpatient.de\/?p=46094"},"modified":"2024-08-08T20:03:32","modified_gmt":"2024-08-08T18:03:32","slug":"m4-mac-mini-compact-redesign-for-apples-smallest-computer","status":"publish","type":"post","link":"https:\/\/www.apfelpatient.de\/en\/rumors\/m4-mac-mini-kompaktes-redesign-fuer-apples-kleinsten-computer","title":{"rendered":"M4 Mac mini: Compact redesign for Apple&#039;s smallest computer"},"content":{"rendered":"<p class=\"has-drop-cap\"><strong>The new M4 Mac mini is said to bring a completely new design and the most advanced chips to the market. Below we highlight the technical specifications, design changes and performance of the new M4 Mac mini.<\/strong><\/p>\n\n\n\n<p>If you&#039;re looking for a compact but powerful desktop computer, the upcoming M4 Mac mini could be just what you need. With a completely new design and the integration of the M4 and M4 Pro chips, Apple promises to deliver the smallest yet most powerful Mac mini ever. Find out what makes this device so special and how it differs from its predecessors.<\/p>\n\n\n\n<h4 class=\"wp-block-heading\" id=\"h-design-und-grosse\">design and size<\/h4>\n\n\n\n<p>The M4 Mac mini is undergoing its first major design change since 2010. Apple plans to shrink it down to the size of an Apple TV, making it Apple&#039;s smallest desktop computer. Although it might be a bit taller than the current model at 1.4 inches, the aluminum chassis will be retained. This compact size makes the M4 Mac mini ideal for small workspaces and flexible deployments, so <a href=\"https:\/\/www.bloomberg.com\/news\/articles\/2024-08-08\/mac-mini-m4-apple-plans-to-release-smallest-desktop-computer-yet\" target=\"_blank\" rel=\"noreferrer noopener\">Bloomberg<\/a>.<\/p>\n\n\n\n<h3 class=\"wp-block-heading\" id=\"h-technische-spezifikationen\">Technical specifications<\/h3>\n\n\n\n<h4 class=\"wp-block-heading\" id=\"h-prozessoren\">processors<\/h4>\n\n\n\n<p>There will be two versions of the new Mac mini:<\/p>\n\n\n\n<ul class=\"wp-block-list\">\n<li>M4 Chip: The standard M4 chip offers similar performance to that in the iPad Pro and is ideal for everyday tasks and moderate creative work.<\/li>\n\n\n\n<li>M4 Pro Chip: For more demanding users, there is the M4 Pro version, which offers more performance for professional applications and intensive tasks.<\/li>\n<\/ul>\n\n\n\n<h4 class=\"wp-block-heading\" id=\"h-anschlusse\">Connections<\/h4>\n\n\n\n<p>The new M4 Mac mini will have at least three USB-C ports on the back, along with an HDMI port and an area for the power cord. These ports give you the flexibility to connect various peripherals and external displays, which can greatly increase your productivity.<\/p>\n\n\n\n<h4 class=\"wp-block-heading\" id=\"h-verfugbarkeit-und-auslieferung\">availability and delivery<\/h4>\n\n\n\n<p>According to reports, base models of the M4 Mac mini are expected to start shipping from suppliers this month before hitting the market later in the year. High-end models with the M4 Pro chip are expected to be ready in October.<\/p>\n\n\n\n<h4 class=\"wp-block-heading\" id=\"h-integration-des-m4-chips-in-andere-apple-gerate\">Integration of the M4 chip into other Apple devices<\/h4>\n\n\n\n<p>The M4 generation of Apple Silicon marks a significant step, as Apple plans to use the same chip in all of its Macs. This means updates will follow for the MacBook Air, MacBook Pro, iMac, Mac Studio, and Mac Pro. This consistency in chip architecture will improve performance and compatibility across the entire lineup.<\/p>\n\n\n\n<h3 class=\"wp-block-heading\" id=\"h-m4-mac-mini-die-nachste-generation-von-apples-desktop-computern\">M4 Mac mini: The next generation of Apple&#039;s desktop computers<\/h3>\n\n\n\n<p>The new M4 Mac mini represents an exciting evolution in Apple&#039;s desktop computers. With its new design, powerful M4 and M4 Pro chips and compact size, it is perfect for anyone looking for a powerful and space-saving computer. Stay up to date on release dates and be one of the first to get your hands on this brand new Mac mini. (Image: Apple)<\/p>\n\n\n\n<ul class=\"wp-block-list\">\n<li><a href=\"https:\/\/www.apfelpatient.de\/en\/rumors\/after-antitrust-ruling-apple-plans-its-own-search-engine\">After antitrust ruling: Is Apple planning its own search engine?<\/a><\/li>\n<\/ul>\n\n\n\n<h6 class=\"wp-block-heading translation-block\" id=\"h-kennt-ihr-schon-unsere-amazon-storefront-dort-findet-ihr-eine-handverlesene-auswahl-von-diversen-produkten-f-r-euer-iphone-und-co-viel-spa-beim-st-bern\"><em>Have you already visited our Amazon Storefront? There you&#039;ll find a hand-picked selection of various products for your iPhone and other devices \u2013 <span class=\"has-inline-color has-vivid-red-color\"><a href=\"https:\/\/www.amazon.de\/shop\/apfelpatientofficial\" class=\"ek-link\" data-wpel-link=\"exclude\" rel=\"follow noopener\" target=\"_self\"><span style=\"text-decoration: underline\" class=\"ek-underline\">enjoy browsing<\/span><\/a> !<\/span><\/em><\/h6>\n\n\n\n<h6 class=\"wp-block-heading translation-block\" id=\"h-der-beitrag-enthalt-partnerlinks\">This post contains <a data-type=\"URL\" data-id=\"https:\/\/www.apfelpatient.de\/partnerprogramm\" href=\"https:\/\/www.apfelpatient.de\/en\/partner-program\" data-wpel-link=\"internal\" target=\"_self\">affiliate links<\/a>.<\/h6>","protected":false},"excerpt":{"rendered":"<p>M4 Mac mini: The smallest Apple computer with a new design and M4 Pro chips. Perfect for small workspaces and flexible use.<\/p>","protected":false},"author":2,"featured_media":46093,"comment_status":"closed","ping_status":"closed","sticky":false,"template":"","format":"standard","meta":{"jnews-multi-image_gallery":[],"jnews_single_post":{"subtitle":"","format":"standard","video":"","gallery":"","source_name":"","source_url":"","via_name":"","via_url":"","override_template":"0","override":[{"template":"4","single_blog_custom":"","parallax":"1","fullscreen":"1","layout":"right-sidebar","sidebar":"default-sidebar","second_sidebar":"default-sidebar","sticky_sidebar":"1","share_position":"top","share_float_style":"share-monocrhome","show_share_counter":"0","show_view_counter":"0","show_featured":"1","show_post_meta":"1","show_post_author":"1","show_post_author_image":"1","show_post_date":"1","post_date_format":"default","post_date_format_custom":"Y\/m\/d","show_post_category":"1","show_post_reading_time":"0","post_reading_time_wpm":"300","post_calculate_word_method":"str_word_count","show_zoom_button":"0","zoom_button_out_step":"2","zoom_button_in_step":"3","show_post_tag":"1","show_prev_next_post":"1","show_popup_post":"1","number_popup_post":"1","show_author_box":"0","show_post_related":"0","show_inline_post_related":"0"}],"override_image_size":"0","image_override":[{"single_post_thumbnail_size":"crop-500","single_post_gallery_size":"crop-500"}],"trending_post":"0","trending_post_position":"meta","trending_post_label":"Trending","sponsored_post":"0","sponsored_post_label":"Sponsored by","sponsored_post_name":"","sponsored_post_url":"","sponsored_post_logo_enable":"0","sponsored_post_logo":"","sponsored_post_desc":"","disable_ad":"0"},"jnews_primary_category":{"id":"25","hide":""},"footnotes":""},"categories":[25],"tags":[40,73],"class_list":["post-46094","post","type-post","status-publish","format-standard","has-post-thumbnail","hentry","category-rumors","tag-mac","tag-mac-mini"],"yoast_head":"<!-- This site is optimized with the Yoast SEO Premium plugin v27.5 (Yoast SEO v27.5) - https:\/\/yoast.com\/product\/yoast-seo-premium-wordpress\/ -->\n<title>M4 Mac mini: Kompaktes Redesign f\u00fcr Apples kleinsten Computer Apfelpatient<\/title>\n<meta name=\"description\" content=\"M4 Mac mini: Der kleinste Apple-Computer mit neuem Design und M4 Pro Chips. Perfekt f\u00fcr kleine Arbeitsbereiche und flexible Nutzung.\" \/>\n<meta name=\"robots\" content=\"index, follow, max-snippet:-1, max-image-preview:large, max-video-preview:-1\" \/>\n<link rel=\"canonical\" href=\"https:\/\/www.apfelpatient.de\/en\/rumors\/m4-mac-mini-compact-redesign-for-apples-smallest-computer\" \/>\n<meta property=\"og:locale\" content=\"en_US\" \/>\n<meta property=\"og:type\" content=\"article\" \/>\n<meta property=\"og:title\" content=\"M4 Mac mini: Kompaktes Redesign f\u00fcr Apples kleinsten Computer\" \/>\n<meta property=\"og:description\" content=\"M4 Mac mini: Der kleinste Apple-Computer mit neuem Design und M4 Pro Chips. Perfekt f\u00fcr kleine Arbeitsbereiche und flexible Nutzung.\" \/>\n<meta property=\"og:url\" content=\"https:\/\/www.apfelpatient.de\/en\/rumors\/m4-mac-mini-compact-redesign-for-apples-smallest-computer\" \/>\n<meta property=\"og:site_name\" content=\"Apfelpatient\" \/>\n<meta property=\"article:publisher\" content=\"https:\/\/www.facebook.com\/apfelpatientOfficial\" \/>\n<meta property=\"article:author\" content=\"https:\/\/www.facebook.com\/apfelpatientOfficial\" \/>\n<meta property=\"article:published_time\" content=\"2024-08-08T18:03:30+00:00\" \/>\n<meta property=\"article:modified_time\" content=\"2024-08-08T18:03:32+00:00\" \/>\n<meta property=\"og:image\" content=\"https:\/\/www.apfelpatient.de\/wp-content\/uploads\/2024\/08\/Apple-Mac-mini-M2-and-M2-Pro-hero-230117.jpg\" \/>\n\t<meta property=\"og:image:width\" content=\"1600\" \/>\n\t<meta property=\"og:image:height\" content=\"900\" \/>\n\t<meta property=\"og:image:type\" content=\"image\/jpeg\" \/>\n<meta name=\"author\" content=\"Milan\" \/>\n<meta name=\"twitter:card\" content=\"summary_large_image\" \/>\n<meta name=\"twitter:description\" content=\"M4 Mac mini: Der kleinste Apple-Computer mit neuem Design und M4 Pro Chips. Perfekt f\u00fcr kleine Arbeitsbereiche und flexible Nutzung.\" \/>\n<meta name=\"twitter:label1\" content=\"Written by\" \/>\n\t<meta name=\"twitter:data1\" content=\"Milan\" \/>\n\t<meta name=\"twitter:label2\" content=\"Est. reading time\" \/>\n\t<meta name=\"twitter:data2\" content=\"3 minutes\" \/>\n<script type=\"application\/ld+json\" class=\"yoast-schema-graph\">{\"@context\":\"https:\\\/\\\/schema.org\",\"@graph\":[{\"@type\":\"NewsArticle\",\"@id\":\"https:\\\/\\\/www.apfelpatient.de\\\/rumors\\\/m4-mac-mini-kompaktes-redesign-fuer-apples-kleinsten-computer#article\",\"isPartOf\":{\"@id\":\"https:\\\/\\\/www.apfelpatient.de\\\/rumors\\\/m4-mac-mini-kompaktes-redesign-fuer-apples-kleinsten-computer\"},\"author\":{\"@type\":\"Organization\",\"@id\":\"https:\\\/\\\/www.apfelpatient.de\\\/en\\\/#organization\",\"name\":\"Apfelpatient\",\"url\":\"https:\\\/\\\/www.apfelpatient.de\\\/en\\\/\"},\"headline\":\"M4 Mac mini: Kompaktes Redesign f\u00fcr Apples kleinsten Computer\",\"datePublished\":\"2024-08-08T18:03:30+00:00\",\"dateModified\":\"2024-08-08T18:03:32+00:00\",\"mainEntityOfPage\":{\"@id\":\"https:\\\/\\\/www.apfelpatient.de\\\/rumors\\\/m4-mac-mini-kompaktes-redesign-fuer-apples-kleinsten-computer\"},\"wordCount\":496,\"publisher\":{\"@type\":\"Organization\",\"@id\":\"https:\\\/\\\/www.apfelpatient.de\\\/en\\\/#organization\",\"name\":\"Apfelpatient\",\"url\":\"https:\\\/\\\/www.apfelpatient.de\\\/en\\\/\"},\"image\":{\"@id\":\"https:\\\/\\\/www.apfelpatient.de\\\/rumors\\\/m4-mac-mini-kompaktes-redesign-fuer-apples-kleinsten-computer#primaryimage\"},\"thumbnailUrl\":\"https:\\\/\\\/www.apfelpatient.de\\\/wp-content\\\/uploads\\\/2024\\\/08\\\/Apple-Mac-mini-M2-and-M2-Pro-hero-230117.jpg\",\"keywords\":[\"Mac\",\"Mac mini\"],\"articleSection\":\"Rumors\",\"inLanguage\":\"en-US\",\"copyrightYear\":\"2024\",\"copyrightHolder\":{\"@id\":\"https:\\\/\\\/www.apfelpatient.de\\\/en\\\/#organization\"}},{\"@type\":\"WebPage\",\"@id\":\"https:\\\/\\\/www.apfelpatient.de\\\/rumors\\\/m4-mac-mini-kompaktes-redesign-fuer-apples-kleinsten-computer\",\"url\":\"https:\\\/\\\/www.apfelpatient.de\\\/rumors\\\/m4-mac-mini-kompaktes-redesign-fuer-apples-kleinsten-computer\",\"name\":\"M4 Mac mini: Kompaktes Redesign f\u00fcr Apples kleinsten Computer Apfelpatient\",\"isPartOf\":{\"@id\":\"https:\\\/\\\/www.apfelpatient.de\\\/#website\"},\"primaryImageOfPage\":{\"@id\":\"https:\\\/\\\/www.apfelpatient.de\\\/rumors\\\/m4-mac-mini-kompaktes-redesign-fuer-apples-kleinsten-computer#primaryimage\"},\"image\":{\"@id\":\"https:\\\/\\\/www.apfelpatient.de\\\/rumors\\\/m4-mac-mini-kompaktes-redesign-fuer-apples-kleinsten-computer#primaryimage\"},\"thumbnailUrl\":\"https:\\\/\\\/www.apfelpatient.de\\\/wp-content\\\/uploads\\\/2024\\\/08\\\/Apple-Mac-mini-M2-and-M2-Pro-hero-230117.jpg\",\"datePublished\":\"2024-08-08T18:03:30+00:00\",\"dateModified\":\"2024-08-08T18:03:32+00:00\",\"description\":\"M4 Mac mini: Der kleinste Apple-Computer mit neuem Design und M4 Pro Chips. Perfekt f\u00fcr kleine Arbeitsbereiche und flexible Nutzung.\",\"breadcrumb\":{\"@id\":\"https:\\\/\\\/www.apfelpatient.de\\\/rumors\\\/m4-mac-mini-kompaktes-redesign-fuer-apples-kleinsten-computer#breadcrumb\"},\"inLanguage\":\"en-US\",\"potentialAction\":[{\"@type\":\"ReadAction\",\"target\":[\"https:\\\/\\\/www.apfelpatient.de\\\/rumors\\\/m4-mac-mini-kompaktes-redesign-fuer-apples-kleinsten-computer\"]}]},{\"@type\":\"ImageObject\",\"inLanguage\":\"en-US\",\"@id\":\"https:\\\/\\\/www.apfelpatient.de\\\/rumors\\\/m4-mac-mini-kompaktes-redesign-fuer-apples-kleinsten-computer#primaryimage\",\"url\":\"https:\\\/\\\/www.apfelpatient.de\\\/wp-content\\\/uploads\\\/2024\\\/08\\\/Apple-Mac-mini-M2-and-M2-Pro-hero-230117.jpg\",\"contentUrl\":\"https:\\\/\\\/www.apfelpatient.de\\\/wp-content\\\/uploads\\\/2024\\\/08\\\/Apple-Mac-mini-M2-and-M2-Pro-hero-230117.jpg\",\"width\":1600,\"height\":900,\"caption\":\"Bild: Apple\"},{\"@type\":\"BreadcrumbList\",\"@id\":\"https:\\\/\\\/www.apfelpatient.de\\\/rumors\\\/m4-mac-mini-kompaktes-redesign-fuer-apples-kleinsten-computer#breadcrumb\",\"itemListElement\":[{\"@type\":\"ListItem\",\"position\":1,\"name\":\"Startseite\",\"item\":\"https:\\\/\\\/www.apfelpatient.de\\\/\"},{\"@type\":\"ListItem\",\"position\":2,\"name\":\"M4 Mac mini: Kompaktes Redesign f\u00fcr Apples kleinsten Computer\"}]},{\"@type\":\"WebSite\",\"@id\":\"https:\\\/\\\/www.apfelpatient.de\\\/#website\",\"url\":\"https:\\\/\\\/www.apfelpatient.de\\\/\",\"name\":\"Apfelpatient\",\"description\":\"Alles rund um Apple!\",\"publisher\":{\"@type\":\"Organization\",\"@id\":\"https:\\\/\\\/www.apfelpatient.de\\\/en\\\/#organization\",\"name\":\"Apfelpatient\",\"url\":\"https:\\\/\\\/www.apfelpatient.de\\\/en\\\/\"},\"alternateName\":\"Apfelpatient\",\"potentialAction\":[{\"@type\":\"SearchAction\",\"target\":{\"@type\":\"EntryPoint\",\"urlTemplate\":\"https:\\\/\\\/www.apfelpatient.de\\\/?s={search_term_string}\"},\"query-input\":{\"@type\":\"PropertyValueSpecification\",\"valueRequired\":true,\"valueName\":\"search_term_string\"}}],\"inLanguage\":\"en-US\"},{\"@type\":[\"Person\",\"Organization\"],\"@id\":\"https:\\\/\\\/www.apfelpatient.de\\\/#\\\/schema\\\/person\\\/35b3ddba5832f2bfc7fff5206d4f6b7b\",\"name\":\"Milan\",\"logo\":{\"@id\":\"https:\\\/\\\/www.apfelpatient.de\\\/#\\\/schema\\\/person\\\/image\\\/\"},\"description\":\"Hallo und herzlich willkommen auf meinem Technik-Blog! Als gro\u00dfer Apple-Fan berichte ich hier \u00fcber alles, was mit Apple zu tun hat: von den neuesten News und spannenden Ger\u00fcchten \u00fcber hilfreiche Tipps und Tricks bis hin zu ausf\u00fchrlichen Produkttests. Wenn du genauso technikbegeistert bist wie ich, bist du hier genau richtig!\",\"sameAs\":[\"https:\\\/\\\/www.facebook.com\\\/apfelpatientOfficial\",\"https:\\\/\\\/www.linkedin.com\\\/in\\\/milan-jovicic-42aa0231b\"],\"url\":\"https:\\\/\\\/www.apfelpatient.de\\\/en\\\/author\\\/apfeladmin\"}]}<\/script>\n<!-- \/ Yoast SEO Premium plugin. -->","yoast_head_json":{"title":"M4 Mac mini: Compact redesign for Apple&#039;s smallest computer Apfelpatient","description":"M4 Mac mini: The smallest Apple computer with a new design and M4 Pro chips. Perfect for small workspaces and flexible use.","robots":{"index":"index","follow":"follow","max-snippet":"max-snippet:-1","max-image-preview":"max-image-preview:large","max-video-preview":"max-video-preview:-1"},"canonical":"https:\/\/www.apfelpatient.de\/en\/rumors\/m4-mac-mini-compact-redesign-for-apples-smallest-computer","og_locale":"en_US","og_type":"article","og_title":"M4 Mac mini: Kompaktes Redesign f\u00fcr Apples kleinsten Computer","og_description":"M4 Mac mini: Der kleinste Apple-Computer mit neuem Design und M4 Pro Chips. Perfekt f\u00fcr kleine Arbeitsbereiche und flexible Nutzung.","og_url":"https:\/\/www.apfelpatient.de\/en\/rumors\/m4-mac-mini-compact-redesign-for-apples-smallest-computer","og_site_name":"Apfelpatient","article_publisher":"https:\/\/www.facebook.com\/apfelpatientOfficial","article_author":"https:\/\/www.facebook.com\/apfelpatientOfficial","article_published_time":"2024-08-08T18:03:30+00:00","article_modified_time":"2024-08-08T18:03:32+00:00","og_image":[{"width":1600,"height":900,"url":"https:\/\/www.apfelpatient.de\/wp-content\/uploads\/2024\/08\/Apple-Mac-mini-M2-and-M2-Pro-hero-230117.jpg","type":"image\/jpeg"}],"author":"Milan","twitter_card":"summary_large_image","twitter_description":"M4 Mac mini: Der kleinste Apple-Computer mit neuem Design und M4 Pro Chips. Perfekt f\u00fcr kleine Arbeitsbereiche und flexible Nutzung.","twitter_misc":{"Written by":"Milan","Est. reading time":"3 minutes"},"schema":{"@context":"https:\/\/schema.org","@graph":[{"@type":"NewsArticle","@id":"https:\/\/www.apfelpatient.de\/rumors\/m4-mac-mini-kompaktes-redesign-fuer-apples-kleinsten-computer#article","isPartOf":{"@id":"https:\/\/www.apfelpatient.de\/rumors\/m4-mac-mini-kompaktes-redesign-fuer-apples-kleinsten-computer"},"author":{"@type":"Organization","@id":"https:\/\/www.apfelpatient.de\/en\/#organization","name":"Apfelpatient","url":"https:\/\/www.apfelpatient.de\/en\/"},"headline":"M4 Mac mini: Kompaktes Redesign f\u00fcr Apples kleinsten Computer","datePublished":"2024-08-08T18:03:30+00:00","dateModified":"2024-08-08T18:03:32+00:00","mainEntityOfPage":{"@id":"https:\/\/www.apfelpatient.de\/rumors\/m4-mac-mini-kompaktes-redesign-fuer-apples-kleinsten-computer"},"wordCount":496,"publisher":{"@type":"Organization","@id":"https:\/\/www.apfelpatient.de\/en\/#organization","name":"Apfelpatient","url":"https:\/\/www.apfelpatient.de\/en\/"},"image":{"@id":"https:\/\/www.apfelpatient.de\/rumors\/m4-mac-mini-kompaktes-redesign-fuer-apples-kleinsten-computer#primaryimage"},"thumbnailUrl":"https:\/\/www.apfelpatient.de\/wp-content\/uploads\/2024\/08\/Apple-Mac-mini-M2-and-M2-Pro-hero-230117.jpg","keywords":["Mac","Mac mini"],"articleSection":"Rumors","inLanguage":"en-US","copyrightYear":"2024","copyrightHolder":{"@id":"https:\/\/www.apfelpatient.de\/en\/#organization"}},{"@type":"WebPage","@id":"https:\/\/www.apfelpatient.de\/rumors\/m4-mac-mini-kompaktes-redesign-fuer-apples-kleinsten-computer","url":"https:\/\/www.apfelpatient.de\/rumors\/m4-mac-mini-kompaktes-redesign-fuer-apples-kleinsten-computer","name":"M4 Mac mini: Compact redesign for Apple&#039;s smallest computer Apfelpatient","isPartOf":{"@id":"https:\/\/www.apfelpatient.de\/#website"},"primaryImageOfPage":{"@id":"https:\/\/www.apfelpatient.de\/rumors\/m4-mac-mini-kompaktes-redesign-fuer-apples-kleinsten-computer#primaryimage"},"image":{"@id":"https:\/\/www.apfelpatient.de\/rumors\/m4-mac-mini-kompaktes-redesign-fuer-apples-kleinsten-computer#primaryimage"},"thumbnailUrl":"https:\/\/www.apfelpatient.de\/wp-content\/uploads\/2024\/08\/Apple-Mac-mini-M2-and-M2-Pro-hero-230117.jpg","datePublished":"2024-08-08T18:03:30+00:00","dateModified":"2024-08-08T18:03:32+00:00","description":"M4 Mac mini: The smallest Apple computer with a new design and M4 Pro chips. Perfect for small workspaces and flexible use.","breadcrumb":{"@id":"https:\/\/www.apfelpatient.de\/rumors\/m4-mac-mini-kompaktes-redesign-fuer-apples-kleinsten-computer#breadcrumb"},"inLanguage":"en-US","potentialAction":[{"@type":"ReadAction","target":["https:\/\/www.apfelpatient.de\/rumors\/m4-mac-mini-kompaktes-redesign-fuer-apples-kleinsten-computer"]}]},{"@type":"ImageObject","inLanguage":"en-US","@id":"https:\/\/www.apfelpatient.de\/rumors\/m4-mac-mini-kompaktes-redesign-fuer-apples-kleinsten-computer#primaryimage","url":"https:\/\/www.apfelpatient.de\/wp-content\/uploads\/2024\/08\/Apple-Mac-mini-M2-and-M2-Pro-hero-230117.jpg","contentUrl":"https:\/\/www.apfelpatient.de\/wp-content\/uploads\/2024\/08\/Apple-Mac-mini-M2-and-M2-Pro-hero-230117.jpg","width":1600,"height":900,"caption":"Bild: Apple"},{"@type":"BreadcrumbList","@id":"https:\/\/www.apfelpatient.de\/rumors\/m4-mac-mini-kompaktes-redesign-fuer-apples-kleinsten-computer#breadcrumb","itemListElement":[{"@type":"ListItem","position":1,"name":"Startseite","item":"https:\/\/www.apfelpatient.de\/"},{"@type":"ListItem","position":2,"name":"M4 Mac mini: Kompaktes Redesign f\u00fcr Apples kleinsten Computer"}]},{"@type":"WebSite","@id":"https:\/\/www.apfelpatient.de\/#website","url":"https:\/\/www.apfelpatient.de\/","name":"apple patient","description":"Everything about Apple!","publisher":{"@type":"Organization","@id":"https:\/\/www.apfelpatient.de\/en\/#organization","name":"Apfelpatient","url":"https:\/\/www.apfelpatient.de\/en\/"},"alternateName":"Apfelpatient","potentialAction":[{"@type":"SearchAction","target":{"@type":"EntryPoint","urlTemplate":"https:\/\/www.apfelpatient.de\/?s={search_term_string}"},"query-input":{"@type":"PropertyValueSpecification","valueRequired":true,"valueName":"search_term_string"}}],"inLanguage":"en-US"},{"@type":["Person","Organization"],"@id":"https:\/\/www.apfelpatient.de\/#\/schema\/person\/35b3ddba5832f2bfc7fff5206d4f6b7b","name":"Milan","logo":{"@id":"https:\/\/www.apfelpatient.de\/#\/schema\/person\/image\/"},"description":"Hello and welcome to my technology blog! As a big Apple fan, I report on everything to do with Apple: from the latest news and exciting rumors to helpful tips and tricks and detailed product tests. If you are as enthusiastic about technology as I am, you have come to the right place!","sameAs":["https:\/\/www.facebook.com\/apfelpatientOfficial","https:\/\/www.linkedin.com\/in\/milan-jovicic-42aa0231b"],"url":"https:\/\/www.apfelpatient.de\/en\/author\/apfeladmin"}]}},"_links":{"self":[{"href":"https:\/\/www.apfelpatient.de\/en\/wp-json\/wp\/v2\/posts\/46094","targetHints":{"allow":["GET"]}}],"collection":[{"href":"https:\/\/www.apfelpatient.de\/en\/wp-json\/wp\/v2\/posts"}],"about":[{"href":"https:\/\/www.apfelpatient.de\/en\/wp-json\/wp\/v2\/types\/post"}],"author":[{"embeddable":true,"href":"https:\/\/www.apfelpatient.de\/en\/wp-json\/wp\/v2\/users\/2"}],"replies":[{"embeddable":true,"href":"https:\/\/www.apfelpatient.de\/en\/wp-json\/wp\/v2\/comments?post=46094"}],"version-history":[{"count":0,"href":"https:\/\/www.apfelpatient.de\/en\/wp-json\/wp\/v2\/posts\/46094\/revisions"}],"wp:featuredmedia":[{"embeddable":true,"href":"https:\/\/www.apfelpatient.de\/en\/wp-json\/wp\/v2\/media\/46093"}],"wp:attachment":[{"href":"https:\/\/www.apfelpatient.de\/en\/wp-json\/wp\/v2\/media?parent=46094"}],"wp:term":[{"taxonomy":"category","embeddable":true,"href":"https:\/\/www.apfelpatient.de\/en\/wp-json\/wp\/v2\/categories?post=46094"},{"taxonomy":"post_tag","embeddable":true,"href":"https:\/\/www.apfelpatient.de\/en\/wp-json\/wp\/v2\/tags?post=46094"}],"curies":[{"name":"wp","href":"https:\/\/api.w.org\/{rel}","templated":true}]}}