{"id":46091,"date":"2024-08-08T14:47:27","date_gmt":"2024-08-08T12:47:27","guid":{"rendered":"https:\/\/www.apfelpatient.de\/?p=46091"},"modified":"2025-10-14T16:01:42","modified_gmt":"2025-10-14T14:01:42","slug":"apple-pulls-back-cinema-release-wolfs-from-27-september-on-tv","status":"publish","type":"post","link":"https:\/\/www.apfelpatient.de\/en\/news\/apple-zieht-kinostart-zurueck-wolfs-ab-27-september-auf-tv","title":{"rendered":"Apple withdraws cinema release: &#039;Wolfs&#039; from September 27th on TV+"},"content":{"rendered":"<p class=\"has-drop-cap\"><strong>In a surprising twist, Apple has canceled the wide theatrical release for the film &quot;Wolfs,&quot; starring Brad Pitt and George Clooney. Instead, the film will have a limited theatrical release on September 20 and stream worldwide on Apple TV+ starting September 27. This decision has surprised both film fans and industry insiders and raises questions about Apple&#039;s future strategy in the film business.<\/strong><\/p>\n\n\n\n<p>Apple has revised its film distribution strategy. The originally planned exclusive theatrical release of \u201cWolfs\u201d has been abandoned in favor of a faster streaming debut on Apple TV+. This decision may reflect an adjustment to the mediocre box office results so far and could be positive news for Apple TV+ subscribers.<\/p>\n\n\n\n<h4 class=\"wp-block-heading\" id=\"h-anderung-der-strategie-vom-kino-zum-streaming\">Change of strategy: From cinema to streaming<\/h4>\n\n\n\n<p>Apple planned <a href=\"https:\/\/www.apple.com\/tv-pr\/originals\/wolfs\/\" target=\"_blank\" rel=\"noreferrer noopener\">originally<\/a>, to release \u201cWolfs\u201d exclusively in theaters worldwide for an extended run, similar to previous releases like \u201cKillers of the Flower Moon\u201d and \u201cNapoleon.\u201d Now, however, the film will have a limited theatrical release on September 20, followed by a worldwide streaming debut on Apple TV+ on September 27.<\/p>\n\n\n\n<h4 class=\"wp-block-heading\" id=\"h-die-grunde-hinter-der-entscheidung\">The reasons behind the decision<\/h4>\n\n\n\n<p>The decision to cancel the wide theatrical release could have several reasons. On the one hand, the mediocre to poor box office results of previous Apple films such as \u201cArgylle\u201d and \u201cFly Me to the Moon\u201d could have played a role. These films failed to meet expectations at the box office, despite high investments.<\/p>\n\n\n\n<h4 class=\"wp-block-heading\" id=\"h-vorteile-fur-apple-tv-abonnenten\">Benefits for Apple TV+ subscribers<\/h4>\n\n\n\n<p>If you&#039;re an Apple TV+ subscriber, you&#039;re in for a treat. The previous strategy would have meant you wouldn&#039;t be able to see the film until months after its theatrical release. Now you have the option to stream &quot;Wolfs&quot; directly starting September 27th.<\/p>\n\n\n\n<h4 class=\"wp-block-heading\" id=\"h-positive-reaktionen-und-zukunftsperspektiven\">Positive reactions and future prospects<\/h4>\n\n\n\n<p>Interestingly, early feedback from previews for \u201cWolfs\u201d is very positive. The film reportedly received high test scores and was described as a \u201ccrowd favorite.\u201d This could mean that Apple has a lot of confidence in the quality of the film despite the changes to its release plans.<\/p>\n\n\n\n<h4 class=\"wp-block-heading\" id=\"h-apples-zukunftige-filmstrategien\">Apple&#039;s future film strategies<\/h4>\n\n\n\n<p>While some see these changes as a sign of Apple&#039;s retreat from the theatrical business, the company has made it clear that it is still planning theatrical releases for certain films. One example is the upcoming Formula 1 film, which is set to be released in 2025 and also stars Brad Pitt. Apple seems to be more selective in choosing films for theatrical release in the future, suggesting an adjustment to current market conditions.<\/p>\n\n\n\n<h3 class=\"wp-block-heading\" id=\"h-wolfs-ein-gewinn-fur-apple-tv-abonnenten\">Wolfs: A win for Apple TV+ subscribers<\/h3>\n\n\n\n<p>Apple has made a bold decision by changing the release plans for \u201cWolfs\u201d. For you as an Apple TV+ subscriber, this means that you can watch the film faster and more conveniently. The positive test results and the announcement of a sequel show that Apple continues to have great confidence in its film productions. The company&#039;s future strategy remains exciting, and we can&#039;t wait to see what other surprises Apple has in store for us. Stay tuned for further updates and enjoy \u201cWolfs\u201d from September 27th on Apple TV+! (Image: Apple)<\/p>\n\n\n\n<ul class=\"wp-block-list\">\n<li><a href=\"Disney+: Neue Regeln zur Passwortweitergabe ab September\">Disney+: New rules for password sharing from September<\/a><a href=\"https:\/\/www.apfelpatient.de\/en\/news\/disney-new-rules-for-password-sharing-from-september\">r<\/a><\/li>\n<\/ul>\n\n\n\n<h6 class=\"wp-block-heading translation-block\" id=\"h-kennt-ihr-schon-unsere-amazon-storefront-dort-findet-ihr-eine-handverlesene-auswahl-von-diversen-produkten-f-r-euer-iphone-und-co-viel-spa-beim-st-bern\"><em>Have you already visited our Amazon Storefront? There you&#039;ll find a hand-picked selection of various products for your iPhone and other devices \u2013 <span class=\"has-inline-color has-vivid-red-color\"><a href=\"https:\/\/www.amazon.de\/shop\/apfelpatientofficial\" class=\"ek-link\" data-wpel-link=\"exclude\" rel=\"follow noopener\" target=\"_self\"><span style=\"text-decoration: underline\" class=\"ek-underline\">enjoy browsing<\/span><\/a> !<\/span><\/em><\/h6>\n\n\n\n<h6 class=\"wp-block-heading translation-block\" id=\"h-der-beitrag-enthalt-partnerlinks\">This post contains <a data-type=\"URL\" data-id=\"https:\/\/www.apfelpatient.de\/partnerprogramm\" href=\"https:\/\/www.apfelpatient.de\/en\/partner-program\" data-wpel-link=\"internal\" target=\"_self\">affiliate links<\/a>.<\/h6>","protected":false},"excerpt":{"rendered":"<p>Apple surprises film fans: \u201cWolfs\u201d with Brad Pitt &amp; George Clooney will have a limited release in cinemas and will be released on Apple TV+ from September 27th.<\/p>","protected":false},"author":2,"featured_media":46088,"comment_status":"closed","ping_status":"closed","sticky":false,"template":"","format":"standard","meta":{"jnews-multi-image_gallery":[],"jnews_single_post":{"subtitle":"","format":"standard","video":"","gallery":"","source_name":"","source_url":"","via_name":"","via_url":"","override_template":"0","override":[{"template":"4","single_blog_custom":"","parallax":"1","fullscreen":"1","layout":"right-sidebar","sidebar":"default-sidebar","second_sidebar":"default-sidebar","sticky_sidebar":"1","share_position":"top","share_float_style":"share-monocrhome","show_share_counter":"0","show_view_counter":"0","show_featured":"1","show_post_meta":"1","show_post_author":"1","show_post_author_image":"1","show_post_date":"1","post_date_format":"default","post_date_format_custom":"Y\/m\/d","show_post_category":"1","show_post_reading_time":"0","post_reading_time_wpm":"300","post_calculate_word_method":"str_word_count","show_zoom_button":"0","zoom_button_out_step":"2","zoom_button_in_step":"3","show_post_tag":"1","show_prev_next_post":"1","show_popup_post":"1","number_popup_post":"1","show_author_box":"0","show_post_related":"0","show_inline_post_related":"0"}],"override_image_size":"0","image_override":[{"single_post_thumbnail_size":"crop-500","single_post_gallery_size":"crop-500"}],"trending_post":"0","trending_post_position":"meta","trending_post_label":"Trending","sponsored_post":"0","sponsored_post_label":"Sponsored by","sponsored_post_name":"","sponsored_post_url":"","sponsored_post_logo_enable":"0","sponsored_post_logo":"","sponsored_post_desc":"","disable_ad":"0"},"jnews_primary_category":{"id":"9","hide":""},"footnotes":""},"categories":[9],"tags":[34,156,248],"class_list":["post-46091","post","type-post","status-publish","format-standard","has-post-thumbnail","hentry","category-news","tag-apple-dienste","tag-apple-tv","tag-apple-tv-plus"],"yoast_head":"<!-- This site is optimized with the Yoast SEO Premium plugin v27.5 (Yoast SEO v27.5) - https:\/\/yoast.com\/product\/yoast-seo-premium-wordpress\/ -->\n<title>Apple zieht Kinostart zur\u00fcck: \u2018Wolfs\u2019 ab 27. September auf TV+ Apfelpatient<\/title>\n<meta name=\"description\" content=\"Apple \u00fcberrascht Filmfans: \u201cWolfs\u201d mit Brad Pitt &amp; George Clooney startet nur begrenzt im Kino und ab 27. September auf Apple TV+.\" \/>\n<meta name=\"robots\" content=\"index, follow, max-snippet:-1, max-image-preview:large, max-video-preview:-1\" \/>\n<link rel=\"canonical\" href=\"https:\/\/www.apfelpatient.de\/en\/news\/apple-pulls-back-cinema-release-wolfs-from-27-september-on-tv\" \/>\n<meta property=\"og:locale\" content=\"en_US\" \/>\n<meta property=\"og:type\" content=\"article\" \/>\n<meta property=\"og:title\" content=\"Apple zieht Kinostart zur\u00fcck: \u2018Wolfs\u2019 ab 27. September auf TV+\" \/>\n<meta property=\"og:description\" content=\"Apple \u00fcberrascht Filmfans: \u201cWolfs\u201d mit Brad Pitt &amp; George Clooney startet nur begrenzt im Kino und ab 27. September auf Apple TV+.\" \/>\n<meta property=\"og:url\" content=\"https:\/\/www.apfelpatient.de\/en\/news\/apple-pulls-back-cinema-release-wolfs-from-27-september-on-tv\" \/>\n<meta property=\"og:site_name\" content=\"Apfelpatient\" \/>\n<meta property=\"article:publisher\" content=\"https:\/\/www.facebook.com\/apfelpatientOfficial\" \/>\n<meta property=\"article:author\" content=\"https:\/\/www.facebook.com\/apfelpatientOfficial\" \/>\n<meta property=\"article:published_time\" content=\"2024-08-08T12:47:27+00:00\" \/>\n<meta property=\"article:modified_time\" content=\"2025-10-14T14:01:42+00:00\" \/>\n<meta property=\"og:image\" content=\"https:\/\/www.apfelpatient.de\/wp-content\/uploads\/2024\/08\/Wolfs_Photo_0101.jpg\" \/>\n\t<meta property=\"og:image:width\" content=\"1600\" \/>\n\t<meta property=\"og:image:height\" content=\"1067\" \/>\n\t<meta property=\"og:image:type\" content=\"image\/jpeg\" \/>\n<meta name=\"author\" content=\"Milan\" \/>\n<meta name=\"twitter:card\" content=\"summary_large_image\" \/>\n<meta name=\"twitter:description\" content=\"Apple \u00fcberrascht Filmfans: \u201cWolfs\u201d mit Brad Pitt &amp; George Clooney startet nur begrenzt im Kino und ab 27. September auf Apple TV+.\" \/>\n<meta name=\"twitter:label1\" content=\"Written by\" \/>\n\t<meta name=\"twitter:data1\" content=\"Milan\" \/>\n\t<meta name=\"twitter:label2\" content=\"Est. reading time\" \/>\n\t<meta name=\"twitter:data2\" content=\"4 minutes\" \/>\n<script type=\"application\/ld+json\" class=\"yoast-schema-graph\">{\"@context\":\"https:\\\/\\\/schema.org\",\"@graph\":[{\"@type\":\"NewsArticle\",\"@id\":\"https:\\\/\\\/www.apfelpatient.de\\\/news\\\/apple-zieht-kinostart-zurueck-wolfs-ab-27-september-auf-tv#article\",\"isPartOf\":{\"@id\":\"https:\\\/\\\/www.apfelpatient.de\\\/news\\\/apple-zieht-kinostart-zurueck-wolfs-ab-27-september-auf-tv\"},\"author\":{\"@type\":\"Organization\",\"@id\":\"https:\\\/\\\/www.apfelpatient.de\\\/en\\\/#organization\",\"name\":\"Apfelpatient\",\"url\":\"https:\\\/\\\/www.apfelpatient.de\\\/en\\\/\"},\"headline\":\"Apple zieht Kinostart zur\u00fcck: \u2018Wolfs\u2019 ab 27. September auf TV+\",\"datePublished\":\"2024-08-08T12:47:27+00:00\",\"dateModified\":\"2025-10-14T14:01:42+00:00\",\"mainEntityOfPage\":{\"@id\":\"https:\\\/\\\/www.apfelpatient.de\\\/news\\\/apple-zieht-kinostart-zurueck-wolfs-ab-27-september-auf-tv\"},\"wordCount\":540,\"publisher\":{\"@type\":\"Organization\",\"@id\":\"https:\\\/\\\/www.apfelpatient.de\\\/en\\\/#organization\",\"name\":\"Apfelpatient\",\"url\":\"https:\\\/\\\/www.apfelpatient.de\\\/en\\\/\"},\"image\":{\"@id\":\"https:\\\/\\\/www.apfelpatient.de\\\/news\\\/apple-zieht-kinostart-zurueck-wolfs-ab-27-september-auf-tv#primaryimage\"},\"thumbnailUrl\":\"https:\\\/\\\/www.apfelpatient.de\\\/wp-content\\\/uploads\\\/2024\\\/08\\\/Wolfs_Photo_0101.jpg\",\"keywords\":[\"Apple Dienste\",\"Apple TV\",\"Apple TV Plus\"],\"articleSection\":\"News\",\"inLanguage\":\"en-US\",\"copyrightYear\":\"2024\",\"copyrightHolder\":{\"@id\":\"https:\\\/\\\/www.apfelpatient.de\\\/en\\\/#organization\"}},{\"@type\":\"WebPage\",\"@id\":\"https:\\\/\\\/www.apfelpatient.de\\\/news\\\/apple-zieht-kinostart-zurueck-wolfs-ab-27-september-auf-tv\",\"url\":\"https:\\\/\\\/www.apfelpatient.de\\\/news\\\/apple-zieht-kinostart-zurueck-wolfs-ab-27-september-auf-tv\",\"name\":\"Apple zieht Kinostart zur\u00fcck: \u2018Wolfs\u2019 ab 27. September auf TV+ Apfelpatient\",\"isPartOf\":{\"@id\":\"https:\\\/\\\/www.apfelpatient.de\\\/#website\"},\"primaryImageOfPage\":{\"@id\":\"https:\\\/\\\/www.apfelpatient.de\\\/news\\\/apple-zieht-kinostart-zurueck-wolfs-ab-27-september-auf-tv#primaryimage\"},\"image\":{\"@id\":\"https:\\\/\\\/www.apfelpatient.de\\\/news\\\/apple-zieht-kinostart-zurueck-wolfs-ab-27-september-auf-tv#primaryimage\"},\"thumbnailUrl\":\"https:\\\/\\\/www.apfelpatient.de\\\/wp-content\\\/uploads\\\/2024\\\/08\\\/Wolfs_Photo_0101.jpg\",\"datePublished\":\"2024-08-08T12:47:27+00:00\",\"dateModified\":\"2025-10-14T14:01:42+00:00\",\"description\":\"Apple \u00fcberrascht Filmfans: \u201cWolfs\u201d mit Brad Pitt & George Clooney startet nur begrenzt im Kino und ab 27. September auf Apple TV+.\",\"breadcrumb\":{\"@id\":\"https:\\\/\\\/www.apfelpatient.de\\\/news\\\/apple-zieht-kinostart-zurueck-wolfs-ab-27-september-auf-tv#breadcrumb\"},\"inLanguage\":\"en-US\",\"potentialAction\":[{\"@type\":\"ReadAction\",\"target\":[\"https:\\\/\\\/www.apfelpatient.de\\\/news\\\/apple-zieht-kinostart-zurueck-wolfs-ab-27-september-auf-tv\"]}]},{\"@type\":\"ImageObject\",\"inLanguage\":\"en-US\",\"@id\":\"https:\\\/\\\/www.apfelpatient.de\\\/news\\\/apple-zieht-kinostart-zurueck-wolfs-ab-27-september-auf-tv#primaryimage\",\"url\":\"https:\\\/\\\/www.apfelpatient.de\\\/wp-content\\\/uploads\\\/2024\\\/08\\\/Wolfs_Photo_0101.jpg\",\"contentUrl\":\"https:\\\/\\\/www.apfelpatient.de\\\/wp-content\\\/uploads\\\/2024\\\/08\\\/Wolfs_Photo_0101.jpg\",\"width\":1600,\"height\":1067,\"caption\":\"Bild: Apple\"},{\"@type\":\"BreadcrumbList\",\"@id\":\"https:\\\/\\\/www.apfelpatient.de\\\/news\\\/apple-zieht-kinostart-zurueck-wolfs-ab-27-september-auf-tv#breadcrumb\",\"itemListElement\":[{\"@type\":\"ListItem\",\"position\":1,\"name\":\"Startseite\",\"item\":\"https:\\\/\\\/www.apfelpatient.de\\\/\"},{\"@type\":\"ListItem\",\"position\":2,\"name\":\"Apple zieht Kinostart zur\u00fcck: \u2018Wolfs\u2019 ab 27. September auf TV+\"}]},{\"@type\":\"WebSite\",\"@id\":\"https:\\\/\\\/www.apfelpatient.de\\\/#website\",\"url\":\"https:\\\/\\\/www.apfelpatient.de\\\/\",\"name\":\"Apfelpatient\",\"description\":\"Alles rund um Apple!\",\"publisher\":{\"@type\":\"Organization\",\"@id\":\"https:\\\/\\\/www.apfelpatient.de\\\/en\\\/#organization\",\"name\":\"Apfelpatient\",\"url\":\"https:\\\/\\\/www.apfelpatient.de\\\/en\\\/\"},\"alternateName\":\"Apfelpatient\",\"potentialAction\":[{\"@type\":\"SearchAction\",\"target\":{\"@type\":\"EntryPoint\",\"urlTemplate\":\"https:\\\/\\\/www.apfelpatient.de\\\/?s={search_term_string}\"},\"query-input\":{\"@type\":\"PropertyValueSpecification\",\"valueRequired\":true,\"valueName\":\"search_term_string\"}}],\"inLanguage\":\"en-US\"},{\"@type\":[\"Person\",\"Organization\"],\"@id\":\"https:\\\/\\\/www.apfelpatient.de\\\/#\\\/schema\\\/person\\\/7dc56ad6c8e9824b76d2c08d4c140e13\",\"name\":\"Milan\",\"logo\":{\"@id\":\"https:\\\/\\\/www.apfelpatient.de\\\/#\\\/schema\\\/person\\\/image\\\/\"},\"description\":\"Hallo und herzlich willkommen auf meinem Technik-Blog! Als gro\u00dfer Apple-Fan berichte ich hier \u00fcber alles, was mit Apple zu tun hat: von den neuesten News und spannenden Ger\u00fcchten \u00fcber hilfreiche Tipps und Tricks bis hin zu ausf\u00fchrlichen Produkttests. Wenn du genauso technikbegeistert bist wie ich, bist du hier genau richtig!\",\"sameAs\":[\"https:\\\/\\\/www.facebook.com\\\/apfelpatientOfficial\",\"https:\\\/\\\/www.linkedin.com\\\/in\\\/milan-jovicic-42aa0231b\"],\"url\":\"https:\\\/\\\/www.apfelpatient.de\\\/en\\\/author\\\/apfeladmin\"}]}<\/script>\n<!-- \/ Yoast SEO Premium plugin. -->","yoast_head_json":{"title":"Apple withdraws cinema release: &#039;Wolfs&#039; from September 27th on TV+ Apfelpatient","description":"Apple surprises film fans: \u201cWolfs\u201d with Brad Pitt &amp; George Clooney will only be released in limited cinemas and from September 27th on Apple TV+.","robots":{"index":"index","follow":"follow","max-snippet":"max-snippet:-1","max-image-preview":"max-image-preview:large","max-video-preview":"max-video-preview:-1"},"canonical":"https:\/\/www.apfelpatient.de\/en\/news\/apple-pulls-back-cinema-release-wolfs-from-27-september-on-tv","og_locale":"en_US","og_type":"article","og_title":"Apple zieht Kinostart zur\u00fcck: \u2018Wolfs\u2019 ab 27. September auf TV+","og_description":"Apple \u00fcberrascht Filmfans: \u201cWolfs\u201d mit Brad Pitt & George Clooney startet nur begrenzt im Kino und ab 27. September auf Apple TV+.","og_url":"https:\/\/www.apfelpatient.de\/en\/news\/apple-pulls-back-cinema-release-wolfs-from-27-september-on-tv","og_site_name":"Apfelpatient","article_publisher":"https:\/\/www.facebook.com\/apfelpatientOfficial","article_author":"https:\/\/www.facebook.com\/apfelpatientOfficial","article_published_time":"2024-08-08T12:47:27+00:00","article_modified_time":"2025-10-14T14:01:42+00:00","og_image":[{"width":1600,"height":1067,"url":"https:\/\/www.apfelpatient.de\/wp-content\/uploads\/2024\/08\/Wolfs_Photo_0101.jpg","type":"image\/jpeg"}],"author":"Milan","twitter_card":"summary_large_image","twitter_description":"Apple \u00fcberrascht Filmfans: \u201cWolfs\u201d mit Brad Pitt & George Clooney startet nur begrenzt im Kino und ab 27. September auf Apple TV+.","twitter_misc":{"Written by":"Milan","Est. reading time":"4 minutes"},"schema":{"@context":"https:\/\/schema.org","@graph":[{"@type":"NewsArticle","@id":"https:\/\/www.apfelpatient.de\/news\/apple-zieht-kinostart-zurueck-wolfs-ab-27-september-auf-tv#article","isPartOf":{"@id":"https:\/\/www.apfelpatient.de\/news\/apple-zieht-kinostart-zurueck-wolfs-ab-27-september-auf-tv"},"author":{"@type":"Organization","@id":"https:\/\/www.apfelpatient.de\/en\/#organization","name":"Apfelpatient","url":"https:\/\/www.apfelpatient.de\/en\/"},"headline":"Apple zieht Kinostart zur\u00fcck: \u2018Wolfs\u2019 ab 27. September auf TV+","datePublished":"2024-08-08T12:47:27+00:00","dateModified":"2025-10-14T14:01:42+00:00","mainEntityOfPage":{"@id":"https:\/\/www.apfelpatient.de\/news\/apple-zieht-kinostart-zurueck-wolfs-ab-27-september-auf-tv"},"wordCount":540,"publisher":{"@type":"Organization","@id":"https:\/\/www.apfelpatient.de\/en\/#organization","name":"Apfelpatient","url":"https:\/\/www.apfelpatient.de\/en\/"},"image":{"@id":"https:\/\/www.apfelpatient.de\/news\/apple-zieht-kinostart-zurueck-wolfs-ab-27-september-auf-tv#primaryimage"},"thumbnailUrl":"https:\/\/www.apfelpatient.de\/wp-content\/uploads\/2024\/08\/Wolfs_Photo_0101.jpg","keywords":["Apple Dienste","Apple TV","Apple TV Plus"],"articleSection":"News","inLanguage":"en-US","copyrightYear":"2024","copyrightHolder":{"@id":"https:\/\/www.apfelpatient.de\/en\/#organization"}},{"@type":"WebPage","@id":"https:\/\/www.apfelpatient.de\/news\/apple-zieht-kinostart-zurueck-wolfs-ab-27-september-auf-tv","url":"https:\/\/www.apfelpatient.de\/news\/apple-zieht-kinostart-zurueck-wolfs-ab-27-september-auf-tv","name":"Apple withdraws cinema release: &#039;Wolfs&#039; from September 27th on TV+ Apfelpatient","isPartOf":{"@id":"https:\/\/www.apfelpatient.de\/#website"},"primaryImageOfPage":{"@id":"https:\/\/www.apfelpatient.de\/news\/apple-zieht-kinostart-zurueck-wolfs-ab-27-september-auf-tv#primaryimage"},"image":{"@id":"https:\/\/www.apfelpatient.de\/news\/apple-zieht-kinostart-zurueck-wolfs-ab-27-september-auf-tv#primaryimage"},"thumbnailUrl":"https:\/\/www.apfelpatient.de\/wp-content\/uploads\/2024\/08\/Wolfs_Photo_0101.jpg","datePublished":"2024-08-08T12:47:27+00:00","dateModified":"2025-10-14T14:01:42+00:00","description":"Apple surprises film fans: \u201cWolfs\u201d with Brad Pitt &amp; George Clooney will only be released in limited cinemas and from September 27th on Apple TV+.","breadcrumb":{"@id":"https:\/\/www.apfelpatient.de\/news\/apple-zieht-kinostart-zurueck-wolfs-ab-27-september-auf-tv#breadcrumb"},"inLanguage":"en-US","potentialAction":[{"@type":"ReadAction","target":["https:\/\/www.apfelpatient.de\/news\/apple-zieht-kinostart-zurueck-wolfs-ab-27-september-auf-tv"]}]},{"@type":"ImageObject","inLanguage":"en-US","@id":"https:\/\/www.apfelpatient.de\/news\/apple-zieht-kinostart-zurueck-wolfs-ab-27-september-auf-tv#primaryimage","url":"https:\/\/www.apfelpatient.de\/wp-content\/uploads\/2024\/08\/Wolfs_Photo_0101.jpg","contentUrl":"https:\/\/www.apfelpatient.de\/wp-content\/uploads\/2024\/08\/Wolfs_Photo_0101.jpg","width":1600,"height":1067,"caption":"Bild: Apple"},{"@type":"BreadcrumbList","@id":"https:\/\/www.apfelpatient.de\/news\/apple-zieht-kinostart-zurueck-wolfs-ab-27-september-auf-tv#breadcrumb","itemListElement":[{"@type":"ListItem","position":1,"name":"Startseite","item":"https:\/\/www.apfelpatient.de\/"},{"@type":"ListItem","position":2,"name":"Apple zieht Kinostart zur\u00fcck: \u2018Wolfs\u2019 ab 27. September auf TV+"}]},{"@type":"WebSite","@id":"https:\/\/www.apfelpatient.de\/#website","url":"https:\/\/www.apfelpatient.de\/","name":"apple patient","description":"Everything about Apple!","publisher":{"@type":"Organization","@id":"https:\/\/www.apfelpatient.de\/en\/#organization","name":"Apfelpatient","url":"https:\/\/www.apfelpatient.de\/en\/"},"alternateName":"Apfelpatient","potentialAction":[{"@type":"SearchAction","target":{"@type":"EntryPoint","urlTemplate":"https:\/\/www.apfelpatient.de\/?s={search_term_string}"},"query-input":{"@type":"PropertyValueSpecification","valueRequired":true,"valueName":"search_term_string"}}],"inLanguage":"en-US"},{"@type":["Person","Organization"],"@id":"https:\/\/www.apfelpatient.de\/#\/schema\/person\/7dc56ad6c8e9824b76d2c08d4c140e13","name":"Milan","logo":{"@id":"https:\/\/www.apfelpatient.de\/#\/schema\/person\/image\/"},"description":"Hello and welcome to my technology blog! As a big Apple fan, I report on everything to do with Apple: from the latest news and exciting rumors to helpful tips and tricks and detailed product tests. If you are as enthusiastic about technology as I am, you have come to the right place!","sameAs":["https:\/\/www.facebook.com\/apfelpatientOfficial","https:\/\/www.linkedin.com\/in\/milan-jovicic-42aa0231b"],"url":"https:\/\/www.apfelpatient.de\/en\/author\/apfeladmin"}]}},"_links":{"self":[{"href":"https:\/\/www.apfelpatient.de\/en\/wp-json\/wp\/v2\/posts\/46091","targetHints":{"allow":["GET"]}}],"collection":[{"href":"https:\/\/www.apfelpatient.de\/en\/wp-json\/wp\/v2\/posts"}],"about":[{"href":"https:\/\/www.apfelpatient.de\/en\/wp-json\/wp\/v2\/types\/post"}],"author":[{"embeddable":true,"href":"https:\/\/www.apfelpatient.de\/en\/wp-json\/wp\/v2\/users\/2"}],"replies":[{"embeddable":true,"href":"https:\/\/www.apfelpatient.de\/en\/wp-json\/wp\/v2\/comments?post=46091"}],"version-history":[{"count":0,"href":"https:\/\/www.apfelpatient.de\/en\/wp-json\/wp\/v2\/posts\/46091\/revisions"}],"wp:featuredmedia":[{"embeddable":true,"href":"https:\/\/www.apfelpatient.de\/en\/wp-json\/wp\/v2\/media\/46088"}],"wp:attachment":[{"href":"https:\/\/www.apfelpatient.de\/en\/wp-json\/wp\/v2\/media?parent=46091"}],"wp:term":[{"taxonomy":"category","embeddable":true,"href":"https:\/\/www.apfelpatient.de\/en\/wp-json\/wp\/v2\/categories?post=46091"},{"taxonomy":"post_tag","embeddable":true,"href":"https:\/\/www.apfelpatient.de\/en\/wp-json\/wp\/v2\/tags?post=46091"}],"curies":[{"name":"wp","href":"https:\/\/api.w.org\/{rel}","templated":true}]}}