{"id":45941,"date":"2024-08-20T00:33:54","date_gmt":"2024-08-19T22:33:54","guid":{"rendered":"https:\/\/www.apfelpatient.de\/?p=45941"},"modified":"2025-04-11T13:39:00","modified_gmt":"2025-04-11T11:39:00","slug":"apple-vision-pro-gestures-soon-also-on-iphone-ipad-and-mac","status":"publish","type":"post","link":"https:\/\/www.apfelpatient.de\/en\/news\/apple-vision-pro-gesten-bald-auch-auf-iphone-ipad-und-mac","title":{"rendered":"Apple Vision Pro gestures soon also on iPhone, iPad and Mac?"},"content":{"rendered":"<p class=\"has-drop-cap\"><strong>Apple has set new standards in the world of technology with the introduction of Apple Vision Pro. This innovative technology has not only changed the way we interact with our devices but has also paved the way for future developments. Particularly noteworthy are the new gesture controls that could be introduced not only for the Apple Vision Pro itself but also potentially for other Apple devices such as the iPhone, iPad and Mac. Below you will find out everything you need to know about this groundbreaking technology and its potential applications.<\/strong><\/p>\n\n\n\n<p>The way we interact with our devices has changed dramatically over the years. From keyboards and mice to touchscreens, Apple has always been at the forefront of these developments. Now, with Apple Vision Pro and the introduction of gesture controls, the company is once again pushing the boundaries. This technology could soon be extended to other Apple devices, revolutionizing the way we do our daily tasks.<\/p>\n\n\n\n<h4 class=\"wp-block-heading\" id=\"h-apple-vision-pro-ein-uberblick\">Apple Vision Pro: An Overview<\/h4>\n\n\n\n<p>Apple Vision Pro is a revolutionary headset that offers a variety of new gesture controls. These gestures let you move windows, resize documents, and more. These gestures are so intuitive and natural that they instantly usher in a new era of usability.<\/p>\n\n\n\n<h4 class=\"wp-block-heading\" id=\"h-die-zukunft-der-gestensteuerung\">The Future of Gesture Control<\/h4>\n\n\n\n<p>A recently published patent application from Apple suggests that the company plans to bring these gesture controls to other devices such as the iPhone, iPad and Mac. The patent, titled \u201cDevices, methods and graphical user interfaces for using a cursor to interact with three-dimensional environments,\u201d clearly shows how this technology could work on various devices.<\/p>\n\n\n\n<figure class=\"wp-block-image size-large\"><img decoding=\"async\" width=\"1024\" height=\"571\" src=\"https:\/\/www.apfelpatient.de\/wp-content\/uploads\/2024\/08\/Unbenannt-3-1024x571.png\" alt=\"\" class=\"wp-image-45943\" srcset=\"https:\/\/www.apfelpatient.de\/wp-content\/uploads\/2024\/08\/Unbenannt-3-1024x571.png 1024w, https:\/\/www.apfelpatient.de\/wp-content\/uploads\/2024\/08\/Unbenannt-3-300x167.png 300w, https:\/\/www.apfelpatient.de\/wp-content\/uploads\/2024\/08\/Unbenannt-3-768x428.png 768w, https:\/\/www.apfelpatient.de\/wp-content\/uploads\/2024\/08\/Unbenannt-3-750x418.png 750w, https:\/\/www.apfelpatient.de\/wp-content\/uploads\/2024\/08\/Unbenannt-3-1140x635.png 1140w, https:\/\/www.apfelpatient.de\/wp-content\/uploads\/2024\/08\/Unbenannt-3.png 1312w\" sizes=\"(max-width: 1024px) 100vw, 1024px\" \/><figcaption class=\"wp-element-caption\">Image: US Patent and Trademark Office \/ Apple<\/figcaption><\/figure>\n\n\n\n<h4 class=\"wp-block-heading\" id=\"h-technologische-grundlagen\">Technological Fundamentals<\/h4>\n\n\n\n<p>The Face ID sensors in iPhones and iPads, which are already used for biometrics and unlocking devices, could also detect hand movements in the future. These sensors could be programmed to distinguish between normal movements and specific gestures to avoid false alarms.<\/p>\n\n\n\n<h4 class=\"wp-block-heading\" id=\"h-anwendungsbeispiele\">application examples<\/h4>\n\n\n\n<p>The patent application describes various possible applications, including controlling a cursor or moving windows without direct contact with the screen. This could be particularly beneficial for Mac users, as they no longer have to touch their screen, but can simply control it with gestures.<\/p>\n\n\n\n<h4 class=\"wp-block-heading\" id=\"h-ergonomische-vorteile\">Ergonomic advantages<\/h4>\n\n\n\n<p>Apple has repeatedly stressed that touchscreens in Macs are not practical for ergonomic reasons. With the new gesture controls, these concerns may no longer be relevant, as users no longer have to touch their screen but can simply control it with gestures.<\/p>\n\n\n\n<h4 class=\"wp-block-heading\" id=\"h-weitere-entwicklungen\">Further developments<\/h4>\n\n\n\n<p>The patent application, attributed to three inventors including Evgenii Krivoruchko, suggests that Apple is working hard to further develop this technology. Krivoruchko has previously worked on patents that use user attention to control elements in a 3D environment.<\/p>\n\n\n\n<h3 class=\"wp-block-heading\" id=\"h-von-vision-pro-zu-iphone-und-ipad-die-zukunft-der-gestensteuerung\">From Vision Pro to iPhone and iPad: The Future of Gesture Control<\/h3>\n\n\n\n<p>The introduction of gesture controls by Apple Vision Pro could be the beginning of a new era in the interaction with electronic devices. With the possibility of bringing this technology to iPhones, iPads and Macs, Apple is once again showing its innovative spirit. The future of gesture controls looks promising and could revolutionize the way we use technology on a daily basis. Stay tuned for more exciting developments in this area. Do you need useful tips for your Apple Vision Pro?\u00a0<a href=\"https:\/\/www.apfelpatient.de\/en\/day\/apple-vision-pro-tips-and-tricks\">Here you can discover everything you need to know about your new Apple device<\/a>\u00a0\u2013 enjoy reading! (Image: Apple)<\/p>\n\n\n\n<ul class=\"wp-block-list\">\n<li><a href=\"https:\/\/www.apfelpatient.de\/en\/news\/apple-patent-shows-system-for-evaluating-wifi-networks\">Apple patent shows system for evaluating WiFi networks<\/a><\/li>\n<\/ul>\n\n\n\n<h6 class=\"wp-block-heading translation-block\" id=\"h-kennt-ihr-schon-unsere-amazon-storefront-dort-findet-ihr-eine-handverlesene-auswahl-von-diversen-produkten-f-r-euer-iphone-und-co-viel-spa-beim-st-bern\"><em>Have you already visited our Amazon Storefront? There you&#039;ll find a hand-picked selection of various products for your iPhone and other devices \u2013 <span class=\"has-inline-color has-vivid-red-color\"><a href=\"https:\/\/www.amazon.de\/shop\/apfelpatientofficial\" class=\"ek-link\" data-wpel-link=\"exclude\" rel=\"follow noopener\" target=\"_self\"><span style=\"text-decoration: underline\" class=\"ek-underline\">enjoy browsing<\/span><\/a> !<\/span><\/em><\/h6>\n\n\n\n<h6 class=\"wp-block-heading translation-block\" id=\"h-der-beitrag-enthalt-partnerlinks\">This post contains <a data-type=\"URL\" data-id=\"https:\/\/www.apfelpatient.de\/partnerprogramm\" href=\"https:\/\/www.apfelpatient.de\/en\/partner-program\" data-wpel-link=\"internal\" target=\"_self\">affiliate links<\/a>.<\/h6>","protected":false},"excerpt":{"rendered":"<p>Apple Vision Pro revolutionizes gesture control. Learn how this technology could be extended to iPhone, iPad, and Mac.<\/p>","protected":false},"author":2,"featured_media":45940,"comment_status":"closed","ping_status":"closed","sticky":false,"template":"","format":"standard","meta":{"jnews-multi-image_gallery":[],"jnews_single_post":{"subtitle":"","format":"standard","video":"","gallery":"","source_name":"","source_url":"","via_name":"","via_url":"","override_template":"0","override":[{"template":"4","single_blog_custom":"","parallax":"1","fullscreen":"1","layout":"right-sidebar","sidebar":"default-sidebar","second_sidebar":"default-sidebar","sticky_sidebar":"1","share_position":"top","share_float_style":"share-monocrhome","show_share_counter":"0","show_view_counter":"0","show_featured":"1","show_post_meta":"1","show_post_author":"1","show_post_author_image":"1","show_post_date":"1","post_date_format":"default","post_date_format_custom":"Y\/m\/d","show_post_category":"1","show_post_reading_time":"0","post_reading_time_wpm":"300","post_calculate_word_method":"str_word_count","show_zoom_button":"0","zoom_button_out_step":"2","zoom_button_in_step":"3","show_post_tag":"1","show_prev_next_post":"1","show_popup_post":"1","number_popup_post":"1","show_author_box":"0","show_post_related":"0","show_inline_post_related":"0"}],"override_image_size":"0","image_override":[{"single_post_thumbnail_size":"crop-500","single_post_gallery_size":"crop-500"}],"trending_post":"0","trending_post_position":"meta","trending_post_label":"Trending","sponsored_post":"0","sponsored_post_label":"Sponsored by","sponsored_post_name":"","sponsored_post_url":"","sponsored_post_logo_enable":"0","sponsored_post_logo":"","sponsored_post_desc":"","disable_ad":"0"},"jnews_primary_category":{"id":"9","hide":""},"footnotes":""},"categories":[9],"tags":[12],"class_list":["post-45941","post","type-post","status-publish","format-standard","has-post-thumbnail","hentry","category-news","tag-apple-patent"],"yoast_head":"<!-- This site is optimized with the Yoast SEO Premium plugin v27.5 (Yoast SEO v27.5) - https:\/\/yoast.com\/product\/yoast-seo-premium-wordpress\/ -->\n<title>Apple Vision Pro Gesten bald auch auf iPhone, iPad und Mac? Apfelpatient<\/title>\n<meta name=\"description\" content=\"Mit Apple Vision Pro wird die Gestensteuerung revolutioniert. Erfahre, wie diese Technologie auf iPhone, iPad &amp; Mac ausgeweitet werden k\u00f6nnte.\" \/>\n<meta name=\"robots\" content=\"index, follow, max-snippet:-1, max-image-preview:large, max-video-preview:-1\" \/>\n<link rel=\"canonical\" href=\"https:\/\/www.apfelpatient.de\/en\/news\/apple-vision-pro-gestures-soon-also-on-iphone-ipad-and-mac\" \/>\n<meta property=\"og:locale\" content=\"en_US\" \/>\n<meta property=\"og:type\" content=\"article\" \/>\n<meta property=\"og:title\" content=\"Apple Vision Pro Gesten bald auch auf iPhone, iPad und Mac?\" \/>\n<meta property=\"og:description\" content=\"Mit Apple Vision Pro wird die Gestensteuerung revolutioniert. Erfahre, wie diese Technologie auf iPhone, iPad &amp; Mac ausgeweitet werden k\u00f6nnte.\" \/>\n<meta property=\"og:url\" content=\"https:\/\/www.apfelpatient.de\/en\/news\/apple-vision-pro-gestures-soon-also-on-iphone-ipad-and-mac\" \/>\n<meta property=\"og:site_name\" content=\"Apfelpatient\" \/>\n<meta property=\"article:publisher\" content=\"https:\/\/www.facebook.com\/apfelpatientOfficial\" \/>\n<meta property=\"article:author\" content=\"https:\/\/www.facebook.com\/apfelpatientOfficial\" \/>\n<meta property=\"article:published_time\" content=\"2024-08-19T22:33:54+00:00\" \/>\n<meta property=\"article:modified_time\" content=\"2025-04-11T11:39:00+00:00\" \/>\n<meta property=\"og:image\" content=\"https:\/\/www.apfelpatient.de\/wp-content\/uploads\/2024\/08\/Apple-Vision-Pro-availability-customer-demo-01-1.jpg\" \/>\n\t<meta property=\"og:image:width\" content=\"1600\" \/>\n\t<meta property=\"og:image:height\" content=\"1066\" \/>\n\t<meta property=\"og:image:type\" content=\"image\/jpeg\" \/>\n<meta name=\"author\" content=\"Milan\" \/>\n<meta name=\"twitter:card\" content=\"summary_large_image\" \/>\n<meta name=\"twitter:description\" content=\"Mit Apple Vision Pro wird die Gestensteuerung revolutioniert. Erfahre, wie diese Technologie auf iPhone, iPad &amp; Mac ausgeweitet werden k\u00f6nnte.\" \/>\n<meta name=\"twitter:label1\" content=\"Written by\" \/>\n\t<meta name=\"twitter:data1\" content=\"Milan\" \/>\n\t<meta name=\"twitter:label2\" content=\"Est. reading time\" \/>\n\t<meta name=\"twitter:data2\" content=\"11 minutes\" \/>\n<script type=\"application\/ld+json\" class=\"yoast-schema-graph\">{\"@context\":\"https:\\\/\\\/schema.org\",\"@graph\":[{\"@type\":\"NewsArticle\",\"@id\":\"https:\\\/\\\/www.apfelpatient.de\\\/news\\\/apple-vision-pro-gesten-bald-auch-auf-iphone-ipad-und-mac#article\",\"isPartOf\":{\"@id\":\"https:\\\/\\\/www.apfelpatient.de\\\/news\\\/apple-vision-pro-gesten-bald-auch-auf-iphone-ipad-und-mac\"},\"author\":{\"@type\":\"Organization\",\"@id\":\"https:\\\/\\\/www.apfelpatient.de\\\/en\\\/#organization\",\"name\":\"Apfelpatient\",\"url\":\"https:\\\/\\\/www.apfelpatient.de\\\/en\\\/\"},\"headline\":\"Apple Vision Pro Gesten bald auch auf iPhone, iPad und Mac?\",\"datePublished\":\"2024-08-19T22:33:54+00:00\",\"dateModified\":\"2025-04-11T11:39:00+00:00\",\"mainEntityOfPage\":{\"@id\":\"https:\\\/\\\/www.apfelpatient.de\\\/news\\\/apple-vision-pro-gesten-bald-auch-auf-iphone-ipad-und-mac\"},\"wordCount\":623,\"publisher\":{\"@type\":\"Organization\",\"@id\":\"https:\\\/\\\/www.apfelpatient.de\\\/en\\\/#organization\",\"name\":\"Apfelpatient\",\"url\":\"https:\\\/\\\/www.apfelpatient.de\\\/en\\\/\"},\"image\":{\"@id\":\"https:\\\/\\\/www.apfelpatient.de\\\/news\\\/apple-vision-pro-gesten-bald-auch-auf-iphone-ipad-und-mac#primaryimage\"},\"thumbnailUrl\":\"https:\\\/\\\/www.apfelpatient.de\\\/wp-content\\\/uploads\\\/2024\\\/08\\\/Apple-Vision-Pro-availability-customer-demo-01-1.jpg\",\"keywords\":[\"Apple Patent\"],\"articleSection\":\"News\",\"inLanguage\":\"en-US\",\"copyrightYear\":\"2024\",\"copyrightHolder\":{\"@id\":\"https:\\\/\\\/www.apfelpatient.de\\\/en\\\/#organization\"}},{\"@type\":\"WebPage\",\"@id\":\"https:\\\/\\\/www.apfelpatient.de\\\/news\\\/apple-vision-pro-gesten-bald-auch-auf-iphone-ipad-und-mac\",\"url\":\"https:\\\/\\\/www.apfelpatient.de\\\/news\\\/apple-vision-pro-gesten-bald-auch-auf-iphone-ipad-und-mac\",\"name\":\"Apple Vision Pro Gesten bald auch auf iPhone, iPad und Mac? Apfelpatient\",\"isPartOf\":{\"@id\":\"https:\\\/\\\/www.apfelpatient.de\\\/#website\"},\"primaryImageOfPage\":{\"@id\":\"https:\\\/\\\/www.apfelpatient.de\\\/news\\\/apple-vision-pro-gesten-bald-auch-auf-iphone-ipad-und-mac#primaryimage\"},\"image\":{\"@id\":\"https:\\\/\\\/www.apfelpatient.de\\\/news\\\/apple-vision-pro-gesten-bald-auch-auf-iphone-ipad-und-mac#primaryimage\"},\"thumbnailUrl\":\"https:\\\/\\\/www.apfelpatient.de\\\/wp-content\\\/uploads\\\/2024\\\/08\\\/Apple-Vision-Pro-availability-customer-demo-01-1.jpg\",\"datePublished\":\"2024-08-19T22:33:54+00:00\",\"dateModified\":\"2025-04-11T11:39:00+00:00\",\"description\":\"Mit Apple Vision Pro wird die Gestensteuerung revolutioniert. Erfahre, wie diese Technologie auf iPhone, iPad & Mac ausgeweitet werden k\u00f6nnte.\",\"breadcrumb\":{\"@id\":\"https:\\\/\\\/www.apfelpatient.de\\\/news\\\/apple-vision-pro-gesten-bald-auch-auf-iphone-ipad-und-mac#breadcrumb\"},\"inLanguage\":\"en-US\",\"potentialAction\":[{\"@type\":\"ReadAction\",\"target\":[\"https:\\\/\\\/www.apfelpatient.de\\\/news\\\/apple-vision-pro-gesten-bald-auch-auf-iphone-ipad-und-mac\"]}]},{\"@type\":\"ImageObject\",\"inLanguage\":\"en-US\",\"@id\":\"https:\\\/\\\/www.apfelpatient.de\\\/news\\\/apple-vision-pro-gesten-bald-auch-auf-iphone-ipad-und-mac#primaryimage\",\"url\":\"https:\\\/\\\/www.apfelpatient.de\\\/wp-content\\\/uploads\\\/2024\\\/08\\\/Apple-Vision-Pro-availability-customer-demo-01-1.jpg\",\"contentUrl\":\"https:\\\/\\\/www.apfelpatient.de\\\/wp-content\\\/uploads\\\/2024\\\/08\\\/Apple-Vision-Pro-availability-customer-demo-01-1.jpg\",\"width\":1600,\"height\":1066,\"caption\":\"Bild: Apple\"},{\"@type\":\"BreadcrumbList\",\"@id\":\"https:\\\/\\\/www.apfelpatient.de\\\/news\\\/apple-vision-pro-gesten-bald-auch-auf-iphone-ipad-und-mac#breadcrumb\",\"itemListElement\":[{\"@type\":\"ListItem\",\"position\":1,\"name\":\"Startseite\",\"item\":\"https:\\\/\\\/www.apfelpatient.de\\\/\"},{\"@type\":\"ListItem\",\"position\":2,\"name\":\"Apple Vision Pro Gesten bald auch auf iPhone, iPad und Mac?\"}]},{\"@type\":\"WebSite\",\"@id\":\"https:\\\/\\\/www.apfelpatient.de\\\/#website\",\"url\":\"https:\\\/\\\/www.apfelpatient.de\\\/\",\"name\":\"Apfelpatient\",\"description\":\"Alles rund um Apple!\",\"publisher\":{\"@type\":\"Organization\",\"@id\":\"https:\\\/\\\/www.apfelpatient.de\\\/en\\\/#organization\",\"name\":\"Apfelpatient\",\"url\":\"https:\\\/\\\/www.apfelpatient.de\\\/en\\\/\"},\"alternateName\":\"Apfelpatient\",\"potentialAction\":[{\"@type\":\"SearchAction\",\"target\":{\"@type\":\"EntryPoint\",\"urlTemplate\":\"https:\\\/\\\/www.apfelpatient.de\\\/?s={search_term_string}\"},\"query-input\":{\"@type\":\"PropertyValueSpecification\",\"valueRequired\":true,\"valueName\":\"search_term_string\"}}],\"inLanguage\":\"en-US\"},{\"@type\":[\"Person\",\"Organization\"],\"@id\":\"https:\\\/\\\/www.apfelpatient.de\\\/#\\\/schema\\\/person\\\/35b3ddba5832f2bfc7fff5206d4f6b7b\",\"name\":\"Milan\",\"logo\":{\"@id\":\"https:\\\/\\\/www.apfelpatient.de\\\/#\\\/schema\\\/person\\\/image\\\/\"},\"description\":\"Hallo und herzlich willkommen auf meinem Technik-Blog! Als gro\u00dfer Apple-Fan berichte ich hier \u00fcber alles, was mit Apple zu tun hat: von den neuesten News und spannenden Ger\u00fcchten \u00fcber hilfreiche Tipps und Tricks bis hin zu ausf\u00fchrlichen Produkttests. Wenn du genauso technikbegeistert bist wie ich, bist du hier genau richtig!\",\"sameAs\":[\"https:\\\/\\\/www.facebook.com\\\/apfelpatientOfficial\",\"https:\\\/\\\/www.linkedin.com\\\/in\\\/milan-jovicic-42aa0231b\"],\"url\":\"https:\\\/\\\/www.apfelpatient.de\\\/en\\\/author\\\/apfeladmin\"}]}<\/script>\n<!-- \/ Yoast SEO Premium plugin. -->","yoast_head_json":{"title":"Apple Vision Pro gestures soon also on iPhone, iPad and Mac? Apfelpatient","description":"Apple Vision Pro revolutionizes gesture control. Find out how this technology could be extended to iPhone, iPad &amp; Mac.","robots":{"index":"index","follow":"follow","max-snippet":"max-snippet:-1","max-image-preview":"max-image-preview:large","max-video-preview":"max-video-preview:-1"},"canonical":"https:\/\/www.apfelpatient.de\/en\/news\/apple-vision-pro-gestures-soon-also-on-iphone-ipad-and-mac","og_locale":"en_US","og_type":"article","og_title":"Apple Vision Pro Gesten bald auch auf iPhone, iPad und Mac?","og_description":"Mit Apple Vision Pro wird die Gestensteuerung revolutioniert. Erfahre, wie diese Technologie auf iPhone, iPad & Mac ausgeweitet werden k\u00f6nnte.","og_url":"https:\/\/www.apfelpatient.de\/en\/news\/apple-vision-pro-gestures-soon-also-on-iphone-ipad-and-mac","og_site_name":"Apfelpatient","article_publisher":"https:\/\/www.facebook.com\/apfelpatientOfficial","article_author":"https:\/\/www.facebook.com\/apfelpatientOfficial","article_published_time":"2024-08-19T22:33:54+00:00","article_modified_time":"2025-04-11T11:39:00+00:00","og_image":[{"width":1600,"height":1066,"url":"https:\/\/www.apfelpatient.de\/wp-content\/uploads\/2024\/08\/Apple-Vision-Pro-availability-customer-demo-01-1.jpg","type":"image\/jpeg"}],"author":"Milan","twitter_card":"summary_large_image","twitter_description":"Mit Apple Vision Pro wird die Gestensteuerung revolutioniert. Erfahre, wie diese Technologie auf iPhone, iPad & Mac ausgeweitet werden k\u00f6nnte.","twitter_misc":{"Written by":"Milan","Est. reading time":"11 minutes"},"schema":{"@context":"https:\/\/schema.org","@graph":[{"@type":"NewsArticle","@id":"https:\/\/www.apfelpatient.de\/news\/apple-vision-pro-gesten-bald-auch-auf-iphone-ipad-und-mac#article","isPartOf":{"@id":"https:\/\/www.apfelpatient.de\/news\/apple-vision-pro-gesten-bald-auch-auf-iphone-ipad-und-mac"},"author":{"@type":"Organization","@id":"https:\/\/www.apfelpatient.de\/en\/#organization","name":"Apfelpatient","url":"https:\/\/www.apfelpatient.de\/en\/"},"headline":"Apple Vision Pro Gesten bald auch auf iPhone, iPad und Mac?","datePublished":"2024-08-19T22:33:54+00:00","dateModified":"2025-04-11T11:39:00+00:00","mainEntityOfPage":{"@id":"https:\/\/www.apfelpatient.de\/news\/apple-vision-pro-gesten-bald-auch-auf-iphone-ipad-und-mac"},"wordCount":623,"publisher":{"@type":"Organization","@id":"https:\/\/www.apfelpatient.de\/en\/#organization","name":"Apfelpatient","url":"https:\/\/www.apfelpatient.de\/en\/"},"image":{"@id":"https:\/\/www.apfelpatient.de\/news\/apple-vision-pro-gesten-bald-auch-auf-iphone-ipad-und-mac#primaryimage"},"thumbnailUrl":"https:\/\/www.apfelpatient.de\/wp-content\/uploads\/2024\/08\/Apple-Vision-Pro-availability-customer-demo-01-1.jpg","keywords":["Apple Patent"],"articleSection":"News","inLanguage":"en-US","copyrightYear":"2024","copyrightHolder":{"@id":"https:\/\/www.apfelpatient.de\/en\/#organization"}},{"@type":"WebPage","@id":"https:\/\/www.apfelpatient.de\/news\/apple-vision-pro-gesten-bald-auch-auf-iphone-ipad-und-mac","url":"https:\/\/www.apfelpatient.de\/news\/apple-vision-pro-gesten-bald-auch-auf-iphone-ipad-und-mac","name":"Apple Vision Pro gestures soon also on iPhone, iPad and Mac? Apfelpatient","isPartOf":{"@id":"https:\/\/www.apfelpatient.de\/#website"},"primaryImageOfPage":{"@id":"https:\/\/www.apfelpatient.de\/news\/apple-vision-pro-gesten-bald-auch-auf-iphone-ipad-und-mac#primaryimage"},"image":{"@id":"https:\/\/www.apfelpatient.de\/news\/apple-vision-pro-gesten-bald-auch-auf-iphone-ipad-und-mac#primaryimage"},"thumbnailUrl":"https:\/\/www.apfelpatient.de\/wp-content\/uploads\/2024\/08\/Apple-Vision-Pro-availability-customer-demo-01-1.jpg","datePublished":"2024-08-19T22:33:54+00:00","dateModified":"2025-04-11T11:39:00+00:00","description":"Apple Vision Pro revolutionizes gesture control. Find out how this technology could be extended to iPhone, iPad &amp; Mac.","breadcrumb":{"@id":"https:\/\/www.apfelpatient.de\/news\/apple-vision-pro-gesten-bald-auch-auf-iphone-ipad-und-mac#breadcrumb"},"inLanguage":"en-US","potentialAction":[{"@type":"ReadAction","target":["https:\/\/www.apfelpatient.de\/news\/apple-vision-pro-gesten-bald-auch-auf-iphone-ipad-und-mac"]}]},{"@type":"ImageObject","inLanguage":"en-US","@id":"https:\/\/www.apfelpatient.de\/news\/apple-vision-pro-gesten-bald-auch-auf-iphone-ipad-und-mac#primaryimage","url":"https:\/\/www.apfelpatient.de\/wp-content\/uploads\/2024\/08\/Apple-Vision-Pro-availability-customer-demo-01-1.jpg","contentUrl":"https:\/\/www.apfelpatient.de\/wp-content\/uploads\/2024\/08\/Apple-Vision-Pro-availability-customer-demo-01-1.jpg","width":1600,"height":1066,"caption":"Bild: Apple"},{"@type":"BreadcrumbList","@id":"https:\/\/www.apfelpatient.de\/news\/apple-vision-pro-gesten-bald-auch-auf-iphone-ipad-und-mac#breadcrumb","itemListElement":[{"@type":"ListItem","position":1,"name":"Startseite","item":"https:\/\/www.apfelpatient.de\/"},{"@type":"ListItem","position":2,"name":"Apple Vision Pro Gesten bald auch auf iPhone, iPad und Mac?"}]},{"@type":"WebSite","@id":"https:\/\/www.apfelpatient.de\/#website","url":"https:\/\/www.apfelpatient.de\/","name":"apple patient","description":"Everything about Apple!","publisher":{"@type":"Organization","@id":"https:\/\/www.apfelpatient.de\/en\/#organization","name":"Apfelpatient","url":"https:\/\/www.apfelpatient.de\/en\/"},"alternateName":"Apfelpatient","potentialAction":[{"@type":"SearchAction","target":{"@type":"EntryPoint","urlTemplate":"https:\/\/www.apfelpatient.de\/?s={search_term_string}"},"query-input":{"@type":"PropertyValueSpecification","valueRequired":true,"valueName":"search_term_string"}}],"inLanguage":"en-US"},{"@type":["Person","Organization"],"@id":"https:\/\/www.apfelpatient.de\/#\/schema\/person\/35b3ddba5832f2bfc7fff5206d4f6b7b","name":"Milan","logo":{"@id":"https:\/\/www.apfelpatient.de\/#\/schema\/person\/image\/"},"description":"Hello and welcome to my technology blog! As a big Apple fan, I report on everything to do with Apple: from the latest news and exciting rumors to helpful tips and tricks and detailed product tests. If you are as enthusiastic about technology as I am, you have come to the right place!","sameAs":["https:\/\/www.facebook.com\/apfelpatientOfficial","https:\/\/www.linkedin.com\/in\/milan-jovicic-42aa0231b"],"url":"https:\/\/www.apfelpatient.de\/en\/author\/apfeladmin"}]}},"_links":{"self":[{"href":"https:\/\/www.apfelpatient.de\/en\/wp-json\/wp\/v2\/posts\/45941","targetHints":{"allow":["GET"]}}],"collection":[{"href":"https:\/\/www.apfelpatient.de\/en\/wp-json\/wp\/v2\/posts"}],"about":[{"href":"https:\/\/www.apfelpatient.de\/en\/wp-json\/wp\/v2\/types\/post"}],"author":[{"embeddable":true,"href":"https:\/\/www.apfelpatient.de\/en\/wp-json\/wp\/v2\/users\/2"}],"replies":[{"embeddable":true,"href":"https:\/\/www.apfelpatient.de\/en\/wp-json\/wp\/v2\/comments?post=45941"}],"version-history":[{"count":0,"href":"https:\/\/www.apfelpatient.de\/en\/wp-json\/wp\/v2\/posts\/45941\/revisions"}],"wp:featuredmedia":[{"embeddable":true,"href":"https:\/\/www.apfelpatient.de\/en\/wp-json\/wp\/v2\/media\/45940"}],"wp:attachment":[{"href":"https:\/\/www.apfelpatient.de\/en\/wp-json\/wp\/v2\/media?parent=45941"}],"wp:term":[{"taxonomy":"category","embeddable":true,"href":"https:\/\/www.apfelpatient.de\/en\/wp-json\/wp\/v2\/categories?post=45941"},{"taxonomy":"post_tag","embeddable":true,"href":"https:\/\/www.apfelpatient.de\/en\/wp-json\/wp\/v2\/tags?post=45941"}],"curies":[{"name":"wp","href":"https:\/\/api.w.org\/{rel}","templated":true}]}}