{"id":45929,"date":"2024-07-31T10:54:14","date_gmt":"2024-07-31T08:54:14","guid":{"rendered":"https:\/\/www.apfelpatient.de\/?p=45929"},"modified":"2024-08-01T15:29:04","modified_gmt":"2024-08-01T13:29:04","slug":"new-image-shows-iphone-16-colors-and-vertical-camera-design","status":"publish","type":"post","link":"https:\/\/www.apfelpatient.de\/en\/rumors\/neues-bild-zeigt-iphone-16-farben-und-vertikales-kameradesign","title":{"rendered":"New image shows iPhone 16 colors and vertical camera design"},"content":{"rendered":"<p class=\"has-drop-cap\"><strong>Apple is preparing to launch the iPhone 16, and new details have emerged about the color options and camera design. A recently released image by Sonny Dickson shows dummy units of the iPhone 16 that reveal some interesting changes.<\/strong><\/p>\n\n\n\n<p>The iPhone 16 will launch with some notable changes, including the new camera design and color options. Here&#039;s a look at the latest information and what it means for the upcoming model.<\/p>\n\n\n\n<h4 class=\"wp-block-heading\" id=\"h-neues-kameradesign-vertikale-anordnung\">New camera design: Vertical arrangement<\/h4>\n\n\n\n<p>A key feature of the iPhone 16 is the revised camera design. The main camera and the ultra-wide-angle lenses will now be arranged vertically one above the other. This change makes it possible to record spatial videos, which was previously only possible with the iPhone 15 Pro and iPhone 15 Pro Max. This vertical alignment is an evolution of the iPhone 15 Pro design, in which the telephoto and ultra-wide-angle lenses were swapped to improve the recording of spatial videos. The dummy units of the iPhone 16 <a href=\"https:\/\/x.com\/SonnyDickson\/status\/1818474212090429828\" target=\"_blank\" rel=\"noreferrer noopener\">confirm<\/a> this adjustment.<\/p>\n\n\n\n<figure class=\"wp-block-image size-large\"><img decoding=\"async\" width=\"1024\" height=\"767\" src=\"https:\/\/www.apfelpatient.de\/wp-content\/uploads\/2024\/07\/GTyEpwRbkAACWKF-1024x767.jpeg\" alt=\"\" class=\"wp-image-45927\" srcset=\"https:\/\/www.apfelpatient.de\/wp-content\/uploads\/2024\/07\/GTyEpwRbkAACWKF-1024x767.jpeg 1024w, https:\/\/www.apfelpatient.de\/wp-content\/uploads\/2024\/07\/GTyEpwRbkAACWKF-300x225.jpeg 300w, https:\/\/www.apfelpatient.de\/wp-content\/uploads\/2024\/07\/GTyEpwRbkAACWKF-768x576.jpeg 768w, https:\/\/www.apfelpatient.de\/wp-content\/uploads\/2024\/07\/GTyEpwRbkAACWKF-1536x1151.jpeg 1536w, https:\/\/www.apfelpatient.de\/wp-content\/uploads\/2024\/07\/GTyEpwRbkAACWKF-750x562.jpeg 750w, https:\/\/www.apfelpatient.de\/wp-content\/uploads\/2024\/07\/GTyEpwRbkAACWKF-1140x854.jpeg 1140w, https:\/\/www.apfelpatient.de\/wp-content\/uploads\/2024\/07\/GTyEpwRbkAACWKF.jpeg 1600w\" sizes=\"(max-width: 1024px) 100vw, 1024px\" \/><figcaption class=\"wp-element-caption\">Image via Sonny Dickson<\/figcaption><\/figure>\n\n\n\n<h4 class=\"wp-block-heading\" id=\"h-neue-farboptionen\">New color options<\/h4>\n\n\n\n<p>In addition to the new camera design, the color options of the iPhone 16 are also of interest. According to the image, the iPhone 16 will be available in blue, pink, white, black and green. This selection offers a certain variety and allows you to choose a color according to your personal taste. For comparison, the iPhone 15 is available in blue, yellow, pink, green and black. So the color palette of the iPhone 16 is slightly different from that of the previous model.<\/p>\n\n\n\n<h3 class=\"wp-block-heading\" id=\"h-iphone-16-technische-spezifikationen\">iPhone 16: Technical specifications<\/h3>\n\n\n\n<p>The iPhone 16 is expected to be equipped with the A18 chip and 8 GB of RAM. This promises improved performance and smoother everyday use. In addition, there will be a new record button on the right side as well as the familiar action button. Other technical details include a longer battery life, which can be an advantage in everyday life, especially if you use the device intensively. (Image: Apple)<\/p>\n\n\n\n<ul class=\"wp-block-list\">\n<li><a href=\"Apple: Eigene 5G-Chips im neuen iPhone SE 4 und iPhone 17?\">Apple: Own 5G chips in the new iPhone SE 4 and iPhone 17<\/a><a href=\"https:\/\/www.apfelpatient.de\/en\/rumors\/apples-own-5g-chips-in-the-new-iphone-se-4-and-iphone-17\">?<\/a><\/li>\n\n\n\n<li><a href=\"https:\/\/www.apfelpatient.de\/en\/rumors\/apple-new-technology-planned-for-2-tb-iphones\">Apple: New technology planned for 2 TB iPhones<\/a><\/li>\n\n\n\n<li><a href=\"https:\/\/www.apfelpatient.de\/en\/rumors\/rumor-iphone-17-slim-form-over-function-in-new-design\">Rumor: iPhone 17 Slim \u2013 form over function in the new design<\/a><\/li>\n\n\n\n<li><a href=\"https:\/\/www.apfelpatient.de\/en\/rumors\/iphone-16-pro-colors-new-image-shows-darker-black-titanium\">iPhone 16 Pro colors: New image shows darker Black Titanium<\/a><\/li>\n<\/ul>\n\n\n\n<h6 class=\"wp-block-heading translation-block\" id=\"h-kennt-ihr-schon-unsere-amazon-storefront-dort-findet-ihr-eine-handverlesene-auswahl-von-diversen-produkten-f-r-euer-iphone-und-co-viel-spa-beim-st-bern\"><em>Have you already visited our Amazon Storefront? There you&#039;ll find a hand-picked selection of various products for your iPhone and other devices \u2013 <span class=\"has-inline-color has-vivid-red-color\"><a href=\"https:\/\/www.amazon.de\/shop\/apfelpatientofficial\" class=\"ek-link\" data-wpel-link=\"exclude\" rel=\"follow noopener\" target=\"_self\"><span style=\"text-decoration: underline\" class=\"ek-underline\">enjoy browsing<\/span><\/a> !<\/span><\/em><\/h6>\n\n\n\n<h6 class=\"wp-block-heading translation-block\" id=\"h-der-beitrag-enthalt-partnerlinks\">This post contains <a data-type=\"URL\" data-id=\"https:\/\/www.apfelpatient.de\/partnerprogramm\" href=\"https:\/\/www.apfelpatient.de\/en\/partner-program\" data-wpel-link=\"internal\" target=\"_self\">affiliate links<\/a>.<\/h6>","protected":false},"excerpt":{"rendered":"<p>iPhone 16: New colors and vertical camera design revealed in picture. Find out all about the latest changes and technical data.<\/p>","protected":false},"author":2,"featured_media":45928,"comment_status":"closed","ping_status":"closed","sticky":false,"template":"","format":"standard","meta":{"jnews-multi-image_gallery":[],"jnews_single_post":{"subtitle":"","format":"standard","video":"","gallery":"","source_name":"","source_url":"","via_name":"","via_url":"","override_template":"0","override":[{"template":"4","single_blog_custom":"","parallax":"1","fullscreen":"1","layout":"right-sidebar","sidebar":"default-sidebar","second_sidebar":"default-sidebar","sticky_sidebar":"1","share_position":"top","share_float_style":"share-monocrhome","show_share_counter":"0","show_view_counter":"0","show_featured":"1","show_post_meta":"1","show_post_author":"1","show_post_author_image":"1","show_post_date":"1","post_date_format":"default","post_date_format_custom":"Y\/m\/d","show_post_category":"1","show_post_reading_time":"0","post_reading_time_wpm":"300","post_calculate_word_method":"str_word_count","show_zoom_button":"0","zoom_button_out_step":"2","zoom_button_in_step":"3","show_post_tag":"1","show_prev_next_post":"1","show_popup_post":"1","number_popup_post":"1","show_author_box":"0","show_post_related":"0","show_inline_post_related":"0"}],"override_image_size":"0","image_override":[{"single_post_thumbnail_size":"crop-500","single_post_gallery_size":"crop-500"}],"trending_post":"0","trending_post_position":"meta","trending_post_label":"Trending","sponsored_post":"0","sponsored_post_label":"Sponsored by","sponsored_post_name":"","sponsored_post_url":"","sponsored_post_logo_enable":"0","sponsored_post_logo":"","sponsored_post_desc":"","disable_ad":"0"},"jnews_primary_category":{"id":"25","hide":""},"footnotes":""},"categories":[25],"tags":[8,705,657],"class_list":["post-45929","post","type-post","status-publish","format-standard","has-post-thumbnail","hentry","category-rumors","tag-iphone","tag-iphone-16","tag-iphone-2024"],"yoast_head":"<!-- This site is optimized with the Yoast SEO Premium plugin v27.5 (Yoast SEO v27.5) - https:\/\/yoast.com\/product\/yoast-seo-premium-wordpress\/ -->\n<title>Neues Bild zeigt iPhone 16 Farben und vertikales Kameradesign Apfelpatient<\/title>\n<meta name=\"description\" content=\"iPhone 16: Neue Farben und vertikales Kameradesign im Bild enth\u00fcllt. Erfahre alles \u00fcber die neuesten \u00c4nderungen und technischen Daten.\" \/>\n<meta name=\"robots\" content=\"index, follow, max-snippet:-1, max-image-preview:large, max-video-preview:-1\" \/>\n<link rel=\"canonical\" href=\"https:\/\/www.apfelpatient.de\/en\/rumors\/new-image-shows-iphone-16-colors-and-vertical-camera-design\" \/>\n<meta property=\"og:locale\" content=\"en_US\" \/>\n<meta property=\"og:type\" content=\"article\" \/>\n<meta property=\"og:title\" content=\"Neues Bild zeigt iPhone 16 Farben und vertikales Kameradesign\" \/>\n<meta property=\"og:description\" content=\"iPhone 16: Neue Farben und vertikales Kameradesign im Bild enth\u00fcllt. Erfahre alles \u00fcber die neuesten \u00c4nderungen und technischen Daten.\" \/>\n<meta property=\"og:url\" content=\"https:\/\/www.apfelpatient.de\/en\/rumors\/new-image-shows-iphone-16-colors-and-vertical-camera-design\" \/>\n<meta property=\"og:site_name\" content=\"Apfelpatient\" \/>\n<meta property=\"article:publisher\" content=\"https:\/\/www.facebook.com\/apfelpatientOfficial\" \/>\n<meta property=\"article:author\" content=\"https:\/\/www.facebook.com\/apfelpatientOfficial\" \/>\n<meta property=\"article:published_time\" content=\"2024-07-31T08:54:14+00:00\" \/>\n<meta property=\"article:modified_time\" content=\"2024-08-01T13:29:04+00:00\" \/>\n<meta property=\"og:image\" content=\"https:\/\/www.apfelpatient.de\/wp-content\/uploads\/2024\/07\/Apple-iPhone-15-lineup-color-lineup-230912-1.jpg\" \/>\n\t<meta property=\"og:image:width\" content=\"1600\" \/>\n\t<meta property=\"og:image:height\" content=\"1067\" \/>\n\t<meta property=\"og:image:type\" content=\"image\/jpeg\" \/>\n<meta name=\"author\" content=\"Milan\" \/>\n<meta name=\"twitter:card\" content=\"summary_large_image\" \/>\n<meta name=\"twitter:description\" content=\"iPhone 16: Neue Farben und vertikales Kameradesign im Bild enth\u00fcllt. Erfahre alles \u00fcber die neuesten \u00c4nderungen und technischen Daten.\" \/>\n<meta name=\"twitter:label1\" content=\"Written by\" \/>\n\t<meta name=\"twitter:data1\" content=\"Milan\" \/>\n\t<meta name=\"twitter:label2\" content=\"Est. reading time\" \/>\n\t<meta name=\"twitter:data2\" content=\"3 minutes\" \/>\n<script type=\"application\/ld+json\" class=\"yoast-schema-graph\">{\"@context\":\"https:\\\/\\\/schema.org\",\"@graph\":[{\"@type\":\"NewsArticle\",\"@id\":\"https:\\\/\\\/www.apfelpatient.de\\\/rumors\\\/neues-bild-zeigt-iphone-16-farben-und-vertikales-kameradesign#article\",\"isPartOf\":{\"@id\":\"https:\\\/\\\/www.apfelpatient.de\\\/rumors\\\/neues-bild-zeigt-iphone-16-farben-und-vertikales-kameradesign\"},\"author\":{\"@type\":\"Organization\",\"@id\":\"https:\\\/\\\/www.apfelpatient.de\\\/en\\\/#organization\",\"name\":\"Apfelpatient\",\"url\":\"https:\\\/\\\/www.apfelpatient.de\\\/en\\\/\"},\"headline\":\"Neues Bild zeigt iPhone 16 Farben und vertikales Kameradesign\",\"datePublished\":\"2024-07-31T08:54:14+00:00\",\"dateModified\":\"2024-08-01T13:29:04+00:00\",\"mainEntityOfPage\":{\"@id\":\"https:\\\/\\\/www.apfelpatient.de\\\/rumors\\\/neues-bild-zeigt-iphone-16-farben-und-vertikales-kameradesign\"},\"wordCount\":352,\"publisher\":{\"@type\":\"Organization\",\"@id\":\"https:\\\/\\\/www.apfelpatient.de\\\/en\\\/#organization\",\"name\":\"Apfelpatient\",\"url\":\"https:\\\/\\\/www.apfelpatient.de\\\/en\\\/\"},\"image\":{\"@id\":\"https:\\\/\\\/www.apfelpatient.de\\\/rumors\\\/neues-bild-zeigt-iphone-16-farben-und-vertikales-kameradesign#primaryimage\"},\"thumbnailUrl\":\"https:\\\/\\\/www.apfelpatient.de\\\/wp-content\\\/uploads\\\/2024\\\/07\\\/Apple-iPhone-15-lineup-color-lineup-230912-1.jpg\",\"keywords\":[\"iPhone\",\"iPhone 16\",\"iPhone 2024\"],\"articleSection\":\"Rumors\",\"inLanguage\":\"en-US\",\"copyrightYear\":\"2024\",\"copyrightHolder\":{\"@id\":\"https:\\\/\\\/www.apfelpatient.de\\\/en\\\/#organization\"}},{\"@type\":\"WebPage\",\"@id\":\"https:\\\/\\\/www.apfelpatient.de\\\/rumors\\\/neues-bild-zeigt-iphone-16-farben-und-vertikales-kameradesign\",\"url\":\"https:\\\/\\\/www.apfelpatient.de\\\/rumors\\\/neues-bild-zeigt-iphone-16-farben-und-vertikales-kameradesign\",\"name\":\"Neues Bild zeigt iPhone 16 Farben und vertikales Kameradesign Apfelpatient\",\"isPartOf\":{\"@id\":\"https:\\\/\\\/www.apfelpatient.de\\\/#website\"},\"primaryImageOfPage\":{\"@id\":\"https:\\\/\\\/www.apfelpatient.de\\\/rumors\\\/neues-bild-zeigt-iphone-16-farben-und-vertikales-kameradesign#primaryimage\"},\"image\":{\"@id\":\"https:\\\/\\\/www.apfelpatient.de\\\/rumors\\\/neues-bild-zeigt-iphone-16-farben-und-vertikales-kameradesign#primaryimage\"},\"thumbnailUrl\":\"https:\\\/\\\/www.apfelpatient.de\\\/wp-content\\\/uploads\\\/2024\\\/07\\\/Apple-iPhone-15-lineup-color-lineup-230912-1.jpg\",\"datePublished\":\"2024-07-31T08:54:14+00:00\",\"dateModified\":\"2024-08-01T13:29:04+00:00\",\"description\":\"iPhone 16: Neue Farben und vertikales Kameradesign im Bild enth\u00fcllt. Erfahre alles \u00fcber die neuesten \u00c4nderungen und technischen Daten.\",\"breadcrumb\":{\"@id\":\"https:\\\/\\\/www.apfelpatient.de\\\/rumors\\\/neues-bild-zeigt-iphone-16-farben-und-vertikales-kameradesign#breadcrumb\"},\"inLanguage\":\"en-US\",\"potentialAction\":[{\"@type\":\"ReadAction\",\"target\":[\"https:\\\/\\\/www.apfelpatient.de\\\/rumors\\\/neues-bild-zeigt-iphone-16-farben-und-vertikales-kameradesign\"]}]},{\"@type\":\"ImageObject\",\"inLanguage\":\"en-US\",\"@id\":\"https:\\\/\\\/www.apfelpatient.de\\\/rumors\\\/neues-bild-zeigt-iphone-16-farben-und-vertikales-kameradesign#primaryimage\",\"url\":\"https:\\\/\\\/www.apfelpatient.de\\\/wp-content\\\/uploads\\\/2024\\\/07\\\/Apple-iPhone-15-lineup-color-lineup-230912-1.jpg\",\"contentUrl\":\"https:\\\/\\\/www.apfelpatient.de\\\/wp-content\\\/uploads\\\/2024\\\/07\\\/Apple-iPhone-15-lineup-color-lineup-230912-1.jpg\",\"width\":1600,\"height\":1067,\"caption\":\"Bild: Apple\"},{\"@type\":\"BreadcrumbList\",\"@id\":\"https:\\\/\\\/www.apfelpatient.de\\\/rumors\\\/neues-bild-zeigt-iphone-16-farben-und-vertikales-kameradesign#breadcrumb\",\"itemListElement\":[{\"@type\":\"ListItem\",\"position\":1,\"name\":\"Startseite\",\"item\":\"https:\\\/\\\/www.apfelpatient.de\\\/\"},{\"@type\":\"ListItem\",\"position\":2,\"name\":\"Neues Bild zeigt iPhone 16 Farben und vertikales Kameradesign\"}]},{\"@type\":\"WebSite\",\"@id\":\"https:\\\/\\\/www.apfelpatient.de\\\/#website\",\"url\":\"https:\\\/\\\/www.apfelpatient.de\\\/\",\"name\":\"Apfelpatient\",\"description\":\"Alles rund um Apple!\",\"publisher\":{\"@type\":\"Organization\",\"@id\":\"https:\\\/\\\/www.apfelpatient.de\\\/en\\\/#organization\",\"name\":\"Apfelpatient\",\"url\":\"https:\\\/\\\/www.apfelpatient.de\\\/en\\\/\"},\"alternateName\":\"Apfelpatient\",\"potentialAction\":[{\"@type\":\"SearchAction\",\"target\":{\"@type\":\"EntryPoint\",\"urlTemplate\":\"https:\\\/\\\/www.apfelpatient.de\\\/?s={search_term_string}\"},\"query-input\":{\"@type\":\"PropertyValueSpecification\",\"valueRequired\":true,\"valueName\":\"search_term_string\"}}],\"inLanguage\":\"en-US\"},{\"@type\":[\"Person\",\"Organization\"],\"@id\":\"https:\\\/\\\/www.apfelpatient.de\\\/#\\\/schema\\\/person\\\/35b3ddba5832f2bfc7fff5206d4f6b7b\",\"name\":\"Milan\",\"logo\":{\"@id\":\"https:\\\/\\\/www.apfelpatient.de\\\/#\\\/schema\\\/person\\\/image\\\/\"},\"description\":\"Hallo und herzlich willkommen auf meinem Technik-Blog! Als gro\u00dfer Apple-Fan berichte ich hier \u00fcber alles, was mit Apple zu tun hat: von den neuesten News und spannenden Ger\u00fcchten \u00fcber hilfreiche Tipps und Tricks bis hin zu ausf\u00fchrlichen Produkttests. Wenn du genauso technikbegeistert bist wie ich, bist du hier genau richtig!\",\"sameAs\":[\"https:\\\/\\\/www.facebook.com\\\/apfelpatientOfficial\",\"https:\\\/\\\/www.linkedin.com\\\/in\\\/milan-jovicic-42aa0231b\"],\"url\":\"https:\\\/\\\/www.apfelpatient.de\\\/en\\\/author\\\/apfeladmin\"}]}<\/script>\n<!-- \/ Yoast SEO Premium plugin. -->","yoast_head_json":{"title":"New image shows iPhone 16 colors and vertical camera design Apfelpatient","description":"iPhone 16: New colors and vertical camera design revealed in picture. Find out all about the latest changes and technical data.","robots":{"index":"index","follow":"follow","max-snippet":"max-snippet:-1","max-image-preview":"max-image-preview:large","max-video-preview":"max-video-preview:-1"},"canonical":"https:\/\/www.apfelpatient.de\/en\/rumors\/new-image-shows-iphone-16-colors-and-vertical-camera-design","og_locale":"en_US","og_type":"article","og_title":"Neues Bild zeigt iPhone 16 Farben und vertikales Kameradesign","og_description":"iPhone 16: Neue Farben und vertikales Kameradesign im Bild enth\u00fcllt. Erfahre alles \u00fcber die neuesten \u00c4nderungen und technischen Daten.","og_url":"https:\/\/www.apfelpatient.de\/en\/rumors\/new-image-shows-iphone-16-colors-and-vertical-camera-design","og_site_name":"Apfelpatient","article_publisher":"https:\/\/www.facebook.com\/apfelpatientOfficial","article_author":"https:\/\/www.facebook.com\/apfelpatientOfficial","article_published_time":"2024-07-31T08:54:14+00:00","article_modified_time":"2024-08-01T13:29:04+00:00","og_image":[{"width":1600,"height":1067,"url":"https:\/\/www.apfelpatient.de\/wp-content\/uploads\/2024\/07\/Apple-iPhone-15-lineup-color-lineup-230912-1.jpg","type":"image\/jpeg"}],"author":"Milan","twitter_card":"summary_large_image","twitter_description":"iPhone 16: Neue Farben und vertikales Kameradesign im Bild enth\u00fcllt. Erfahre alles \u00fcber die neuesten \u00c4nderungen und technischen Daten.","twitter_misc":{"Written by":"Milan","Est. reading time":"3 minutes"},"schema":{"@context":"https:\/\/schema.org","@graph":[{"@type":"NewsArticle","@id":"https:\/\/www.apfelpatient.de\/rumors\/neues-bild-zeigt-iphone-16-farben-und-vertikales-kameradesign#article","isPartOf":{"@id":"https:\/\/www.apfelpatient.de\/rumors\/neues-bild-zeigt-iphone-16-farben-und-vertikales-kameradesign"},"author":{"@type":"Organization","@id":"https:\/\/www.apfelpatient.de\/en\/#organization","name":"Apfelpatient","url":"https:\/\/www.apfelpatient.de\/en\/"},"headline":"Neues Bild zeigt iPhone 16 Farben und vertikales Kameradesign","datePublished":"2024-07-31T08:54:14+00:00","dateModified":"2024-08-01T13:29:04+00:00","mainEntityOfPage":{"@id":"https:\/\/www.apfelpatient.de\/rumors\/neues-bild-zeigt-iphone-16-farben-und-vertikales-kameradesign"},"wordCount":352,"publisher":{"@type":"Organization","@id":"https:\/\/www.apfelpatient.de\/en\/#organization","name":"Apfelpatient","url":"https:\/\/www.apfelpatient.de\/en\/"},"image":{"@id":"https:\/\/www.apfelpatient.de\/rumors\/neues-bild-zeigt-iphone-16-farben-und-vertikales-kameradesign#primaryimage"},"thumbnailUrl":"https:\/\/www.apfelpatient.de\/wp-content\/uploads\/2024\/07\/Apple-iPhone-15-lineup-color-lineup-230912-1.jpg","keywords":["iPhone","iPhone 16","iPhone 2024"],"articleSection":"Rumors","inLanguage":"en-US","copyrightYear":"2024","copyrightHolder":{"@id":"https:\/\/www.apfelpatient.de\/en\/#organization"}},{"@type":"WebPage","@id":"https:\/\/www.apfelpatient.de\/rumors\/neues-bild-zeigt-iphone-16-farben-und-vertikales-kameradesign","url":"https:\/\/www.apfelpatient.de\/rumors\/neues-bild-zeigt-iphone-16-farben-und-vertikales-kameradesign","name":"New image shows iPhone 16 colors and vertical camera design Apfelpatient","isPartOf":{"@id":"https:\/\/www.apfelpatient.de\/#website"},"primaryImageOfPage":{"@id":"https:\/\/www.apfelpatient.de\/rumors\/neues-bild-zeigt-iphone-16-farben-und-vertikales-kameradesign#primaryimage"},"image":{"@id":"https:\/\/www.apfelpatient.de\/rumors\/neues-bild-zeigt-iphone-16-farben-und-vertikales-kameradesign#primaryimage"},"thumbnailUrl":"https:\/\/www.apfelpatient.de\/wp-content\/uploads\/2024\/07\/Apple-iPhone-15-lineup-color-lineup-230912-1.jpg","datePublished":"2024-07-31T08:54:14+00:00","dateModified":"2024-08-01T13:29:04+00:00","description":"iPhone 16: New colors and vertical camera design revealed in picture. Find out all about the latest changes and technical data.","breadcrumb":{"@id":"https:\/\/www.apfelpatient.de\/rumors\/neues-bild-zeigt-iphone-16-farben-und-vertikales-kameradesign#breadcrumb"},"inLanguage":"en-US","potentialAction":[{"@type":"ReadAction","target":["https:\/\/www.apfelpatient.de\/rumors\/neues-bild-zeigt-iphone-16-farben-und-vertikales-kameradesign"]}]},{"@type":"ImageObject","inLanguage":"en-US","@id":"https:\/\/www.apfelpatient.de\/rumors\/neues-bild-zeigt-iphone-16-farben-und-vertikales-kameradesign#primaryimage","url":"https:\/\/www.apfelpatient.de\/wp-content\/uploads\/2024\/07\/Apple-iPhone-15-lineup-color-lineup-230912-1.jpg","contentUrl":"https:\/\/www.apfelpatient.de\/wp-content\/uploads\/2024\/07\/Apple-iPhone-15-lineup-color-lineup-230912-1.jpg","width":1600,"height":1067,"caption":"Bild: Apple"},{"@type":"BreadcrumbList","@id":"https:\/\/www.apfelpatient.de\/rumors\/neues-bild-zeigt-iphone-16-farben-und-vertikales-kameradesign#breadcrumb","itemListElement":[{"@type":"ListItem","position":1,"name":"Startseite","item":"https:\/\/www.apfelpatient.de\/"},{"@type":"ListItem","position":2,"name":"Neues Bild zeigt iPhone 16 Farben und vertikales Kameradesign"}]},{"@type":"WebSite","@id":"https:\/\/www.apfelpatient.de\/#website","url":"https:\/\/www.apfelpatient.de\/","name":"apple patient","description":"Everything about Apple!","publisher":{"@type":"Organization","@id":"https:\/\/www.apfelpatient.de\/en\/#organization","name":"Apfelpatient","url":"https:\/\/www.apfelpatient.de\/en\/"},"alternateName":"Apfelpatient","potentialAction":[{"@type":"SearchAction","target":{"@type":"EntryPoint","urlTemplate":"https:\/\/www.apfelpatient.de\/?s={search_term_string}"},"query-input":{"@type":"PropertyValueSpecification","valueRequired":true,"valueName":"search_term_string"}}],"inLanguage":"en-US"},{"@type":["Person","Organization"],"@id":"https:\/\/www.apfelpatient.de\/#\/schema\/person\/35b3ddba5832f2bfc7fff5206d4f6b7b","name":"Milan","logo":{"@id":"https:\/\/www.apfelpatient.de\/#\/schema\/person\/image\/"},"description":"Hello and welcome to my technology blog! As a big Apple fan, I report on everything to do with Apple: from the latest news and exciting rumors to helpful tips and tricks and detailed product tests. If you are as enthusiastic about technology as I am, you have come to the right place!","sameAs":["https:\/\/www.facebook.com\/apfelpatientOfficial","https:\/\/www.linkedin.com\/in\/milan-jovicic-42aa0231b"],"url":"https:\/\/www.apfelpatient.de\/en\/author\/apfeladmin"}]}},"_links":{"self":[{"href":"https:\/\/www.apfelpatient.de\/en\/wp-json\/wp\/v2\/posts\/45929","targetHints":{"allow":["GET"]}}],"collection":[{"href":"https:\/\/www.apfelpatient.de\/en\/wp-json\/wp\/v2\/posts"}],"about":[{"href":"https:\/\/www.apfelpatient.de\/en\/wp-json\/wp\/v2\/types\/post"}],"author":[{"embeddable":true,"href":"https:\/\/www.apfelpatient.de\/en\/wp-json\/wp\/v2\/users\/2"}],"replies":[{"embeddable":true,"href":"https:\/\/www.apfelpatient.de\/en\/wp-json\/wp\/v2\/comments?post=45929"}],"version-history":[{"count":0,"href":"https:\/\/www.apfelpatient.de\/en\/wp-json\/wp\/v2\/posts\/45929\/revisions"}],"wp:featuredmedia":[{"embeddable":true,"href":"https:\/\/www.apfelpatient.de\/en\/wp-json\/wp\/v2\/media\/45928"}],"wp:attachment":[{"href":"https:\/\/www.apfelpatient.de\/en\/wp-json\/wp\/v2\/media?parent=45929"}],"wp:term":[{"taxonomy":"category","embeddable":true,"href":"https:\/\/www.apfelpatient.de\/en\/wp-json\/wp\/v2\/categories?post=45929"},{"taxonomy":"post_tag","embeddable":true,"href":"https:\/\/www.apfelpatient.de\/en\/wp-json\/wp\/v2\/tags?post=45929"}],"curies":[{"name":"wp","href":"https:\/\/api.w.org\/{rel}","templated":true}]}}