{"id":4587,"date":"2019-06-03T18:43:34","date_gmt":"2019-06-03T16:43:34","guid":{"rendered":"https:\/\/apfelpatient.de\/?p=4587"},"modified":"2025-02-06T07:18:38","modified_gmt":"2025-02-06T06:18:38","slug":"leak-in-last-minute-ios-for-ipad-should-get-new-name","status":"publish","type":"post","link":"https:\/\/www.apfelpatient.de\/en\/rumors\/leak-in-letzter-minute-ios-fuer-ipad-soll-neuen-namen-bekommen","title":{"rendered":"Last minute leak \u2013 iOS for iPad to get a new name"},"content":{"rendered":"<p><strong>According to a leak, Apple plans to rename the iOS version for the iPad during WWDC 2019.<\/strong><\/p>\n<p>According to this, iOS for iPad will be called iPadOS in the future. Developer Steve Moser claims to have discovered this shortly before the start of WWDC 2019. Moser found the reference to the new name in the new terms for the developer license. The content of this license consists, among other things, of a series of &quot;Apple Software&quot; terms. Apple&#039;s SDKs, iOS, watchOS, tvOS, iPadOS and macOS are listed here - the term iPadOS appears for the first time and represents the new software for iPads.<\/p>\n<p class=\"p1\"><\/p>\n<p>Rumor has it that the iPad will receive some important updates in iOS 13 that will provide a more PC-like user experience. For example, a new multitasking function with tabs is expected. A number of new gestures are also expected to be introduced - and porting iPad apps to macOS will be particularly easy with the help of Marzipan. Moser has also found references to new wallet types for cars and hotels - which means that iOS 13 could potentially store temporary cards for unlocking hotel rooms and rental cars.<\/p>\n<p>WWDC starts at 7 p.m. CET. Apple is expected to present iOS 13 and macOS 10.15 as well as tvOS 13 and watchOS 6. Here you can find a complete <a href=\"https:\/\/www.apfelpatient.de\/en\">Summary<\/a> of everything that might await us tonight. <em>(Photo by Unsplash)<\/em><\/p>\n<h6><a href=\"https:\/\/t.me\/apfelpatient_official\"><em><strong>Don&#039;t want to miss any more news? Then subscribe to our Telegram channel here<\/strong><\/em><\/a><\/h6>","protected":false},"excerpt":{"rendered":"<p>Apple plant einem Leak zufolge die iOS Version f\u00fcr das iPad im Zuge der WWDC 2019 umzubenennen. Demnach soll iOS f\u00fcr iPad in Zukunft iPadOS genannt werden. Dies will der Entwickler Steve Moser kurz vor dem Start der WWDC 2019 entdeckt haben. Den Hinweis auf den neuen Namen fand Moser in den neuen Bedingungen f\u00fcr [&hellip;]<\/p>\n","protected":false},"author":2,"featured_media":3314,"comment_status":"open","ping_status":"open","sticky":false,"template":"","format":"standard","meta":{"jnews-multi-image_gallery":[],"jnews_single_post":[],"jnews_primary_category":[],"footnotes":""},"categories":[25],"tags":[3,199,18,66,33,273],"class_list":["post-4587","post","type-post","status-publish","format-standard","has-post-thumbnail","hentry","category-rumors","tag-ios","tag-ios-13","tag-ipad","tag-ipad-pro","tag-ipados","tag-wwdc-2019"],"yoast_head":"<!-- This site is optimized with the Yoast SEO Premium plugin v27.5 (Yoast SEO v27.5) - https:\/\/yoast.com\/product\/yoast-seo-premium-wordpress\/ -->\n<title>Leak in letzter Minute - iOS f\u00fcr iPad soll neuen Namen bekommen Apfelpatient<\/title>\n<meta name=\"description\" content=\"- Apple plant einem Leak zufolge die iOS Version f\u00fcr das iPad im Zuge der WWDC 2019 umzubenennen.\" \/>\n<meta name=\"robots\" content=\"index, follow, max-snippet:-1, max-image-preview:large, max-video-preview:-1\" \/>\n<link rel=\"canonical\" href=\"https:\/\/www.apfelpatient.de\/en\/rumors\/leak-in-last-minute-ios-for-ipad-should-get-new-name\" \/>\n<meta property=\"og:locale\" content=\"en_US\" \/>\n<meta property=\"og:type\" content=\"article\" \/>\n<meta property=\"og:title\" content=\"Leak in letzter Minute - iOS f\u00fcr iPad soll neuen Namen bekommen\" \/>\n<meta property=\"og:description\" content=\"- Apple plant einem Leak zufolge die iOS Version f\u00fcr das iPad im Zuge der WWDC 2019 umzubenennen.\" \/>\n<meta property=\"og:url\" content=\"https:\/\/www.apfelpatient.de\/en\/rumors\/leak-in-last-minute-ios-for-ipad-should-get-new-name\" \/>\n<meta property=\"og:site_name\" content=\"Apfelpatient\" \/>\n<meta property=\"article:publisher\" content=\"https:\/\/www.facebook.com\/apfelpatientOfficial\" \/>\n<meta property=\"article:author\" content=\"https:\/\/www.facebook.com\/apfelpatientOfficial\" \/>\n<meta property=\"article:published_time\" content=\"2019-06-03T16:43:34+00:00\" \/>\n<meta property=\"article:modified_time\" content=\"2025-02-06T06:18:38+00:00\" \/>\n<meta property=\"og:image\" content=\"https:\/\/www.apfelpatient.de\/wp-content\/uploads\/2019\/01\/william-iven-5895-unsplash.jpg\" \/>\n\t<meta property=\"og:image:width\" content=\"4288\" \/>\n\t<meta property=\"og:image:height\" content=\"2848\" \/>\n\t<meta property=\"og:image:type\" content=\"image\/jpeg\" \/>\n<meta name=\"author\" content=\"Milan\" \/>\n<meta name=\"twitter:card\" content=\"summary_large_image\" \/>\n<meta name=\"twitter:label1\" content=\"Written by\" \/>\n\t<meta name=\"twitter:data1\" content=\"Milan\" \/>\n\t<meta name=\"twitter:label2\" content=\"Est. reading time\" \/>\n\t<meta name=\"twitter:data2\" content=\"1 minute\" \/>\n<script type=\"application\/ld+json\" class=\"yoast-schema-graph\">{\"@context\":\"https:\\\/\\\/schema.org\",\"@graph\":[{\"@type\":\"NewsArticle\",\"@id\":\"https:\\\/\\\/www.apfelpatient.de\\\/rumors\\\/leak-in-letzter-minute-ios-fuer-ipad-soll-neuen-namen-bekommen#article\",\"isPartOf\":{\"@id\":\"https:\\\/\\\/www.apfelpatient.de\\\/rumors\\\/leak-in-letzter-minute-ios-fuer-ipad-soll-neuen-namen-bekommen\"},\"author\":{\"@type\":\"Organization\",\"@id\":\"https:\\\/\\\/www.apfelpatient.de\\\/en\\\/#organization\",\"name\":\"Apfelpatient\",\"url\":\"https:\\\/\\\/www.apfelpatient.de\\\/en\\\/\"},\"headline\":\"Leak in letzter Minute &#8211; iOS f\u00fcr iPad soll neuen Namen bekommen\",\"datePublished\":\"2019-06-03T16:43:34+00:00\",\"dateModified\":\"2025-02-06T06:18:38+00:00\",\"mainEntityOfPage\":{\"@id\":\"https:\\\/\\\/www.apfelpatient.de\\\/rumors\\\/leak-in-letzter-minute-ios-fuer-ipad-soll-neuen-namen-bekommen\"},\"wordCount\":252,\"commentCount\":0,\"publisher\":{\"@type\":\"Organization\",\"@id\":\"https:\\\/\\\/www.apfelpatient.de\\\/en\\\/#organization\",\"name\":\"Apfelpatient\",\"url\":\"https:\\\/\\\/www.apfelpatient.de\\\/en\\\/\"},\"image\":{\"@id\":\"https:\\\/\\\/www.apfelpatient.de\\\/rumors\\\/leak-in-letzter-minute-ios-fuer-ipad-soll-neuen-namen-bekommen#primaryimage\"},\"thumbnailUrl\":\"https:\\\/\\\/www.apfelpatient.de\\\/wp-content\\\/uploads\\\/2019\\\/01\\\/william-iven-5895-unsplash.jpg\",\"keywords\":[\"iOS\",\"iOS 13\",\"iPad\",\"iPad Pro\",\"iPadOS\",\"WWDC 2019\"],\"articleSection\":\"Rumors\",\"inLanguage\":\"en-US\",\"potentialAction\":[{\"@type\":\"CommentAction\",\"name\":\"Comment\",\"target\":[\"https:\\\/\\\/www.apfelpatient.de\\\/rumors\\\/leak-in-letzter-minute-ios-fuer-ipad-soll-neuen-namen-bekommen#respond\"]}],\"copyrightYear\":\"2019\",\"copyrightHolder\":{\"@id\":\"https:\\\/\\\/www.apfelpatient.de\\\/en\\\/#organization\"}},{\"@type\":\"WebPage\",\"@id\":\"https:\\\/\\\/www.apfelpatient.de\\\/rumors\\\/leak-in-letzter-minute-ios-fuer-ipad-soll-neuen-namen-bekommen\",\"url\":\"https:\\\/\\\/www.apfelpatient.de\\\/rumors\\\/leak-in-letzter-minute-ios-fuer-ipad-soll-neuen-namen-bekommen\",\"name\":\"Leak in letzter Minute - iOS f\u00fcr iPad soll neuen Namen bekommen Apfelpatient\",\"isPartOf\":{\"@id\":\"https:\\\/\\\/www.apfelpatient.de\\\/#website\"},\"primaryImageOfPage\":{\"@id\":\"https:\\\/\\\/www.apfelpatient.de\\\/rumors\\\/leak-in-letzter-minute-ios-fuer-ipad-soll-neuen-namen-bekommen#primaryimage\"},\"image\":{\"@id\":\"https:\\\/\\\/www.apfelpatient.de\\\/rumors\\\/leak-in-letzter-minute-ios-fuer-ipad-soll-neuen-namen-bekommen#primaryimage\"},\"thumbnailUrl\":\"https:\\\/\\\/www.apfelpatient.de\\\/wp-content\\\/uploads\\\/2019\\\/01\\\/william-iven-5895-unsplash.jpg\",\"datePublished\":\"2019-06-03T16:43:34+00:00\",\"dateModified\":\"2025-02-06T06:18:38+00:00\",\"description\":\"- Apple plant einem Leak zufolge die iOS Version f\u00fcr das iPad im Zuge der WWDC 2019 umzubenennen.\",\"breadcrumb\":{\"@id\":\"https:\\\/\\\/www.apfelpatient.de\\\/rumors\\\/leak-in-letzter-minute-ios-fuer-ipad-soll-neuen-namen-bekommen#breadcrumb\"},\"inLanguage\":\"en-US\",\"potentialAction\":[{\"@type\":\"ReadAction\",\"target\":[\"https:\\\/\\\/www.apfelpatient.de\\\/rumors\\\/leak-in-letzter-minute-ios-fuer-ipad-soll-neuen-namen-bekommen\"]}]},{\"@type\":\"ImageObject\",\"inLanguage\":\"en-US\",\"@id\":\"https:\\\/\\\/www.apfelpatient.de\\\/rumors\\\/leak-in-letzter-minute-ios-fuer-ipad-soll-neuen-namen-bekommen#primaryimage\",\"url\":\"https:\\\/\\\/www.apfelpatient.de\\\/wp-content\\\/uploads\\\/2019\\\/01\\\/william-iven-5895-unsplash.jpg\",\"contentUrl\":\"https:\\\/\\\/www.apfelpatient.de\\\/wp-content\\\/uploads\\\/2019\\\/01\\\/william-iven-5895-unsplash.jpg\",\"width\":4288,\"height\":2848,\"caption\":\"Photo by Unsplash\"},{\"@type\":\"BreadcrumbList\",\"@id\":\"https:\\\/\\\/www.apfelpatient.de\\\/rumors\\\/leak-in-letzter-minute-ios-fuer-ipad-soll-neuen-namen-bekommen#breadcrumb\",\"itemListElement\":[{\"@type\":\"ListItem\",\"position\":1,\"name\":\"Startseite\",\"item\":\"https:\\\/\\\/www.apfelpatient.de\\\/\"},{\"@type\":\"ListItem\",\"position\":2,\"name\":\"Leak in letzter Minute &#8211; iOS f\u00fcr iPad soll neuen Namen bekommen\"}]},{\"@type\":\"WebSite\",\"@id\":\"https:\\\/\\\/www.apfelpatient.de\\\/#website\",\"url\":\"https:\\\/\\\/www.apfelpatient.de\\\/\",\"name\":\"Apfelpatient\",\"description\":\"Alles rund um Apple!\",\"publisher\":{\"@type\":\"Organization\",\"@id\":\"https:\\\/\\\/www.apfelpatient.de\\\/en\\\/#organization\",\"name\":\"Apfelpatient\",\"url\":\"https:\\\/\\\/www.apfelpatient.de\\\/en\\\/\"},\"alternateName\":\"Apfelpatient\",\"potentialAction\":[{\"@type\":\"SearchAction\",\"target\":{\"@type\":\"EntryPoint\",\"urlTemplate\":\"https:\\\/\\\/www.apfelpatient.de\\\/?s={search_term_string}\"},\"query-input\":{\"@type\":\"PropertyValueSpecification\",\"valueRequired\":true,\"valueName\":\"search_term_string\"}}],\"inLanguage\":\"en-US\"},{\"@type\":[\"Person\",\"Organization\"],\"@id\":\"https:\\\/\\\/www.apfelpatient.de\\\/#\\\/schema\\\/person\\\/7dc56ad6c8e9824b76d2c08d4c140e13\",\"name\":\"Milan\",\"logo\":{\"@id\":\"https:\\\/\\\/www.apfelpatient.de\\\/#\\\/schema\\\/person\\\/image\\\/\"},\"description\":\"Hallo und herzlich willkommen auf meinem Technik-Blog! Als gro\u00dfer Apple-Fan berichte ich hier \u00fcber alles, was mit Apple zu tun hat: von den neuesten News und spannenden Ger\u00fcchten \u00fcber hilfreiche Tipps und Tricks bis hin zu ausf\u00fchrlichen Produkttests. Wenn du genauso technikbegeistert bist wie ich, bist du hier genau richtig!\",\"sameAs\":[\"https:\\\/\\\/www.facebook.com\\\/apfelpatientOfficial\",\"https:\\\/\\\/www.linkedin.com\\\/in\\\/milan-jovicic-42aa0231b\"],\"url\":\"https:\\\/\\\/www.apfelpatient.de\\\/en\\\/author\\\/apfeladmin\"}]}<\/script>\n<!-- \/ Yoast SEO Premium plugin. -->","yoast_head_json":{"title":"Last minute leak - iOS for iPad to get a new name Apfelpatient","description":"- According to a leak, Apple plans to rename the iOS version for the iPad during WWDC 2019.","robots":{"index":"index","follow":"follow","max-snippet":"max-snippet:-1","max-image-preview":"max-image-preview:large","max-video-preview":"max-video-preview:-1"},"canonical":"https:\/\/www.apfelpatient.de\/en\/rumors\/leak-in-last-minute-ios-for-ipad-should-get-new-name","og_locale":"en_US","og_type":"article","og_title":"Leak in letzter Minute - iOS f\u00fcr iPad soll neuen Namen bekommen","og_description":"- Apple plant einem Leak zufolge die iOS Version f\u00fcr das iPad im Zuge der WWDC 2019 umzubenennen.","og_url":"https:\/\/www.apfelpatient.de\/en\/rumors\/leak-in-last-minute-ios-for-ipad-should-get-new-name","og_site_name":"Apfelpatient","article_publisher":"https:\/\/www.facebook.com\/apfelpatientOfficial","article_author":"https:\/\/www.facebook.com\/apfelpatientOfficial","article_published_time":"2019-06-03T16:43:34+00:00","article_modified_time":"2025-02-06T06:18:38+00:00","og_image":[{"width":4288,"height":2848,"url":"https:\/\/www.apfelpatient.de\/wp-content\/uploads\/2019\/01\/william-iven-5895-unsplash.jpg","type":"image\/jpeg"}],"author":"Milan","twitter_card":"summary_large_image","twitter_misc":{"Written by":"Milan","Est. reading time":"1 minute"},"schema":{"@context":"https:\/\/schema.org","@graph":[{"@type":"NewsArticle","@id":"https:\/\/www.apfelpatient.de\/rumors\/leak-in-letzter-minute-ios-fuer-ipad-soll-neuen-namen-bekommen#article","isPartOf":{"@id":"https:\/\/www.apfelpatient.de\/rumors\/leak-in-letzter-minute-ios-fuer-ipad-soll-neuen-namen-bekommen"},"author":{"@type":"Organization","@id":"https:\/\/www.apfelpatient.de\/en\/#organization","name":"Apfelpatient","url":"https:\/\/www.apfelpatient.de\/en\/"},"headline":"Leak in letzter Minute &#8211; iOS f\u00fcr iPad soll neuen Namen bekommen","datePublished":"2019-06-03T16:43:34+00:00","dateModified":"2025-02-06T06:18:38+00:00","mainEntityOfPage":{"@id":"https:\/\/www.apfelpatient.de\/rumors\/leak-in-letzter-minute-ios-fuer-ipad-soll-neuen-namen-bekommen"},"wordCount":252,"commentCount":0,"publisher":{"@type":"Organization","@id":"https:\/\/www.apfelpatient.de\/en\/#organization","name":"Apfelpatient","url":"https:\/\/www.apfelpatient.de\/en\/"},"image":{"@id":"https:\/\/www.apfelpatient.de\/rumors\/leak-in-letzter-minute-ios-fuer-ipad-soll-neuen-namen-bekommen#primaryimage"},"thumbnailUrl":"https:\/\/www.apfelpatient.de\/wp-content\/uploads\/2019\/01\/william-iven-5895-unsplash.jpg","keywords":["iOS","iOS 13","iPad","iPad Pro","iPadOS","WWDC 2019"],"articleSection":"Rumors","inLanguage":"en-US","potentialAction":[{"@type":"CommentAction","name":"Comment","target":["https:\/\/www.apfelpatient.de\/rumors\/leak-in-letzter-minute-ios-fuer-ipad-soll-neuen-namen-bekommen#respond"]}],"copyrightYear":"2019","copyrightHolder":{"@id":"https:\/\/www.apfelpatient.de\/en\/#organization"}},{"@type":"WebPage","@id":"https:\/\/www.apfelpatient.de\/rumors\/leak-in-letzter-minute-ios-fuer-ipad-soll-neuen-namen-bekommen","url":"https:\/\/www.apfelpatient.de\/rumors\/leak-in-letzter-minute-ios-fuer-ipad-soll-neuen-namen-bekommen","name":"Last minute leak - iOS for iPad to get a new name Apfelpatient","isPartOf":{"@id":"https:\/\/www.apfelpatient.de\/#website"},"primaryImageOfPage":{"@id":"https:\/\/www.apfelpatient.de\/rumors\/leak-in-letzter-minute-ios-fuer-ipad-soll-neuen-namen-bekommen#primaryimage"},"image":{"@id":"https:\/\/www.apfelpatient.de\/rumors\/leak-in-letzter-minute-ios-fuer-ipad-soll-neuen-namen-bekommen#primaryimage"},"thumbnailUrl":"https:\/\/www.apfelpatient.de\/wp-content\/uploads\/2019\/01\/william-iven-5895-unsplash.jpg","datePublished":"2019-06-03T16:43:34+00:00","dateModified":"2025-02-06T06:18:38+00:00","description":"- According to a leak, Apple plans to rename the iOS version for the iPad during WWDC 2019.","breadcrumb":{"@id":"https:\/\/www.apfelpatient.de\/rumors\/leak-in-letzter-minute-ios-fuer-ipad-soll-neuen-namen-bekommen#breadcrumb"},"inLanguage":"en-US","potentialAction":[{"@type":"ReadAction","target":["https:\/\/www.apfelpatient.de\/rumors\/leak-in-letzter-minute-ios-fuer-ipad-soll-neuen-namen-bekommen"]}]},{"@type":"ImageObject","inLanguage":"en-US","@id":"https:\/\/www.apfelpatient.de\/rumors\/leak-in-letzter-minute-ios-fuer-ipad-soll-neuen-namen-bekommen#primaryimage","url":"https:\/\/www.apfelpatient.de\/wp-content\/uploads\/2019\/01\/william-iven-5895-unsplash.jpg","contentUrl":"https:\/\/www.apfelpatient.de\/wp-content\/uploads\/2019\/01\/william-iven-5895-unsplash.jpg","width":4288,"height":2848,"caption":"Photo by Unsplash"},{"@type":"BreadcrumbList","@id":"https:\/\/www.apfelpatient.de\/rumors\/leak-in-letzter-minute-ios-fuer-ipad-soll-neuen-namen-bekommen#breadcrumb","itemListElement":[{"@type":"ListItem","position":1,"name":"Startseite","item":"https:\/\/www.apfelpatient.de\/"},{"@type":"ListItem","position":2,"name":"Leak in letzter Minute &#8211; iOS f\u00fcr iPad soll neuen Namen bekommen"}]},{"@type":"WebSite","@id":"https:\/\/www.apfelpatient.de\/#website","url":"https:\/\/www.apfelpatient.de\/","name":"apple patient","description":"Everything about Apple!","publisher":{"@type":"Organization","@id":"https:\/\/www.apfelpatient.de\/en\/#organization","name":"Apfelpatient","url":"https:\/\/www.apfelpatient.de\/en\/"},"alternateName":"Apfelpatient","potentialAction":[{"@type":"SearchAction","target":{"@type":"EntryPoint","urlTemplate":"https:\/\/www.apfelpatient.de\/?s={search_term_string}"},"query-input":{"@type":"PropertyValueSpecification","valueRequired":true,"valueName":"search_term_string"}}],"inLanguage":"en-US"},{"@type":["Person","Organization"],"@id":"https:\/\/www.apfelpatient.de\/#\/schema\/person\/7dc56ad6c8e9824b76d2c08d4c140e13","name":"Milan","logo":{"@id":"https:\/\/www.apfelpatient.de\/#\/schema\/person\/image\/"},"description":"Hello and welcome to my technology blog! As a big Apple fan, I report on everything to do with Apple: from the latest news and exciting rumors to helpful tips and tricks and detailed product tests. If you are as enthusiastic about technology as I am, you have come to the right place!","sameAs":["https:\/\/www.facebook.com\/apfelpatientOfficial","https:\/\/www.linkedin.com\/in\/milan-jovicic-42aa0231b"],"url":"https:\/\/www.apfelpatient.de\/en\/author\/apfeladmin"}]}},"_links":{"self":[{"href":"https:\/\/www.apfelpatient.de\/en\/wp-json\/wp\/v2\/posts\/4587","targetHints":{"allow":["GET"]}}],"collection":[{"href":"https:\/\/www.apfelpatient.de\/en\/wp-json\/wp\/v2\/posts"}],"about":[{"href":"https:\/\/www.apfelpatient.de\/en\/wp-json\/wp\/v2\/types\/post"}],"author":[{"embeddable":true,"href":"https:\/\/www.apfelpatient.de\/en\/wp-json\/wp\/v2\/users\/2"}],"replies":[{"embeddable":true,"href":"https:\/\/www.apfelpatient.de\/en\/wp-json\/wp\/v2\/comments?post=4587"}],"version-history":[{"count":0,"href":"https:\/\/www.apfelpatient.de\/en\/wp-json\/wp\/v2\/posts\/4587\/revisions"}],"wp:featuredmedia":[{"embeddable":true,"href":"https:\/\/www.apfelpatient.de\/en\/wp-json\/wp\/v2\/media\/3314"}],"wp:attachment":[{"href":"https:\/\/www.apfelpatient.de\/en\/wp-json\/wp\/v2\/media?parent=4587"}],"wp:term":[{"taxonomy":"category","embeddable":true,"href":"https:\/\/www.apfelpatient.de\/en\/wp-json\/wp\/v2\/categories?post=4587"},{"taxonomy":"post_tag","embeddable":true,"href":"https:\/\/www.apfelpatient.de\/en\/wp-json\/wp\/v2\/tags?post=4587"}],"curies":[{"name":"wp","href":"https:\/\/api.w.org\/{rel}","templated":true}]}}