{"id":45764,"date":"2024-07-17T13:35:01","date_gmt":"2024-07-17T11:35:01","guid":{"rendered":"https:\/\/www.apfelpatient.de\/?p=45764"},"modified":"2024-07-17T13:35:02","modified_gmt":"2024-07-17T11:35:02","slug":"m5-macbook-models-new-compact-camera-module-on-board","status":"publish","type":"post","link":"https:\/\/www.apfelpatient.de\/en\/rumors\/m5-macbook-modelle-neues-kompaktkameramodul-an-bord","title":{"rendered":"M5 MacBook models: New compact camera module on board?"},"content":{"rendered":"<p class=\"has-drop-cap\"><strong>The M5 MacBook models, which will be launched in 2025, promise exciting innovations and technological advances. Below we highlight the details of the new compact camera modules that Apple is introducing in collaboration with Sunny Optical.<\/strong><\/p>\n\n\n\n<p>Apple stands for constant innovation and technological excellence. With the upcoming M5 MacBook models, the company wants to set new standards again. The well-known Apple analyst Ming-Chi Kuo has in a recent <a href=\"https:\/\/medium.com\/@mingchikuo\/\u821c\u5b87\u5149\u5b782025\u5e74\u71df\u904b\u52d5\u80fd\u53ef\u671b\u986f\u8457\u53d7\u76ca\u65bc\u6210\u70baapple\u65b0\u76f8\u6a5f\u6a21\u7d44\u4f9b\u61c9\u5546\u8207iphone\u8a02\u55ae\u56de\u6d41-sunny-opticals-2025-business-momentum-to-benefit-509819818c2a\" target=\"_blank\" rel=\"noreferrer noopener\">report<\/a> valuable insights into the planned innovations. Here you can find out everything you need to know about the new compact camera modules, the supply chain and possible design changes.<\/p>\n\n\n\n<h4 class=\"wp-block-heading\" id=\"h-neue-kompaktkameramodule-von-sunny-optical\">New compact camera modules from Sunny Optical<\/h4>\n\n\n\n<p>Starting in 2025, Apple will select Sunny Optical as its new compact camera module (CCM) supplier for the next-generation M5 MacBook models. Sunny Optical, a leading Chinese optical lens company, will mass-produce the CCM in Vietnam. These modules will provide a complete imaging system that will be seamlessly integrated into the new MacBooks.<\/p>\n\n\n\n<h4 class=\"wp-block-heading\" id=\"h-vorteile-der-vertikalen-integration\">Advantages of vertical integration<\/h4>\n\n\n\n<p>Currently, LG InnoTek and Sharp are the main suppliers for camera modules in MacBooks. However, Sunny Optical has the advantage of supplying both CCM and lenses in a single package. This vertical integration could lead to a smoother supply chain and improved product quality. If the collaboration is successful, Sunny Optical could also become a future CCM supplier for iPhone and iPad models.<\/p>\n\n\n\n<h4 class=\"wp-block-heading\" id=\"h-geplante-aktualisierungen-und-designphilosophie\">Planned updates and design philosophy<\/h4>\n\n\n\n<p>Apple plans to update the 14-inch MacBook Pro with an M4 chip in late 2024, followed by high-end models with M4 Pro and M4 Max chips. Additionally, the company is working on a thinner version of the MacBook Pro, inspired by the ultra-thin iPad Pro of 2024. Apple aims to offer the thinnest and lightest products in the technology industry.<\/p>\n\n\n\n<h4 class=\"wp-block-heading\" id=\"h-mogliche-designanderungen-und-face-id\">Possible design changes and Face ID<\/h4>\n\n\n\n<p>While no design changes are planned for the 2024 refresh, Apple could introduce redesigned laptops with the M5 chip in 2025. Another exciting rumor is the possible integration of Face ID for the Mac, with the MacBook Pro likely to be among the first devices to receive the technology.<\/p>\n\n\n\n<h3 class=\"wp-block-heading\" id=\"h-m5-macbook-modelle-ein-blick-in-die-zukunft\">M5 MacBook models: A look into the future<\/h3>\n\n\n\n<p>The future of the M5 MacBook models brings numerous innovations and technological advances. With the new compact camera modules from Sunny Optical and the ongoing development of hardware and design, Apple continues to set standards in the laptop industry. These developments make the M5 MacBook models one of the most exciting products of 2025. (Image: Apple)<\/p>\n\n\n\n<ul class=\"wp-block-list\">\n<li><a href=\"https:\/\/www.apfelpatient.de\/en\/rumors\/iphone-17-credible-leaker-doubts-2nm-chip\">iPhone 17: Credible leaker doubts 2nm chip<\/a><\/li>\n<\/ul>\n\n\n\n<h6 class=\"wp-block-heading translation-block\" id=\"h-kennt-ihr-schon-unsere-amazon-storefront-dort-findet-ihr-eine-handverlesene-auswahl-von-diversen-produkten-f-r-euer-iphone-und-co-viel-spa-beim-st-bern\"><em>Have you already visited our Amazon Storefront? There you&#039;ll find a hand-picked selection of various products for your iPhone and other devices \u2013 <span class=\"has-inline-color has-vivid-red-color\"><a href=\"https:\/\/www.amazon.de\/shop\/apfelpatientofficial\" class=\"ek-link\" data-wpel-link=\"exclude\" rel=\"follow noopener\" target=\"_self\"><span style=\"text-decoration: underline\" class=\"ek-underline\">enjoy browsing<\/span><\/a> !<\/span><\/em><\/h6>\n\n\n\n<h6 class=\"wp-block-heading translation-block\" id=\"h-der-beitrag-enthalt-partnerlinks\">This post contains <a data-type=\"URL\" data-id=\"https:\/\/www.apfelpatient.de\/partnerprogramm\" href=\"https:\/\/www.apfelpatient.de\/en\/partner-program\" data-wpel-link=\"internal\" target=\"_self\">affiliate links<\/a>.<\/h6>","protected":false},"excerpt":{"rendered":"<p>The 2025 M5 MacBook models feature new compact camera modules and technological advancements. Read more here!<\/p>","protected":false},"author":2,"featured_media":45766,"comment_status":"closed","ping_status":"closed","sticky":false,"template":"","format":"standard","meta":{"jnews-multi-image_gallery":[],"jnews_single_post":{"subtitle":"","format":"standard","video":"","gallery":"","source_name":"","source_url":"","via_name":"","via_url":"","override_template":"0","override":[{"template":"4","single_blog_custom":"","parallax":"1","fullscreen":"1","layout":"right-sidebar","sidebar":"default-sidebar","second_sidebar":"default-sidebar","sticky_sidebar":"1","share_position":"top","share_float_style":"share-monocrhome","show_share_counter":"0","show_view_counter":"0","show_featured":"1","show_post_meta":"1","show_post_author":"1","show_post_author_image":"1","show_post_date":"1","post_date_format":"default","post_date_format_custom":"Y\/m\/d","show_post_category":"1","show_post_reading_time":"0","post_reading_time_wpm":"300","post_calculate_word_method":"str_word_count","show_zoom_button":"0","zoom_button_out_step":"2","zoom_button_in_step":"3","show_post_tag":"1","show_prev_next_post":"1","show_popup_post":"1","number_popup_post":"1","show_author_box":"0","show_post_related":"0","show_inline_post_related":"0"}],"override_image_size":"0","image_override":[{"single_post_thumbnail_size":"crop-500","single_post_gallery_size":"crop-500"}],"trending_post":"0","trending_post_position":"meta","trending_post_label":"Trending","sponsored_post":"0","sponsored_post_label":"Sponsored by","sponsored_post_name":"","sponsored_post_url":"","sponsored_post_logo_enable":"0","sponsored_post_logo":"","sponsored_post_desc":"","disable_ad":"0"},"jnews_primary_category":{"id":"25","hide":""},"footnotes":""},"categories":[25],"tags":[40],"class_list":["post-45764","post","type-post","status-publish","format-standard","has-post-thumbnail","hentry","category-rumors","tag-mac"],"yoast_head":"<!-- This site is optimized with the Yoast SEO Premium plugin v27.5 (Yoast SEO v27.5) - https:\/\/yoast.com\/product\/yoast-seo-premium-wordpress\/ -->\n<title>M5 MacBook-Modelle: Neues Kompaktkameramodul an Bord? Apfelpatient<\/title>\n<meta name=\"description\" content=\"Die M5 MacBook-Modelle 2025 bieten neue Kompaktkameramodule und technologische Fortschritte. Mehr dazu hier!\" \/>\n<meta name=\"robots\" content=\"index, follow, max-snippet:-1, max-image-preview:large, max-video-preview:-1\" \/>\n<link rel=\"canonical\" href=\"https:\/\/www.apfelpatient.de\/en\/rumors\/m5-macbook-models-new-compact-camera-module-on-board\" \/>\n<meta property=\"og:locale\" content=\"en_US\" \/>\n<meta property=\"og:type\" content=\"article\" \/>\n<meta property=\"og:title\" content=\"M5 MacBook-Modelle: Neues Kompaktkameramodul an Bord?\" \/>\n<meta property=\"og:description\" content=\"Die M5 MacBook-Modelle 2025 bieten neue Kompaktkameramodule und technologische Fortschritte. Mehr dazu hier!\" \/>\n<meta property=\"og:url\" content=\"https:\/\/www.apfelpatient.de\/en\/rumors\/m5-macbook-models-new-compact-camera-module-on-board\" \/>\n<meta property=\"og:site_name\" content=\"Apfelpatient\" \/>\n<meta property=\"article:publisher\" content=\"https:\/\/www.facebook.com\/apfelpatientOfficial\" \/>\n<meta property=\"article:author\" content=\"https:\/\/www.facebook.com\/apfelpatientOfficial\" \/>\n<meta property=\"article:published_time\" content=\"2024-07-17T11:35:01+00:00\" \/>\n<meta property=\"article:modified_time\" content=\"2024-07-17T11:35:02+00:00\" \/>\n<meta property=\"og:image\" content=\"https:\/\/www.apfelpatient.de\/wp-content\/uploads\/2024\/07\/Apple_MacBook-Pro_14-16-inch_10182021-3-1-2-2.jpg\" \/>\n\t<meta property=\"og:image:width\" content=\"1600\" \/>\n\t<meta property=\"og:image:height\" content=\"1040\" \/>\n\t<meta property=\"og:image:type\" content=\"image\/jpeg\" \/>\n<meta name=\"author\" content=\"Milan\" \/>\n<meta name=\"twitter:card\" content=\"summary_large_image\" \/>\n<meta name=\"twitter:description\" content=\"Die M5 MacBook-Modelle 2025 bieten neue Kompaktkameramodule und technologische Fortschritte. Mehr dazu hier!\" \/>\n<meta name=\"twitter:label1\" content=\"Written by\" \/>\n\t<meta name=\"twitter:data1\" content=\"Milan\" \/>\n\t<meta name=\"twitter:label2\" content=\"Est. reading time\" \/>\n\t<meta name=\"twitter:data2\" content=\"3 minutes\" \/>\n<script type=\"application\/ld+json\" class=\"yoast-schema-graph\">{\"@context\":\"https:\\\/\\\/schema.org\",\"@graph\":[{\"@type\":\"NewsArticle\",\"@id\":\"https:\\\/\\\/www.apfelpatient.de\\\/rumors\\\/m5-macbook-modelle-neues-kompaktkameramodul-an-bord#article\",\"isPartOf\":{\"@id\":\"https:\\\/\\\/www.apfelpatient.de\\\/rumors\\\/m5-macbook-modelle-neues-kompaktkameramodul-an-bord\"},\"author\":{\"@type\":\"Organization\",\"@id\":\"https:\\\/\\\/www.apfelpatient.de\\\/en\\\/#organization\",\"name\":\"Apfelpatient\",\"url\":\"https:\\\/\\\/www.apfelpatient.de\\\/en\\\/\"},\"headline\":\"M5 MacBook-Modelle: Neues Kompaktkameramodul an Bord?\",\"datePublished\":\"2024-07-17T11:35:01+00:00\",\"dateModified\":\"2024-07-17T11:35:02+00:00\",\"mainEntityOfPage\":{\"@id\":\"https:\\\/\\\/www.apfelpatient.de\\\/rumors\\\/m5-macbook-modelle-neues-kompaktkameramodul-an-bord\"},\"wordCount\":411,\"publisher\":{\"@type\":\"Organization\",\"@id\":\"https:\\\/\\\/www.apfelpatient.de\\\/en\\\/#organization\",\"name\":\"Apfelpatient\",\"url\":\"https:\\\/\\\/www.apfelpatient.de\\\/en\\\/\"},\"image\":{\"@id\":\"https:\\\/\\\/www.apfelpatient.de\\\/rumors\\\/m5-macbook-modelle-neues-kompaktkameramodul-an-bord#primaryimage\"},\"thumbnailUrl\":\"https:\\\/\\\/www.apfelpatient.de\\\/wp-content\\\/uploads\\\/2024\\\/07\\\/Apple_MacBook-Pro_14-16-inch_10182021-3-1-2-2.jpg\",\"keywords\":[\"Mac\"],\"articleSection\":\"Rumors\",\"inLanguage\":\"en-US\",\"copyrightYear\":\"2024\",\"copyrightHolder\":{\"@id\":\"https:\\\/\\\/www.apfelpatient.de\\\/en\\\/#organization\"}},{\"@type\":\"WebPage\",\"@id\":\"https:\\\/\\\/www.apfelpatient.de\\\/rumors\\\/m5-macbook-modelle-neues-kompaktkameramodul-an-bord\",\"url\":\"https:\\\/\\\/www.apfelpatient.de\\\/rumors\\\/m5-macbook-modelle-neues-kompaktkameramodul-an-bord\",\"name\":\"M5 MacBook-Modelle: Neues Kompaktkameramodul an Bord? Apfelpatient\",\"isPartOf\":{\"@id\":\"https:\\\/\\\/www.apfelpatient.de\\\/#website\"},\"primaryImageOfPage\":{\"@id\":\"https:\\\/\\\/www.apfelpatient.de\\\/rumors\\\/m5-macbook-modelle-neues-kompaktkameramodul-an-bord#primaryimage\"},\"image\":{\"@id\":\"https:\\\/\\\/www.apfelpatient.de\\\/rumors\\\/m5-macbook-modelle-neues-kompaktkameramodul-an-bord#primaryimage\"},\"thumbnailUrl\":\"https:\\\/\\\/www.apfelpatient.de\\\/wp-content\\\/uploads\\\/2024\\\/07\\\/Apple_MacBook-Pro_14-16-inch_10182021-3-1-2-2.jpg\",\"datePublished\":\"2024-07-17T11:35:01+00:00\",\"dateModified\":\"2024-07-17T11:35:02+00:00\",\"description\":\"Die M5 MacBook-Modelle 2025 bieten neue Kompaktkameramodule und technologische Fortschritte. Mehr dazu hier!\",\"breadcrumb\":{\"@id\":\"https:\\\/\\\/www.apfelpatient.de\\\/rumors\\\/m5-macbook-modelle-neues-kompaktkameramodul-an-bord#breadcrumb\"},\"inLanguage\":\"en-US\",\"potentialAction\":[{\"@type\":\"ReadAction\",\"target\":[\"https:\\\/\\\/www.apfelpatient.de\\\/rumors\\\/m5-macbook-modelle-neues-kompaktkameramodul-an-bord\"]}]},{\"@type\":\"ImageObject\",\"inLanguage\":\"en-US\",\"@id\":\"https:\\\/\\\/www.apfelpatient.de\\\/rumors\\\/m5-macbook-modelle-neues-kompaktkameramodul-an-bord#primaryimage\",\"url\":\"https:\\\/\\\/www.apfelpatient.de\\\/wp-content\\\/uploads\\\/2024\\\/07\\\/Apple_MacBook-Pro_14-16-inch_10182021-3-1-2-2.jpg\",\"contentUrl\":\"https:\\\/\\\/www.apfelpatient.de\\\/wp-content\\\/uploads\\\/2024\\\/07\\\/Apple_MacBook-Pro_14-16-inch_10182021-3-1-2-2.jpg\",\"width\":1600,\"height\":1040,\"caption\":\"Bild: Apple\"},{\"@type\":\"BreadcrumbList\",\"@id\":\"https:\\\/\\\/www.apfelpatient.de\\\/rumors\\\/m5-macbook-modelle-neues-kompaktkameramodul-an-bord#breadcrumb\",\"itemListElement\":[{\"@type\":\"ListItem\",\"position\":1,\"name\":\"Startseite\",\"item\":\"https:\\\/\\\/www.apfelpatient.de\\\/\"},{\"@type\":\"ListItem\",\"position\":2,\"name\":\"M5 MacBook-Modelle: Neues Kompaktkameramodul an Bord?\"}]},{\"@type\":\"WebSite\",\"@id\":\"https:\\\/\\\/www.apfelpatient.de\\\/#website\",\"url\":\"https:\\\/\\\/www.apfelpatient.de\\\/\",\"name\":\"Apfelpatient\",\"description\":\"Alles rund um Apple!\",\"publisher\":{\"@type\":\"Organization\",\"@id\":\"https:\\\/\\\/www.apfelpatient.de\\\/en\\\/#organization\",\"name\":\"Apfelpatient\",\"url\":\"https:\\\/\\\/www.apfelpatient.de\\\/en\\\/\"},\"alternateName\":\"Apfelpatient\",\"potentialAction\":[{\"@type\":\"SearchAction\",\"target\":{\"@type\":\"EntryPoint\",\"urlTemplate\":\"https:\\\/\\\/www.apfelpatient.de\\\/?s={search_term_string}\"},\"query-input\":{\"@type\":\"PropertyValueSpecification\",\"valueRequired\":true,\"valueName\":\"search_term_string\"}}],\"inLanguage\":\"en-US\"},{\"@type\":[\"Person\",\"Organization\"],\"@id\":\"https:\\\/\\\/www.apfelpatient.de\\\/#\\\/schema\\\/person\\\/7dc56ad6c8e9824b76d2c08d4c140e13\",\"name\":\"Milan\",\"logo\":{\"@id\":\"https:\\\/\\\/www.apfelpatient.de\\\/#\\\/schema\\\/person\\\/image\\\/\"},\"description\":\"Hallo und herzlich willkommen auf meinem Technik-Blog! Als gro\u00dfer Apple-Fan berichte ich hier \u00fcber alles, was mit Apple zu tun hat: von den neuesten News und spannenden Ger\u00fcchten \u00fcber hilfreiche Tipps und Tricks bis hin zu ausf\u00fchrlichen Produkttests. Wenn du genauso technikbegeistert bist wie ich, bist du hier genau richtig!\",\"sameAs\":[\"https:\\\/\\\/www.facebook.com\\\/apfelpatientOfficial\",\"https:\\\/\\\/www.linkedin.com\\\/in\\\/milan-jovicic-42aa0231b\"],\"url\":\"https:\\\/\\\/www.apfelpatient.de\\\/en\\\/author\\\/apfeladmin\"}]}<\/script>\n<!-- \/ Yoast SEO Premium plugin. -->","yoast_head_json":{"title":"M5 MacBook models: New compact camera module on board? Apfelpatient","description":"The 2025 M5 MacBook models feature new compact camera modules and technological advancements. Read more here!","robots":{"index":"index","follow":"follow","max-snippet":"max-snippet:-1","max-image-preview":"max-image-preview:large","max-video-preview":"max-video-preview:-1"},"canonical":"https:\/\/www.apfelpatient.de\/en\/rumors\/m5-macbook-models-new-compact-camera-module-on-board","og_locale":"en_US","og_type":"article","og_title":"M5 MacBook-Modelle: Neues Kompaktkameramodul an Bord?","og_description":"Die M5 MacBook-Modelle 2025 bieten neue Kompaktkameramodule und technologische Fortschritte. Mehr dazu hier!","og_url":"https:\/\/www.apfelpatient.de\/en\/rumors\/m5-macbook-models-new-compact-camera-module-on-board","og_site_name":"Apfelpatient","article_publisher":"https:\/\/www.facebook.com\/apfelpatientOfficial","article_author":"https:\/\/www.facebook.com\/apfelpatientOfficial","article_published_time":"2024-07-17T11:35:01+00:00","article_modified_time":"2024-07-17T11:35:02+00:00","og_image":[{"width":1600,"height":1040,"url":"https:\/\/www.apfelpatient.de\/wp-content\/uploads\/2024\/07\/Apple_MacBook-Pro_14-16-inch_10182021-3-1-2-2.jpg","type":"image\/jpeg"}],"author":"Milan","twitter_card":"summary_large_image","twitter_description":"Die M5 MacBook-Modelle 2025 bieten neue Kompaktkameramodule und technologische Fortschritte. Mehr dazu hier!","twitter_misc":{"Written by":"Milan","Est. reading time":"3 minutes"},"schema":{"@context":"https:\/\/schema.org","@graph":[{"@type":"NewsArticle","@id":"https:\/\/www.apfelpatient.de\/rumors\/m5-macbook-modelle-neues-kompaktkameramodul-an-bord#article","isPartOf":{"@id":"https:\/\/www.apfelpatient.de\/rumors\/m5-macbook-modelle-neues-kompaktkameramodul-an-bord"},"author":{"@type":"Organization","@id":"https:\/\/www.apfelpatient.de\/en\/#organization","name":"Apfelpatient","url":"https:\/\/www.apfelpatient.de\/en\/"},"headline":"M5 MacBook-Modelle: Neues Kompaktkameramodul an Bord?","datePublished":"2024-07-17T11:35:01+00:00","dateModified":"2024-07-17T11:35:02+00:00","mainEntityOfPage":{"@id":"https:\/\/www.apfelpatient.de\/rumors\/m5-macbook-modelle-neues-kompaktkameramodul-an-bord"},"wordCount":411,"publisher":{"@type":"Organization","@id":"https:\/\/www.apfelpatient.de\/en\/#organization","name":"Apfelpatient","url":"https:\/\/www.apfelpatient.de\/en\/"},"image":{"@id":"https:\/\/www.apfelpatient.de\/rumors\/m5-macbook-modelle-neues-kompaktkameramodul-an-bord#primaryimage"},"thumbnailUrl":"https:\/\/www.apfelpatient.de\/wp-content\/uploads\/2024\/07\/Apple_MacBook-Pro_14-16-inch_10182021-3-1-2-2.jpg","keywords":["Mac"],"articleSection":"Rumors","inLanguage":"en-US","copyrightYear":"2024","copyrightHolder":{"@id":"https:\/\/www.apfelpatient.de\/en\/#organization"}},{"@type":"WebPage","@id":"https:\/\/www.apfelpatient.de\/rumors\/m5-macbook-modelle-neues-kompaktkameramodul-an-bord","url":"https:\/\/www.apfelpatient.de\/rumors\/m5-macbook-modelle-neues-kompaktkameramodul-an-bord","name":"M5 MacBook models: New compact camera module on board? Apfelpatient","isPartOf":{"@id":"https:\/\/www.apfelpatient.de\/#website"},"primaryImageOfPage":{"@id":"https:\/\/www.apfelpatient.de\/rumors\/m5-macbook-modelle-neues-kompaktkameramodul-an-bord#primaryimage"},"image":{"@id":"https:\/\/www.apfelpatient.de\/rumors\/m5-macbook-modelle-neues-kompaktkameramodul-an-bord#primaryimage"},"thumbnailUrl":"https:\/\/www.apfelpatient.de\/wp-content\/uploads\/2024\/07\/Apple_MacBook-Pro_14-16-inch_10182021-3-1-2-2.jpg","datePublished":"2024-07-17T11:35:01+00:00","dateModified":"2024-07-17T11:35:02+00:00","description":"The 2025 M5 MacBook models feature new compact camera modules and technological advancements. Read more here!","breadcrumb":{"@id":"https:\/\/www.apfelpatient.de\/rumors\/m5-macbook-modelle-neues-kompaktkameramodul-an-bord#breadcrumb"},"inLanguage":"en-US","potentialAction":[{"@type":"ReadAction","target":["https:\/\/www.apfelpatient.de\/rumors\/m5-macbook-modelle-neues-kompaktkameramodul-an-bord"]}]},{"@type":"ImageObject","inLanguage":"en-US","@id":"https:\/\/www.apfelpatient.de\/rumors\/m5-macbook-modelle-neues-kompaktkameramodul-an-bord#primaryimage","url":"https:\/\/www.apfelpatient.de\/wp-content\/uploads\/2024\/07\/Apple_MacBook-Pro_14-16-inch_10182021-3-1-2-2.jpg","contentUrl":"https:\/\/www.apfelpatient.de\/wp-content\/uploads\/2024\/07\/Apple_MacBook-Pro_14-16-inch_10182021-3-1-2-2.jpg","width":1600,"height":1040,"caption":"Bild: Apple"},{"@type":"BreadcrumbList","@id":"https:\/\/www.apfelpatient.de\/rumors\/m5-macbook-modelle-neues-kompaktkameramodul-an-bord#breadcrumb","itemListElement":[{"@type":"ListItem","position":1,"name":"Startseite","item":"https:\/\/www.apfelpatient.de\/"},{"@type":"ListItem","position":2,"name":"M5 MacBook-Modelle: Neues Kompaktkameramodul an Bord?"}]},{"@type":"WebSite","@id":"https:\/\/www.apfelpatient.de\/#website","url":"https:\/\/www.apfelpatient.de\/","name":"apple patient","description":"Everything about Apple!","publisher":{"@type":"Organization","@id":"https:\/\/www.apfelpatient.de\/en\/#organization","name":"Apfelpatient","url":"https:\/\/www.apfelpatient.de\/en\/"},"alternateName":"Apfelpatient","potentialAction":[{"@type":"SearchAction","target":{"@type":"EntryPoint","urlTemplate":"https:\/\/www.apfelpatient.de\/?s={search_term_string}"},"query-input":{"@type":"PropertyValueSpecification","valueRequired":true,"valueName":"search_term_string"}}],"inLanguage":"en-US"},{"@type":["Person","Organization"],"@id":"https:\/\/www.apfelpatient.de\/#\/schema\/person\/7dc56ad6c8e9824b76d2c08d4c140e13","name":"Milan","logo":{"@id":"https:\/\/www.apfelpatient.de\/#\/schema\/person\/image\/"},"description":"Hello and welcome to my technology blog! As a big Apple fan, I report on everything to do with Apple: from the latest news and exciting rumors to helpful tips and tricks and detailed product tests. If you are as enthusiastic about technology as I am, you have come to the right place!","sameAs":["https:\/\/www.facebook.com\/apfelpatientOfficial","https:\/\/www.linkedin.com\/in\/milan-jovicic-42aa0231b"],"url":"https:\/\/www.apfelpatient.de\/en\/author\/apfeladmin"}]}},"_links":{"self":[{"href":"https:\/\/www.apfelpatient.de\/en\/wp-json\/wp\/v2\/posts\/45764","targetHints":{"allow":["GET"]}}],"collection":[{"href":"https:\/\/www.apfelpatient.de\/en\/wp-json\/wp\/v2\/posts"}],"about":[{"href":"https:\/\/www.apfelpatient.de\/en\/wp-json\/wp\/v2\/types\/post"}],"author":[{"embeddable":true,"href":"https:\/\/www.apfelpatient.de\/en\/wp-json\/wp\/v2\/users\/2"}],"replies":[{"embeddable":true,"href":"https:\/\/www.apfelpatient.de\/en\/wp-json\/wp\/v2\/comments?post=45764"}],"version-history":[{"count":0,"href":"https:\/\/www.apfelpatient.de\/en\/wp-json\/wp\/v2\/posts\/45764\/revisions"}],"wp:featuredmedia":[{"embeddable":true,"href":"https:\/\/www.apfelpatient.de\/en\/wp-json\/wp\/v2\/media\/45766"}],"wp:attachment":[{"href":"https:\/\/www.apfelpatient.de\/en\/wp-json\/wp\/v2\/media?parent=45764"}],"wp:term":[{"taxonomy":"category","embeddable":true,"href":"https:\/\/www.apfelpatient.de\/en\/wp-json\/wp\/v2\/categories?post=45764"},{"taxonomy":"post_tag","embeddable":true,"href":"https:\/\/www.apfelpatient.de\/en\/wp-json\/wp\/v2\/tags?post=45764"}],"curies":[{"name":"wp","href":"https:\/\/api.w.org\/{rel}","templated":true}]}}