{"id":4573,"date":"2019-06-03T11:18:29","date_gmt":"2019-06-03T09:18:29","guid":{"rendered":"https:\/\/apfelpatient.de\/?p=4573"},"modified":"2025-02-06T07:18:40","modified_gmt":"2025-02-06T06:18:40","slug":"leak-recording-shows-draft-of-volume-control-under-ios-13","status":"publish","type":"post","link":"https:\/\/www.apfelpatient.de\/en\/news\/leak-aufnahme-zeigt-entwurf-des-lautstaerkenreglers-unter-ios-13","title":{"rendered":"Leak: Recording shows draft of volume control under iOS 13"},"content":{"rendered":"<p><strong>Back in April, it was reported that the design of the volume control could change in iOS 13. Now, an image of an early iOS 13 version has been released that is said to show a design considered by Apple - it is not new.<\/strong><\/p>\n<p>Ben Geskins enjoys a particularly good reputation among Apple leakers. He has already proven himself in the past with photos of unreleased Apple products. Now he has published a picture on Twitter - it is said to show the design of the volume control in iOS 13. According to Geskin, the photo was taken in early March under an earlier version of iOS 13. The build number is (17A3457I). He could not answer whether Apple had selected the design for the final version of iOS 13. The shape is very similar to the currently familiar control from the control center.<\/p>\n<p><strong>Is the volume control positioned on the left instead of the right?<\/strong><\/p>\n<p class=\"p1\"><\/p>\n<p>In direct comparison, however, the new version appears to be smaller. According to a recent report from 9to5mac, Apple has opted for the position on the left side of the notch. The design is also said to be different - the choice between several designs fell on a much smaller version. We will see what form the new display actually takes this evening at the latest. A revision of this was long overdue. Many third-party applications have now developed their own solution that is much more pleasant for users. YouTube, for example, has opted for a thin line above the screen in full-screen mode.<\/p>\n<p>WWDC starts at 7 p.m. CET. Apple is expected to present iOS 13 and macOS 10.15 as well as tvOS 13 and watchOS 6. Here you can find a complete <a href=\"https:\/\/www.apfelpatient.de\/en\">Summary<\/a> of everything that might await us tonight. <em>(Photo by Unsplash)<\/em><\/p>\n<h6><a href=\"https:\/\/t.me\/apfelpatient_official\"><em><strong>Don&#039;t want to miss any more news? Then subscribe to our Telegram channel here<\/strong><\/em><\/a><\/h6>\n<figure id=\"attachment_4574\" aria-describedby=\"caption-attachment-4574\" style=\"width: 768px\" class=\"wp-caption aligncenter\"><img decoding=\"async\" class=\"size-full wp-image-4574\" src=\"https:\/\/www.apfelpatient.de\/wp-content\/uploads\/2019\/06\/IMG_8630.jpg\" alt=\"\" width=\"768\" height=\"1024\" \/><figcaption id=\"caption-attachment-4574\" class=\"wp-caption-text\">Image: Ben Geskin<\/figcaption><\/figure>","protected":false},"excerpt":{"rendered":"<p>Bereits im April wurde berichtet, dass sich das Design des Lautst\u00e4rkenreglers unter iOS 13 \u00e4ndern k\u00f6nnte. Nun ist ein Bild einer fr\u00fchen iOS 13 Version ver\u00f6ffentlicht worden, das ein von Apple in Betracht gezogenes Design zeigen soll &#8211; es ist nicht neu. Ben Geskins genie\u00dft unter den Apple Leakern einen besonders guten Ruf. Er konnte [&hellip;]<\/p>\n","protected":false},"author":2,"featured_media":4576,"comment_status":"open","ping_status":"open","sticky":false,"template":"","format":"standard","meta":{"jnews-multi-image_gallery":[],"jnews_single_post":[],"jnews_primary_category":[],"footnotes":""},"categories":[9],"tags":[3,199,273],"class_list":["post-4573","post","type-post","status-publish","format-standard","has-post-thumbnail","hentry","category-news","tag-ios","tag-ios-13","tag-wwdc-2019"],"yoast_head":"<!-- This site is optimized with the Yoast SEO Premium plugin v27.5 (Yoast SEO v27.5) - https:\/\/yoast.com\/product\/yoast-seo-premium-wordpress\/ -->\n<title>Leak: Aufnahme zeigt Entwurf des Lautst\u00e4rkenreglers unter iOS 13 Apfelpatient<\/title>\n<meta name=\"description\" content=\"- Bereits im April wurde berichtet, dass sich das Design des Lautst\u00e4rkenreglers unter iOS 13 \u00e4ndern k\u00f6nnte. Nun ist ein Bild einer fr\u00fchen iOS 13 Version ver\u00f6ffentlicht worden, das ein von Apple in Betracht gezogenes Design zeigen soll - es ist nicht neu.\" \/>\n<meta name=\"robots\" content=\"index, follow, max-snippet:-1, max-image-preview:large, max-video-preview:-1\" \/>\n<link rel=\"canonical\" href=\"https:\/\/www.apfelpatient.de\/en\/news\/leak-recording-shows-draft-of-volume-control-under-ios-13\" \/>\n<meta property=\"og:locale\" content=\"en_US\" \/>\n<meta property=\"og:type\" content=\"article\" \/>\n<meta property=\"og:title\" content=\"Leak: Aufnahme zeigt Entwurf des Lautst\u00e4rkenreglers unter iOS 13\" \/>\n<meta property=\"og:description\" content=\"- Bereits im April wurde berichtet, dass sich das Design des Lautst\u00e4rkenreglers unter iOS 13 \u00e4ndern k\u00f6nnte. Nun ist ein Bild einer fr\u00fchen iOS 13 Version ver\u00f6ffentlicht worden, das ein von Apple in Betracht gezogenes Design zeigen soll - es ist nicht neu.\" \/>\n<meta property=\"og:url\" content=\"https:\/\/www.apfelpatient.de\/en\/news\/leak-recording-shows-draft-of-volume-control-under-ios-13\" \/>\n<meta property=\"og:site_name\" content=\"Apfelpatient\" \/>\n<meta property=\"article:publisher\" content=\"https:\/\/www.facebook.com\/apfelpatientOfficial\" \/>\n<meta property=\"article:author\" content=\"https:\/\/www.facebook.com\/apfelpatientOfficial\" \/>\n<meta property=\"article:published_time\" content=\"2019-06-03T09:18:29+00:00\" \/>\n<meta property=\"article:modified_time\" content=\"2025-02-06T06:18:40+00:00\" \/>\n<meta property=\"og:image\" content=\"https:\/\/www.apfelpatient.de\/wp-content\/uploads\/2019\/06\/ron-mcclenny-692810-unsplash.jpg\" \/>\n\t<meta property=\"og:image:width\" content=\"7952\" \/>\n\t<meta property=\"og:image:height\" content=\"5304\" \/>\n\t<meta property=\"og:image:type\" content=\"image\/jpeg\" \/>\n<meta name=\"author\" content=\"Milan\" \/>\n<meta name=\"twitter:card\" content=\"summary_large_image\" \/>\n<meta name=\"twitter:label1\" content=\"Written by\" \/>\n\t<meta name=\"twitter:data1\" content=\"Milan\" \/>\n\t<meta name=\"twitter:label2\" content=\"Est. reading time\" \/>\n\t<meta name=\"twitter:data2\" content=\"2 minutes\" \/>\n<script type=\"application\/ld+json\" class=\"yoast-schema-graph\">{\"@context\":\"https:\\\/\\\/schema.org\",\"@graph\":[{\"@type\":\"NewsArticle\",\"@id\":\"https:\\\/\\\/www.apfelpatient.de\\\/news\\\/leak-aufnahme-zeigt-entwurf-des-lautstaerkenreglers-unter-ios-13#article\",\"isPartOf\":{\"@id\":\"https:\\\/\\\/www.apfelpatient.de\\\/news\\\/leak-aufnahme-zeigt-entwurf-des-lautstaerkenreglers-unter-ios-13\"},\"author\":{\"@type\":\"Organization\",\"@id\":\"https:\\\/\\\/www.apfelpatient.de\\\/en\\\/#organization\",\"name\":\"Apfelpatient\",\"url\":\"https:\\\/\\\/www.apfelpatient.de\\\/en\\\/\"},\"headline\":\"Leak: Aufnahme zeigt Entwurf des Lautst\u00e4rkenreglers unter iOS 13\",\"datePublished\":\"2019-06-03T09:18:29+00:00\",\"dateModified\":\"2025-02-06T06:18:40+00:00\",\"mainEntityOfPage\":{\"@id\":\"https:\\\/\\\/www.apfelpatient.de\\\/news\\\/leak-aufnahme-zeigt-entwurf-des-lautstaerkenreglers-unter-ios-13\"},\"wordCount\":330,\"commentCount\":0,\"publisher\":{\"@type\":\"Organization\",\"@id\":\"https:\\\/\\\/www.apfelpatient.de\\\/en\\\/#organization\",\"name\":\"Apfelpatient\",\"url\":\"https:\\\/\\\/www.apfelpatient.de\\\/en\\\/\"},\"image\":{\"@id\":\"https:\\\/\\\/www.apfelpatient.de\\\/news\\\/leak-aufnahme-zeigt-entwurf-des-lautstaerkenreglers-unter-ios-13#primaryimage\"},\"thumbnailUrl\":\"https:\\\/\\\/www.apfelpatient.de\\\/wp-content\\\/uploads\\\/2019\\\/06\\\/ron-mcclenny-692810-unsplash.jpg\",\"keywords\":[\"iOS\",\"iOS 13\",\"WWDC 2019\"],\"articleSection\":\"News\",\"inLanguage\":\"en-US\",\"potentialAction\":[{\"@type\":\"CommentAction\",\"name\":\"Comment\",\"target\":[\"https:\\\/\\\/www.apfelpatient.de\\\/news\\\/leak-aufnahme-zeigt-entwurf-des-lautstaerkenreglers-unter-ios-13#respond\"]}],\"copyrightYear\":\"2019\",\"copyrightHolder\":{\"@id\":\"https:\\\/\\\/www.apfelpatient.de\\\/en\\\/#organization\"}},{\"@type\":\"WebPage\",\"@id\":\"https:\\\/\\\/www.apfelpatient.de\\\/news\\\/leak-aufnahme-zeigt-entwurf-des-lautstaerkenreglers-unter-ios-13\",\"url\":\"https:\\\/\\\/www.apfelpatient.de\\\/news\\\/leak-aufnahme-zeigt-entwurf-des-lautstaerkenreglers-unter-ios-13\",\"name\":\"Leak: Aufnahme zeigt Entwurf des Lautst\u00e4rkenreglers unter iOS 13 Apfelpatient\",\"isPartOf\":{\"@id\":\"https:\\\/\\\/www.apfelpatient.de\\\/#website\"},\"primaryImageOfPage\":{\"@id\":\"https:\\\/\\\/www.apfelpatient.de\\\/news\\\/leak-aufnahme-zeigt-entwurf-des-lautstaerkenreglers-unter-ios-13#primaryimage\"},\"image\":{\"@id\":\"https:\\\/\\\/www.apfelpatient.de\\\/news\\\/leak-aufnahme-zeigt-entwurf-des-lautstaerkenreglers-unter-ios-13#primaryimage\"},\"thumbnailUrl\":\"https:\\\/\\\/www.apfelpatient.de\\\/wp-content\\\/uploads\\\/2019\\\/06\\\/ron-mcclenny-692810-unsplash.jpg\",\"datePublished\":\"2019-06-03T09:18:29+00:00\",\"dateModified\":\"2025-02-06T06:18:40+00:00\",\"description\":\"- Bereits im April wurde berichtet, dass sich das Design des Lautst\u00e4rkenreglers unter iOS 13 \u00e4ndern k\u00f6nnte. Nun ist ein Bild einer fr\u00fchen iOS 13 Version ver\u00f6ffentlicht worden, das ein von Apple in Betracht gezogenes Design zeigen soll - es ist nicht neu.\",\"breadcrumb\":{\"@id\":\"https:\\\/\\\/www.apfelpatient.de\\\/news\\\/leak-aufnahme-zeigt-entwurf-des-lautstaerkenreglers-unter-ios-13#breadcrumb\"},\"inLanguage\":\"en-US\",\"potentialAction\":[{\"@type\":\"ReadAction\",\"target\":[\"https:\\\/\\\/www.apfelpatient.de\\\/news\\\/leak-aufnahme-zeigt-entwurf-des-lautstaerkenreglers-unter-ios-13\"]}]},{\"@type\":\"ImageObject\",\"inLanguage\":\"en-US\",\"@id\":\"https:\\\/\\\/www.apfelpatient.de\\\/news\\\/leak-aufnahme-zeigt-entwurf-des-lautstaerkenreglers-unter-ios-13#primaryimage\",\"url\":\"https:\\\/\\\/www.apfelpatient.de\\\/wp-content\\\/uploads\\\/2019\\\/06\\\/ron-mcclenny-692810-unsplash.jpg\",\"contentUrl\":\"https:\\\/\\\/www.apfelpatient.de\\\/wp-content\\\/uploads\\\/2019\\\/06\\\/ron-mcclenny-692810-unsplash.jpg\",\"width\":7952,\"height\":5304,\"caption\":\"Photo by Unsplash\"},{\"@type\":\"BreadcrumbList\",\"@id\":\"https:\\\/\\\/www.apfelpatient.de\\\/news\\\/leak-aufnahme-zeigt-entwurf-des-lautstaerkenreglers-unter-ios-13#breadcrumb\",\"itemListElement\":[{\"@type\":\"ListItem\",\"position\":1,\"name\":\"Startseite\",\"item\":\"https:\\\/\\\/www.apfelpatient.de\\\/\"},{\"@type\":\"ListItem\",\"position\":2,\"name\":\"Leak: Aufnahme zeigt Entwurf des Lautst\u00e4rkenreglers unter iOS 13\"}]},{\"@type\":\"WebSite\",\"@id\":\"https:\\\/\\\/www.apfelpatient.de\\\/#website\",\"url\":\"https:\\\/\\\/www.apfelpatient.de\\\/\",\"name\":\"Apfelpatient\",\"description\":\"Alles rund um Apple!\",\"publisher\":{\"@type\":\"Organization\",\"@id\":\"https:\\\/\\\/www.apfelpatient.de\\\/en\\\/#organization\",\"name\":\"Apfelpatient\",\"url\":\"https:\\\/\\\/www.apfelpatient.de\\\/en\\\/\"},\"alternateName\":\"Apfelpatient\",\"potentialAction\":[{\"@type\":\"SearchAction\",\"target\":{\"@type\":\"EntryPoint\",\"urlTemplate\":\"https:\\\/\\\/www.apfelpatient.de\\\/?s={search_term_string}\"},\"query-input\":{\"@type\":\"PropertyValueSpecification\",\"valueRequired\":true,\"valueName\":\"search_term_string\"}}],\"inLanguage\":\"en-US\"},{\"@type\":[\"Person\",\"Organization\"],\"@id\":\"https:\\\/\\\/www.apfelpatient.de\\\/#\\\/schema\\\/person\\\/7dc56ad6c8e9824b76d2c08d4c140e13\",\"name\":\"Milan\",\"logo\":{\"@id\":\"https:\\\/\\\/www.apfelpatient.de\\\/#\\\/schema\\\/person\\\/image\\\/\"},\"description\":\"Hallo und herzlich willkommen auf meinem Technik-Blog! Als gro\u00dfer Apple-Fan berichte ich hier \u00fcber alles, was mit Apple zu tun hat: von den neuesten News und spannenden Ger\u00fcchten \u00fcber hilfreiche Tipps und Tricks bis hin zu ausf\u00fchrlichen Produkttests. Wenn du genauso technikbegeistert bist wie ich, bist du hier genau richtig!\",\"sameAs\":[\"https:\\\/\\\/www.facebook.com\\\/apfelpatientOfficial\",\"https:\\\/\\\/www.linkedin.com\\\/in\\\/milan-jovicic-42aa0231b\"],\"url\":\"https:\\\/\\\/www.apfelpatient.de\\\/en\\\/author\\\/apfeladmin\"}]}<\/script>\n<!-- \/ Yoast SEO Premium plugin. -->","yoast_head_json":{"title":"Leak: Recording shows draft of volume control under iOS 13 Apfelpatient","description":"- Back in April, it was reported that the design of the volume control could change in iOS 13. Now, an image of an early iOS 13 version has been released that is said to show a design considered by Apple - it is not new.","robots":{"index":"index","follow":"follow","max-snippet":"max-snippet:-1","max-image-preview":"max-image-preview:large","max-video-preview":"max-video-preview:-1"},"canonical":"https:\/\/www.apfelpatient.de\/en\/news\/leak-recording-shows-draft-of-volume-control-under-ios-13","og_locale":"en_US","og_type":"article","og_title":"Leak: Aufnahme zeigt Entwurf des Lautst\u00e4rkenreglers unter iOS 13","og_description":"- Bereits im April wurde berichtet, dass sich das Design des Lautst\u00e4rkenreglers unter iOS 13 \u00e4ndern k\u00f6nnte. Nun ist ein Bild einer fr\u00fchen iOS 13 Version ver\u00f6ffentlicht worden, das ein von Apple in Betracht gezogenes Design zeigen soll - es ist nicht neu.","og_url":"https:\/\/www.apfelpatient.de\/en\/news\/leak-recording-shows-draft-of-volume-control-under-ios-13","og_site_name":"Apfelpatient","article_publisher":"https:\/\/www.facebook.com\/apfelpatientOfficial","article_author":"https:\/\/www.facebook.com\/apfelpatientOfficial","article_published_time":"2019-06-03T09:18:29+00:00","article_modified_time":"2025-02-06T06:18:40+00:00","og_image":[{"width":7952,"height":5304,"url":"https:\/\/www.apfelpatient.de\/wp-content\/uploads\/2019\/06\/ron-mcclenny-692810-unsplash.jpg","type":"image\/jpeg"}],"author":"Milan","twitter_card":"summary_large_image","twitter_misc":{"Written by":"Milan","Est. reading time":"2 minutes"},"schema":{"@context":"https:\/\/schema.org","@graph":[{"@type":"NewsArticle","@id":"https:\/\/www.apfelpatient.de\/news\/leak-aufnahme-zeigt-entwurf-des-lautstaerkenreglers-unter-ios-13#article","isPartOf":{"@id":"https:\/\/www.apfelpatient.de\/news\/leak-aufnahme-zeigt-entwurf-des-lautstaerkenreglers-unter-ios-13"},"author":{"@type":"Organization","@id":"https:\/\/www.apfelpatient.de\/en\/#organization","name":"Apfelpatient","url":"https:\/\/www.apfelpatient.de\/en\/"},"headline":"Leak: Aufnahme zeigt Entwurf des Lautst\u00e4rkenreglers unter iOS 13","datePublished":"2019-06-03T09:18:29+00:00","dateModified":"2025-02-06T06:18:40+00:00","mainEntityOfPage":{"@id":"https:\/\/www.apfelpatient.de\/news\/leak-aufnahme-zeigt-entwurf-des-lautstaerkenreglers-unter-ios-13"},"wordCount":330,"commentCount":0,"publisher":{"@type":"Organization","@id":"https:\/\/www.apfelpatient.de\/en\/#organization","name":"Apfelpatient","url":"https:\/\/www.apfelpatient.de\/en\/"},"image":{"@id":"https:\/\/www.apfelpatient.de\/news\/leak-aufnahme-zeigt-entwurf-des-lautstaerkenreglers-unter-ios-13#primaryimage"},"thumbnailUrl":"https:\/\/www.apfelpatient.de\/wp-content\/uploads\/2019\/06\/ron-mcclenny-692810-unsplash.jpg","keywords":["iOS","iOS 13","WWDC 2019"],"articleSection":"News","inLanguage":"en-US","potentialAction":[{"@type":"CommentAction","name":"Comment","target":["https:\/\/www.apfelpatient.de\/news\/leak-aufnahme-zeigt-entwurf-des-lautstaerkenreglers-unter-ios-13#respond"]}],"copyrightYear":"2019","copyrightHolder":{"@id":"https:\/\/www.apfelpatient.de\/en\/#organization"}},{"@type":"WebPage","@id":"https:\/\/www.apfelpatient.de\/news\/leak-aufnahme-zeigt-entwurf-des-lautstaerkenreglers-unter-ios-13","url":"https:\/\/www.apfelpatient.de\/news\/leak-aufnahme-zeigt-entwurf-des-lautstaerkenreglers-unter-ios-13","name":"Leak: Recording shows draft of volume control under iOS 13 Apfelpatient","isPartOf":{"@id":"https:\/\/www.apfelpatient.de\/#website"},"primaryImageOfPage":{"@id":"https:\/\/www.apfelpatient.de\/news\/leak-aufnahme-zeigt-entwurf-des-lautstaerkenreglers-unter-ios-13#primaryimage"},"image":{"@id":"https:\/\/www.apfelpatient.de\/news\/leak-aufnahme-zeigt-entwurf-des-lautstaerkenreglers-unter-ios-13#primaryimage"},"thumbnailUrl":"https:\/\/www.apfelpatient.de\/wp-content\/uploads\/2019\/06\/ron-mcclenny-692810-unsplash.jpg","datePublished":"2019-06-03T09:18:29+00:00","dateModified":"2025-02-06T06:18:40+00:00","description":"- Back in April, it was reported that the design of the volume control could change in iOS 13. Now, an image of an early iOS 13 version has been released that is said to show a design considered by Apple - it is not new.","breadcrumb":{"@id":"https:\/\/www.apfelpatient.de\/news\/leak-aufnahme-zeigt-entwurf-des-lautstaerkenreglers-unter-ios-13#breadcrumb"},"inLanguage":"en-US","potentialAction":[{"@type":"ReadAction","target":["https:\/\/www.apfelpatient.de\/news\/leak-aufnahme-zeigt-entwurf-des-lautstaerkenreglers-unter-ios-13"]}]},{"@type":"ImageObject","inLanguage":"en-US","@id":"https:\/\/www.apfelpatient.de\/news\/leak-aufnahme-zeigt-entwurf-des-lautstaerkenreglers-unter-ios-13#primaryimage","url":"https:\/\/www.apfelpatient.de\/wp-content\/uploads\/2019\/06\/ron-mcclenny-692810-unsplash.jpg","contentUrl":"https:\/\/www.apfelpatient.de\/wp-content\/uploads\/2019\/06\/ron-mcclenny-692810-unsplash.jpg","width":7952,"height":5304,"caption":"Photo by Unsplash"},{"@type":"BreadcrumbList","@id":"https:\/\/www.apfelpatient.de\/news\/leak-aufnahme-zeigt-entwurf-des-lautstaerkenreglers-unter-ios-13#breadcrumb","itemListElement":[{"@type":"ListItem","position":1,"name":"Startseite","item":"https:\/\/www.apfelpatient.de\/"},{"@type":"ListItem","position":2,"name":"Leak: Aufnahme zeigt Entwurf des Lautst\u00e4rkenreglers unter iOS 13"}]},{"@type":"WebSite","@id":"https:\/\/www.apfelpatient.de\/#website","url":"https:\/\/www.apfelpatient.de\/","name":"apple patient","description":"Everything about Apple!","publisher":{"@type":"Organization","@id":"https:\/\/www.apfelpatient.de\/en\/#organization","name":"Apfelpatient","url":"https:\/\/www.apfelpatient.de\/en\/"},"alternateName":"Apfelpatient","potentialAction":[{"@type":"SearchAction","target":{"@type":"EntryPoint","urlTemplate":"https:\/\/www.apfelpatient.de\/?s={search_term_string}"},"query-input":{"@type":"PropertyValueSpecification","valueRequired":true,"valueName":"search_term_string"}}],"inLanguage":"en-US"},{"@type":["Person","Organization"],"@id":"https:\/\/www.apfelpatient.de\/#\/schema\/person\/7dc56ad6c8e9824b76d2c08d4c140e13","name":"Milan","logo":{"@id":"https:\/\/www.apfelpatient.de\/#\/schema\/person\/image\/"},"description":"Hello and welcome to my technology blog! As a big Apple fan, I report on everything to do with Apple: from the latest news and exciting rumors to helpful tips and tricks and detailed product tests. If you are as enthusiastic about technology as I am, you have come to the right place!","sameAs":["https:\/\/www.facebook.com\/apfelpatientOfficial","https:\/\/www.linkedin.com\/in\/milan-jovicic-42aa0231b"],"url":"https:\/\/www.apfelpatient.de\/en\/author\/apfeladmin"}]}},"_links":{"self":[{"href":"https:\/\/www.apfelpatient.de\/en\/wp-json\/wp\/v2\/posts\/4573","targetHints":{"allow":["GET"]}}],"collection":[{"href":"https:\/\/www.apfelpatient.de\/en\/wp-json\/wp\/v2\/posts"}],"about":[{"href":"https:\/\/www.apfelpatient.de\/en\/wp-json\/wp\/v2\/types\/post"}],"author":[{"embeddable":true,"href":"https:\/\/www.apfelpatient.de\/en\/wp-json\/wp\/v2\/users\/2"}],"replies":[{"embeddable":true,"href":"https:\/\/www.apfelpatient.de\/en\/wp-json\/wp\/v2\/comments?post=4573"}],"version-history":[{"count":0,"href":"https:\/\/www.apfelpatient.de\/en\/wp-json\/wp\/v2\/posts\/4573\/revisions"}],"wp:featuredmedia":[{"embeddable":true,"href":"https:\/\/www.apfelpatient.de\/en\/wp-json\/wp\/v2\/media\/4576"}],"wp:attachment":[{"href":"https:\/\/www.apfelpatient.de\/en\/wp-json\/wp\/v2\/media?parent=4573"}],"wp:term":[{"taxonomy":"category","embeddable":true,"href":"https:\/\/www.apfelpatient.de\/en\/wp-json\/wp\/v2\/categories?post=4573"},{"taxonomy":"post_tag","embeddable":true,"href":"https:\/\/www.apfelpatient.de\/en\/wp-json\/wp\/v2\/tags?post=4573"}],"curies":[{"name":"wp","href":"https:\/\/api.w.org\/{rel}","templated":true}]}}