{"id":45707,"date":"2024-07-15T15:55:42","date_gmt":"2024-07-15T13:55:42","guid":{"rendered":"https:\/\/www.apfelpatient.de\/?p=45707"},"modified":"2024-07-15T15:55:43","modified_gmt":"2024-07-15T13:55:43","slug":"new-color-option-apple-unveils-homepod-mini-in-midnight","status":"publish","type":"post","link":"https:\/\/www.apfelpatient.de\/en\/news\/neue-farboption-apple-enthuellt-homepod-mini-in-mitternacht","title":{"rendered":"New color option: Apple unveils HomePod mini in midnight"},"content":{"rendered":"<p class=\"has-drop-cap\"><strong>Today, Apple made a surprise announcement about the HomePod mini in midnight blue, a small smart speaker that combines design, sustainability and advanced technology. With an impressive height of just 8.38 cm, the HomePod mini delivers room-filling sound and fits into any room thanks to its seamless, acoustically transparent mesh. The HomePod mini in midnight blue will be available from July 17 and joins the existing colors of yellow, orange, blue and white.<\/strong><\/p>\n\n\n\n<p>HomePod mini is more than just a speaker. It&#039;s the heart of your smart home, bringing music, entertainment, and smart features to every room.<\/p>\n\n\n\n<h4 class=\"wp-block-heading\" id=\"h-technische-spezifikationen\">Technical specifications<\/h4>\n\n\n\n<p>HomePod mini in midnight blue is made from 100 percent recycled mesh, making it not only eco-friendly but stylish too. At just 3.35 inches tall and featuring an edge-to-edge illuminated touch surface, it offers a sleek design that fits into any decor. Despite its compact size, HomePod mini delivers impressive sound that fills any room.<\/p>\n\n\n\n<figure class=\"wp-block-image size-large\"><img decoding=\"async\" width=\"1024\" height=\"683\" src=\"https:\/\/www.apfelpatient.de\/wp-content\/uploads\/2024\/07\/Unbenannt-13-1024x683.png\" alt=\"HomePod mini midnight\" class=\"wp-image-45706\" srcset=\"https:\/\/www.apfelpatient.de\/wp-content\/uploads\/2024\/07\/Unbenannt-13-1024x683.png 1024w, https:\/\/www.apfelpatient.de\/wp-content\/uploads\/2024\/07\/Unbenannt-13-300x200.png 300w, https:\/\/www.apfelpatient.de\/wp-content\/uploads\/2024\/07\/Unbenannt-13-768x512.png 768w, https:\/\/www.apfelpatient.de\/wp-content\/uploads\/2024\/07\/Unbenannt-13-1536x1024.png 1536w, https:\/\/www.apfelpatient.de\/wp-content\/uploads\/2024\/07\/Unbenannt-13-750x500.png 750w, https:\/\/www.apfelpatient.de\/wp-content\/uploads\/2024\/07\/Unbenannt-13-1140x760.png 1140w, https:\/\/www.apfelpatient.de\/wp-content\/uploads\/2024\/07\/Unbenannt-13.png 1600w\" sizes=\"(max-width: 1024px) 100vw, 1024px\" \/><figcaption class=\"wp-element-caption\">Image: Apple<\/figcaption><\/figure>\n\n\n\n<h4 class=\"wp-block-heading\" id=\"h-klangqualitat\">sound quality<\/h4>\n\n\n\n<p>With Apple Music, you have access to a catalog of over 100 million songs. HomePod mini can be used individually, as a stereo pair, or in a multi-room setup to create a seamless sound experience in your home. The sound is powerful and clear, and intelligent audio processing ensures that every song sounds its best.<\/p>\n\n\n\n<h4 class=\"wp-block-heading\" id=\"h-smart-home-integration\">Smart Home Integration<\/h4>\n\n\n\n<p>HomePod mini goes beyond just playing music and offers numerous smart home features. With Siri, you can control your smart home, create automations, and receive notifications when a smoke or carbon monoxide detector goes off. You can also check the temperature and humidity in a room and send an announcement throughout the house via the intercom.<\/p>\n\n\n\n<h4 class=\"wp-block-heading\" id=\"h-heimkinoerlebnis\">home theater experience<\/h4>\n\n\n\n<p>Another advantage of the HomePod mini is its ability to create an immersive home cinema experience. In combination with Apple TV 4K, you can use the speaker to enjoy films and series with impressive sound. This makes every movie night a special experience.<\/p>\n\n\n\n<h4 class=\"wp-block-heading\" id=\"h-verfugbarkeit-und-preis\">Availability and price<\/h4>\n\n\n\n<p>The HomePod mini in midnight blue is now available <a href=\"https:\/\/www.apple.com\/de\/shop\/buy-homepod\/homepod-mini\" target=\"_blank\" rel=\"noreferrer noopener\">for 109 euros<\/a> It can be ordered on apple.com and through the Apple Store app. It will be available in Apple Stores in the US, Canada, China, Singapore, Germany, and 27 other countries and regions starting July 17. It will also be available through Apple Authorized Resellers and select wireless carriers. Prices may vary by retailer.<\/p>\n\n\n\n<figure class=\"wp-block-image size-large\"><img decoding=\"async\" width=\"1024\" height=\"683\" src=\"https:\/\/www.apfelpatient.de\/wp-content\/uploads\/2024\/07\/Unbenannt-11-1024x683.png\" alt=\"HomePod mini midnight\" class=\"wp-image-45704\" srcset=\"https:\/\/www.apfelpatient.de\/wp-content\/uploads\/2024\/07\/Unbenannt-11-1024x683.png 1024w, https:\/\/www.apfelpatient.de\/wp-content\/uploads\/2024\/07\/Unbenannt-11-300x200.png 300w, https:\/\/www.apfelpatient.de\/wp-content\/uploads\/2024\/07\/Unbenannt-11-768x512.png 768w, https:\/\/www.apfelpatient.de\/wp-content\/uploads\/2024\/07\/Unbenannt-11-1536x1024.png 1536w, https:\/\/www.apfelpatient.de\/wp-content\/uploads\/2024\/07\/Unbenannt-11-750x500.png 750w, https:\/\/www.apfelpatient.de\/wp-content\/uploads\/2024\/07\/Unbenannt-11-1140x760.png 1140w, https:\/\/www.apfelpatient.de\/wp-content\/uploads\/2024\/07\/Unbenannt-11.png 1600w\" sizes=\"(max-width: 1024px) 100vw, 1024px\" \/><figcaption class=\"wp-element-caption\">Image: Apple<\/figcaption><\/figure>\n\n\n\n<h3 class=\"wp-block-heading\" id=\"h-mehr-als-nur-ein-lautsprecher-der-homepod-mini-in-mitternacht\">More than just a speaker: The HomePod mini in midnight<\/h3>\n\n\n\n<p>The new HomePod mini in midnight blue is <a href=\"https:\/\/www.apple.com\/newsroom\/2024\/07\/apple-introduces-homepod-mini-in-midnight\/\" target=\"_blank\" rel=\"noreferrer noopener\">the perfect addition<\/a> for every home. It combines stylish design, outstanding sound quality and intelligent functions that make your daily life easier. Whether you love music, want to control your smart home or are looking for an impressive home cinema experience - the HomePod mini offers all this and more. Order it today and experience the future of intelligent living. (Image: Apple)<\/p>\n\n\n\n<ul class=\"wp-block-list\">\n<li><a href=\"https:\/\/www.apfelpatient.de\/en\/news\/tvos-18-beta-hints-at-homepod-with-display\">tvOS 18 Beta: Hints at HomePod with display<\/a><\/li>\n<\/ul>\n\n\n\n<h6 class=\"wp-block-heading translation-block\" id=\"h-kennt-ihr-schon-unsere-amazon-storefront-dort-findet-ihr-eine-handverlesene-auswahl-von-diversen-produkten-f-r-euer-iphone-und-co-viel-spa-beim-st-bern\"><em>Have you already visited our Amazon Storefront? There you&#039;ll find a hand-picked selection of various products for your iPhone and other devices \u2013 <span class=\"has-inline-color has-vivid-red-color\"><a href=\"https:\/\/www.amazon.de\/shop\/apfelpatientofficial\" class=\"ek-link\" data-wpel-link=\"exclude\" rel=\"follow noopener\" target=\"_self\"><span style=\"text-decoration: underline\" class=\"ek-underline\">enjoy browsing<\/span><\/a> !<\/span><\/em><\/h6>\n\n\n\n<h6 class=\"wp-block-heading translation-block\" id=\"h-der-beitrag-enthalt-partnerlinks\">This post contains <a data-type=\"URL\" data-id=\"https:\/\/www.apfelpatient.de\/partnerprogramm\" href=\"https:\/\/www.apfelpatient.de\/en\/partner-program\" data-wpel-link=\"internal\" target=\"_self\">affiliate links<\/a>.<\/h6>","protected":false},"excerpt":{"rendered":"<p>HomePod mini in midnight: Small speaker, big sound. Available from July 17th. Perfect for music lovers and smart home fans.<\/p>","protected":false},"author":2,"featured_media":45705,"comment_status":"closed","ping_status":"closed","sticky":false,"template":"","format":"standard","meta":{"jnews-multi-image_gallery":[],"jnews_single_post":{"subtitle":"","format":"standard","video":"","gallery":"","source_name":"","source_url":"","via_name":"","via_url":"","override_template":"0","override":[{"template":"4","single_blog_custom":"","parallax":"1","fullscreen":"1","layout":"right-sidebar","sidebar":"default-sidebar","second_sidebar":"default-sidebar","sticky_sidebar":"1","share_position":"top","share_float_style":"share-monocrhome","show_share_counter":"0","show_view_counter":"0","show_featured":"1","show_post_meta":"1","show_post_author":"1","show_post_author_image":"1","show_post_date":"1","post_date_format":"default","post_date_format_custom":"Y\/m\/d","show_post_category":"1","show_post_reading_time":"0","post_reading_time_wpm":"300","post_calculate_word_method":"str_word_count","show_zoom_button":"0","zoom_button_out_step":"2","zoom_button_in_step":"3","show_post_tag":"1","show_prev_next_post":"1","show_popup_post":"1","number_popup_post":"1","show_author_box":"0","show_post_related":"0","show_inline_post_related":"0"}],"override_image_size":"0","image_override":[{"single_post_thumbnail_size":"crop-500","single_post_gallery_size":"crop-500"}],"trending_post":"0","trending_post_position":"meta","trending_post_label":"Trending","sponsored_post":"0","sponsored_post_label":"Sponsored by","sponsored_post_name":"","sponsored_post_url":"","sponsored_post_logo_enable":"0","sponsored_post_logo":"","sponsored_post_desc":"","disable_ad":"0"},"jnews_primary_category":{"id":"9","hide":""},"footnotes":""},"categories":[9],"tags":[85,535],"class_list":["post-45707","post","type-post","status-publish","format-standard","has-post-thumbnail","hentry","category-news","tag-homepod","tag-homepod-mini"],"yoast_head":"<!-- This site is optimized with the Yoast SEO Premium plugin v27.5 (Yoast SEO v27.5) - https:\/\/yoast.com\/product\/yoast-seo-premium-wordpress\/ -->\n<title>Neue Farboption: Apple enth\u00fcllt HomePod mini in Mitternacht Apfelpatient<\/title>\n<meta name=\"description\" content=\"HomePod mini in Mitternacht: Kleiner Lautsprecher, gro\u00dfer Sound. Ab 17. Juli erh\u00e4ltlich. Perfekt f\u00fcr Musikliebhaber und Smart Home Fans.\" \/>\n<meta name=\"robots\" content=\"index, follow, max-snippet:-1, max-image-preview:large, max-video-preview:-1\" \/>\n<link rel=\"canonical\" href=\"https:\/\/www.apfelpatient.de\/en\/news\/new-color-option-apple-unveils-homepod-mini-in-midnight\" \/>\n<meta property=\"og:locale\" content=\"en_US\" \/>\n<meta property=\"og:type\" content=\"article\" \/>\n<meta property=\"og:title\" content=\"Neue Farboption: Apple enth\u00fcllt HomePod mini in Mitternacht\" \/>\n<meta property=\"og:description\" content=\"HomePod mini in Mitternacht: Kleiner Lautsprecher, gro\u00dfer Sound. Ab 17. Juli erh\u00e4ltlich. Perfekt f\u00fcr Musikliebhaber und Smart Home Fans.\" \/>\n<meta property=\"og:url\" content=\"https:\/\/www.apfelpatient.de\/en\/news\/new-color-option-apple-unveils-homepod-mini-in-midnight\" \/>\n<meta property=\"og:site_name\" content=\"Apfelpatient\" \/>\n<meta property=\"article:publisher\" content=\"https:\/\/www.facebook.com\/apfelpatientOfficial\" \/>\n<meta property=\"article:author\" content=\"https:\/\/www.facebook.com\/apfelpatientOfficial\" \/>\n<meta property=\"article:published_time\" content=\"2024-07-15T13:55:42+00:00\" \/>\n<meta property=\"article:modified_time\" content=\"2024-07-15T13:55:43+00:00\" \/>\n<meta property=\"og:image\" content=\"https:\/\/www.apfelpatient.de\/wp-content\/uploads\/2024\/07\/Unbenannt-12.png\" \/>\n\t<meta property=\"og:image:width\" content=\"1600\" \/>\n\t<meta property=\"og:image:height\" content=\"1067\" \/>\n\t<meta property=\"og:image:type\" content=\"image\/png\" \/>\n<meta name=\"author\" content=\"Milan\" \/>\n<meta name=\"twitter:card\" content=\"summary_large_image\" \/>\n<meta name=\"twitter:description\" content=\"HomePod mini in Mitternacht: Kleiner Lautsprecher, gro\u00dfer Sound. Ab 17. Juli erh\u00e4ltlich. Perfekt f\u00fcr Musikliebhaber und Smart Home Fans.\" \/>\n<meta name=\"twitter:label1\" content=\"Written by\" \/>\n\t<meta name=\"twitter:data1\" content=\"Milan\" \/>\n\t<meta name=\"twitter:label2\" content=\"Est. reading time\" \/>\n\t<meta name=\"twitter:data2\" content=\"4 minutes\" \/>\n<script type=\"application\/ld+json\" class=\"yoast-schema-graph\">{\"@context\":\"https:\\\/\\\/schema.org\",\"@graph\":[{\"@type\":\"NewsArticle\",\"@id\":\"https:\\\/\\\/www.apfelpatient.de\\\/news\\\/neue-farboption-apple-enthuellt-homepod-mini-in-mitternacht#article\",\"isPartOf\":{\"@id\":\"https:\\\/\\\/www.apfelpatient.de\\\/news\\\/neue-farboption-apple-enthuellt-homepod-mini-in-mitternacht\"},\"author\":{\"@type\":\"Organization\",\"@id\":\"https:\\\/\\\/www.apfelpatient.de\\\/en\\\/#organization\",\"name\":\"Apfelpatient\",\"url\":\"https:\\\/\\\/www.apfelpatient.de\\\/en\\\/\"},\"headline\":\"Neue Farboption: Apple enth\u00fcllt HomePod mini in Mitternacht\",\"datePublished\":\"2024-07-15T13:55:42+00:00\",\"dateModified\":\"2024-07-15T13:55:43+00:00\",\"mainEntityOfPage\":{\"@id\":\"https:\\\/\\\/www.apfelpatient.de\\\/news\\\/neue-farboption-apple-enthuellt-homepod-mini-in-mitternacht\"},\"wordCount\":490,\"publisher\":{\"@type\":\"Organization\",\"@id\":\"https:\\\/\\\/www.apfelpatient.de\\\/en\\\/#organization\",\"name\":\"Apfelpatient\",\"url\":\"https:\\\/\\\/www.apfelpatient.de\\\/en\\\/\"},\"image\":{\"@id\":\"https:\\\/\\\/www.apfelpatient.de\\\/news\\\/neue-farboption-apple-enthuellt-homepod-mini-in-mitternacht#primaryimage\"},\"thumbnailUrl\":\"https:\\\/\\\/www.apfelpatient.de\\\/wp-content\\\/uploads\\\/2024\\\/07\\\/Unbenannt-12.png\",\"keywords\":[\"HomePod\",\"HomePod Mini\"],\"articleSection\":\"News\",\"inLanguage\":\"en-US\",\"copyrightYear\":\"2024\",\"copyrightHolder\":{\"@id\":\"https:\\\/\\\/www.apfelpatient.de\\\/en\\\/#organization\"}},{\"@type\":\"WebPage\",\"@id\":\"https:\\\/\\\/www.apfelpatient.de\\\/news\\\/neue-farboption-apple-enthuellt-homepod-mini-in-mitternacht\",\"url\":\"https:\\\/\\\/www.apfelpatient.de\\\/news\\\/neue-farboption-apple-enthuellt-homepod-mini-in-mitternacht\",\"name\":\"Neue Farboption: Apple enth\u00fcllt HomePod mini in Mitternacht Apfelpatient\",\"isPartOf\":{\"@id\":\"https:\\\/\\\/www.apfelpatient.de\\\/#website\"},\"primaryImageOfPage\":{\"@id\":\"https:\\\/\\\/www.apfelpatient.de\\\/news\\\/neue-farboption-apple-enthuellt-homepod-mini-in-mitternacht#primaryimage\"},\"image\":{\"@id\":\"https:\\\/\\\/www.apfelpatient.de\\\/news\\\/neue-farboption-apple-enthuellt-homepod-mini-in-mitternacht#primaryimage\"},\"thumbnailUrl\":\"https:\\\/\\\/www.apfelpatient.de\\\/wp-content\\\/uploads\\\/2024\\\/07\\\/Unbenannt-12.png\",\"datePublished\":\"2024-07-15T13:55:42+00:00\",\"dateModified\":\"2024-07-15T13:55:43+00:00\",\"description\":\"HomePod mini in Mitternacht: Kleiner Lautsprecher, gro\u00dfer Sound. Ab 17. Juli erh\u00e4ltlich. Perfekt f\u00fcr Musikliebhaber und Smart Home Fans.\",\"breadcrumb\":{\"@id\":\"https:\\\/\\\/www.apfelpatient.de\\\/news\\\/neue-farboption-apple-enthuellt-homepod-mini-in-mitternacht#breadcrumb\"},\"inLanguage\":\"en-US\",\"potentialAction\":[{\"@type\":\"ReadAction\",\"target\":[\"https:\\\/\\\/www.apfelpatient.de\\\/news\\\/neue-farboption-apple-enthuellt-homepod-mini-in-mitternacht\"]}]},{\"@type\":\"ImageObject\",\"inLanguage\":\"en-US\",\"@id\":\"https:\\\/\\\/www.apfelpatient.de\\\/news\\\/neue-farboption-apple-enthuellt-homepod-mini-in-mitternacht#primaryimage\",\"url\":\"https:\\\/\\\/www.apfelpatient.de\\\/wp-content\\\/uploads\\\/2024\\\/07\\\/Unbenannt-12.png\",\"contentUrl\":\"https:\\\/\\\/www.apfelpatient.de\\\/wp-content\\\/uploads\\\/2024\\\/07\\\/Unbenannt-12.png\",\"width\":1600,\"height\":1067,\"caption\":\"Bild: Apple\"},{\"@type\":\"BreadcrumbList\",\"@id\":\"https:\\\/\\\/www.apfelpatient.de\\\/news\\\/neue-farboption-apple-enthuellt-homepod-mini-in-mitternacht#breadcrumb\",\"itemListElement\":[{\"@type\":\"ListItem\",\"position\":1,\"name\":\"Startseite\",\"item\":\"https:\\\/\\\/www.apfelpatient.de\\\/\"},{\"@type\":\"ListItem\",\"position\":2,\"name\":\"Neue Farboption: Apple enth\u00fcllt HomePod mini in Mitternacht\"}]},{\"@type\":\"WebSite\",\"@id\":\"https:\\\/\\\/www.apfelpatient.de\\\/#website\",\"url\":\"https:\\\/\\\/www.apfelpatient.de\\\/\",\"name\":\"Apfelpatient\",\"description\":\"Alles rund um Apple!\",\"publisher\":{\"@type\":\"Organization\",\"@id\":\"https:\\\/\\\/www.apfelpatient.de\\\/en\\\/#organization\",\"name\":\"Apfelpatient\",\"url\":\"https:\\\/\\\/www.apfelpatient.de\\\/en\\\/\"},\"alternateName\":\"Apfelpatient\",\"potentialAction\":[{\"@type\":\"SearchAction\",\"target\":{\"@type\":\"EntryPoint\",\"urlTemplate\":\"https:\\\/\\\/www.apfelpatient.de\\\/?s={search_term_string}\"},\"query-input\":{\"@type\":\"PropertyValueSpecification\",\"valueRequired\":true,\"valueName\":\"search_term_string\"}}],\"inLanguage\":\"en-US\"},{\"@type\":[\"Person\",\"Organization\"],\"@id\":\"https:\\\/\\\/www.apfelpatient.de\\\/#\\\/schema\\\/person\\\/7dc56ad6c8e9824b76d2c08d4c140e13\",\"name\":\"Milan\",\"logo\":{\"@id\":\"https:\\\/\\\/www.apfelpatient.de\\\/#\\\/schema\\\/person\\\/image\\\/\"},\"description\":\"Hallo und herzlich willkommen auf meinem Technik-Blog! Als gro\u00dfer Apple-Fan berichte ich hier \u00fcber alles, was mit Apple zu tun hat: von den neuesten News und spannenden Ger\u00fcchten \u00fcber hilfreiche Tipps und Tricks bis hin zu ausf\u00fchrlichen Produkttests. Wenn du genauso technikbegeistert bist wie ich, bist du hier genau richtig!\",\"sameAs\":[\"https:\\\/\\\/www.facebook.com\\\/apfelpatientOfficial\",\"https:\\\/\\\/www.linkedin.com\\\/in\\\/milan-jovicic-42aa0231b\"],\"url\":\"https:\\\/\\\/www.apfelpatient.de\\\/en\\\/author\\\/apfeladmin\"}]}<\/script>\n<!-- \/ Yoast SEO Premium plugin. -->","yoast_head_json":{"title":"New color option: Apple unveils HomePod mini in midnight Apfelpatient","description":"HomePod mini in midnight: Small speaker, big sound. Available from July 17th. Perfect for music lovers and smart home fans.","robots":{"index":"index","follow":"follow","max-snippet":"max-snippet:-1","max-image-preview":"max-image-preview:large","max-video-preview":"max-video-preview:-1"},"canonical":"https:\/\/www.apfelpatient.de\/en\/news\/new-color-option-apple-unveils-homepod-mini-in-midnight","og_locale":"en_US","og_type":"article","og_title":"Neue Farboption: Apple enth\u00fcllt HomePod mini in Mitternacht","og_description":"HomePod mini in Mitternacht: Kleiner Lautsprecher, gro\u00dfer Sound. Ab 17. Juli erh\u00e4ltlich. Perfekt f\u00fcr Musikliebhaber und Smart Home Fans.","og_url":"https:\/\/www.apfelpatient.de\/en\/news\/new-color-option-apple-unveils-homepod-mini-in-midnight","og_site_name":"Apfelpatient","article_publisher":"https:\/\/www.facebook.com\/apfelpatientOfficial","article_author":"https:\/\/www.facebook.com\/apfelpatientOfficial","article_published_time":"2024-07-15T13:55:42+00:00","article_modified_time":"2024-07-15T13:55:43+00:00","og_image":[{"width":1600,"height":1067,"url":"https:\/\/www.apfelpatient.de\/wp-content\/uploads\/2024\/07\/Unbenannt-12.png","type":"image\/png"}],"author":"Milan","twitter_card":"summary_large_image","twitter_description":"HomePod mini in Mitternacht: Kleiner Lautsprecher, gro\u00dfer Sound. Ab 17. Juli erh\u00e4ltlich. Perfekt f\u00fcr Musikliebhaber und Smart Home Fans.","twitter_misc":{"Written by":"Milan","Est. reading time":"4 minutes"},"schema":{"@context":"https:\/\/schema.org","@graph":[{"@type":"NewsArticle","@id":"https:\/\/www.apfelpatient.de\/news\/neue-farboption-apple-enthuellt-homepod-mini-in-mitternacht#article","isPartOf":{"@id":"https:\/\/www.apfelpatient.de\/news\/neue-farboption-apple-enthuellt-homepod-mini-in-mitternacht"},"author":{"@type":"Organization","@id":"https:\/\/www.apfelpatient.de\/en\/#organization","name":"Apfelpatient","url":"https:\/\/www.apfelpatient.de\/en\/"},"headline":"Neue Farboption: Apple enth\u00fcllt HomePod mini in Mitternacht","datePublished":"2024-07-15T13:55:42+00:00","dateModified":"2024-07-15T13:55:43+00:00","mainEntityOfPage":{"@id":"https:\/\/www.apfelpatient.de\/news\/neue-farboption-apple-enthuellt-homepod-mini-in-mitternacht"},"wordCount":490,"publisher":{"@type":"Organization","@id":"https:\/\/www.apfelpatient.de\/en\/#organization","name":"Apfelpatient","url":"https:\/\/www.apfelpatient.de\/en\/"},"image":{"@id":"https:\/\/www.apfelpatient.de\/news\/neue-farboption-apple-enthuellt-homepod-mini-in-mitternacht#primaryimage"},"thumbnailUrl":"https:\/\/www.apfelpatient.de\/wp-content\/uploads\/2024\/07\/Unbenannt-12.png","keywords":["HomePod","HomePod Mini"],"articleSection":"News","inLanguage":"en-US","copyrightYear":"2024","copyrightHolder":{"@id":"https:\/\/www.apfelpatient.de\/en\/#organization"}},{"@type":"WebPage","@id":"https:\/\/www.apfelpatient.de\/news\/neue-farboption-apple-enthuellt-homepod-mini-in-mitternacht","url":"https:\/\/www.apfelpatient.de\/news\/neue-farboption-apple-enthuellt-homepod-mini-in-mitternacht","name":"New color option: Apple unveils HomePod mini in midnight Apfelpatient","isPartOf":{"@id":"https:\/\/www.apfelpatient.de\/#website"},"primaryImageOfPage":{"@id":"https:\/\/www.apfelpatient.de\/news\/neue-farboption-apple-enthuellt-homepod-mini-in-mitternacht#primaryimage"},"image":{"@id":"https:\/\/www.apfelpatient.de\/news\/neue-farboption-apple-enthuellt-homepod-mini-in-mitternacht#primaryimage"},"thumbnailUrl":"https:\/\/www.apfelpatient.de\/wp-content\/uploads\/2024\/07\/Unbenannt-12.png","datePublished":"2024-07-15T13:55:42+00:00","dateModified":"2024-07-15T13:55:43+00:00","description":"HomePod mini in midnight: Small speaker, big sound. Available from July 17th. Perfect for music lovers and smart home fans.","breadcrumb":{"@id":"https:\/\/www.apfelpatient.de\/news\/neue-farboption-apple-enthuellt-homepod-mini-in-mitternacht#breadcrumb"},"inLanguage":"en-US","potentialAction":[{"@type":"ReadAction","target":["https:\/\/www.apfelpatient.de\/news\/neue-farboption-apple-enthuellt-homepod-mini-in-mitternacht"]}]},{"@type":"ImageObject","inLanguage":"en-US","@id":"https:\/\/www.apfelpatient.de\/news\/neue-farboption-apple-enthuellt-homepod-mini-in-mitternacht#primaryimage","url":"https:\/\/www.apfelpatient.de\/wp-content\/uploads\/2024\/07\/Unbenannt-12.png","contentUrl":"https:\/\/www.apfelpatient.de\/wp-content\/uploads\/2024\/07\/Unbenannt-12.png","width":1600,"height":1067,"caption":"Bild: Apple"},{"@type":"BreadcrumbList","@id":"https:\/\/www.apfelpatient.de\/news\/neue-farboption-apple-enthuellt-homepod-mini-in-mitternacht#breadcrumb","itemListElement":[{"@type":"ListItem","position":1,"name":"Startseite","item":"https:\/\/www.apfelpatient.de\/"},{"@type":"ListItem","position":2,"name":"Neue Farboption: Apple enth\u00fcllt HomePod mini in Mitternacht"}]},{"@type":"WebSite","@id":"https:\/\/www.apfelpatient.de\/#website","url":"https:\/\/www.apfelpatient.de\/","name":"apple patient","description":"Everything about Apple!","publisher":{"@type":"Organization","@id":"https:\/\/www.apfelpatient.de\/en\/#organization","name":"Apfelpatient","url":"https:\/\/www.apfelpatient.de\/en\/"},"alternateName":"Apfelpatient","potentialAction":[{"@type":"SearchAction","target":{"@type":"EntryPoint","urlTemplate":"https:\/\/www.apfelpatient.de\/?s={search_term_string}"},"query-input":{"@type":"PropertyValueSpecification","valueRequired":true,"valueName":"search_term_string"}}],"inLanguage":"en-US"},{"@type":["Person","Organization"],"@id":"https:\/\/www.apfelpatient.de\/#\/schema\/person\/7dc56ad6c8e9824b76d2c08d4c140e13","name":"Milan","logo":{"@id":"https:\/\/www.apfelpatient.de\/#\/schema\/person\/image\/"},"description":"Hello and welcome to my technology blog! As a big Apple fan, I report on everything to do with Apple: from the latest news and exciting rumors to helpful tips and tricks and detailed product tests. If you are as enthusiastic about technology as I am, you have come to the right place!","sameAs":["https:\/\/www.facebook.com\/apfelpatientOfficial","https:\/\/www.linkedin.com\/in\/milan-jovicic-42aa0231b"],"url":"https:\/\/www.apfelpatient.de\/en\/author\/apfeladmin"}]}},"_links":{"self":[{"href":"https:\/\/www.apfelpatient.de\/en\/wp-json\/wp\/v2\/posts\/45707","targetHints":{"allow":["GET"]}}],"collection":[{"href":"https:\/\/www.apfelpatient.de\/en\/wp-json\/wp\/v2\/posts"}],"about":[{"href":"https:\/\/www.apfelpatient.de\/en\/wp-json\/wp\/v2\/types\/post"}],"author":[{"embeddable":true,"href":"https:\/\/www.apfelpatient.de\/en\/wp-json\/wp\/v2\/users\/2"}],"replies":[{"embeddable":true,"href":"https:\/\/www.apfelpatient.de\/en\/wp-json\/wp\/v2\/comments?post=45707"}],"version-history":[{"count":0,"href":"https:\/\/www.apfelpatient.de\/en\/wp-json\/wp\/v2\/posts\/45707\/revisions"}],"wp:featuredmedia":[{"embeddable":true,"href":"https:\/\/www.apfelpatient.de\/en\/wp-json\/wp\/v2\/media\/45705"}],"wp:attachment":[{"href":"https:\/\/www.apfelpatient.de\/en\/wp-json\/wp\/v2\/media?parent=45707"}],"wp:term":[{"taxonomy":"category","embeddable":true,"href":"https:\/\/www.apfelpatient.de\/en\/wp-json\/wp\/v2\/categories?post=45707"},{"taxonomy":"post_tag","embeddable":true,"href":"https:\/\/www.apfelpatient.de\/en\/wp-json\/wp\/v2\/tags?post=45707"}],"curies":[{"name":"wp","href":"https:\/\/api.w.org\/{rel}","templated":true}]}}