{"id":45398,"date":"2024-07-01T14:40:28","date_gmt":"2024-07-01T12:40:28","guid":{"rendered":"https:\/\/www.apfelpatient.de\/?p=45398"},"modified":"2024-07-01T14:40:29","modified_gmt":"2024-07-01T12:40:29","slug":"more-emotion-comfort-apple-optimizes-vision-pro-demonstrations","status":"publish","type":"post","link":"https:\/\/www.apfelpatient.de\/en\/news\/mehr-emotion-komfort-apple-optimiert-vision-pro-vorfuehrungen","title":{"rendered":"More emotion &amp; comfort: Apple optimizes Vision Pro demonstrations"},"content":{"rendered":"<p class=\"has-drop-cap\"><strong>The Apple Vision Pro has been making a lot of noise in recent months. As one of the most innovative devices on the market, it offers a unique mixed reality experience. But after a rather slow start in the US and shortly after its international launch, Apple is now making changes to increase sales.<\/strong><\/p>\n\n\n\n<p>Apple has always been characterized by innovation and a strong customer focus. With the Apple Vision Pro, the company has once again demonstrated its ability to develop groundbreaking technology. But to successfully market this technology, it takes more than just a great product. Customers must have the opportunity to experience and understand the benefits of the Vision Pro for themselves. That&#039;s why Apple has decided to optimize the in-store demonstration experience. Here are the most important changes you should definitely know about (via <a href=\"https:\/\/www.bloomberg.com\/news\/newsletters\/2024-06-30\/apple-s-longer-lasting-devices-ios-19-and-apple-intelligence-on-the-vision-pro-ly1jnrw4\" target=\"_blank\" rel=\"noreferrer noopener\">Bloomberg<\/a>).<\/p>\n\n\n\n<h4 class=\"wp-block-heading\" id=\"h-personliche-medien-in-der-mixed-reality-erleben\">Experiencing Personal Media in Mixed Reality<\/h4>\n\n\n\n<p>One of the most exciting new features is the ability to upload your own photos, videos and panoramas to the Vision Pro during the demonstration. This feature allows you to see your own media in mixed reality, which has a much stronger emotional impact than displaying standard images. Imagine being able to experience your latest holiday photos or a special family video in a completely new dimension. This personal touch could convince many buyers to integrate the Vision Pro into their lives.<\/p>\n\n\n\n<h4 class=\"wp-block-heading\" id=\"h-verlangerte-vorfuhrungszeiten\">Extended screening times<\/h4>\n\n\n\n<p>The second big change is the length of the demos. Apple now offers an option called &quot;Go Deeper&quot; that allows potential buyers to spend more time with the device. This allows you to test the Vision Pro intensively and in different usage scenarios. Whether you want to use it for office work with productivity apps or are more interested in entertainment use, you have enough time to explore the device according to your needs. These extended demo times are designed to give you a better understanding and a more immersive experience.<\/p>\n\n\n\n<h4 class=\"wp-block-heading\" id=\"h-verbesserter-tragekomfort\">Improved comfort<\/h4>\n\n\n\n<p>Another important issue that Apple has addressed is the complaints about comfort. From now on, all demos will be switched from the Solo Loop to the Dual Loop with headband. This change is intended to provide a better fit and more comfort, which is particularly beneficial for longer periods of use. Already during the first phase of the international rollout, it was seen that the Dual Loop was used in most demos. This improvement shows that Apple is listening to user feedback and is continuously working to optimize the experience.<\/p>\n\n\n\n<h3 class=\"wp-block-heading\" id=\"h-apple-vision-pro-mehr-zeit-und-komfort-bei-demos\">Apple Vision Pro: More time and comfort during demos<\/h3>\n\n\n\n<p>With these changes to the Apple Vision Pro demonstrations, the company is once again showing that it is not only focusing on innovation, but also on customer experience. The ability to experience your own media in mixed reality, extended demonstration times and improved comfort are steps in the right direction to make the \u20ac4,000 device more attractive. If you haven&#039;t tried the Vision Pro yet, now is the perfect time to experience the new features and improvements for yourself. Appointments for demos can be easily booked free of charge via the Apple Store app! (Image: Apple)<\/p>\n\n\n\n<ul class=\"wp-block-list\">\n<li><a href=\"https:\/\/www.apfelpatient.de\/en\/tests-experience-reports\/clicks-keyboard-case-in-test-functions-and-advantages\">Clicks keyboard case in test: features and advantages<\/a><\/li>\n\n\n\n<li><a href=\"https:\/\/www.apfelpatient.de\/en\/rumors\/apple-intelligence-and-vision-pro-integration-is-delayed\">Apple Intelligence and Vision Pro: Integration delayed<\/a><\/li>\n<\/ul>\n\n\n\n<h6 class=\"wp-block-heading translation-block\" id=\"h-kennt-ihr-schon-unsere-amazon-storefront-dort-findet-ihr-eine-handverlesene-auswahl-von-diversen-produkten-f-r-euer-iphone-und-co-viel-spa-beim-st-bern\"><em>Have you already visited our Amazon Storefront? There you&#039;ll find a hand-picked selection of various products for your iPhone and other devices \u2013 <span class=\"has-inline-color has-vivid-red-color\"><a href=\"https:\/\/www.amazon.de\/shop\/apfelpatientofficial\" class=\"ek-link\" data-wpel-link=\"exclude\" rel=\"follow noopener\" target=\"_self\"><span style=\"text-decoration: underline\" class=\"ek-underline\">enjoy browsing<\/span><\/a> !<\/span><\/em><\/h6>\n\n\n\n<h6 class=\"wp-block-heading translation-block\" id=\"h-der-beitrag-enthalt-partnerlinks\">This post contains <a data-type=\"URL\" data-id=\"https:\/\/www.apfelpatient.de\/partnerprogramm\" href=\"https:\/\/www.apfelpatient.de\/en\/partner-program\" data-wpel-link=\"internal\" target=\"_self\">affiliate links<\/a>.<\/h6>","protected":false},"excerpt":{"rendered":"<p>Apple Vision Pro: More emotion and comfort in the new demos. Test your own media in mixed reality in the Apple Store now!<\/p>","protected":false},"author":2,"featured_media":45403,"comment_status":"closed","ping_status":"closed","sticky":false,"template":"","format":"standard","meta":{"jnews-multi-image_gallery":[],"jnews_single_post":{"subtitle":"","format":"standard","video":"","gallery":"","source_name":"","source_url":"","via_name":"","via_url":"","override_template":"0","override":[{"template":"4","single_blog_custom":"","parallax":"1","fullscreen":"1","layout":"right-sidebar","sidebar":"default-sidebar","second_sidebar":"default-sidebar","sticky_sidebar":"1","share_position":"top","share_float_style":"share-monocrhome","show_share_counter":"0","show_view_counter":"0","show_featured":"1","show_post_meta":"1","show_post_author":"1","show_post_author_image":"1","show_post_date":"1","post_date_format":"default","post_date_format_custom":"Y\/m\/d","show_post_category":"1","show_post_reading_time":"0","post_reading_time_wpm":"300","post_calculate_word_method":"str_word_count","show_zoom_button":"0","zoom_button_out_step":"2","zoom_button_in_step":"3","show_post_tag":"1","show_prev_next_post":"1","show_popup_post":"1","number_popup_post":"1","show_author_box":"0","show_post_related":"0","show_inline_post_related":"0"}],"override_image_size":"0","image_override":[{"single_post_thumbnail_size":"crop-500","single_post_gallery_size":"crop-500"}],"trending_post":"0","trending_post_position":"meta","trending_post_label":"Trending","sponsored_post":"0","sponsored_post_label":"Sponsored by","sponsored_post_name":"","sponsored_post_url":"","sponsored_post_logo_enable":"0","sponsored_post_logo":"","sponsored_post_desc":"","disable_ad":"0"},"jnews_primary_category":{"id":"9","hide":""},"footnotes":""},"categories":[9],"tags":[843,609],"class_list":["post-45398","post","type-post","status-publish","format-standard","has-post-thumbnail","hentry","category-news","tag-apple-vision-pro","tag-apple-vr-ar"],"yoast_head":"<!-- This site is optimized with the Yoast SEO Premium plugin v27.5 (Yoast SEO v27.5) - https:\/\/yoast.com\/product\/yoast-seo-premium-wordpress\/ -->\n<title>Mehr Emotion &amp; Komfort: Apple optimiert Vision Pro Vorf\u00fchrungen Apfelpatient<\/title>\n<meta name=\"description\" content=\"Apple Vision Pro: Mehr Emotion und Komfort in den neuen Demos. Teste jetzt deine eigenen Medien in Mixed Reality im Apple Store!\" \/>\n<meta name=\"robots\" content=\"index, follow, max-snippet:-1, max-image-preview:large, max-video-preview:-1\" \/>\n<link rel=\"canonical\" href=\"https:\/\/www.apfelpatient.de\/en\/news\/more-emotion-comfort-apple-optimizes-vision-pro-demonstrations\" \/>\n<meta property=\"og:locale\" content=\"en_US\" \/>\n<meta property=\"og:type\" content=\"article\" \/>\n<meta property=\"og:title\" content=\"Mehr Emotion &amp; Komfort: Apple optimiert Vision Pro Vorf\u00fchrungen\" \/>\n<meta property=\"og:description\" content=\"Apple Vision Pro: Mehr Emotion und Komfort in den neuen Demos. Teste jetzt deine eigenen Medien in Mixed Reality im Apple Store!\" \/>\n<meta property=\"og:url\" content=\"https:\/\/www.apfelpatient.de\/en\/news\/more-emotion-comfort-apple-optimizes-vision-pro-demonstrations\" \/>\n<meta property=\"og:site_name\" content=\"Apfelpatient\" \/>\n<meta property=\"article:publisher\" content=\"https:\/\/www.facebook.com\/apfelpatientOfficial\" \/>\n<meta property=\"article:author\" content=\"https:\/\/www.facebook.com\/apfelpatientOfficial\" \/>\n<meta property=\"article:published_time\" content=\"2024-07-01T12:40:28+00:00\" \/>\n<meta property=\"article:modified_time\" content=\"2024-07-01T12:40:29+00:00\" \/>\n<meta property=\"og:image\" content=\"https:\/\/www.apfelpatient.de\/wp-content\/uploads\/2024\/07\/Apple-Vision-Pro-availability-Omotesando-Tokyo-customer-fitting.jpg\" \/>\n\t<meta property=\"og:image:width\" content=\"1600\" \/>\n\t<meta property=\"og:image:height\" content=\"1066\" \/>\n\t<meta property=\"og:image:type\" content=\"image\/jpeg\" \/>\n<meta name=\"author\" content=\"Milan\" \/>\n<meta name=\"twitter:card\" content=\"summary_large_image\" \/>\n<meta name=\"twitter:description\" content=\"Apple Vision Pro: Mehr Emotion und Komfort in den neuen Demos. Teste jetzt deine eigenen Medien in Mixed Reality im Apple Store!\" \/>\n<meta name=\"twitter:label1\" content=\"Written by\" \/>\n\t<meta name=\"twitter:data1\" content=\"Milan\" \/>\n\t<meta name=\"twitter:label2\" content=\"Est. reading time\" \/>\n\t<meta name=\"twitter:data2\" content=\"4 minutes\" \/>\n<script type=\"application\/ld+json\" class=\"yoast-schema-graph\">{\"@context\":\"https:\\\/\\\/schema.org\",\"@graph\":[{\"@type\":\"NewsArticle\",\"@id\":\"https:\\\/\\\/www.apfelpatient.de\\\/news\\\/mehr-emotion-komfort-apple-optimiert-vision-pro-vorfuehrungen#article\",\"isPartOf\":{\"@id\":\"https:\\\/\\\/www.apfelpatient.de\\\/news\\\/mehr-emotion-komfort-apple-optimiert-vision-pro-vorfuehrungen\"},\"author\":{\"@type\":\"Organization\",\"@id\":\"https:\\\/\\\/www.apfelpatient.de\\\/en\\\/#organization\",\"name\":\"Apfelpatient\",\"url\":\"https:\\\/\\\/www.apfelpatient.de\\\/en\\\/\"},\"headline\":\"Mehr Emotion &#038; Komfort: Apple optimiert Vision Pro Vorf\u00fchrungen\",\"datePublished\":\"2024-07-01T12:40:28+00:00\",\"dateModified\":\"2024-07-01T12:40:29+00:00\",\"mainEntityOfPage\":{\"@id\":\"https:\\\/\\\/www.apfelpatient.de\\\/news\\\/mehr-emotion-komfort-apple-optimiert-vision-pro-vorfuehrungen\"},\"wordCount\":576,\"publisher\":{\"@type\":\"Organization\",\"@id\":\"https:\\\/\\\/www.apfelpatient.de\\\/en\\\/#organization\",\"name\":\"Apfelpatient\",\"url\":\"https:\\\/\\\/www.apfelpatient.de\\\/en\\\/\"},\"image\":{\"@id\":\"https:\\\/\\\/www.apfelpatient.de\\\/news\\\/mehr-emotion-komfort-apple-optimiert-vision-pro-vorfuehrungen#primaryimage\"},\"thumbnailUrl\":\"https:\\\/\\\/www.apfelpatient.de\\\/wp-content\\\/uploads\\\/2024\\\/07\\\/Apple-Vision-Pro-availability-Omotesando-Tokyo-customer-fitting.jpg\",\"keywords\":[\"Apple Vision Pro\",\"Apple VR\\\/AR\"],\"articleSection\":\"News\",\"inLanguage\":\"en-US\",\"copyrightYear\":\"2024\",\"copyrightHolder\":{\"@id\":\"https:\\\/\\\/www.apfelpatient.de\\\/en\\\/#organization\"}},{\"@type\":\"WebPage\",\"@id\":\"https:\\\/\\\/www.apfelpatient.de\\\/news\\\/mehr-emotion-komfort-apple-optimiert-vision-pro-vorfuehrungen\",\"url\":\"https:\\\/\\\/www.apfelpatient.de\\\/news\\\/mehr-emotion-komfort-apple-optimiert-vision-pro-vorfuehrungen\",\"name\":\"Mehr Emotion & Komfort: Apple optimiert Vision Pro Vorf\u00fchrungen Apfelpatient\",\"isPartOf\":{\"@id\":\"https:\\\/\\\/www.apfelpatient.de\\\/#website\"},\"primaryImageOfPage\":{\"@id\":\"https:\\\/\\\/www.apfelpatient.de\\\/news\\\/mehr-emotion-komfort-apple-optimiert-vision-pro-vorfuehrungen#primaryimage\"},\"image\":{\"@id\":\"https:\\\/\\\/www.apfelpatient.de\\\/news\\\/mehr-emotion-komfort-apple-optimiert-vision-pro-vorfuehrungen#primaryimage\"},\"thumbnailUrl\":\"https:\\\/\\\/www.apfelpatient.de\\\/wp-content\\\/uploads\\\/2024\\\/07\\\/Apple-Vision-Pro-availability-Omotesando-Tokyo-customer-fitting.jpg\",\"datePublished\":\"2024-07-01T12:40:28+00:00\",\"dateModified\":\"2024-07-01T12:40:29+00:00\",\"description\":\"Apple Vision Pro: Mehr Emotion und Komfort in den neuen Demos. Teste jetzt deine eigenen Medien in Mixed Reality im Apple Store!\",\"breadcrumb\":{\"@id\":\"https:\\\/\\\/www.apfelpatient.de\\\/news\\\/mehr-emotion-komfort-apple-optimiert-vision-pro-vorfuehrungen#breadcrumb\"},\"inLanguage\":\"en-US\",\"potentialAction\":[{\"@type\":\"ReadAction\",\"target\":[\"https:\\\/\\\/www.apfelpatient.de\\\/news\\\/mehr-emotion-komfort-apple-optimiert-vision-pro-vorfuehrungen\"]}]},{\"@type\":\"ImageObject\",\"inLanguage\":\"en-US\",\"@id\":\"https:\\\/\\\/www.apfelpatient.de\\\/news\\\/mehr-emotion-komfort-apple-optimiert-vision-pro-vorfuehrungen#primaryimage\",\"url\":\"https:\\\/\\\/www.apfelpatient.de\\\/wp-content\\\/uploads\\\/2024\\\/07\\\/Apple-Vision-Pro-availability-Omotesando-Tokyo-customer-fitting.jpg\",\"contentUrl\":\"https:\\\/\\\/www.apfelpatient.de\\\/wp-content\\\/uploads\\\/2024\\\/07\\\/Apple-Vision-Pro-availability-Omotesando-Tokyo-customer-fitting.jpg\",\"width\":1600,\"height\":1066,\"caption\":\"Bild: Apple\"},{\"@type\":\"BreadcrumbList\",\"@id\":\"https:\\\/\\\/www.apfelpatient.de\\\/news\\\/mehr-emotion-komfort-apple-optimiert-vision-pro-vorfuehrungen#breadcrumb\",\"itemListElement\":[{\"@type\":\"ListItem\",\"position\":1,\"name\":\"Startseite\",\"item\":\"https:\\\/\\\/www.apfelpatient.de\\\/\"},{\"@type\":\"ListItem\",\"position\":2,\"name\":\"Mehr Emotion &#038; Komfort: Apple optimiert Vision Pro Vorf\u00fchrungen\"}]},{\"@type\":\"WebSite\",\"@id\":\"https:\\\/\\\/www.apfelpatient.de\\\/#website\",\"url\":\"https:\\\/\\\/www.apfelpatient.de\\\/\",\"name\":\"Apfelpatient\",\"description\":\"Alles rund um Apple!\",\"publisher\":{\"@type\":\"Organization\",\"@id\":\"https:\\\/\\\/www.apfelpatient.de\\\/en\\\/#organization\",\"name\":\"Apfelpatient\",\"url\":\"https:\\\/\\\/www.apfelpatient.de\\\/en\\\/\"},\"alternateName\":\"Apfelpatient\",\"potentialAction\":[{\"@type\":\"SearchAction\",\"target\":{\"@type\":\"EntryPoint\",\"urlTemplate\":\"https:\\\/\\\/www.apfelpatient.de\\\/?s={search_term_string}\"},\"query-input\":{\"@type\":\"PropertyValueSpecification\",\"valueRequired\":true,\"valueName\":\"search_term_string\"}}],\"inLanguage\":\"en-US\"},{\"@type\":[\"Person\",\"Organization\"],\"@id\":\"https:\\\/\\\/www.apfelpatient.de\\\/#\\\/schema\\\/person\\\/7dc56ad6c8e9824b76d2c08d4c140e13\",\"name\":\"Milan\",\"logo\":{\"@id\":\"https:\\\/\\\/www.apfelpatient.de\\\/#\\\/schema\\\/person\\\/image\\\/\"},\"description\":\"Hallo und herzlich willkommen auf meinem Technik-Blog! Als gro\u00dfer Apple-Fan berichte ich hier \u00fcber alles, was mit Apple zu tun hat: von den neuesten News und spannenden Ger\u00fcchten \u00fcber hilfreiche Tipps und Tricks bis hin zu ausf\u00fchrlichen Produkttests. Wenn du genauso technikbegeistert bist wie ich, bist du hier genau richtig!\",\"sameAs\":[\"https:\\\/\\\/www.facebook.com\\\/apfelpatientOfficial\",\"https:\\\/\\\/www.linkedin.com\\\/in\\\/milan-jovicic-42aa0231b\"],\"url\":\"https:\\\/\\\/www.apfelpatient.de\\\/en\\\/author\\\/apfeladmin\"}]}<\/script>\n<!-- \/ Yoast SEO Premium plugin. -->","yoast_head_json":{"title":"More emotion &amp; comfort: Apple optimizes Vision Pro demonstrations Apfelpatient","description":"Apple Vision Pro: More emotion and comfort in the new demos. Test your own media in mixed reality in the Apple Store now!","robots":{"index":"index","follow":"follow","max-snippet":"max-snippet:-1","max-image-preview":"max-image-preview:large","max-video-preview":"max-video-preview:-1"},"canonical":"https:\/\/www.apfelpatient.de\/en\/news\/more-emotion-comfort-apple-optimizes-vision-pro-demonstrations","og_locale":"en_US","og_type":"article","og_title":"Mehr Emotion & Komfort: Apple optimiert Vision Pro Vorf\u00fchrungen","og_description":"Apple Vision Pro: Mehr Emotion und Komfort in den neuen Demos. Teste jetzt deine eigenen Medien in Mixed Reality im Apple Store!","og_url":"https:\/\/www.apfelpatient.de\/en\/news\/more-emotion-comfort-apple-optimizes-vision-pro-demonstrations","og_site_name":"Apfelpatient","article_publisher":"https:\/\/www.facebook.com\/apfelpatientOfficial","article_author":"https:\/\/www.facebook.com\/apfelpatientOfficial","article_published_time":"2024-07-01T12:40:28+00:00","article_modified_time":"2024-07-01T12:40:29+00:00","og_image":[{"width":1600,"height":1066,"url":"https:\/\/www.apfelpatient.de\/wp-content\/uploads\/2024\/07\/Apple-Vision-Pro-availability-Omotesando-Tokyo-customer-fitting.jpg","type":"image\/jpeg"}],"author":"Milan","twitter_card":"summary_large_image","twitter_description":"Apple Vision Pro: Mehr Emotion und Komfort in den neuen Demos. Teste jetzt deine eigenen Medien in Mixed Reality im Apple Store!","twitter_misc":{"Written by":"Milan","Est. reading time":"4 minutes"},"schema":{"@context":"https:\/\/schema.org","@graph":[{"@type":"NewsArticle","@id":"https:\/\/www.apfelpatient.de\/news\/mehr-emotion-komfort-apple-optimiert-vision-pro-vorfuehrungen#article","isPartOf":{"@id":"https:\/\/www.apfelpatient.de\/news\/mehr-emotion-komfort-apple-optimiert-vision-pro-vorfuehrungen"},"author":{"@type":"Organization","@id":"https:\/\/www.apfelpatient.de\/en\/#organization","name":"Apfelpatient","url":"https:\/\/www.apfelpatient.de\/en\/"},"headline":"Mehr Emotion &#038; Komfort: Apple optimiert Vision Pro Vorf\u00fchrungen","datePublished":"2024-07-01T12:40:28+00:00","dateModified":"2024-07-01T12:40:29+00:00","mainEntityOfPage":{"@id":"https:\/\/www.apfelpatient.de\/news\/mehr-emotion-komfort-apple-optimiert-vision-pro-vorfuehrungen"},"wordCount":576,"publisher":{"@type":"Organization","@id":"https:\/\/www.apfelpatient.de\/en\/#organization","name":"Apfelpatient","url":"https:\/\/www.apfelpatient.de\/en\/"},"image":{"@id":"https:\/\/www.apfelpatient.de\/news\/mehr-emotion-komfort-apple-optimiert-vision-pro-vorfuehrungen#primaryimage"},"thumbnailUrl":"https:\/\/www.apfelpatient.de\/wp-content\/uploads\/2024\/07\/Apple-Vision-Pro-availability-Omotesando-Tokyo-customer-fitting.jpg","keywords":["Apple Vision Pro","Apple VR\/AR"],"articleSection":"News","inLanguage":"en-US","copyrightYear":"2024","copyrightHolder":{"@id":"https:\/\/www.apfelpatient.de\/en\/#organization"}},{"@type":"WebPage","@id":"https:\/\/www.apfelpatient.de\/news\/mehr-emotion-komfort-apple-optimiert-vision-pro-vorfuehrungen","url":"https:\/\/www.apfelpatient.de\/news\/mehr-emotion-komfort-apple-optimiert-vision-pro-vorfuehrungen","name":"More emotion &amp; comfort: Apple optimizes Vision Pro demonstrations Apfelpatient","isPartOf":{"@id":"https:\/\/www.apfelpatient.de\/#website"},"primaryImageOfPage":{"@id":"https:\/\/www.apfelpatient.de\/news\/mehr-emotion-komfort-apple-optimiert-vision-pro-vorfuehrungen#primaryimage"},"image":{"@id":"https:\/\/www.apfelpatient.de\/news\/mehr-emotion-komfort-apple-optimiert-vision-pro-vorfuehrungen#primaryimage"},"thumbnailUrl":"https:\/\/www.apfelpatient.de\/wp-content\/uploads\/2024\/07\/Apple-Vision-Pro-availability-Omotesando-Tokyo-customer-fitting.jpg","datePublished":"2024-07-01T12:40:28+00:00","dateModified":"2024-07-01T12:40:29+00:00","description":"Apple Vision Pro: More emotion and comfort in the new demos. Test your own media in mixed reality in the Apple Store now!","breadcrumb":{"@id":"https:\/\/www.apfelpatient.de\/news\/mehr-emotion-komfort-apple-optimiert-vision-pro-vorfuehrungen#breadcrumb"},"inLanguage":"en-US","potentialAction":[{"@type":"ReadAction","target":["https:\/\/www.apfelpatient.de\/news\/mehr-emotion-komfort-apple-optimiert-vision-pro-vorfuehrungen"]}]},{"@type":"ImageObject","inLanguage":"en-US","@id":"https:\/\/www.apfelpatient.de\/news\/mehr-emotion-komfort-apple-optimiert-vision-pro-vorfuehrungen#primaryimage","url":"https:\/\/www.apfelpatient.de\/wp-content\/uploads\/2024\/07\/Apple-Vision-Pro-availability-Omotesando-Tokyo-customer-fitting.jpg","contentUrl":"https:\/\/www.apfelpatient.de\/wp-content\/uploads\/2024\/07\/Apple-Vision-Pro-availability-Omotesando-Tokyo-customer-fitting.jpg","width":1600,"height":1066,"caption":"Bild: Apple"},{"@type":"BreadcrumbList","@id":"https:\/\/www.apfelpatient.de\/news\/mehr-emotion-komfort-apple-optimiert-vision-pro-vorfuehrungen#breadcrumb","itemListElement":[{"@type":"ListItem","position":1,"name":"Startseite","item":"https:\/\/www.apfelpatient.de\/"},{"@type":"ListItem","position":2,"name":"Mehr Emotion &#038; Komfort: Apple optimiert Vision Pro Vorf\u00fchrungen"}]},{"@type":"WebSite","@id":"https:\/\/www.apfelpatient.de\/#website","url":"https:\/\/www.apfelpatient.de\/","name":"apple patient","description":"Everything about Apple!","publisher":{"@type":"Organization","@id":"https:\/\/www.apfelpatient.de\/en\/#organization","name":"Apfelpatient","url":"https:\/\/www.apfelpatient.de\/en\/"},"alternateName":"Apfelpatient","potentialAction":[{"@type":"SearchAction","target":{"@type":"EntryPoint","urlTemplate":"https:\/\/www.apfelpatient.de\/?s={search_term_string}"},"query-input":{"@type":"PropertyValueSpecification","valueRequired":true,"valueName":"search_term_string"}}],"inLanguage":"en-US"},{"@type":["Person","Organization"],"@id":"https:\/\/www.apfelpatient.de\/#\/schema\/person\/7dc56ad6c8e9824b76d2c08d4c140e13","name":"Milan","logo":{"@id":"https:\/\/www.apfelpatient.de\/#\/schema\/person\/image\/"},"description":"Hello and welcome to my technology blog! As a big Apple fan, I report on everything to do with Apple: from the latest news and exciting rumors to helpful tips and tricks and detailed product tests. If you are as enthusiastic about technology as I am, you have come to the right place!","sameAs":["https:\/\/www.facebook.com\/apfelpatientOfficial","https:\/\/www.linkedin.com\/in\/milan-jovicic-42aa0231b"],"url":"https:\/\/www.apfelpatient.de\/en\/author\/apfeladmin"}]}},"_links":{"self":[{"href":"https:\/\/www.apfelpatient.de\/en\/wp-json\/wp\/v2\/posts\/45398","targetHints":{"allow":["GET"]}}],"collection":[{"href":"https:\/\/www.apfelpatient.de\/en\/wp-json\/wp\/v2\/posts"}],"about":[{"href":"https:\/\/www.apfelpatient.de\/en\/wp-json\/wp\/v2\/types\/post"}],"author":[{"embeddable":true,"href":"https:\/\/www.apfelpatient.de\/en\/wp-json\/wp\/v2\/users\/2"}],"replies":[{"embeddable":true,"href":"https:\/\/www.apfelpatient.de\/en\/wp-json\/wp\/v2\/comments?post=45398"}],"version-history":[{"count":0,"href":"https:\/\/www.apfelpatient.de\/en\/wp-json\/wp\/v2\/posts\/45398\/revisions"}],"wp:featuredmedia":[{"embeddable":true,"href":"https:\/\/www.apfelpatient.de\/en\/wp-json\/wp\/v2\/media\/45403"}],"wp:attachment":[{"href":"https:\/\/www.apfelpatient.de\/en\/wp-json\/wp\/v2\/media?parent=45398"}],"wp:term":[{"taxonomy":"category","embeddable":true,"href":"https:\/\/www.apfelpatient.de\/en\/wp-json\/wp\/v2\/categories?post=45398"},{"taxonomy":"post_tag","embeddable":true,"href":"https:\/\/www.apfelpatient.de\/en\/wp-json\/wp\/v2\/tags?post=45398"}],"curies":[{"name":"wp","href":"https:\/\/api.w.org\/{rel}","templated":true}]}}