{"id":45382,"date":"2024-06-30T16:33:23","date_gmt":"2024-06-30T14:33:23","guid":{"rendered":"https:\/\/www.apfelpatient.de\/?p=45382"},"modified":"2024-06-30T16:33:25","modified_gmt":"2024-06-30T14:33:25","slug":"apple-intelligence-and-vision-pro-integration-is-delayed","status":"publish","type":"post","link":"https:\/\/www.apfelpatient.de\/en\/rumors\/apple-intelligence-und-vision-pro-die-integration-verzoegert-sich","title":{"rendered":"Apple Intelligence and Vision Pro: Integration delayed"},"content":{"rendered":"<p class=\"has-drop-cap\"><strong>Apple Intelligence is just around the corner and could soon revolutionize the technology and productivity landscape. While Apple Intelligence is expected to launch this fall, there are interesting discussions about how and when this groundbreaking technology might be integrated into the Apple Vision Pro headset.<\/strong><\/p>\n\n\n\n<p>You&#039;ve probably heard of Apple Intelligence - Apple&#039;s latest development that takes artificial intelligence to the next level. This technology promises to fundamentally change the way we interact with our Apple devices. But how does Apple Intelligence fit into the Apple Vision Pro ecosystem?<\/p>\n\n\n\n<h4 class=\"wp-block-heading\" id=\"h-apple-intelligence-ein-uberblick\">Apple Intelligence: An Overview<\/h4>\n\n\n\n<p>Apple Intelligence is considered the next big step in Apple&#039;s technological development. With its launch in the next few weeks as a test version and general availability in the fall for devices running iPadOS 18, macOS Sequoia and iOS 18, this technology promises to take the user experience to a new level. The core function of Apple Intelligence is to offer personalized and intelligent solutions through machine learning and artificial intelligence.<\/p>\n\n\n\n<h4 class=\"wp-block-heading\" id=\"h-technische-spezifikationen-des-apple-vision-pro\">Technical specifications of the Apple Vision Pro<\/h4>\n\n\n\n<p>The Apple Vision Pro headset is a technical masterpiece that already boasts impressive specifications. Equipped with an M2 processor and 16 GB of RAM, it exceeds the requirements necessary for Apple Intelligence on a Mac. The headset&#039;s operating system, a variant of iPadOS, also supports the integration of this technology.<\/p>\n\n\n\n<h4 class=\"wp-block-heading\" id=\"h-herausforderungen-und-chancen\">Challenges and opportunities<\/h4>\n\n\n\n<p>Although the specifications of the Apple Vision Pro allow for the integration of Apple Intelligence, there are some challenges to overcome. One of the biggest hurdles is the user experience in the mixed reality environment. The complex interaction between virtual and real elements could make implementation difficult. Nevertheless, Apple positions the Vision Pro as a productivity device, which makes the integration of Apple Intelligence seem very sensible.<\/p>\n\n\n\n<h4 class=\"wp-block-heading\" id=\"h-cloud-computing-und-infrastruktur\">cloud computing and infrastructure<\/h4>\n\n\n\n<p>Another point that <a href=\"https:\/\/www.bloomberg.com\/news\/newsletters\/2024-06-30\/apple-s-longer-lasting-devices-ios-19-and-apple-intelligence-on-the-vision-pro-ly1jnrw4\" target=\"_blank\" rel=\"noreferrer noopener\">report<\/a> One of the concerns raised by Bloomberg is the strain on Apple&#039;s cloud computing infrastructure. However, fears that the rollout of Apple Intelligence would outpace capacity were quickly dismissed. Given the relatively low sales of the Vision Pro compared to other Apple devices, the strain on the infrastructure is considered manageable.<\/p>\n\n\n\n<h4 class=\"wp-block-heading\" id=\"h-zukunftsaussichten\">future prospects<\/h4>\n\n\n\n<p>Although Apple Intelligence will not be available on the Apple Vision Pro initially, there is hope for the future. Many of Apple Intelligence&#039;s features are not expected to be fully available until 2025 and will initially be limited to US English. This gives Apple plenty of time to further develop the technology and overcome any potential challenges.<\/p>\n\n\n\n<h3 class=\"wp-block-heading\" id=\"h-apple-vision-pro-und-apple-intelligence-ein-blick-in-die-zukunft\">Apple Vision Pro and Apple Intelligence: A Look into the Future<\/h3>\n\n\n\n<p>The introduction of Apple Intelligence marks a significant step in the evolution of Apple technology. Although its integration into the Apple Vision Pro headset presents some challenges, the technical specifications and its focus as a productivity device show that this development is quite realistic. Stay tuned to see how the technology develops over the next few years - the future of Apple Intelligence and Apple Vision Pro couldn&#039;t be more exciting. (Image: Apple)<\/p>\n\n\n\n<ul class=\"wp-block-list\">\n<li><a href=\"https:\/\/www.apfelpatient.de\/en\/rumors\/apple-starts-development-of-ios-19-with-codename-luck\">Apple starts development of iOS 19 with code name &quot;Luck&quot;<\/a><\/li>\n\n\n\n<li><a href=\"https:\/\/www.apfelpatient.de\/en\/rumors\/apple-vision-pro-new-cheaper-headset-in-planning\">Apple Vision Pro: New, more affordable headset in the planning stages<\/a><\/li>\n\n\n\n<li><a href=\"https:\/\/www.apfelpatient.de\/en\/news\/apple-and-the-eu-the-dispute-over-new-features\">Apple and the EU: The dispute over new features<\/a><\/li>\n\n\n\n<li><a href=\"https:\/\/www.apfelpatient.de\/en\/news\/apple-intelligence-in-europe-dma-rules-block-start\">Apple Intelligence in Europe: DMA rules block launch<\/a><\/li>\n<\/ul>\n\n\n\n<h6 class=\"wp-block-heading translation-block\" id=\"h-kennt-ihr-schon-unsere-amazon-storefront-dort-findet-ihr-eine-handverlesene-auswahl-von-diversen-produkten-f-r-euer-iphone-und-co-viel-spa-beim-st-bern\"><em>Have you already visited our Amazon Storefront? There you&#039;ll find a hand-picked selection of various products for your iPhone and other devices \u2013 <span class=\"has-inline-color has-vivid-red-color\"><a href=\"https:\/\/www.amazon.de\/shop\/apfelpatientofficial\" class=\"ek-link\" data-wpel-link=\"exclude\" rel=\"follow noopener\" target=\"_self\"><span style=\"text-decoration: underline\" class=\"ek-underline\">enjoy browsing<\/span><\/a> !<\/span><\/em><\/h6>\n\n\n\n<h6 class=\"wp-block-heading translation-block\" id=\"h-der-beitrag-enthalt-partnerlinks\">This post contains <a data-type=\"URL\" data-id=\"https:\/\/www.apfelpatient.de\/partnerprogramm\" href=\"https:\/\/www.apfelpatient.de\/en\/partner-program\" data-wpel-link=\"internal\" target=\"_self\">affiliate links<\/a>.<\/h6>","protected":false},"excerpt":{"rendered":"<p>Apple Intelligence is revolutionizing productivity. But when will it come to Vision Pro? Discover all the details and stay up to date.<\/p>","protected":false},"author":2,"featured_media":44968,"comment_status":"closed","ping_status":"closed","sticky":false,"template":"","format":"standard","meta":{"jnews-multi-image_gallery":[],"jnews_single_post":{"subtitle":"","format":"standard","video":"","gallery":"","source_name":"","source_url":"","via_name":"","via_url":"","override_template":"0","override":[{"template":"4","single_blog_custom":"","parallax":"1","fullscreen":"1","layout":"right-sidebar","sidebar":"default-sidebar","second_sidebar":"default-sidebar","sticky_sidebar":"1","share_position":"top","share_float_style":"share-monocrhome","show_share_counter":"0","show_view_counter":"0","show_featured":"1","show_post_meta":"1","show_post_author":"1","show_post_author_image":"1","show_post_date":"1","post_date_format":"default","post_date_format_custom":"Y\/m\/d","show_post_category":"1","show_post_reading_time":"0","post_reading_time_wpm":"300","post_calculate_word_method":"str_word_count","show_zoom_button":"0","zoom_button_out_step":"2","zoom_button_in_step":"3","show_post_tag":"1","show_prev_next_post":"1","show_popup_post":"1","number_popup_post":"1","show_author_box":"0","show_post_related":"0","show_inline_post_related":"0"}],"override_image_size":"0","image_override":[{"single_post_thumbnail_size":"crop-500","single_post_gallery_size":"crop-500"}],"trending_post":"0","trending_post_position":"meta","trending_post_label":"Trending","sponsored_post":"0","sponsored_post_label":"Sponsored by","sponsored_post_name":"","sponsored_post_url":"","sponsored_post_logo_enable":"0","sponsored_post_logo":"","sponsored_post_desc":"","disable_ad":"0"},"jnews_primary_category":{"id":"25","hide":""},"footnotes":""},"categories":[25],"tags":[34,1109,843,609,844],"class_list":["post-45382","post","type-post","status-publish","format-standard","has-post-thumbnail","hentry","category-rumors","tag-apple-dienste","tag-apple-intelligence","tag-apple-vision-pro","tag-apple-vr-ar","tag-visionos"],"yoast_head":"<!-- This site is optimized with the Yoast SEO Premium plugin v27.5 (Yoast SEO v27.5) - https:\/\/yoast.com\/product\/yoast-seo-premium-wordpress\/ -->\n<title>Apple Intelligence und Vision Pro: Die Integration verz\u00f6gert sich Apfelpatient<\/title>\n<meta name=\"description\" content=\"Apple Intelligence revolutioniert die Produktivit\u00e4t. Aber wann kommt es ins Vision Pro? Entdecke alle Details und bleib auf dem Laufenden.\" \/>\n<meta name=\"robots\" content=\"index, follow, max-snippet:-1, max-image-preview:large, max-video-preview:-1\" \/>\n<link rel=\"canonical\" href=\"https:\/\/www.apfelpatient.de\/en\/rumors\/apple-intelligence-and-vision-pro-integration-is-delayed\" \/>\n<meta property=\"og:locale\" content=\"en_US\" \/>\n<meta property=\"og:type\" content=\"article\" \/>\n<meta property=\"og:title\" content=\"Apple Intelligence und Vision Pro: Die Integration verz\u00f6gert sich\" \/>\n<meta property=\"og:description\" content=\"Apple Intelligence revolutioniert die Produktivit\u00e4t. Aber wann kommt es ins Vision Pro? Entdecke alle Details und bleib auf dem Laufenden.\" \/>\n<meta property=\"og:url\" content=\"https:\/\/www.apfelpatient.de\/en\/rumors\/apple-intelligence-and-vision-pro-integration-is-delayed\" \/>\n<meta property=\"og:site_name\" content=\"Apfelpatient\" \/>\n<meta property=\"article:publisher\" content=\"https:\/\/www.facebook.com\/apfelpatientOfficial\" \/>\n<meta property=\"article:author\" content=\"https:\/\/www.facebook.com\/apfelpatientOfficial\" \/>\n<meta property=\"article:published_time\" content=\"2024-06-30T14:33:23+00:00\" \/>\n<meta property=\"article:modified_time\" content=\"2024-06-30T14:33:25+00:00\" \/>\n<meta property=\"og:image\" content=\"https:\/\/www.apfelpatient.de\/wp-content\/uploads\/2024\/06\/Unbenannt-5-2.png\" \/>\n\t<meta property=\"og:image:width\" content=\"1600\" \/>\n\t<meta property=\"og:image:height\" content=\"896\" \/>\n\t<meta property=\"og:image:type\" content=\"image\/png\" \/>\n<meta name=\"author\" content=\"Milan\" \/>\n<meta name=\"twitter:card\" content=\"summary_large_image\" \/>\n<meta name=\"twitter:description\" content=\"Apple Intelligence revolutioniert die Produktivit\u00e4t. Aber wann kommt es ins Vision Pro? Entdecke alle Details und bleib auf dem Laufenden.\" \/>\n<meta name=\"twitter:label1\" content=\"Written by\" \/>\n\t<meta name=\"twitter:data1\" content=\"Milan\" \/>\n\t<meta name=\"twitter:label2\" content=\"Est. reading time\" \/>\n\t<meta name=\"twitter:data2\" content=\"4 minutes\" \/>\n<script type=\"application\/ld+json\" class=\"yoast-schema-graph\">{\"@context\":\"https:\\\/\\\/schema.org\",\"@graph\":[{\"@type\":\"NewsArticle\",\"@id\":\"https:\\\/\\\/www.apfelpatient.de\\\/rumors\\\/apple-intelligence-und-vision-pro-die-integration-verzoegert-sich#article\",\"isPartOf\":{\"@id\":\"https:\\\/\\\/www.apfelpatient.de\\\/rumors\\\/apple-intelligence-und-vision-pro-die-integration-verzoegert-sich\"},\"author\":{\"@type\":\"Organization\",\"@id\":\"https:\\\/\\\/www.apfelpatient.de\\\/en\\\/#organization\",\"name\":\"Apfelpatient\",\"url\":\"https:\\\/\\\/www.apfelpatient.de\\\/en\\\/\"},\"headline\":\"Apple Intelligence und Vision Pro: Die Integration verz\u00f6gert sich\",\"datePublished\":\"2024-06-30T14:33:23+00:00\",\"dateModified\":\"2024-06-30T14:33:25+00:00\",\"mainEntityOfPage\":{\"@id\":\"https:\\\/\\\/www.apfelpatient.de\\\/rumors\\\/apple-intelligence-und-vision-pro-die-integration-verzoegert-sich\"},\"wordCount\":568,\"publisher\":{\"@type\":\"Organization\",\"@id\":\"https:\\\/\\\/www.apfelpatient.de\\\/en\\\/#organization\",\"name\":\"Apfelpatient\",\"url\":\"https:\\\/\\\/www.apfelpatient.de\\\/en\\\/\"},\"image\":{\"@id\":\"https:\\\/\\\/www.apfelpatient.de\\\/rumors\\\/apple-intelligence-und-vision-pro-die-integration-verzoegert-sich#primaryimage\"},\"thumbnailUrl\":\"https:\\\/\\\/www.apfelpatient.de\\\/wp-content\\\/uploads\\\/2024\\\/06\\\/Unbenannt-5-2.png\",\"keywords\":[\"Apple Dienste\",\"Apple Intelligence\",\"Apple Vision Pro\",\"Apple VR\\\/AR\",\"visionOS\"],\"articleSection\":\"Rumors\",\"inLanguage\":\"en-US\",\"copyrightYear\":\"2024\",\"copyrightHolder\":{\"@id\":\"https:\\\/\\\/www.apfelpatient.de\\\/en\\\/#organization\"}},{\"@type\":\"WebPage\",\"@id\":\"https:\\\/\\\/www.apfelpatient.de\\\/rumors\\\/apple-intelligence-und-vision-pro-die-integration-verzoegert-sich\",\"url\":\"https:\\\/\\\/www.apfelpatient.de\\\/rumors\\\/apple-intelligence-und-vision-pro-die-integration-verzoegert-sich\",\"name\":\"Apple Intelligence und Vision Pro: Die Integration verz\u00f6gert sich Apfelpatient\",\"isPartOf\":{\"@id\":\"https:\\\/\\\/www.apfelpatient.de\\\/#website\"},\"primaryImageOfPage\":{\"@id\":\"https:\\\/\\\/www.apfelpatient.de\\\/rumors\\\/apple-intelligence-und-vision-pro-die-integration-verzoegert-sich#primaryimage\"},\"image\":{\"@id\":\"https:\\\/\\\/www.apfelpatient.de\\\/rumors\\\/apple-intelligence-und-vision-pro-die-integration-verzoegert-sich#primaryimage\"},\"thumbnailUrl\":\"https:\\\/\\\/www.apfelpatient.de\\\/wp-content\\\/uploads\\\/2024\\\/06\\\/Unbenannt-5-2.png\",\"datePublished\":\"2024-06-30T14:33:23+00:00\",\"dateModified\":\"2024-06-30T14:33:25+00:00\",\"description\":\"Apple Intelligence revolutioniert die Produktivit\u00e4t. Aber wann kommt es ins Vision Pro? Entdecke alle Details und bleib auf dem Laufenden.\",\"breadcrumb\":{\"@id\":\"https:\\\/\\\/www.apfelpatient.de\\\/rumors\\\/apple-intelligence-und-vision-pro-die-integration-verzoegert-sich#breadcrumb\"},\"inLanguage\":\"en-US\",\"potentialAction\":[{\"@type\":\"ReadAction\",\"target\":[\"https:\\\/\\\/www.apfelpatient.de\\\/rumors\\\/apple-intelligence-und-vision-pro-die-integration-verzoegert-sich\"]}]},{\"@type\":\"ImageObject\",\"inLanguage\":\"en-US\",\"@id\":\"https:\\\/\\\/www.apfelpatient.de\\\/rumors\\\/apple-intelligence-und-vision-pro-die-integration-verzoegert-sich#primaryimage\",\"url\":\"https:\\\/\\\/www.apfelpatient.de\\\/wp-content\\\/uploads\\\/2024\\\/06\\\/Unbenannt-5-2.png\",\"contentUrl\":\"https:\\\/\\\/www.apfelpatient.de\\\/wp-content\\\/uploads\\\/2024\\\/06\\\/Unbenannt-5-2.png\",\"width\":1600,\"height\":896,\"caption\":\"Bild: Apple\"},{\"@type\":\"BreadcrumbList\",\"@id\":\"https:\\\/\\\/www.apfelpatient.de\\\/rumors\\\/apple-intelligence-und-vision-pro-die-integration-verzoegert-sich#breadcrumb\",\"itemListElement\":[{\"@type\":\"ListItem\",\"position\":1,\"name\":\"Startseite\",\"item\":\"https:\\\/\\\/www.apfelpatient.de\\\/\"},{\"@type\":\"ListItem\",\"position\":2,\"name\":\"Apple Intelligence und Vision Pro: Die Integration verz\u00f6gert sich\"}]},{\"@type\":\"WebSite\",\"@id\":\"https:\\\/\\\/www.apfelpatient.de\\\/#website\",\"url\":\"https:\\\/\\\/www.apfelpatient.de\\\/\",\"name\":\"Apfelpatient\",\"description\":\"Alles rund um Apple!\",\"publisher\":{\"@type\":\"Organization\",\"@id\":\"https:\\\/\\\/www.apfelpatient.de\\\/en\\\/#organization\",\"name\":\"Apfelpatient\",\"url\":\"https:\\\/\\\/www.apfelpatient.de\\\/en\\\/\"},\"alternateName\":\"Apfelpatient\",\"potentialAction\":[{\"@type\":\"SearchAction\",\"target\":{\"@type\":\"EntryPoint\",\"urlTemplate\":\"https:\\\/\\\/www.apfelpatient.de\\\/?s={search_term_string}\"},\"query-input\":{\"@type\":\"PropertyValueSpecification\",\"valueRequired\":true,\"valueName\":\"search_term_string\"}}],\"inLanguage\":\"en-US\"},{\"@type\":[\"Person\",\"Organization\"],\"@id\":\"https:\\\/\\\/www.apfelpatient.de\\\/#\\\/schema\\\/person\\\/7dc56ad6c8e9824b76d2c08d4c140e13\",\"name\":\"Milan\",\"logo\":{\"@id\":\"https:\\\/\\\/www.apfelpatient.de\\\/#\\\/schema\\\/person\\\/image\\\/\"},\"description\":\"Hallo und herzlich willkommen auf meinem Technik-Blog! Als gro\u00dfer Apple-Fan berichte ich hier \u00fcber alles, was mit Apple zu tun hat: von den neuesten News und spannenden Ger\u00fcchten \u00fcber hilfreiche Tipps und Tricks bis hin zu ausf\u00fchrlichen Produkttests. Wenn du genauso technikbegeistert bist wie ich, bist du hier genau richtig!\",\"sameAs\":[\"https:\\\/\\\/www.facebook.com\\\/apfelpatientOfficial\",\"https:\\\/\\\/www.linkedin.com\\\/in\\\/milan-jovicic-42aa0231b\"],\"url\":\"https:\\\/\\\/www.apfelpatient.de\\\/en\\\/author\\\/apfeladmin\"}]}<\/script>\n<!-- \/ Yoast SEO Premium plugin. -->","yoast_head_json":{"title":"Apple Intelligence and Vision Pro: Integration delayed Apfelpatient","description":"Apple Intelligence is revolutionizing productivity. But when will it come to Vision Pro? Discover all the details and stay up to date.","robots":{"index":"index","follow":"follow","max-snippet":"max-snippet:-1","max-image-preview":"max-image-preview:large","max-video-preview":"max-video-preview:-1"},"canonical":"https:\/\/www.apfelpatient.de\/en\/rumors\/apple-intelligence-and-vision-pro-integration-is-delayed","og_locale":"en_US","og_type":"article","og_title":"Apple Intelligence und Vision Pro: Die Integration verz\u00f6gert sich","og_description":"Apple Intelligence revolutioniert die Produktivit\u00e4t. Aber wann kommt es ins Vision Pro? Entdecke alle Details und bleib auf dem Laufenden.","og_url":"https:\/\/www.apfelpatient.de\/en\/rumors\/apple-intelligence-and-vision-pro-integration-is-delayed","og_site_name":"Apfelpatient","article_publisher":"https:\/\/www.facebook.com\/apfelpatientOfficial","article_author":"https:\/\/www.facebook.com\/apfelpatientOfficial","article_published_time":"2024-06-30T14:33:23+00:00","article_modified_time":"2024-06-30T14:33:25+00:00","og_image":[{"width":1600,"height":896,"url":"https:\/\/www.apfelpatient.de\/wp-content\/uploads\/2024\/06\/Unbenannt-5-2.png","type":"image\/png"}],"author":"Milan","twitter_card":"summary_large_image","twitter_description":"Apple Intelligence revolutioniert die Produktivit\u00e4t. Aber wann kommt es ins Vision Pro? Entdecke alle Details und bleib auf dem Laufenden.","twitter_misc":{"Written by":"Milan","Est. reading time":"4 minutes"},"schema":{"@context":"https:\/\/schema.org","@graph":[{"@type":"NewsArticle","@id":"https:\/\/www.apfelpatient.de\/rumors\/apple-intelligence-und-vision-pro-die-integration-verzoegert-sich#article","isPartOf":{"@id":"https:\/\/www.apfelpatient.de\/rumors\/apple-intelligence-und-vision-pro-die-integration-verzoegert-sich"},"author":{"@type":"Organization","@id":"https:\/\/www.apfelpatient.de\/en\/#organization","name":"Apfelpatient","url":"https:\/\/www.apfelpatient.de\/en\/"},"headline":"Apple Intelligence und Vision Pro: Die Integration verz\u00f6gert sich","datePublished":"2024-06-30T14:33:23+00:00","dateModified":"2024-06-30T14:33:25+00:00","mainEntityOfPage":{"@id":"https:\/\/www.apfelpatient.de\/rumors\/apple-intelligence-und-vision-pro-die-integration-verzoegert-sich"},"wordCount":568,"publisher":{"@type":"Organization","@id":"https:\/\/www.apfelpatient.de\/en\/#organization","name":"Apfelpatient","url":"https:\/\/www.apfelpatient.de\/en\/"},"image":{"@id":"https:\/\/www.apfelpatient.de\/rumors\/apple-intelligence-und-vision-pro-die-integration-verzoegert-sich#primaryimage"},"thumbnailUrl":"https:\/\/www.apfelpatient.de\/wp-content\/uploads\/2024\/06\/Unbenannt-5-2.png","keywords":["Apple Dienste","Apple Intelligence","Apple Vision Pro","Apple VR\/AR","visionOS"],"articleSection":"Rumors","inLanguage":"en-US","copyrightYear":"2024","copyrightHolder":{"@id":"https:\/\/www.apfelpatient.de\/en\/#organization"}},{"@type":"WebPage","@id":"https:\/\/www.apfelpatient.de\/rumors\/apple-intelligence-und-vision-pro-die-integration-verzoegert-sich","url":"https:\/\/www.apfelpatient.de\/rumors\/apple-intelligence-und-vision-pro-die-integration-verzoegert-sich","name":"Apple Intelligence and Vision Pro: Integration delayed Apfelpatient","isPartOf":{"@id":"https:\/\/www.apfelpatient.de\/#website"},"primaryImageOfPage":{"@id":"https:\/\/www.apfelpatient.de\/rumors\/apple-intelligence-und-vision-pro-die-integration-verzoegert-sich#primaryimage"},"image":{"@id":"https:\/\/www.apfelpatient.de\/rumors\/apple-intelligence-und-vision-pro-die-integration-verzoegert-sich#primaryimage"},"thumbnailUrl":"https:\/\/www.apfelpatient.de\/wp-content\/uploads\/2024\/06\/Unbenannt-5-2.png","datePublished":"2024-06-30T14:33:23+00:00","dateModified":"2024-06-30T14:33:25+00:00","description":"Apple Intelligence is revolutionizing productivity. But when will it come to Vision Pro? Discover all the details and stay up to date.","breadcrumb":{"@id":"https:\/\/www.apfelpatient.de\/rumors\/apple-intelligence-und-vision-pro-die-integration-verzoegert-sich#breadcrumb"},"inLanguage":"en-US","potentialAction":[{"@type":"ReadAction","target":["https:\/\/www.apfelpatient.de\/rumors\/apple-intelligence-und-vision-pro-die-integration-verzoegert-sich"]}]},{"@type":"ImageObject","inLanguage":"en-US","@id":"https:\/\/www.apfelpatient.de\/rumors\/apple-intelligence-und-vision-pro-die-integration-verzoegert-sich#primaryimage","url":"https:\/\/www.apfelpatient.de\/wp-content\/uploads\/2024\/06\/Unbenannt-5-2.png","contentUrl":"https:\/\/www.apfelpatient.de\/wp-content\/uploads\/2024\/06\/Unbenannt-5-2.png","width":1600,"height":896,"caption":"Bild: Apple"},{"@type":"BreadcrumbList","@id":"https:\/\/www.apfelpatient.de\/rumors\/apple-intelligence-und-vision-pro-die-integration-verzoegert-sich#breadcrumb","itemListElement":[{"@type":"ListItem","position":1,"name":"Startseite","item":"https:\/\/www.apfelpatient.de\/"},{"@type":"ListItem","position":2,"name":"Apple Intelligence und Vision Pro: Die Integration verz\u00f6gert sich"}]},{"@type":"WebSite","@id":"https:\/\/www.apfelpatient.de\/#website","url":"https:\/\/www.apfelpatient.de\/","name":"apple patient","description":"Everything about Apple!","publisher":{"@type":"Organization","@id":"https:\/\/www.apfelpatient.de\/en\/#organization","name":"Apfelpatient","url":"https:\/\/www.apfelpatient.de\/en\/"},"alternateName":"Apfelpatient","potentialAction":[{"@type":"SearchAction","target":{"@type":"EntryPoint","urlTemplate":"https:\/\/www.apfelpatient.de\/?s={search_term_string}"},"query-input":{"@type":"PropertyValueSpecification","valueRequired":true,"valueName":"search_term_string"}}],"inLanguage":"en-US"},{"@type":["Person","Organization"],"@id":"https:\/\/www.apfelpatient.de\/#\/schema\/person\/7dc56ad6c8e9824b76d2c08d4c140e13","name":"Milan","logo":{"@id":"https:\/\/www.apfelpatient.de\/#\/schema\/person\/image\/"},"description":"Hello and welcome to my technology blog! As a big Apple fan, I report on everything to do with Apple: from the latest news and exciting rumors to helpful tips and tricks and detailed product tests. If you are as enthusiastic about technology as I am, you have come to the right place!","sameAs":["https:\/\/www.facebook.com\/apfelpatientOfficial","https:\/\/www.linkedin.com\/in\/milan-jovicic-42aa0231b"],"url":"https:\/\/www.apfelpatient.de\/en\/author\/apfeladmin"}]}},"_links":{"self":[{"href":"https:\/\/www.apfelpatient.de\/en\/wp-json\/wp\/v2\/posts\/45382","targetHints":{"allow":["GET"]}}],"collection":[{"href":"https:\/\/www.apfelpatient.de\/en\/wp-json\/wp\/v2\/posts"}],"about":[{"href":"https:\/\/www.apfelpatient.de\/en\/wp-json\/wp\/v2\/types\/post"}],"author":[{"embeddable":true,"href":"https:\/\/www.apfelpatient.de\/en\/wp-json\/wp\/v2\/users\/2"}],"replies":[{"embeddable":true,"href":"https:\/\/www.apfelpatient.de\/en\/wp-json\/wp\/v2\/comments?post=45382"}],"version-history":[{"count":0,"href":"https:\/\/www.apfelpatient.de\/en\/wp-json\/wp\/v2\/posts\/45382\/revisions"}],"wp:featuredmedia":[{"embeddable":true,"href":"https:\/\/www.apfelpatient.de\/en\/wp-json\/wp\/v2\/media\/44968"}],"wp:attachment":[{"href":"https:\/\/www.apfelpatient.de\/en\/wp-json\/wp\/v2\/media?parent=45382"}],"wp:term":[{"taxonomy":"category","embeddable":true,"href":"https:\/\/www.apfelpatient.de\/en\/wp-json\/wp\/v2\/categories?post=45382"},{"taxonomy":"post_tag","embeddable":true,"href":"https:\/\/www.apfelpatient.de\/en\/wp-json\/wp\/v2\/tags?post=45382"}],"curies":[{"name":"wp","href":"https:\/\/api.w.org\/{rel}","templated":true}]}}