{"id":45367,"date":"2024-06-28T16:02:30","date_gmt":"2024-06-28T14:02:30","guid":{"rendered":"https:\/\/www.apfelpatient.de\/?p=45367"},"modified":"2024-06-28T16:02:32","modified_gmt":"2024-06-28T14:02:32","slug":"apple-and-the-eu-the-dispute-over-new-features","status":"publish","type":"post","link":"https:\/\/www.apfelpatient.de\/en\/news\/apple-und-die-eu-der-streit-um-neue-funktionen","title":{"rendered":"Apple and the EU: The dispute over new features"},"content":{"rendered":"<p class=\"has-drop-cap\"><strong>In recent years, the European Union (EU) has repeatedly taken measures to regulate the dominance of large tech companies and ensure fair competition. The most recent example is the conflict between the EU and Apple regarding the introduction of Apple Intelligence and iPhone screen mirroring.<\/strong><\/p>\n\n\n\n<p>As an Apple product user, you&#039;ve probably heard about innovative features like Apple Intelligence and iPhone screen mirroring. But why aren&#039;t these being rolled out in the EU? The answer lies in a complex interplay of regulatory requirements and corporate strategies. Let&#039;s take a deeper look.<\/p>\n\n\n\n<h4 class=\"wp-block-heading\" id=\"h-apples-ankundigung-und-die-reaktionen-der-eu\">Apple&#039;s announcement and the EU&#039;s reactions<\/h4>\n\n\n\n<p>On June 21, 2024 <a href=\"https:\/\/www.apfelpatient.de\/en\/news\/apple-intelligence-in-europe-dma-rules-block-start\">quit<\/a> Apple announced that Apple Intelligence and iPhone screen mirroring will not be rolled out in the EU for now. Apple says security concerns related to the EU&#039;s Digital Markets Act (DMA) requirements are paramount. However, Apple stressed that it is willing to work with the European Commission to bring these features safely to the region.<\/p>\n\n\n\n<h4 class=\"wp-block-heading\" id=\"h-margrethe-vestagers-kritik\">Margrethe Vestager&#039;s criticism<\/h4>\n\n\n\n<p>EU Commissioner Margrethe Vestager <a href=\"https:\/\/www.youtube.com\/watch?v=GmQ5SsMFbsU\" target=\"_blank\" rel=\"noreferrer noopener\">expressed<\/a> was critical of Apple&#039;s decision. At the Forum Europe conference in Brussels, she described Apple&#039;s stance as an &quot;astonishing explanation&quot; for how anti-competitive the company was. She accused Apple of deliberately hindering competition by not introducing its new features in the EU.<\/p>\n\n\n\n<h4 class=\"wp-block-heading\" id=\"h-apples-sicherheitsbedenken\">Apple&#039;s security concerns<\/h4>\n\n\n\n<p>Apple argues that the DMA&#039;s interoperability requirements could jeopardize the integrity of its products. In particular, the company fears that users&#039; privacy and data security could be compromised by the measures required. One example is iPhone screen mirroring, which requires device notarization. This technology would be compromised by the DMA&#039;s requirements because it would also have to be compatible with Android devices.<\/p>\n\n\n\n<h4 class=\"wp-block-heading\" id=\"h-der-standpunkt-der-eu\">The EU&#039;s position<\/h4>\n\n\n\n<p>Despite Apple&#039;s concerns, the EU is sticking to its position. Vestager stated that the EU has serious problems with Apple&#039;s approach and continues to monitor compliance with the DMA critically. The EU had previously fined Apple almost 2 billion euros because the company allegedly favored its own Apple Music service.<\/p>\n\n\n\n<h4 class=\"wp-block-heading\" id=\"h-mogliche-entwicklungen\">Possible developments<\/h4>\n\n\n\n<p>It remains to be seen how the situation will develop. Apple has signaled that it wants to continue working on a solution to bring the new features to the EU without compromising user security. At the same time, the EU remains steadfast in its demand for fair competition.<\/p>\n\n\n\n<h3 class=\"wp-block-heading\" id=\"h-apple-und-die-eu-im-spannungsfeld-sicherheit-vs-fairer-wettbewerb\">Apple and the EU in tension: security vs. fair competition<\/h3>\n\n\n\n<p>The dispute between Apple and the EU shows how complex the regulation of large tech companies can be. While Apple points to security concerns, the EU insists on compliance with competition rules. It will be exciting to see how both sides will find a solution that ensures both user protection and fair competition. (Photo by NiroDesign \/ Bigstockphoto)<\/p>\n\n\n\n<ul class=\"wp-block-list\">\n<li><a href=\"https:\/\/www.apfelpatient.de\/en\/news\/apple-in-the-sights-of-the-eu-new-investigation-launched\">Apple in the EU&#039;s sights: New investigation launched<\/a><\/li>\n<\/ul>\n\n\n\n<h6 class=\"wp-block-heading translation-block\" id=\"h-kennt-ihr-schon-unsere-amazon-storefront-dort-findet-ihr-eine-handverlesene-auswahl-von-diversen-produkten-f-r-euer-iphone-und-co-viel-spa-beim-st-bern\"><em>Have you already visited our Amazon Storefront? There you&#039;ll find a hand-picked selection of various products for your iPhone and other devices \u2013 <span class=\"has-inline-color has-vivid-red-color\"><a href=\"https:\/\/www.amazon.de\/shop\/apfelpatientofficial\" class=\"ek-link\" data-wpel-link=\"exclude\" rel=\"follow noopener\" target=\"_self\"><span style=\"text-decoration: underline\" class=\"ek-underline\">enjoy browsing<\/span><\/a> !<\/span><\/em><\/h6>\n\n\n\n<h6 class=\"wp-block-heading translation-block\" id=\"h-der-beitrag-enthalt-partnerlinks\">This post contains <a data-type=\"URL\" data-id=\"https:\/\/www.apfelpatient.de\/partnerprogramm\" href=\"https:\/\/www.apfelpatient.de\/en\/partner-program\" data-wpel-link=\"internal\" target=\"_self\">affiliate links<\/a>.<\/h6>","protected":false},"excerpt":{"rendered":"<p>Apple and the EU: Why the new features are not available in the EU. Regulatory and security-related backgrounds.<\/p>","protected":false},"author":2,"featured_media":45133,"comment_status":"closed","ping_status":"closed","sticky":false,"template":"","format":"standard","meta":{"jnews-multi-image_gallery":[],"jnews_single_post":{"subtitle":"","format":"standard","video":"","gallery":"","source_name":"","source_url":"","via_name":"","via_url":"","override_template":"0","override":[{"template":"4","single_blog_custom":"","parallax":"1","fullscreen":"1","layout":"right-sidebar","sidebar":"default-sidebar","second_sidebar":"default-sidebar","sticky_sidebar":"1","share_position":"top","share_float_style":"share-monocrhome","show_share_counter":"0","show_view_counter":"0","show_featured":"1","show_post_meta":"1","show_post_author":"1","show_post_author_image":"1","show_post_date":"1","post_date_format":"default","post_date_format_custom":"Y\/m\/d","show_post_category":"1","show_post_reading_time":"0","post_reading_time_wpm":"300","post_calculate_word_method":"str_word_count","show_zoom_button":"0","zoom_button_out_step":"2","zoom_button_in_step":"3","show_post_tag":"1","show_prev_next_post":"1","show_popup_post":"1","number_popup_post":"1","show_author_box":"0","show_post_related":"0","show_inline_post_related":"0"}],"override_image_size":"0","image_override":[{"single_post_thumbnail_size":"crop-500","single_post_gallery_size":"crop-500"}],"trending_post":"0","trending_post_position":"meta","trending_post_label":"Trending","sponsored_post":"0","sponsored_post_label":"Sponsored by","sponsored_post_name":"","sponsored_post_url":"","sponsored_post_logo_enable":"0","sponsored_post_logo":"","sponsored_post_desc":"","disable_ad":"0"},"jnews_primary_category":{"id":"9","hide":""},"footnotes":""},"categories":[9],"tags":[3,854,33,855,4,856],"class_list":["post-45367","post","type-post","status-publish","format-standard","has-post-thumbnail","hentry","category-news","tag-ios","tag-ios-18","tag-ipados","tag-ipados-18","tag-macos","tag-macos-15"],"yoast_head":"<!-- This site is optimized with the Yoast SEO Premium plugin v27.5 (Yoast SEO v27.5) - https:\/\/yoast.com\/product\/yoast-seo-premium-wordpress\/ -->\n<title>Apple und die EU: Der Streit um neue Funktionen Apfelpatient<\/title>\n<meta name=\"description\" content=\"Apple und die EU: Warum die neuen Funktionen nicht in der EU verf\u00fcgbar sind. Regulatorische und sicherheitsrelevante Hintergr\u00fcnde.\" \/>\n<meta name=\"robots\" content=\"index, follow, max-snippet:-1, max-image-preview:large, max-video-preview:-1\" \/>\n<link rel=\"canonical\" href=\"https:\/\/www.apfelpatient.de\/en\/news\/apple-and-the-eu-the-dispute-over-new-features\" \/>\n<meta property=\"og:locale\" content=\"en_US\" \/>\n<meta property=\"og:type\" content=\"article\" \/>\n<meta property=\"og:title\" content=\"Apple und die EU: Der Streit um neue Funktionen\" \/>\n<meta property=\"og:description\" content=\"Apple und die EU: Warum die neuen Funktionen nicht in der EU verf\u00fcgbar sind. Regulatorische und sicherheitsrelevante Hintergr\u00fcnde.\" \/>\n<meta property=\"og:url\" content=\"https:\/\/www.apfelpatient.de\/en\/news\/apple-and-the-eu-the-dispute-over-new-features\" \/>\n<meta property=\"og:site_name\" content=\"Apfelpatient\" \/>\n<meta property=\"article:publisher\" content=\"https:\/\/www.facebook.com\/apfelpatientOfficial\" \/>\n<meta property=\"article:author\" content=\"https:\/\/www.facebook.com\/apfelpatientOfficial\" \/>\n<meta property=\"article:published_time\" content=\"2024-06-28T14:02:30+00:00\" \/>\n<meta property=\"article:modified_time\" content=\"2024-06-28T14:02:32+00:00\" \/>\n<meta property=\"og:image\" content=\"https:\/\/www.apfelpatient.de\/wp-content\/uploads\/2024\/06\/bigstock-European-Union-Law-Eu-Parliame-86474177.jpg\" \/>\n\t<meta property=\"og:image:width\" content=\"1600\" \/>\n\t<meta property=\"og:image:height\" content=\"969\" \/>\n\t<meta property=\"og:image:type\" content=\"image\/jpeg\" \/>\n<meta name=\"author\" content=\"Milan\" \/>\n<meta name=\"twitter:card\" content=\"summary_large_image\" \/>\n<meta name=\"twitter:description\" content=\"Apple und die EU: Warum die neuen Funktionen nicht in der EU verf\u00fcgbar sind. Regulatorische und sicherheitsrelevante Hintergr\u00fcnde.\" \/>\n<meta name=\"twitter:label1\" content=\"Written by\" \/>\n\t<meta name=\"twitter:data1\" content=\"Milan\" \/>\n\t<meta name=\"twitter:label2\" content=\"Est. reading time\" \/>\n\t<meta name=\"twitter:data2\" content=\"3 minutes\" \/>\n<script type=\"application\/ld+json\" class=\"yoast-schema-graph\">{\"@context\":\"https:\\\/\\\/schema.org\",\"@graph\":[{\"@type\":\"NewsArticle\",\"@id\":\"https:\\\/\\\/www.apfelpatient.de\\\/news\\\/apple-und-die-eu-der-streit-um-neue-funktionen#article\",\"isPartOf\":{\"@id\":\"https:\\\/\\\/www.apfelpatient.de\\\/news\\\/apple-und-die-eu-der-streit-um-neue-funktionen\"},\"author\":{\"@type\":\"Organization\",\"@id\":\"https:\\\/\\\/www.apfelpatient.de\\\/en\\\/#organization\",\"name\":\"Apfelpatient\",\"url\":\"https:\\\/\\\/www.apfelpatient.de\\\/en\\\/\"},\"headline\":\"Apple und die EU: Der Streit um neue Funktionen\",\"datePublished\":\"2024-06-28T14:02:30+00:00\",\"dateModified\":\"2024-06-28T14:02:32+00:00\",\"mainEntityOfPage\":{\"@id\":\"https:\\\/\\\/www.apfelpatient.de\\\/news\\\/apple-und-die-eu-der-streit-um-neue-funktionen\"},\"wordCount\":494,\"publisher\":{\"@type\":\"Organization\",\"@id\":\"https:\\\/\\\/www.apfelpatient.de\\\/en\\\/#organization\",\"name\":\"Apfelpatient\",\"url\":\"https:\\\/\\\/www.apfelpatient.de\\\/en\\\/\"},\"image\":{\"@id\":\"https:\\\/\\\/www.apfelpatient.de\\\/news\\\/apple-und-die-eu-der-streit-um-neue-funktionen#primaryimage\"},\"thumbnailUrl\":\"https:\\\/\\\/www.apfelpatient.de\\\/wp-content\\\/uploads\\\/2024\\\/06\\\/bigstock-European-Union-Law-Eu-Parliame-86474177.jpg\",\"keywords\":[\"iOS\",\"iOS 18\",\"iPadOS\",\"iPadOS 18\",\"macOS\",\"macOS 15\"],\"articleSection\":\"News\",\"inLanguage\":\"en-US\",\"copyrightYear\":\"2024\",\"copyrightHolder\":{\"@id\":\"https:\\\/\\\/www.apfelpatient.de\\\/en\\\/#organization\"}},{\"@type\":\"WebPage\",\"@id\":\"https:\\\/\\\/www.apfelpatient.de\\\/news\\\/apple-und-die-eu-der-streit-um-neue-funktionen\",\"url\":\"https:\\\/\\\/www.apfelpatient.de\\\/news\\\/apple-und-die-eu-der-streit-um-neue-funktionen\",\"name\":\"Apple und die EU: Der Streit um neue Funktionen Apfelpatient\",\"isPartOf\":{\"@id\":\"https:\\\/\\\/www.apfelpatient.de\\\/#website\"},\"primaryImageOfPage\":{\"@id\":\"https:\\\/\\\/www.apfelpatient.de\\\/news\\\/apple-und-die-eu-der-streit-um-neue-funktionen#primaryimage\"},\"image\":{\"@id\":\"https:\\\/\\\/www.apfelpatient.de\\\/news\\\/apple-und-die-eu-der-streit-um-neue-funktionen#primaryimage\"},\"thumbnailUrl\":\"https:\\\/\\\/www.apfelpatient.de\\\/wp-content\\\/uploads\\\/2024\\\/06\\\/bigstock-European-Union-Law-Eu-Parliame-86474177.jpg\",\"datePublished\":\"2024-06-28T14:02:30+00:00\",\"dateModified\":\"2024-06-28T14:02:32+00:00\",\"description\":\"Apple und die EU: Warum die neuen Funktionen nicht in der EU verf\u00fcgbar sind. Regulatorische und sicherheitsrelevante Hintergr\u00fcnde.\",\"breadcrumb\":{\"@id\":\"https:\\\/\\\/www.apfelpatient.de\\\/news\\\/apple-und-die-eu-der-streit-um-neue-funktionen#breadcrumb\"},\"inLanguage\":\"en-US\",\"potentialAction\":[{\"@type\":\"ReadAction\",\"target\":[\"https:\\\/\\\/www.apfelpatient.de\\\/news\\\/apple-und-die-eu-der-streit-um-neue-funktionen\"]}]},{\"@type\":\"ImageObject\",\"inLanguage\":\"en-US\",\"@id\":\"https:\\\/\\\/www.apfelpatient.de\\\/news\\\/apple-und-die-eu-der-streit-um-neue-funktionen#primaryimage\",\"url\":\"https:\\\/\\\/www.apfelpatient.de\\\/wp-content\\\/uploads\\\/2024\\\/06\\\/bigstock-European-Union-Law-Eu-Parliame-86474177.jpg\",\"contentUrl\":\"https:\\\/\\\/www.apfelpatient.de\\\/wp-content\\\/uploads\\\/2024\\\/06\\\/bigstock-European-Union-Law-Eu-Parliame-86474177.jpg\",\"width\":1600,\"height\":969,\"caption\":\"European Union law legislation and parliament concept with a 3d rendering of a gavel on a wooden desktop and the EU flag on background.\"},{\"@type\":\"BreadcrumbList\",\"@id\":\"https:\\\/\\\/www.apfelpatient.de\\\/news\\\/apple-und-die-eu-der-streit-um-neue-funktionen#breadcrumb\",\"itemListElement\":[{\"@type\":\"ListItem\",\"position\":1,\"name\":\"Startseite\",\"item\":\"https:\\\/\\\/www.apfelpatient.de\\\/\"},{\"@type\":\"ListItem\",\"position\":2,\"name\":\"Apple und die EU: Der Streit um neue Funktionen\"}]},{\"@type\":\"WebSite\",\"@id\":\"https:\\\/\\\/www.apfelpatient.de\\\/#website\",\"url\":\"https:\\\/\\\/www.apfelpatient.de\\\/\",\"name\":\"Apfelpatient\",\"description\":\"Alles rund um Apple!\",\"publisher\":{\"@type\":\"Organization\",\"@id\":\"https:\\\/\\\/www.apfelpatient.de\\\/en\\\/#organization\",\"name\":\"Apfelpatient\",\"url\":\"https:\\\/\\\/www.apfelpatient.de\\\/en\\\/\"},\"alternateName\":\"Apfelpatient\",\"potentialAction\":[{\"@type\":\"SearchAction\",\"target\":{\"@type\":\"EntryPoint\",\"urlTemplate\":\"https:\\\/\\\/www.apfelpatient.de\\\/?s={search_term_string}\"},\"query-input\":{\"@type\":\"PropertyValueSpecification\",\"valueRequired\":true,\"valueName\":\"search_term_string\"}}],\"inLanguage\":\"en-US\"},{\"@type\":[\"Person\",\"Organization\"],\"@id\":\"https:\\\/\\\/www.apfelpatient.de\\\/#\\\/schema\\\/person\\\/7dc56ad6c8e9824b76d2c08d4c140e13\",\"name\":\"Milan\",\"logo\":{\"@id\":\"https:\\\/\\\/www.apfelpatient.de\\\/#\\\/schema\\\/person\\\/image\\\/\"},\"description\":\"Hallo und herzlich willkommen auf meinem Technik-Blog! Als gro\u00dfer Apple-Fan berichte ich hier \u00fcber alles, was mit Apple zu tun hat: von den neuesten News und spannenden Ger\u00fcchten \u00fcber hilfreiche Tipps und Tricks bis hin zu ausf\u00fchrlichen Produkttests. Wenn du genauso technikbegeistert bist wie ich, bist du hier genau richtig!\",\"sameAs\":[\"https:\\\/\\\/www.facebook.com\\\/apfelpatientOfficial\",\"https:\\\/\\\/www.linkedin.com\\\/in\\\/milan-jovicic-42aa0231b\"],\"url\":\"https:\\\/\\\/www.apfelpatient.de\\\/en\\\/author\\\/apfeladmin\"}]}<\/script>\n<!-- \/ Yoast SEO Premium plugin. -->","yoast_head_json":{"title":"Apple and the EU: The dispute over new features Apfelpatient","description":"Apple and the EU: Why the new features are not available in the EU. Regulatory and security-related backgrounds.","robots":{"index":"index","follow":"follow","max-snippet":"max-snippet:-1","max-image-preview":"max-image-preview:large","max-video-preview":"max-video-preview:-1"},"canonical":"https:\/\/www.apfelpatient.de\/en\/news\/apple-and-the-eu-the-dispute-over-new-features","og_locale":"en_US","og_type":"article","og_title":"Apple und die EU: Der Streit um neue Funktionen","og_description":"Apple und die EU: Warum die neuen Funktionen nicht in der EU verf\u00fcgbar sind. Regulatorische und sicherheitsrelevante Hintergr\u00fcnde.","og_url":"https:\/\/www.apfelpatient.de\/en\/news\/apple-and-the-eu-the-dispute-over-new-features","og_site_name":"Apfelpatient","article_publisher":"https:\/\/www.facebook.com\/apfelpatientOfficial","article_author":"https:\/\/www.facebook.com\/apfelpatientOfficial","article_published_time":"2024-06-28T14:02:30+00:00","article_modified_time":"2024-06-28T14:02:32+00:00","og_image":[{"width":1600,"height":969,"url":"https:\/\/www.apfelpatient.de\/wp-content\/uploads\/2024\/06\/bigstock-European-Union-Law-Eu-Parliame-86474177.jpg","type":"image\/jpeg"}],"author":"Milan","twitter_card":"summary_large_image","twitter_description":"Apple und die EU: Warum die neuen Funktionen nicht in der EU verf\u00fcgbar sind. Regulatorische und sicherheitsrelevante Hintergr\u00fcnde.","twitter_misc":{"Written by":"Milan","Est. reading time":"3 minutes"},"schema":{"@context":"https:\/\/schema.org","@graph":[{"@type":"NewsArticle","@id":"https:\/\/www.apfelpatient.de\/news\/apple-und-die-eu-der-streit-um-neue-funktionen#article","isPartOf":{"@id":"https:\/\/www.apfelpatient.de\/news\/apple-und-die-eu-der-streit-um-neue-funktionen"},"author":{"@type":"Organization","@id":"https:\/\/www.apfelpatient.de\/en\/#organization","name":"Apfelpatient","url":"https:\/\/www.apfelpatient.de\/en\/"},"headline":"Apple und die EU: Der Streit um neue Funktionen","datePublished":"2024-06-28T14:02:30+00:00","dateModified":"2024-06-28T14:02:32+00:00","mainEntityOfPage":{"@id":"https:\/\/www.apfelpatient.de\/news\/apple-und-die-eu-der-streit-um-neue-funktionen"},"wordCount":494,"publisher":{"@type":"Organization","@id":"https:\/\/www.apfelpatient.de\/en\/#organization","name":"Apfelpatient","url":"https:\/\/www.apfelpatient.de\/en\/"},"image":{"@id":"https:\/\/www.apfelpatient.de\/news\/apple-und-die-eu-der-streit-um-neue-funktionen#primaryimage"},"thumbnailUrl":"https:\/\/www.apfelpatient.de\/wp-content\/uploads\/2024\/06\/bigstock-European-Union-Law-Eu-Parliame-86474177.jpg","keywords":["iOS","iOS 18","iPadOS","iPadOS 18","macOS","macOS 15"],"articleSection":"News","inLanguage":"en-US","copyrightYear":"2024","copyrightHolder":{"@id":"https:\/\/www.apfelpatient.de\/en\/#organization"}},{"@type":"WebPage","@id":"https:\/\/www.apfelpatient.de\/news\/apple-und-die-eu-der-streit-um-neue-funktionen","url":"https:\/\/www.apfelpatient.de\/news\/apple-und-die-eu-der-streit-um-neue-funktionen","name":"Apple and the EU: The dispute over new features Apfelpatient","isPartOf":{"@id":"https:\/\/www.apfelpatient.de\/#website"},"primaryImageOfPage":{"@id":"https:\/\/www.apfelpatient.de\/news\/apple-und-die-eu-der-streit-um-neue-funktionen#primaryimage"},"image":{"@id":"https:\/\/www.apfelpatient.de\/news\/apple-und-die-eu-der-streit-um-neue-funktionen#primaryimage"},"thumbnailUrl":"https:\/\/www.apfelpatient.de\/wp-content\/uploads\/2024\/06\/bigstock-European-Union-Law-Eu-Parliame-86474177.jpg","datePublished":"2024-06-28T14:02:30+00:00","dateModified":"2024-06-28T14:02:32+00:00","description":"Apple and the EU: Why the new features are not available in the EU. Regulatory and security-related backgrounds.","breadcrumb":{"@id":"https:\/\/www.apfelpatient.de\/news\/apple-und-die-eu-der-streit-um-neue-funktionen#breadcrumb"},"inLanguage":"en-US","potentialAction":[{"@type":"ReadAction","target":["https:\/\/www.apfelpatient.de\/news\/apple-und-die-eu-der-streit-um-neue-funktionen"]}]},{"@type":"ImageObject","inLanguage":"en-US","@id":"https:\/\/www.apfelpatient.de\/news\/apple-und-die-eu-der-streit-um-neue-funktionen#primaryimage","url":"https:\/\/www.apfelpatient.de\/wp-content\/uploads\/2024\/06\/bigstock-European-Union-Law-Eu-Parliame-86474177.jpg","contentUrl":"https:\/\/www.apfelpatient.de\/wp-content\/uploads\/2024\/06\/bigstock-European-Union-Law-Eu-Parliame-86474177.jpg","width":1600,"height":969,"caption":"European Union law legislation and parliament concept with a 3d rendering of a gavel on a wooden desktop and the EU flag on background."},{"@type":"BreadcrumbList","@id":"https:\/\/www.apfelpatient.de\/news\/apple-und-die-eu-der-streit-um-neue-funktionen#breadcrumb","itemListElement":[{"@type":"ListItem","position":1,"name":"Startseite","item":"https:\/\/www.apfelpatient.de\/"},{"@type":"ListItem","position":2,"name":"Apple und die EU: Der Streit um neue Funktionen"}]},{"@type":"WebSite","@id":"https:\/\/www.apfelpatient.de\/#website","url":"https:\/\/www.apfelpatient.de\/","name":"apple patient","description":"Everything about Apple!","publisher":{"@type":"Organization","@id":"https:\/\/www.apfelpatient.de\/en\/#organization","name":"Apfelpatient","url":"https:\/\/www.apfelpatient.de\/en\/"},"alternateName":"Apfelpatient","potentialAction":[{"@type":"SearchAction","target":{"@type":"EntryPoint","urlTemplate":"https:\/\/www.apfelpatient.de\/?s={search_term_string}"},"query-input":{"@type":"PropertyValueSpecification","valueRequired":true,"valueName":"search_term_string"}}],"inLanguage":"en-US"},{"@type":["Person","Organization"],"@id":"https:\/\/www.apfelpatient.de\/#\/schema\/person\/7dc56ad6c8e9824b76d2c08d4c140e13","name":"Milan","logo":{"@id":"https:\/\/www.apfelpatient.de\/#\/schema\/person\/image\/"},"description":"Hello and welcome to my technology blog! As a big Apple fan, I report on everything to do with Apple: from the latest news and exciting rumors to helpful tips and tricks and detailed product tests. If you are as enthusiastic about technology as I am, you have come to the right place!","sameAs":["https:\/\/www.facebook.com\/apfelpatientOfficial","https:\/\/www.linkedin.com\/in\/milan-jovicic-42aa0231b"],"url":"https:\/\/www.apfelpatient.de\/en\/author\/apfeladmin"}]}},"_links":{"self":[{"href":"https:\/\/www.apfelpatient.de\/en\/wp-json\/wp\/v2\/posts\/45367","targetHints":{"allow":["GET"]}}],"collection":[{"href":"https:\/\/www.apfelpatient.de\/en\/wp-json\/wp\/v2\/posts"}],"about":[{"href":"https:\/\/www.apfelpatient.de\/en\/wp-json\/wp\/v2\/types\/post"}],"author":[{"embeddable":true,"href":"https:\/\/www.apfelpatient.de\/en\/wp-json\/wp\/v2\/users\/2"}],"replies":[{"embeddable":true,"href":"https:\/\/www.apfelpatient.de\/en\/wp-json\/wp\/v2\/comments?post=45367"}],"version-history":[{"count":0,"href":"https:\/\/www.apfelpatient.de\/en\/wp-json\/wp\/v2\/posts\/45367\/revisions"}],"wp:featuredmedia":[{"embeddable":true,"href":"https:\/\/www.apfelpatient.de\/en\/wp-json\/wp\/v2\/media\/45133"}],"wp:attachment":[{"href":"https:\/\/www.apfelpatient.de\/en\/wp-json\/wp\/v2\/media?parent=45367"}],"wp:term":[{"taxonomy":"category","embeddable":true,"href":"https:\/\/www.apfelpatient.de\/en\/wp-json\/wp\/v2\/categories?post=45367"},{"taxonomy":"post_tag","embeddable":true,"href":"https:\/\/www.apfelpatient.de\/en\/wp-json\/wp\/v2\/tags?post=45367"}],"curies":[{"name":"wp","href":"https:\/\/api.w.org\/{rel}","templated":true}]}}