{"id":45246,"date":"2024-06-24T16:15:15","date_gmt":"2024-06-24T14:15:15","guid":{"rendered":"https:\/\/www.apfelpatient.de\/?p=45246"},"modified":"2024-06-24T16:15:17","modified_gmt":"2024-06-24T14:15:17","slug":"apple-pencil-pro-users-report-glitches-and-failures","status":"publish","type":"post","link":"https:\/\/www.apfelpatient.de\/en\/news\/apple-pencil-pro-nutzer-berichten-von-stoerungen-und-ausfaellen","title":{"rendered":"Apple Pencil Pro: Users report disruptions and failures"},"content":{"rendered":"<p class=\"has-drop-cap\"><strong>The Apple Pencil Pro was introduced as a new accessory for the iPad Air M2 and iPad Pro M4. With features such as rotation sensors and haptic feedback, it should significantly improve the user experience. However, there have been reports of technical issues affecting use.<\/strong><\/p>\n\n\n\n<p>Apple has launched two powerful tablets, the iPad Air M2 and the iPad Pro M4. One of the main features of this new generation of devices is the Apple Pencil Pro, which comes with advanced features such as rotation sensors and haptic feedback. However, despite these technological advances, users report connectivity issues and other technical difficulties that mar the user experience.<\/p>\n\n\n\n<h3 class=\"wp-block-heading\" id=\"h-probleme-des-apple-pencil-pro-im-detail\">Apple Pencil Pro problems in detail<\/h3>\n\n\n\n<h4 class=\"wp-block-heading\" id=\"h-verbindungsabbruche-und-ihre-auswirkungen\">Disconnections and their Effects<\/h4>\n\n\n\n<p>Reports in online forums such as <a href=\"https:\/\/www.reddit.com\/r\/ipad\/comments\/1csidyo\/apple_pencil_pro_not_working\/?rdt=63472\" target=\"_blank\" rel=\"noreferrer noopener\">Reddit<\/a> and the <a href=\"https:\/\/discussions.apple.com\/thread\/255614729?sortBy=best\" target=\"_blank\" rel=\"noreferrer noopener\">Apple Support Forum<\/a> indicate repeated disconnections of the Apple Pencil Pro. Users report that the pencil is initially recognized, but the connection suddenly drops for no apparent reason. These disconnections often occur while writing or drawing, affecting productivity. In some cases, the Apple Pencil Pro disappears completely from the Bluetooth menu and the Find My app, and even reattaching it to the tablet does not restore the connection.<\/p>\n\n\n\n<h4 class=\"wp-block-heading\" id=\"h-auswirkungen-auf-die-nutzung\">Impact on use<\/h4>\n\n\n\n<p>The connection problems are not only annoying but also hindering for users who use the pen for professional or creative work. Repeated interruptions can significantly disrupt the workflow and lead to frustration.<\/p>\n\n\n\n<h4 class=\"wp-block-heading\" id=\"h-probleme-mit-den-gesten\">problems with gestures<\/h4>\n\n\n\n<p>In addition to the disconnections, users are reporting issues with the Apple Pencil Pro&#039;s double-tap and press gestures. Despite being correctly configured in the settings, these gestures do not work reliably. Users notice that the settings are sometimes reset, which affects the usability. These issues occur on both the iPad Air M2 and the iPad Pro M4.<\/p>\n\n\n\n<h4 class=\"wp-block-heading\" id=\"h-potenzielle-losungen-und-updates\">Potential solutions and updates<\/h4>\n\n\n\n<p>There is hope that Apple can fix these issues through future software updates. Both iPadOS and firmware updates could help resolve the connectivity and gesture issues and make the Apple Pencil Pro fully functional again.<\/p>\n\n\n\n<h3 class=\"wp-block-heading\" id=\"h-ausblick-auf-verbesserungen\">Outlook for Improvements<\/h3>\n\n\n\n<p>The Apple Pencil Pro has the potential to be a useful tool for many iPad users. Its innovative features and integration with the latest iPad models make it an attractive addition. However, current connection problems and gesture errors affect the user experience. It remains to be seen how quickly Apple can fix these problems with updates. Until then, users should use official support channels and watch out for possible temporary solutions. Overall, the Apple Pencil Pro shows that even advanced technology must be continuously improved to ensure an optimal user experience. (Image: Apple)<\/p>\n\n\n\n<ul class=\"wp-block-list\">\n<li><a href=\"https:\/\/www.apfelpatient.de\/en\/news\/apple-in-the-sights-of-the-eu-new-investigation-launched\">Apple in the EU&#039;s sights: New investigation launched<\/a><\/li>\n\n\n\n<li><a href=\"https:\/\/www.apfelpatient.de\/en\/rumors\/apple-in-talks-with-meta-ki-about-the-future-of-ios-18\">Apple in talks with Meta: AI future of iOS 18<\/a><\/li>\n\n\n\n<li><a href=\"https:\/\/www.apfelpatient.de\/en\/rumors\/apple-m4-upgrade-for-mac-pro-and-mac-studio-delayed\">Apple M4 upgrade for Mac Pro and Mac Studio delayed<\/a><\/li>\n<\/ul>\n\n\n\n<h6 class=\"wp-block-heading translation-block\" id=\"h-kennt-ihr-schon-unsere-amazon-storefront-dort-findet-ihr-eine-handverlesene-auswahl-von-diversen-produkten-f-r-euer-iphone-und-co-viel-spa-beim-st-bern\"><em>Have you already visited our Amazon Storefront? There you&#039;ll find a hand-picked selection of various products for your iPhone and other devices \u2013 <span class=\"has-inline-color has-vivid-red-color\"><a href=\"https:\/\/www.amazon.de\/shop\/apfelpatientofficial\" class=\"ek-link\" data-wpel-link=\"exclude\" rel=\"follow noopener\" target=\"_self\"><span style=\"text-decoration: underline\" class=\"ek-underline\">enjoy browsing<\/span><\/a> !<\/span><\/em><\/h6>\n\n\n\n<h6 class=\"wp-block-heading translation-block\" id=\"h-der-beitrag-enthalt-partnerlinks\">This post contains <a data-type=\"URL\" data-id=\"https:\/\/www.apfelpatient.de\/partnerprogramm\" href=\"https:\/\/www.apfelpatient.de\/en\/partner-program\" data-wpel-link=\"internal\" target=\"_self\">affiliate links<\/a>.<\/h6>","protected":false},"excerpt":{"rendered":"<p>The Apple Pencil Pro impresses with its advanced features \u2013 reports of connection drops and technical issues cloud the picture.<\/p>","protected":false},"author":2,"featured_media":45247,"comment_status":"closed","ping_status":"closed","sticky":false,"template":"","format":"standard","meta":{"jnews-multi-image_gallery":[],"jnews_single_post":{"subtitle":"","format":"standard","video":"","gallery":"","source_name":"","source_url":"","via_name":"","via_url":"","override_template":"0","override":[{"template":"4","single_blog_custom":"","parallax":"1","fullscreen":"1","layout":"right-sidebar","sidebar":"default-sidebar","second_sidebar":"default-sidebar","sticky_sidebar":"1","share_position":"top","share_float_style":"share-monocrhome","show_share_counter":"0","show_view_counter":"0","show_featured":"1","show_post_meta":"1","show_post_author":"1","show_post_author_image":"1","show_post_date":"1","post_date_format":"default","post_date_format_custom":"Y\/m\/d","show_post_category":"1","show_post_reading_time":"0","post_reading_time_wpm":"300","show_zoom_button":"0","zoom_button_out_step":"2","zoom_button_in_step":"3","show_post_tag":"1","show_prev_next_post":"1","show_popup_post":"1","number_popup_post":"1","show_author_box":"0","show_post_related":"0","show_inline_post_related":"0"}],"override_image_size":"0","image_override":[{"single_post_thumbnail_size":"crop-500","single_post_gallery_size":"crop-500"}],"trending_post":"0","trending_post_position":"meta","trending_post_label":"Trending","sponsored_post":"0","sponsored_post_label":"Sponsored by","sponsored_post_name":"","sponsored_post_url":"","sponsored_post_logo_enable":"0","sponsored_post_logo":"","sponsored_post_desc":"","disable_ad":"0"},"jnews_primary_category":{"id":"9","hide":""},"footnotes":""},"categories":[9],"tags":[1099,18],"class_list":["post-45246","post","type-post","status-publish","format-standard","has-post-thumbnail","hentry","category-news","tag-apple-pencil-pro","tag-ipad"],"yoast_head":"<!-- This site is optimized with the Yoast SEO Premium plugin v27.5 (Yoast SEO v27.5) - https:\/\/yoast.com\/product\/yoast-seo-premium-wordpress\/ -->\n<title>Apple Pencil Pro: Nutzer berichten von St\u00f6rungen und Ausf\u00e4llen Apfelpatient<\/title>\n<meta name=\"description\" content=\"Der Apple Pencil Pro beeindruckt mit fortschrittlichen Funktionen - Berichte \u00fcber Verbindungsabbr\u00fcche &amp; technische Probleme tr\u00fcben das Bild.\" \/>\n<meta name=\"robots\" content=\"index, follow, max-snippet:-1, max-image-preview:large, max-video-preview:-1\" \/>\n<link rel=\"canonical\" href=\"https:\/\/www.apfelpatient.de\/en\/news\/apple-pencil-pro-users-report-glitches-and-failures\" \/>\n<meta property=\"og:locale\" content=\"en_US\" \/>\n<meta property=\"og:type\" content=\"article\" \/>\n<meta property=\"og:title\" content=\"Apple Pencil Pro: Nutzer berichten von St\u00f6rungen und Ausf\u00e4llen\" \/>\n<meta property=\"og:description\" content=\"Der Apple Pencil Pro beeindruckt mit fortschrittlichen Funktionen - Berichte \u00fcber Verbindungsabbr\u00fcche &amp; technische Probleme tr\u00fcben das Bild.\" \/>\n<meta property=\"og:url\" content=\"https:\/\/www.apfelpatient.de\/en\/news\/apple-pencil-pro-users-report-glitches-and-failures\" \/>\n<meta property=\"og:site_name\" content=\"Apfelpatient\" \/>\n<meta property=\"article:publisher\" content=\"https:\/\/www.facebook.com\/apfelpatientOfficial\" \/>\n<meta property=\"article:author\" content=\"https:\/\/www.facebook.com\/apfelpatientOfficial\" \/>\n<meta property=\"article:published_time\" content=\"2024-06-24T14:15:15+00:00\" \/>\n<meta property=\"article:modified_time\" content=\"2024-06-24T14:15:17+00:00\" \/>\n<meta property=\"og:image\" content=\"https:\/\/www.apfelpatient.de\/wp-content\/uploads\/2024\/06\/Apple-iPad-Pro-Apple-Pencil-Pro-240507.jpg\" \/>\n\t<meta property=\"og:image:width\" content=\"1600\" \/>\n\t<meta property=\"og:image:height\" content=\"900\" \/>\n\t<meta property=\"og:image:type\" content=\"image\/jpeg\" \/>\n<meta name=\"author\" content=\"Milan\" \/>\n<meta name=\"twitter:card\" content=\"summary_large_image\" \/>\n<meta name=\"twitter:description\" content=\"Der Apple Pencil Pro beeindruckt mit fortschrittlichen Funktionen - Berichte \u00fcber Verbindungsabbr\u00fcche &amp; technische Probleme tr\u00fcben das Bild.\" \/>\n<meta name=\"twitter:label1\" content=\"Written by\" \/>\n\t<meta name=\"twitter:data1\" content=\"Milan\" \/>\n\t<meta name=\"twitter:label2\" content=\"Est. reading time\" \/>\n\t<meta name=\"twitter:data2\" content=\"3 minutes\" \/>\n<script type=\"application\/ld+json\" class=\"yoast-schema-graph\">{\"@context\":\"https:\\\/\\\/schema.org\",\"@graph\":[{\"@type\":\"NewsArticle\",\"@id\":\"https:\\\/\\\/www.apfelpatient.de\\\/news\\\/apple-pencil-pro-nutzer-berichten-von-stoerungen-und-ausfaellen#article\",\"isPartOf\":{\"@id\":\"https:\\\/\\\/www.apfelpatient.de\\\/news\\\/apple-pencil-pro-nutzer-berichten-von-stoerungen-und-ausfaellen\"},\"author\":{\"@type\":\"Organization\",\"@id\":\"https:\\\/\\\/www.apfelpatient.de\\\/en\\\/#organization\",\"name\":\"Apfelpatient\",\"url\":\"https:\\\/\\\/www.apfelpatient.de\\\/en\\\/\"},\"headline\":\"Apple Pencil Pro: Nutzer berichten von St\u00f6rungen und Ausf\u00e4llen\",\"datePublished\":\"2024-06-24T14:15:15+00:00\",\"dateModified\":\"2024-06-24T14:15:17+00:00\",\"mainEntityOfPage\":{\"@id\":\"https:\\\/\\\/www.apfelpatient.de\\\/news\\\/apple-pencil-pro-nutzer-berichten-von-stoerungen-und-ausfaellen\"},\"wordCount\":496,\"publisher\":{\"@type\":\"Organization\",\"@id\":\"https:\\\/\\\/www.apfelpatient.de\\\/en\\\/#organization\",\"name\":\"Apfelpatient\",\"url\":\"https:\\\/\\\/www.apfelpatient.de\\\/en\\\/\"},\"image\":{\"@id\":\"https:\\\/\\\/www.apfelpatient.de\\\/news\\\/apple-pencil-pro-nutzer-berichten-von-stoerungen-und-ausfaellen#primaryimage\"},\"thumbnailUrl\":\"https:\\\/\\\/www.apfelpatient.de\\\/wp-content\\\/uploads\\\/2024\\\/06\\\/Apple-iPad-Pro-Apple-Pencil-Pro-240507.jpg\",\"keywords\":[\"Apple Pencil Pro\",\"iPad\"],\"articleSection\":\"News\",\"inLanguage\":\"en-US\",\"copyrightYear\":\"2024\",\"copyrightHolder\":{\"@id\":\"https:\\\/\\\/www.apfelpatient.de\\\/en\\\/#organization\"}},{\"@type\":\"WebPage\",\"@id\":\"https:\\\/\\\/www.apfelpatient.de\\\/news\\\/apple-pencil-pro-nutzer-berichten-von-stoerungen-und-ausfaellen\",\"url\":\"https:\\\/\\\/www.apfelpatient.de\\\/news\\\/apple-pencil-pro-nutzer-berichten-von-stoerungen-und-ausfaellen\",\"name\":\"Apple Pencil Pro: Nutzer berichten von St\u00f6rungen und Ausf\u00e4llen Apfelpatient\",\"isPartOf\":{\"@id\":\"https:\\\/\\\/www.apfelpatient.de\\\/#website\"},\"primaryImageOfPage\":{\"@id\":\"https:\\\/\\\/www.apfelpatient.de\\\/news\\\/apple-pencil-pro-nutzer-berichten-von-stoerungen-und-ausfaellen#primaryimage\"},\"image\":{\"@id\":\"https:\\\/\\\/www.apfelpatient.de\\\/news\\\/apple-pencil-pro-nutzer-berichten-von-stoerungen-und-ausfaellen#primaryimage\"},\"thumbnailUrl\":\"https:\\\/\\\/www.apfelpatient.de\\\/wp-content\\\/uploads\\\/2024\\\/06\\\/Apple-iPad-Pro-Apple-Pencil-Pro-240507.jpg\",\"datePublished\":\"2024-06-24T14:15:15+00:00\",\"dateModified\":\"2024-06-24T14:15:17+00:00\",\"description\":\"Der Apple Pencil Pro beeindruckt mit fortschrittlichen Funktionen - Berichte \u00fcber Verbindungsabbr\u00fcche & technische Probleme tr\u00fcben das Bild.\",\"breadcrumb\":{\"@id\":\"https:\\\/\\\/www.apfelpatient.de\\\/news\\\/apple-pencil-pro-nutzer-berichten-von-stoerungen-und-ausfaellen#breadcrumb\"},\"inLanguage\":\"en-US\",\"potentialAction\":[{\"@type\":\"ReadAction\",\"target\":[\"https:\\\/\\\/www.apfelpatient.de\\\/news\\\/apple-pencil-pro-nutzer-berichten-von-stoerungen-und-ausfaellen\"]}]},{\"@type\":\"ImageObject\",\"inLanguage\":\"en-US\",\"@id\":\"https:\\\/\\\/www.apfelpatient.de\\\/news\\\/apple-pencil-pro-nutzer-berichten-von-stoerungen-und-ausfaellen#primaryimage\",\"url\":\"https:\\\/\\\/www.apfelpatient.de\\\/wp-content\\\/uploads\\\/2024\\\/06\\\/Apple-iPad-Pro-Apple-Pencil-Pro-240507.jpg\",\"contentUrl\":\"https:\\\/\\\/www.apfelpatient.de\\\/wp-content\\\/uploads\\\/2024\\\/06\\\/Apple-iPad-Pro-Apple-Pencil-Pro-240507.jpg\",\"width\":1600,\"height\":900,\"caption\":\"Bild: Apple\"},{\"@type\":\"BreadcrumbList\",\"@id\":\"https:\\\/\\\/www.apfelpatient.de\\\/news\\\/apple-pencil-pro-nutzer-berichten-von-stoerungen-und-ausfaellen#breadcrumb\",\"itemListElement\":[{\"@type\":\"ListItem\",\"position\":1,\"name\":\"Startseite\",\"item\":\"https:\\\/\\\/www.apfelpatient.de\\\/\"},{\"@type\":\"ListItem\",\"position\":2,\"name\":\"Apple Pencil Pro: Nutzer berichten von St\u00f6rungen und Ausf\u00e4llen\"}]},{\"@type\":\"WebSite\",\"@id\":\"https:\\\/\\\/www.apfelpatient.de\\\/#website\",\"url\":\"https:\\\/\\\/www.apfelpatient.de\\\/\",\"name\":\"Apfelpatient\",\"description\":\"Alles rund um Apple!\",\"publisher\":{\"@type\":\"Organization\",\"@id\":\"https:\\\/\\\/www.apfelpatient.de\\\/en\\\/#organization\",\"name\":\"Apfelpatient\",\"url\":\"https:\\\/\\\/www.apfelpatient.de\\\/en\\\/\"},\"alternateName\":\"Apfelpatient\",\"potentialAction\":[{\"@type\":\"SearchAction\",\"target\":{\"@type\":\"EntryPoint\",\"urlTemplate\":\"https:\\\/\\\/www.apfelpatient.de\\\/?s={search_term_string}\"},\"query-input\":{\"@type\":\"PropertyValueSpecification\",\"valueRequired\":true,\"valueName\":\"search_term_string\"}}],\"inLanguage\":\"en-US\"},{\"@type\":[\"Person\",\"Organization\"],\"@id\":\"https:\\\/\\\/www.apfelpatient.de\\\/#\\\/schema\\\/person\\\/7dc56ad6c8e9824b76d2c08d4c140e13\",\"name\":\"Milan\",\"logo\":{\"@id\":\"https:\\\/\\\/www.apfelpatient.de\\\/#\\\/schema\\\/person\\\/image\\\/\"},\"description\":\"Hallo und herzlich willkommen auf meinem Technik-Blog! Als gro\u00dfer Apple-Fan berichte ich hier \u00fcber alles, was mit Apple zu tun hat: von den neuesten News und spannenden Ger\u00fcchten \u00fcber hilfreiche Tipps und Tricks bis hin zu ausf\u00fchrlichen Produkttests. Wenn du genauso technikbegeistert bist wie ich, bist du hier genau richtig!\",\"sameAs\":[\"https:\\\/\\\/www.facebook.com\\\/apfelpatientOfficial\",\"https:\\\/\\\/www.linkedin.com\\\/in\\\/milan-jovicic-42aa0231b\"],\"url\":\"https:\\\/\\\/www.apfelpatient.de\\\/en\\\/author\\\/apfeladmin\"}]}<\/script>\n<!-- \/ Yoast SEO Premium plugin. -->","yoast_head_json":{"title":"Apple Pencil Pro: Users report disruptions and failures Apfelpatient","description":"The Apple Pencil Pro impresses with advanced features - reports of connection drops and technical problems cloud the picture.","robots":{"index":"index","follow":"follow","max-snippet":"max-snippet:-1","max-image-preview":"max-image-preview:large","max-video-preview":"max-video-preview:-1"},"canonical":"https:\/\/www.apfelpatient.de\/en\/news\/apple-pencil-pro-users-report-glitches-and-failures","og_locale":"en_US","og_type":"article","og_title":"Apple Pencil Pro: Nutzer berichten von St\u00f6rungen und Ausf\u00e4llen","og_description":"Der Apple Pencil Pro beeindruckt mit fortschrittlichen Funktionen - Berichte \u00fcber Verbindungsabbr\u00fcche & technische Probleme tr\u00fcben das Bild.","og_url":"https:\/\/www.apfelpatient.de\/en\/news\/apple-pencil-pro-users-report-glitches-and-failures","og_site_name":"Apfelpatient","article_publisher":"https:\/\/www.facebook.com\/apfelpatientOfficial","article_author":"https:\/\/www.facebook.com\/apfelpatientOfficial","article_published_time":"2024-06-24T14:15:15+00:00","article_modified_time":"2024-06-24T14:15:17+00:00","og_image":[{"width":1600,"height":900,"url":"https:\/\/www.apfelpatient.de\/wp-content\/uploads\/2024\/06\/Apple-iPad-Pro-Apple-Pencil-Pro-240507.jpg","type":"image\/jpeg"}],"author":"Milan","twitter_card":"summary_large_image","twitter_description":"Der Apple Pencil Pro beeindruckt mit fortschrittlichen Funktionen - Berichte \u00fcber Verbindungsabbr\u00fcche & technische Probleme tr\u00fcben das Bild.","twitter_misc":{"Written by":"Milan","Est. reading time":"3 minutes"},"schema":{"@context":"https:\/\/schema.org","@graph":[{"@type":"NewsArticle","@id":"https:\/\/www.apfelpatient.de\/news\/apple-pencil-pro-nutzer-berichten-von-stoerungen-und-ausfaellen#article","isPartOf":{"@id":"https:\/\/www.apfelpatient.de\/news\/apple-pencil-pro-nutzer-berichten-von-stoerungen-und-ausfaellen"},"author":{"@type":"Organization","@id":"https:\/\/www.apfelpatient.de\/en\/#organization","name":"Apfelpatient","url":"https:\/\/www.apfelpatient.de\/en\/"},"headline":"Apple Pencil Pro: Nutzer berichten von St\u00f6rungen und Ausf\u00e4llen","datePublished":"2024-06-24T14:15:15+00:00","dateModified":"2024-06-24T14:15:17+00:00","mainEntityOfPage":{"@id":"https:\/\/www.apfelpatient.de\/news\/apple-pencil-pro-nutzer-berichten-von-stoerungen-und-ausfaellen"},"wordCount":496,"publisher":{"@type":"Organization","@id":"https:\/\/www.apfelpatient.de\/en\/#organization","name":"Apfelpatient","url":"https:\/\/www.apfelpatient.de\/en\/"},"image":{"@id":"https:\/\/www.apfelpatient.de\/news\/apple-pencil-pro-nutzer-berichten-von-stoerungen-und-ausfaellen#primaryimage"},"thumbnailUrl":"https:\/\/www.apfelpatient.de\/wp-content\/uploads\/2024\/06\/Apple-iPad-Pro-Apple-Pencil-Pro-240507.jpg","keywords":["Apple Pencil Pro","iPad"],"articleSection":"News","inLanguage":"en-US","copyrightYear":"2024","copyrightHolder":{"@id":"https:\/\/www.apfelpatient.de\/en\/#organization"}},{"@type":"WebPage","@id":"https:\/\/www.apfelpatient.de\/news\/apple-pencil-pro-nutzer-berichten-von-stoerungen-und-ausfaellen","url":"https:\/\/www.apfelpatient.de\/news\/apple-pencil-pro-nutzer-berichten-von-stoerungen-und-ausfaellen","name":"Apple Pencil Pro: Users report disruptions and failures Apfelpatient","isPartOf":{"@id":"https:\/\/www.apfelpatient.de\/#website"},"primaryImageOfPage":{"@id":"https:\/\/www.apfelpatient.de\/news\/apple-pencil-pro-nutzer-berichten-von-stoerungen-und-ausfaellen#primaryimage"},"image":{"@id":"https:\/\/www.apfelpatient.de\/news\/apple-pencil-pro-nutzer-berichten-von-stoerungen-und-ausfaellen#primaryimage"},"thumbnailUrl":"https:\/\/www.apfelpatient.de\/wp-content\/uploads\/2024\/06\/Apple-iPad-Pro-Apple-Pencil-Pro-240507.jpg","datePublished":"2024-06-24T14:15:15+00:00","dateModified":"2024-06-24T14:15:17+00:00","description":"The Apple Pencil Pro impresses with advanced features - reports of connection drops and technical problems cloud the picture.","breadcrumb":{"@id":"https:\/\/www.apfelpatient.de\/news\/apple-pencil-pro-nutzer-berichten-von-stoerungen-und-ausfaellen#breadcrumb"},"inLanguage":"en-US","potentialAction":[{"@type":"ReadAction","target":["https:\/\/www.apfelpatient.de\/news\/apple-pencil-pro-nutzer-berichten-von-stoerungen-und-ausfaellen"]}]},{"@type":"ImageObject","inLanguage":"en-US","@id":"https:\/\/www.apfelpatient.de\/news\/apple-pencil-pro-nutzer-berichten-von-stoerungen-und-ausfaellen#primaryimage","url":"https:\/\/www.apfelpatient.de\/wp-content\/uploads\/2024\/06\/Apple-iPad-Pro-Apple-Pencil-Pro-240507.jpg","contentUrl":"https:\/\/www.apfelpatient.de\/wp-content\/uploads\/2024\/06\/Apple-iPad-Pro-Apple-Pencil-Pro-240507.jpg","width":1600,"height":900,"caption":"Bild: Apple"},{"@type":"BreadcrumbList","@id":"https:\/\/www.apfelpatient.de\/news\/apple-pencil-pro-nutzer-berichten-von-stoerungen-und-ausfaellen#breadcrumb","itemListElement":[{"@type":"ListItem","position":1,"name":"Startseite","item":"https:\/\/www.apfelpatient.de\/"},{"@type":"ListItem","position":2,"name":"Apple Pencil Pro: Nutzer berichten von St\u00f6rungen und Ausf\u00e4llen"}]},{"@type":"WebSite","@id":"https:\/\/www.apfelpatient.de\/#website","url":"https:\/\/www.apfelpatient.de\/","name":"apple patient","description":"Everything about Apple!","publisher":{"@type":"Organization","@id":"https:\/\/www.apfelpatient.de\/en\/#organization","name":"Apfelpatient","url":"https:\/\/www.apfelpatient.de\/en\/"},"alternateName":"Apfelpatient","potentialAction":[{"@type":"SearchAction","target":{"@type":"EntryPoint","urlTemplate":"https:\/\/www.apfelpatient.de\/?s={search_term_string}"},"query-input":{"@type":"PropertyValueSpecification","valueRequired":true,"valueName":"search_term_string"}}],"inLanguage":"en-US"},{"@type":["Person","Organization"],"@id":"https:\/\/www.apfelpatient.de\/#\/schema\/person\/7dc56ad6c8e9824b76d2c08d4c140e13","name":"Milan","logo":{"@id":"https:\/\/www.apfelpatient.de\/#\/schema\/person\/image\/"},"description":"Hello and welcome to my technology blog! As a big Apple fan, I report on everything to do with Apple: from the latest news and exciting rumors to helpful tips and tricks and detailed product tests. If you are as enthusiastic about technology as I am, you have come to the right place!","sameAs":["https:\/\/www.facebook.com\/apfelpatientOfficial","https:\/\/www.linkedin.com\/in\/milan-jovicic-42aa0231b"],"url":"https:\/\/www.apfelpatient.de\/en\/author\/apfeladmin"}]}},"_links":{"self":[{"href":"https:\/\/www.apfelpatient.de\/en\/wp-json\/wp\/v2\/posts\/45246","targetHints":{"allow":["GET"]}}],"collection":[{"href":"https:\/\/www.apfelpatient.de\/en\/wp-json\/wp\/v2\/posts"}],"about":[{"href":"https:\/\/www.apfelpatient.de\/en\/wp-json\/wp\/v2\/types\/post"}],"author":[{"embeddable":true,"href":"https:\/\/www.apfelpatient.de\/en\/wp-json\/wp\/v2\/users\/2"}],"replies":[{"embeddable":true,"href":"https:\/\/www.apfelpatient.de\/en\/wp-json\/wp\/v2\/comments?post=45246"}],"version-history":[{"count":0,"href":"https:\/\/www.apfelpatient.de\/en\/wp-json\/wp\/v2\/posts\/45246\/revisions"}],"wp:featuredmedia":[{"embeddable":true,"href":"https:\/\/www.apfelpatient.de\/en\/wp-json\/wp\/v2\/media\/45247"}],"wp:attachment":[{"href":"https:\/\/www.apfelpatient.de\/en\/wp-json\/wp\/v2\/media?parent=45246"}],"wp:term":[{"taxonomy":"category","embeddable":true,"href":"https:\/\/www.apfelpatient.de\/en\/wp-json\/wp\/v2\/categories?post=45246"},{"taxonomy":"post_tag","embeddable":true,"href":"https:\/\/www.apfelpatient.de\/en\/wp-json\/wp\/v2\/tags?post=45246"}],"curies":[{"name":"wp","href":"https:\/\/api.w.org\/{rel}","templated":true}]}}