{"id":45204,"date":"2024-06-23T15:41:12","date_gmt":"2024-06-23T13:41:12","guid":{"rendered":"https:\/\/www.apfelpatient.de\/?p=45204"},"modified":"2024-06-23T15:41:13","modified_gmt":"2024-06-23T13:41:13","slug":"apple-m4-upgrade-for-mac-pro-and-mac-studio-delayed","status":"publish","type":"post","link":"https:\/\/www.apfelpatient.de\/en\/rumors\/apple-m4-upgrade-fuer-mac-pro-und-mac-studio-verzoegert-sich","title":{"rendered":"Apple M4 upgrade for Mac Pro and Mac Studio delayed"},"content":{"rendered":"<p class=\"has-drop-cap\"><strong>Apple fans and tech enthusiasts waiting to upgrade the powerful Mac Studio and Mac Pro may have to wait until the end of 2025. This news comes from a recent report detailing Apple&#039;s migration plans for the Mac product line to the new M4 chip.<\/strong><\/p>\n\n\n\n<p>Apple made a name for itself with the introduction of the M-series chips, taking the performance of its devices to new levels. The M1 and M2 chips brought significant improvements in speed and efficiency. Now the launch of the M4 chip is imminent, and expectations are high.<\/p>\n\n\n\n<h4 class=\"wp-block-heading\" id=\"h-der-migrationsprozess-auf-den-m4-chip\">The migration process to the M4 chip<\/h4>\n\n\n\n<p>According to a report by Bloomberg in the weekly Power On newsletter <a href=\"https:\/\/www.bloomberg.com\/news\/newsletters\/2024-06-23\/apple-vision-plans-cheaper-model-in-late-2025-vision-pro-2-in-2026-ar-glasses-lxrjk6wu\" target=\"_blank\" rel=\"noreferrer noopener\">published<\/a> , the migration of the Mac product line to the M4 chip will take longer than expected. It is speculated that the Pro-class Macs, such as the Mac Studio and Mac Pro, will not be updated until the end of this process. This means that these devices are not expected to hit the market until the second half of 2025.<\/p>\n\n\n\n<h4 class=\"wp-block-heading\" id=\"h-ruckblick-auf-die-vorherigen-updates\">Review of previous updates<\/h4>\n\n\n\n<p>The last update to the Mac Studio and Mac Pro came during WWDC 2023. At that time, the devices were equipped with the latest M2 chips, which caused excitement among users. The M3 chip was introduced in October 2023 with the Pro and Max versions, but the Ultra variant was slow to arrive. Even then, it took over a year for the Ultra version of the M1 to hit the market. A similar timeframe could also apply to the M4.<\/p>\n\n\n\n<h4 class=\"wp-block-heading\" id=\"h-grunde-fur-die-verzogerung\">Reasons for the delay<\/h4>\n\n\n\n<p>The delay in launching the M4 versions of Mac Studio and Mac Pro could be due to several reasons. On the one hand, Apple could give more time to develop and optimize the M4 chip to ensure that it can meet the high performance requirements of the Pro desktop devices. On the other hand, market demand plays a role. Relatively speaking, Apple sells fewer Mac Studio and Mac Pro compared to the popular MacBook Air and MacBook Pro series. Therefore, Apple could prioritize the devices that have a higher sales number.<\/p>\n\n\n\n<h3 class=\"wp-block-heading\" id=\"h-apple-ein-blick-auf-die-zukunft\">Apple: A Look into the Future<\/h3>\n\n\n\n<p>While the delay may be frustrating, there is still reason to be excited. Apple has proven in the past that it is worth the wait. The continuous improvement of chips and the integration of advanced technologies mean that the future M4 versions of the Mac Studio and Mac Pro will likely offer impressive performance improvements. Users can look forward to even faster data processing, better power efficiency and possibly new features specifically tailored to the needs of professional users. (Photo by Unsplash \/ Iewek Gnos)<\/p>\n\n\n\n<ul class=\"wp-block-list\">\n<li><a href=\"https:\/\/www.apfelpatient.de\/en\/generally\/the-foldable-macbook-what-can-we-expect-from-apple\">The foldable MacBook: What can we expect from Apple?<\/a><\/li>\n\n\n\n<li><a href=\"https:\/\/www.apfelpatient.de\/en\/generally\/apples-next-generation-insight-into-mac-pro-and-mac-studio\">Apple&#039;s next generation: Insight into Mac Pro and Mac Studio<\/a><\/li>\n\n\n\n<li><a href=\"https:\/\/www.apfelpatient.de\/en\/generally\/the-macbook-pro-m4-series-from-apple-what-to-expect\">Apple&#039;s MacBook Pro M4 lineup: What to expect<\/a><\/li>\n\n\n\n<li><a href=\"https:\/\/www.apfelpatient.de\/en\/generally\/apples-m4-mac-studio-what-is-known-so-far\">Apple&#039;s M4 Mac Studio: What is known so far<\/a><\/li>\n\n\n\n<li><a href=\"https:\/\/www.apfelpatient.de\/en\/generally\/apples-m4-mac-pro-what-to-expect\">Apple&#039;s M4 Mac Pro: What to Expect<\/a><\/li>\n\n\n\n<li><a href=\"https:\/\/www.apfelpatient.de\/en\/generally\/apples-m4-macbook-air-what-to-expect\">Apple&#039;s M4 MacBook Air: What to Expect<\/a><\/li>\n\n\n\n<li><a href=\"https:\/\/www.apfelpatient.de\/en\/generally\/preview-apples-next-studio-and-pro-xdr-displays\">Preview: Apple&#039;s next Studio and Pro XDR displays<\/a><\/li>\n\n\n\n<li><a href=\"https:\/\/www.apfelpatient.de\/en\/generally\/apples-m4-mac-mini-what-we-know\">Apple&#039;s M4 Mac Mini: What we know<\/a><\/li>\n\n\n\n<li><a href=\"https:\/\/www.apfelpatient.de\/en\/generally\/apples-m4-imac-what-to-expect\">Apple&#039;s M4 iMac: What to Expect<\/a><\/li>\n<\/ul>\n\n\n\n<h6 class=\"wp-block-heading translation-block\" id=\"h-kennt-ihr-schon-unsere-amazon-storefront-dort-findet-ihr-eine-handverlesene-auswahl-von-diversen-produkten-f-r-euer-iphone-und-co-viel-spa-beim-st-bern\"><em>Have you already visited our Amazon Storefront? There you&#039;ll find a hand-picked selection of various products for your iPhone and other devices \u2013 <span class=\"has-inline-color has-vivid-red-color\"><a href=\"https:\/\/www.amazon.de\/shop\/apfelpatientofficial\" class=\"ek-link\" data-wpel-link=\"exclude\" rel=\"follow noopener\" target=\"_self\"><span style=\"text-decoration: underline\" class=\"ek-underline\">enjoy browsing<\/span><\/a> !<\/span><\/em><\/h6>\n\n\n\n<h6 class=\"wp-block-heading translation-block\" id=\"h-der-beitrag-enthalt-partnerlinks\">This post contains <a data-type=\"URL\" data-id=\"https:\/\/www.apfelpatient.de\/partnerprogramm\" href=\"https:\/\/www.apfelpatient.de\/en\/partner-program\" data-wpel-link=\"internal\" target=\"_self\">affiliate links<\/a>.<\/h6>","protected":false},"excerpt":{"rendered":"<p>Attention Apple fans: Mac Studio and Mac Pro with M4 chip won&#039;t be available until the end of 2025. Find out here why it&#039;s still worth the wait.<\/p>","protected":false},"author":2,"featured_media":45205,"comment_status":"closed","ping_status":"closed","sticky":false,"template":"","format":"standard","meta":{"jnews-multi-image_gallery":[],"jnews_single_post":{"subtitle":"","format":"standard","video":"","gallery":"","source_name":"","source_url":"","via_name":"","via_url":"","override_template":"0","override":[{"template":"4","single_blog_custom":"","parallax":"1","fullscreen":"1","layout":"right-sidebar","sidebar":"default-sidebar","second_sidebar":"default-sidebar","sticky_sidebar":"1","share_position":"top","share_float_style":"share-monocrhome","show_share_counter":"0","show_view_counter":"0","show_featured":"1","show_post_meta":"1","show_post_author":"1","show_post_author_image":"1","show_post_date":"1","post_date_format":"default","post_date_format_custom":"Y\/m\/d","show_post_category":"1","show_post_reading_time":"0","post_reading_time_wpm":"300","show_zoom_button":"0","zoom_button_out_step":"2","zoom_button_in_step":"3","show_post_tag":"1","show_prev_next_post":"1","show_popup_post":"1","number_popup_post":"1","show_author_box":"0","show_post_related":"0","show_inline_post_related":"0"}],"override_image_size":"0","image_override":[{"single_post_thumbnail_size":"crop-500","single_post_gallery_size":"crop-500"}],"trending_post":"0","trending_post_position":"meta","trending_post_label":"Trending","sponsored_post":"0","sponsored_post_label":"Sponsored by","sponsored_post_name":"","sponsored_post_url":"","sponsored_post_logo_enable":"0","sponsored_post_logo":"","sponsored_post_desc":"","disable_ad":"0"},"jnews_primary_category":{"id":"25","hide":""},"footnotes":""},"categories":[25],"tags":[40,234,704],"class_list":["post-45204","post","type-post","status-publish","format-standard","has-post-thumbnail","hentry","category-rumors","tag-mac","tag-mac-pro","tag-mac-studio"],"yoast_head":"<!-- This site is optimized with the Yoast SEO Premium plugin v27.5 (Yoast SEO v27.5) - https:\/\/yoast.com\/product\/yoast-seo-premium-wordpress\/ -->\n<title>Apple M4 Upgrade f\u00fcr Mac Pro und Mac Studio verz\u00f6gert sich Apfelpatient<\/title>\n<meta name=\"description\" content=\"Apple-Fans aufgepasst: Mac Studio und Mac Pro mit M4-Chip kommen erst Ende 2025. Warum sich das Warten trotzdem lohnt, erf\u00e4hrst du hier.\" \/>\n<meta name=\"robots\" content=\"index, follow, max-snippet:-1, max-image-preview:large, max-video-preview:-1\" \/>\n<link rel=\"canonical\" href=\"https:\/\/www.apfelpatient.de\/en\/rumors\/apple-m4-upgrade-for-mac-pro-and-mac-studio-delayed\" \/>\n<meta property=\"og:locale\" content=\"en_US\" \/>\n<meta property=\"og:type\" content=\"article\" \/>\n<meta property=\"og:title\" content=\"Apple M4 Upgrade f\u00fcr Mac Pro und Mac Studio verz\u00f6gert sich\" \/>\n<meta property=\"og:description\" content=\"Apple-Fans aufgepasst: Mac Studio und Mac Pro mit M4-Chip kommen erst Ende 2025. Warum sich das Warten trotzdem lohnt, erf\u00e4hrst du hier.\" \/>\n<meta property=\"og:url\" content=\"https:\/\/www.apfelpatient.de\/en\/rumors\/apple-m4-upgrade-for-mac-pro-and-mac-studio-delayed\" \/>\n<meta property=\"og:site_name\" content=\"Apfelpatient\" \/>\n<meta property=\"article:publisher\" content=\"https:\/\/www.facebook.com\/apfelpatientOfficial\" \/>\n<meta property=\"article:author\" content=\"https:\/\/www.facebook.com\/apfelpatientOfficial\" \/>\n<meta property=\"article:published_time\" content=\"2024-06-23T13:41:12+00:00\" \/>\n<meta property=\"article:modified_time\" content=\"2024-06-23T13:41:13+00:00\" \/>\n<meta property=\"og:image\" content=\"https:\/\/www.apfelpatient.de\/wp-content\/uploads\/2024\/06\/iewek-gnos-9W3XZElkyEI-unsplash.jpg\" \/>\n\t<meta property=\"og:image:width\" content=\"1600\" \/>\n\t<meta property=\"og:image:height\" content=\"977\" \/>\n\t<meta property=\"og:image:type\" content=\"image\/jpeg\" \/>\n<meta name=\"author\" content=\"Milan\" \/>\n<meta name=\"twitter:card\" content=\"summary_large_image\" \/>\n<meta name=\"twitter:description\" content=\"Apple-Fans aufgepasst: Mac Studio und Mac Pro mit M4-Chip kommen erst Ende 2025. Warum sich das Warten trotzdem lohnt, erf\u00e4hrst du hier.\" \/>\n<meta name=\"twitter:label1\" content=\"Written by\" \/>\n\t<meta name=\"twitter:data1\" content=\"Milan\" \/>\n\t<meta name=\"twitter:label2\" content=\"Est. reading time\" \/>\n\t<meta name=\"twitter:data2\" content=\"4 minutes\" \/>\n<script type=\"application\/ld+json\" class=\"yoast-schema-graph\">{\"@context\":\"https:\\\/\\\/schema.org\",\"@graph\":[{\"@type\":\"NewsArticle\",\"@id\":\"https:\\\/\\\/www.apfelpatient.de\\\/rumors\\\/apple-m4-upgrade-fuer-mac-pro-und-mac-studio-verzoegert-sich#article\",\"isPartOf\":{\"@id\":\"https:\\\/\\\/www.apfelpatient.de\\\/rumors\\\/apple-m4-upgrade-fuer-mac-pro-und-mac-studio-verzoegert-sich\"},\"author\":{\"@type\":\"Organization\",\"@id\":\"https:\\\/\\\/www.apfelpatient.de\\\/en\\\/#organization\",\"name\":\"Apfelpatient\",\"url\":\"https:\\\/\\\/www.apfelpatient.de\\\/en\\\/\"},\"headline\":\"Apple M4 Upgrade f\u00fcr Mac Pro und Mac Studio verz\u00f6gert sich\",\"datePublished\":\"2024-06-23T13:41:12+00:00\",\"dateModified\":\"2024-06-23T13:41:13+00:00\",\"mainEntityOfPage\":{\"@id\":\"https:\\\/\\\/www.apfelpatient.de\\\/rumors\\\/apple-m4-upgrade-fuer-mac-pro-und-mac-studio-verzoegert-sich\"},\"wordCount\":551,\"publisher\":{\"@type\":\"Organization\",\"@id\":\"https:\\\/\\\/www.apfelpatient.de\\\/en\\\/#organization\",\"name\":\"Apfelpatient\",\"url\":\"https:\\\/\\\/www.apfelpatient.de\\\/en\\\/\"},\"image\":{\"@id\":\"https:\\\/\\\/www.apfelpatient.de\\\/rumors\\\/apple-m4-upgrade-fuer-mac-pro-und-mac-studio-verzoegert-sich#primaryimage\"},\"thumbnailUrl\":\"https:\\\/\\\/www.apfelpatient.de\\\/wp-content\\\/uploads\\\/2024\\\/06\\\/iewek-gnos-9W3XZElkyEI-unsplash.jpg\",\"keywords\":[\"Mac\",\"Mac Pro\",\"Mac Studio\"],\"articleSection\":\"Rumors\",\"inLanguage\":\"en-US\",\"copyrightYear\":\"2024\",\"copyrightHolder\":{\"@id\":\"https:\\\/\\\/www.apfelpatient.de\\\/en\\\/#organization\"}},{\"@type\":\"WebPage\",\"@id\":\"https:\\\/\\\/www.apfelpatient.de\\\/rumors\\\/apple-m4-upgrade-fuer-mac-pro-und-mac-studio-verzoegert-sich\",\"url\":\"https:\\\/\\\/www.apfelpatient.de\\\/rumors\\\/apple-m4-upgrade-fuer-mac-pro-und-mac-studio-verzoegert-sich\",\"name\":\"Apple M4 Upgrade f\u00fcr Mac Pro und Mac Studio verz\u00f6gert sich Apfelpatient\",\"isPartOf\":{\"@id\":\"https:\\\/\\\/www.apfelpatient.de\\\/#website\"},\"primaryImageOfPage\":{\"@id\":\"https:\\\/\\\/www.apfelpatient.de\\\/rumors\\\/apple-m4-upgrade-fuer-mac-pro-und-mac-studio-verzoegert-sich#primaryimage\"},\"image\":{\"@id\":\"https:\\\/\\\/www.apfelpatient.de\\\/rumors\\\/apple-m4-upgrade-fuer-mac-pro-und-mac-studio-verzoegert-sich#primaryimage\"},\"thumbnailUrl\":\"https:\\\/\\\/www.apfelpatient.de\\\/wp-content\\\/uploads\\\/2024\\\/06\\\/iewek-gnos-9W3XZElkyEI-unsplash.jpg\",\"datePublished\":\"2024-06-23T13:41:12+00:00\",\"dateModified\":\"2024-06-23T13:41:13+00:00\",\"description\":\"Apple-Fans aufgepasst: Mac Studio und Mac Pro mit M4-Chip kommen erst Ende 2025. Warum sich das Warten trotzdem lohnt, erf\u00e4hrst du hier.\",\"breadcrumb\":{\"@id\":\"https:\\\/\\\/www.apfelpatient.de\\\/rumors\\\/apple-m4-upgrade-fuer-mac-pro-und-mac-studio-verzoegert-sich#breadcrumb\"},\"inLanguage\":\"en-US\",\"potentialAction\":[{\"@type\":\"ReadAction\",\"target\":[\"https:\\\/\\\/www.apfelpatient.de\\\/rumors\\\/apple-m4-upgrade-fuer-mac-pro-und-mac-studio-verzoegert-sich\"]}]},{\"@type\":\"ImageObject\",\"inLanguage\":\"en-US\",\"@id\":\"https:\\\/\\\/www.apfelpatient.de\\\/rumors\\\/apple-m4-upgrade-fuer-mac-pro-und-mac-studio-verzoegert-sich#primaryimage\",\"url\":\"https:\\\/\\\/www.apfelpatient.de\\\/wp-content\\\/uploads\\\/2024\\\/06\\\/iewek-gnos-9W3XZElkyEI-unsplash.jpg\",\"contentUrl\":\"https:\\\/\\\/www.apfelpatient.de\\\/wp-content\\\/uploads\\\/2024\\\/06\\\/iewek-gnos-9W3XZElkyEI-unsplash.jpg\",\"width\":1600,\"height\":977,\"caption\":\"Photo by Unsplash \\\/ Iewek Gnos\"},{\"@type\":\"BreadcrumbList\",\"@id\":\"https:\\\/\\\/www.apfelpatient.de\\\/rumors\\\/apple-m4-upgrade-fuer-mac-pro-und-mac-studio-verzoegert-sich#breadcrumb\",\"itemListElement\":[{\"@type\":\"ListItem\",\"position\":1,\"name\":\"Startseite\",\"item\":\"https:\\\/\\\/www.apfelpatient.de\\\/\"},{\"@type\":\"ListItem\",\"position\":2,\"name\":\"Apple M4 Upgrade f\u00fcr Mac Pro und Mac Studio verz\u00f6gert sich\"}]},{\"@type\":\"WebSite\",\"@id\":\"https:\\\/\\\/www.apfelpatient.de\\\/#website\",\"url\":\"https:\\\/\\\/www.apfelpatient.de\\\/\",\"name\":\"Apfelpatient\",\"description\":\"Alles rund um Apple!\",\"publisher\":{\"@type\":\"Organization\",\"@id\":\"https:\\\/\\\/www.apfelpatient.de\\\/en\\\/#organization\",\"name\":\"Apfelpatient\",\"url\":\"https:\\\/\\\/www.apfelpatient.de\\\/en\\\/\"},\"alternateName\":\"Apfelpatient\",\"potentialAction\":[{\"@type\":\"SearchAction\",\"target\":{\"@type\":\"EntryPoint\",\"urlTemplate\":\"https:\\\/\\\/www.apfelpatient.de\\\/?s={search_term_string}\"},\"query-input\":{\"@type\":\"PropertyValueSpecification\",\"valueRequired\":true,\"valueName\":\"search_term_string\"}}],\"inLanguage\":\"en-US\"},{\"@type\":[\"Person\",\"Organization\"],\"@id\":\"https:\\\/\\\/www.apfelpatient.de\\\/#\\\/schema\\\/person\\\/7dc56ad6c8e9824b76d2c08d4c140e13\",\"name\":\"Milan\",\"logo\":{\"@id\":\"https:\\\/\\\/www.apfelpatient.de\\\/#\\\/schema\\\/person\\\/image\\\/\"},\"description\":\"Hallo und herzlich willkommen auf meinem Technik-Blog! Als gro\u00dfer Apple-Fan berichte ich hier \u00fcber alles, was mit Apple zu tun hat: von den neuesten News und spannenden Ger\u00fcchten \u00fcber hilfreiche Tipps und Tricks bis hin zu ausf\u00fchrlichen Produkttests. Wenn du genauso technikbegeistert bist wie ich, bist du hier genau richtig!\",\"sameAs\":[\"https:\\\/\\\/www.facebook.com\\\/apfelpatientOfficial\",\"https:\\\/\\\/www.linkedin.com\\\/in\\\/milan-jovicic-42aa0231b\"],\"url\":\"https:\\\/\\\/www.apfelpatient.de\\\/en\\\/author\\\/apfeladmin\"}]}<\/script>\n<!-- \/ Yoast SEO Premium plugin. -->","yoast_head_json":{"title":"Apple M4 upgrade for Mac Pro and Mac Studio delayed Apfelpatient","description":"Attention Apple fans: Mac Studio and Mac Pro with M4 chip won&#039;t be available until the end of 2025. Find out here why it&#039;s still worth the wait.","robots":{"index":"index","follow":"follow","max-snippet":"max-snippet:-1","max-image-preview":"max-image-preview:large","max-video-preview":"max-video-preview:-1"},"canonical":"https:\/\/www.apfelpatient.de\/en\/rumors\/apple-m4-upgrade-for-mac-pro-and-mac-studio-delayed","og_locale":"en_US","og_type":"article","og_title":"Apple M4 Upgrade f\u00fcr Mac Pro und Mac Studio verz\u00f6gert sich","og_description":"Apple-Fans aufgepasst: Mac Studio und Mac Pro mit M4-Chip kommen erst Ende 2025. Warum sich das Warten trotzdem lohnt, erf\u00e4hrst du hier.","og_url":"https:\/\/www.apfelpatient.de\/en\/rumors\/apple-m4-upgrade-for-mac-pro-and-mac-studio-delayed","og_site_name":"Apfelpatient","article_publisher":"https:\/\/www.facebook.com\/apfelpatientOfficial","article_author":"https:\/\/www.facebook.com\/apfelpatientOfficial","article_published_time":"2024-06-23T13:41:12+00:00","article_modified_time":"2024-06-23T13:41:13+00:00","og_image":[{"width":1600,"height":977,"url":"https:\/\/www.apfelpatient.de\/wp-content\/uploads\/2024\/06\/iewek-gnos-9W3XZElkyEI-unsplash.jpg","type":"image\/jpeg"}],"author":"Milan","twitter_card":"summary_large_image","twitter_description":"Apple-Fans aufgepasst: Mac Studio und Mac Pro mit M4-Chip kommen erst Ende 2025. Warum sich das Warten trotzdem lohnt, erf\u00e4hrst du hier.","twitter_misc":{"Written by":"Milan","Est. reading time":"4 minutes"},"schema":{"@context":"https:\/\/schema.org","@graph":[{"@type":"NewsArticle","@id":"https:\/\/www.apfelpatient.de\/rumors\/apple-m4-upgrade-fuer-mac-pro-und-mac-studio-verzoegert-sich#article","isPartOf":{"@id":"https:\/\/www.apfelpatient.de\/rumors\/apple-m4-upgrade-fuer-mac-pro-und-mac-studio-verzoegert-sich"},"author":{"@type":"Organization","@id":"https:\/\/www.apfelpatient.de\/en\/#organization","name":"Apfelpatient","url":"https:\/\/www.apfelpatient.de\/en\/"},"headline":"Apple M4 Upgrade f\u00fcr Mac Pro und Mac Studio verz\u00f6gert sich","datePublished":"2024-06-23T13:41:12+00:00","dateModified":"2024-06-23T13:41:13+00:00","mainEntityOfPage":{"@id":"https:\/\/www.apfelpatient.de\/rumors\/apple-m4-upgrade-fuer-mac-pro-und-mac-studio-verzoegert-sich"},"wordCount":551,"publisher":{"@type":"Organization","@id":"https:\/\/www.apfelpatient.de\/en\/#organization","name":"Apfelpatient","url":"https:\/\/www.apfelpatient.de\/en\/"},"image":{"@id":"https:\/\/www.apfelpatient.de\/rumors\/apple-m4-upgrade-fuer-mac-pro-und-mac-studio-verzoegert-sich#primaryimage"},"thumbnailUrl":"https:\/\/www.apfelpatient.de\/wp-content\/uploads\/2024\/06\/iewek-gnos-9W3XZElkyEI-unsplash.jpg","keywords":["Mac","Mac Pro","Mac Studio"],"articleSection":"Rumors","inLanguage":"en-US","copyrightYear":"2024","copyrightHolder":{"@id":"https:\/\/www.apfelpatient.de\/en\/#organization"}},{"@type":"WebPage","@id":"https:\/\/www.apfelpatient.de\/rumors\/apple-m4-upgrade-fuer-mac-pro-und-mac-studio-verzoegert-sich","url":"https:\/\/www.apfelpatient.de\/rumors\/apple-m4-upgrade-fuer-mac-pro-und-mac-studio-verzoegert-sich","name":"Apple M4 upgrade for Mac Pro and Mac Studio delayed Apfelpatient","isPartOf":{"@id":"https:\/\/www.apfelpatient.de\/#website"},"primaryImageOfPage":{"@id":"https:\/\/www.apfelpatient.de\/rumors\/apple-m4-upgrade-fuer-mac-pro-und-mac-studio-verzoegert-sich#primaryimage"},"image":{"@id":"https:\/\/www.apfelpatient.de\/rumors\/apple-m4-upgrade-fuer-mac-pro-und-mac-studio-verzoegert-sich#primaryimage"},"thumbnailUrl":"https:\/\/www.apfelpatient.de\/wp-content\/uploads\/2024\/06\/iewek-gnos-9W3XZElkyEI-unsplash.jpg","datePublished":"2024-06-23T13:41:12+00:00","dateModified":"2024-06-23T13:41:13+00:00","description":"Attention Apple fans: Mac Studio and Mac Pro with M4 chip won&#039;t be available until the end of 2025. Find out here why it&#039;s still worth the wait.","breadcrumb":{"@id":"https:\/\/www.apfelpatient.de\/rumors\/apple-m4-upgrade-fuer-mac-pro-und-mac-studio-verzoegert-sich#breadcrumb"},"inLanguage":"en-US","potentialAction":[{"@type":"ReadAction","target":["https:\/\/www.apfelpatient.de\/rumors\/apple-m4-upgrade-fuer-mac-pro-und-mac-studio-verzoegert-sich"]}]},{"@type":"ImageObject","inLanguage":"en-US","@id":"https:\/\/www.apfelpatient.de\/rumors\/apple-m4-upgrade-fuer-mac-pro-und-mac-studio-verzoegert-sich#primaryimage","url":"https:\/\/www.apfelpatient.de\/wp-content\/uploads\/2024\/06\/iewek-gnos-9W3XZElkyEI-unsplash.jpg","contentUrl":"https:\/\/www.apfelpatient.de\/wp-content\/uploads\/2024\/06\/iewek-gnos-9W3XZElkyEI-unsplash.jpg","width":1600,"height":977,"caption":"Photo by Unsplash \/ Iewek Gnos"},{"@type":"BreadcrumbList","@id":"https:\/\/www.apfelpatient.de\/rumors\/apple-m4-upgrade-fuer-mac-pro-und-mac-studio-verzoegert-sich#breadcrumb","itemListElement":[{"@type":"ListItem","position":1,"name":"Startseite","item":"https:\/\/www.apfelpatient.de\/"},{"@type":"ListItem","position":2,"name":"Apple M4 Upgrade f\u00fcr Mac Pro und Mac Studio verz\u00f6gert sich"}]},{"@type":"WebSite","@id":"https:\/\/www.apfelpatient.de\/#website","url":"https:\/\/www.apfelpatient.de\/","name":"apple patient","description":"Everything about Apple!","publisher":{"@type":"Organization","@id":"https:\/\/www.apfelpatient.de\/en\/#organization","name":"Apfelpatient","url":"https:\/\/www.apfelpatient.de\/en\/"},"alternateName":"Apfelpatient","potentialAction":[{"@type":"SearchAction","target":{"@type":"EntryPoint","urlTemplate":"https:\/\/www.apfelpatient.de\/?s={search_term_string}"},"query-input":{"@type":"PropertyValueSpecification","valueRequired":true,"valueName":"search_term_string"}}],"inLanguage":"en-US"},{"@type":["Person","Organization"],"@id":"https:\/\/www.apfelpatient.de\/#\/schema\/person\/7dc56ad6c8e9824b76d2c08d4c140e13","name":"Milan","logo":{"@id":"https:\/\/www.apfelpatient.de\/#\/schema\/person\/image\/"},"description":"Hello and welcome to my technology blog! As a big Apple fan, I report on everything to do with Apple: from the latest news and exciting rumors to helpful tips and tricks and detailed product tests. If you are as enthusiastic about technology as I am, you have come to the right place!","sameAs":["https:\/\/www.facebook.com\/apfelpatientOfficial","https:\/\/www.linkedin.com\/in\/milan-jovicic-42aa0231b"],"url":"https:\/\/www.apfelpatient.de\/en\/author\/apfeladmin"}]}},"_links":{"self":[{"href":"https:\/\/www.apfelpatient.de\/en\/wp-json\/wp\/v2\/posts\/45204","targetHints":{"allow":["GET"]}}],"collection":[{"href":"https:\/\/www.apfelpatient.de\/en\/wp-json\/wp\/v2\/posts"}],"about":[{"href":"https:\/\/www.apfelpatient.de\/en\/wp-json\/wp\/v2\/types\/post"}],"author":[{"embeddable":true,"href":"https:\/\/www.apfelpatient.de\/en\/wp-json\/wp\/v2\/users\/2"}],"replies":[{"embeddable":true,"href":"https:\/\/www.apfelpatient.de\/en\/wp-json\/wp\/v2\/comments?post=45204"}],"version-history":[{"count":0,"href":"https:\/\/www.apfelpatient.de\/en\/wp-json\/wp\/v2\/posts\/45204\/revisions"}],"wp:featuredmedia":[{"embeddable":true,"href":"https:\/\/www.apfelpatient.de\/en\/wp-json\/wp\/v2\/media\/45205"}],"wp:attachment":[{"href":"https:\/\/www.apfelpatient.de\/en\/wp-json\/wp\/v2\/media?parent=45204"}],"wp:term":[{"taxonomy":"category","embeddable":true,"href":"https:\/\/www.apfelpatient.de\/en\/wp-json\/wp\/v2\/categories?post=45204"},{"taxonomy":"post_tag","embeddable":true,"href":"https:\/\/www.apfelpatient.de\/en\/wp-json\/wp\/v2\/tags?post=45204"}],"curies":[{"name":"wp","href":"https:\/\/api.w.org\/{rel}","templated":true}]}}